{"id":32729,"date":"2026-02-01T23:38:14","date_gmt":"2026-02-01T22:38:14","guid":{"rendered":"https:\/\/guineediversite.com\/?p=32729"},"modified":"2026-02-01T23:38:14","modified_gmt":"2026-02-01T22:38:14","slug":"reconnaissance-merite-a-madame-camara-djenabou-toure-directrice-generale-des-elections","status":"publish","type":"post","link":"https:\/\/guineediversite.com\/index.php\/2026\/02\/01\/reconnaissance-merite-a-madame-camara-djenabou-toure-directrice-generale-des-elections\/","title":{"rendered":"Reconnaissance m\u00e9rit\u00e9 \u00e0 madame Camara Djenabou Tour\u00e9, Directrice g\u00e9n\u00e9rale des \u00e9lections"},"content":{"rendered":"<p><strong>A Kindia, en marge de la cl\u00f4ture des travaux de l&rsquo;atelier national d&rsquo;\u00e9valuation des scrutins r\u00e9f\u00e9rendaire du 21 septembre et pr\u00e9sidentiel du 28 d\u00e9cembre 2025, tenus du 29 au 31 janvier 2026, la Directrice G\u00e9n\u00e9rale des \u00c9lections a \u00e9t\u00e9 honor\u00e9e par ses pairs de la soci\u00e9t\u00e9 civile Guin\u00e9enne.<\/strong><\/p>\n<p>Madame Camara Djenabou Tour\u00e9 a re\u00e7u le prix Ambassadrice de l\u2019inclusion et de la participation citoyenne devant l&rsquo;ensemble des autorit\u00e9s administratives de la r\u00e9gion de Kindia ainsi que les acteurs impliqu\u00e9s dans le processus \u00e9lectoral en R\u00e9publique de Guin\u00e9e.<\/p>\n<p>Cette distinction vient saluer un leadership remarquable, un sens \u00e9lev\u00e9 du devoir r\u00e9publicain et un engagement constant en faveur d\u2019un processus \u00e9lectoral inclusif, transparent et participatif. Sous sa conduite, l\u2019organe technique en charge des \u00e9lections a su relever avec professionnalisme et responsabilit\u00e9 les d\u00e9fis li\u00e9s aux scrutins r\u00e9f\u00e9rendaire et pr\u00e9sidentiel pass\u00e9s.<\/p>\n<p>Madame Camara Djenabou Tour\u00e9 s\u2019est particuli\u00e8rement illustr\u00e9e par sa capacit\u00e9 \u00e0 impliquer toutes les parties prenantes du processus \u00e9lectoral, en favorisant le dialogue, la concertation et la confiance entre les institutions, les acteurs politiques, la soci\u00e9t\u00e9 civile et les citoyens. Cette approche inclusive a contribu\u00e9 au renforcement de la d\u00e9mocratie et de la participation citoyenne en R\u00e9publique de Guin\u00e9e.<\/p>\n<p>Ce prix est non seulement une reconnaissance du travail accompli, mais aussi une source d\u2019inspiration pour toutes celles et tous ceux qui \u0153uvrent quotidiennement au service de la d\u00e9mocratie.<\/p>\n","protected":false},"excerpt":{"rendered":"<p>A Kindia, en marge de la cl\u00f4ture des travaux de l&rsquo;atelier national d&rsquo;\u00e9valuation des scrutins r\u00e9f\u00e9rendaire du 21 septembre et pr\u00e9sidentiel du 28 d\u00e9cembre 2025, tenus du 29 au 31 janvier 2026, la Directrice G\u00e9n\u00e9rale des \u00c9lections a \u00e9t\u00e9 honor\u00e9e par ses pairs de la soci\u00e9t\u00e9 civile Guin\u00e9enne. Madame Camara Djenabou Tour\u00e9 a re\u00e7u le [&hellip;]<\/p>\n","protected":false},"author":12,"featured_media":32730,"comment_status":"closed","ping_status":"open","sticky":false,"template":"","format":"standard","meta":{"_exactmetrics_skip_tracking":false,"_exactmetrics_sitenote_active":false,"_exactmetrics_sitenote_note":"","_exactmetrics_sitenote_category":0,"tdm_status":"","tdm_grid_status":"","footnotes":""},"categories":[254,14],"tags":[],"class_list":{"0":"post-32729","1":"post","2":"type-post","3":"status-publish","4":"format-standard","5":"has-post-thumbnail","7":"category-derniere-minute","8":"category-politique"},"yoast_head":"<!-- This site is optimized with the Yoast SEO plugin v24.2 - https:\/\/yoast.com\/wordpress\/plugins\/seo\/ -->\n<title>Reconnaissance m\u00e9rit\u00e9 \u00e0 madame Camara Djenabou Tour\u00e9, Directrice g\u00e9n\u00e9rale des \u00e9lections | Guin\u00e9e Diversit\u00e9<\/title>\n<meta name=\"robots\" content=\"index, follow, max-snippet:-1, max-image-preview:large, max-video-preview:-1\" \/>\n<link rel=\"canonical\" href=\"https:\/\/guineediversite.com\/index.php\/2026\/02\/01\/reconnaissance-merite-a-madame-camara-djenabou-toure-directrice-generale-des-elections\/\" \/>\n<meta property=\"og:locale\" content=\"fr_FR\" \/>\n<meta property=\"og:type\" content=\"article\" \/>\n<meta property=\"og:title\" content=\"Reconnaissance m\u00e9rit\u00e9 \u00e0 madame Camara Djenabou Tour\u00e9, Directrice g\u00e9n\u00e9rale des \u00e9lections | Guin\u00e9e Diversit\u00e9\" \/>\n<meta property=\"og:description\" content=\"A Kindia, en marge de la cl\u00f4ture des travaux de l&rsquo;atelier national d&rsquo;\u00e9valuation des scrutins r\u00e9f\u00e9rendaire du 21 septembre et pr\u00e9sidentiel du 28 d\u00e9cembre 2025, tenus du 29 au 31 janvier 2026, la Directrice G\u00e9n\u00e9rale des \u00c9lections a \u00e9t\u00e9 honor\u00e9e par ses pairs de la soci\u00e9t\u00e9 civile Guin\u00e9enne. Madame Camara Djenabou Tour\u00e9 a re\u00e7u le [&hellip;]\" \/>\n<meta property=\"og:url\" content=\"https:\/\/guineediversite.com\/index.php\/2026\/02\/01\/reconnaissance-merite-a-madame-camara-djenabou-toure-directrice-generale-des-elections\/\" \/>\n<meta property=\"og:site_name\" content=\"Guin\u00e9e Diversit\u00e9\" \/>\n<meta property=\"article:publisher\" content=\"https:\/\/www.facebook.com\/guineediversite\/\" \/>\n<meta property=\"article:published_time\" content=\"2026-02-01T22:38:14+00:00\" \/>\n<meta property=\"og:image\" content=\"https:\/\/guineediversite.com\/wp-content\/uploads\/2026\/02\/WhatsApp-Image-2026-02-01-at-20.34.28.jpeg\" \/>\n\t<meta property=\"og:image:width\" content=\"1440\" \/>\n\t<meta property=\"og:image:height\" content=\"960\" \/>\n\t<meta property=\"og:image:type\" content=\"image\/jpeg\" \/>\n<meta name=\"author\" content=\"Guin\u00e9e Diversit\u00e9\" \/>\n<meta name=\"twitter:card\" content=\"summary_large_image\" \/>\n<meta name=\"twitter:creator\" content=\"@GuineeDiversite\" \/>\n<meta name=\"twitter:site\" content=\"@GuineeDiversite\" \/>\n<meta name=\"twitter:label1\" content=\"\u00c9crit par\" \/>\n\t<meta name=\"twitter:data1\" content=\"Guin\u00e9e Diversit\u00e9\" \/>\n\t<meta name=\"twitter:label2\" content=\"Dur\u00e9e de lecture estim\u00e9e\" \/>\n\t<meta name=\"twitter:data2\" content=\"2 minutes\" \/>\n<script type=\"application\/ld+json\" class=\"yoast-schema-graph\">{\"@context\":\"https:\/\/schema.org\",\"@graph\":[{\"@type\":\"Article\",\"@id\":\"https:\/\/guineediversite.com\/index.php\/2026\/02\/01\/reconnaissance-merite-a-madame-camara-djenabou-toure-directrice-generale-des-elections\/#article\",\"isPartOf\":{\"@id\":\"https:\/\/guineediversite.com\/index.php\/2026\/02\/01\/reconnaissance-merite-a-madame-camara-djenabou-toure-directrice-generale-des-elections\/\"},\"author\":{\"name\":\"Guin\u00e9e Diversit\u00e9\",\"@id\":\"https:\/\/guineediversite.com\/#\/schema\/person\/afa08fb34e7fc6e1feafc892612bc836\"},\"headline\":\"Reconnaissance m\u00e9rit\u00e9 \u00e0 madame Camara Djenabou Tour\u00e9, Directrice g\u00e9n\u00e9rale des \u00e9lections\",\"datePublished\":\"2026-02-01T22:38:14+00:00\",\"dateModified\":\"2026-02-01T22:38:14+00:00\",\"mainEntityOfPage\":{\"@id\":\"https:\/\/guineediversite.com\/index.php\/2026\/02\/01\/reconnaissance-merite-a-madame-camara-djenabou-toure-directrice-generale-des-elections\/\"},\"wordCount\":270,\"publisher\":{\"@id\":\"https:\/\/guineediversite.com\/#organization\"},\"image\":{\"@id\":\"https:\/\/guineediversite.com\/index.php\/2026\/02\/01\/reconnaissance-merite-a-madame-camara-djenabou-toure-directrice-generale-des-elections\/#primaryimage\"},\"thumbnailUrl\":\"https:\/\/guineediversite.com\/wp-content\/uploads\/2026\/02\/WhatsApp-Image-2026-02-01-at-20.34.28.jpeg\",\"articleSection\":[\"Derni\u00e8re minute\",\"Politique\"],\"inLanguage\":\"fr-FR\"},{\"@type\":\"WebPage\",\"@id\":\"https:\/\/guineediversite.com\/index.php\/2026\/02\/01\/reconnaissance-merite-a-madame-camara-djenabou-toure-directrice-generale-des-elections\/\",\"url\":\"https:\/\/guineediversite.com\/index.php\/2026\/02\/01\/reconnaissance-merite-a-madame-camara-djenabou-toure-directrice-generale-des-elections\/\",\"name\":\"Reconnaissance m\u00e9rit\u00e9 \u00e0 madame Camara Djenabou Tour\u00e9, Directrice g\u00e9n\u00e9rale des \u00e9lections | Guin\u00e9e Diversit\u00e9\",\"isPartOf\":{\"@id\":\"https:\/\/guineediversite.com\/#website\"},\"primaryImageOfPage\":{\"@id\":\"https:\/\/guineediversite.com\/index.php\/2026\/02\/01\/reconnaissance-merite-a-madame-camara-djenabou-toure-directrice-generale-des-elections\/#primaryimage\"},\"image\":{\"@id\":\"https:\/\/guineediversite.com\/index.php\/2026\/02\/01\/reconnaissance-merite-a-madame-camara-djenabou-toure-directrice-generale-des-elections\/#primaryimage\"},\"thumbnailUrl\":\"https:\/\/guineediversite.com\/wp-content\/uploads\/2026\/02\/WhatsApp-Image-2026-02-01-at-20.34.28.jpeg\",\"datePublished\":\"2026-02-01T22:38:14+00:00\",\"dateModified\":\"2026-02-01T22:38:14+00:00\",\"breadcrumb\":{\"@id\":\"https:\/\/guineediversite.com\/index.php\/2026\/02\/01\/reconnaissance-merite-a-madame-camara-djenabou-toure-directrice-generale-des-elections\/#breadcrumb\"},\"inLanguage\":\"fr-FR\",\"potentialAction\":[{\"@type\":\"ReadAction\",\"target\":[\"https:\/\/guineediversite.com\/index.php\/2026\/02\/01\/reconnaissance-merite-a-madame-camara-djenabou-toure-directrice-generale-des-elections\/\"]}]},{\"@type\":\"ImageObject\",\"inLanguage\":\"fr-FR\",\"@id\":\"https:\/\/guineediversite.com\/index.php\/2026\/02\/01\/reconnaissance-merite-a-madame-camara-djenabou-toure-directrice-generale-des-elections\/#primaryimage\",\"url\":\"https:\/\/guineediversite.com\/wp-content\/uploads\/2026\/02\/WhatsApp-Image-2026-02-01-at-20.34.28.jpeg\",\"contentUrl\":\"https:\/\/guineediversite.com\/wp-content\/uploads\/2026\/02\/WhatsApp-Image-2026-02-01-at-20.34.28.jpeg\",\"width\":1440,\"height\":960},{\"@type\":\"BreadcrumbList\",\"@id\":\"https:\/\/guineediversite.com\/index.php\/2026\/02\/01\/reconnaissance-merite-a-madame-camara-djenabou-toure-directrice-generale-des-elections\/#breadcrumb\",\"itemListElement\":[{\"@type\":\"ListItem\",\"position\":1,\"name\":\"Accueil\",\"item\":\"https:\/\/guineediversite.com\/\"},{\"@type\":\"ListItem\",\"position\":2,\"name\":\"Reconnaissance m\u00e9rit\u00e9 \u00e0 madame Camara Djenabou Tour\u00e9, Directrice g\u00e9n\u00e9rale des \u00e9lections\"}]},{\"@type\":\"WebSite\",\"@id\":\"https:\/\/guineediversite.com\/#website\",\"url\":\"https:\/\/guineediversite.com\/\",\"name\":\"Guin\u00e9e Diversit\u00e9\",\"description\":\"L&#039;Info dans toute sa diversit\u00e9\",\"publisher\":{\"@id\":\"https:\/\/guineediversite.com\/#organization\"},\"potentialAction\":[{\"@type\":\"SearchAction\",\"target\":{\"@type\":\"EntryPoint\",\"urlTemplate\":\"https:\/\/guineediversite.com\/?s={search_term_string}\"},\"query-input\":{\"@type\":\"PropertyValueSpecification\",\"valueRequired\":true,\"valueName\":\"search_term_string\"}}],\"inLanguage\":\"fr-FR\"},{\"@type\":\"Organization\",\"@id\":\"https:\/\/guineediversite.com\/#organization\",\"name\":\"Guin\u00e9e Diversit\u00e9\",\"url\":\"https:\/\/guineediversite.com\/\",\"logo\":{\"@type\":\"ImageObject\",\"inLanguage\":\"fr-FR\",\"@id\":\"https:\/\/guineediversite.com\/#\/schema\/logo\/image\/\",\"url\":\"https:\/\/guineediversite.com\/wp-content\/uploads\/2017\/04\/cropped-1jojlxEOMkX9Wyqfhe43D6kjPOGqBBKmx3EwWJqZ0cMrFF54yM49.png\",\"contentUrl\":\"https:\/\/guineediversite.com\/wp-content\/uploads\/2017\/04\/cropped-1jojlxEOMkX9Wyqfhe43D6kjPOGqBBKmx3EwWJqZ0cMrFF54yM49.png\",\"width\":186,\"height\":112,\"caption\":\"Guin\u00e9e Diversit\u00e9\"},\"image\":{\"@id\":\"https:\/\/guineediversite.com\/#\/schema\/logo\/image\/\"},\"sameAs\":[\"https:\/\/www.facebook.com\/guineediversite\/\",\"https:\/\/x.com\/GuineeDiversite\",\"https:\/\/www.youtube.com\/channel\/UC8sUY16qelG5ge6_D5SB83g\"]},{\"@type\":\"Person\",\"@id\":\"https:\/\/guineediversite.com\/#\/schema\/person\/afa08fb34e7fc6e1feafc892612bc836\",\"name\":\"Guin\u00e9e Diversit\u00e9\",\"image\":{\"@type\":\"ImageObject\",\"inLanguage\":\"fr-FR\",\"@id\":\"https:\/\/guineediversite.com\/#\/schema\/person\/image\/\",\"url\":\"https:\/\/secure.gravatar.com\/avatar\/50d5eb5b390f8b65ac30ac6f898eb83a?s=96&d=mm&r=g\",\"contentUrl\":\"https:\/\/secure.gravatar.com\/avatar\/50d5eb5b390f8b65ac30ac6f898eb83a?s=96&d=mm&r=g\",\"caption\":\"Guin\u00e9e Diversit\u00e9\"},\"url\":\"https:\/\/guineediversite.com\/index.php\/author\/guineediversite\/\"}]}<\/script>\n<!-- \/ Yoast SEO plugin. -->","yoast_head_json":{"title":"Reconnaissance m\u00e9rit\u00e9 \u00e0 madame Camara Djenabou Tour\u00e9, Directrice g\u00e9n\u00e9rale des \u00e9lections | Guin\u00e9e Diversit\u00e9","robots":{"index":"index","follow":"follow","max-snippet":"max-snippet:-1","max-image-preview":"max-image-preview:large","max-video-preview":"max-video-preview:-1"},"canonical":"https:\/\/guineediversite.com\/index.php\/2026\/02\/01\/reconnaissance-merite-a-madame-camara-djenabou-toure-directrice-generale-des-elections\/","og_locale":"fr_FR","og_type":"article","og_title":"Reconnaissance m\u00e9rit\u00e9 \u00e0 madame Camara Djenabou Tour\u00e9, Directrice g\u00e9n\u00e9rale des \u00e9lections | Guin\u00e9e Diversit\u00e9","og_description":"A Kindia, en marge de la cl\u00f4ture des travaux de l&rsquo;atelier national d&rsquo;\u00e9valuation des scrutins r\u00e9f\u00e9rendaire du 21 septembre et pr\u00e9sidentiel du 28 d\u00e9cembre 2025, tenus du 29 au 31 janvier 2026, la Directrice G\u00e9n\u00e9rale des \u00c9lections a \u00e9t\u00e9 honor\u00e9e par ses pairs de la soci\u00e9t\u00e9 civile Guin\u00e9enne. Madame Camara Djenabou Tour\u00e9 a re\u00e7u le [&hellip;]","og_url":"https:\/\/guineediversite.com\/index.php\/2026\/02\/01\/reconnaissance-merite-a-madame-camara-djenabou-toure-directrice-generale-des-elections\/","og_site_name":"Guin\u00e9e Diversit\u00e9","article_publisher":"https:\/\/www.facebook.com\/guineediversite\/","article_published_time":"2026-02-01T22:38:14+00:00","og_image":[{"width":1440,"height":960,"url":"https:\/\/guineediversite.com\/wp-content\/uploads\/2026\/02\/WhatsApp-Image-2026-02-01-at-20.34.28.jpeg","type":"image\/jpeg"}],"author":"Guin\u00e9e Diversit\u00e9","twitter_card":"summary_large_image","twitter_creator":"@GuineeDiversite","twitter_site":"@GuineeDiversite","twitter_misc":{"\u00c9crit par":"Guin\u00e9e Diversit\u00e9","Dur\u00e9e de lecture estim\u00e9e":"2 minutes"},"schema":{"@context":"https:\/\/schema.org","@graph":[{"@type":"Article","@id":"https:\/\/guineediversite.com\/index.php\/2026\/02\/01\/reconnaissance-merite-a-madame-camara-djenabou-toure-directrice-generale-des-elections\/#article","isPartOf":{"@id":"https:\/\/guineediversite.com\/index.php\/2026\/02\/01\/reconnaissance-merite-a-madame-camara-djenabou-toure-directrice-generale-des-elections\/"},"author":{"name":"Guin\u00e9e Diversit\u00e9","@id":"https:\/\/guineediversite.com\/#\/schema\/person\/afa08fb34e7fc6e1feafc892612bc836"},"headline":"Reconnaissance m\u00e9rit\u00e9 \u00e0 madame Camara Djenabou Tour\u00e9, Directrice g\u00e9n\u00e9rale des \u00e9lections","datePublished":"2026-02-01T22:38:14+00:00","dateModified":"2026-02-01T22:38:14+00:00","mainEntityOfPage":{"@id":"https:\/\/guineediversite.com\/index.php\/2026\/02\/01\/reconnaissance-merite-a-madame-camara-djenabou-toure-directrice-generale-des-elections\/"},"wordCount":270,"publisher":{"@id":"https:\/\/guineediversite.com\/#organization"},"image":{"@id":"https:\/\/guineediversite.com\/index.php\/2026\/02\/01\/reconnaissance-merite-a-madame-camara-djenabou-toure-directrice-generale-des-elections\/#primaryimage"},"thumbnailUrl":"https:\/\/guineediversite.com\/wp-content\/uploads\/2026\/02\/WhatsApp-Image-2026-02-01-at-20.34.28.jpeg","articleSection":["Derni\u00e8re minute","Politique"],"inLanguage":"fr-FR"},{"@type":"WebPage","@id":"https:\/\/guineediversite.com\/index.php\/2026\/02\/01\/reconnaissance-merite-a-madame-camara-djenabou-toure-directrice-generale-des-elections\/","url":"https:\/\/guineediversite.com\/index.php\/2026\/02\/01\/reconnaissance-merite-a-madame-camara-djenabou-toure-directrice-generale-des-elections\/","name":"Reconnaissance m\u00e9rit\u00e9 \u00e0 madame Camara Djenabou Tour\u00e9, Directrice g\u00e9n\u00e9rale des \u00e9lections | Guin\u00e9e Diversit\u00e9","isPartOf":{"@id":"https:\/\/guineediversite.com\/#website"},"primaryImageOfPage":{"@id":"https:\/\/guineediversite.com\/index.php\/2026\/02\/01\/reconnaissance-merite-a-madame-camara-djenabou-toure-directrice-generale-des-elections\/#primaryimage"},"image":{"@id":"https:\/\/guineediversite.com\/index.php\/2026\/02\/01\/reconnaissance-merite-a-madame-camara-djenabou-toure-directrice-generale-des-elections\/#primaryimage"},"thumbnailUrl":"https:\/\/guineediversite.com\/wp-content\/uploads\/2026\/02\/WhatsApp-Image-2026-02-01-at-20.34.28.jpeg","datePublished":"2026-02-01T22:38:14+00:00","dateModified":"2026-02-01T22:38:14+00:00","breadcrumb":{"@id":"https:\/\/guineediversite.com\/index.php\/2026\/02\/01\/reconnaissance-merite-a-madame-camara-djenabou-toure-directrice-generale-des-elections\/#breadcrumb"},"inLanguage":"fr-FR","potentialAction":[{"@type":"ReadAction","target":["https:\/\/guineediversite.com\/index.php\/2026\/02\/01\/reconnaissance-merite-a-madame-camara-djenabou-toure-directrice-generale-des-elections\/"]}]},{"@type":"ImageObject","inLanguage":"fr-FR","@id":"https:\/\/guineediversite.com\/index.php\/2026\/02\/01\/reconnaissance-merite-a-madame-camara-djenabou-toure-directrice-generale-des-elections\/#primaryimage","url":"https:\/\/guineediversite.com\/wp-content\/uploads\/2026\/02\/WhatsApp-Image-2026-02-01-at-20.34.28.jpeg","contentUrl":"https:\/\/guineediversite.com\/wp-content\/uploads\/2026\/02\/WhatsApp-Image-2026-02-01-at-20.34.28.jpeg","width":1440,"height":960},{"@type":"BreadcrumbList","@id":"https:\/\/guineediversite.com\/index.php\/2026\/02\/01\/reconnaissance-merite-a-madame-camara-djenabou-toure-directrice-generale-des-elections\/#breadcrumb","itemListElement":[{"@type":"ListItem","position":1,"name":"Accueil","item":"https:\/\/guineediversite.com\/"},{"@type":"ListItem","position":2,"name":"Reconnaissance m\u00e9rit\u00e9 \u00e0 madame Camara Djenabou Tour\u00e9, Directrice g\u00e9n\u00e9rale des \u00e9lections"}]},{"@type":"WebSite","@id":"https:\/\/guineediversite.com\/#website","url":"https:\/\/guineediversite.com\/","name":"Guin\u00e9e Diversit\u00e9","description":"L&#039;Info dans toute sa diversit\u00e9","publisher":{"@id":"https:\/\/guineediversite.com\/#organization"},"potentialAction":[{"@type":"SearchAction","target":{"@type":"EntryPoint","urlTemplate":"https:\/\/guineediversite.com\/?s={search_term_string}"},"query-input":{"@type":"PropertyValueSpecification","valueRequired":true,"valueName":"search_term_string"}}],"inLanguage":"fr-FR"},{"@type":"Organization","@id":"https:\/\/guineediversite.com\/#organization","name":"Guin\u00e9e Diversit\u00e9","url":"https:\/\/guineediversite.com\/","logo":{"@type":"ImageObject","inLanguage":"fr-FR","@id":"https:\/\/guineediversite.com\/#\/schema\/logo\/image\/","url":"https:\/\/guineediversite.com\/wp-content\/uploads\/2017\/04\/cropped-1jojlxEOMkX9Wyqfhe43D6kjPOGqBBKmx3EwWJqZ0cMrFF54yM49.png","contentUrl":"https:\/\/guineediversite.com\/wp-content\/uploads\/2017\/04\/cropped-1jojlxEOMkX9Wyqfhe43D6kjPOGqBBKmx3EwWJqZ0cMrFF54yM49.png","width":186,"height":112,"caption":"Guin\u00e9e Diversit\u00e9"},"image":{"@id":"https:\/\/guineediversite.com\/#\/schema\/logo\/image\/"},"sameAs":["https:\/\/www.facebook.com\/guineediversite\/","https:\/\/x.com\/GuineeDiversite","https:\/\/www.youtube.com\/channel\/UC8sUY16qelG5ge6_D5SB83g"]},{"@type":"Person","@id":"https:\/\/guineediversite.com\/#\/schema\/person\/afa08fb34e7fc6e1feafc892612bc836","name":"Guin\u00e9e Diversit\u00e9","image":{"@type":"ImageObject","inLanguage":"fr-FR","@id":"https:\/\/guineediversite.com\/#\/schema\/person\/image\/","url":"https:\/\/secure.gravatar.com\/avatar\/50d5eb5b390f8b65ac30ac6f898eb83a?s=96&d=mm&r=g","contentUrl":"https:\/\/secure.gravatar.com\/avatar\/50d5eb5b390f8b65ac30ac6f898eb83a?s=96&d=mm&r=g","caption":"Guin\u00e9e Diversit\u00e9"},"url":"https:\/\/guineediversite.com\/index.php\/author\/guineediversite\/"}]}},"_links":{"self":[{"href":"https:\/\/guineediversite.com\/index.php\/wp-json\/wp\/v2\/posts\/32729"}],"collection":[{"href":"https:\/\/guineediversite.com\/index.php\/wp-json\/wp\/v2\/posts"}],"about":[{"href":"https:\/\/guineediversite.com\/index.php\/wp-json\/wp\/v2\/types\/post"}],"author":[{"embeddable":true,"href":"https:\/\/guineediversite.com\/index.php\/wp-json\/wp\/v2\/users\/12"}],"replies":[{"embeddable":true,"href":"https:\/\/guineediversite.com\/index.php\/wp-json\/wp\/v2\/comments?post=32729"}],"version-history":[{"count":1,"href":"https:\/\/guineediversite.com\/index.php\/wp-json\/wp\/v2\/posts\/32729\/revisions"}],"predecessor-version":[{"id":32731,"href":"https:\/\/guineediversite.com\/index.php\/wp-json\/wp\/v2\/posts\/32729\/revisions\/32731"}],"wp:featuredmedia":[{"embeddable":true,"href":"https:\/\/guineediversite.com\/index.php\/wp-json\/wp\/v2\/media\/32730"}],"wp:attachment":[{"href":"https:\/\/guineediversite.com\/index.php\/wp-json\/wp\/v2\/media?parent=32729"}],"wp:term":[{"taxonomy":"category","embeddable":true,"href":"https:\/\/guineediversite.com\/index.php\/wp-json\/wp\/v2\/categories?post=32729"},{"taxonomy":"post_tag","embeddable":true,"href":"https:\/\/guineediversite.com\/index.php\/wp-json\/wp\/v2\/tags?post=32729"}],"curies":[{"name":"wp","href":"https:\/\/api.w.org\/{rel}","templated":true}]}}