{"id":32693,"date":"2026-01-05T23:52:08","date_gmt":"2026-01-05T22:52:08","guid":{"rendered":"https:\/\/guineediversite.com\/?p=32693"},"modified":"2026-01-05T23:52:08","modified_gmt":"2026-01-05T22:52:08","slug":"guinee-mamadi-doumbouya-sadresse-a-la-nation-apres-son-election","status":"publish","type":"post","link":"https:\/\/guineediversite.com\/index.php\/2026\/01\/05\/guinee-mamadi-doumbouya-sadresse-a-la-nation-apres-son-election\/","title":{"rendered":"Guin\u00e9e- Mamadi Doumbouya s&rsquo;adresse \u00e0 la nation apr\u00e8s son \u00e9lection"},"content":{"rendered":"<p><strong>Dans un discours de moins de 10 mn le G\u00e9n\u00e9ral Mamadi Doumbouya s&rsquo;est adress\u00e9 \u00e0 la nation juste apr\u00e8s la confirmation par la cours supr\u00eame de sa victoire \u00e0 plus de 86 % du chiffrage exprim\u00e9 le 28 d\u00e9cembre dernier.<\/strong><\/p>\n<p>Nous vous proposons ici l&rsquo;int\u00e9gralit\u00e9 du discours:<\/p>\n<p><iframe loading=\"lazy\" style=\"border: none; overflow: hidden;\" src=\"https:\/\/www.facebook.com\/plugins\/video.php?height=314&amp;href=https%3A%2F%2Fwww.facebook.com%2FPresidenceRepubliqueGuinee%2Fvideos%2F25306493915702303%2F&amp;show_text=false&amp;width=560&amp;t=0\" width=\"560\" height=\"314\" frameborder=\"0\" scrolling=\"no\" allowfullscreen=\"allowfullscreen\"><\/iframe><\/p>\n","protected":false},"excerpt":{"rendered":"<p>Dans un discours de moins de 10 mn le G\u00e9n\u00e9ral Mamadi Doumbouya s&rsquo;est adress\u00e9 \u00e0 la nation juste apr\u00e8s la confirmation par la cours supr\u00eame de sa victoire \u00e0 plus de 86 % du chiffrage exprim\u00e9 le 28 d\u00e9cembre dernier. Nous vous proposons ici l&rsquo;int\u00e9gralit\u00e9 du discours:<\/p>\n","protected":false},"author":12,"featured_media":32691,"comment_status":"closed","ping_status":"open","sticky":false,"template":"","format":"standard","meta":{"_exactmetrics_skip_tracking":false,"_exactmetrics_sitenote_active":false,"_exactmetrics_sitenote_note":"","_exactmetrics_sitenote_category":0,"tdm_status":"","tdm_grid_status":"","footnotes":""},"categories":[254,14],"tags":[],"class_list":{"0":"post-32693","1":"post","2":"type-post","3":"status-publish","4":"format-standard","5":"has-post-thumbnail","7":"category-derniere-minute","8":"category-politique"},"yoast_head":"<!-- This site is optimized with the Yoast SEO plugin v24.2 - https:\/\/yoast.com\/wordpress\/plugins\/seo\/ -->\n<title>Guin\u00e9e- Mamadi Doumbouya s&#039;adresse \u00e0 la nation apr\u00e8s son \u00e9lection | Guin\u00e9e Diversit\u00e9<\/title>\n<meta name=\"robots\" content=\"index, follow, max-snippet:-1, max-image-preview:large, max-video-preview:-1\" \/>\n<link rel=\"canonical\" href=\"https:\/\/guineediversite.com\/index.php\/2026\/01\/05\/guinee-mamadi-doumbouya-sadresse-a-la-nation-apres-son-election\/\" \/>\n<meta property=\"og:locale\" content=\"fr_FR\" \/>\n<meta property=\"og:type\" content=\"article\" \/>\n<meta property=\"og:title\" content=\"Guin\u00e9e- Mamadi Doumbouya s&#039;adresse \u00e0 la nation apr\u00e8s son \u00e9lection | Guin\u00e9e Diversit\u00e9\" \/>\n<meta property=\"og:description\" content=\"Dans un discours de moins de 10 mn le G\u00e9n\u00e9ral Mamadi Doumbouya s&rsquo;est adress\u00e9 \u00e0 la nation juste apr\u00e8s la confirmation par la cours supr\u00eame de sa victoire \u00e0 plus de 86 % du chiffrage exprim\u00e9 le 28 d\u00e9cembre dernier. Nous vous proposons ici l&rsquo;int\u00e9gralit\u00e9 du discours:\" \/>\n<meta property=\"og:url\" content=\"https:\/\/guineediversite.com\/index.php\/2026\/01\/05\/guinee-mamadi-doumbouya-sadresse-a-la-nation-apres-son-election\/\" \/>\n<meta property=\"og:site_name\" content=\"Guin\u00e9e Diversit\u00e9\" \/>\n<meta property=\"article:publisher\" content=\"https:\/\/www.facebook.com\/guineediversite\/\" \/>\n<meta property=\"article:published_time\" content=\"2026-01-05T22:52:08+00:00\" \/>\n<meta property=\"og:image\" content=\"https:\/\/guineediversite.com\/wp-content\/uploads\/2025\/12\/doumbouya.webp\" \/>\n\t<meta property=\"og:image:width\" content=\"1170\" \/>\n\t<meta property=\"og:image:height\" content=\"781\" \/>\n\t<meta property=\"og:image:type\" content=\"image\/webp\" \/>\n<meta name=\"author\" content=\"Guin\u00e9e Diversit\u00e9\" \/>\n<meta name=\"twitter:card\" content=\"summary_large_image\" \/>\n<meta name=\"twitter:creator\" content=\"@GuineeDiversite\" \/>\n<meta name=\"twitter:site\" content=\"@GuineeDiversite\" \/>\n<meta name=\"twitter:label1\" content=\"\u00c9crit par\" \/>\n\t<meta name=\"twitter:data1\" content=\"Guin\u00e9e Diversit\u00e9\" \/>\n\t<meta name=\"twitter:label2\" content=\"Dur\u00e9e de lecture estim\u00e9e\" \/>\n\t<meta name=\"twitter:data2\" content=\"1 minute\" \/>\n<script type=\"application\/ld+json\" class=\"yoast-schema-graph\">{\"@context\":\"https:\/\/schema.org\",\"@graph\":[{\"@type\":\"Article\",\"@id\":\"https:\/\/guineediversite.com\/index.php\/2026\/01\/05\/guinee-mamadi-doumbouya-sadresse-a-la-nation-apres-son-election\/#article\",\"isPartOf\":{\"@id\":\"https:\/\/guineediversite.com\/index.php\/2026\/01\/05\/guinee-mamadi-doumbouya-sadresse-a-la-nation-apres-son-election\/\"},\"author\":{\"name\":\"Guin\u00e9e Diversit\u00e9\",\"@id\":\"https:\/\/guineediversite.com\/#\/schema\/person\/afa08fb34e7fc6e1feafc892612bc836\"},\"headline\":\"Guin\u00e9e- Mamadi Doumbouya s&rsquo;adresse \u00e0 la nation apr\u00e8s son \u00e9lection\",\"datePublished\":\"2026-01-05T22:52:08+00:00\",\"dateModified\":\"2026-01-05T22:52:08+00:00\",\"mainEntityOfPage\":{\"@id\":\"https:\/\/guineediversite.com\/index.php\/2026\/01\/05\/guinee-mamadi-doumbouya-sadresse-a-la-nation-apres-son-election\/\"},\"wordCount\":61,\"publisher\":{\"@id\":\"https:\/\/guineediversite.com\/#organization\"},\"image\":{\"@id\":\"https:\/\/guineediversite.com\/index.php\/2026\/01\/05\/guinee-mamadi-doumbouya-sadresse-a-la-nation-apres-son-election\/#primaryimage\"},\"thumbnailUrl\":\"https:\/\/guineediversite.com\/wp-content\/uploads\/2025\/12\/doumbouya.webp\",\"articleSection\":[\"Derni\u00e8re minute\",\"Politique\"],\"inLanguage\":\"fr-FR\"},{\"@type\":\"WebPage\",\"@id\":\"https:\/\/guineediversite.com\/index.php\/2026\/01\/05\/guinee-mamadi-doumbouya-sadresse-a-la-nation-apres-son-election\/\",\"url\":\"https:\/\/guineediversite.com\/index.php\/2026\/01\/05\/guinee-mamadi-doumbouya-sadresse-a-la-nation-apres-son-election\/\",\"name\":\"Guin\u00e9e- Mamadi Doumbouya s'adresse \u00e0 la nation apr\u00e8s son \u00e9lection | Guin\u00e9e Diversit\u00e9\",\"isPartOf\":{\"@id\":\"https:\/\/guineediversite.com\/#website\"},\"primaryImageOfPage\":{\"@id\":\"https:\/\/guineediversite.com\/index.php\/2026\/01\/05\/guinee-mamadi-doumbouya-sadresse-a-la-nation-apres-son-election\/#primaryimage\"},\"image\":{\"@id\":\"https:\/\/guineediversite.com\/index.php\/2026\/01\/05\/guinee-mamadi-doumbouya-sadresse-a-la-nation-apres-son-election\/#primaryimage\"},\"thumbnailUrl\":\"https:\/\/guineediversite.com\/wp-content\/uploads\/2025\/12\/doumbouya.webp\",\"datePublished\":\"2026-01-05T22:52:08+00:00\",\"dateModified\":\"2026-01-05T22:52:08+00:00\",\"breadcrumb\":{\"@id\":\"https:\/\/guineediversite.com\/index.php\/2026\/01\/05\/guinee-mamadi-doumbouya-sadresse-a-la-nation-apres-son-election\/#breadcrumb\"},\"inLanguage\":\"fr-FR\",\"potentialAction\":[{\"@type\":\"ReadAction\",\"target\":[\"https:\/\/guineediversite.com\/index.php\/2026\/01\/05\/guinee-mamadi-doumbouya-sadresse-a-la-nation-apres-son-election\/\"]}]},{\"@type\":\"ImageObject\",\"inLanguage\":\"fr-FR\",\"@id\":\"https:\/\/guineediversite.com\/index.php\/2026\/01\/05\/guinee-mamadi-doumbouya-sadresse-a-la-nation-apres-son-election\/#primaryimage\",\"url\":\"https:\/\/guineediversite.com\/wp-content\/uploads\/2025\/12\/doumbouya.webp\",\"contentUrl\":\"https:\/\/guineediversite.com\/wp-content\/uploads\/2025\/12\/doumbouya.webp\",\"width\":1170,\"height\":781},{\"@type\":\"BreadcrumbList\",\"@id\":\"https:\/\/guineediversite.com\/index.php\/2026\/01\/05\/guinee-mamadi-doumbouya-sadresse-a-la-nation-apres-son-election\/#breadcrumb\",\"itemListElement\":[{\"@type\":\"ListItem\",\"position\":1,\"name\":\"Accueil\",\"item\":\"https:\/\/guineediversite.com\/\"},{\"@type\":\"ListItem\",\"position\":2,\"name\":\"Guin\u00e9e- Mamadi Doumbouya s&rsquo;adresse \u00e0 la nation apr\u00e8s son \u00e9lection\"}]},{\"@type\":\"WebSite\",\"@id\":\"https:\/\/guineediversite.com\/#website\",\"url\":\"https:\/\/guineediversite.com\/\",\"name\":\"Guin\u00e9e Diversit\u00e9\",\"description\":\"L&#039;Info dans toute sa diversit\u00e9\",\"publisher\":{\"@id\":\"https:\/\/guineediversite.com\/#organization\"},\"potentialAction\":[{\"@type\":\"SearchAction\",\"target\":{\"@type\":\"EntryPoint\",\"urlTemplate\":\"https:\/\/guineediversite.com\/?s={search_term_string}\"},\"query-input\":{\"@type\":\"PropertyValueSpecification\",\"valueRequired\":true,\"valueName\":\"search_term_string\"}}],\"inLanguage\":\"fr-FR\"},{\"@type\":\"Organization\",\"@id\":\"https:\/\/guineediversite.com\/#organization\",\"name\":\"Guin\u00e9e Diversit\u00e9\",\"url\":\"https:\/\/guineediversite.com\/\",\"logo\":{\"@type\":\"ImageObject\",\"inLanguage\":\"fr-FR\",\"@id\":\"https:\/\/guineediversite.com\/#\/schema\/logo\/image\/\",\"url\":\"https:\/\/guineediversite.com\/wp-content\/uploads\/2017\/04\/cropped-1jojlxEOMkX9Wyqfhe43D6kjPOGqBBKmx3EwWJqZ0cMrFF54yM49.png\",\"contentUrl\":\"https:\/\/guineediversite.com\/wp-content\/uploads\/2017\/04\/cropped-1jojlxEOMkX9Wyqfhe43D6kjPOGqBBKmx3EwWJqZ0cMrFF54yM49.png\",\"width\":186,\"height\":112,\"caption\":\"Guin\u00e9e Diversit\u00e9\"},\"image\":{\"@id\":\"https:\/\/guineediversite.com\/#\/schema\/logo\/image\/\"},\"sameAs\":[\"https:\/\/www.facebook.com\/guineediversite\/\",\"https:\/\/x.com\/GuineeDiversite\",\"https:\/\/www.youtube.com\/channel\/UC8sUY16qelG5ge6_D5SB83g\"]},{\"@type\":\"Person\",\"@id\":\"https:\/\/guineediversite.com\/#\/schema\/person\/afa08fb34e7fc6e1feafc892612bc836\",\"name\":\"Guin\u00e9e Diversit\u00e9\",\"image\":{\"@type\":\"ImageObject\",\"inLanguage\":\"fr-FR\",\"@id\":\"https:\/\/guineediversite.com\/#\/schema\/person\/image\/\",\"url\":\"https:\/\/secure.gravatar.com\/avatar\/50d5eb5b390f8b65ac30ac6f898eb83a?s=96&d=mm&r=g\",\"contentUrl\":\"https:\/\/secure.gravatar.com\/avatar\/50d5eb5b390f8b65ac30ac6f898eb83a?s=96&d=mm&r=g\",\"caption\":\"Guin\u00e9e Diversit\u00e9\"},\"url\":\"https:\/\/guineediversite.com\/index.php\/author\/guineediversite\/\"}]}<\/script>\n<!-- \/ Yoast SEO plugin. -->","yoast_head_json":{"title":"Guin\u00e9e- Mamadi Doumbouya s'adresse \u00e0 la nation apr\u00e8s son \u00e9lection | Guin\u00e9e Diversit\u00e9","robots":{"index":"index","follow":"follow","max-snippet":"max-snippet:-1","max-image-preview":"max-image-preview:large","max-video-preview":"max-video-preview:-1"},"canonical":"https:\/\/guineediversite.com\/index.php\/2026\/01\/05\/guinee-mamadi-doumbouya-sadresse-a-la-nation-apres-son-election\/","og_locale":"fr_FR","og_type":"article","og_title":"Guin\u00e9e- Mamadi Doumbouya s'adresse \u00e0 la nation apr\u00e8s son \u00e9lection | Guin\u00e9e Diversit\u00e9","og_description":"Dans un discours de moins de 10 mn le G\u00e9n\u00e9ral Mamadi Doumbouya s&rsquo;est adress\u00e9 \u00e0 la nation juste apr\u00e8s la confirmation par la cours supr\u00eame de sa victoire \u00e0 plus de 86 % du chiffrage exprim\u00e9 le 28 d\u00e9cembre dernier. Nous vous proposons ici l&rsquo;int\u00e9gralit\u00e9 du discours:","og_url":"https:\/\/guineediversite.com\/index.php\/2026\/01\/05\/guinee-mamadi-doumbouya-sadresse-a-la-nation-apres-son-election\/","og_site_name":"Guin\u00e9e Diversit\u00e9","article_publisher":"https:\/\/www.facebook.com\/guineediversite\/","article_published_time":"2026-01-05T22:52:08+00:00","og_image":[{"width":1170,"height":781,"url":"https:\/\/guineediversite.com\/wp-content\/uploads\/2025\/12\/doumbouya.webp","type":"image\/webp"}],"author":"Guin\u00e9e Diversit\u00e9","twitter_card":"summary_large_image","twitter_creator":"@GuineeDiversite","twitter_site":"@GuineeDiversite","twitter_misc":{"\u00c9crit par":"Guin\u00e9e Diversit\u00e9","Dur\u00e9e de lecture estim\u00e9e":"1 minute"},"schema":{"@context":"https:\/\/schema.org","@graph":[{"@type":"Article","@id":"https:\/\/guineediversite.com\/index.php\/2026\/01\/05\/guinee-mamadi-doumbouya-sadresse-a-la-nation-apres-son-election\/#article","isPartOf":{"@id":"https:\/\/guineediversite.com\/index.php\/2026\/01\/05\/guinee-mamadi-doumbouya-sadresse-a-la-nation-apres-son-election\/"},"author":{"name":"Guin\u00e9e Diversit\u00e9","@id":"https:\/\/guineediversite.com\/#\/schema\/person\/afa08fb34e7fc6e1feafc892612bc836"},"headline":"Guin\u00e9e- Mamadi Doumbouya s&rsquo;adresse \u00e0 la nation apr\u00e8s son \u00e9lection","datePublished":"2026-01-05T22:52:08+00:00","dateModified":"2026-01-05T22:52:08+00:00","mainEntityOfPage":{"@id":"https:\/\/guineediversite.com\/index.php\/2026\/01\/05\/guinee-mamadi-doumbouya-sadresse-a-la-nation-apres-son-election\/"},"wordCount":61,"publisher":{"@id":"https:\/\/guineediversite.com\/#organization"},"image":{"@id":"https:\/\/guineediversite.com\/index.php\/2026\/01\/05\/guinee-mamadi-doumbouya-sadresse-a-la-nation-apres-son-election\/#primaryimage"},"thumbnailUrl":"https:\/\/guineediversite.com\/wp-content\/uploads\/2025\/12\/doumbouya.webp","articleSection":["Derni\u00e8re minute","Politique"],"inLanguage":"fr-FR"},{"@type":"WebPage","@id":"https:\/\/guineediversite.com\/index.php\/2026\/01\/05\/guinee-mamadi-doumbouya-sadresse-a-la-nation-apres-son-election\/","url":"https:\/\/guineediversite.com\/index.php\/2026\/01\/05\/guinee-mamadi-doumbouya-sadresse-a-la-nation-apres-son-election\/","name":"Guin\u00e9e- Mamadi Doumbouya s'adresse \u00e0 la nation apr\u00e8s son \u00e9lection | Guin\u00e9e Diversit\u00e9","isPartOf":{"@id":"https:\/\/guineediversite.com\/#website"},"primaryImageOfPage":{"@id":"https:\/\/guineediversite.com\/index.php\/2026\/01\/05\/guinee-mamadi-doumbouya-sadresse-a-la-nation-apres-son-election\/#primaryimage"},"image":{"@id":"https:\/\/guineediversite.com\/index.php\/2026\/01\/05\/guinee-mamadi-doumbouya-sadresse-a-la-nation-apres-son-election\/#primaryimage"},"thumbnailUrl":"https:\/\/guineediversite.com\/wp-content\/uploads\/2025\/12\/doumbouya.webp","datePublished":"2026-01-05T22:52:08+00:00","dateModified":"2026-01-05T22:52:08+00:00","breadcrumb":{"@id":"https:\/\/guineediversite.com\/index.php\/2026\/01\/05\/guinee-mamadi-doumbouya-sadresse-a-la-nation-apres-son-election\/#breadcrumb"},"inLanguage":"fr-FR","potentialAction":[{"@type":"ReadAction","target":["https:\/\/guineediversite.com\/index.php\/2026\/01\/05\/guinee-mamadi-doumbouya-sadresse-a-la-nation-apres-son-election\/"]}]},{"@type":"ImageObject","inLanguage":"fr-FR","@id":"https:\/\/guineediversite.com\/index.php\/2026\/01\/05\/guinee-mamadi-doumbouya-sadresse-a-la-nation-apres-son-election\/#primaryimage","url":"https:\/\/guineediversite.com\/wp-content\/uploads\/2025\/12\/doumbouya.webp","contentUrl":"https:\/\/guineediversite.com\/wp-content\/uploads\/2025\/12\/doumbouya.webp","width":1170,"height":781},{"@type":"BreadcrumbList","@id":"https:\/\/guineediversite.com\/index.php\/2026\/01\/05\/guinee-mamadi-doumbouya-sadresse-a-la-nation-apres-son-election\/#breadcrumb","itemListElement":[{"@type":"ListItem","position":1,"name":"Accueil","item":"https:\/\/guineediversite.com\/"},{"@type":"ListItem","position":2,"name":"Guin\u00e9e- Mamadi Doumbouya s&rsquo;adresse \u00e0 la nation apr\u00e8s son \u00e9lection"}]},{"@type":"WebSite","@id":"https:\/\/guineediversite.com\/#website","url":"https:\/\/guineediversite.com\/","name":"Guin\u00e9e Diversit\u00e9","description":"L&#039;Info dans toute sa diversit\u00e9","publisher":{"@id":"https:\/\/guineediversite.com\/#organization"},"potentialAction":[{"@type":"SearchAction","target":{"@type":"EntryPoint","urlTemplate":"https:\/\/guineediversite.com\/?s={search_term_string}"},"query-input":{"@type":"PropertyValueSpecification","valueRequired":true,"valueName":"search_term_string"}}],"inLanguage":"fr-FR"},{"@type":"Organization","@id":"https:\/\/guineediversite.com\/#organization","name":"Guin\u00e9e Diversit\u00e9","url":"https:\/\/guineediversite.com\/","logo":{"@type":"ImageObject","inLanguage":"fr-FR","@id":"https:\/\/guineediversite.com\/#\/schema\/logo\/image\/","url":"https:\/\/guineediversite.com\/wp-content\/uploads\/2017\/04\/cropped-1jojlxEOMkX9Wyqfhe43D6kjPOGqBBKmx3EwWJqZ0cMrFF54yM49.png","contentUrl":"https:\/\/guineediversite.com\/wp-content\/uploads\/2017\/04\/cropped-1jojlxEOMkX9Wyqfhe43D6kjPOGqBBKmx3EwWJqZ0cMrFF54yM49.png","width":186,"height":112,"caption":"Guin\u00e9e Diversit\u00e9"},"image":{"@id":"https:\/\/guineediversite.com\/#\/schema\/logo\/image\/"},"sameAs":["https:\/\/www.facebook.com\/guineediversite\/","https:\/\/x.com\/GuineeDiversite","https:\/\/www.youtube.com\/channel\/UC8sUY16qelG5ge6_D5SB83g"]},{"@type":"Person","@id":"https:\/\/guineediversite.com\/#\/schema\/person\/afa08fb34e7fc6e1feafc892612bc836","name":"Guin\u00e9e Diversit\u00e9","image":{"@type":"ImageObject","inLanguage":"fr-FR","@id":"https:\/\/guineediversite.com\/#\/schema\/person\/image\/","url":"https:\/\/secure.gravatar.com\/avatar\/50d5eb5b390f8b65ac30ac6f898eb83a?s=96&d=mm&r=g","contentUrl":"https:\/\/secure.gravatar.com\/avatar\/50d5eb5b390f8b65ac30ac6f898eb83a?s=96&d=mm&r=g","caption":"Guin\u00e9e Diversit\u00e9"},"url":"https:\/\/guineediversite.com\/index.php\/author\/guineediversite\/"}]}},"_links":{"self":[{"href":"https:\/\/guineediversite.com\/index.php\/wp-json\/wp\/v2\/posts\/32693"}],"collection":[{"href":"https:\/\/guineediversite.com\/index.php\/wp-json\/wp\/v2\/posts"}],"about":[{"href":"https:\/\/guineediversite.com\/index.php\/wp-json\/wp\/v2\/types\/post"}],"author":[{"embeddable":true,"href":"https:\/\/guineediversite.com\/index.php\/wp-json\/wp\/v2\/users\/12"}],"replies":[{"embeddable":true,"href":"https:\/\/guineediversite.com\/index.php\/wp-json\/wp\/v2\/comments?post=32693"}],"version-history":[{"count":1,"href":"https:\/\/guineediversite.com\/index.php\/wp-json\/wp\/v2\/posts\/32693\/revisions"}],"predecessor-version":[{"id":32694,"href":"https:\/\/guineediversite.com\/index.php\/wp-json\/wp\/v2\/posts\/32693\/revisions\/32694"}],"wp:featuredmedia":[{"embeddable":true,"href":"https:\/\/guineediversite.com\/index.php\/wp-json\/wp\/v2\/media\/32691"}],"wp:attachment":[{"href":"https:\/\/guineediversite.com\/index.php\/wp-json\/wp\/v2\/media?parent=32693"}],"wp:term":[{"taxonomy":"category","embeddable":true,"href":"https:\/\/guineediversite.com\/index.php\/wp-json\/wp\/v2\/categories?post=32693"},{"taxonomy":"post_tag","embeddable":true,"href":"https:\/\/guineediversite.com\/index.php\/wp-json\/wp\/v2\/tags?post=32693"}],"curies":[{"name":"wp","href":"https:\/\/api.w.org\/{rel}","templated":true}]}}