{"id":32668,"date":"2025-12-28T20:04:29","date_gmt":"2025-12-28T19:04:29","guid":{"rendered":"https:\/\/guineediversite.com\/?p=32668"},"modified":"2025-12-28T20:04:29","modified_gmt":"2025-12-28T19:04:29","slug":"presidentielle-en-guinee-la-cedeao-partage-ses-premieres-observations","status":"publish","type":"post","link":"https:\/\/guineediversite.com\/index.php\/2025\/12\/28\/presidentielle-en-guinee-la-cedeao-partage-ses-premieres-observations\/","title":{"rendered":"Pr\u00e9sidentielle en Guin\u00e9e : la CEDEAO partage ses premi\u00e8res observations"},"content":{"rendered":"<p><strong>La Guin\u00e9e organise ce dimanche l\u2019\u00e9lection pr\u00e9sidentielle, avec environ 6,7 millions d\u2019\u00e9lecteurs appel\u00e9s \u00e0 se rendre aux urnes pour \u00e9lire le nouveau pr\u00e9sident de la R\u00e9publique.<\/strong><\/p>\n<p>D\u00e8s l\u2019ouverture des bureaux de vote, une d\u00e9l\u00e9gation d\u2019observateurs de la Communaut\u00e9 \u00e9conomique des \u00c9tats de l\u2019Afrique de l\u2019Ouest (CEDEAO), conduite par le Dr Abdoulie Janneh, chef de la Mission d\u2019observation \u00e9lectorale (MOE), a effectu\u00e9 une tourn\u00e9e dans plusieurs centres et bureaux de vote \u00e0 Conakry. La mission comprenait notamment le Commissaire aux Affaires politiques de la Commission de la CEDEAO, l\u2019ambassadeur Abdel-Fatau Musah, le Repr\u00e9sentant r\u00e9sident de la CEDEAO en Guin\u00e9e, S.E. Louis Blaise Aka Brou, ainsi que plusieurs diplomates et responsables institutionnels de l\u2019organisation r\u00e9gionale. Les observateurs ont visit\u00e9 des sites situ\u00e9s dans les communes de Kaloum, Dixinn et Boulbinet afin de constater le d\u00e9marrage effectif des op\u00e9rations de vote.<\/p>\n<p>Parall\u00e8lement, une seconde d\u00e9l\u00e9gation de la CEDEAO, dirig\u00e9e par le s\u00e9nateur Lawan Gana Guba, chef adjoint de la MOE, accompagn\u00e9e de hauts responsables dont M. Abdou Kolley, directeur de cabinet du pr\u00e9sident de la Commission de la CEDEAO, et S.E. Olawale Emmanuel Awe, ambassadeur du Nigeria pr\u00e8s la CEDEAO, a sillonn\u00e9 plusieurs centres de vote dans les communes de Conakry, notamment \u00e0 Gb\u00e9ssia et Kaloum. L\u2019objectif : observer l\u2019ouverture des bureaux et s\u2019impr\u00e9gner du climat \u00e9lectoral.<\/p>\n<p>S\u2019exprimant devant la presse \u00e0 l\u2019issue de ces visites, le Dr Abdoulie Janneh a soulign\u00e9 l\u2019importance de ce scrutin, qu\u2019il a qualifi\u00e9 d\u2019\u00ab \u00e9tape cruciale vers le retour \u00e0 l\u2019ordre constitutionnel et d\u00e9mocratique \u00bb en Guin\u00e9e. Il a \u00e9galement formul\u00e9 le v\u0153u que le processus \u00e9lectoral se d\u00e9roule dans le calme et de bonnes conditions sur l\u2019ensemble du territoire.<\/p>\n","protected":false},"excerpt":{"rendered":"<p>La Guin\u00e9e organise ce dimanche l\u2019\u00e9lection pr\u00e9sidentielle, avec environ 6,7 millions d\u2019\u00e9lecteurs appel\u00e9s \u00e0 se rendre aux urnes pour \u00e9lire le nouveau pr\u00e9sident de la R\u00e9publique. D\u00e8s l\u2019ouverture des bureaux de vote, une d\u00e9l\u00e9gation d\u2019observateurs de la Communaut\u00e9 \u00e9conomique des \u00c9tats de l\u2019Afrique de l\u2019Ouest (CEDEAO), conduite par le Dr Abdoulie Janneh, chef de la [&hellip;]<\/p>\n","protected":false},"author":12,"featured_media":32669,"comment_status":"closed","ping_status":"open","sticky":false,"template":"","format":"standard","meta":{"_exactmetrics_skip_tracking":false,"_exactmetrics_sitenote_active":false,"_exactmetrics_sitenote_note":"","_exactmetrics_sitenote_category":0,"tdm_status":"","tdm_grid_status":"","footnotes":""},"categories":[254,14],"tags":[],"class_list":{"0":"post-32668","1":"post","2":"type-post","3":"status-publish","4":"format-standard","5":"has-post-thumbnail","7":"category-derniere-minute","8":"category-politique"},"yoast_head":"<!-- This site is optimized with the Yoast SEO plugin v24.2 - https:\/\/yoast.com\/wordpress\/plugins\/seo\/ -->\n<title>Pr\u00e9sidentielle en Guin\u00e9e : la CEDEAO partage ses premi\u00e8res observations | Guin\u00e9e Diversit\u00e9<\/title>\n<meta name=\"robots\" content=\"index, follow, max-snippet:-1, max-image-preview:large, max-video-preview:-1\" \/>\n<link rel=\"canonical\" href=\"https:\/\/guineediversite.com\/index.php\/2025\/12\/28\/presidentielle-en-guinee-la-cedeao-partage-ses-premieres-observations\/\" \/>\n<meta property=\"og:locale\" content=\"fr_FR\" \/>\n<meta property=\"og:type\" content=\"article\" \/>\n<meta property=\"og:title\" content=\"Pr\u00e9sidentielle en Guin\u00e9e : la CEDEAO partage ses premi\u00e8res observations | Guin\u00e9e Diversit\u00e9\" \/>\n<meta property=\"og:description\" content=\"La Guin\u00e9e organise ce dimanche l\u2019\u00e9lection pr\u00e9sidentielle, avec environ 6,7 millions d\u2019\u00e9lecteurs appel\u00e9s \u00e0 se rendre aux urnes pour \u00e9lire le nouveau pr\u00e9sident de la R\u00e9publique. D\u00e8s l\u2019ouverture des bureaux de vote, une d\u00e9l\u00e9gation d\u2019observateurs de la Communaut\u00e9 \u00e9conomique des \u00c9tats de l\u2019Afrique de l\u2019Ouest (CEDEAO), conduite par le Dr Abdoulie Janneh, chef de la [&hellip;]\" \/>\n<meta property=\"og:url\" content=\"https:\/\/guineediversite.com\/index.php\/2025\/12\/28\/presidentielle-en-guinee-la-cedeao-partage-ses-premieres-observations\/\" \/>\n<meta property=\"og:site_name\" content=\"Guin\u00e9e Diversit\u00e9\" \/>\n<meta property=\"article:publisher\" content=\"https:\/\/www.facebook.com\/guineediversite\/\" \/>\n<meta property=\"article:published_time\" content=\"2025-12-28T19:04:29+00:00\" \/>\n<meta property=\"og:image\" content=\"https:\/\/guineediversite.com\/wp-content\/uploads\/2025\/12\/image_observation_cedeao.jpeg\" \/>\n\t<meta property=\"og:image:width\" content=\"1500\" \/>\n\t<meta property=\"og:image:height\" content=\"1000\" \/>\n\t<meta property=\"og:image:type\" content=\"image\/jpeg\" \/>\n<meta name=\"author\" content=\"Guin\u00e9e Diversit\u00e9\" \/>\n<meta name=\"twitter:card\" content=\"summary_large_image\" \/>\n<meta name=\"twitter:creator\" content=\"@GuineeDiversite\" \/>\n<meta name=\"twitter:site\" content=\"@GuineeDiversite\" \/>\n<meta name=\"twitter:label1\" content=\"\u00c9crit par\" \/>\n\t<meta name=\"twitter:data1\" content=\"Guin\u00e9e Diversit\u00e9\" \/>\n\t<meta name=\"twitter:label2\" content=\"Dur\u00e9e de lecture estim\u00e9e\" \/>\n\t<meta name=\"twitter:data2\" content=\"2 minutes\" \/>\n<script type=\"application\/ld+json\" class=\"yoast-schema-graph\">{\"@context\":\"https:\/\/schema.org\",\"@graph\":[{\"@type\":\"Article\",\"@id\":\"https:\/\/guineediversite.com\/index.php\/2025\/12\/28\/presidentielle-en-guinee-la-cedeao-partage-ses-premieres-observations\/#article\",\"isPartOf\":{\"@id\":\"https:\/\/guineediversite.com\/index.php\/2025\/12\/28\/presidentielle-en-guinee-la-cedeao-partage-ses-premieres-observations\/\"},\"author\":{\"name\":\"Guin\u00e9e Diversit\u00e9\",\"@id\":\"https:\/\/guineediversite.com\/#\/schema\/person\/afa08fb34e7fc6e1feafc892612bc836\"},\"headline\":\"Pr\u00e9sidentielle en Guin\u00e9e : la CEDEAO partage ses premi\u00e8res observations\",\"datePublished\":\"2025-12-28T19:04:29+00:00\",\"dateModified\":\"2025-12-28T19:04:29+00:00\",\"mainEntityOfPage\":{\"@id\":\"https:\/\/guineediversite.com\/index.php\/2025\/12\/28\/presidentielle-en-guinee-la-cedeao-partage-ses-premieres-observations\/\"},\"wordCount\":327,\"publisher\":{\"@id\":\"https:\/\/guineediversite.com\/#organization\"},\"image\":{\"@id\":\"https:\/\/guineediversite.com\/index.php\/2025\/12\/28\/presidentielle-en-guinee-la-cedeao-partage-ses-premieres-observations\/#primaryimage\"},\"thumbnailUrl\":\"https:\/\/guineediversite.com\/wp-content\/uploads\/2025\/12\/image_observation_cedeao.jpeg\",\"articleSection\":[\"Derni\u00e8re minute\",\"Politique\"],\"inLanguage\":\"fr-FR\"},{\"@type\":\"WebPage\",\"@id\":\"https:\/\/guineediversite.com\/index.php\/2025\/12\/28\/presidentielle-en-guinee-la-cedeao-partage-ses-premieres-observations\/\",\"url\":\"https:\/\/guineediversite.com\/index.php\/2025\/12\/28\/presidentielle-en-guinee-la-cedeao-partage-ses-premieres-observations\/\",\"name\":\"Pr\u00e9sidentielle en Guin\u00e9e : la CEDEAO partage ses premi\u00e8res observations | Guin\u00e9e Diversit\u00e9\",\"isPartOf\":{\"@id\":\"https:\/\/guineediversite.com\/#website\"},\"primaryImageOfPage\":{\"@id\":\"https:\/\/guineediversite.com\/index.php\/2025\/12\/28\/presidentielle-en-guinee-la-cedeao-partage-ses-premieres-observations\/#primaryimage\"},\"image\":{\"@id\":\"https:\/\/guineediversite.com\/index.php\/2025\/12\/28\/presidentielle-en-guinee-la-cedeao-partage-ses-premieres-observations\/#primaryimage\"},\"thumbnailUrl\":\"https:\/\/guineediversite.com\/wp-content\/uploads\/2025\/12\/image_observation_cedeao.jpeg\",\"datePublished\":\"2025-12-28T19:04:29+00:00\",\"dateModified\":\"2025-12-28T19:04:29+00:00\",\"breadcrumb\":{\"@id\":\"https:\/\/guineediversite.com\/index.php\/2025\/12\/28\/presidentielle-en-guinee-la-cedeao-partage-ses-premieres-observations\/#breadcrumb\"},\"inLanguage\":\"fr-FR\",\"potentialAction\":[{\"@type\":\"ReadAction\",\"target\":[\"https:\/\/guineediversite.com\/index.php\/2025\/12\/28\/presidentielle-en-guinee-la-cedeao-partage-ses-premieres-observations\/\"]}]},{\"@type\":\"ImageObject\",\"inLanguage\":\"fr-FR\",\"@id\":\"https:\/\/guineediversite.com\/index.php\/2025\/12\/28\/presidentielle-en-guinee-la-cedeao-partage-ses-premieres-observations\/#primaryimage\",\"url\":\"https:\/\/guineediversite.com\/wp-content\/uploads\/2025\/12\/image_observation_cedeao.jpeg\",\"contentUrl\":\"https:\/\/guineediversite.com\/wp-content\/uploads\/2025\/12\/image_observation_cedeao.jpeg\",\"width\":1500,\"height\":1000},{\"@type\":\"BreadcrumbList\",\"@id\":\"https:\/\/guineediversite.com\/index.php\/2025\/12\/28\/presidentielle-en-guinee-la-cedeao-partage-ses-premieres-observations\/#breadcrumb\",\"itemListElement\":[{\"@type\":\"ListItem\",\"position\":1,\"name\":\"Accueil\",\"item\":\"https:\/\/guineediversite.com\/\"},{\"@type\":\"ListItem\",\"position\":2,\"name\":\"Pr\u00e9sidentielle en Guin\u00e9e : la CEDEAO partage ses premi\u00e8res observations\"}]},{\"@type\":\"WebSite\",\"@id\":\"https:\/\/guineediversite.com\/#website\",\"url\":\"https:\/\/guineediversite.com\/\",\"name\":\"Guin\u00e9e Diversit\u00e9\",\"description\":\"L&#039;Info dans toute sa diversit\u00e9\",\"publisher\":{\"@id\":\"https:\/\/guineediversite.com\/#organization\"},\"potentialAction\":[{\"@type\":\"SearchAction\",\"target\":{\"@type\":\"EntryPoint\",\"urlTemplate\":\"https:\/\/guineediversite.com\/?s={search_term_string}\"},\"query-input\":{\"@type\":\"PropertyValueSpecification\",\"valueRequired\":true,\"valueName\":\"search_term_string\"}}],\"inLanguage\":\"fr-FR\"},{\"@type\":\"Organization\",\"@id\":\"https:\/\/guineediversite.com\/#organization\",\"name\":\"Guin\u00e9e Diversit\u00e9\",\"url\":\"https:\/\/guineediversite.com\/\",\"logo\":{\"@type\":\"ImageObject\",\"inLanguage\":\"fr-FR\",\"@id\":\"https:\/\/guineediversite.com\/#\/schema\/logo\/image\/\",\"url\":\"https:\/\/guineediversite.com\/wp-content\/uploads\/2017\/04\/cropped-1jojlxEOMkX9Wyqfhe43D6kjPOGqBBKmx3EwWJqZ0cMrFF54yM49.png\",\"contentUrl\":\"https:\/\/guineediversite.com\/wp-content\/uploads\/2017\/04\/cropped-1jojlxEOMkX9Wyqfhe43D6kjPOGqBBKmx3EwWJqZ0cMrFF54yM49.png\",\"width\":186,\"height\":112,\"caption\":\"Guin\u00e9e Diversit\u00e9\"},\"image\":{\"@id\":\"https:\/\/guineediversite.com\/#\/schema\/logo\/image\/\"},\"sameAs\":[\"https:\/\/www.facebook.com\/guineediversite\/\",\"https:\/\/x.com\/GuineeDiversite\",\"https:\/\/www.youtube.com\/channel\/UC8sUY16qelG5ge6_D5SB83g\"]},{\"@type\":\"Person\",\"@id\":\"https:\/\/guineediversite.com\/#\/schema\/person\/afa08fb34e7fc6e1feafc892612bc836\",\"name\":\"Guin\u00e9e Diversit\u00e9\",\"image\":{\"@type\":\"ImageObject\",\"inLanguage\":\"fr-FR\",\"@id\":\"https:\/\/guineediversite.com\/#\/schema\/person\/image\/\",\"url\":\"https:\/\/secure.gravatar.com\/avatar\/50d5eb5b390f8b65ac30ac6f898eb83a?s=96&d=mm&r=g\",\"contentUrl\":\"https:\/\/secure.gravatar.com\/avatar\/50d5eb5b390f8b65ac30ac6f898eb83a?s=96&d=mm&r=g\",\"caption\":\"Guin\u00e9e Diversit\u00e9\"},\"url\":\"https:\/\/guineediversite.com\/index.php\/author\/guineediversite\/\"}]}<\/script>\n<!-- \/ Yoast SEO plugin. -->","yoast_head_json":{"title":"Pr\u00e9sidentielle en Guin\u00e9e : la CEDEAO partage ses premi\u00e8res observations | Guin\u00e9e Diversit\u00e9","robots":{"index":"index","follow":"follow","max-snippet":"max-snippet:-1","max-image-preview":"max-image-preview:large","max-video-preview":"max-video-preview:-1"},"canonical":"https:\/\/guineediversite.com\/index.php\/2025\/12\/28\/presidentielle-en-guinee-la-cedeao-partage-ses-premieres-observations\/","og_locale":"fr_FR","og_type":"article","og_title":"Pr\u00e9sidentielle en Guin\u00e9e : la CEDEAO partage ses premi\u00e8res observations | Guin\u00e9e Diversit\u00e9","og_description":"La Guin\u00e9e organise ce dimanche l\u2019\u00e9lection pr\u00e9sidentielle, avec environ 6,7 millions d\u2019\u00e9lecteurs appel\u00e9s \u00e0 se rendre aux urnes pour \u00e9lire le nouveau pr\u00e9sident de la R\u00e9publique. D\u00e8s l\u2019ouverture des bureaux de vote, une d\u00e9l\u00e9gation d\u2019observateurs de la Communaut\u00e9 \u00e9conomique des \u00c9tats de l\u2019Afrique de l\u2019Ouest (CEDEAO), conduite par le Dr Abdoulie Janneh, chef de la [&hellip;]","og_url":"https:\/\/guineediversite.com\/index.php\/2025\/12\/28\/presidentielle-en-guinee-la-cedeao-partage-ses-premieres-observations\/","og_site_name":"Guin\u00e9e Diversit\u00e9","article_publisher":"https:\/\/www.facebook.com\/guineediversite\/","article_published_time":"2025-12-28T19:04:29+00:00","og_image":[{"width":1500,"height":1000,"url":"https:\/\/guineediversite.com\/wp-content\/uploads\/2025\/12\/image_observation_cedeao.jpeg","type":"image\/jpeg"}],"author":"Guin\u00e9e Diversit\u00e9","twitter_card":"summary_large_image","twitter_creator":"@GuineeDiversite","twitter_site":"@GuineeDiversite","twitter_misc":{"\u00c9crit par":"Guin\u00e9e Diversit\u00e9","Dur\u00e9e de lecture estim\u00e9e":"2 minutes"},"schema":{"@context":"https:\/\/schema.org","@graph":[{"@type":"Article","@id":"https:\/\/guineediversite.com\/index.php\/2025\/12\/28\/presidentielle-en-guinee-la-cedeao-partage-ses-premieres-observations\/#article","isPartOf":{"@id":"https:\/\/guineediversite.com\/index.php\/2025\/12\/28\/presidentielle-en-guinee-la-cedeao-partage-ses-premieres-observations\/"},"author":{"name":"Guin\u00e9e Diversit\u00e9","@id":"https:\/\/guineediversite.com\/#\/schema\/person\/afa08fb34e7fc6e1feafc892612bc836"},"headline":"Pr\u00e9sidentielle en Guin\u00e9e : la CEDEAO partage ses premi\u00e8res observations","datePublished":"2025-12-28T19:04:29+00:00","dateModified":"2025-12-28T19:04:29+00:00","mainEntityOfPage":{"@id":"https:\/\/guineediversite.com\/index.php\/2025\/12\/28\/presidentielle-en-guinee-la-cedeao-partage-ses-premieres-observations\/"},"wordCount":327,"publisher":{"@id":"https:\/\/guineediversite.com\/#organization"},"image":{"@id":"https:\/\/guineediversite.com\/index.php\/2025\/12\/28\/presidentielle-en-guinee-la-cedeao-partage-ses-premieres-observations\/#primaryimage"},"thumbnailUrl":"https:\/\/guineediversite.com\/wp-content\/uploads\/2025\/12\/image_observation_cedeao.jpeg","articleSection":["Derni\u00e8re minute","Politique"],"inLanguage":"fr-FR"},{"@type":"WebPage","@id":"https:\/\/guineediversite.com\/index.php\/2025\/12\/28\/presidentielle-en-guinee-la-cedeao-partage-ses-premieres-observations\/","url":"https:\/\/guineediversite.com\/index.php\/2025\/12\/28\/presidentielle-en-guinee-la-cedeao-partage-ses-premieres-observations\/","name":"Pr\u00e9sidentielle en Guin\u00e9e : la CEDEAO partage ses premi\u00e8res observations | Guin\u00e9e Diversit\u00e9","isPartOf":{"@id":"https:\/\/guineediversite.com\/#website"},"primaryImageOfPage":{"@id":"https:\/\/guineediversite.com\/index.php\/2025\/12\/28\/presidentielle-en-guinee-la-cedeao-partage-ses-premieres-observations\/#primaryimage"},"image":{"@id":"https:\/\/guineediversite.com\/index.php\/2025\/12\/28\/presidentielle-en-guinee-la-cedeao-partage-ses-premieres-observations\/#primaryimage"},"thumbnailUrl":"https:\/\/guineediversite.com\/wp-content\/uploads\/2025\/12\/image_observation_cedeao.jpeg","datePublished":"2025-12-28T19:04:29+00:00","dateModified":"2025-12-28T19:04:29+00:00","breadcrumb":{"@id":"https:\/\/guineediversite.com\/index.php\/2025\/12\/28\/presidentielle-en-guinee-la-cedeao-partage-ses-premieres-observations\/#breadcrumb"},"inLanguage":"fr-FR","potentialAction":[{"@type":"ReadAction","target":["https:\/\/guineediversite.com\/index.php\/2025\/12\/28\/presidentielle-en-guinee-la-cedeao-partage-ses-premieres-observations\/"]}]},{"@type":"ImageObject","inLanguage":"fr-FR","@id":"https:\/\/guineediversite.com\/index.php\/2025\/12\/28\/presidentielle-en-guinee-la-cedeao-partage-ses-premieres-observations\/#primaryimage","url":"https:\/\/guineediversite.com\/wp-content\/uploads\/2025\/12\/image_observation_cedeao.jpeg","contentUrl":"https:\/\/guineediversite.com\/wp-content\/uploads\/2025\/12\/image_observation_cedeao.jpeg","width":1500,"height":1000},{"@type":"BreadcrumbList","@id":"https:\/\/guineediversite.com\/index.php\/2025\/12\/28\/presidentielle-en-guinee-la-cedeao-partage-ses-premieres-observations\/#breadcrumb","itemListElement":[{"@type":"ListItem","position":1,"name":"Accueil","item":"https:\/\/guineediversite.com\/"},{"@type":"ListItem","position":2,"name":"Pr\u00e9sidentielle en Guin\u00e9e : la CEDEAO partage ses premi\u00e8res observations"}]},{"@type":"WebSite","@id":"https:\/\/guineediversite.com\/#website","url":"https:\/\/guineediversite.com\/","name":"Guin\u00e9e Diversit\u00e9","description":"L&#039;Info dans toute sa diversit\u00e9","publisher":{"@id":"https:\/\/guineediversite.com\/#organization"},"potentialAction":[{"@type":"SearchAction","target":{"@type":"EntryPoint","urlTemplate":"https:\/\/guineediversite.com\/?s={search_term_string}"},"query-input":{"@type":"PropertyValueSpecification","valueRequired":true,"valueName":"search_term_string"}}],"inLanguage":"fr-FR"},{"@type":"Organization","@id":"https:\/\/guineediversite.com\/#organization","name":"Guin\u00e9e Diversit\u00e9","url":"https:\/\/guineediversite.com\/","logo":{"@type":"ImageObject","inLanguage":"fr-FR","@id":"https:\/\/guineediversite.com\/#\/schema\/logo\/image\/","url":"https:\/\/guineediversite.com\/wp-content\/uploads\/2017\/04\/cropped-1jojlxEOMkX9Wyqfhe43D6kjPOGqBBKmx3EwWJqZ0cMrFF54yM49.png","contentUrl":"https:\/\/guineediversite.com\/wp-content\/uploads\/2017\/04\/cropped-1jojlxEOMkX9Wyqfhe43D6kjPOGqBBKmx3EwWJqZ0cMrFF54yM49.png","width":186,"height":112,"caption":"Guin\u00e9e Diversit\u00e9"},"image":{"@id":"https:\/\/guineediversite.com\/#\/schema\/logo\/image\/"},"sameAs":["https:\/\/www.facebook.com\/guineediversite\/","https:\/\/x.com\/GuineeDiversite","https:\/\/www.youtube.com\/channel\/UC8sUY16qelG5ge6_D5SB83g"]},{"@type":"Person","@id":"https:\/\/guineediversite.com\/#\/schema\/person\/afa08fb34e7fc6e1feafc892612bc836","name":"Guin\u00e9e Diversit\u00e9","image":{"@type":"ImageObject","inLanguage":"fr-FR","@id":"https:\/\/guineediversite.com\/#\/schema\/person\/image\/","url":"https:\/\/secure.gravatar.com\/avatar\/50d5eb5b390f8b65ac30ac6f898eb83a?s=96&d=mm&r=g","contentUrl":"https:\/\/secure.gravatar.com\/avatar\/50d5eb5b390f8b65ac30ac6f898eb83a?s=96&d=mm&r=g","caption":"Guin\u00e9e Diversit\u00e9"},"url":"https:\/\/guineediversite.com\/index.php\/author\/guineediversite\/"}]}},"_links":{"self":[{"href":"https:\/\/guineediversite.com\/index.php\/wp-json\/wp\/v2\/posts\/32668"}],"collection":[{"href":"https:\/\/guineediversite.com\/index.php\/wp-json\/wp\/v2\/posts"}],"about":[{"href":"https:\/\/guineediversite.com\/index.php\/wp-json\/wp\/v2\/types\/post"}],"author":[{"embeddable":true,"href":"https:\/\/guineediversite.com\/index.php\/wp-json\/wp\/v2\/users\/12"}],"replies":[{"embeddable":true,"href":"https:\/\/guineediversite.com\/index.php\/wp-json\/wp\/v2\/comments?post=32668"}],"version-history":[{"count":1,"href":"https:\/\/guineediversite.com\/index.php\/wp-json\/wp\/v2\/posts\/32668\/revisions"}],"predecessor-version":[{"id":32670,"href":"https:\/\/guineediversite.com\/index.php\/wp-json\/wp\/v2\/posts\/32668\/revisions\/32670"}],"wp:featuredmedia":[{"embeddable":true,"href":"https:\/\/guineediversite.com\/index.php\/wp-json\/wp\/v2\/media\/32669"}],"wp:attachment":[{"href":"https:\/\/guineediversite.com\/index.php\/wp-json\/wp\/v2\/media?parent=32668"}],"wp:term":[{"taxonomy":"category","embeddable":true,"href":"https:\/\/guineediversite.com\/index.php\/wp-json\/wp\/v2\/categories?post=32668"},{"taxonomy":"post_tag","embeddable":true,"href":"https:\/\/guineediversite.com\/index.php\/wp-json\/wp\/v2\/tags?post=32668"}],"curies":[{"name":"wp","href":"https:\/\/api.w.org\/{rel}","templated":true}]}}