{"id":32652,"date":"2025-12-28T15:45:33","date_gmt":"2025-12-28T14:45:33","guid":{"rendered":"https:\/\/guineediversite.com\/?p=32652"},"modified":"2025-12-28T16:20:21","modified_gmt":"2025-12-28T15:20:21","slug":"presidentielle-le-candidat-du-frondeg-abdoulaye-yero-balde-vote-a-lambanyi","status":"publish","type":"post","link":"https:\/\/guineediversite.com\/index.php\/2025\/12\/28\/presidentielle-le-candidat-du-frondeg-abdoulaye-yero-balde-vote-a-lambanyi\/","title":{"rendered":"Pr\u00e9sidentielle : le candidat du FRONDEG Abdoulaye Yero Bald\u00e9 vote \u00e0 Lambanyi"},"content":{"rendered":"\n<p><strong>Le candidat Abdoulaye Yero Bald\u00e9 pr\u00e9sident du parti FRONDEG a vot\u00e9 au groupe scolaire Banantou \u00e0 Lambanyi.<\/strong><\/p>\n\n\n\n<p><br>A sa sortie, le candidat Y\u00e9ro Bald\u00e9 s\u2019est exprim\u00e9 sur le d\u00e9roulement du processus : \u00ab Nous avons vu la mobilisation populaire lors de nos d\u00e9placements \u00e0 l\u2019int\u00e9rieur du pays et \u00e9galement \u00e0 Conakry. Il y a une volont\u00e9 farouche que nous avons vue chez les populations, une volont\u00e9 de changement.<\/p>\n\n\n\n<p> Aujourd\u2019hui, est un jour historique qui va sceller le destin de la Guin\u00e9e pour les d\u00e9cennies \u00e0 venir, pour les si\u00e8cles \u00e0 venir. L\u00e0, je suis venu voter avec confiance, sachant que les \u00e9lecteurs m\u2019apporteront leur voix, puisqu\u2019ils ont \u00e9cout\u00e9 notre programme. \u00bb<\/p>\n\n\n\n<p>Selon lui, cette \u00e9lection constitue un tournant decisif pour l\u2019avenir de notre pays. \u00ab Aujourd\u2019hui est ce jour historique qui va sceller le destin de la Guin\u00e9e pour les d\u00e9cennies \u00e0 venir, pour les si\u00e8cles \u00e0 venir. Je suis venu voter avec confiance, sachant que les \u00e9lecteurs m\u2019apporteront leur voix, puisqu\u2019ils ont \u00e9cout\u00e9 notre programme tout au long de cette campagne. J\u2019esp\u00e8re que le verdict des urnes sera respect\u00e9 \u00bb.<\/p>\n\n\n\n<p><br>Avant d&rsquo;ajouter que ce scrutin : \u00ab Ce n\u2019est pas un combat de personnes, mais surtout c\u2019est un combat de programme et un combat pour l\u2019avenir de notre pays \u00bb<\/p>\n\n\n\n<p><br>Abdoulaye Yero a aussi signaler que ,\u00ab depuis quelques jours, il y a quelques anomalies dans certaines r\u00e9gions du pays o\u00f9 certains administrateurs ne respectent pas les r\u00e8gles du jeu, ne respectent pas le code \u00e9lectoral \u00bb.<\/p>\n\n\n\n<p><br>N\u00e9anmoins , il a salu\u00e9 les efforts de la Directrice g\u00e9n\u00e9rale des \u00e9lections.<\/p>\n","protected":false},"excerpt":{"rendered":"<p>Le candidat Abdoulaye Yero Bald\u00e9 pr\u00e9sident du parti FRONDEG a vot\u00e9 au groupe scolaire Banantou \u00e0 Lambanyi. A sa sortie, le candidat Y\u00e9ro Bald\u00e9 s\u2019est exprim\u00e9 sur le d\u00e9roulement du processus : \u00ab Nous avons vu la mobilisation populaire lors de nos d\u00e9placements \u00e0 l\u2019int\u00e9rieur du pays et \u00e9galement \u00e0 Conakry. Il y a une [&hellip;]<\/p>\n","protected":false},"author":6,"featured_media":32659,"comment_status":"closed","ping_status":"open","sticky":false,"template":"","format":"standard","meta":{"_exactmetrics_skip_tracking":false,"_exactmetrics_sitenote_active":false,"_exactmetrics_sitenote_note":"","_exactmetrics_sitenote_category":0,"tdm_status":"","tdm_grid_status":"","footnotes":""},"categories":[254,14],"tags":[],"class_list":{"0":"post-32652","1":"post","2":"type-post","3":"status-publish","4":"format-standard","5":"has-post-thumbnail","7":"category-derniere-minute","8":"category-politique"},"yoast_head":"<!-- This site is optimized with the Yoast SEO plugin v24.2 - https:\/\/yoast.com\/wordpress\/plugins\/seo\/ -->\n<title>Pr\u00e9sidentielle : le candidat du FRONDEG Abdoulaye Yero Bald\u00e9 vote \u00e0 Lambanyi | Guin\u00e9e Diversit\u00e9<\/title>\n<meta name=\"robots\" content=\"index, follow, max-snippet:-1, max-image-preview:large, max-video-preview:-1\" \/>\n<link rel=\"canonical\" href=\"https:\/\/guineediversite.com\/index.php\/2025\/12\/28\/presidentielle-le-candidat-du-frondeg-abdoulaye-yero-balde-vote-a-lambanyi\/\" \/>\n<meta property=\"og:locale\" content=\"fr_FR\" \/>\n<meta property=\"og:type\" content=\"article\" \/>\n<meta property=\"og:title\" content=\"Pr\u00e9sidentielle : le candidat du FRONDEG Abdoulaye Yero Bald\u00e9 vote \u00e0 Lambanyi | Guin\u00e9e Diversit\u00e9\" \/>\n<meta property=\"og:description\" content=\"Le candidat Abdoulaye Yero Bald\u00e9 pr\u00e9sident du parti FRONDEG a vot\u00e9 au groupe scolaire Banantou \u00e0 Lambanyi. A sa sortie, le candidat Y\u00e9ro Bald\u00e9 s\u2019est exprim\u00e9 sur le d\u00e9roulement du processus : \u00ab Nous avons vu la mobilisation populaire lors de nos d\u00e9placements \u00e0 l\u2019int\u00e9rieur du pays et \u00e9galement \u00e0 Conakry. Il y a une [&hellip;]\" \/>\n<meta property=\"og:url\" content=\"https:\/\/guineediversite.com\/index.php\/2025\/12\/28\/presidentielle-le-candidat-du-frondeg-abdoulaye-yero-balde-vote-a-lambanyi\/\" \/>\n<meta property=\"og:site_name\" content=\"Guin\u00e9e Diversit\u00e9\" \/>\n<meta property=\"article:publisher\" content=\"https:\/\/www.facebook.com\/guineediversite\/\" \/>\n<meta property=\"article:published_time\" content=\"2025-12-28T14:45:33+00:00\" \/>\n<meta property=\"article:modified_time\" content=\"2025-12-28T15:20:21+00:00\" \/>\n<meta property=\"og:image\" content=\"https:\/\/guineediversite.com\/wp-content\/uploads\/2025\/12\/img_4549.jpg\" \/>\n\t<meta property=\"og:image:width\" content=\"1770\" \/>\n\t<meta property=\"og:image:height\" content=\"1800\" \/>\n\t<meta property=\"og:image:type\" content=\"image\/jpeg\" \/>\n<meta name=\"author\" content=\"TMB\" \/>\n<meta name=\"twitter:card\" content=\"summary_large_image\" \/>\n<meta name=\"twitter:creator\" content=\"@TmoussaBah\" \/>\n<meta name=\"twitter:site\" content=\"@GuineeDiversite\" \/>\n<meta name=\"twitter:label1\" content=\"\u00c9crit par\" \/>\n\t<meta name=\"twitter:data1\" content=\"TMB\" \/>\n\t<meta name=\"twitter:label2\" content=\"Dur\u00e9e de lecture estim\u00e9e\" \/>\n\t<meta name=\"twitter:data2\" content=\"1 minute\" \/>\n<script type=\"application\/ld+json\" class=\"yoast-schema-graph\">{\"@context\":\"https:\/\/schema.org\",\"@graph\":[{\"@type\":\"Article\",\"@id\":\"https:\/\/guineediversite.com\/index.php\/2025\/12\/28\/presidentielle-le-candidat-du-frondeg-abdoulaye-yero-balde-vote-a-lambanyi\/#article\",\"isPartOf\":{\"@id\":\"https:\/\/guineediversite.com\/index.php\/2025\/12\/28\/presidentielle-le-candidat-du-frondeg-abdoulaye-yero-balde-vote-a-lambanyi\/\"},\"author\":{\"name\":\"TMB\",\"@id\":\"https:\/\/guineediversite.com\/#\/schema\/person\/93f07b8b19c6b61656d0edeba739b9e2\"},\"headline\":\"Pr\u00e9sidentielle : le candidat du FRONDEG Abdoulaye Yero Bald\u00e9 vote \u00e0 Lambanyi\",\"datePublished\":\"2025-12-28T14:45:33+00:00\",\"dateModified\":\"2025-12-28T15:20:21+00:00\",\"mainEntityOfPage\":{\"@id\":\"https:\/\/guineediversite.com\/index.php\/2025\/12\/28\/presidentielle-le-candidat-du-frondeg-abdoulaye-yero-balde-vote-a-lambanyi\/\"},\"wordCount\":285,\"publisher\":{\"@id\":\"https:\/\/guineediversite.com\/#organization\"},\"image\":{\"@id\":\"https:\/\/guineediversite.com\/index.php\/2025\/12\/28\/presidentielle-le-candidat-du-frondeg-abdoulaye-yero-balde-vote-a-lambanyi\/#primaryimage\"},\"thumbnailUrl\":\"https:\/\/guineediversite.com\/wp-content\/uploads\/2025\/12\/img_4549.jpg\",\"articleSection\":[\"Derni\u00e8re minute\",\"Politique\"],\"inLanguage\":\"fr-FR\"},{\"@type\":\"WebPage\",\"@id\":\"https:\/\/guineediversite.com\/index.php\/2025\/12\/28\/presidentielle-le-candidat-du-frondeg-abdoulaye-yero-balde-vote-a-lambanyi\/\",\"url\":\"https:\/\/guineediversite.com\/index.php\/2025\/12\/28\/presidentielle-le-candidat-du-frondeg-abdoulaye-yero-balde-vote-a-lambanyi\/\",\"name\":\"Pr\u00e9sidentielle : le candidat du FRONDEG Abdoulaye Yero Bald\u00e9 vote \u00e0 Lambanyi | Guin\u00e9e Diversit\u00e9\",\"isPartOf\":{\"@id\":\"https:\/\/guineediversite.com\/#website\"},\"primaryImageOfPage\":{\"@id\":\"https:\/\/guineediversite.com\/index.php\/2025\/12\/28\/presidentielle-le-candidat-du-frondeg-abdoulaye-yero-balde-vote-a-lambanyi\/#primaryimage\"},\"image\":{\"@id\":\"https:\/\/guineediversite.com\/index.php\/2025\/12\/28\/presidentielle-le-candidat-du-frondeg-abdoulaye-yero-balde-vote-a-lambanyi\/#primaryimage\"},\"thumbnailUrl\":\"https:\/\/guineediversite.com\/wp-content\/uploads\/2025\/12\/img_4549.jpg\",\"datePublished\":\"2025-12-28T14:45:33+00:00\",\"dateModified\":\"2025-12-28T15:20:21+00:00\",\"breadcrumb\":{\"@id\":\"https:\/\/guineediversite.com\/index.php\/2025\/12\/28\/presidentielle-le-candidat-du-frondeg-abdoulaye-yero-balde-vote-a-lambanyi\/#breadcrumb\"},\"inLanguage\":\"fr-FR\",\"potentialAction\":[{\"@type\":\"ReadAction\",\"target\":[\"https:\/\/guineediversite.com\/index.php\/2025\/12\/28\/presidentielle-le-candidat-du-frondeg-abdoulaye-yero-balde-vote-a-lambanyi\/\"]}]},{\"@type\":\"ImageObject\",\"inLanguage\":\"fr-FR\",\"@id\":\"https:\/\/guineediversite.com\/index.php\/2025\/12\/28\/presidentielle-le-candidat-du-frondeg-abdoulaye-yero-balde-vote-a-lambanyi\/#primaryimage\",\"url\":\"https:\/\/guineediversite.com\/wp-content\/uploads\/2025\/12\/img_4549.jpg\",\"contentUrl\":\"https:\/\/guineediversite.com\/wp-content\/uploads\/2025\/12\/img_4549.jpg\",\"width\":1770,\"height\":1800},{\"@type\":\"BreadcrumbList\",\"@id\":\"https:\/\/guineediversite.com\/index.php\/2025\/12\/28\/presidentielle-le-candidat-du-frondeg-abdoulaye-yero-balde-vote-a-lambanyi\/#breadcrumb\",\"itemListElement\":[{\"@type\":\"ListItem\",\"position\":1,\"name\":\"Accueil\",\"item\":\"https:\/\/guineediversite.com\/\"},{\"@type\":\"ListItem\",\"position\":2,\"name\":\"Pr\u00e9sidentielle : le candidat du FRONDEG Abdoulaye Yero Bald\u00e9 vote \u00e0 Lambanyi\"}]},{\"@type\":\"WebSite\",\"@id\":\"https:\/\/guineediversite.com\/#website\",\"url\":\"https:\/\/guineediversite.com\/\",\"name\":\"Guin\u00e9e Diversit\u00e9\",\"description\":\"L&#039;Info dans toute sa diversit\u00e9\",\"publisher\":{\"@id\":\"https:\/\/guineediversite.com\/#organization\"},\"potentialAction\":[{\"@type\":\"SearchAction\",\"target\":{\"@type\":\"EntryPoint\",\"urlTemplate\":\"https:\/\/guineediversite.com\/?s={search_term_string}\"},\"query-input\":{\"@type\":\"PropertyValueSpecification\",\"valueRequired\":true,\"valueName\":\"search_term_string\"}}],\"inLanguage\":\"fr-FR\"},{\"@type\":\"Organization\",\"@id\":\"https:\/\/guineediversite.com\/#organization\",\"name\":\"Guin\u00e9e Diversit\u00e9\",\"url\":\"https:\/\/guineediversite.com\/\",\"logo\":{\"@type\":\"ImageObject\",\"inLanguage\":\"fr-FR\",\"@id\":\"https:\/\/guineediversite.com\/#\/schema\/logo\/image\/\",\"url\":\"https:\/\/guineediversite.com\/wp-content\/uploads\/2017\/04\/cropped-1jojlxEOMkX9Wyqfhe43D6kjPOGqBBKmx3EwWJqZ0cMrFF54yM49.png\",\"contentUrl\":\"https:\/\/guineediversite.com\/wp-content\/uploads\/2017\/04\/cropped-1jojlxEOMkX9Wyqfhe43D6kjPOGqBBKmx3EwWJqZ0cMrFF54yM49.png\",\"width\":186,\"height\":112,\"caption\":\"Guin\u00e9e Diversit\u00e9\"},\"image\":{\"@id\":\"https:\/\/guineediversite.com\/#\/schema\/logo\/image\/\"},\"sameAs\":[\"https:\/\/www.facebook.com\/guineediversite\/\",\"https:\/\/x.com\/GuineeDiversite\",\"https:\/\/www.youtube.com\/channel\/UC8sUY16qelG5ge6_D5SB83g\"]},{\"@type\":\"Person\",\"@id\":\"https:\/\/guineediversite.com\/#\/schema\/person\/93f07b8b19c6b61656d0edeba739b9e2\",\"name\":\"TMB\",\"image\":{\"@type\":\"ImageObject\",\"inLanguage\":\"fr-FR\",\"@id\":\"https:\/\/guineediversite.com\/#\/schema\/person\/image\/\",\"url\":\"https:\/\/secure.gravatar.com\/avatar\/2bbb03bec976020eaf4dfa0af0a5259f?s=96&d=mm&r=g\",\"contentUrl\":\"https:\/\/secure.gravatar.com\/avatar\/2bbb03bec976020eaf4dfa0af0a5259f?s=96&d=mm&r=g\",\"caption\":\"TMB\"},\"sameAs\":[\"https:\/\/x.com\/TmoussaBah\"],\"url\":\"https:\/\/guineediversite.com\/index.php\/author\/thierno\/\"}]}<\/script>\n<!-- \/ Yoast SEO plugin. -->","yoast_head_json":{"title":"Pr\u00e9sidentielle : le candidat du FRONDEG Abdoulaye Yero Bald\u00e9 vote \u00e0 Lambanyi | Guin\u00e9e Diversit\u00e9","robots":{"index":"index","follow":"follow","max-snippet":"max-snippet:-1","max-image-preview":"max-image-preview:large","max-video-preview":"max-video-preview:-1"},"canonical":"https:\/\/guineediversite.com\/index.php\/2025\/12\/28\/presidentielle-le-candidat-du-frondeg-abdoulaye-yero-balde-vote-a-lambanyi\/","og_locale":"fr_FR","og_type":"article","og_title":"Pr\u00e9sidentielle : le candidat du FRONDEG Abdoulaye Yero Bald\u00e9 vote \u00e0 Lambanyi | Guin\u00e9e Diversit\u00e9","og_description":"Le candidat Abdoulaye Yero Bald\u00e9 pr\u00e9sident du parti FRONDEG a vot\u00e9 au groupe scolaire Banantou \u00e0 Lambanyi. A sa sortie, le candidat Y\u00e9ro Bald\u00e9 s\u2019est exprim\u00e9 sur le d\u00e9roulement du processus : \u00ab Nous avons vu la mobilisation populaire lors de nos d\u00e9placements \u00e0 l\u2019int\u00e9rieur du pays et \u00e9galement \u00e0 Conakry. Il y a une [&hellip;]","og_url":"https:\/\/guineediversite.com\/index.php\/2025\/12\/28\/presidentielle-le-candidat-du-frondeg-abdoulaye-yero-balde-vote-a-lambanyi\/","og_site_name":"Guin\u00e9e Diversit\u00e9","article_publisher":"https:\/\/www.facebook.com\/guineediversite\/","article_published_time":"2025-12-28T14:45:33+00:00","article_modified_time":"2025-12-28T15:20:21+00:00","og_image":[{"width":1770,"height":1800,"url":"https:\/\/guineediversite.com\/wp-content\/uploads\/2025\/12\/img_4549.jpg","type":"image\/jpeg"}],"author":"TMB","twitter_card":"summary_large_image","twitter_creator":"@TmoussaBah","twitter_site":"@GuineeDiversite","twitter_misc":{"\u00c9crit par":"TMB","Dur\u00e9e de lecture estim\u00e9e":"1 minute"},"schema":{"@context":"https:\/\/schema.org","@graph":[{"@type":"Article","@id":"https:\/\/guineediversite.com\/index.php\/2025\/12\/28\/presidentielle-le-candidat-du-frondeg-abdoulaye-yero-balde-vote-a-lambanyi\/#article","isPartOf":{"@id":"https:\/\/guineediversite.com\/index.php\/2025\/12\/28\/presidentielle-le-candidat-du-frondeg-abdoulaye-yero-balde-vote-a-lambanyi\/"},"author":{"name":"TMB","@id":"https:\/\/guineediversite.com\/#\/schema\/person\/93f07b8b19c6b61656d0edeba739b9e2"},"headline":"Pr\u00e9sidentielle : le candidat du FRONDEG Abdoulaye Yero Bald\u00e9 vote \u00e0 Lambanyi","datePublished":"2025-12-28T14:45:33+00:00","dateModified":"2025-12-28T15:20:21+00:00","mainEntityOfPage":{"@id":"https:\/\/guineediversite.com\/index.php\/2025\/12\/28\/presidentielle-le-candidat-du-frondeg-abdoulaye-yero-balde-vote-a-lambanyi\/"},"wordCount":285,"publisher":{"@id":"https:\/\/guineediversite.com\/#organization"},"image":{"@id":"https:\/\/guineediversite.com\/index.php\/2025\/12\/28\/presidentielle-le-candidat-du-frondeg-abdoulaye-yero-balde-vote-a-lambanyi\/#primaryimage"},"thumbnailUrl":"https:\/\/guineediversite.com\/wp-content\/uploads\/2025\/12\/img_4549.jpg","articleSection":["Derni\u00e8re minute","Politique"],"inLanguage":"fr-FR"},{"@type":"WebPage","@id":"https:\/\/guineediversite.com\/index.php\/2025\/12\/28\/presidentielle-le-candidat-du-frondeg-abdoulaye-yero-balde-vote-a-lambanyi\/","url":"https:\/\/guineediversite.com\/index.php\/2025\/12\/28\/presidentielle-le-candidat-du-frondeg-abdoulaye-yero-balde-vote-a-lambanyi\/","name":"Pr\u00e9sidentielle : le candidat du FRONDEG Abdoulaye Yero Bald\u00e9 vote \u00e0 Lambanyi | Guin\u00e9e Diversit\u00e9","isPartOf":{"@id":"https:\/\/guineediversite.com\/#website"},"primaryImageOfPage":{"@id":"https:\/\/guineediversite.com\/index.php\/2025\/12\/28\/presidentielle-le-candidat-du-frondeg-abdoulaye-yero-balde-vote-a-lambanyi\/#primaryimage"},"image":{"@id":"https:\/\/guineediversite.com\/index.php\/2025\/12\/28\/presidentielle-le-candidat-du-frondeg-abdoulaye-yero-balde-vote-a-lambanyi\/#primaryimage"},"thumbnailUrl":"https:\/\/guineediversite.com\/wp-content\/uploads\/2025\/12\/img_4549.jpg","datePublished":"2025-12-28T14:45:33+00:00","dateModified":"2025-12-28T15:20:21+00:00","breadcrumb":{"@id":"https:\/\/guineediversite.com\/index.php\/2025\/12\/28\/presidentielle-le-candidat-du-frondeg-abdoulaye-yero-balde-vote-a-lambanyi\/#breadcrumb"},"inLanguage":"fr-FR","potentialAction":[{"@type":"ReadAction","target":["https:\/\/guineediversite.com\/index.php\/2025\/12\/28\/presidentielle-le-candidat-du-frondeg-abdoulaye-yero-balde-vote-a-lambanyi\/"]}]},{"@type":"ImageObject","inLanguage":"fr-FR","@id":"https:\/\/guineediversite.com\/index.php\/2025\/12\/28\/presidentielle-le-candidat-du-frondeg-abdoulaye-yero-balde-vote-a-lambanyi\/#primaryimage","url":"https:\/\/guineediversite.com\/wp-content\/uploads\/2025\/12\/img_4549.jpg","contentUrl":"https:\/\/guineediversite.com\/wp-content\/uploads\/2025\/12\/img_4549.jpg","width":1770,"height":1800},{"@type":"BreadcrumbList","@id":"https:\/\/guineediversite.com\/index.php\/2025\/12\/28\/presidentielle-le-candidat-du-frondeg-abdoulaye-yero-balde-vote-a-lambanyi\/#breadcrumb","itemListElement":[{"@type":"ListItem","position":1,"name":"Accueil","item":"https:\/\/guineediversite.com\/"},{"@type":"ListItem","position":2,"name":"Pr\u00e9sidentielle : le candidat du FRONDEG Abdoulaye Yero Bald\u00e9 vote \u00e0 Lambanyi"}]},{"@type":"WebSite","@id":"https:\/\/guineediversite.com\/#website","url":"https:\/\/guineediversite.com\/","name":"Guin\u00e9e Diversit\u00e9","description":"L&#039;Info dans toute sa diversit\u00e9","publisher":{"@id":"https:\/\/guineediversite.com\/#organization"},"potentialAction":[{"@type":"SearchAction","target":{"@type":"EntryPoint","urlTemplate":"https:\/\/guineediversite.com\/?s={search_term_string}"},"query-input":{"@type":"PropertyValueSpecification","valueRequired":true,"valueName":"search_term_string"}}],"inLanguage":"fr-FR"},{"@type":"Organization","@id":"https:\/\/guineediversite.com\/#organization","name":"Guin\u00e9e Diversit\u00e9","url":"https:\/\/guineediversite.com\/","logo":{"@type":"ImageObject","inLanguage":"fr-FR","@id":"https:\/\/guineediversite.com\/#\/schema\/logo\/image\/","url":"https:\/\/guineediversite.com\/wp-content\/uploads\/2017\/04\/cropped-1jojlxEOMkX9Wyqfhe43D6kjPOGqBBKmx3EwWJqZ0cMrFF54yM49.png","contentUrl":"https:\/\/guineediversite.com\/wp-content\/uploads\/2017\/04\/cropped-1jojlxEOMkX9Wyqfhe43D6kjPOGqBBKmx3EwWJqZ0cMrFF54yM49.png","width":186,"height":112,"caption":"Guin\u00e9e Diversit\u00e9"},"image":{"@id":"https:\/\/guineediversite.com\/#\/schema\/logo\/image\/"},"sameAs":["https:\/\/www.facebook.com\/guineediversite\/","https:\/\/x.com\/GuineeDiversite","https:\/\/www.youtube.com\/channel\/UC8sUY16qelG5ge6_D5SB83g"]},{"@type":"Person","@id":"https:\/\/guineediversite.com\/#\/schema\/person\/93f07b8b19c6b61656d0edeba739b9e2","name":"TMB","image":{"@type":"ImageObject","inLanguage":"fr-FR","@id":"https:\/\/guineediversite.com\/#\/schema\/person\/image\/","url":"https:\/\/secure.gravatar.com\/avatar\/2bbb03bec976020eaf4dfa0af0a5259f?s=96&d=mm&r=g","contentUrl":"https:\/\/secure.gravatar.com\/avatar\/2bbb03bec976020eaf4dfa0af0a5259f?s=96&d=mm&r=g","caption":"TMB"},"sameAs":["https:\/\/x.com\/TmoussaBah"],"url":"https:\/\/guineediversite.com\/index.php\/author\/thierno\/"}]}},"_links":{"self":[{"href":"https:\/\/guineediversite.com\/index.php\/wp-json\/wp\/v2\/posts\/32652"}],"collection":[{"href":"https:\/\/guineediversite.com\/index.php\/wp-json\/wp\/v2\/posts"}],"about":[{"href":"https:\/\/guineediversite.com\/index.php\/wp-json\/wp\/v2\/types\/post"}],"author":[{"embeddable":true,"href":"https:\/\/guineediversite.com\/index.php\/wp-json\/wp\/v2\/users\/6"}],"replies":[{"embeddable":true,"href":"https:\/\/guineediversite.com\/index.php\/wp-json\/wp\/v2\/comments?post=32652"}],"version-history":[{"count":1,"href":"https:\/\/guineediversite.com\/index.php\/wp-json\/wp\/v2\/posts\/32652\/revisions"}],"predecessor-version":[{"id":32653,"href":"https:\/\/guineediversite.com\/index.php\/wp-json\/wp\/v2\/posts\/32652\/revisions\/32653"}],"wp:featuredmedia":[{"embeddable":true,"href":"https:\/\/guineediversite.com\/index.php\/wp-json\/wp\/v2\/media\/32659"}],"wp:attachment":[{"href":"https:\/\/guineediversite.com\/index.php\/wp-json\/wp\/v2\/media?parent=32652"}],"wp:term":[{"taxonomy":"category","embeddable":true,"href":"https:\/\/guineediversite.com\/index.php\/wp-json\/wp\/v2\/categories?post=32652"},{"taxonomy":"post_tag","embeddable":true,"href":"https:\/\/guineediversite.com\/index.php\/wp-json\/wp\/v2\/tags?post=32652"}],"curies":[{"name":"wp","href":"https:\/\/api.w.org\/{rel}","templated":true}]}}