{"id":32622,"date":"2025-12-23T20:50:49","date_gmt":"2025-12-23T19:50:49","guid":{"rendered":"https:\/\/guineediversite.com\/?p=32622"},"modified":"2025-12-23T20:50:49","modified_gmt":"2025-12-23T19:50:49","slug":"guinee-presidentielle-du-28-decembre-la-dge-mobilise-les-observateurs-nationaux-et-internationaux","status":"publish","type":"post","link":"https:\/\/guineediversite.com\/index.php\/2025\/12\/23\/guinee-presidentielle-du-28-decembre-la-dge-mobilise-les-observateurs-nationaux-et-internationaux\/","title":{"rendered":"Guin\u00e9e- Pr\u00e9sidentielle du 28 d\u00e9cembre : la DGE mobilise les observateurs nationaux et internationaux"},"content":{"rendered":"<p><strong>\u00c0 cinq jours de l\u2019\u00e9lection pr\u00e9sidentielle pr\u00e9vue le 28 d\u00e9cembre, la Direction g\u00e9n\u00e9rale des \u00e9lections (DGE) a organis\u00e9, ce mardi 23 d\u00e9cembre 2025 \u00e0 Conakry, une session d\u2019information et d\u2019orientation \u00e0 l\u2019intention des observateurs nationaux et internationaux accr\u00e9dit\u00e9s.<\/strong><\/p>\n<p>La rencontre a r\u00e9uni des repr\u00e9sentants d\u2019organisations sous-r\u00e9gionales, r\u00e9gionales et internationales, des missions diplomatiques, des institutions publiques, des organisations de la soci\u00e9t\u00e9 civile ainsi que des professionnels des m\u00e9dias, tous engag\u00e9s dans le suivi du processus \u00e9lectoral.<\/p>\n<p>\u00c0 l\u2019ouverture des travaux, la directrice g\u00e9n\u00e9rale des \u00c9lections, Mme Camara Djenabou Tour\u00e9, a invit\u00e9 l\u2019assistance \u00e0 observer une minute de silence en hommage aux \u00ab martyrs de la d\u00e9mocratie \u00bb et aux victimes des \u00e9v\u00e9nements politiques survenus ces derni\u00e8res ann\u00e9es en Guin\u00e9e.<\/p>\n<p>Elle a ensuite salu\u00e9 la forte mobilisation des organisations accr\u00e9dit\u00e9es, soulignant la pr\u00e9sence d\u2019observateurs issus notamment de la CEDEAO, de l\u2019Union europ\u00e9enne, du syst\u00e8me des Nations unies, de l\u2019Organisation internationale de la Francophonie (OIF), du Parlement africain, ainsi que de nombreuses organisations non gouvernementales nationales et internationales.<\/p>\n<p>Au nom du Premier ministre, du ministre de l\u2019Administration du territoire et de la D\u00e9centralisation et de la DGE, la responsable de l\u2019organe \u00e9lectoral a remerci\u00e9 les partenaires pour leur implication dans l\u2019accompagnement d\u2019un processus \u00e9lectoral inscrit, selon elle, dans la dynamique de sortie de la transition et de retour \u00e0 l\u2019ordre constitutionnel.<\/p>\n<p>Mme Tour\u00e9 a rappel\u00e9 que cette p\u00e9riode de transition a \u00e9t\u00e9 marqu\u00e9e par l\u2019adoption d\u2019une nouvelle Constitution et d\u2019un nouveau Code \u00e9lectoral, jetant les bases du scrutin pr\u00e9sidentiel.<\/p>\n<p>Sur le plan organisationnel, la DGE a mis en place une plateforme num\u00e9rique d\u2019accr\u00e9ditation, destin\u00e9e \u00e0 faciliter la participation et le d\u00e9ploiement des missions d\u2019observation. \u00c0 l\u2019issue du processus, pr\u00e8s de 10 000 observateurs, issus d\u2019environ 100 organisations et institutions, ont \u00e9t\u00e9 accr\u00e9dit\u00e9s pour \u00eatre d\u00e9ploy\u00e9s dans les 23 662 bureaux de vote r\u00e9partis sur l\u2019ensemble du territoire national.<\/p>\n<p>Cette proc\u00e9dure, selon la DGE, a permis de collecter des informations d\u00e9taill\u00e9es sur les institutions et les observateurs, en vue de la d\u00e9livrance de badges d\u2019identification et de guides d\u2019observation.<\/p>\n<p>La directrice g\u00e9n\u00e9rale des \u00c9lections a assur\u00e9 qu\u2019un dispositif juridique, institutionnel et op\u00e9rationnel est en place pour garantir un scrutin \u00ab libre, transparent et inclusif \u00bb. Elle a \u00e9galement mis en avant la collaboration avec les organisations de la soci\u00e9t\u00e9 civile et les m\u00e9dias, formalis\u00e9e par des conventions comprenant un appui financier destin\u00e9 \u00e0 faciliter leurs activit\u00e9s d\u2019information et d\u2019observation.<\/p>\n<p>La session d\u2019orientation vise trois objectifs majeurs : la ma\u00eetrise du cadre juridique et r\u00e9glementaire de l\u2019\u00e9lection pr\u00e9sidentielle, la compr\u00e9hension des droits et obligations des observateurs conform\u00e9ment aux standards internationaux, et l\u2019appropriation des r\u00e8gles applicables au vote et \u00e0 la centralisation des r\u00e9sultats.<\/p>\n<p>Les observateurs sont ainsi appel\u00e9s \u00e0 suivre toutes les \u00e9tapes du processus \u00e9lectoral, depuis l\u2019acheminement du mat\u00e9riel jusqu\u2019\u00e0 la proclamation des r\u00e9sultats provisoires et d\u00e9finitifs, dans le respect des principes de professionnalisme, neutralit\u00e9, objectivit\u00e9 et des limites territoriales fix\u00e9es par leurs accr\u00e9ditations.<\/p>\n<p>\u00c0 l\u2019issue de la rencontre, Gabriel Haba, pr\u00e9sident du Conseil national des organisations de la soci\u00e9t\u00e9 civile (CNOCS), a salu\u00e9 l\u2019initiative de la DGE, qu\u2019il a qualifi\u00e9e de \u00ab pratique d\u00e9mocratique \u00bb contribuant \u00e0 la transparence et \u00e0 la cr\u00e9dibilit\u00e9 du processus \u00e9lectoral.<\/p>\n<p>Il a toutefois exprim\u00e9 plusieurs pr\u00e9occupations, notamment des cas de communication jug\u00e9e inappropri\u00e9e sur les documents de vote, l\u2019implication de certains ministres dans la campagne \u00e9lectorale, ainsi que les restrictions d\u2019acc\u00e8s \u00e0 Internet observ\u00e9es ces derniers jours. Des situations qui, selon lui, pourraient affecter le bon d\u00e9roulement du scrutin et le fonctionnement des m\u00e9canismes de veille citoyenne.<\/p>\n<p>Le pr\u00e9sident du CNOCS a appel\u00e9 les autorit\u00e9s \u00e0 prendre en compte ces observations afin de pr\u00e9server l\u2019\u00e9quit\u00e9 du processus \u00e9lectoral et de favoriser l\u2019acceptation des r\u00e9sultats par l\u2019ensemble des acteurs.<\/p>\n<p>&nbsp;<\/p>\n<p>&nbsp;<\/p>\n","protected":false},"excerpt":{"rendered":"<p>\u00c0 cinq jours de l\u2019\u00e9lection pr\u00e9sidentielle pr\u00e9vue le 28 d\u00e9cembre, la Direction g\u00e9n\u00e9rale des \u00e9lections (DGE) a organis\u00e9, ce mardi 23 d\u00e9cembre 2025 \u00e0 Conakry, une session d\u2019information et d\u2019orientation \u00e0 l\u2019intention des observateurs nationaux et internationaux accr\u00e9dit\u00e9s. La rencontre a r\u00e9uni des repr\u00e9sentants d\u2019organisations sous-r\u00e9gionales, r\u00e9gionales et internationales, des missions diplomatiques, des institutions publiques, [&hellip;]<\/p>\n","protected":false},"author":7,"featured_media":32623,"comment_status":"closed","ping_status":"open","sticky":false,"template":"","format":"standard","meta":{"_exactmetrics_skip_tracking":false,"_exactmetrics_sitenote_active":false,"_exactmetrics_sitenote_note":"","_exactmetrics_sitenote_category":0,"tdm_status":"","tdm_grid_status":"","footnotes":""},"categories":[254,16],"tags":[],"class_list":{"0":"post-32622","1":"post","2":"type-post","3":"status-publish","4":"format-standard","5":"has-post-thumbnail","7":"category-derniere-minute","8":"category-societe"},"yoast_head":"<!-- This site is optimized with the Yoast SEO plugin v24.2 - https:\/\/yoast.com\/wordpress\/plugins\/seo\/ -->\n<title>Guin\u00e9e- Pr\u00e9sidentielle du 28 d\u00e9cembre : la DGE mobilise les observateurs nationaux et internationaux | Guin\u00e9e Diversit\u00e9<\/title>\n<meta name=\"robots\" content=\"index, follow, max-snippet:-1, max-image-preview:large, max-video-preview:-1\" \/>\n<link rel=\"canonical\" href=\"https:\/\/guineediversite.com\/index.php\/2025\/12\/23\/guinee-presidentielle-du-28-decembre-la-dge-mobilise-les-observateurs-nationaux-et-internationaux\/\" \/>\n<meta property=\"og:locale\" content=\"fr_FR\" \/>\n<meta property=\"og:type\" content=\"article\" \/>\n<meta property=\"og:title\" content=\"Guin\u00e9e- Pr\u00e9sidentielle du 28 d\u00e9cembre : la DGE mobilise les observateurs nationaux et internationaux | Guin\u00e9e Diversit\u00e9\" \/>\n<meta property=\"og:description\" content=\"\u00c0 cinq jours de l\u2019\u00e9lection pr\u00e9sidentielle pr\u00e9vue le 28 d\u00e9cembre, la Direction g\u00e9n\u00e9rale des \u00e9lections (DGE) a organis\u00e9, ce mardi 23 d\u00e9cembre 2025 \u00e0 Conakry, une session d\u2019information et d\u2019orientation \u00e0 l\u2019intention des observateurs nationaux et internationaux accr\u00e9dit\u00e9s. La rencontre a r\u00e9uni des repr\u00e9sentants d\u2019organisations sous-r\u00e9gionales, r\u00e9gionales et internationales, des missions diplomatiques, des institutions publiques, [&hellip;]\" \/>\n<meta property=\"og:url\" content=\"https:\/\/guineediversite.com\/index.php\/2025\/12\/23\/guinee-presidentielle-du-28-decembre-la-dge-mobilise-les-observateurs-nationaux-et-internationaux\/\" \/>\n<meta property=\"og:site_name\" content=\"Guin\u00e9e Diversit\u00e9\" \/>\n<meta property=\"article:publisher\" content=\"https:\/\/www.facebook.com\/guineediversite\/\" \/>\n<meta property=\"article:published_time\" content=\"2025-12-23T19:50:49+00:00\" \/>\n<meta property=\"og:image\" content=\"https:\/\/guineediversite.com\/wp-content\/uploads\/2025\/12\/observateurs.jpeg\" \/>\n\t<meta property=\"og:image:width\" content=\"1080\" \/>\n\t<meta property=\"og:image:height\" content=\"645\" \/>\n\t<meta property=\"og:image:type\" content=\"image\/jpeg\" \/>\n<meta name=\"author\" content=\"Bilguissa Diallo\" \/>\n<meta name=\"twitter:card\" content=\"summary_large_image\" \/>\n<meta name=\"twitter:creator\" content=\"@GuineeDiversite\" \/>\n<meta name=\"twitter:site\" content=\"@GuineeDiversite\" \/>\n<meta name=\"twitter:label1\" content=\"\u00c9crit par\" \/>\n\t<meta name=\"twitter:data1\" content=\"Bilguissa Diallo\" \/>\n\t<meta name=\"twitter:label2\" content=\"Dur\u00e9e de lecture estim\u00e9e\" \/>\n\t<meta name=\"twitter:data2\" content=\"4 minutes\" \/>\n<script type=\"application\/ld+json\" class=\"yoast-schema-graph\">{\"@context\":\"https:\/\/schema.org\",\"@graph\":[{\"@type\":\"Article\",\"@id\":\"https:\/\/guineediversite.com\/index.php\/2025\/12\/23\/guinee-presidentielle-du-28-decembre-la-dge-mobilise-les-observateurs-nationaux-et-internationaux\/#article\",\"isPartOf\":{\"@id\":\"https:\/\/guineediversite.com\/index.php\/2025\/12\/23\/guinee-presidentielle-du-28-decembre-la-dge-mobilise-les-observateurs-nationaux-et-internationaux\/\"},\"author\":{\"name\":\"Bilguissa Diallo\",\"@id\":\"https:\/\/guineediversite.com\/#\/schema\/person\/0e0e3e424768a50d025ac2218ccca73f\"},\"headline\":\"Guin\u00e9e- Pr\u00e9sidentielle du 28 d\u00e9cembre : la DGE mobilise les observateurs nationaux et internationaux\",\"datePublished\":\"2025-12-23T19:50:49+00:00\",\"dateModified\":\"2025-12-23T19:50:49+00:00\",\"mainEntityOfPage\":{\"@id\":\"https:\/\/guineediversite.com\/index.php\/2025\/12\/23\/guinee-presidentielle-du-28-decembre-la-dge-mobilise-les-observateurs-nationaux-et-internationaux\/\"},\"wordCount\":718,\"publisher\":{\"@id\":\"https:\/\/guineediversite.com\/#organization\"},\"image\":{\"@id\":\"https:\/\/guineediversite.com\/index.php\/2025\/12\/23\/guinee-presidentielle-du-28-decembre-la-dge-mobilise-les-observateurs-nationaux-et-internationaux\/#primaryimage\"},\"thumbnailUrl\":\"https:\/\/guineediversite.com\/wp-content\/uploads\/2025\/12\/observateurs.jpeg\",\"articleSection\":[\"Derni\u00e8re minute\",\"Soci\u00e9t\u00e9\"],\"inLanguage\":\"fr-FR\"},{\"@type\":\"WebPage\",\"@id\":\"https:\/\/guineediversite.com\/index.php\/2025\/12\/23\/guinee-presidentielle-du-28-decembre-la-dge-mobilise-les-observateurs-nationaux-et-internationaux\/\",\"url\":\"https:\/\/guineediversite.com\/index.php\/2025\/12\/23\/guinee-presidentielle-du-28-decembre-la-dge-mobilise-les-observateurs-nationaux-et-internationaux\/\",\"name\":\"Guin\u00e9e- Pr\u00e9sidentielle du 28 d\u00e9cembre : la DGE mobilise les observateurs nationaux et internationaux | Guin\u00e9e Diversit\u00e9\",\"isPartOf\":{\"@id\":\"https:\/\/guineediversite.com\/#website\"},\"primaryImageOfPage\":{\"@id\":\"https:\/\/guineediversite.com\/index.php\/2025\/12\/23\/guinee-presidentielle-du-28-decembre-la-dge-mobilise-les-observateurs-nationaux-et-internationaux\/#primaryimage\"},\"image\":{\"@id\":\"https:\/\/guineediversite.com\/index.php\/2025\/12\/23\/guinee-presidentielle-du-28-decembre-la-dge-mobilise-les-observateurs-nationaux-et-internationaux\/#primaryimage\"},\"thumbnailUrl\":\"https:\/\/guineediversite.com\/wp-content\/uploads\/2025\/12\/observateurs.jpeg\",\"datePublished\":\"2025-12-23T19:50:49+00:00\",\"dateModified\":\"2025-12-23T19:50:49+00:00\",\"breadcrumb\":{\"@id\":\"https:\/\/guineediversite.com\/index.php\/2025\/12\/23\/guinee-presidentielle-du-28-decembre-la-dge-mobilise-les-observateurs-nationaux-et-internationaux\/#breadcrumb\"},\"inLanguage\":\"fr-FR\",\"potentialAction\":[{\"@type\":\"ReadAction\",\"target\":[\"https:\/\/guineediversite.com\/index.php\/2025\/12\/23\/guinee-presidentielle-du-28-decembre-la-dge-mobilise-les-observateurs-nationaux-et-internationaux\/\"]}]},{\"@type\":\"ImageObject\",\"inLanguage\":\"fr-FR\",\"@id\":\"https:\/\/guineediversite.com\/index.php\/2025\/12\/23\/guinee-presidentielle-du-28-decembre-la-dge-mobilise-les-observateurs-nationaux-et-internationaux\/#primaryimage\",\"url\":\"https:\/\/guineediversite.com\/wp-content\/uploads\/2025\/12\/observateurs.jpeg\",\"contentUrl\":\"https:\/\/guineediversite.com\/wp-content\/uploads\/2025\/12\/observateurs.jpeg\",\"width\":1080,\"height\":645},{\"@type\":\"BreadcrumbList\",\"@id\":\"https:\/\/guineediversite.com\/index.php\/2025\/12\/23\/guinee-presidentielle-du-28-decembre-la-dge-mobilise-les-observateurs-nationaux-et-internationaux\/#breadcrumb\",\"itemListElement\":[{\"@type\":\"ListItem\",\"position\":1,\"name\":\"Accueil\",\"item\":\"https:\/\/guineediversite.com\/\"},{\"@type\":\"ListItem\",\"position\":2,\"name\":\"Guin\u00e9e- Pr\u00e9sidentielle du 28 d\u00e9cembre : la DGE mobilise les observateurs nationaux et internationaux\"}]},{\"@type\":\"WebSite\",\"@id\":\"https:\/\/guineediversite.com\/#website\",\"url\":\"https:\/\/guineediversite.com\/\",\"name\":\"Guin\u00e9e Diversit\u00e9\",\"description\":\"L&#039;Info dans toute sa diversit\u00e9\",\"publisher\":{\"@id\":\"https:\/\/guineediversite.com\/#organization\"},\"potentialAction\":[{\"@type\":\"SearchAction\",\"target\":{\"@type\":\"EntryPoint\",\"urlTemplate\":\"https:\/\/guineediversite.com\/?s={search_term_string}\"},\"query-input\":{\"@type\":\"PropertyValueSpecification\",\"valueRequired\":true,\"valueName\":\"search_term_string\"}}],\"inLanguage\":\"fr-FR\"},{\"@type\":\"Organization\",\"@id\":\"https:\/\/guineediversite.com\/#organization\",\"name\":\"Guin\u00e9e Diversit\u00e9\",\"url\":\"https:\/\/guineediversite.com\/\",\"logo\":{\"@type\":\"ImageObject\",\"inLanguage\":\"fr-FR\",\"@id\":\"https:\/\/guineediversite.com\/#\/schema\/logo\/image\/\",\"url\":\"https:\/\/guineediversite.com\/wp-content\/uploads\/2017\/04\/cropped-1jojlxEOMkX9Wyqfhe43D6kjPOGqBBKmx3EwWJqZ0cMrFF54yM49.png\",\"contentUrl\":\"https:\/\/guineediversite.com\/wp-content\/uploads\/2017\/04\/cropped-1jojlxEOMkX9Wyqfhe43D6kjPOGqBBKmx3EwWJqZ0cMrFF54yM49.png\",\"width\":186,\"height\":112,\"caption\":\"Guin\u00e9e Diversit\u00e9\"},\"image\":{\"@id\":\"https:\/\/guineediversite.com\/#\/schema\/logo\/image\/\"},\"sameAs\":[\"https:\/\/www.facebook.com\/guineediversite\/\",\"https:\/\/x.com\/GuineeDiversite\",\"https:\/\/www.youtube.com\/channel\/UC8sUY16qelG5ge6_D5SB83g\"]},{\"@type\":\"Person\",\"@id\":\"https:\/\/guineediversite.com\/#\/schema\/person\/0e0e3e424768a50d025ac2218ccca73f\",\"name\":\"Bilguissa Diallo\",\"image\":{\"@type\":\"ImageObject\",\"inLanguage\":\"fr-FR\",\"@id\":\"https:\/\/guineediversite.com\/#\/schema\/person\/image\/\",\"url\":\"https:\/\/secure.gravatar.com\/avatar\/49bbbd2420ee34d62b1b191791f4b5df?s=96&d=mm&r=g\",\"contentUrl\":\"https:\/\/secure.gravatar.com\/avatar\/49bbbd2420ee34d62b1b191791f4b5df?s=96&d=mm&r=g\",\"caption\":\"Bilguissa Diallo\"},\"url\":\"https:\/\/guineediversite.com\/index.php\/author\/bilguissa\/\"}]}<\/script>\n<!-- \/ Yoast SEO plugin. -->","yoast_head_json":{"title":"Guin\u00e9e- Pr\u00e9sidentielle du 28 d\u00e9cembre : la DGE mobilise les observateurs nationaux et internationaux | Guin\u00e9e Diversit\u00e9","robots":{"index":"index","follow":"follow","max-snippet":"max-snippet:-1","max-image-preview":"max-image-preview:large","max-video-preview":"max-video-preview:-1"},"canonical":"https:\/\/guineediversite.com\/index.php\/2025\/12\/23\/guinee-presidentielle-du-28-decembre-la-dge-mobilise-les-observateurs-nationaux-et-internationaux\/","og_locale":"fr_FR","og_type":"article","og_title":"Guin\u00e9e- Pr\u00e9sidentielle du 28 d\u00e9cembre : la DGE mobilise les observateurs nationaux et internationaux | Guin\u00e9e Diversit\u00e9","og_description":"\u00c0 cinq jours de l\u2019\u00e9lection pr\u00e9sidentielle pr\u00e9vue le 28 d\u00e9cembre, la Direction g\u00e9n\u00e9rale des \u00e9lections (DGE) a organis\u00e9, ce mardi 23 d\u00e9cembre 2025 \u00e0 Conakry, une session d\u2019information et d\u2019orientation \u00e0 l\u2019intention des observateurs nationaux et internationaux accr\u00e9dit\u00e9s. La rencontre a r\u00e9uni des repr\u00e9sentants d\u2019organisations sous-r\u00e9gionales, r\u00e9gionales et internationales, des missions diplomatiques, des institutions publiques, [&hellip;]","og_url":"https:\/\/guineediversite.com\/index.php\/2025\/12\/23\/guinee-presidentielle-du-28-decembre-la-dge-mobilise-les-observateurs-nationaux-et-internationaux\/","og_site_name":"Guin\u00e9e Diversit\u00e9","article_publisher":"https:\/\/www.facebook.com\/guineediversite\/","article_published_time":"2025-12-23T19:50:49+00:00","og_image":[{"width":1080,"height":645,"url":"https:\/\/guineediversite.com\/wp-content\/uploads\/2025\/12\/observateurs.jpeg","type":"image\/jpeg"}],"author":"Bilguissa Diallo","twitter_card":"summary_large_image","twitter_creator":"@GuineeDiversite","twitter_site":"@GuineeDiversite","twitter_misc":{"\u00c9crit par":"Bilguissa Diallo","Dur\u00e9e de lecture estim\u00e9e":"4 minutes"},"schema":{"@context":"https:\/\/schema.org","@graph":[{"@type":"Article","@id":"https:\/\/guineediversite.com\/index.php\/2025\/12\/23\/guinee-presidentielle-du-28-decembre-la-dge-mobilise-les-observateurs-nationaux-et-internationaux\/#article","isPartOf":{"@id":"https:\/\/guineediversite.com\/index.php\/2025\/12\/23\/guinee-presidentielle-du-28-decembre-la-dge-mobilise-les-observateurs-nationaux-et-internationaux\/"},"author":{"name":"Bilguissa Diallo","@id":"https:\/\/guineediversite.com\/#\/schema\/person\/0e0e3e424768a50d025ac2218ccca73f"},"headline":"Guin\u00e9e- Pr\u00e9sidentielle du 28 d\u00e9cembre : la DGE mobilise les observateurs nationaux et internationaux","datePublished":"2025-12-23T19:50:49+00:00","dateModified":"2025-12-23T19:50:49+00:00","mainEntityOfPage":{"@id":"https:\/\/guineediversite.com\/index.php\/2025\/12\/23\/guinee-presidentielle-du-28-decembre-la-dge-mobilise-les-observateurs-nationaux-et-internationaux\/"},"wordCount":718,"publisher":{"@id":"https:\/\/guineediversite.com\/#organization"},"image":{"@id":"https:\/\/guineediversite.com\/index.php\/2025\/12\/23\/guinee-presidentielle-du-28-decembre-la-dge-mobilise-les-observateurs-nationaux-et-internationaux\/#primaryimage"},"thumbnailUrl":"https:\/\/guineediversite.com\/wp-content\/uploads\/2025\/12\/observateurs.jpeg","articleSection":["Derni\u00e8re minute","Soci\u00e9t\u00e9"],"inLanguage":"fr-FR"},{"@type":"WebPage","@id":"https:\/\/guineediversite.com\/index.php\/2025\/12\/23\/guinee-presidentielle-du-28-decembre-la-dge-mobilise-les-observateurs-nationaux-et-internationaux\/","url":"https:\/\/guineediversite.com\/index.php\/2025\/12\/23\/guinee-presidentielle-du-28-decembre-la-dge-mobilise-les-observateurs-nationaux-et-internationaux\/","name":"Guin\u00e9e- Pr\u00e9sidentielle du 28 d\u00e9cembre : la DGE mobilise les observateurs nationaux et internationaux | Guin\u00e9e Diversit\u00e9","isPartOf":{"@id":"https:\/\/guineediversite.com\/#website"},"primaryImageOfPage":{"@id":"https:\/\/guineediversite.com\/index.php\/2025\/12\/23\/guinee-presidentielle-du-28-decembre-la-dge-mobilise-les-observateurs-nationaux-et-internationaux\/#primaryimage"},"image":{"@id":"https:\/\/guineediversite.com\/index.php\/2025\/12\/23\/guinee-presidentielle-du-28-decembre-la-dge-mobilise-les-observateurs-nationaux-et-internationaux\/#primaryimage"},"thumbnailUrl":"https:\/\/guineediversite.com\/wp-content\/uploads\/2025\/12\/observateurs.jpeg","datePublished":"2025-12-23T19:50:49+00:00","dateModified":"2025-12-23T19:50:49+00:00","breadcrumb":{"@id":"https:\/\/guineediversite.com\/index.php\/2025\/12\/23\/guinee-presidentielle-du-28-decembre-la-dge-mobilise-les-observateurs-nationaux-et-internationaux\/#breadcrumb"},"inLanguage":"fr-FR","potentialAction":[{"@type":"ReadAction","target":["https:\/\/guineediversite.com\/index.php\/2025\/12\/23\/guinee-presidentielle-du-28-decembre-la-dge-mobilise-les-observateurs-nationaux-et-internationaux\/"]}]},{"@type":"ImageObject","inLanguage":"fr-FR","@id":"https:\/\/guineediversite.com\/index.php\/2025\/12\/23\/guinee-presidentielle-du-28-decembre-la-dge-mobilise-les-observateurs-nationaux-et-internationaux\/#primaryimage","url":"https:\/\/guineediversite.com\/wp-content\/uploads\/2025\/12\/observateurs.jpeg","contentUrl":"https:\/\/guineediversite.com\/wp-content\/uploads\/2025\/12\/observateurs.jpeg","width":1080,"height":645},{"@type":"BreadcrumbList","@id":"https:\/\/guineediversite.com\/index.php\/2025\/12\/23\/guinee-presidentielle-du-28-decembre-la-dge-mobilise-les-observateurs-nationaux-et-internationaux\/#breadcrumb","itemListElement":[{"@type":"ListItem","position":1,"name":"Accueil","item":"https:\/\/guineediversite.com\/"},{"@type":"ListItem","position":2,"name":"Guin\u00e9e- Pr\u00e9sidentielle du 28 d\u00e9cembre : la DGE mobilise les observateurs nationaux et internationaux"}]},{"@type":"WebSite","@id":"https:\/\/guineediversite.com\/#website","url":"https:\/\/guineediversite.com\/","name":"Guin\u00e9e Diversit\u00e9","description":"L&#039;Info dans toute sa diversit\u00e9","publisher":{"@id":"https:\/\/guineediversite.com\/#organization"},"potentialAction":[{"@type":"SearchAction","target":{"@type":"EntryPoint","urlTemplate":"https:\/\/guineediversite.com\/?s={search_term_string}"},"query-input":{"@type":"PropertyValueSpecification","valueRequired":true,"valueName":"search_term_string"}}],"inLanguage":"fr-FR"},{"@type":"Organization","@id":"https:\/\/guineediversite.com\/#organization","name":"Guin\u00e9e Diversit\u00e9","url":"https:\/\/guineediversite.com\/","logo":{"@type":"ImageObject","inLanguage":"fr-FR","@id":"https:\/\/guineediversite.com\/#\/schema\/logo\/image\/","url":"https:\/\/guineediversite.com\/wp-content\/uploads\/2017\/04\/cropped-1jojlxEOMkX9Wyqfhe43D6kjPOGqBBKmx3EwWJqZ0cMrFF54yM49.png","contentUrl":"https:\/\/guineediversite.com\/wp-content\/uploads\/2017\/04\/cropped-1jojlxEOMkX9Wyqfhe43D6kjPOGqBBKmx3EwWJqZ0cMrFF54yM49.png","width":186,"height":112,"caption":"Guin\u00e9e Diversit\u00e9"},"image":{"@id":"https:\/\/guineediversite.com\/#\/schema\/logo\/image\/"},"sameAs":["https:\/\/www.facebook.com\/guineediversite\/","https:\/\/x.com\/GuineeDiversite","https:\/\/www.youtube.com\/channel\/UC8sUY16qelG5ge6_D5SB83g"]},{"@type":"Person","@id":"https:\/\/guineediversite.com\/#\/schema\/person\/0e0e3e424768a50d025ac2218ccca73f","name":"Bilguissa Diallo","image":{"@type":"ImageObject","inLanguage":"fr-FR","@id":"https:\/\/guineediversite.com\/#\/schema\/person\/image\/","url":"https:\/\/secure.gravatar.com\/avatar\/49bbbd2420ee34d62b1b191791f4b5df?s=96&d=mm&r=g","contentUrl":"https:\/\/secure.gravatar.com\/avatar\/49bbbd2420ee34d62b1b191791f4b5df?s=96&d=mm&r=g","caption":"Bilguissa Diallo"},"url":"https:\/\/guineediversite.com\/index.php\/author\/bilguissa\/"}]}},"_links":{"self":[{"href":"https:\/\/guineediversite.com\/index.php\/wp-json\/wp\/v2\/posts\/32622"}],"collection":[{"href":"https:\/\/guineediversite.com\/index.php\/wp-json\/wp\/v2\/posts"}],"about":[{"href":"https:\/\/guineediversite.com\/index.php\/wp-json\/wp\/v2\/types\/post"}],"author":[{"embeddable":true,"href":"https:\/\/guineediversite.com\/index.php\/wp-json\/wp\/v2\/users\/7"}],"replies":[{"embeddable":true,"href":"https:\/\/guineediversite.com\/index.php\/wp-json\/wp\/v2\/comments?post=32622"}],"version-history":[{"count":1,"href":"https:\/\/guineediversite.com\/index.php\/wp-json\/wp\/v2\/posts\/32622\/revisions"}],"predecessor-version":[{"id":32624,"href":"https:\/\/guineediversite.com\/index.php\/wp-json\/wp\/v2\/posts\/32622\/revisions\/32624"}],"wp:featuredmedia":[{"embeddable":true,"href":"https:\/\/guineediversite.com\/index.php\/wp-json\/wp\/v2\/media\/32623"}],"wp:attachment":[{"href":"https:\/\/guineediversite.com\/index.php\/wp-json\/wp\/v2\/media?parent=32622"}],"wp:term":[{"taxonomy":"category","embeddable":true,"href":"https:\/\/guineediversite.com\/index.php\/wp-json\/wp\/v2\/categories?post=32622"},{"taxonomy":"post_tag","embeddable":true,"href":"https:\/\/guineediversite.com\/index.php\/wp-json\/wp\/v2\/tags?post=32622"}],"curies":[{"name":"wp","href":"https:\/\/api.w.org\/{rel}","templated":true}]}}