{"id":32594,"date":"2025-12-13T20:44:45","date_gmt":"2025-12-13T19:44:45","guid":{"rendered":"https:\/\/guineediversite.com\/?p=32594"},"modified":"2025-12-13T20:50:29","modified_gmt":"2025-12-13T19:50:29","slug":"tentative-de-coup-detat-au-benin-la-cdesa-accuse-le-general-nigerien-abdourahamane-tiani-et-appelle-a-son-arrestation-2","status":"publish","type":"post","link":"https:\/\/guineediversite.com\/index.php\/2025\/12\/13\/tentative-de-coup-detat-au-benin-la-cdesa-accuse-le-general-nigerien-abdourahamane-tiani-et-appelle-a-son-arrestation-2\/","title":{"rendered":"Tentative de coup d\u2019\u00c9tat au B\u00e9nin : la CDESA accuse le g\u00e9n\u00e9ral nig\u00e9rien Abdourahamane Tiani et appelle \u00e0 son arrestation"},"content":{"rendered":"\n<p class=\"p1\"><strong>La Coalition Citoyenne pour la D\u00e9mocratie et la Stabilit\u00e9 en Afrique de l\u2019Ouest (CDESA) a fermement condamn\u00e9 la tentative de coup d\u2019\u00c9tat d\u00e9jou\u00e9e au B\u00e9nin le 7 d\u00e9cembre 2025, visant \u00e0 renverser le pr\u00e9sident b\u00e9ninois d\u00e9mocratiquement \u00e9lu, Patrice Talon. Dans une d\u00e9claration rendue publique ce vendredi, l\u2019organisation r\u00e9gionale accuse directement le g\u00e9n\u00e9ral nig\u00e9rien Abdourahamane Tiani d\u2019\u00eatre l\u2019instigateur de cette op\u00e9ration insurrectionnelle.<\/strong><\/p>\n\n\n\n<p class=\"p1\">Selon la CDESA, les autorit\u00e9s b\u00e9ninoises, avec l\u2019appui d\u00e9cisif des forces nig\u00e9rianes, ont rapidement r\u00e9tabli l\u2019ordre et proc\u00e9d\u00e9 \u00e0 l\u2019arrestation de 14 personnes impliqu\u00e9es dans cette tentative de putsch, qui aurait entra\u00een\u00e9 des pertes humaines jug\u00e9es \u00ab inutiles et regrettables \u00bb.<\/p>\n\n\n\n<p class=\"p2\">Des accusations graves contre le chef de la junte nig\u00e9rienne<\/p>\n\n\n\n<p class=\"p1\">La coalition affirme disposer d\u2019\u00ab \u00e9l\u00e9ments cr\u00e9dibles \u00bb indiquant que le g\u00e9n\u00e9ral Abdourahamane Tiani, chef de la junte au pouvoir au Niger depuis le coup d\u2019\u00c9tat de juillet 2023, aurait initi\u00e9, soutenu et accompagn\u00e9 les mutins b\u00e9ninois. Une implication qui, selon elle, s\u2019inscrit dans une strat\u00e9gie plus large de d\u00e9stabilisation r\u00e9gionale men\u00e9e depuis Niamey.<\/p>\n\n\n\n<p class=\"p1\">Face \u00e0 ces accusations, la CDESA exige \u00ab l\u2019\u00e9mission imm\u00e9diate d\u2019un mandat d\u2019arr\u00eat international \u00bb contre le g\u00e9n\u00e9ral Tiani pour sa complicit\u00e9 pr\u00e9sum\u00e9e dans cette tentative de renversement du pouvoir b\u00e9ninois.<\/p>\n\n\n\n<p class=\"p2\">Un bilan s\u00e9v\u00e8rement critiqu\u00e9 au Niger<\/p>\n\n\n\n<p class=\"p1\">Dans sa d\u00e9claration, la coalition dresse un tableau sombre de la situation au Niger depuis l\u2019\u00e9viction du pr\u00e9sident Mohamed Bazoum. Elle rappelle que ce dernier est toujours d\u00e9tenu de mani\u00e8re extrajudiciaire, exprimant \u00e0 son \u00e9gard un \u00ab soutien ind\u00e9fectible \u00bb.<\/p>\n\n\n\n<p class=\"p1\">Sous la gouvernance du g\u00e9n\u00e9ral Tiani, le Niger ferait face, selon la CDESA, \u00e0 une crise multidimensionnelle marqu\u00e9e notamment par :<\/p>\n\n\n\n<p class=\"p2\">des d\u00e9fauts r\u00e9p\u00e9t\u00e9s de paiement de la dette aupr\u00e8s de l\u2019UEMOA, accentuant l\u2019isolement \u00e9conomique du pays ; une d\u00e9gradation s\u00e9curitaire sans pr\u00e9c\u00e9dent, caract\u00e9ris\u00e9e par l\u2019expansion des milices et le recours \u00e0 des groupes priv\u00e9s pour des missions r\u00e9galiennes de d\u00e9fense ; des violations r\u00e9p\u00e9t\u00e9es des droits humains, incluant des atteintes \u00e0 la libert\u00e9 d\u2019expression, \u00e0 l\u2019ind\u00e9pendance de la justice et \u00e0 la libert\u00e9 d\u2019association ; une gouvernance socio-\u00e9conomique jug\u00e9e d\u00e9faillante, avec corruption, arri\u00e9r\u00e9s de salaires et de bourses, ainsi que le bradage des ressources strat\u00e9giques telles que le p\u00e9trole et l\u2019uranium.<\/p>\n\n\n\n<p class=\"p2\">Appel \u00e0 la CEDEAO, \u00e0 l\u2019Union africaine et \u00e0 la communaut\u00e9 internationale<\/p>\n\n\n\n<p class=\"p1\">D\u00e9non\u00e7ant ce qu\u2019elle qualifie de volont\u00e9 du g\u00e9n\u00e9ral Tiani de \u00ab farwestiser l\u2019Afrique de l\u2019Ouest \u00bb, la CDESA appelle la CEDEAO, l\u2019Union africaine et la communaut\u00e9 internationale \u00e0 agir sans d\u00e9lai. Parmi ses principales revendications figurent l\u2019arrestation du chef de la junte nig\u00e9rienne pour haute trahison et atteinte \u00e0 la s\u00fbret\u00e9 des \u00c9tats du Niger et du B\u00e9nin, ainsi que la fin des remises en cause de l\u2019ordre constitutionnel dans la sous-r\u00e9gion.<\/p>\n\n\n\n<p class=\"p1\">La coalition exhorte \u00e9galement les partenaires internationaux \u00e0 soutenir les peuples africains dans leur qu\u00eate de paix, de stabilit\u00e9 et de d\u00e9veloppement, et \u00e0 \u0153uvrer \u00e0 la restauration et \u00e0 la sanctuarisation de la d\u00e9mocratie au Niger et en Afrique de l\u2019Ouest.<\/p>\n\n\n\n<p class=\"p2\">\u00ab Il est temps d\u2019y mettre un terme \u00bb<\/p>\n\n\n\n<p class=\"p1\">Pour la CDESA, l\u2019Afrique de l\u2019Ouest ne peut plus tol\u00e9rer \u00ab ces parenth\u00e8ses de mis\u00e8re, de d\u00e9sordre et de paup\u00e9risation \u00bb impos\u00e9es par des juntes militaires aux populations. Elle estime que la faiblesse de la r\u00e9action internationale lors du coup d\u2019\u00c9tat du 26 juillet 2023 au Niger a contribu\u00e9 \u00e0 renforcer l\u2019audace et les ambitions du g\u00e9n\u00e9ral Tiani.<\/p>\n","protected":false},"excerpt":{"rendered":"<p>La Coalition Citoyenne pour la D\u00e9mocratie et la Stabilit\u00e9 en Afrique de l\u2019Ouest (CDESA) a fermement condamn\u00e9 la tentative de coup d\u2019\u00c9tat d\u00e9jou\u00e9e au B\u00e9nin le 7 d\u00e9cembre 2025, visant \u00e0 renverser le pr\u00e9sident b\u00e9ninois d\u00e9mocratiquement \u00e9lu, Patrice Talon. Dans une d\u00e9claration rendue publique ce vendredi, l\u2019organisation r\u00e9gionale accuse directement le g\u00e9n\u00e9ral nig\u00e9rien Abdourahamane Tiani [&hellip;]<\/p>\n","protected":false},"author":6,"featured_media":32591,"comment_status":"closed","ping_status":"open","sticky":false,"template":"","format":"standard","meta":{"_exactmetrics_skip_tracking":false,"_exactmetrics_sitenote_active":false,"_exactmetrics_sitenote_note":"","_exactmetrics_sitenote_category":0,"tdm_status":"","tdm_grid_status":"","footnotes":""},"categories":[254,21],"tags":[],"class_list":{"0":"post-32594","1":"post","2":"type-post","3":"status-publish","4":"format-standard","5":"has-post-thumbnail","7":"category-derniere-minute","8":"category-international"},"yoast_head":"<!-- This site is optimized with the Yoast SEO plugin v24.2 - https:\/\/yoast.com\/wordpress\/plugins\/seo\/ -->\n<title>Tentative de coup d\u2019\u00c9tat au B\u00e9nin : la CDESA accuse le g\u00e9n\u00e9ral nig\u00e9rien Abdourahamane Tiani et appelle \u00e0 son arrestation | Guin\u00e9e Diversit\u00e9<\/title>\n<meta name=\"robots\" content=\"index, follow, max-snippet:-1, max-image-preview:large, max-video-preview:-1\" \/>\n<link rel=\"canonical\" href=\"https:\/\/guineediversite.com\/index.php\/2025\/12\/13\/tentative-de-coup-detat-au-benin-la-cdesa-accuse-le-general-nigerien-abdourahamane-tiani-et-appelle-a-son-arrestation-2\/\" \/>\n<meta property=\"og:locale\" content=\"fr_FR\" \/>\n<meta property=\"og:type\" content=\"article\" \/>\n<meta property=\"og:title\" content=\"Tentative de coup d\u2019\u00c9tat au B\u00e9nin : la CDESA accuse le g\u00e9n\u00e9ral nig\u00e9rien Abdourahamane Tiani et appelle \u00e0 son arrestation | Guin\u00e9e Diversit\u00e9\" \/>\n<meta property=\"og:description\" content=\"La Coalition Citoyenne pour la D\u00e9mocratie et la Stabilit\u00e9 en Afrique de l\u2019Ouest (CDESA) a fermement condamn\u00e9 la tentative de coup d\u2019\u00c9tat d\u00e9jou\u00e9e au B\u00e9nin le 7 d\u00e9cembre 2025, visant \u00e0 renverser le pr\u00e9sident b\u00e9ninois d\u00e9mocratiquement \u00e9lu, Patrice Talon. Dans une d\u00e9claration rendue publique ce vendredi, l\u2019organisation r\u00e9gionale accuse directement le g\u00e9n\u00e9ral nig\u00e9rien Abdourahamane Tiani [&hellip;]\" \/>\n<meta property=\"og:url\" content=\"https:\/\/guineediversite.com\/index.php\/2025\/12\/13\/tentative-de-coup-detat-au-benin-la-cdesa-accuse-le-general-nigerien-abdourahamane-tiani-et-appelle-a-son-arrestation-2\/\" \/>\n<meta property=\"og:site_name\" content=\"Guin\u00e9e Diversit\u00e9\" \/>\n<meta property=\"article:publisher\" content=\"https:\/\/www.facebook.com\/guineediversite\/\" \/>\n<meta property=\"article:published_time\" content=\"2025-12-13T19:44:45+00:00\" \/>\n<meta property=\"article:modified_time\" content=\"2025-12-13T19:50:29+00:00\" \/>\n<meta property=\"og:image\" content=\"https:\/\/guineediversite.com\/wp-content\/uploads\/2025\/12\/img_4479.jpg\" \/>\n\t<meta property=\"og:image:width\" content=\"664\" \/>\n\t<meta property=\"og:image:height\" content=\"443\" \/>\n\t<meta property=\"og:image:type\" content=\"image\/jpeg\" \/>\n<meta name=\"author\" content=\"TMB\" \/>\n<meta name=\"twitter:card\" content=\"summary_large_image\" \/>\n<meta name=\"twitter:creator\" content=\"@TmoussaBah\" \/>\n<meta name=\"twitter:site\" content=\"@GuineeDiversite\" \/>\n<meta name=\"twitter:label1\" content=\"\u00c9crit par\" \/>\n\t<meta name=\"twitter:data1\" content=\"TMB\" \/>\n\t<meta name=\"twitter:label2\" content=\"Dur\u00e9e de lecture estim\u00e9e\" \/>\n\t<meta name=\"twitter:data2\" content=\"3 minutes\" \/>\n<script type=\"application\/ld+json\" class=\"yoast-schema-graph\">{\"@context\":\"https:\/\/schema.org\",\"@graph\":[{\"@type\":\"Article\",\"@id\":\"https:\/\/guineediversite.com\/index.php\/2025\/12\/13\/tentative-de-coup-detat-au-benin-la-cdesa-accuse-le-general-nigerien-abdourahamane-tiani-et-appelle-a-son-arrestation-2\/#article\",\"isPartOf\":{\"@id\":\"https:\/\/guineediversite.com\/index.php\/2025\/12\/13\/tentative-de-coup-detat-au-benin-la-cdesa-accuse-le-general-nigerien-abdourahamane-tiani-et-appelle-a-son-arrestation-2\/\"},\"author\":{\"name\":\"TMB\",\"@id\":\"https:\/\/guineediversite.com\/#\/schema\/person\/93f07b8b19c6b61656d0edeba739b9e2\"},\"headline\":\"Tentative de coup d\u2019\u00c9tat au B\u00e9nin : la CDESA accuse le g\u00e9n\u00e9ral nig\u00e9rien Abdourahamane Tiani et appelle \u00e0 son arrestation\",\"datePublished\":\"2025-12-13T19:44:45+00:00\",\"dateModified\":\"2025-12-13T19:50:29+00:00\",\"mainEntityOfPage\":{\"@id\":\"https:\/\/guineediversite.com\/index.php\/2025\/12\/13\/tentative-de-coup-detat-au-benin-la-cdesa-accuse-le-general-nigerien-abdourahamane-tiani-et-appelle-a-son-arrestation-2\/\"},\"wordCount\":659,\"publisher\":{\"@id\":\"https:\/\/guineediversite.com\/#organization\"},\"image\":{\"@id\":\"https:\/\/guineediversite.com\/index.php\/2025\/12\/13\/tentative-de-coup-detat-au-benin-la-cdesa-accuse-le-general-nigerien-abdourahamane-tiani-et-appelle-a-son-arrestation-2\/#primaryimage\"},\"thumbnailUrl\":\"https:\/\/guineediversite.com\/wp-content\/uploads\/2025\/12\/img_4479.jpg\",\"articleSection\":[\"Derni\u00e8re minute\",\"International\"],\"inLanguage\":\"fr-FR\"},{\"@type\":\"WebPage\",\"@id\":\"https:\/\/guineediversite.com\/index.php\/2025\/12\/13\/tentative-de-coup-detat-au-benin-la-cdesa-accuse-le-general-nigerien-abdourahamane-tiani-et-appelle-a-son-arrestation-2\/\",\"url\":\"https:\/\/guineediversite.com\/index.php\/2025\/12\/13\/tentative-de-coup-detat-au-benin-la-cdesa-accuse-le-general-nigerien-abdourahamane-tiani-et-appelle-a-son-arrestation-2\/\",\"name\":\"Tentative de coup d\u2019\u00c9tat au B\u00e9nin : la CDESA accuse le g\u00e9n\u00e9ral nig\u00e9rien Abdourahamane Tiani et appelle \u00e0 son arrestation | Guin\u00e9e Diversit\u00e9\",\"isPartOf\":{\"@id\":\"https:\/\/guineediversite.com\/#website\"},\"primaryImageOfPage\":{\"@id\":\"https:\/\/guineediversite.com\/index.php\/2025\/12\/13\/tentative-de-coup-detat-au-benin-la-cdesa-accuse-le-general-nigerien-abdourahamane-tiani-et-appelle-a-son-arrestation-2\/#primaryimage\"},\"image\":{\"@id\":\"https:\/\/guineediversite.com\/index.php\/2025\/12\/13\/tentative-de-coup-detat-au-benin-la-cdesa-accuse-le-general-nigerien-abdourahamane-tiani-et-appelle-a-son-arrestation-2\/#primaryimage\"},\"thumbnailUrl\":\"https:\/\/guineediversite.com\/wp-content\/uploads\/2025\/12\/img_4479.jpg\",\"datePublished\":\"2025-12-13T19:44:45+00:00\",\"dateModified\":\"2025-12-13T19:50:29+00:00\",\"breadcrumb\":{\"@id\":\"https:\/\/guineediversite.com\/index.php\/2025\/12\/13\/tentative-de-coup-detat-au-benin-la-cdesa-accuse-le-general-nigerien-abdourahamane-tiani-et-appelle-a-son-arrestation-2\/#breadcrumb\"},\"inLanguage\":\"fr-FR\",\"potentialAction\":[{\"@type\":\"ReadAction\",\"target\":[\"https:\/\/guineediversite.com\/index.php\/2025\/12\/13\/tentative-de-coup-detat-au-benin-la-cdesa-accuse-le-general-nigerien-abdourahamane-tiani-et-appelle-a-son-arrestation-2\/\"]}]},{\"@type\":\"ImageObject\",\"inLanguage\":\"fr-FR\",\"@id\":\"https:\/\/guineediversite.com\/index.php\/2025\/12\/13\/tentative-de-coup-detat-au-benin-la-cdesa-accuse-le-general-nigerien-abdourahamane-tiani-et-appelle-a-son-arrestation-2\/#primaryimage\",\"url\":\"https:\/\/guineediversite.com\/wp-content\/uploads\/2025\/12\/img_4479.jpg\",\"contentUrl\":\"https:\/\/guineediversite.com\/wp-content\/uploads\/2025\/12\/img_4479.jpg\",\"width\":664,\"height\":443},{\"@type\":\"BreadcrumbList\",\"@id\":\"https:\/\/guineediversite.com\/index.php\/2025\/12\/13\/tentative-de-coup-detat-au-benin-la-cdesa-accuse-le-general-nigerien-abdourahamane-tiani-et-appelle-a-son-arrestation-2\/#breadcrumb\",\"itemListElement\":[{\"@type\":\"ListItem\",\"position\":1,\"name\":\"Accueil\",\"item\":\"https:\/\/guineediversite.com\/\"},{\"@type\":\"ListItem\",\"position\":2,\"name\":\"Tentative de coup d\u2019\u00c9tat au B\u00e9nin : la CDESA accuse le g\u00e9n\u00e9ral nig\u00e9rien Abdourahamane Tiani et appelle \u00e0 son arrestation\"}]},{\"@type\":\"WebSite\",\"@id\":\"https:\/\/guineediversite.com\/#website\",\"url\":\"https:\/\/guineediversite.com\/\",\"name\":\"Guin\u00e9e Diversit\u00e9\",\"description\":\"L&#039;Info dans toute sa diversit\u00e9\",\"publisher\":{\"@id\":\"https:\/\/guineediversite.com\/#organization\"},\"potentialAction\":[{\"@type\":\"SearchAction\",\"target\":{\"@type\":\"EntryPoint\",\"urlTemplate\":\"https:\/\/guineediversite.com\/?s={search_term_string}\"},\"query-input\":{\"@type\":\"PropertyValueSpecification\",\"valueRequired\":true,\"valueName\":\"search_term_string\"}}],\"inLanguage\":\"fr-FR\"},{\"@type\":\"Organization\",\"@id\":\"https:\/\/guineediversite.com\/#organization\",\"name\":\"Guin\u00e9e Diversit\u00e9\",\"url\":\"https:\/\/guineediversite.com\/\",\"logo\":{\"@type\":\"ImageObject\",\"inLanguage\":\"fr-FR\",\"@id\":\"https:\/\/guineediversite.com\/#\/schema\/logo\/image\/\",\"url\":\"https:\/\/guineediversite.com\/wp-content\/uploads\/2017\/04\/cropped-1jojlxEOMkX9Wyqfhe43D6kjPOGqBBKmx3EwWJqZ0cMrFF54yM49.png\",\"contentUrl\":\"https:\/\/guineediversite.com\/wp-content\/uploads\/2017\/04\/cropped-1jojlxEOMkX9Wyqfhe43D6kjPOGqBBKmx3EwWJqZ0cMrFF54yM49.png\",\"width\":186,\"height\":112,\"caption\":\"Guin\u00e9e Diversit\u00e9\"},\"image\":{\"@id\":\"https:\/\/guineediversite.com\/#\/schema\/logo\/image\/\"},\"sameAs\":[\"https:\/\/www.facebook.com\/guineediversite\/\",\"https:\/\/x.com\/GuineeDiversite\",\"https:\/\/www.youtube.com\/channel\/UC8sUY16qelG5ge6_D5SB83g\"]},{\"@type\":\"Person\",\"@id\":\"https:\/\/guineediversite.com\/#\/schema\/person\/93f07b8b19c6b61656d0edeba739b9e2\",\"name\":\"TMB\",\"image\":{\"@type\":\"ImageObject\",\"inLanguage\":\"fr-FR\",\"@id\":\"https:\/\/guineediversite.com\/#\/schema\/person\/image\/\",\"url\":\"https:\/\/secure.gravatar.com\/avatar\/2bbb03bec976020eaf4dfa0af0a5259f?s=96&d=mm&r=g\",\"contentUrl\":\"https:\/\/secure.gravatar.com\/avatar\/2bbb03bec976020eaf4dfa0af0a5259f?s=96&d=mm&r=g\",\"caption\":\"TMB\"},\"sameAs\":[\"https:\/\/x.com\/TmoussaBah\"],\"url\":\"https:\/\/guineediversite.com\/index.php\/author\/thierno\/\"}]}<\/script>\n<!-- \/ Yoast SEO plugin. -->","yoast_head_json":{"title":"Tentative de coup d\u2019\u00c9tat au B\u00e9nin : la CDESA accuse le g\u00e9n\u00e9ral nig\u00e9rien Abdourahamane Tiani et appelle \u00e0 son arrestation | Guin\u00e9e Diversit\u00e9","robots":{"index":"index","follow":"follow","max-snippet":"max-snippet:-1","max-image-preview":"max-image-preview:large","max-video-preview":"max-video-preview:-1"},"canonical":"https:\/\/guineediversite.com\/index.php\/2025\/12\/13\/tentative-de-coup-detat-au-benin-la-cdesa-accuse-le-general-nigerien-abdourahamane-tiani-et-appelle-a-son-arrestation-2\/","og_locale":"fr_FR","og_type":"article","og_title":"Tentative de coup d\u2019\u00c9tat au B\u00e9nin : la CDESA accuse le g\u00e9n\u00e9ral nig\u00e9rien Abdourahamane Tiani et appelle \u00e0 son arrestation | Guin\u00e9e Diversit\u00e9","og_description":"La Coalition Citoyenne pour la D\u00e9mocratie et la Stabilit\u00e9 en Afrique de l\u2019Ouest (CDESA) a fermement condamn\u00e9 la tentative de coup d\u2019\u00c9tat d\u00e9jou\u00e9e au B\u00e9nin le 7 d\u00e9cembre 2025, visant \u00e0 renverser le pr\u00e9sident b\u00e9ninois d\u00e9mocratiquement \u00e9lu, Patrice Talon. Dans une d\u00e9claration rendue publique ce vendredi, l\u2019organisation r\u00e9gionale accuse directement le g\u00e9n\u00e9ral nig\u00e9rien Abdourahamane Tiani [&hellip;]","og_url":"https:\/\/guineediversite.com\/index.php\/2025\/12\/13\/tentative-de-coup-detat-au-benin-la-cdesa-accuse-le-general-nigerien-abdourahamane-tiani-et-appelle-a-son-arrestation-2\/","og_site_name":"Guin\u00e9e Diversit\u00e9","article_publisher":"https:\/\/www.facebook.com\/guineediversite\/","article_published_time":"2025-12-13T19:44:45+00:00","article_modified_time":"2025-12-13T19:50:29+00:00","og_image":[{"width":664,"height":443,"url":"https:\/\/guineediversite.com\/wp-content\/uploads\/2025\/12\/img_4479.jpg","type":"image\/jpeg"}],"author":"TMB","twitter_card":"summary_large_image","twitter_creator":"@TmoussaBah","twitter_site":"@GuineeDiversite","twitter_misc":{"\u00c9crit par":"TMB","Dur\u00e9e de lecture estim\u00e9e":"3 minutes"},"schema":{"@context":"https:\/\/schema.org","@graph":[{"@type":"Article","@id":"https:\/\/guineediversite.com\/index.php\/2025\/12\/13\/tentative-de-coup-detat-au-benin-la-cdesa-accuse-le-general-nigerien-abdourahamane-tiani-et-appelle-a-son-arrestation-2\/#article","isPartOf":{"@id":"https:\/\/guineediversite.com\/index.php\/2025\/12\/13\/tentative-de-coup-detat-au-benin-la-cdesa-accuse-le-general-nigerien-abdourahamane-tiani-et-appelle-a-son-arrestation-2\/"},"author":{"name":"TMB","@id":"https:\/\/guineediversite.com\/#\/schema\/person\/93f07b8b19c6b61656d0edeba739b9e2"},"headline":"Tentative de coup d\u2019\u00c9tat au B\u00e9nin : la CDESA accuse le g\u00e9n\u00e9ral nig\u00e9rien Abdourahamane Tiani et appelle \u00e0 son arrestation","datePublished":"2025-12-13T19:44:45+00:00","dateModified":"2025-12-13T19:50:29+00:00","mainEntityOfPage":{"@id":"https:\/\/guineediversite.com\/index.php\/2025\/12\/13\/tentative-de-coup-detat-au-benin-la-cdesa-accuse-le-general-nigerien-abdourahamane-tiani-et-appelle-a-son-arrestation-2\/"},"wordCount":659,"publisher":{"@id":"https:\/\/guineediversite.com\/#organization"},"image":{"@id":"https:\/\/guineediversite.com\/index.php\/2025\/12\/13\/tentative-de-coup-detat-au-benin-la-cdesa-accuse-le-general-nigerien-abdourahamane-tiani-et-appelle-a-son-arrestation-2\/#primaryimage"},"thumbnailUrl":"https:\/\/guineediversite.com\/wp-content\/uploads\/2025\/12\/img_4479.jpg","articleSection":["Derni\u00e8re minute","International"],"inLanguage":"fr-FR"},{"@type":"WebPage","@id":"https:\/\/guineediversite.com\/index.php\/2025\/12\/13\/tentative-de-coup-detat-au-benin-la-cdesa-accuse-le-general-nigerien-abdourahamane-tiani-et-appelle-a-son-arrestation-2\/","url":"https:\/\/guineediversite.com\/index.php\/2025\/12\/13\/tentative-de-coup-detat-au-benin-la-cdesa-accuse-le-general-nigerien-abdourahamane-tiani-et-appelle-a-son-arrestation-2\/","name":"Tentative de coup d\u2019\u00c9tat au B\u00e9nin : la CDESA accuse le g\u00e9n\u00e9ral nig\u00e9rien Abdourahamane Tiani et appelle \u00e0 son arrestation | Guin\u00e9e Diversit\u00e9","isPartOf":{"@id":"https:\/\/guineediversite.com\/#website"},"primaryImageOfPage":{"@id":"https:\/\/guineediversite.com\/index.php\/2025\/12\/13\/tentative-de-coup-detat-au-benin-la-cdesa-accuse-le-general-nigerien-abdourahamane-tiani-et-appelle-a-son-arrestation-2\/#primaryimage"},"image":{"@id":"https:\/\/guineediversite.com\/index.php\/2025\/12\/13\/tentative-de-coup-detat-au-benin-la-cdesa-accuse-le-general-nigerien-abdourahamane-tiani-et-appelle-a-son-arrestation-2\/#primaryimage"},"thumbnailUrl":"https:\/\/guineediversite.com\/wp-content\/uploads\/2025\/12\/img_4479.jpg","datePublished":"2025-12-13T19:44:45+00:00","dateModified":"2025-12-13T19:50:29+00:00","breadcrumb":{"@id":"https:\/\/guineediversite.com\/index.php\/2025\/12\/13\/tentative-de-coup-detat-au-benin-la-cdesa-accuse-le-general-nigerien-abdourahamane-tiani-et-appelle-a-son-arrestation-2\/#breadcrumb"},"inLanguage":"fr-FR","potentialAction":[{"@type":"ReadAction","target":["https:\/\/guineediversite.com\/index.php\/2025\/12\/13\/tentative-de-coup-detat-au-benin-la-cdesa-accuse-le-general-nigerien-abdourahamane-tiani-et-appelle-a-son-arrestation-2\/"]}]},{"@type":"ImageObject","inLanguage":"fr-FR","@id":"https:\/\/guineediversite.com\/index.php\/2025\/12\/13\/tentative-de-coup-detat-au-benin-la-cdesa-accuse-le-general-nigerien-abdourahamane-tiani-et-appelle-a-son-arrestation-2\/#primaryimage","url":"https:\/\/guineediversite.com\/wp-content\/uploads\/2025\/12\/img_4479.jpg","contentUrl":"https:\/\/guineediversite.com\/wp-content\/uploads\/2025\/12\/img_4479.jpg","width":664,"height":443},{"@type":"BreadcrumbList","@id":"https:\/\/guineediversite.com\/index.php\/2025\/12\/13\/tentative-de-coup-detat-au-benin-la-cdesa-accuse-le-general-nigerien-abdourahamane-tiani-et-appelle-a-son-arrestation-2\/#breadcrumb","itemListElement":[{"@type":"ListItem","position":1,"name":"Accueil","item":"https:\/\/guineediversite.com\/"},{"@type":"ListItem","position":2,"name":"Tentative de coup d\u2019\u00c9tat au B\u00e9nin : la CDESA accuse le g\u00e9n\u00e9ral nig\u00e9rien Abdourahamane Tiani et appelle \u00e0 son arrestation"}]},{"@type":"WebSite","@id":"https:\/\/guineediversite.com\/#website","url":"https:\/\/guineediversite.com\/","name":"Guin\u00e9e Diversit\u00e9","description":"L&#039;Info dans toute sa diversit\u00e9","publisher":{"@id":"https:\/\/guineediversite.com\/#organization"},"potentialAction":[{"@type":"SearchAction","target":{"@type":"EntryPoint","urlTemplate":"https:\/\/guineediversite.com\/?s={search_term_string}"},"query-input":{"@type":"PropertyValueSpecification","valueRequired":true,"valueName":"search_term_string"}}],"inLanguage":"fr-FR"},{"@type":"Organization","@id":"https:\/\/guineediversite.com\/#organization","name":"Guin\u00e9e Diversit\u00e9","url":"https:\/\/guineediversite.com\/","logo":{"@type":"ImageObject","inLanguage":"fr-FR","@id":"https:\/\/guineediversite.com\/#\/schema\/logo\/image\/","url":"https:\/\/guineediversite.com\/wp-content\/uploads\/2017\/04\/cropped-1jojlxEOMkX9Wyqfhe43D6kjPOGqBBKmx3EwWJqZ0cMrFF54yM49.png","contentUrl":"https:\/\/guineediversite.com\/wp-content\/uploads\/2017\/04\/cropped-1jojlxEOMkX9Wyqfhe43D6kjPOGqBBKmx3EwWJqZ0cMrFF54yM49.png","width":186,"height":112,"caption":"Guin\u00e9e Diversit\u00e9"},"image":{"@id":"https:\/\/guineediversite.com\/#\/schema\/logo\/image\/"},"sameAs":["https:\/\/www.facebook.com\/guineediversite\/","https:\/\/x.com\/GuineeDiversite","https:\/\/www.youtube.com\/channel\/UC8sUY16qelG5ge6_D5SB83g"]},{"@type":"Person","@id":"https:\/\/guineediversite.com\/#\/schema\/person\/93f07b8b19c6b61656d0edeba739b9e2","name":"TMB","image":{"@type":"ImageObject","inLanguage":"fr-FR","@id":"https:\/\/guineediversite.com\/#\/schema\/person\/image\/","url":"https:\/\/secure.gravatar.com\/avatar\/2bbb03bec976020eaf4dfa0af0a5259f?s=96&d=mm&r=g","contentUrl":"https:\/\/secure.gravatar.com\/avatar\/2bbb03bec976020eaf4dfa0af0a5259f?s=96&d=mm&r=g","caption":"TMB"},"sameAs":["https:\/\/x.com\/TmoussaBah"],"url":"https:\/\/guineediversite.com\/index.php\/author\/thierno\/"}]}},"_links":{"self":[{"href":"https:\/\/guineediversite.com\/index.php\/wp-json\/wp\/v2\/posts\/32594"}],"collection":[{"href":"https:\/\/guineediversite.com\/index.php\/wp-json\/wp\/v2\/posts"}],"about":[{"href":"https:\/\/guineediversite.com\/index.php\/wp-json\/wp\/v2\/types\/post"}],"author":[{"embeddable":true,"href":"https:\/\/guineediversite.com\/index.php\/wp-json\/wp\/v2\/users\/6"}],"replies":[{"embeddable":true,"href":"https:\/\/guineediversite.com\/index.php\/wp-json\/wp\/v2\/comments?post=32594"}],"version-history":[{"count":2,"href":"https:\/\/guineediversite.com\/index.php\/wp-json\/wp\/v2\/posts\/32594\/revisions"}],"predecessor-version":[{"id":32596,"href":"https:\/\/guineediversite.com\/index.php\/wp-json\/wp\/v2\/posts\/32594\/revisions\/32596"}],"wp:featuredmedia":[{"embeddable":true,"href":"https:\/\/guineediversite.com\/index.php\/wp-json\/wp\/v2\/media\/32591"}],"wp:attachment":[{"href":"https:\/\/guineediversite.com\/index.php\/wp-json\/wp\/v2\/media?parent=32594"}],"wp:term":[{"taxonomy":"category","embeddable":true,"href":"https:\/\/guineediversite.com\/index.php\/wp-json\/wp\/v2\/categories?post=32594"},{"taxonomy":"post_tag","embeddable":true,"href":"https:\/\/guineediversite.com\/index.php\/wp-json\/wp\/v2\/tags?post=32594"}],"curies":[{"name":"wp","href":"https:\/\/api.w.org\/{rel}","templated":true}]}}