{"id":32537,"date":"2022-06-05T23:34:24","date_gmt":"2022-06-05T21:34:24","guid":{"rendered":"https:\/\/guineediversite.com\/?p=32537"},"modified":"2022-06-05T23:34:24","modified_gmt":"2022-06-05T21:34:24","slug":"an-82-de-lappel-du-general-de-gaulle-on-rend-hommage-aux-tirailleurs-senegalais","status":"publish","type":"post","link":"https:\/\/guineediversite.com\/index.php\/2022\/06\/05\/an-82-de-lappel-du-general-de-gaulle-on-rend-hommage-aux-tirailleurs-senegalais\/","title":{"rendered":"An 82 de l\u2019Appel du G\u00e9n\u00e9ral de Gaulle : on rend hommage aux tirailleurs s\u00e9n\u00e9galais"},"content":{"rendered":"<p>Le Centre International de Recherche et de Documentation, CIRD, et l\u2019Association des enfants des tirailleurs de Guin\u00e9e rendent hommage, le 18 juin 2022 au CIRD, aux tirailleurs S\u00e9n\u00e9galais. C\u2019est \u00e0 l\u2019occasion des 82 ans de l\u2019appel du G\u00e9n\u00e9ral De Gaulle aux Colonies, le 18 juin 1940 sur les ondes de la radio BBC.<\/p>\n<p>Pr\u00e9sident d\u2019honneur : Le G\u00e9n\u00e9ral \u00e0 la retraite Mohamed Dian\u00e9, ancien chef d\u2019Etat-major de l\u2019arm\u00e9e de terre<\/p>\n<p>Invit\u00e9 d\u2019honneur : Le Sergent-chef \u00e0 la retraite Thierno Brahim Gueye dit Gueye Para, membre du bureau de l\u2019Office national des anciens combattants de S\u00e9n\u00e9gal et pr\u00e9sident du Mouvement des tirailleurs s\u00e9n\u00e9galais.<\/p>\n","protected":false},"excerpt":{"rendered":"<p>Le Centre International de Recherche et de Documentation, CIRD, et l\u2019Association des enfants des tirailleurs de Guin\u00e9e rendent hommage, le 18 juin 2022 au CIRD, aux tirailleurs S\u00e9n\u00e9galais. C\u2019est \u00e0 l\u2019occasion des 82 ans de l\u2019appel du G\u00e9n\u00e9ral De Gaulle aux Colonies, le 18 juin 1940 sur les ondes de la radio BBC. Pr\u00e9sident d\u2019honneur [&hellip;]<\/p>\n","protected":false},"author":12,"featured_media":32538,"comment_status":"closed","ping_status":"open","sticky":false,"template":"","format":"standard","meta":{"_exactmetrics_skip_tracking":false,"_exactmetrics_sitenote_active":false,"_exactmetrics_sitenote_note":"","_exactmetrics_sitenote_category":0,"tdm_status":"","tdm_grid_status":"","footnotes":""},"categories":[21],"tags":[],"class_list":{"0":"post-32537","1":"post","2":"type-post","3":"status-publish","4":"format-standard","5":"has-post-thumbnail","7":"category-international"},"yoast_head":"<!-- This site is optimized with the Yoast SEO plugin v24.2 - https:\/\/yoast.com\/wordpress\/plugins\/seo\/ -->\n<title>An 82 de l\u2019Appel du G\u00e9n\u00e9ral de Gaulle : on rend hommage aux tirailleurs s\u00e9n\u00e9galais | Guin\u00e9e Diversit\u00e9<\/title>\n<meta name=\"robots\" content=\"index, follow, max-snippet:-1, max-image-preview:large, max-video-preview:-1\" \/>\n<link rel=\"canonical\" href=\"https:\/\/guineediversite.com\/index.php\/2022\/06\/05\/an-82-de-lappel-du-general-de-gaulle-on-rend-hommage-aux-tirailleurs-senegalais\/\" \/>\n<meta property=\"og:locale\" content=\"fr_FR\" \/>\n<meta property=\"og:type\" content=\"article\" \/>\n<meta property=\"og:title\" content=\"An 82 de l\u2019Appel du G\u00e9n\u00e9ral de Gaulle : on rend hommage aux tirailleurs s\u00e9n\u00e9galais | Guin\u00e9e Diversit\u00e9\" \/>\n<meta property=\"og:description\" content=\"Le Centre International de Recherche et de Documentation, CIRD, et l\u2019Association des enfants des tirailleurs de Guin\u00e9e rendent hommage, le 18 juin 2022 au CIRD, aux tirailleurs S\u00e9n\u00e9galais. C\u2019est \u00e0 l\u2019occasion des 82 ans de l\u2019appel du G\u00e9n\u00e9ral De Gaulle aux Colonies, le 18 juin 1940 sur les ondes de la radio BBC. Pr\u00e9sident d\u2019honneur [&hellip;]\" \/>\n<meta property=\"og:url\" content=\"https:\/\/guineediversite.com\/index.php\/2022\/06\/05\/an-82-de-lappel-du-general-de-gaulle-on-rend-hommage-aux-tirailleurs-senegalais\/\" \/>\n<meta property=\"og:site_name\" content=\"Guin\u00e9e Diversit\u00e9\" \/>\n<meta property=\"article:publisher\" content=\"https:\/\/www.facebook.com\/guineediversite\/\" \/>\n<meta property=\"article:published_time\" content=\"2022-06-05T21:34:24+00:00\" \/>\n<meta property=\"og:image\" content=\"https:\/\/guineediversite.com\/wp-content\/uploads\/2022\/06\/TIRAILLEURS.jpg\" \/>\n\t<meta property=\"og:image:width\" content=\"1500\" \/>\n\t<meta property=\"og:image:height\" content=\"1095\" \/>\n\t<meta property=\"og:image:type\" content=\"image\/jpeg\" \/>\n<meta name=\"author\" content=\"Guin\u00e9e Diversit\u00e9\" \/>\n<meta name=\"twitter:card\" content=\"summary_large_image\" \/>\n<meta name=\"twitter:creator\" content=\"@GuineeDiversite\" \/>\n<meta name=\"twitter:site\" content=\"@GuineeDiversite\" \/>\n<meta name=\"twitter:label1\" content=\"\u00c9crit par\" \/>\n\t<meta name=\"twitter:data1\" content=\"Guin\u00e9e Diversit\u00e9\" \/>\n\t<meta name=\"twitter:label2\" content=\"Dur\u00e9e de lecture estim\u00e9e\" \/>\n\t<meta name=\"twitter:data2\" content=\"1 minute\" \/>\n<script type=\"application\/ld+json\" class=\"yoast-schema-graph\">{\"@context\":\"https:\/\/schema.org\",\"@graph\":[{\"@type\":\"Article\",\"@id\":\"https:\/\/guineediversite.com\/index.php\/2022\/06\/05\/an-82-de-lappel-du-general-de-gaulle-on-rend-hommage-aux-tirailleurs-senegalais\/#article\",\"isPartOf\":{\"@id\":\"https:\/\/guineediversite.com\/index.php\/2022\/06\/05\/an-82-de-lappel-du-general-de-gaulle-on-rend-hommage-aux-tirailleurs-senegalais\/\"},\"author\":{\"name\":\"Guin\u00e9e Diversit\u00e9\",\"@id\":\"https:\/\/guineediversite.com\/#\/schema\/person\/afa08fb34e7fc6e1feafc892612bc836\"},\"headline\":\"An 82 de l\u2019Appel du G\u00e9n\u00e9ral de Gaulle : on rend hommage aux tirailleurs s\u00e9n\u00e9galais\",\"datePublished\":\"2022-06-05T21:34:24+00:00\",\"dateModified\":\"2022-06-05T21:34:24+00:00\",\"mainEntityOfPage\":{\"@id\":\"https:\/\/guineediversite.com\/index.php\/2022\/06\/05\/an-82-de-lappel-du-general-de-gaulle-on-rend-hommage-aux-tirailleurs-senegalais\/\"},\"wordCount\":133,\"publisher\":{\"@id\":\"https:\/\/guineediversite.com\/#organization\"},\"image\":{\"@id\":\"https:\/\/guineediversite.com\/index.php\/2022\/06\/05\/an-82-de-lappel-du-general-de-gaulle-on-rend-hommage-aux-tirailleurs-senegalais\/#primaryimage\"},\"thumbnailUrl\":\"https:\/\/guineediversite.com\/wp-content\/uploads\/2022\/06\/TIRAILLEURS.jpg\",\"articleSection\":[\"International\"],\"inLanguage\":\"fr-FR\"},{\"@type\":\"WebPage\",\"@id\":\"https:\/\/guineediversite.com\/index.php\/2022\/06\/05\/an-82-de-lappel-du-general-de-gaulle-on-rend-hommage-aux-tirailleurs-senegalais\/\",\"url\":\"https:\/\/guineediversite.com\/index.php\/2022\/06\/05\/an-82-de-lappel-du-general-de-gaulle-on-rend-hommage-aux-tirailleurs-senegalais\/\",\"name\":\"An 82 de l\u2019Appel du G\u00e9n\u00e9ral de Gaulle : on rend hommage aux tirailleurs s\u00e9n\u00e9galais | Guin\u00e9e Diversit\u00e9\",\"isPartOf\":{\"@id\":\"https:\/\/guineediversite.com\/#website\"},\"primaryImageOfPage\":{\"@id\":\"https:\/\/guineediversite.com\/index.php\/2022\/06\/05\/an-82-de-lappel-du-general-de-gaulle-on-rend-hommage-aux-tirailleurs-senegalais\/#primaryimage\"},\"image\":{\"@id\":\"https:\/\/guineediversite.com\/index.php\/2022\/06\/05\/an-82-de-lappel-du-general-de-gaulle-on-rend-hommage-aux-tirailleurs-senegalais\/#primaryimage\"},\"thumbnailUrl\":\"https:\/\/guineediversite.com\/wp-content\/uploads\/2022\/06\/TIRAILLEURS.jpg\",\"datePublished\":\"2022-06-05T21:34:24+00:00\",\"dateModified\":\"2022-06-05T21:34:24+00:00\",\"breadcrumb\":{\"@id\":\"https:\/\/guineediversite.com\/index.php\/2022\/06\/05\/an-82-de-lappel-du-general-de-gaulle-on-rend-hommage-aux-tirailleurs-senegalais\/#breadcrumb\"},\"inLanguage\":\"fr-FR\",\"potentialAction\":[{\"@type\":\"ReadAction\",\"target\":[\"https:\/\/guineediversite.com\/index.php\/2022\/06\/05\/an-82-de-lappel-du-general-de-gaulle-on-rend-hommage-aux-tirailleurs-senegalais\/\"]}]},{\"@type\":\"ImageObject\",\"inLanguage\":\"fr-FR\",\"@id\":\"https:\/\/guineediversite.com\/index.php\/2022\/06\/05\/an-82-de-lappel-du-general-de-gaulle-on-rend-hommage-aux-tirailleurs-senegalais\/#primaryimage\",\"url\":\"https:\/\/guineediversite.com\/wp-content\/uploads\/2022\/06\/TIRAILLEURS.jpg\",\"contentUrl\":\"https:\/\/guineediversite.com\/wp-content\/uploads\/2022\/06\/TIRAILLEURS.jpg\",\"width\":1500,\"height\":1095},{\"@type\":\"BreadcrumbList\",\"@id\":\"https:\/\/guineediversite.com\/index.php\/2022\/06\/05\/an-82-de-lappel-du-general-de-gaulle-on-rend-hommage-aux-tirailleurs-senegalais\/#breadcrumb\",\"itemListElement\":[{\"@type\":\"ListItem\",\"position\":1,\"name\":\"Accueil\",\"item\":\"https:\/\/guineediversite.com\/\"},{\"@type\":\"ListItem\",\"position\":2,\"name\":\"An 82 de l\u2019Appel du G\u00e9n\u00e9ral de Gaulle : on rend hommage aux tirailleurs s\u00e9n\u00e9galais\"}]},{\"@type\":\"WebSite\",\"@id\":\"https:\/\/guineediversite.com\/#website\",\"url\":\"https:\/\/guineediversite.com\/\",\"name\":\"Guin\u00e9e Diversit\u00e9\",\"description\":\"L&#039;Info dans toute sa diversit\u00e9\",\"publisher\":{\"@id\":\"https:\/\/guineediversite.com\/#organization\"},\"potentialAction\":[{\"@type\":\"SearchAction\",\"target\":{\"@type\":\"EntryPoint\",\"urlTemplate\":\"https:\/\/guineediversite.com\/?s={search_term_string}\"},\"query-input\":{\"@type\":\"PropertyValueSpecification\",\"valueRequired\":true,\"valueName\":\"search_term_string\"}}],\"inLanguage\":\"fr-FR\"},{\"@type\":\"Organization\",\"@id\":\"https:\/\/guineediversite.com\/#organization\",\"name\":\"Guin\u00e9e Diversit\u00e9\",\"url\":\"https:\/\/guineediversite.com\/\",\"logo\":{\"@type\":\"ImageObject\",\"inLanguage\":\"fr-FR\",\"@id\":\"https:\/\/guineediversite.com\/#\/schema\/logo\/image\/\",\"url\":\"https:\/\/guineediversite.com\/wp-content\/uploads\/2017\/04\/cropped-1jojlxEOMkX9Wyqfhe43D6kjPOGqBBKmx3EwWJqZ0cMrFF54yM49.png\",\"contentUrl\":\"https:\/\/guineediversite.com\/wp-content\/uploads\/2017\/04\/cropped-1jojlxEOMkX9Wyqfhe43D6kjPOGqBBKmx3EwWJqZ0cMrFF54yM49.png\",\"width\":186,\"height\":112,\"caption\":\"Guin\u00e9e Diversit\u00e9\"},\"image\":{\"@id\":\"https:\/\/guineediversite.com\/#\/schema\/logo\/image\/\"},\"sameAs\":[\"https:\/\/www.facebook.com\/guineediversite\/\",\"https:\/\/x.com\/GuineeDiversite\",\"https:\/\/www.youtube.com\/channel\/UC8sUY16qelG5ge6_D5SB83g\"]},{\"@type\":\"Person\",\"@id\":\"https:\/\/guineediversite.com\/#\/schema\/person\/afa08fb34e7fc6e1feafc892612bc836\",\"name\":\"Guin\u00e9e Diversit\u00e9\",\"image\":{\"@type\":\"ImageObject\",\"inLanguage\":\"fr-FR\",\"@id\":\"https:\/\/guineediversite.com\/#\/schema\/person\/image\/\",\"url\":\"https:\/\/secure.gravatar.com\/avatar\/50d5eb5b390f8b65ac30ac6f898eb83a?s=96&d=mm&r=g\",\"contentUrl\":\"https:\/\/secure.gravatar.com\/avatar\/50d5eb5b390f8b65ac30ac6f898eb83a?s=96&d=mm&r=g\",\"caption\":\"Guin\u00e9e Diversit\u00e9\"},\"url\":\"https:\/\/guineediversite.com\/index.php\/author\/guineediversite\/\"}]}<\/script>\n<!-- \/ Yoast SEO plugin. -->","yoast_head_json":{"title":"An 82 de l\u2019Appel du G\u00e9n\u00e9ral de Gaulle : on rend hommage aux tirailleurs s\u00e9n\u00e9galais | Guin\u00e9e Diversit\u00e9","robots":{"index":"index","follow":"follow","max-snippet":"max-snippet:-1","max-image-preview":"max-image-preview:large","max-video-preview":"max-video-preview:-1"},"canonical":"https:\/\/guineediversite.com\/index.php\/2022\/06\/05\/an-82-de-lappel-du-general-de-gaulle-on-rend-hommage-aux-tirailleurs-senegalais\/","og_locale":"fr_FR","og_type":"article","og_title":"An 82 de l\u2019Appel du G\u00e9n\u00e9ral de Gaulle : on rend hommage aux tirailleurs s\u00e9n\u00e9galais | Guin\u00e9e Diversit\u00e9","og_description":"Le Centre International de Recherche et de Documentation, CIRD, et l\u2019Association des enfants des tirailleurs de Guin\u00e9e rendent hommage, le 18 juin 2022 au CIRD, aux tirailleurs S\u00e9n\u00e9galais. C\u2019est \u00e0 l\u2019occasion des 82 ans de l\u2019appel du G\u00e9n\u00e9ral De Gaulle aux Colonies, le 18 juin 1940 sur les ondes de la radio BBC. Pr\u00e9sident d\u2019honneur [&hellip;]","og_url":"https:\/\/guineediversite.com\/index.php\/2022\/06\/05\/an-82-de-lappel-du-general-de-gaulle-on-rend-hommage-aux-tirailleurs-senegalais\/","og_site_name":"Guin\u00e9e Diversit\u00e9","article_publisher":"https:\/\/www.facebook.com\/guineediversite\/","article_published_time":"2022-06-05T21:34:24+00:00","og_image":[{"width":1500,"height":1095,"url":"https:\/\/guineediversite.com\/wp-content\/uploads\/2022\/06\/TIRAILLEURS.jpg","type":"image\/jpeg"}],"author":"Guin\u00e9e Diversit\u00e9","twitter_card":"summary_large_image","twitter_creator":"@GuineeDiversite","twitter_site":"@GuineeDiversite","twitter_misc":{"\u00c9crit par":"Guin\u00e9e Diversit\u00e9","Dur\u00e9e de lecture estim\u00e9e":"1 minute"},"schema":{"@context":"https:\/\/schema.org","@graph":[{"@type":"Article","@id":"https:\/\/guineediversite.com\/index.php\/2022\/06\/05\/an-82-de-lappel-du-general-de-gaulle-on-rend-hommage-aux-tirailleurs-senegalais\/#article","isPartOf":{"@id":"https:\/\/guineediversite.com\/index.php\/2022\/06\/05\/an-82-de-lappel-du-general-de-gaulle-on-rend-hommage-aux-tirailleurs-senegalais\/"},"author":{"name":"Guin\u00e9e Diversit\u00e9","@id":"https:\/\/guineediversite.com\/#\/schema\/person\/afa08fb34e7fc6e1feafc892612bc836"},"headline":"An 82 de l\u2019Appel du G\u00e9n\u00e9ral de Gaulle : on rend hommage aux tirailleurs s\u00e9n\u00e9galais","datePublished":"2022-06-05T21:34:24+00:00","dateModified":"2022-06-05T21:34:24+00:00","mainEntityOfPage":{"@id":"https:\/\/guineediversite.com\/index.php\/2022\/06\/05\/an-82-de-lappel-du-general-de-gaulle-on-rend-hommage-aux-tirailleurs-senegalais\/"},"wordCount":133,"publisher":{"@id":"https:\/\/guineediversite.com\/#organization"},"image":{"@id":"https:\/\/guineediversite.com\/index.php\/2022\/06\/05\/an-82-de-lappel-du-general-de-gaulle-on-rend-hommage-aux-tirailleurs-senegalais\/#primaryimage"},"thumbnailUrl":"https:\/\/guineediversite.com\/wp-content\/uploads\/2022\/06\/TIRAILLEURS.jpg","articleSection":["International"],"inLanguage":"fr-FR"},{"@type":"WebPage","@id":"https:\/\/guineediversite.com\/index.php\/2022\/06\/05\/an-82-de-lappel-du-general-de-gaulle-on-rend-hommage-aux-tirailleurs-senegalais\/","url":"https:\/\/guineediversite.com\/index.php\/2022\/06\/05\/an-82-de-lappel-du-general-de-gaulle-on-rend-hommage-aux-tirailleurs-senegalais\/","name":"An 82 de l\u2019Appel du G\u00e9n\u00e9ral de Gaulle : on rend hommage aux tirailleurs s\u00e9n\u00e9galais | Guin\u00e9e Diversit\u00e9","isPartOf":{"@id":"https:\/\/guineediversite.com\/#website"},"primaryImageOfPage":{"@id":"https:\/\/guineediversite.com\/index.php\/2022\/06\/05\/an-82-de-lappel-du-general-de-gaulle-on-rend-hommage-aux-tirailleurs-senegalais\/#primaryimage"},"image":{"@id":"https:\/\/guineediversite.com\/index.php\/2022\/06\/05\/an-82-de-lappel-du-general-de-gaulle-on-rend-hommage-aux-tirailleurs-senegalais\/#primaryimage"},"thumbnailUrl":"https:\/\/guineediversite.com\/wp-content\/uploads\/2022\/06\/TIRAILLEURS.jpg","datePublished":"2022-06-05T21:34:24+00:00","dateModified":"2022-06-05T21:34:24+00:00","breadcrumb":{"@id":"https:\/\/guineediversite.com\/index.php\/2022\/06\/05\/an-82-de-lappel-du-general-de-gaulle-on-rend-hommage-aux-tirailleurs-senegalais\/#breadcrumb"},"inLanguage":"fr-FR","potentialAction":[{"@type":"ReadAction","target":["https:\/\/guineediversite.com\/index.php\/2022\/06\/05\/an-82-de-lappel-du-general-de-gaulle-on-rend-hommage-aux-tirailleurs-senegalais\/"]}]},{"@type":"ImageObject","inLanguage":"fr-FR","@id":"https:\/\/guineediversite.com\/index.php\/2022\/06\/05\/an-82-de-lappel-du-general-de-gaulle-on-rend-hommage-aux-tirailleurs-senegalais\/#primaryimage","url":"https:\/\/guineediversite.com\/wp-content\/uploads\/2022\/06\/TIRAILLEURS.jpg","contentUrl":"https:\/\/guineediversite.com\/wp-content\/uploads\/2022\/06\/TIRAILLEURS.jpg","width":1500,"height":1095},{"@type":"BreadcrumbList","@id":"https:\/\/guineediversite.com\/index.php\/2022\/06\/05\/an-82-de-lappel-du-general-de-gaulle-on-rend-hommage-aux-tirailleurs-senegalais\/#breadcrumb","itemListElement":[{"@type":"ListItem","position":1,"name":"Accueil","item":"https:\/\/guineediversite.com\/"},{"@type":"ListItem","position":2,"name":"An 82 de l\u2019Appel du G\u00e9n\u00e9ral de Gaulle : on rend hommage aux tirailleurs s\u00e9n\u00e9galais"}]},{"@type":"WebSite","@id":"https:\/\/guineediversite.com\/#website","url":"https:\/\/guineediversite.com\/","name":"Guin\u00e9e Diversit\u00e9","description":"L&#039;Info dans toute sa diversit\u00e9","publisher":{"@id":"https:\/\/guineediversite.com\/#organization"},"potentialAction":[{"@type":"SearchAction","target":{"@type":"EntryPoint","urlTemplate":"https:\/\/guineediversite.com\/?s={search_term_string}"},"query-input":{"@type":"PropertyValueSpecification","valueRequired":true,"valueName":"search_term_string"}}],"inLanguage":"fr-FR"},{"@type":"Organization","@id":"https:\/\/guineediversite.com\/#organization","name":"Guin\u00e9e Diversit\u00e9","url":"https:\/\/guineediversite.com\/","logo":{"@type":"ImageObject","inLanguage":"fr-FR","@id":"https:\/\/guineediversite.com\/#\/schema\/logo\/image\/","url":"https:\/\/guineediversite.com\/wp-content\/uploads\/2017\/04\/cropped-1jojlxEOMkX9Wyqfhe43D6kjPOGqBBKmx3EwWJqZ0cMrFF54yM49.png","contentUrl":"https:\/\/guineediversite.com\/wp-content\/uploads\/2017\/04\/cropped-1jojlxEOMkX9Wyqfhe43D6kjPOGqBBKmx3EwWJqZ0cMrFF54yM49.png","width":186,"height":112,"caption":"Guin\u00e9e Diversit\u00e9"},"image":{"@id":"https:\/\/guineediversite.com\/#\/schema\/logo\/image\/"},"sameAs":["https:\/\/www.facebook.com\/guineediversite\/","https:\/\/x.com\/GuineeDiversite","https:\/\/www.youtube.com\/channel\/UC8sUY16qelG5ge6_D5SB83g"]},{"@type":"Person","@id":"https:\/\/guineediversite.com\/#\/schema\/person\/afa08fb34e7fc6e1feafc892612bc836","name":"Guin\u00e9e Diversit\u00e9","image":{"@type":"ImageObject","inLanguage":"fr-FR","@id":"https:\/\/guineediversite.com\/#\/schema\/person\/image\/","url":"https:\/\/secure.gravatar.com\/avatar\/50d5eb5b390f8b65ac30ac6f898eb83a?s=96&d=mm&r=g","contentUrl":"https:\/\/secure.gravatar.com\/avatar\/50d5eb5b390f8b65ac30ac6f898eb83a?s=96&d=mm&r=g","caption":"Guin\u00e9e Diversit\u00e9"},"url":"https:\/\/guineediversite.com\/index.php\/author\/guineediversite\/"}]}},"_links":{"self":[{"href":"https:\/\/guineediversite.com\/index.php\/wp-json\/wp\/v2\/posts\/32537"}],"collection":[{"href":"https:\/\/guineediversite.com\/index.php\/wp-json\/wp\/v2\/posts"}],"about":[{"href":"https:\/\/guineediversite.com\/index.php\/wp-json\/wp\/v2\/types\/post"}],"author":[{"embeddable":true,"href":"https:\/\/guineediversite.com\/index.php\/wp-json\/wp\/v2\/users\/12"}],"replies":[{"embeddable":true,"href":"https:\/\/guineediversite.com\/index.php\/wp-json\/wp\/v2\/comments?post=32537"}],"version-history":[{"count":1,"href":"https:\/\/guineediversite.com\/index.php\/wp-json\/wp\/v2\/posts\/32537\/revisions"}],"predecessor-version":[{"id":32539,"href":"https:\/\/guineediversite.com\/index.php\/wp-json\/wp\/v2\/posts\/32537\/revisions\/32539"}],"wp:featuredmedia":[{"embeddable":true,"href":"https:\/\/guineediversite.com\/index.php\/wp-json\/wp\/v2\/media\/32538"}],"wp:attachment":[{"href":"https:\/\/guineediversite.com\/index.php\/wp-json\/wp\/v2\/media?parent=32537"}],"wp:term":[{"taxonomy":"category","embeddable":true,"href":"https:\/\/guineediversite.com\/index.php\/wp-json\/wp\/v2\/categories?post=32537"},{"taxonomy":"post_tag","embeddable":true,"href":"https:\/\/guineediversite.com\/index.php\/wp-json\/wp\/v2\/tags?post=32537"}],"curies":[{"name":"wp","href":"https:\/\/api.w.org\/{rel}","templated":true}]}}