{"id":32472,"date":"2022-05-21T22:13:26","date_gmt":"2022-05-21T20:13:26","guid":{"rendered":"https:\/\/guineediversite.com\/?p=32472"},"modified":"2022-05-22T13:23:12","modified_gmt":"2022-05-22T11:23:12","slug":"labe-reitere-sa-confiance-au-cnrd-et-au-gouvernement","status":"publish","type":"post","link":"https:\/\/guineediversite.com\/index.php\/2022\/05\/21\/labe-reitere-sa-confiance-au-cnrd-et-au-gouvernement\/","title":{"rendered":"LABE R\u00c9IT\u00c8RE SA CONFIANCE AU CNRD ET AU GOUVERNEMENT"},"content":{"rendered":"<p><b><i>Le Premier ministre Mohamed B\u00e9avogui a \u00e9t\u00e9 accueilli vendredi \u00e0 Lab\u00e9 dans la ferveur. Autorit\u00e9s administratives et politiques, notables, femmes et jeunes, \u00e9taient tous mobilis\u00e9s pour manifester leur gratitude envers le Pr\u00e9sident de la Transition et le Chef du Gouvernement.<\/i><\/b><\/p>\n<p>Au si\u00e8ge de la fondation de l\u2019\u00e9rudit Thierno Aliou Bhoubha Ndian,\u00a0le conseil des sages r\u00e9unis autour du Grand imam de la Mosqu\u00e9e de Lab\u00e9, Thierno Badrou Bah, a exprim\u00e9 au Premier ministre la satisfaction de la notabilit\u00e9 pour les actions du pouvoir. La prise en consid\u00e9ration par le Chef de l\u2019\u00c9tat de sa dol\u00e9ance de suspension des op\u00e9rations de r\u00e9cup\u00e9ration des domaines publics b\u00e9n\u00e9ficie d\u2019un \u00e9cho tr\u00e8s favorable. \u00ab\u00a0Nous \u00e9tions dans une situation difficile. Nous \u00e9tions tous angoiss\u00e9s\u00a0\u00bb a confi\u00e9 l\u2019inspecteur r\u00e9gional des affaires religieuses.<\/p>\n<p>D\u2019une voix unanime, les notables de la ville de Karamoko Alpha Mo Lab\u00e9, ont r\u00e9it\u00e9r\u00e9 leur confiance aux autorit\u00e9s. \u00ab\u00a0La r\u00e9gion de Lab\u00e9 est apais\u00e9e. Plus de m\u00e9fiance avec les autorit\u00e9s. Les soubresauts du pass\u00e9 sont dus aux injustices\u00a0\u00bb explique l\u2019iman. Il a conclu en remerciant l\u2019\u00c9tat pour l\u2019adoption du financement de la route Lab\u00e9 &#8211; Mali. \u00ab\u00a0La r\u00e9gion est pauvre. Nous esp\u00e9rons que vous allez r\u00e9\u00e9quilibrer l\u2019absence de l\u2019\u00c9tat dans certaines pr\u00e9fectures de la r\u00e9gion\u00a0\u00bb a ajout\u00e9 l\u2019ancien pr\u00e9fet de Safiyoulaye Bah.<\/p>\n<p>Accompagn\u00e9 des ministres de la sant\u00e9 et de l\u2019\u00e9conomie, ainsi que de certains conseillers et Secr\u00e9taires g\u00e9n\u00e9raux, le Premier ministre a en pr\u00e9sence du Gouverneur traduit les messages de rassemblement et de justice du Pr\u00e9sident de la Transition, le Colonel Mamadi Doumbouya. \u00ab\u00a0Je suis heureux de constater que vous \u00eates satisfaits des actions du CNRD et du Gouvernement. Nous essayons de faire attention aux \u2018\u2019miskines\u2018\u2019 (<i>les personnes vuln\u00e9rables<\/i>) en r\u00e9glant les probl\u00e8mes \u00bb a t \u2013 il dit.<\/p>\n<p>Mohamed B\u00e9avogui a ensuite apport\u00e9 des clarifications autour de certaines actions publiques avant de pr\u00e9ciser\u00a0: \u00ab\u00a0nous travaillons de toutes nos forces pour le d\u00e9veloppement des r\u00e9gions\u00a0\u00bb. Il a dans la foul\u00e9 annonc\u00e9 la construction \u00e0 Lab\u00e9\u00a0\u00a0d\u2019un \u00e9tablissement hospitalier r\u00e9gional de niveau international.<\/p>\n<p>\u00ab\u00a0\u00c9galit\u00e9, justice, infrastructures, emploi sont faciles \u00e0 accompagner par des pri\u00e8res\u00a0\u00bb a lanc\u00e9 une voix avant les b\u00e9n\u00e9dictions par les sages. Les pri\u00e8res se sont poursuivies \u00e0 la grande mosqu\u00e9e de Lab\u00e9 o\u00f9 le Premier ministre et sa d\u00e9l\u00e9gation ont accompli leur obligation religieuse du vendredi.<\/p>\n<p>A la sortie, la foule \u00e9tait rest\u00e9e mass\u00e9e pour encourager le gouvernement dans ses efforts de transformation positive du pays.<\/p>\n<p><b>Transmis par la Cellule de Communication du Gouvernement<\/b><\/p>\n<p><img loading=\"lazy\" decoding=\"async\" class=\" wp-image-32474 aligncenter\" src=\"https:\/\/guineediversite.com.bwjx4292.odns.fr\/wp-content\/uploads\/2022\/05\/Le-Premier-Ministre-a-Labe1-300x200.jpeg\" alt=\"\" width=\"374\" height=\"249\" srcset=\"https:\/\/guineediversite.com\/wp-content\/uploads\/2022\/05\/Le-Premier-Ministre-a-Labe1-300x200.jpeg 300w, https:\/\/guineediversite.com\/wp-content\/uploads\/2022\/05\/Le-Premier-Ministre-a-Labe1-768x512.jpeg 768w, https:\/\/guineediversite.com\/wp-content\/uploads\/2022\/05\/Le-Premier-Ministre-a-Labe1-600x400.jpeg 600w, https:\/\/guineediversite.com\/wp-content\/uploads\/2022\/05\/Le-Premier-Ministre-a-Labe1-696x464.jpeg 696w, https:\/\/guineediversite.com\/wp-content\/uploads\/2022\/05\/Le-Premier-Ministre-a-Labe1-630x420.jpeg 630w, https:\/\/guineediversite.com\/wp-content\/uploads\/2022\/05\/Le-Premier-Ministre-a-Labe1.jpeg 1024w\" sizes=\"(max-width: 374px) 100vw, 374px\" \/> <img loading=\"lazy\" decoding=\"async\" class=\"alignnone size-medium wp-image-32475\" src=\"https:\/\/guineediversite.com.bwjx4292.odns.fr\/wp-content\/uploads\/2022\/05\/Le-Premier-Ministre-a-Labe2-300x231.jpeg\" alt=\"\" width=\"300\" height=\"231\" srcset=\"https:\/\/guineediversite.com\/wp-content\/uploads\/2022\/05\/Le-Premier-Ministre-a-Labe2-300x231.jpeg 300w, https:\/\/guineediversite.com\/wp-content\/uploads\/2022\/05\/Le-Premier-Ministre-a-Labe2-768x591.jpeg 768w, https:\/\/guineediversite.com\/wp-content\/uploads\/2022\/05\/Le-Premier-Ministre-a-Labe2-600x462.jpeg 600w, https:\/\/guineediversite.com\/wp-content\/uploads\/2022\/05\/Le-Premier-Ministre-a-Labe2-696x536.jpeg 696w, https:\/\/guineediversite.com\/wp-content\/uploads\/2022\/05\/Le-Premier-Ministre-a-Labe2-546x420.jpeg 546w, https:\/\/guineediversite.com\/wp-content\/uploads\/2022\/05\/Le-Premier-Ministre-a-Labe2.jpeg 1024w\" sizes=\"(max-width: 300px) 100vw, 300px\" \/> <img loading=\"lazy\" decoding=\"async\" class=\" wp-image-32476 alignleft\" src=\"https:\/\/guineediversite.com.bwjx4292.odns.fr\/wp-content\/uploads\/2022\/05\/Le-Premier-Ministre-a-Labe3-300x200.jpeg\" alt=\"\" width=\"381\" height=\"254\" srcset=\"https:\/\/guineediversite.com\/wp-content\/uploads\/2022\/05\/Le-Premier-Ministre-a-Labe3-300x200.jpeg 300w, https:\/\/guineediversite.com\/wp-content\/uploads\/2022\/05\/Le-Premier-Ministre-a-Labe3-768x512.jpeg 768w, https:\/\/guineediversite.com\/wp-content\/uploads\/2022\/05\/Le-Premier-Ministre-a-Labe3-600x400.jpeg 600w, https:\/\/guineediversite.com\/wp-content\/uploads\/2022\/05\/Le-Premier-Ministre-a-Labe3-696x464.jpeg 696w, https:\/\/guineediversite.com\/wp-content\/uploads\/2022\/05\/Le-Premier-Ministre-a-Labe3-630x420.jpeg 630w, https:\/\/guineediversite.com\/wp-content\/uploads\/2022\/05\/Le-Premier-Ministre-a-Labe3.jpeg 1024w\" sizes=\"(max-width: 381px) 100vw, 381px\" \/> <img loading=\"lazy\" decoding=\"async\" class=\" wp-image-32477 alignright\" src=\"https:\/\/guineediversite.com.bwjx4292.odns.fr\/wp-content\/uploads\/2022\/05\/Le-Premier-Ministre-a-Labe4-300x234.jpeg\" alt=\"\" width=\"406\" height=\"317\" srcset=\"https:\/\/guineediversite.com\/wp-content\/uploads\/2022\/05\/Le-Premier-Ministre-a-Labe4-300x234.jpeg 300w, https:\/\/guineediversite.com\/wp-content\/uploads\/2022\/05\/Le-Premier-Ministre-a-Labe4-768x599.jpeg 768w, https:\/\/guineediversite.com\/wp-content\/uploads\/2022\/05\/Le-Premier-Ministre-a-Labe4-600x468.jpeg 600w, https:\/\/guineediversite.com\/wp-content\/uploads\/2022\/05\/Le-Premier-Ministre-a-Labe4-696x543.jpeg 696w, https:\/\/guineediversite.com\/wp-content\/uploads\/2022\/05\/Le-Premier-Ministre-a-Labe4-538x420.jpeg 538w, https:\/\/guineediversite.com\/wp-content\/uploads\/2022\/05\/Le-Premier-Ministre-a-Labe4.jpeg 1024w\" sizes=\"(max-width: 406px) 100vw, 406px\" \/><b><\/b><\/p>\n<p>&nbsp;<\/p>\n","protected":false},"excerpt":{"rendered":"<p>Le Premier ministre Mohamed B\u00e9avogui a \u00e9t\u00e9 accueilli vendredi \u00e0 Lab\u00e9 dans la ferveur. Autorit\u00e9s administratives et politiques, notables, femmes et jeunes, \u00e9taient tous mobilis\u00e9s pour manifester leur gratitude envers le Pr\u00e9sident de la Transition et le Chef du Gouvernement. Au si\u00e8ge de la fondation de l\u2019\u00e9rudit Thierno Aliou Bhoubha Ndian,\u00a0le conseil des sages r\u00e9unis [&hellip;]<\/p>\n","protected":false},"author":12,"featured_media":32473,"comment_status":"closed","ping_status":"open","sticky":false,"template":"","format":"standard","meta":{"_exactmetrics_skip_tracking":false,"_exactmetrics_sitenote_active":false,"_exactmetrics_sitenote_note":"","_exactmetrics_sitenote_category":0,"tdm_status":"","tdm_grid_status":"","footnotes":""},"categories":[14],"tags":[],"class_list":{"0":"post-32472","1":"post","2":"type-post","3":"status-publish","4":"format-standard","5":"has-post-thumbnail","7":"category-politique"},"yoast_head":"<!-- This site is optimized with the Yoast SEO plugin v24.2 - https:\/\/yoast.com\/wordpress\/plugins\/seo\/ -->\n<title>LABE R\u00c9IT\u00c8RE SA CONFIANCE AU CNRD ET AU GOUVERNEMENT | Guin\u00e9e Diversit\u00e9<\/title>\n<meta name=\"robots\" content=\"index, follow, max-snippet:-1, max-image-preview:large, max-video-preview:-1\" \/>\n<link rel=\"canonical\" href=\"https:\/\/guineediversite.com\/index.php\/2022\/05\/21\/labe-reitere-sa-confiance-au-cnrd-et-au-gouvernement\/\" \/>\n<meta property=\"og:locale\" content=\"fr_FR\" \/>\n<meta property=\"og:type\" content=\"article\" \/>\n<meta property=\"og:title\" content=\"LABE R\u00c9IT\u00c8RE SA CONFIANCE AU CNRD ET AU GOUVERNEMENT | Guin\u00e9e Diversit\u00e9\" \/>\n<meta property=\"og:description\" content=\"Le Premier ministre Mohamed B\u00e9avogui a \u00e9t\u00e9 accueilli vendredi \u00e0 Lab\u00e9 dans la ferveur. Autorit\u00e9s administratives et politiques, notables, femmes et jeunes, \u00e9taient tous mobilis\u00e9s pour manifester leur gratitude envers le Pr\u00e9sident de la Transition et le Chef du Gouvernement. Au si\u00e8ge de la fondation de l\u2019\u00e9rudit Thierno Aliou Bhoubha Ndian,\u00a0le conseil des sages r\u00e9unis [&hellip;]\" \/>\n<meta property=\"og:url\" content=\"https:\/\/guineediversite.com\/index.php\/2022\/05\/21\/labe-reitere-sa-confiance-au-cnrd-et-au-gouvernement\/\" \/>\n<meta property=\"og:site_name\" content=\"Guin\u00e9e Diversit\u00e9\" \/>\n<meta property=\"article:publisher\" content=\"https:\/\/www.facebook.com\/guineediversite\/\" \/>\n<meta property=\"article:published_time\" content=\"2022-05-21T20:13:26+00:00\" \/>\n<meta property=\"article:modified_time\" content=\"2022-05-22T11:23:12+00:00\" \/>\n<meta property=\"og:image\" content=\"https:\/\/guineediversite.com\/wp-content\/uploads\/2022\/05\/Le-Premier-Ministre-a-Labe.jpeg\" \/>\n\t<meta property=\"og:image:width\" content=\"1024\" \/>\n\t<meta property=\"og:image:height\" content=\"683\" \/>\n\t<meta property=\"og:image:type\" content=\"image\/jpeg\" \/>\n<meta name=\"author\" content=\"Guin\u00e9e Diversit\u00e9\" \/>\n<meta name=\"twitter:card\" content=\"summary_large_image\" \/>\n<meta name=\"twitter:creator\" content=\"@GuineeDiversite\" \/>\n<meta name=\"twitter:site\" content=\"@GuineeDiversite\" \/>\n<meta name=\"twitter:label1\" content=\"\u00c9crit par\" \/>\n\t<meta name=\"twitter:data1\" content=\"Guin\u00e9e Diversit\u00e9\" \/>\n\t<meta name=\"twitter:label2\" content=\"Dur\u00e9e de lecture estim\u00e9e\" \/>\n\t<meta name=\"twitter:data2\" content=\"2 minutes\" \/>\n<script type=\"application\/ld+json\" class=\"yoast-schema-graph\">{\"@context\":\"https:\/\/schema.org\",\"@graph\":[{\"@type\":\"Article\",\"@id\":\"https:\/\/guineediversite.com\/index.php\/2022\/05\/21\/labe-reitere-sa-confiance-au-cnrd-et-au-gouvernement\/#article\",\"isPartOf\":{\"@id\":\"https:\/\/guineediversite.com\/index.php\/2022\/05\/21\/labe-reitere-sa-confiance-au-cnrd-et-au-gouvernement\/\"},\"author\":{\"name\":\"Guin\u00e9e Diversit\u00e9\",\"@id\":\"https:\/\/guineediversite.com\/#\/schema\/person\/afa08fb34e7fc6e1feafc892612bc836\"},\"headline\":\"LABE R\u00c9IT\u00c8RE SA CONFIANCE AU CNRD ET AU GOUVERNEMENT\",\"datePublished\":\"2022-05-21T20:13:26+00:00\",\"dateModified\":\"2022-05-22T11:23:12+00:00\",\"mainEntityOfPage\":{\"@id\":\"https:\/\/guineediversite.com\/index.php\/2022\/05\/21\/labe-reitere-sa-confiance-au-cnrd-et-au-gouvernement\/\"},\"wordCount\":475,\"publisher\":{\"@id\":\"https:\/\/guineediversite.com\/#organization\"},\"image\":{\"@id\":\"https:\/\/guineediversite.com\/index.php\/2022\/05\/21\/labe-reitere-sa-confiance-au-cnrd-et-au-gouvernement\/#primaryimage\"},\"thumbnailUrl\":\"https:\/\/guineediversite.com\/wp-content\/uploads\/2022\/05\/Le-Premier-Ministre-a-Labe.jpeg\",\"articleSection\":[\"Politique\"],\"inLanguage\":\"fr-FR\"},{\"@type\":\"WebPage\",\"@id\":\"https:\/\/guineediversite.com\/index.php\/2022\/05\/21\/labe-reitere-sa-confiance-au-cnrd-et-au-gouvernement\/\",\"url\":\"https:\/\/guineediversite.com\/index.php\/2022\/05\/21\/labe-reitere-sa-confiance-au-cnrd-et-au-gouvernement\/\",\"name\":\"LABE R\u00c9IT\u00c8RE SA CONFIANCE AU CNRD ET AU GOUVERNEMENT | Guin\u00e9e Diversit\u00e9\",\"isPartOf\":{\"@id\":\"https:\/\/guineediversite.com\/#website\"},\"primaryImageOfPage\":{\"@id\":\"https:\/\/guineediversite.com\/index.php\/2022\/05\/21\/labe-reitere-sa-confiance-au-cnrd-et-au-gouvernement\/#primaryimage\"},\"image\":{\"@id\":\"https:\/\/guineediversite.com\/index.php\/2022\/05\/21\/labe-reitere-sa-confiance-au-cnrd-et-au-gouvernement\/#primaryimage\"},\"thumbnailUrl\":\"https:\/\/guineediversite.com\/wp-content\/uploads\/2022\/05\/Le-Premier-Ministre-a-Labe.jpeg\",\"datePublished\":\"2022-05-21T20:13:26+00:00\",\"dateModified\":\"2022-05-22T11:23:12+00:00\",\"breadcrumb\":{\"@id\":\"https:\/\/guineediversite.com\/index.php\/2022\/05\/21\/labe-reitere-sa-confiance-au-cnrd-et-au-gouvernement\/#breadcrumb\"},\"inLanguage\":\"fr-FR\",\"potentialAction\":[{\"@type\":\"ReadAction\",\"target\":[\"https:\/\/guineediversite.com\/index.php\/2022\/05\/21\/labe-reitere-sa-confiance-au-cnrd-et-au-gouvernement\/\"]}]},{\"@type\":\"ImageObject\",\"inLanguage\":\"fr-FR\",\"@id\":\"https:\/\/guineediversite.com\/index.php\/2022\/05\/21\/labe-reitere-sa-confiance-au-cnrd-et-au-gouvernement\/#primaryimage\",\"url\":\"https:\/\/guineediversite.com\/wp-content\/uploads\/2022\/05\/Le-Premier-Ministre-a-Labe.jpeg\",\"contentUrl\":\"https:\/\/guineediversite.com\/wp-content\/uploads\/2022\/05\/Le-Premier-Ministre-a-Labe.jpeg\",\"width\":1024,\"height\":683},{\"@type\":\"BreadcrumbList\",\"@id\":\"https:\/\/guineediversite.com\/index.php\/2022\/05\/21\/labe-reitere-sa-confiance-au-cnrd-et-au-gouvernement\/#breadcrumb\",\"itemListElement\":[{\"@type\":\"ListItem\",\"position\":1,\"name\":\"Accueil\",\"item\":\"https:\/\/guineediversite.com\/\"},{\"@type\":\"ListItem\",\"position\":2,\"name\":\"LABE R\u00c9IT\u00c8RE SA CONFIANCE AU CNRD ET AU GOUVERNEMENT\"}]},{\"@type\":\"WebSite\",\"@id\":\"https:\/\/guineediversite.com\/#website\",\"url\":\"https:\/\/guineediversite.com\/\",\"name\":\"Guin\u00e9e Diversit\u00e9\",\"description\":\"L&#039;Info dans toute sa diversit\u00e9\",\"publisher\":{\"@id\":\"https:\/\/guineediversite.com\/#organization\"},\"potentialAction\":[{\"@type\":\"SearchAction\",\"target\":{\"@type\":\"EntryPoint\",\"urlTemplate\":\"https:\/\/guineediversite.com\/?s={search_term_string}\"},\"query-input\":{\"@type\":\"PropertyValueSpecification\",\"valueRequired\":true,\"valueName\":\"search_term_string\"}}],\"inLanguage\":\"fr-FR\"},{\"@type\":\"Organization\",\"@id\":\"https:\/\/guineediversite.com\/#organization\",\"name\":\"Guin\u00e9e Diversit\u00e9\",\"url\":\"https:\/\/guineediversite.com\/\",\"logo\":{\"@type\":\"ImageObject\",\"inLanguage\":\"fr-FR\",\"@id\":\"https:\/\/guineediversite.com\/#\/schema\/logo\/image\/\",\"url\":\"https:\/\/guineediversite.com\/wp-content\/uploads\/2017\/04\/cropped-1jojlxEOMkX9Wyqfhe43D6kjPOGqBBKmx3EwWJqZ0cMrFF54yM49.png\",\"contentUrl\":\"https:\/\/guineediversite.com\/wp-content\/uploads\/2017\/04\/cropped-1jojlxEOMkX9Wyqfhe43D6kjPOGqBBKmx3EwWJqZ0cMrFF54yM49.png\",\"width\":186,\"height\":112,\"caption\":\"Guin\u00e9e Diversit\u00e9\"},\"image\":{\"@id\":\"https:\/\/guineediversite.com\/#\/schema\/logo\/image\/\"},\"sameAs\":[\"https:\/\/www.facebook.com\/guineediversite\/\",\"https:\/\/x.com\/GuineeDiversite\",\"https:\/\/www.youtube.com\/channel\/UC8sUY16qelG5ge6_D5SB83g\"]},{\"@type\":\"Person\",\"@id\":\"https:\/\/guineediversite.com\/#\/schema\/person\/afa08fb34e7fc6e1feafc892612bc836\",\"name\":\"Guin\u00e9e Diversit\u00e9\",\"image\":{\"@type\":\"ImageObject\",\"inLanguage\":\"fr-FR\",\"@id\":\"https:\/\/guineediversite.com\/#\/schema\/person\/image\/\",\"url\":\"https:\/\/secure.gravatar.com\/avatar\/50d5eb5b390f8b65ac30ac6f898eb83a?s=96&d=mm&r=g\",\"contentUrl\":\"https:\/\/secure.gravatar.com\/avatar\/50d5eb5b390f8b65ac30ac6f898eb83a?s=96&d=mm&r=g\",\"caption\":\"Guin\u00e9e Diversit\u00e9\"},\"url\":\"https:\/\/guineediversite.com\/index.php\/author\/guineediversite\/\"}]}<\/script>\n<!-- \/ Yoast SEO plugin. -->","yoast_head_json":{"title":"LABE R\u00c9IT\u00c8RE SA CONFIANCE AU CNRD ET AU GOUVERNEMENT | Guin\u00e9e Diversit\u00e9","robots":{"index":"index","follow":"follow","max-snippet":"max-snippet:-1","max-image-preview":"max-image-preview:large","max-video-preview":"max-video-preview:-1"},"canonical":"https:\/\/guineediversite.com\/index.php\/2022\/05\/21\/labe-reitere-sa-confiance-au-cnrd-et-au-gouvernement\/","og_locale":"fr_FR","og_type":"article","og_title":"LABE R\u00c9IT\u00c8RE SA CONFIANCE AU CNRD ET AU GOUVERNEMENT | Guin\u00e9e Diversit\u00e9","og_description":"Le Premier ministre Mohamed B\u00e9avogui a \u00e9t\u00e9 accueilli vendredi \u00e0 Lab\u00e9 dans la ferveur. Autorit\u00e9s administratives et politiques, notables, femmes et jeunes, \u00e9taient tous mobilis\u00e9s pour manifester leur gratitude envers le Pr\u00e9sident de la Transition et le Chef du Gouvernement. Au si\u00e8ge de la fondation de l\u2019\u00e9rudit Thierno Aliou Bhoubha Ndian,\u00a0le conseil des sages r\u00e9unis [&hellip;]","og_url":"https:\/\/guineediversite.com\/index.php\/2022\/05\/21\/labe-reitere-sa-confiance-au-cnrd-et-au-gouvernement\/","og_site_name":"Guin\u00e9e Diversit\u00e9","article_publisher":"https:\/\/www.facebook.com\/guineediversite\/","article_published_time":"2022-05-21T20:13:26+00:00","article_modified_time":"2022-05-22T11:23:12+00:00","og_image":[{"width":1024,"height":683,"url":"https:\/\/guineediversite.com\/wp-content\/uploads\/2022\/05\/Le-Premier-Ministre-a-Labe.jpeg","type":"image\/jpeg"}],"author":"Guin\u00e9e Diversit\u00e9","twitter_card":"summary_large_image","twitter_creator":"@GuineeDiversite","twitter_site":"@GuineeDiversite","twitter_misc":{"\u00c9crit par":"Guin\u00e9e Diversit\u00e9","Dur\u00e9e de lecture estim\u00e9e":"2 minutes"},"schema":{"@context":"https:\/\/schema.org","@graph":[{"@type":"Article","@id":"https:\/\/guineediversite.com\/index.php\/2022\/05\/21\/labe-reitere-sa-confiance-au-cnrd-et-au-gouvernement\/#article","isPartOf":{"@id":"https:\/\/guineediversite.com\/index.php\/2022\/05\/21\/labe-reitere-sa-confiance-au-cnrd-et-au-gouvernement\/"},"author":{"name":"Guin\u00e9e Diversit\u00e9","@id":"https:\/\/guineediversite.com\/#\/schema\/person\/afa08fb34e7fc6e1feafc892612bc836"},"headline":"LABE R\u00c9IT\u00c8RE SA CONFIANCE AU CNRD ET AU GOUVERNEMENT","datePublished":"2022-05-21T20:13:26+00:00","dateModified":"2022-05-22T11:23:12+00:00","mainEntityOfPage":{"@id":"https:\/\/guineediversite.com\/index.php\/2022\/05\/21\/labe-reitere-sa-confiance-au-cnrd-et-au-gouvernement\/"},"wordCount":475,"publisher":{"@id":"https:\/\/guineediversite.com\/#organization"},"image":{"@id":"https:\/\/guineediversite.com\/index.php\/2022\/05\/21\/labe-reitere-sa-confiance-au-cnrd-et-au-gouvernement\/#primaryimage"},"thumbnailUrl":"https:\/\/guineediversite.com\/wp-content\/uploads\/2022\/05\/Le-Premier-Ministre-a-Labe.jpeg","articleSection":["Politique"],"inLanguage":"fr-FR"},{"@type":"WebPage","@id":"https:\/\/guineediversite.com\/index.php\/2022\/05\/21\/labe-reitere-sa-confiance-au-cnrd-et-au-gouvernement\/","url":"https:\/\/guineediversite.com\/index.php\/2022\/05\/21\/labe-reitere-sa-confiance-au-cnrd-et-au-gouvernement\/","name":"LABE R\u00c9IT\u00c8RE SA CONFIANCE AU CNRD ET AU GOUVERNEMENT | Guin\u00e9e Diversit\u00e9","isPartOf":{"@id":"https:\/\/guineediversite.com\/#website"},"primaryImageOfPage":{"@id":"https:\/\/guineediversite.com\/index.php\/2022\/05\/21\/labe-reitere-sa-confiance-au-cnrd-et-au-gouvernement\/#primaryimage"},"image":{"@id":"https:\/\/guineediversite.com\/index.php\/2022\/05\/21\/labe-reitere-sa-confiance-au-cnrd-et-au-gouvernement\/#primaryimage"},"thumbnailUrl":"https:\/\/guineediversite.com\/wp-content\/uploads\/2022\/05\/Le-Premier-Ministre-a-Labe.jpeg","datePublished":"2022-05-21T20:13:26+00:00","dateModified":"2022-05-22T11:23:12+00:00","breadcrumb":{"@id":"https:\/\/guineediversite.com\/index.php\/2022\/05\/21\/labe-reitere-sa-confiance-au-cnrd-et-au-gouvernement\/#breadcrumb"},"inLanguage":"fr-FR","potentialAction":[{"@type":"ReadAction","target":["https:\/\/guineediversite.com\/index.php\/2022\/05\/21\/labe-reitere-sa-confiance-au-cnrd-et-au-gouvernement\/"]}]},{"@type":"ImageObject","inLanguage":"fr-FR","@id":"https:\/\/guineediversite.com\/index.php\/2022\/05\/21\/labe-reitere-sa-confiance-au-cnrd-et-au-gouvernement\/#primaryimage","url":"https:\/\/guineediversite.com\/wp-content\/uploads\/2022\/05\/Le-Premier-Ministre-a-Labe.jpeg","contentUrl":"https:\/\/guineediversite.com\/wp-content\/uploads\/2022\/05\/Le-Premier-Ministre-a-Labe.jpeg","width":1024,"height":683},{"@type":"BreadcrumbList","@id":"https:\/\/guineediversite.com\/index.php\/2022\/05\/21\/labe-reitere-sa-confiance-au-cnrd-et-au-gouvernement\/#breadcrumb","itemListElement":[{"@type":"ListItem","position":1,"name":"Accueil","item":"https:\/\/guineediversite.com\/"},{"@type":"ListItem","position":2,"name":"LABE R\u00c9IT\u00c8RE SA CONFIANCE AU CNRD ET AU GOUVERNEMENT"}]},{"@type":"WebSite","@id":"https:\/\/guineediversite.com\/#website","url":"https:\/\/guineediversite.com\/","name":"Guin\u00e9e Diversit\u00e9","description":"L&#039;Info dans toute sa diversit\u00e9","publisher":{"@id":"https:\/\/guineediversite.com\/#organization"},"potentialAction":[{"@type":"SearchAction","target":{"@type":"EntryPoint","urlTemplate":"https:\/\/guineediversite.com\/?s={search_term_string}"},"query-input":{"@type":"PropertyValueSpecification","valueRequired":true,"valueName":"search_term_string"}}],"inLanguage":"fr-FR"},{"@type":"Organization","@id":"https:\/\/guineediversite.com\/#organization","name":"Guin\u00e9e Diversit\u00e9","url":"https:\/\/guineediversite.com\/","logo":{"@type":"ImageObject","inLanguage":"fr-FR","@id":"https:\/\/guineediversite.com\/#\/schema\/logo\/image\/","url":"https:\/\/guineediversite.com\/wp-content\/uploads\/2017\/04\/cropped-1jojlxEOMkX9Wyqfhe43D6kjPOGqBBKmx3EwWJqZ0cMrFF54yM49.png","contentUrl":"https:\/\/guineediversite.com\/wp-content\/uploads\/2017\/04\/cropped-1jojlxEOMkX9Wyqfhe43D6kjPOGqBBKmx3EwWJqZ0cMrFF54yM49.png","width":186,"height":112,"caption":"Guin\u00e9e Diversit\u00e9"},"image":{"@id":"https:\/\/guineediversite.com\/#\/schema\/logo\/image\/"},"sameAs":["https:\/\/www.facebook.com\/guineediversite\/","https:\/\/x.com\/GuineeDiversite","https:\/\/www.youtube.com\/channel\/UC8sUY16qelG5ge6_D5SB83g"]},{"@type":"Person","@id":"https:\/\/guineediversite.com\/#\/schema\/person\/afa08fb34e7fc6e1feafc892612bc836","name":"Guin\u00e9e Diversit\u00e9","image":{"@type":"ImageObject","inLanguage":"fr-FR","@id":"https:\/\/guineediversite.com\/#\/schema\/person\/image\/","url":"https:\/\/secure.gravatar.com\/avatar\/50d5eb5b390f8b65ac30ac6f898eb83a?s=96&d=mm&r=g","contentUrl":"https:\/\/secure.gravatar.com\/avatar\/50d5eb5b390f8b65ac30ac6f898eb83a?s=96&d=mm&r=g","caption":"Guin\u00e9e Diversit\u00e9"},"url":"https:\/\/guineediversite.com\/index.php\/author\/guineediversite\/"}]}},"_links":{"self":[{"href":"https:\/\/guineediversite.com\/index.php\/wp-json\/wp\/v2\/posts\/32472"}],"collection":[{"href":"https:\/\/guineediversite.com\/index.php\/wp-json\/wp\/v2\/posts"}],"about":[{"href":"https:\/\/guineediversite.com\/index.php\/wp-json\/wp\/v2\/types\/post"}],"author":[{"embeddable":true,"href":"https:\/\/guineediversite.com\/index.php\/wp-json\/wp\/v2\/users\/12"}],"replies":[{"embeddable":true,"href":"https:\/\/guineediversite.com\/index.php\/wp-json\/wp\/v2\/comments?post=32472"}],"version-history":[{"count":1,"href":"https:\/\/guineediversite.com\/index.php\/wp-json\/wp\/v2\/posts\/32472\/revisions"}],"predecessor-version":[{"id":32478,"href":"https:\/\/guineediversite.com\/index.php\/wp-json\/wp\/v2\/posts\/32472\/revisions\/32478"}],"wp:featuredmedia":[{"embeddable":true,"href":"https:\/\/guineediversite.com\/index.php\/wp-json\/wp\/v2\/media\/32473"}],"wp:attachment":[{"href":"https:\/\/guineediversite.com\/index.php\/wp-json\/wp\/v2\/media?parent=32472"}],"wp:term":[{"taxonomy":"category","embeddable":true,"href":"https:\/\/guineediversite.com\/index.php\/wp-json\/wp\/v2\/categories?post=32472"},{"taxonomy":"post_tag","embeddable":true,"href":"https:\/\/guineediversite.com\/index.php\/wp-json\/wp\/v2\/tags?post=32472"}],"curies":[{"name":"wp","href":"https:\/\/api.w.org\/{rel}","templated":true}]}}