{"id":32453,"date":"2022-04-15T17:19:52","date_gmt":"2022-04-15T15:19:52","guid":{"rendered":"https:\/\/guineediversite.com\/?p=32453"},"modified":"2022-04-15T17:19:52","modified_gmt":"2022-04-15T15:19:52","slug":"coalitions-politiques-pourquoi-le-ministre-mory-conde-veut-il-y-mettre-de-lordre","status":"publish","type":"post","link":"https:\/\/guineediversite.com\/index.php\/2022\/04\/15\/coalitions-politiques-pourquoi-le-ministre-mory-conde-veut-il-y-mettre-de-lordre\/","title":{"rendered":"COALITIONS POLITIQUES : POURQUOI LE MINISTRE MORY COND\u00c9 VEUT-IL Y METTRE DE LORDRE ?"},"content":{"rendered":"<p>Le CNRD et son Pr\u00e9sident sont venus pour nettoyer,\u00a0 balayer la \u00ab\u00a0Maison Guin\u00e9e\u00a0\u00bb et mettre de l&rsquo;ordre dans tous les domaines.<\/p>\n<p>Fid\u00e8le \u00e0 l&rsquo;esprit qui caract\u00e9rise le CNRD, le ministre de l&rsquo;Administration du Territoire et de la D\u00e9centralisation, Mory Cond\u00e9, \u00e0 l&rsquo;instar de ses autres coll\u00e8gues, d\u00e9cide de mettre de l&rsquo;ordre au sein du \u00ab\u00a0Marigot Politique\u00a0\u00bb marqu\u00e9 par une certaine chienlit qui ne dit pas son nom.<\/p>\n<p>De ce qui pr\u00e9c\u00e8de, le \u00ab\u00a0Monsieur \u00c9lection\u00a0\u00bb du gouvernement Mohamed B\u00e9avogui a adress\u00e9 un courrier aux diff\u00e9rents partis politiques pour leur demander de prouver leur existence l\u00e9gale et exiger d&rsquo;eux, des pr\u00e9cisions sur les coalitions qui foisonnent dans la cit\u00e9.<\/p>\n<p>Le ministre Mory Cond\u00e9 est dans la logique de la Loi. Et, pour cause : les coalitions sont cens\u00e9es na\u00eetre exclusivement en p\u00e9riode \u00e9lectorale et dispara\u00eetre aussit\u00f4t apr\u00e8s la bataille dans les urnes.<\/p>\n<p>En plus clair, en dehors d&rsquo;une p\u00e9riode \u00e9lectorale, l&rsquo;existence des coalitions de partis politiques peut engendrer une pagaille indescriptible. C&rsquo;est ce qui motive et explique le courrier du ministre Mory Cond\u00e9, plus que jamais inscrit dans l&rsquo;esprit du CNRD, dont la mission principale est la refondation de l&rsquo;\u00c9tat.<\/p>\n<p>Pour qu&rsquo;on puisse parler de coalition en R\u00e9publique de Guin\u00e9e, il faudrait absolument l&rsquo;organisation pr\u00e9alable d&rsquo;une convention sans laquelle toute coalition est ill\u00e9gale.\u00a0 Ladite convention doit \u00eatre sanctionn\u00e9e par un document portant les signatures des partis membres de la coalition.<\/p>\n<p>Le ministre Mory Cond\u00e9 se bat, contre vents et mar\u00e9es, pour mettre de l&rsquo;ordre dans l&rsquo;\u00e9chiquier politique. Objectif: \u00e0 terme,\u00a0 donner les moyens \u00e0 l&rsquo;\u00c9tat d&rsquo;y voir clair afin de pouvoir travailler convenablement avec les formations politiques pour la r\u00e9ussite de la Transition.<\/p>\n<p>\u00ab\u00a0Qui se sent morveux\u00a0 se mouche\u00a0\u00bb. Autrement, l&rsquo;esprit du courrier du ministre de l&rsquo;Administration du Territoire est, on ne peut mieux, clair et limpide. Se l&rsquo;approprier proviendra d&rsquo;une forte dose de bonne foi.<\/p>\n<p>Mandian SIDIBE, Journaliste<\/p>\n","protected":false},"excerpt":{"rendered":"<p>Le CNRD et son Pr\u00e9sident sont venus pour nettoyer,\u00a0 balayer la \u00ab\u00a0Maison Guin\u00e9e\u00a0\u00bb et mettre de l&rsquo;ordre dans tous les domaines. Fid\u00e8le \u00e0 l&rsquo;esprit qui caract\u00e9rise le CNRD, le ministre de l&rsquo;Administration du Territoire et de la D\u00e9centralisation, Mory Cond\u00e9, \u00e0 l&rsquo;instar de ses autres coll\u00e8gues, d\u00e9cide de mettre de l&rsquo;ordre au sein du \u00ab\u00a0Marigot [&hellip;]<\/p>\n","protected":false},"author":10,"featured_media":32276,"comment_status":"closed","ping_status":"open","sticky":false,"template":"","format":"standard","meta":{"_exactmetrics_skip_tracking":false,"_exactmetrics_sitenote_active":false,"_exactmetrics_sitenote_note":"","_exactmetrics_sitenote_category":0,"tdm_status":"","tdm_grid_status":"","footnotes":""},"categories":[14],"tags":[],"class_list":{"0":"post-32453","1":"post","2":"type-post","3":"status-publish","4":"format-standard","5":"has-post-thumbnail","7":"category-politique"},"yoast_head":"<!-- This site is optimized with the Yoast SEO plugin v24.2 - https:\/\/yoast.com\/wordpress\/plugins\/seo\/ -->\n<title>COALITIONS POLITIQUES : POURQUOI LE MINISTRE MORY COND\u00c9 VEUT-IL Y METTRE DE LORDRE ? | Guin\u00e9e Diversit\u00e9<\/title>\n<meta name=\"robots\" content=\"index, follow, max-snippet:-1, max-image-preview:large, max-video-preview:-1\" \/>\n<link rel=\"canonical\" href=\"https:\/\/guineediversite.com\/index.php\/2022\/04\/15\/coalitions-politiques-pourquoi-le-ministre-mory-conde-veut-il-y-mettre-de-lordre\/\" \/>\n<meta property=\"og:locale\" content=\"fr_FR\" \/>\n<meta property=\"og:type\" content=\"article\" \/>\n<meta property=\"og:title\" content=\"COALITIONS POLITIQUES : POURQUOI LE MINISTRE MORY COND\u00c9 VEUT-IL Y METTRE DE LORDRE ? | Guin\u00e9e Diversit\u00e9\" \/>\n<meta property=\"og:description\" content=\"Le CNRD et son Pr\u00e9sident sont venus pour nettoyer,\u00a0 balayer la \u00ab\u00a0Maison Guin\u00e9e\u00a0\u00bb et mettre de l&rsquo;ordre dans tous les domaines. Fid\u00e8le \u00e0 l&rsquo;esprit qui caract\u00e9rise le CNRD, le ministre de l&rsquo;Administration du Territoire et de la D\u00e9centralisation, Mory Cond\u00e9, \u00e0 l&rsquo;instar de ses autres coll\u00e8gues, d\u00e9cide de mettre de l&rsquo;ordre au sein du \u00ab\u00a0Marigot [&hellip;]\" \/>\n<meta property=\"og:url\" content=\"https:\/\/guineediversite.com\/index.php\/2022\/04\/15\/coalitions-politiques-pourquoi-le-ministre-mory-conde-veut-il-y-mettre-de-lordre\/\" \/>\n<meta property=\"og:site_name\" content=\"Guin\u00e9e Diversit\u00e9\" \/>\n<meta property=\"article:publisher\" content=\"https:\/\/www.facebook.com\/guineediversite\/\" \/>\n<meta property=\"article:published_time\" content=\"2022-04-15T15:19:52+00:00\" \/>\n<meta property=\"og:image\" content=\"https:\/\/guineediversite.com\/wp-content\/uploads\/2022\/01\/WhatsApp-Image-2022-01-03-at-10.16.21.jpeg\" \/>\n\t<meta property=\"og:image:width\" content=\"1125\" \/>\n\t<meta property=\"og:image:height\" content=\"1500\" \/>\n\t<meta property=\"og:image:type\" content=\"image\/jpeg\" \/>\n<meta name=\"author\" content=\"Morcire Camara\" \/>\n<meta name=\"twitter:card\" content=\"summary_large_image\" \/>\n<meta name=\"twitter:creator\" content=\"@GuineeDiversite\" \/>\n<meta name=\"twitter:site\" content=\"@GuineeDiversite\" \/>\n<meta name=\"twitter:label1\" content=\"\u00c9crit par\" \/>\n\t<meta name=\"twitter:data1\" content=\"Morcire Camara\" \/>\n\t<meta name=\"twitter:label2\" content=\"Dur\u00e9e de lecture estim\u00e9e\" \/>\n\t<meta name=\"twitter:data2\" content=\"2 minutes\" \/>\n<script type=\"application\/ld+json\" class=\"yoast-schema-graph\">{\"@context\":\"https:\/\/schema.org\",\"@graph\":[{\"@type\":\"Article\",\"@id\":\"https:\/\/guineediversite.com\/index.php\/2022\/04\/15\/coalitions-politiques-pourquoi-le-ministre-mory-conde-veut-il-y-mettre-de-lordre\/#article\",\"isPartOf\":{\"@id\":\"https:\/\/guineediversite.com\/index.php\/2022\/04\/15\/coalitions-politiques-pourquoi-le-ministre-mory-conde-veut-il-y-mettre-de-lordre\/\"},\"author\":{\"name\":\"Morcire Camara\",\"@id\":\"https:\/\/guineediversite.com\/#\/schema\/person\/fa362494c47202ce4b3adf55abcc9d01\"},\"headline\":\"COALITIONS POLITIQUES : POURQUOI LE MINISTRE MORY COND\u00c9 VEUT-IL Y METTRE DE LORDRE ?\",\"datePublished\":\"2022-04-15T15:19:52+00:00\",\"dateModified\":\"2022-04-15T15:19:52+00:00\",\"mainEntityOfPage\":{\"@id\":\"https:\/\/guineediversite.com\/index.php\/2022\/04\/15\/coalitions-politiques-pourquoi-le-ministre-mory-conde-veut-il-y-mettre-de-lordre\/\"},\"wordCount\":363,\"publisher\":{\"@id\":\"https:\/\/guineediversite.com\/#organization\"},\"image\":{\"@id\":\"https:\/\/guineediversite.com\/index.php\/2022\/04\/15\/coalitions-politiques-pourquoi-le-ministre-mory-conde-veut-il-y-mettre-de-lordre\/#primaryimage\"},\"thumbnailUrl\":\"https:\/\/guineediversite.com\/wp-content\/uploads\/2022\/01\/WhatsApp-Image-2022-01-03-at-10.16.21.jpeg\",\"articleSection\":[\"Politique\"],\"inLanguage\":\"fr-FR\"},{\"@type\":\"WebPage\",\"@id\":\"https:\/\/guineediversite.com\/index.php\/2022\/04\/15\/coalitions-politiques-pourquoi-le-ministre-mory-conde-veut-il-y-mettre-de-lordre\/\",\"url\":\"https:\/\/guineediversite.com\/index.php\/2022\/04\/15\/coalitions-politiques-pourquoi-le-ministre-mory-conde-veut-il-y-mettre-de-lordre\/\",\"name\":\"COALITIONS POLITIQUES : POURQUOI LE MINISTRE MORY COND\u00c9 VEUT-IL Y METTRE DE LORDRE ? | Guin\u00e9e Diversit\u00e9\",\"isPartOf\":{\"@id\":\"https:\/\/guineediversite.com\/#website\"},\"primaryImageOfPage\":{\"@id\":\"https:\/\/guineediversite.com\/index.php\/2022\/04\/15\/coalitions-politiques-pourquoi-le-ministre-mory-conde-veut-il-y-mettre-de-lordre\/#primaryimage\"},\"image\":{\"@id\":\"https:\/\/guineediversite.com\/index.php\/2022\/04\/15\/coalitions-politiques-pourquoi-le-ministre-mory-conde-veut-il-y-mettre-de-lordre\/#primaryimage\"},\"thumbnailUrl\":\"https:\/\/guineediversite.com\/wp-content\/uploads\/2022\/01\/WhatsApp-Image-2022-01-03-at-10.16.21.jpeg\",\"datePublished\":\"2022-04-15T15:19:52+00:00\",\"dateModified\":\"2022-04-15T15:19:52+00:00\",\"breadcrumb\":{\"@id\":\"https:\/\/guineediversite.com\/index.php\/2022\/04\/15\/coalitions-politiques-pourquoi-le-ministre-mory-conde-veut-il-y-mettre-de-lordre\/#breadcrumb\"},\"inLanguage\":\"fr-FR\",\"potentialAction\":[{\"@type\":\"ReadAction\",\"target\":[\"https:\/\/guineediversite.com\/index.php\/2022\/04\/15\/coalitions-politiques-pourquoi-le-ministre-mory-conde-veut-il-y-mettre-de-lordre\/\"]}]},{\"@type\":\"ImageObject\",\"inLanguage\":\"fr-FR\",\"@id\":\"https:\/\/guineediversite.com\/index.php\/2022\/04\/15\/coalitions-politiques-pourquoi-le-ministre-mory-conde-veut-il-y-mettre-de-lordre\/#primaryimage\",\"url\":\"https:\/\/guineediversite.com\/wp-content\/uploads\/2022\/01\/WhatsApp-Image-2022-01-03-at-10.16.21.jpeg\",\"contentUrl\":\"https:\/\/guineediversite.com\/wp-content\/uploads\/2022\/01\/WhatsApp-Image-2022-01-03-at-10.16.21.jpeg\",\"width\":1125,\"height\":1500},{\"@type\":\"BreadcrumbList\",\"@id\":\"https:\/\/guineediversite.com\/index.php\/2022\/04\/15\/coalitions-politiques-pourquoi-le-ministre-mory-conde-veut-il-y-mettre-de-lordre\/#breadcrumb\",\"itemListElement\":[{\"@type\":\"ListItem\",\"position\":1,\"name\":\"Accueil\",\"item\":\"https:\/\/guineediversite.com\/\"},{\"@type\":\"ListItem\",\"position\":2,\"name\":\"COALITIONS POLITIQUES : POURQUOI LE MINISTRE MORY COND\u00c9 VEUT-IL Y METTRE DE LORDRE ?\"}]},{\"@type\":\"WebSite\",\"@id\":\"https:\/\/guineediversite.com\/#website\",\"url\":\"https:\/\/guineediversite.com\/\",\"name\":\"Guin\u00e9e Diversit\u00e9\",\"description\":\"L&#039;Info dans toute sa diversit\u00e9\",\"publisher\":{\"@id\":\"https:\/\/guineediversite.com\/#organization\"},\"potentialAction\":[{\"@type\":\"SearchAction\",\"target\":{\"@type\":\"EntryPoint\",\"urlTemplate\":\"https:\/\/guineediversite.com\/?s={search_term_string}\"},\"query-input\":{\"@type\":\"PropertyValueSpecification\",\"valueRequired\":true,\"valueName\":\"search_term_string\"}}],\"inLanguage\":\"fr-FR\"},{\"@type\":\"Organization\",\"@id\":\"https:\/\/guineediversite.com\/#organization\",\"name\":\"Guin\u00e9e Diversit\u00e9\",\"url\":\"https:\/\/guineediversite.com\/\",\"logo\":{\"@type\":\"ImageObject\",\"inLanguage\":\"fr-FR\",\"@id\":\"https:\/\/guineediversite.com\/#\/schema\/logo\/image\/\",\"url\":\"https:\/\/guineediversite.com\/wp-content\/uploads\/2017\/04\/cropped-1jojlxEOMkX9Wyqfhe43D6kjPOGqBBKmx3EwWJqZ0cMrFF54yM49.png\",\"contentUrl\":\"https:\/\/guineediversite.com\/wp-content\/uploads\/2017\/04\/cropped-1jojlxEOMkX9Wyqfhe43D6kjPOGqBBKmx3EwWJqZ0cMrFF54yM49.png\",\"width\":186,\"height\":112,\"caption\":\"Guin\u00e9e Diversit\u00e9\"},\"image\":{\"@id\":\"https:\/\/guineediversite.com\/#\/schema\/logo\/image\/\"},\"sameAs\":[\"https:\/\/www.facebook.com\/guineediversite\/\",\"https:\/\/x.com\/GuineeDiversite\",\"https:\/\/www.youtube.com\/channel\/UC8sUY16qelG5ge6_D5SB83g\"]},{\"@type\":\"Person\",\"@id\":\"https:\/\/guineediversite.com\/#\/schema\/person\/fa362494c47202ce4b3adf55abcc9d01\",\"name\":\"Morcire Camara\",\"image\":{\"@type\":\"ImageObject\",\"inLanguage\":\"fr-FR\",\"@id\":\"https:\/\/guineediversite.com\/#\/schema\/person\/image\/\",\"url\":\"https:\/\/secure.gravatar.com\/avatar\/3ec324f02295bbcebe03d99b39330ab4?s=96&d=mm&r=g\",\"contentUrl\":\"https:\/\/secure.gravatar.com\/avatar\/3ec324f02295bbcebe03d99b39330ab4?s=96&d=mm&r=g\",\"caption\":\"Morcire Camara\"},\"url\":\"https:\/\/guineediversite.com\/index.php\/author\/morcire\/\"}]}<\/script>\n<!-- \/ Yoast SEO plugin. -->","yoast_head_json":{"title":"COALITIONS POLITIQUES : POURQUOI LE MINISTRE MORY COND\u00c9 VEUT-IL Y METTRE DE LORDRE ? | Guin\u00e9e Diversit\u00e9","robots":{"index":"index","follow":"follow","max-snippet":"max-snippet:-1","max-image-preview":"max-image-preview:large","max-video-preview":"max-video-preview:-1"},"canonical":"https:\/\/guineediversite.com\/index.php\/2022\/04\/15\/coalitions-politiques-pourquoi-le-ministre-mory-conde-veut-il-y-mettre-de-lordre\/","og_locale":"fr_FR","og_type":"article","og_title":"COALITIONS POLITIQUES : POURQUOI LE MINISTRE MORY COND\u00c9 VEUT-IL Y METTRE DE LORDRE ? | Guin\u00e9e Diversit\u00e9","og_description":"Le CNRD et son Pr\u00e9sident sont venus pour nettoyer,\u00a0 balayer la \u00ab\u00a0Maison Guin\u00e9e\u00a0\u00bb et mettre de l&rsquo;ordre dans tous les domaines. Fid\u00e8le \u00e0 l&rsquo;esprit qui caract\u00e9rise le CNRD, le ministre de l&rsquo;Administration du Territoire et de la D\u00e9centralisation, Mory Cond\u00e9, \u00e0 l&rsquo;instar de ses autres coll\u00e8gues, d\u00e9cide de mettre de l&rsquo;ordre au sein du \u00ab\u00a0Marigot [&hellip;]","og_url":"https:\/\/guineediversite.com\/index.php\/2022\/04\/15\/coalitions-politiques-pourquoi-le-ministre-mory-conde-veut-il-y-mettre-de-lordre\/","og_site_name":"Guin\u00e9e Diversit\u00e9","article_publisher":"https:\/\/www.facebook.com\/guineediversite\/","article_published_time":"2022-04-15T15:19:52+00:00","og_image":[{"width":1125,"height":1500,"url":"https:\/\/guineediversite.com\/wp-content\/uploads\/2022\/01\/WhatsApp-Image-2022-01-03-at-10.16.21.jpeg","type":"image\/jpeg"}],"author":"Morcire Camara","twitter_card":"summary_large_image","twitter_creator":"@GuineeDiversite","twitter_site":"@GuineeDiversite","twitter_misc":{"\u00c9crit par":"Morcire Camara","Dur\u00e9e de lecture estim\u00e9e":"2 minutes"},"schema":{"@context":"https:\/\/schema.org","@graph":[{"@type":"Article","@id":"https:\/\/guineediversite.com\/index.php\/2022\/04\/15\/coalitions-politiques-pourquoi-le-ministre-mory-conde-veut-il-y-mettre-de-lordre\/#article","isPartOf":{"@id":"https:\/\/guineediversite.com\/index.php\/2022\/04\/15\/coalitions-politiques-pourquoi-le-ministre-mory-conde-veut-il-y-mettre-de-lordre\/"},"author":{"name":"Morcire Camara","@id":"https:\/\/guineediversite.com\/#\/schema\/person\/fa362494c47202ce4b3adf55abcc9d01"},"headline":"COALITIONS POLITIQUES : POURQUOI LE MINISTRE MORY COND\u00c9 VEUT-IL Y METTRE DE LORDRE ?","datePublished":"2022-04-15T15:19:52+00:00","dateModified":"2022-04-15T15:19:52+00:00","mainEntityOfPage":{"@id":"https:\/\/guineediversite.com\/index.php\/2022\/04\/15\/coalitions-politiques-pourquoi-le-ministre-mory-conde-veut-il-y-mettre-de-lordre\/"},"wordCount":363,"publisher":{"@id":"https:\/\/guineediversite.com\/#organization"},"image":{"@id":"https:\/\/guineediversite.com\/index.php\/2022\/04\/15\/coalitions-politiques-pourquoi-le-ministre-mory-conde-veut-il-y-mettre-de-lordre\/#primaryimage"},"thumbnailUrl":"https:\/\/guineediversite.com\/wp-content\/uploads\/2022\/01\/WhatsApp-Image-2022-01-03-at-10.16.21.jpeg","articleSection":["Politique"],"inLanguage":"fr-FR"},{"@type":"WebPage","@id":"https:\/\/guineediversite.com\/index.php\/2022\/04\/15\/coalitions-politiques-pourquoi-le-ministre-mory-conde-veut-il-y-mettre-de-lordre\/","url":"https:\/\/guineediversite.com\/index.php\/2022\/04\/15\/coalitions-politiques-pourquoi-le-ministre-mory-conde-veut-il-y-mettre-de-lordre\/","name":"COALITIONS POLITIQUES : POURQUOI LE MINISTRE MORY COND\u00c9 VEUT-IL Y METTRE DE LORDRE ? | Guin\u00e9e Diversit\u00e9","isPartOf":{"@id":"https:\/\/guineediversite.com\/#website"},"primaryImageOfPage":{"@id":"https:\/\/guineediversite.com\/index.php\/2022\/04\/15\/coalitions-politiques-pourquoi-le-ministre-mory-conde-veut-il-y-mettre-de-lordre\/#primaryimage"},"image":{"@id":"https:\/\/guineediversite.com\/index.php\/2022\/04\/15\/coalitions-politiques-pourquoi-le-ministre-mory-conde-veut-il-y-mettre-de-lordre\/#primaryimage"},"thumbnailUrl":"https:\/\/guineediversite.com\/wp-content\/uploads\/2022\/01\/WhatsApp-Image-2022-01-03-at-10.16.21.jpeg","datePublished":"2022-04-15T15:19:52+00:00","dateModified":"2022-04-15T15:19:52+00:00","breadcrumb":{"@id":"https:\/\/guineediversite.com\/index.php\/2022\/04\/15\/coalitions-politiques-pourquoi-le-ministre-mory-conde-veut-il-y-mettre-de-lordre\/#breadcrumb"},"inLanguage":"fr-FR","potentialAction":[{"@type":"ReadAction","target":["https:\/\/guineediversite.com\/index.php\/2022\/04\/15\/coalitions-politiques-pourquoi-le-ministre-mory-conde-veut-il-y-mettre-de-lordre\/"]}]},{"@type":"ImageObject","inLanguage":"fr-FR","@id":"https:\/\/guineediversite.com\/index.php\/2022\/04\/15\/coalitions-politiques-pourquoi-le-ministre-mory-conde-veut-il-y-mettre-de-lordre\/#primaryimage","url":"https:\/\/guineediversite.com\/wp-content\/uploads\/2022\/01\/WhatsApp-Image-2022-01-03-at-10.16.21.jpeg","contentUrl":"https:\/\/guineediversite.com\/wp-content\/uploads\/2022\/01\/WhatsApp-Image-2022-01-03-at-10.16.21.jpeg","width":1125,"height":1500},{"@type":"BreadcrumbList","@id":"https:\/\/guineediversite.com\/index.php\/2022\/04\/15\/coalitions-politiques-pourquoi-le-ministre-mory-conde-veut-il-y-mettre-de-lordre\/#breadcrumb","itemListElement":[{"@type":"ListItem","position":1,"name":"Accueil","item":"https:\/\/guineediversite.com\/"},{"@type":"ListItem","position":2,"name":"COALITIONS POLITIQUES : POURQUOI LE MINISTRE MORY COND\u00c9 VEUT-IL Y METTRE DE LORDRE ?"}]},{"@type":"WebSite","@id":"https:\/\/guineediversite.com\/#website","url":"https:\/\/guineediversite.com\/","name":"Guin\u00e9e Diversit\u00e9","description":"L&#039;Info dans toute sa diversit\u00e9","publisher":{"@id":"https:\/\/guineediversite.com\/#organization"},"potentialAction":[{"@type":"SearchAction","target":{"@type":"EntryPoint","urlTemplate":"https:\/\/guineediversite.com\/?s={search_term_string}"},"query-input":{"@type":"PropertyValueSpecification","valueRequired":true,"valueName":"search_term_string"}}],"inLanguage":"fr-FR"},{"@type":"Organization","@id":"https:\/\/guineediversite.com\/#organization","name":"Guin\u00e9e Diversit\u00e9","url":"https:\/\/guineediversite.com\/","logo":{"@type":"ImageObject","inLanguage":"fr-FR","@id":"https:\/\/guineediversite.com\/#\/schema\/logo\/image\/","url":"https:\/\/guineediversite.com\/wp-content\/uploads\/2017\/04\/cropped-1jojlxEOMkX9Wyqfhe43D6kjPOGqBBKmx3EwWJqZ0cMrFF54yM49.png","contentUrl":"https:\/\/guineediversite.com\/wp-content\/uploads\/2017\/04\/cropped-1jojlxEOMkX9Wyqfhe43D6kjPOGqBBKmx3EwWJqZ0cMrFF54yM49.png","width":186,"height":112,"caption":"Guin\u00e9e Diversit\u00e9"},"image":{"@id":"https:\/\/guineediversite.com\/#\/schema\/logo\/image\/"},"sameAs":["https:\/\/www.facebook.com\/guineediversite\/","https:\/\/x.com\/GuineeDiversite","https:\/\/www.youtube.com\/channel\/UC8sUY16qelG5ge6_D5SB83g"]},{"@type":"Person","@id":"https:\/\/guineediversite.com\/#\/schema\/person\/fa362494c47202ce4b3adf55abcc9d01","name":"Morcire Camara","image":{"@type":"ImageObject","inLanguage":"fr-FR","@id":"https:\/\/guineediversite.com\/#\/schema\/person\/image\/","url":"https:\/\/secure.gravatar.com\/avatar\/3ec324f02295bbcebe03d99b39330ab4?s=96&d=mm&r=g","contentUrl":"https:\/\/secure.gravatar.com\/avatar\/3ec324f02295bbcebe03d99b39330ab4?s=96&d=mm&r=g","caption":"Morcire Camara"},"url":"https:\/\/guineediversite.com\/index.php\/author\/morcire\/"}]}},"_links":{"self":[{"href":"https:\/\/guineediversite.com\/index.php\/wp-json\/wp\/v2\/posts\/32453"}],"collection":[{"href":"https:\/\/guineediversite.com\/index.php\/wp-json\/wp\/v2\/posts"}],"about":[{"href":"https:\/\/guineediversite.com\/index.php\/wp-json\/wp\/v2\/types\/post"}],"author":[{"embeddable":true,"href":"https:\/\/guineediversite.com\/index.php\/wp-json\/wp\/v2\/users\/10"}],"replies":[{"embeddable":true,"href":"https:\/\/guineediversite.com\/index.php\/wp-json\/wp\/v2\/comments?post=32453"}],"version-history":[{"count":1,"href":"https:\/\/guineediversite.com\/index.php\/wp-json\/wp\/v2\/posts\/32453\/revisions"}],"predecessor-version":[{"id":32454,"href":"https:\/\/guineediversite.com\/index.php\/wp-json\/wp\/v2\/posts\/32453\/revisions\/32454"}],"wp:featuredmedia":[{"embeddable":true,"href":"https:\/\/guineediversite.com\/index.php\/wp-json\/wp\/v2\/media\/32276"}],"wp:attachment":[{"href":"https:\/\/guineediversite.com\/index.php\/wp-json\/wp\/v2\/media?parent=32453"}],"wp:term":[{"taxonomy":"category","embeddable":true,"href":"https:\/\/guineediversite.com\/index.php\/wp-json\/wp\/v2\/categories?post=32453"},{"taxonomy":"post_tag","embeddable":true,"href":"https:\/\/guineediversite.com\/index.php\/wp-json\/wp\/v2\/tags?post=32453"}],"curies":[{"name":"wp","href":"https:\/\/api.w.org\/{rel}","templated":true}]}}