{"id":32415,"date":"2022-02-14T13:06:50","date_gmt":"2022-02-14T12:06:50","guid":{"rendered":"https:\/\/guineediversite.com\/?p=32415"},"modified":"2022-02-14T13:06:50","modified_gmt":"2022-02-14T12:06:50","slug":"semaine-cruciale-pour-lengagement-francais-et-europeen-au-sahel","status":"publish","type":"post","link":"https:\/\/guineediversite.com\/index.php\/2022\/02\/14\/semaine-cruciale-pour-lengagement-francais-et-europeen-au-sahel\/","title":{"rendered":"Semaine cruciale pour l&rsquo;engagement fran\u00e7ais et europ\u00e9en au Sahel"},"content":{"rendered":"<p>Une r\u00e9union des ministres europ\u00e9ens des Affaires \u00e9trang\u00e8res est pr\u00e9vue ce lundi 14 f\u00e9vrier. Elle pr\u00e9c\u00e8de d\u2019autres grands rendez-vous diplomatiques pr\u00e9vus cette semaine. Des annonces sont attendues sur un probable retrait des soldats fran\u00e7ais et europ\u00e9ens engag\u00e9s au Mali\u00a0et sur l\u2019\u00e9volution du dispositif militaire.<\/p>\n<p>Les ministres europ\u00e9ens des Affaires \u00e9trang\u00e8res\u00a0se r\u00e9unissent par visioconf\u00e9rence ce lundi 14 f\u00e9vrier. Les intenses concertations engag\u00e9es depuis plus de deux semaines\u00a0sur l\u2019avenir de la force Takuba, constitu\u00e9e d\u2019une quinzaine de pays volontaires, et de la mission de formation militaire de l\u2019Union europ\u00e9enne\u00a0EUTM, vont se poursuivre. \u00ab\u00a0<em>Il y a ceux qui veulent maintenir une pr\u00e9sence au Mali\u00a0pour <a href=\"https:\/\/www.rfi.fr\/fr\/afrique\/20220204-le-chef-de-l-africom-r\u00e9affirme-la-pr\u00e9sence-de-wagner-au-mali\"><strong>ne pas laisser le champ libre aux Russes<\/strong><\/a><\/em> \u00bb, explique une source diplomatique, et ceux qui veulent partir totalement.<\/p>\n<p><strong>Annonces mercredi<\/strong><\/p>\n<p>Mais la date \u00e0 retenir, c\u2019est celle de mercredi\u00a0: Emmanuel Macron invite \u00e0 Paris les chefs d\u2019\u00c9tat des pays du G5 Sahel\u00a0: le Nig\u00e9rien Mohamed Bazoum, le Tchadien Mahamat Idriss D\u00e9by et le Mauritanien Mohamed Ould Ghazouani. <a href=\"https:\/\/www.rfi.fr\/fr\/afrique\/20220212-burkina-faso-la-soci\u00e9t\u00e9-civile-cr\u00e9e-une-coalition-pour-soutenir-la-transition\"><strong>Les autorit\u00e9s militaires de transition du Burkina<\/strong><\/a>, issues du coup d\u2019\u00c9tat militaire du 24 janvier, n\u2019ont pas \u00e9t\u00e9 convi\u00e9es. Ni celles, on peut le pr\u00e9ciser, du Mali.<\/p>\n<p>Les pr\u00e9sidents de l\u2019Union africaine, le S\u00e9n\u00e9galais Macky Sall, de la C\u00e9d\u00e9ao, le Ghan\u00e9en Nana Akufo-Addo,\u00a0du Conseil europ\u00e9en Charles Michel,\u00a0et le chef de la diplomatie europ\u00e9enne Josep Borrell\u00a0sont \u00e9galement attendus.<\/p>\n<p>Et c\u2019est \u00e0 l\u2019issue de cette rencontre que seront faites les annonces.\u00a0Par le pr\u00e9sident fran\u00e7ais ? Conjointement avec les dirigeants europ\u00e9ens, africains\u00a0? \u00ab\u00a0<em>Tout est encore en discussion, \u00e7a d\u00e9pendra des d\u00e9cisions\u00a0<\/em>\u00bb, explique une source diplomatique fran\u00e7aise de haut niveau, directement impliqu\u00e9e.<\/p>\n<p><strong>D\u00e9part et r\u00e9organisation<\/strong><\/p>\n<p>Si le d\u00e9part du Mali de la force fran\u00e7aise\u00a0Barkhane semble act\u00e9, la r\u00e9organisation du dispositif dans les pays sah\u00e9liens\u00a0voisins\u00a0et son extension aux pays du golfe de Guin\u00e9e\u00a0posent de nombreuses questions.<\/p>\n<p>Tout comme le sort des contingents fran\u00e7ais et europ\u00e9ens int\u00e9gr\u00e9s \u00e0 la Minusma, la Mission des Nations unies dans le pays, ou encore celui des dispositifs de r\u00e9assurance \u2013 soutien a\u00e9rien en cas d\u2019attaque\u00a0\u2013 actuellement mis \u00e0 la disposition des casques bleus mais aussi des forces maliennes, particuli\u00e8rement dans le nord du Mali.<\/p>\n<p>Enfin,\u00a0le lendemain, jeudi, s\u2019ouvrira \u00e0 Bruxelles un sommet Union africaine-Union europ\u00e9enne. S\u2019il est pr\u00e9vu de longue date, sur de multiples sujets,\u00a0les annonces qui viendront d\u2019\u00eatre faites pourraient y \u00eatre pr\u00e9cis\u00e9es.<\/p>\n<p><strong>RFI \u00a0<\/strong><\/p>\n","protected":false},"excerpt":{"rendered":"<p>Une r\u00e9union des ministres europ\u00e9ens des Affaires \u00e9trang\u00e8res est pr\u00e9vue ce lundi 14 f\u00e9vrier. Elle pr\u00e9c\u00e8de d\u2019autres grands rendez-vous diplomatiques pr\u00e9vus cette semaine. Des annonces sont attendues sur un probable retrait des soldats fran\u00e7ais et europ\u00e9ens engag\u00e9s au Mali\u00a0et sur l\u2019\u00e9volution du dispositif militaire. Les ministres europ\u00e9ens des Affaires \u00e9trang\u00e8res\u00a0se r\u00e9unissent par visioconf\u00e9rence ce lundi [&hellip;]<\/p>\n","protected":false},"author":12,"featured_media":32416,"comment_status":"closed","ping_status":"open","sticky":false,"template":"","format":"standard","meta":{"_exactmetrics_skip_tracking":false,"_exactmetrics_sitenote_active":false,"_exactmetrics_sitenote_note":"","_exactmetrics_sitenote_category":0,"tdm_status":"","tdm_grid_status":"","footnotes":""},"categories":[254,21],"tags":[],"class_list":{"0":"post-32415","1":"post","2":"type-post","3":"status-publish","4":"format-standard","5":"has-post-thumbnail","7":"category-derniere-minute","8":"category-international"},"yoast_head":"<!-- This site is optimized with the Yoast SEO plugin v24.2 - https:\/\/yoast.com\/wordpress\/plugins\/seo\/ -->\n<title>Semaine cruciale pour l&#039;engagement fran\u00e7ais et europ\u00e9en au Sahel | Guin\u00e9e Diversit\u00e9<\/title>\n<meta name=\"robots\" content=\"index, follow, max-snippet:-1, max-image-preview:large, max-video-preview:-1\" \/>\n<link rel=\"canonical\" href=\"https:\/\/guineediversite.com\/index.php\/2022\/02\/14\/semaine-cruciale-pour-lengagement-francais-et-europeen-au-sahel\/\" \/>\n<meta property=\"og:locale\" content=\"fr_FR\" \/>\n<meta property=\"og:type\" content=\"article\" \/>\n<meta property=\"og:title\" content=\"Semaine cruciale pour l&#039;engagement fran\u00e7ais et europ\u00e9en au Sahel | Guin\u00e9e Diversit\u00e9\" \/>\n<meta property=\"og:description\" content=\"Une r\u00e9union des ministres europ\u00e9ens des Affaires \u00e9trang\u00e8res est pr\u00e9vue ce lundi 14 f\u00e9vrier. Elle pr\u00e9c\u00e8de d\u2019autres grands rendez-vous diplomatiques pr\u00e9vus cette semaine. Des annonces sont attendues sur un probable retrait des soldats fran\u00e7ais et europ\u00e9ens engag\u00e9s au Mali\u00a0et sur l\u2019\u00e9volution du dispositif militaire. Les ministres europ\u00e9ens des Affaires \u00e9trang\u00e8res\u00a0se r\u00e9unissent par visioconf\u00e9rence ce lundi [&hellip;]\" \/>\n<meta property=\"og:url\" content=\"https:\/\/guineediversite.com\/index.php\/2022\/02\/14\/semaine-cruciale-pour-lengagement-francais-et-europeen-au-sahel\/\" \/>\n<meta property=\"og:site_name\" content=\"Guin\u00e9e Diversit\u00e9\" \/>\n<meta property=\"article:publisher\" content=\"https:\/\/www.facebook.com\/guineediversite\/\" \/>\n<meta property=\"article:published_time\" content=\"2022-02-14T12:06:50+00:00\" \/>\n<meta property=\"og:image\" content=\"https:\/\/guineediversite.com\/wp-content\/uploads\/2022\/02\/telechargement-10.jpg\" \/>\n\t<meta property=\"og:image:width\" content=\"1500\" \/>\n\t<meta property=\"og:image:height\" content=\"1124\" \/>\n\t<meta property=\"og:image:type\" content=\"image\/jpeg\" \/>\n<meta name=\"author\" content=\"Guin\u00e9e Diversit\u00e9\" \/>\n<meta name=\"twitter:card\" content=\"summary_large_image\" \/>\n<meta name=\"twitter:creator\" content=\"@GuineeDiversite\" \/>\n<meta name=\"twitter:site\" content=\"@GuineeDiversite\" \/>\n<meta name=\"twitter:label1\" content=\"\u00c9crit par\" \/>\n\t<meta name=\"twitter:data1\" content=\"Guin\u00e9e Diversit\u00e9\" \/>\n\t<meta name=\"twitter:label2\" content=\"Dur\u00e9e de lecture estim\u00e9e\" \/>\n\t<meta name=\"twitter:data2\" content=\"2 minutes\" \/>\n<script type=\"application\/ld+json\" class=\"yoast-schema-graph\">{\"@context\":\"https:\/\/schema.org\",\"@graph\":[{\"@type\":\"Article\",\"@id\":\"https:\/\/guineediversite.com\/index.php\/2022\/02\/14\/semaine-cruciale-pour-lengagement-francais-et-europeen-au-sahel\/#article\",\"isPartOf\":{\"@id\":\"https:\/\/guineediversite.com\/index.php\/2022\/02\/14\/semaine-cruciale-pour-lengagement-francais-et-europeen-au-sahel\/\"},\"author\":{\"name\":\"Guin\u00e9e Diversit\u00e9\",\"@id\":\"https:\/\/guineediversite.com\/#\/schema\/person\/afa08fb34e7fc6e1feafc892612bc836\"},\"headline\":\"Semaine cruciale pour l&rsquo;engagement fran\u00e7ais et europ\u00e9en au Sahel\",\"datePublished\":\"2022-02-14T12:06:50+00:00\",\"dateModified\":\"2022-02-14T12:06:50+00:00\",\"mainEntityOfPage\":{\"@id\":\"https:\/\/guineediversite.com\/index.php\/2022\/02\/14\/semaine-cruciale-pour-lengagement-francais-et-europeen-au-sahel\/\"},\"wordCount\":463,\"publisher\":{\"@id\":\"https:\/\/guineediversite.com\/#organization\"},\"image\":{\"@id\":\"https:\/\/guineediversite.com\/index.php\/2022\/02\/14\/semaine-cruciale-pour-lengagement-francais-et-europeen-au-sahel\/#primaryimage\"},\"thumbnailUrl\":\"https:\/\/guineediversite.com\/wp-content\/uploads\/2022\/02\/telechargement-10.jpg\",\"articleSection\":[\"Derni\u00e8re minute\",\"International\"],\"inLanguage\":\"fr-FR\"},{\"@type\":\"WebPage\",\"@id\":\"https:\/\/guineediversite.com\/index.php\/2022\/02\/14\/semaine-cruciale-pour-lengagement-francais-et-europeen-au-sahel\/\",\"url\":\"https:\/\/guineediversite.com\/index.php\/2022\/02\/14\/semaine-cruciale-pour-lengagement-francais-et-europeen-au-sahel\/\",\"name\":\"Semaine cruciale pour l'engagement fran\u00e7ais et europ\u00e9en au Sahel | Guin\u00e9e Diversit\u00e9\",\"isPartOf\":{\"@id\":\"https:\/\/guineediversite.com\/#website\"},\"primaryImageOfPage\":{\"@id\":\"https:\/\/guineediversite.com\/index.php\/2022\/02\/14\/semaine-cruciale-pour-lengagement-francais-et-europeen-au-sahel\/#primaryimage\"},\"image\":{\"@id\":\"https:\/\/guineediversite.com\/index.php\/2022\/02\/14\/semaine-cruciale-pour-lengagement-francais-et-europeen-au-sahel\/#primaryimage\"},\"thumbnailUrl\":\"https:\/\/guineediversite.com\/wp-content\/uploads\/2022\/02\/telechargement-10.jpg\",\"datePublished\":\"2022-02-14T12:06:50+00:00\",\"dateModified\":\"2022-02-14T12:06:50+00:00\",\"breadcrumb\":{\"@id\":\"https:\/\/guineediversite.com\/index.php\/2022\/02\/14\/semaine-cruciale-pour-lengagement-francais-et-europeen-au-sahel\/#breadcrumb\"},\"inLanguage\":\"fr-FR\",\"potentialAction\":[{\"@type\":\"ReadAction\",\"target\":[\"https:\/\/guineediversite.com\/index.php\/2022\/02\/14\/semaine-cruciale-pour-lengagement-francais-et-europeen-au-sahel\/\"]}]},{\"@type\":\"ImageObject\",\"inLanguage\":\"fr-FR\",\"@id\":\"https:\/\/guineediversite.com\/index.php\/2022\/02\/14\/semaine-cruciale-pour-lengagement-francais-et-europeen-au-sahel\/#primaryimage\",\"url\":\"https:\/\/guineediversite.com\/wp-content\/uploads\/2022\/02\/telechargement-10.jpg\",\"contentUrl\":\"https:\/\/guineediversite.com\/wp-content\/uploads\/2022\/02\/telechargement-10.jpg\",\"width\":1500,\"height\":1124},{\"@type\":\"BreadcrumbList\",\"@id\":\"https:\/\/guineediversite.com\/index.php\/2022\/02\/14\/semaine-cruciale-pour-lengagement-francais-et-europeen-au-sahel\/#breadcrumb\",\"itemListElement\":[{\"@type\":\"ListItem\",\"position\":1,\"name\":\"Accueil\",\"item\":\"https:\/\/guineediversite.com\/\"},{\"@type\":\"ListItem\",\"position\":2,\"name\":\"Semaine cruciale pour l&rsquo;engagement fran\u00e7ais et europ\u00e9en au Sahel\"}]},{\"@type\":\"WebSite\",\"@id\":\"https:\/\/guineediversite.com\/#website\",\"url\":\"https:\/\/guineediversite.com\/\",\"name\":\"Guin\u00e9e Diversit\u00e9\",\"description\":\"L&#039;Info dans toute sa diversit\u00e9\",\"publisher\":{\"@id\":\"https:\/\/guineediversite.com\/#organization\"},\"potentialAction\":[{\"@type\":\"SearchAction\",\"target\":{\"@type\":\"EntryPoint\",\"urlTemplate\":\"https:\/\/guineediversite.com\/?s={search_term_string}\"},\"query-input\":{\"@type\":\"PropertyValueSpecification\",\"valueRequired\":true,\"valueName\":\"search_term_string\"}}],\"inLanguage\":\"fr-FR\"},{\"@type\":\"Organization\",\"@id\":\"https:\/\/guineediversite.com\/#organization\",\"name\":\"Guin\u00e9e Diversit\u00e9\",\"url\":\"https:\/\/guineediversite.com\/\",\"logo\":{\"@type\":\"ImageObject\",\"inLanguage\":\"fr-FR\",\"@id\":\"https:\/\/guineediversite.com\/#\/schema\/logo\/image\/\",\"url\":\"https:\/\/guineediversite.com\/wp-content\/uploads\/2017\/04\/cropped-1jojlxEOMkX9Wyqfhe43D6kjPOGqBBKmx3EwWJqZ0cMrFF54yM49.png\",\"contentUrl\":\"https:\/\/guineediversite.com\/wp-content\/uploads\/2017\/04\/cropped-1jojlxEOMkX9Wyqfhe43D6kjPOGqBBKmx3EwWJqZ0cMrFF54yM49.png\",\"width\":186,\"height\":112,\"caption\":\"Guin\u00e9e Diversit\u00e9\"},\"image\":{\"@id\":\"https:\/\/guineediversite.com\/#\/schema\/logo\/image\/\"},\"sameAs\":[\"https:\/\/www.facebook.com\/guineediversite\/\",\"https:\/\/x.com\/GuineeDiversite\",\"https:\/\/www.youtube.com\/channel\/UC8sUY16qelG5ge6_D5SB83g\"]},{\"@type\":\"Person\",\"@id\":\"https:\/\/guineediversite.com\/#\/schema\/person\/afa08fb34e7fc6e1feafc892612bc836\",\"name\":\"Guin\u00e9e Diversit\u00e9\",\"image\":{\"@type\":\"ImageObject\",\"inLanguage\":\"fr-FR\",\"@id\":\"https:\/\/guineediversite.com\/#\/schema\/person\/image\/\",\"url\":\"https:\/\/secure.gravatar.com\/avatar\/50d5eb5b390f8b65ac30ac6f898eb83a?s=96&d=mm&r=g\",\"contentUrl\":\"https:\/\/secure.gravatar.com\/avatar\/50d5eb5b390f8b65ac30ac6f898eb83a?s=96&d=mm&r=g\",\"caption\":\"Guin\u00e9e Diversit\u00e9\"},\"url\":\"https:\/\/guineediversite.com\/index.php\/author\/guineediversite\/\"}]}<\/script>\n<!-- \/ Yoast SEO plugin. -->","yoast_head_json":{"title":"Semaine cruciale pour l'engagement fran\u00e7ais et europ\u00e9en au Sahel | Guin\u00e9e Diversit\u00e9","robots":{"index":"index","follow":"follow","max-snippet":"max-snippet:-1","max-image-preview":"max-image-preview:large","max-video-preview":"max-video-preview:-1"},"canonical":"https:\/\/guineediversite.com\/index.php\/2022\/02\/14\/semaine-cruciale-pour-lengagement-francais-et-europeen-au-sahel\/","og_locale":"fr_FR","og_type":"article","og_title":"Semaine cruciale pour l'engagement fran\u00e7ais et europ\u00e9en au Sahel | Guin\u00e9e Diversit\u00e9","og_description":"Une r\u00e9union des ministres europ\u00e9ens des Affaires \u00e9trang\u00e8res est pr\u00e9vue ce lundi 14 f\u00e9vrier. Elle pr\u00e9c\u00e8de d\u2019autres grands rendez-vous diplomatiques pr\u00e9vus cette semaine. Des annonces sont attendues sur un probable retrait des soldats fran\u00e7ais et europ\u00e9ens engag\u00e9s au Mali\u00a0et sur l\u2019\u00e9volution du dispositif militaire. Les ministres europ\u00e9ens des Affaires \u00e9trang\u00e8res\u00a0se r\u00e9unissent par visioconf\u00e9rence ce lundi [&hellip;]","og_url":"https:\/\/guineediversite.com\/index.php\/2022\/02\/14\/semaine-cruciale-pour-lengagement-francais-et-europeen-au-sahel\/","og_site_name":"Guin\u00e9e Diversit\u00e9","article_publisher":"https:\/\/www.facebook.com\/guineediversite\/","article_published_time":"2022-02-14T12:06:50+00:00","og_image":[{"width":1500,"height":1124,"url":"https:\/\/guineediversite.com\/wp-content\/uploads\/2022\/02\/telechargement-10.jpg","type":"image\/jpeg"}],"author":"Guin\u00e9e Diversit\u00e9","twitter_card":"summary_large_image","twitter_creator":"@GuineeDiversite","twitter_site":"@GuineeDiversite","twitter_misc":{"\u00c9crit par":"Guin\u00e9e Diversit\u00e9","Dur\u00e9e de lecture estim\u00e9e":"2 minutes"},"schema":{"@context":"https:\/\/schema.org","@graph":[{"@type":"Article","@id":"https:\/\/guineediversite.com\/index.php\/2022\/02\/14\/semaine-cruciale-pour-lengagement-francais-et-europeen-au-sahel\/#article","isPartOf":{"@id":"https:\/\/guineediversite.com\/index.php\/2022\/02\/14\/semaine-cruciale-pour-lengagement-francais-et-europeen-au-sahel\/"},"author":{"name":"Guin\u00e9e Diversit\u00e9","@id":"https:\/\/guineediversite.com\/#\/schema\/person\/afa08fb34e7fc6e1feafc892612bc836"},"headline":"Semaine cruciale pour l&rsquo;engagement fran\u00e7ais et europ\u00e9en au Sahel","datePublished":"2022-02-14T12:06:50+00:00","dateModified":"2022-02-14T12:06:50+00:00","mainEntityOfPage":{"@id":"https:\/\/guineediversite.com\/index.php\/2022\/02\/14\/semaine-cruciale-pour-lengagement-francais-et-europeen-au-sahel\/"},"wordCount":463,"publisher":{"@id":"https:\/\/guineediversite.com\/#organization"},"image":{"@id":"https:\/\/guineediversite.com\/index.php\/2022\/02\/14\/semaine-cruciale-pour-lengagement-francais-et-europeen-au-sahel\/#primaryimage"},"thumbnailUrl":"https:\/\/guineediversite.com\/wp-content\/uploads\/2022\/02\/telechargement-10.jpg","articleSection":["Derni\u00e8re minute","International"],"inLanguage":"fr-FR"},{"@type":"WebPage","@id":"https:\/\/guineediversite.com\/index.php\/2022\/02\/14\/semaine-cruciale-pour-lengagement-francais-et-europeen-au-sahel\/","url":"https:\/\/guineediversite.com\/index.php\/2022\/02\/14\/semaine-cruciale-pour-lengagement-francais-et-europeen-au-sahel\/","name":"Semaine cruciale pour l'engagement fran\u00e7ais et europ\u00e9en au Sahel | Guin\u00e9e Diversit\u00e9","isPartOf":{"@id":"https:\/\/guineediversite.com\/#website"},"primaryImageOfPage":{"@id":"https:\/\/guineediversite.com\/index.php\/2022\/02\/14\/semaine-cruciale-pour-lengagement-francais-et-europeen-au-sahel\/#primaryimage"},"image":{"@id":"https:\/\/guineediversite.com\/index.php\/2022\/02\/14\/semaine-cruciale-pour-lengagement-francais-et-europeen-au-sahel\/#primaryimage"},"thumbnailUrl":"https:\/\/guineediversite.com\/wp-content\/uploads\/2022\/02\/telechargement-10.jpg","datePublished":"2022-02-14T12:06:50+00:00","dateModified":"2022-02-14T12:06:50+00:00","breadcrumb":{"@id":"https:\/\/guineediversite.com\/index.php\/2022\/02\/14\/semaine-cruciale-pour-lengagement-francais-et-europeen-au-sahel\/#breadcrumb"},"inLanguage":"fr-FR","potentialAction":[{"@type":"ReadAction","target":["https:\/\/guineediversite.com\/index.php\/2022\/02\/14\/semaine-cruciale-pour-lengagement-francais-et-europeen-au-sahel\/"]}]},{"@type":"ImageObject","inLanguage":"fr-FR","@id":"https:\/\/guineediversite.com\/index.php\/2022\/02\/14\/semaine-cruciale-pour-lengagement-francais-et-europeen-au-sahel\/#primaryimage","url":"https:\/\/guineediversite.com\/wp-content\/uploads\/2022\/02\/telechargement-10.jpg","contentUrl":"https:\/\/guineediversite.com\/wp-content\/uploads\/2022\/02\/telechargement-10.jpg","width":1500,"height":1124},{"@type":"BreadcrumbList","@id":"https:\/\/guineediversite.com\/index.php\/2022\/02\/14\/semaine-cruciale-pour-lengagement-francais-et-europeen-au-sahel\/#breadcrumb","itemListElement":[{"@type":"ListItem","position":1,"name":"Accueil","item":"https:\/\/guineediversite.com\/"},{"@type":"ListItem","position":2,"name":"Semaine cruciale pour l&rsquo;engagement fran\u00e7ais et europ\u00e9en au Sahel"}]},{"@type":"WebSite","@id":"https:\/\/guineediversite.com\/#website","url":"https:\/\/guineediversite.com\/","name":"Guin\u00e9e Diversit\u00e9","description":"L&#039;Info dans toute sa diversit\u00e9","publisher":{"@id":"https:\/\/guineediversite.com\/#organization"},"potentialAction":[{"@type":"SearchAction","target":{"@type":"EntryPoint","urlTemplate":"https:\/\/guineediversite.com\/?s={search_term_string}"},"query-input":{"@type":"PropertyValueSpecification","valueRequired":true,"valueName":"search_term_string"}}],"inLanguage":"fr-FR"},{"@type":"Organization","@id":"https:\/\/guineediversite.com\/#organization","name":"Guin\u00e9e Diversit\u00e9","url":"https:\/\/guineediversite.com\/","logo":{"@type":"ImageObject","inLanguage":"fr-FR","@id":"https:\/\/guineediversite.com\/#\/schema\/logo\/image\/","url":"https:\/\/guineediversite.com\/wp-content\/uploads\/2017\/04\/cropped-1jojlxEOMkX9Wyqfhe43D6kjPOGqBBKmx3EwWJqZ0cMrFF54yM49.png","contentUrl":"https:\/\/guineediversite.com\/wp-content\/uploads\/2017\/04\/cropped-1jojlxEOMkX9Wyqfhe43D6kjPOGqBBKmx3EwWJqZ0cMrFF54yM49.png","width":186,"height":112,"caption":"Guin\u00e9e Diversit\u00e9"},"image":{"@id":"https:\/\/guineediversite.com\/#\/schema\/logo\/image\/"},"sameAs":["https:\/\/www.facebook.com\/guineediversite\/","https:\/\/x.com\/GuineeDiversite","https:\/\/www.youtube.com\/channel\/UC8sUY16qelG5ge6_D5SB83g"]},{"@type":"Person","@id":"https:\/\/guineediversite.com\/#\/schema\/person\/afa08fb34e7fc6e1feafc892612bc836","name":"Guin\u00e9e Diversit\u00e9","image":{"@type":"ImageObject","inLanguage":"fr-FR","@id":"https:\/\/guineediversite.com\/#\/schema\/person\/image\/","url":"https:\/\/secure.gravatar.com\/avatar\/50d5eb5b390f8b65ac30ac6f898eb83a?s=96&d=mm&r=g","contentUrl":"https:\/\/secure.gravatar.com\/avatar\/50d5eb5b390f8b65ac30ac6f898eb83a?s=96&d=mm&r=g","caption":"Guin\u00e9e Diversit\u00e9"},"url":"https:\/\/guineediversite.com\/index.php\/author\/guineediversite\/"}]}},"_links":{"self":[{"href":"https:\/\/guineediversite.com\/index.php\/wp-json\/wp\/v2\/posts\/32415"}],"collection":[{"href":"https:\/\/guineediversite.com\/index.php\/wp-json\/wp\/v2\/posts"}],"about":[{"href":"https:\/\/guineediversite.com\/index.php\/wp-json\/wp\/v2\/types\/post"}],"author":[{"embeddable":true,"href":"https:\/\/guineediversite.com\/index.php\/wp-json\/wp\/v2\/users\/12"}],"replies":[{"embeddable":true,"href":"https:\/\/guineediversite.com\/index.php\/wp-json\/wp\/v2\/comments?post=32415"}],"version-history":[{"count":2,"href":"https:\/\/guineediversite.com\/index.php\/wp-json\/wp\/v2\/posts\/32415\/revisions"}],"predecessor-version":[{"id":32433,"href":"https:\/\/guineediversite.com\/index.php\/wp-json\/wp\/v2\/posts\/32415\/revisions\/32433"}],"wp:featuredmedia":[{"embeddable":true,"href":"https:\/\/guineediversite.com\/index.php\/wp-json\/wp\/v2\/media\/32416"}],"wp:attachment":[{"href":"https:\/\/guineediversite.com\/index.php\/wp-json\/wp\/v2\/media?parent=32415"}],"wp:term":[{"taxonomy":"category","embeddable":true,"href":"https:\/\/guineediversite.com\/index.php\/wp-json\/wp\/v2\/categories?post=32415"},{"taxonomy":"post_tag","embeddable":true,"href":"https:\/\/guineediversite.com\/index.php\/wp-json\/wp\/v2\/tags?post=32415"}],"curies":[{"name":"wp","href":"https:\/\/api.w.org\/{rel}","templated":true}]}}