{"id":32412,"date":"2022-02-14T11:49:41","date_gmt":"2022-02-14T10:49:41","guid":{"rendered":"https:\/\/guineediversite.com\/?p=32412"},"modified":"2022-02-14T11:49:41","modified_gmt":"2022-02-14T10:49:41","slug":"la-promotion-ahmed-kante-de-liuheg-celebre-ses-10-ans","status":"publish","type":"post","link":"https:\/\/guineediversite.com\/index.php\/2022\/02\/14\/la-promotion-ahmed-kante-de-liuheg-celebre-ses-10-ans\/","title":{"rendered":"La promotion Ahmed Kant\u00e9 de L&rsquo;IUHEG c\u00e9l\u00e8bre ses 10 ans"},"content":{"rendered":"<p><strong>Compos\u00e9e de la facult\u00e9 des sciences \u00e9conomiques et gestion, la facult\u00e9 des lettres et sciences humaines et la facult\u00e9 de droit, la premi\u00e8re promotion de l\u2019Institut Universitaire de Hautes \u00c9tudes de Guin\u00e9e, a c\u00e9l\u00e9br\u00e9 ses 10 ans ce week-end. La c\u00e9r\u00e9monie s\u2019est d\u00e9roul\u00e9e \u00e0 Hafia, dans la commune de dixinn<\/strong><strong>.<\/strong><\/p>\n<p><strong>Une occasion pour le ministre Ahmed KANT\u00c9 qui porte le nom de la promotion, d\u2019\u00e9changer avec ces jeunes sur des questions li\u00e9es \u00e0 la r\u00e9ussite et au d\u00e9veloppement de la Guin\u00e9e.<\/strong><\/p>\n<p><strong>Apr\u00e8s la pr\u00e9sentation, l\u2019ancien Directeur des imp\u00f4ts a invit\u00e9 la promotion \u00e0 mettre en place une amicale afin de consolider leurs relations.<\/strong><\/p>\n<p><strong>\u00ab\u00a0Je vous remercie, et je suis fier de tout le monde. J\u2019ai la chair de poule quand j\u2019entends tout ce qui se dit sur cette table, prenez courage et accrochez vous. La meilleure id\u00e9e, c\u2019est de faire une amicale de solidarit\u00e9 pour des rencontres comme \u00e7a m\u00eame si c\u2019est une fois par mois. Essayez de structurer quelque chose et permettre d\u2019avoir les adresses des uns et des autres. Ce qui est important c\u2019est d\u2019avoir la rage de r\u00e9ussir et d\u2019am\u00e9liorer les conditions de vie\u00a0\u00bb a-t-il conseill\u00e9.<\/strong><\/p>\n<p><strong>Ancien ministre des Mines et de la G\u00e9ologie, Ahmed Kant\u00e9 est aujourd\u2019hui administrateur d\u2019une soci\u00e9t\u00e9 \u00a0mini\u00e8re \u00e9voluant dans la pr\u00e9fecture de Boffa. De la Banque Centrale de la R\u00e9publique de Guin\u00e9e (BCRG), au poste de ministre des Mines et de la G\u00e9ologie, pour occuper ensuite les postes de directeur national des Imp\u00f4ts et plus tard de directeur g\u00e9n\u00e9ral de la Soci\u00e9t\u00e9 guin\u00e9enne du patrimoine minier (SOGUIPAMI), Ahmed KANT\u00c9 a une longue exp\u00e9rience et une r\u00e9putation de rigueur dans la gestion des affaires publiques.<\/strong><\/p>\n<p><strong>C\u2019est pourquoi il aborde ais\u00e9ment la question de d\u00e9veloppement et celle des mines dont il ma\u00eetrise.<\/strong><\/p>\n<p><strong>Selon lui, la Guin\u00e9e n\u2019a jamais connue une opportunit\u00e9 de d\u00e9veloppement plus que celle que nous avons aujourd\u2019hui de toute son histoire.<\/strong><\/p>\n<p><strong>\u00ab\u00a0Quand on regarde le pays, je dis toujours que la Guin\u00e9e n\u2019a jamais connue une opportunit\u00e9 de d\u00e9veloppement plus que celle que nous avons aujourd\u2019hui de toute son histoire. Ceux qui pensent que nous sommes entrain de nous enfoncer ils se trompent. Les opportunit\u00e9s que la Guin\u00e9e a aujourd\u2019hui pour se d\u00e9velopper sont extraordinaires, les ressources humaines qu\u2019il faut pour \u00e7a aussi existent, mais nous avons un probl\u00e8me de leadership. Ce leadership, c\u2019est savoir allier \u00e0 la fois la connaissance, mais aussi la responsabilit\u00e9, le courage et l\u2019audace. Quand vous avez la souverainet\u00e9 mon\u00e9taire, \u00e7a doit vous ouvrir la voie \u00e0 tout. En plus de cette souverainet\u00e9 mon\u00e9taire, la Guin\u00e9e a de l\u2019or. Rien qu\u2019\u00e0 travers la production des orpailleurs, le pays peut se d\u00e9velopper\u00a0\u00bb a expliqu\u00e9 l\u2019ancien directeur de la SOGUIPAMI.<\/strong><\/p>\n<p><strong>Satisfait de cette rencontre d\u2019\u00e9changes, Thierno Amadou Fougoumba Barry a remerci\u00e9 le parrain de promotion pour l\u2019invitation, mais surtout pour le message v\u00e9hicul\u00e9 par celui que la promotion estime \u00eatre un mod\u00e8le de r\u00e9ussite en Guin\u00e9e.<\/strong><\/p>\n<p><strong>La c\u00e9l\u00e9bration des 10 ans de la promotion Ahmed KANT\u00c9 a pris fin par la coupure d\u2019un g\u00e2teau et des pri\u00e8res et b\u00e9n\u00e9dictions pour la promotion.<\/strong><\/p>\n<p><strong>\u00a0<\/strong><\/p>\n<p><strong>Hamzah Bah<\/strong><\/p>\n","protected":false},"excerpt":{"rendered":"<p>Compos\u00e9e de la facult\u00e9 des sciences \u00e9conomiques et gestion, la facult\u00e9 des lettres et sciences humaines et la facult\u00e9 de droit, la premi\u00e8re promotion de l\u2019Institut Universitaire de Hautes \u00c9tudes de Guin\u00e9e, a c\u00e9l\u00e9br\u00e9 ses 10 ans ce week-end. La c\u00e9r\u00e9monie s\u2019est d\u00e9roul\u00e9e \u00e0 Hafia, dans la commune de dixinn. Une occasion pour le ministre [&hellip;]<\/p>\n","protected":false},"author":12,"featured_media":32413,"comment_status":"closed","ping_status":"open","sticky":false,"template":"","format":"standard","meta":{"_exactmetrics_skip_tracking":false,"_exactmetrics_sitenote_active":false,"_exactmetrics_sitenote_note":"","_exactmetrics_sitenote_category":0,"tdm_status":"","tdm_grid_status":"","footnotes":""},"categories":[16],"tags":[],"class_list":{"0":"post-32412","1":"post","2":"type-post","3":"status-publish","4":"format-standard","5":"has-post-thumbnail","7":"category-societe"},"yoast_head":"<!-- This site is optimized with the Yoast SEO plugin v24.2 - https:\/\/yoast.com\/wordpress\/plugins\/seo\/ -->\n<title>La promotion Ahmed Kant\u00e9 de L&#039;IUHEG c\u00e9l\u00e8bre ses 10 ans | Guin\u00e9e Diversit\u00e9<\/title>\n<meta name=\"robots\" content=\"index, follow, max-snippet:-1, max-image-preview:large, max-video-preview:-1\" \/>\n<link rel=\"canonical\" href=\"https:\/\/guineediversite.com\/index.php\/2022\/02\/14\/la-promotion-ahmed-kante-de-liuheg-celebre-ses-10-ans\/\" \/>\n<meta property=\"og:locale\" content=\"fr_FR\" \/>\n<meta property=\"og:type\" content=\"article\" \/>\n<meta property=\"og:title\" content=\"La promotion Ahmed Kant\u00e9 de L&#039;IUHEG c\u00e9l\u00e8bre ses 10 ans | Guin\u00e9e Diversit\u00e9\" \/>\n<meta property=\"og:description\" content=\"Compos\u00e9e de la facult\u00e9 des sciences \u00e9conomiques et gestion, la facult\u00e9 des lettres et sciences humaines et la facult\u00e9 de droit, la premi\u00e8re promotion de l\u2019Institut Universitaire de Hautes \u00c9tudes de Guin\u00e9e, a c\u00e9l\u00e9br\u00e9 ses 10 ans ce week-end. La c\u00e9r\u00e9monie s\u2019est d\u00e9roul\u00e9e \u00e0 Hafia, dans la commune de dixinn. Une occasion pour le ministre [&hellip;]\" \/>\n<meta property=\"og:url\" content=\"https:\/\/guineediversite.com\/index.php\/2022\/02\/14\/la-promotion-ahmed-kante-de-liuheg-celebre-ses-10-ans\/\" \/>\n<meta property=\"og:site_name\" content=\"Guin\u00e9e Diversit\u00e9\" \/>\n<meta property=\"article:publisher\" content=\"https:\/\/www.facebook.com\/guineediversite\/\" \/>\n<meta property=\"article:published_time\" content=\"2022-02-14T10:49:41+00:00\" \/>\n<meta property=\"og:image\" content=\"https:\/\/guineediversite.com\/wp-content\/uploads\/2022\/02\/WhatsApp-Image-2022-02-14-at-08.24.19.jpeg\" \/>\n\t<meta property=\"og:image:width\" content=\"2000\" \/>\n\t<meta property=\"og:image:height\" content=\"1005\" \/>\n\t<meta property=\"og:image:type\" content=\"image\/jpeg\" \/>\n<meta name=\"author\" content=\"Guin\u00e9e Diversit\u00e9\" \/>\n<meta name=\"twitter:card\" content=\"summary_large_image\" \/>\n<meta name=\"twitter:creator\" content=\"@GuineeDiversite\" \/>\n<meta name=\"twitter:site\" content=\"@GuineeDiversite\" \/>\n<meta name=\"twitter:label1\" content=\"\u00c9crit par\" \/>\n\t<meta name=\"twitter:data1\" content=\"Guin\u00e9e Diversit\u00e9\" \/>\n\t<meta name=\"twitter:label2\" content=\"Dur\u00e9e de lecture estim\u00e9e\" \/>\n\t<meta name=\"twitter:data2\" content=\"3 minutes\" \/>\n<script type=\"application\/ld+json\" class=\"yoast-schema-graph\">{\"@context\":\"https:\/\/schema.org\",\"@graph\":[{\"@type\":\"Article\",\"@id\":\"https:\/\/guineediversite.com\/index.php\/2022\/02\/14\/la-promotion-ahmed-kante-de-liuheg-celebre-ses-10-ans\/#article\",\"isPartOf\":{\"@id\":\"https:\/\/guineediversite.com\/index.php\/2022\/02\/14\/la-promotion-ahmed-kante-de-liuheg-celebre-ses-10-ans\/\"},\"author\":{\"name\":\"Guin\u00e9e Diversit\u00e9\",\"@id\":\"https:\/\/guineediversite.com\/#\/schema\/person\/afa08fb34e7fc6e1feafc892612bc836\"},\"headline\":\"La promotion Ahmed Kant\u00e9 de L&rsquo;IUHEG c\u00e9l\u00e8bre ses 10 ans\",\"datePublished\":\"2022-02-14T10:49:41+00:00\",\"dateModified\":\"2022-02-14T10:49:41+00:00\",\"mainEntityOfPage\":{\"@id\":\"https:\/\/guineediversite.com\/index.php\/2022\/02\/14\/la-promotion-ahmed-kante-de-liuheg-celebre-ses-10-ans\/\"},\"wordCount\":598,\"publisher\":{\"@id\":\"https:\/\/guineediversite.com\/#organization\"},\"image\":{\"@id\":\"https:\/\/guineediversite.com\/index.php\/2022\/02\/14\/la-promotion-ahmed-kante-de-liuheg-celebre-ses-10-ans\/#primaryimage\"},\"thumbnailUrl\":\"https:\/\/guineediversite.com\/wp-content\/uploads\/2022\/02\/WhatsApp-Image-2022-02-14-at-08.24.19.jpeg\",\"articleSection\":[\"Soci\u00e9t\u00e9\"],\"inLanguage\":\"fr-FR\"},{\"@type\":\"WebPage\",\"@id\":\"https:\/\/guineediversite.com\/index.php\/2022\/02\/14\/la-promotion-ahmed-kante-de-liuheg-celebre-ses-10-ans\/\",\"url\":\"https:\/\/guineediversite.com\/index.php\/2022\/02\/14\/la-promotion-ahmed-kante-de-liuheg-celebre-ses-10-ans\/\",\"name\":\"La promotion Ahmed Kant\u00e9 de L'IUHEG c\u00e9l\u00e8bre ses 10 ans | Guin\u00e9e Diversit\u00e9\",\"isPartOf\":{\"@id\":\"https:\/\/guineediversite.com\/#website\"},\"primaryImageOfPage\":{\"@id\":\"https:\/\/guineediversite.com\/index.php\/2022\/02\/14\/la-promotion-ahmed-kante-de-liuheg-celebre-ses-10-ans\/#primaryimage\"},\"image\":{\"@id\":\"https:\/\/guineediversite.com\/index.php\/2022\/02\/14\/la-promotion-ahmed-kante-de-liuheg-celebre-ses-10-ans\/#primaryimage\"},\"thumbnailUrl\":\"https:\/\/guineediversite.com\/wp-content\/uploads\/2022\/02\/WhatsApp-Image-2022-02-14-at-08.24.19.jpeg\",\"datePublished\":\"2022-02-14T10:49:41+00:00\",\"dateModified\":\"2022-02-14T10:49:41+00:00\",\"breadcrumb\":{\"@id\":\"https:\/\/guineediversite.com\/index.php\/2022\/02\/14\/la-promotion-ahmed-kante-de-liuheg-celebre-ses-10-ans\/#breadcrumb\"},\"inLanguage\":\"fr-FR\",\"potentialAction\":[{\"@type\":\"ReadAction\",\"target\":[\"https:\/\/guineediversite.com\/index.php\/2022\/02\/14\/la-promotion-ahmed-kante-de-liuheg-celebre-ses-10-ans\/\"]}]},{\"@type\":\"ImageObject\",\"inLanguage\":\"fr-FR\",\"@id\":\"https:\/\/guineediversite.com\/index.php\/2022\/02\/14\/la-promotion-ahmed-kante-de-liuheg-celebre-ses-10-ans\/#primaryimage\",\"url\":\"https:\/\/guineediversite.com\/wp-content\/uploads\/2022\/02\/WhatsApp-Image-2022-02-14-at-08.24.19.jpeg\",\"contentUrl\":\"https:\/\/guineediversite.com\/wp-content\/uploads\/2022\/02\/WhatsApp-Image-2022-02-14-at-08.24.19.jpeg\",\"width\":2000,\"height\":1005},{\"@type\":\"BreadcrumbList\",\"@id\":\"https:\/\/guineediversite.com\/index.php\/2022\/02\/14\/la-promotion-ahmed-kante-de-liuheg-celebre-ses-10-ans\/#breadcrumb\",\"itemListElement\":[{\"@type\":\"ListItem\",\"position\":1,\"name\":\"Accueil\",\"item\":\"https:\/\/guineediversite.com\/\"},{\"@type\":\"ListItem\",\"position\":2,\"name\":\"La promotion Ahmed Kant\u00e9 de L&rsquo;IUHEG c\u00e9l\u00e8bre ses 10 ans\"}]},{\"@type\":\"WebSite\",\"@id\":\"https:\/\/guineediversite.com\/#website\",\"url\":\"https:\/\/guineediversite.com\/\",\"name\":\"Guin\u00e9e Diversit\u00e9\",\"description\":\"L&#039;Info dans toute sa diversit\u00e9\",\"publisher\":{\"@id\":\"https:\/\/guineediversite.com\/#organization\"},\"potentialAction\":[{\"@type\":\"SearchAction\",\"target\":{\"@type\":\"EntryPoint\",\"urlTemplate\":\"https:\/\/guineediversite.com\/?s={search_term_string}\"},\"query-input\":{\"@type\":\"PropertyValueSpecification\",\"valueRequired\":true,\"valueName\":\"search_term_string\"}}],\"inLanguage\":\"fr-FR\"},{\"@type\":\"Organization\",\"@id\":\"https:\/\/guineediversite.com\/#organization\",\"name\":\"Guin\u00e9e Diversit\u00e9\",\"url\":\"https:\/\/guineediversite.com\/\",\"logo\":{\"@type\":\"ImageObject\",\"inLanguage\":\"fr-FR\",\"@id\":\"https:\/\/guineediversite.com\/#\/schema\/logo\/image\/\",\"url\":\"https:\/\/guineediversite.com\/wp-content\/uploads\/2017\/04\/cropped-1jojlxEOMkX9Wyqfhe43D6kjPOGqBBKmx3EwWJqZ0cMrFF54yM49.png\",\"contentUrl\":\"https:\/\/guineediversite.com\/wp-content\/uploads\/2017\/04\/cropped-1jojlxEOMkX9Wyqfhe43D6kjPOGqBBKmx3EwWJqZ0cMrFF54yM49.png\",\"width\":186,\"height\":112,\"caption\":\"Guin\u00e9e Diversit\u00e9\"},\"image\":{\"@id\":\"https:\/\/guineediversite.com\/#\/schema\/logo\/image\/\"},\"sameAs\":[\"https:\/\/www.facebook.com\/guineediversite\/\",\"https:\/\/x.com\/GuineeDiversite\",\"https:\/\/www.youtube.com\/channel\/UC8sUY16qelG5ge6_D5SB83g\"]},{\"@type\":\"Person\",\"@id\":\"https:\/\/guineediversite.com\/#\/schema\/person\/afa08fb34e7fc6e1feafc892612bc836\",\"name\":\"Guin\u00e9e Diversit\u00e9\",\"image\":{\"@type\":\"ImageObject\",\"inLanguage\":\"fr-FR\",\"@id\":\"https:\/\/guineediversite.com\/#\/schema\/person\/image\/\",\"url\":\"https:\/\/secure.gravatar.com\/avatar\/50d5eb5b390f8b65ac30ac6f898eb83a?s=96&d=mm&r=g\",\"contentUrl\":\"https:\/\/secure.gravatar.com\/avatar\/50d5eb5b390f8b65ac30ac6f898eb83a?s=96&d=mm&r=g\",\"caption\":\"Guin\u00e9e Diversit\u00e9\"},\"url\":\"https:\/\/guineediversite.com\/index.php\/author\/guineediversite\/\"}]}<\/script>\n<!-- \/ Yoast SEO plugin. -->","yoast_head_json":{"title":"La promotion Ahmed Kant\u00e9 de L'IUHEG c\u00e9l\u00e8bre ses 10 ans | Guin\u00e9e Diversit\u00e9","robots":{"index":"index","follow":"follow","max-snippet":"max-snippet:-1","max-image-preview":"max-image-preview:large","max-video-preview":"max-video-preview:-1"},"canonical":"https:\/\/guineediversite.com\/index.php\/2022\/02\/14\/la-promotion-ahmed-kante-de-liuheg-celebre-ses-10-ans\/","og_locale":"fr_FR","og_type":"article","og_title":"La promotion Ahmed Kant\u00e9 de L'IUHEG c\u00e9l\u00e8bre ses 10 ans | Guin\u00e9e Diversit\u00e9","og_description":"Compos\u00e9e de la facult\u00e9 des sciences \u00e9conomiques et gestion, la facult\u00e9 des lettres et sciences humaines et la facult\u00e9 de droit, la premi\u00e8re promotion de l\u2019Institut Universitaire de Hautes \u00c9tudes de Guin\u00e9e, a c\u00e9l\u00e9br\u00e9 ses 10 ans ce week-end. La c\u00e9r\u00e9monie s\u2019est d\u00e9roul\u00e9e \u00e0 Hafia, dans la commune de dixinn. Une occasion pour le ministre [&hellip;]","og_url":"https:\/\/guineediversite.com\/index.php\/2022\/02\/14\/la-promotion-ahmed-kante-de-liuheg-celebre-ses-10-ans\/","og_site_name":"Guin\u00e9e Diversit\u00e9","article_publisher":"https:\/\/www.facebook.com\/guineediversite\/","article_published_time":"2022-02-14T10:49:41+00:00","og_image":[{"width":2000,"height":1005,"url":"https:\/\/guineediversite.com\/wp-content\/uploads\/2022\/02\/WhatsApp-Image-2022-02-14-at-08.24.19.jpeg","type":"image\/jpeg"}],"author":"Guin\u00e9e Diversit\u00e9","twitter_card":"summary_large_image","twitter_creator":"@GuineeDiversite","twitter_site":"@GuineeDiversite","twitter_misc":{"\u00c9crit par":"Guin\u00e9e Diversit\u00e9","Dur\u00e9e de lecture estim\u00e9e":"3 minutes"},"schema":{"@context":"https:\/\/schema.org","@graph":[{"@type":"Article","@id":"https:\/\/guineediversite.com\/index.php\/2022\/02\/14\/la-promotion-ahmed-kante-de-liuheg-celebre-ses-10-ans\/#article","isPartOf":{"@id":"https:\/\/guineediversite.com\/index.php\/2022\/02\/14\/la-promotion-ahmed-kante-de-liuheg-celebre-ses-10-ans\/"},"author":{"name":"Guin\u00e9e Diversit\u00e9","@id":"https:\/\/guineediversite.com\/#\/schema\/person\/afa08fb34e7fc6e1feafc892612bc836"},"headline":"La promotion Ahmed Kant\u00e9 de L&rsquo;IUHEG c\u00e9l\u00e8bre ses 10 ans","datePublished":"2022-02-14T10:49:41+00:00","dateModified":"2022-02-14T10:49:41+00:00","mainEntityOfPage":{"@id":"https:\/\/guineediversite.com\/index.php\/2022\/02\/14\/la-promotion-ahmed-kante-de-liuheg-celebre-ses-10-ans\/"},"wordCount":598,"publisher":{"@id":"https:\/\/guineediversite.com\/#organization"},"image":{"@id":"https:\/\/guineediversite.com\/index.php\/2022\/02\/14\/la-promotion-ahmed-kante-de-liuheg-celebre-ses-10-ans\/#primaryimage"},"thumbnailUrl":"https:\/\/guineediversite.com\/wp-content\/uploads\/2022\/02\/WhatsApp-Image-2022-02-14-at-08.24.19.jpeg","articleSection":["Soci\u00e9t\u00e9"],"inLanguage":"fr-FR"},{"@type":"WebPage","@id":"https:\/\/guineediversite.com\/index.php\/2022\/02\/14\/la-promotion-ahmed-kante-de-liuheg-celebre-ses-10-ans\/","url":"https:\/\/guineediversite.com\/index.php\/2022\/02\/14\/la-promotion-ahmed-kante-de-liuheg-celebre-ses-10-ans\/","name":"La promotion Ahmed Kant\u00e9 de L'IUHEG c\u00e9l\u00e8bre ses 10 ans | Guin\u00e9e Diversit\u00e9","isPartOf":{"@id":"https:\/\/guineediversite.com\/#website"},"primaryImageOfPage":{"@id":"https:\/\/guineediversite.com\/index.php\/2022\/02\/14\/la-promotion-ahmed-kante-de-liuheg-celebre-ses-10-ans\/#primaryimage"},"image":{"@id":"https:\/\/guineediversite.com\/index.php\/2022\/02\/14\/la-promotion-ahmed-kante-de-liuheg-celebre-ses-10-ans\/#primaryimage"},"thumbnailUrl":"https:\/\/guineediversite.com\/wp-content\/uploads\/2022\/02\/WhatsApp-Image-2022-02-14-at-08.24.19.jpeg","datePublished":"2022-02-14T10:49:41+00:00","dateModified":"2022-02-14T10:49:41+00:00","breadcrumb":{"@id":"https:\/\/guineediversite.com\/index.php\/2022\/02\/14\/la-promotion-ahmed-kante-de-liuheg-celebre-ses-10-ans\/#breadcrumb"},"inLanguage":"fr-FR","potentialAction":[{"@type":"ReadAction","target":["https:\/\/guineediversite.com\/index.php\/2022\/02\/14\/la-promotion-ahmed-kante-de-liuheg-celebre-ses-10-ans\/"]}]},{"@type":"ImageObject","inLanguage":"fr-FR","@id":"https:\/\/guineediversite.com\/index.php\/2022\/02\/14\/la-promotion-ahmed-kante-de-liuheg-celebre-ses-10-ans\/#primaryimage","url":"https:\/\/guineediversite.com\/wp-content\/uploads\/2022\/02\/WhatsApp-Image-2022-02-14-at-08.24.19.jpeg","contentUrl":"https:\/\/guineediversite.com\/wp-content\/uploads\/2022\/02\/WhatsApp-Image-2022-02-14-at-08.24.19.jpeg","width":2000,"height":1005},{"@type":"BreadcrumbList","@id":"https:\/\/guineediversite.com\/index.php\/2022\/02\/14\/la-promotion-ahmed-kante-de-liuheg-celebre-ses-10-ans\/#breadcrumb","itemListElement":[{"@type":"ListItem","position":1,"name":"Accueil","item":"https:\/\/guineediversite.com\/"},{"@type":"ListItem","position":2,"name":"La promotion Ahmed Kant\u00e9 de L&rsquo;IUHEG c\u00e9l\u00e8bre ses 10 ans"}]},{"@type":"WebSite","@id":"https:\/\/guineediversite.com\/#website","url":"https:\/\/guineediversite.com\/","name":"Guin\u00e9e Diversit\u00e9","description":"L&#039;Info dans toute sa diversit\u00e9","publisher":{"@id":"https:\/\/guineediversite.com\/#organization"},"potentialAction":[{"@type":"SearchAction","target":{"@type":"EntryPoint","urlTemplate":"https:\/\/guineediversite.com\/?s={search_term_string}"},"query-input":{"@type":"PropertyValueSpecification","valueRequired":true,"valueName":"search_term_string"}}],"inLanguage":"fr-FR"},{"@type":"Organization","@id":"https:\/\/guineediversite.com\/#organization","name":"Guin\u00e9e Diversit\u00e9","url":"https:\/\/guineediversite.com\/","logo":{"@type":"ImageObject","inLanguage":"fr-FR","@id":"https:\/\/guineediversite.com\/#\/schema\/logo\/image\/","url":"https:\/\/guineediversite.com\/wp-content\/uploads\/2017\/04\/cropped-1jojlxEOMkX9Wyqfhe43D6kjPOGqBBKmx3EwWJqZ0cMrFF54yM49.png","contentUrl":"https:\/\/guineediversite.com\/wp-content\/uploads\/2017\/04\/cropped-1jojlxEOMkX9Wyqfhe43D6kjPOGqBBKmx3EwWJqZ0cMrFF54yM49.png","width":186,"height":112,"caption":"Guin\u00e9e Diversit\u00e9"},"image":{"@id":"https:\/\/guineediversite.com\/#\/schema\/logo\/image\/"},"sameAs":["https:\/\/www.facebook.com\/guineediversite\/","https:\/\/x.com\/GuineeDiversite","https:\/\/www.youtube.com\/channel\/UC8sUY16qelG5ge6_D5SB83g"]},{"@type":"Person","@id":"https:\/\/guineediversite.com\/#\/schema\/person\/afa08fb34e7fc6e1feafc892612bc836","name":"Guin\u00e9e Diversit\u00e9","image":{"@type":"ImageObject","inLanguage":"fr-FR","@id":"https:\/\/guineediversite.com\/#\/schema\/person\/image\/","url":"https:\/\/secure.gravatar.com\/avatar\/50d5eb5b390f8b65ac30ac6f898eb83a?s=96&d=mm&r=g","contentUrl":"https:\/\/secure.gravatar.com\/avatar\/50d5eb5b390f8b65ac30ac6f898eb83a?s=96&d=mm&r=g","caption":"Guin\u00e9e Diversit\u00e9"},"url":"https:\/\/guineediversite.com\/index.php\/author\/guineediversite\/"}]}},"_links":{"self":[{"href":"https:\/\/guineediversite.com\/index.php\/wp-json\/wp\/v2\/posts\/32412"}],"collection":[{"href":"https:\/\/guineediversite.com\/index.php\/wp-json\/wp\/v2\/posts"}],"about":[{"href":"https:\/\/guineediversite.com\/index.php\/wp-json\/wp\/v2\/types\/post"}],"author":[{"embeddable":true,"href":"https:\/\/guineediversite.com\/index.php\/wp-json\/wp\/v2\/users\/12"}],"replies":[{"embeddable":true,"href":"https:\/\/guineediversite.com\/index.php\/wp-json\/wp\/v2\/comments?post=32412"}],"version-history":[{"count":1,"href":"https:\/\/guineediversite.com\/index.php\/wp-json\/wp\/v2\/posts\/32412\/revisions"}],"predecessor-version":[{"id":32414,"href":"https:\/\/guineediversite.com\/index.php\/wp-json\/wp\/v2\/posts\/32412\/revisions\/32414"}],"wp:featuredmedia":[{"embeddable":true,"href":"https:\/\/guineediversite.com\/index.php\/wp-json\/wp\/v2\/media\/32413"}],"wp:attachment":[{"href":"https:\/\/guineediversite.com\/index.php\/wp-json\/wp\/v2\/media?parent=32412"}],"wp:term":[{"taxonomy":"category","embeddable":true,"href":"https:\/\/guineediversite.com\/index.php\/wp-json\/wp\/v2\/categories?post=32412"},{"taxonomy":"post_tag","embeddable":true,"href":"https:\/\/guineediversite.com\/index.php\/wp-json\/wp\/v2\/tags?post=32412"}],"curies":[{"name":"wp","href":"https:\/\/api.w.org\/{rel}","templated":true}]}}