{"id":32402,"date":"2022-01-27T09:59:48","date_gmt":"2022-01-27T08:59:48","guid":{"rendered":"https:\/\/guineediversite.com\/?p=32402"},"modified":"2022-01-27T09:59:48","modified_gmt":"2022-01-27T08:59:48","slug":"burkina-le-parti-de-kabore-reclame-sa-liberation-et-le-retour-a-lordre-constitutionnel","status":"publish","type":"post","link":"https:\/\/guineediversite.com\/index.php\/2022\/01\/27\/burkina-le-parti-de-kabore-reclame-sa-liberation-et-le-retour-a-lordre-constitutionnel\/","title":{"rendered":"Burkina: le parti de Kabor\u00e9 r\u00e9clame sa lib\u00e9ration et le retour \u00e0 l&rsquo;ordre constitutionnel"},"content":{"rendered":"<p>R\u00e9uni ce mercredi 26 janvier \u00e0 Ouagadougou, le bureau politique du Mouvement du peuple pour le progr\u00e8s (MPP) d\u00e9nonce une remise en cause compl\u00e8te de toutes les dispositions institutionnelles de la R\u00e9publique\u00a0et de la d\u00e9mocratie farouchement acquises. Le parti lance un appel \u00e0 tous ses militants et sympathisants, \u00e0 tous les d\u00e9mocrates, pour la recherche d\u2019une solution \u00e0 la situation que traverse le Burkina Faso.<\/p>\n<p>La rencontre a dur\u00e9 environ deux heures, au si\u00e8ge du parti, au quartier Gounghin de Ouagadougou. Aucun dispositif de s\u00e9curit\u00e9 particulier n\u2019\u00e9tait sur place. Pour les responsables du Mouvement du peuple pour le progr\u00e8s (MPP), la d\u00e9mission de Roch Marc Christian Kabor\u00e9 a \u00e9t\u00e9 obtenue sous la pression. Et ce coup d\u2019Etat vient remettre en cause tous les acquis d\u00e9mocratiques depuis\u00a0l\u2019insurrection populaire de 2014.<\/p>\n<p>\u00ab<em> Il ne s&rsquo;est pas lev\u00e9 lui-m\u00eame librement pour dire \u00ab\u00a0compte-tenu de tels et tels param\u00e8tres, je remets le pouvoir au peuple\u00a0\u00bb. Ce n&rsquo;est pas une d\u00e9mission volontairement pens\u00e9e, consentie, prononc\u00e9e par l&rsquo;int\u00e9ress\u00e9, c&rsquo;est une situation d&rsquo;obligation, de contrainte, c&rsquo;est un coup d&rsquo;\u00c9tat classique pur et dur\u00a0<\/em>\u00bb, proteste Cl\u00e9ment Sawadogo, premier vice-pr\u00e9sident du MPP.<\/p>\n<p>Les responsables du MPP exigent la mise en libert\u00e9, sans condition, du pr\u00e9sident d\u00e9chu et celle d\u2019\u00e9ventuelles personnalit\u00e9s d\u00e9tenues. \u00ab <em>Naturellement, un parti ne peut pas \u00eatre d&rsquo;accord avec cette situation et c&rsquo;est pourquoi nous condamnons ce coup d&rsquo;\u00c9tat et continuons d&rsquo;exiger le retour \u00e0 l&rsquo;ordre constitutionnel normal. Parce que c&rsquo;est quand m\u00eame une d\u00e9mocratie ch\u00e8rement acquise.<\/em>\u00a0\u00bb<\/p>\n<p>Les responsables du Mouvement du peuple pour le progr\u00e8s\u00a0disent suivre de pr\u00e8s\u00a0l\u2019\u00e9volution de la situation. Mais il ne s\u2019agira pas d\u2019appeler leurs militants \u00e0 descendre dans la rue. Cela pourrait conduire \u00e0 un bain de sang, fait savoir Cl\u00e9ment Sawadogo.<\/p>\n<p><strong>La soci\u00e9t\u00e9 civile demande aussi l&rsquo;ordre constitutionnel<\/strong><\/p>\n<p>Le professeur Abdoulaye Soma, pr\u00e9sident du parti d&rsquo;opposition Soleil d\u2019Avenir, estime pour sa part\u00a0qu\u2019il y a n\u00e9cessit\u00e9 de mettre en place rapidement une transition politique. Il a particip\u00e9 \u00e0 la mise en place des instances politiques en 2014 et a \u00e9t\u00e9 d\u00e9sign\u00e9 expert pour les Nations unies au Mali, \u00e9galement pour aider \u00e0 la mise en place de la transition politique. Il se dit aujourd&rsquo;hui \u00ab\u00a0<em>d\u00e9sol\u00e9\u00a0<\/em>\u00bb\u00a0mais \u00ab\u00a0<em>pragmatique <\/em>\u00bb et entrevoit\u00a0d\u00e9j\u00e0 la possibilit\u00e9 d&rsquo;une transition \u00ab\u00a0<em>dans des termes convenables<\/em>\u00a0\u00bb.<\/p>\n<p>\u00ab <em>Je suis d\u00e9sol\u00e9 d&rsquo;abord parce que l&rsquo;av\u00e8nement d&rsquo;un coup d&rsquo;\u00c9tat de d\u00e9plorable. Mais je suis pragmatique parce que la situation est d\u00e9j\u00e0 act\u00e9e. La priorit\u00e9 absolue, c&rsquo;est le retour \u00e0 l&rsquo;ordre constitutionnel et d\u00e9mocratique normal. \u00c9videmment, comme nous sommes dans le cadre d&rsquo;un coup d&rsquo;\u00c9tat, il faudrait que les autorit\u00e9s actuelles d\u00e9clinent rapidement leurs intentions. Je suis convaincu qu&rsquo;on est oblig\u00e9 de passer par une transition. La derni\u00e8re fois, on avait r\u00e9ussi \u00e0 commencer la transition quinze jours apr\u00e8s le coup d&rsquo;\u00c9tat de 2014. Je suis partant pour qu&rsquo;on se concerte rapidement.<\/em>\u00a0\u00bb<\/p>\n<p>C\u00f4t\u00e9 soci\u00e9t\u00e9 civile, une nouvelle coalition a vu le jour et r\u00e9unit le Balai citoyen, la Ligue des panafricanistes et \u00e9galement des associations de la r\u00e9gion de Kaya a \u00e9t\u00e9 cr\u00e9\u00e9 ces derni\u00e8res heures. Priorit\u00e9 pour ces militants : le retour \u00e0 l\u2019ordre constitutionnel et une r\u00e9elle politique pour contrer l\u2019avanc\u00e9e des groupes arm\u00e9s jihadistes. Serge Bambara, alias Smockey, membre fondateur du Balai Citoyen, est l\u2019un des porte-parole de cette coalition.<\/p>\n<p>On d\u00e9plore qu&rsquo;il ait fallu passer par l\u00e0 pour esp\u00e9rer un changement pour le peuple burkinab\u00e8. L&rsquo;ancien r\u00e9gime a r\u00e9ussi par sa mal-gouvernance \u00e0 nous tirailler entre le fait d&rsquo;\u00eatre des d\u00e9mocrates et des r\u00e9publicains et le constat d&rsquo;un coup de force [&#8230;] Nous pensons que force devrait rester au droit et \u00e0 la loi. Mais il faut analyser avec prudence et sagesse la situation difficile que les Burkinab\u00e8 ont d\u00fb traverser pendant cette p\u00e9riode de gouvernance calamiteuse de six ans [&#8230;] Les priorit\u00e9s c&rsquo;est d&rsquo;abord le retour \u00e0 l&rsquo;ordre constitutionnel normal, un nouveau travail sur la s\u00e9curit\u00e9 enti\u00e8re de notre pays [&#8230;] et c&rsquo;est aussi la pr\u00e9servation des acquis de l&rsquo;insurrection populaire ch\u00e8re \u00e0 tout le peuple burkinab\u00e8 [&#8230;] Mais il faut d&rsquo;abord comprendre clairement ce que les nouveaux tenants du pouvoir ont comme agenda.<\/p>\n","protected":false},"excerpt":{"rendered":"<p>R\u00e9uni ce mercredi 26 janvier \u00e0 Ouagadougou, le bureau politique du Mouvement du peuple pour le progr\u00e8s (MPP) d\u00e9nonce une remise en cause compl\u00e8te de toutes les dispositions institutionnelles de la R\u00e9publique\u00a0et de la d\u00e9mocratie farouchement acquises. Le parti lance un appel \u00e0 tous ses militants et sympathisants, \u00e0 tous les d\u00e9mocrates, pour la recherche [&hellip;]<\/p>\n","protected":false},"author":12,"featured_media":32403,"comment_status":"closed","ping_status":"open","sticky":false,"template":"","format":"standard","meta":{"_exactmetrics_skip_tracking":false,"_exactmetrics_sitenote_active":false,"_exactmetrics_sitenote_note":"","_exactmetrics_sitenote_category":0,"tdm_status":"","tdm_grid_status":"","footnotes":""},"categories":[21],"tags":[],"class_list":{"0":"post-32402","1":"post","2":"type-post","3":"status-publish","4":"format-standard","5":"has-post-thumbnail","7":"category-international"},"yoast_head":"<!-- This site is optimized with the Yoast SEO plugin v24.2 - https:\/\/yoast.com\/wordpress\/plugins\/seo\/ -->\n<title>Burkina: le parti de Kabor\u00e9 r\u00e9clame sa lib\u00e9ration et le retour \u00e0 l&#039;ordre constitutionnel | Guin\u00e9e Diversit\u00e9<\/title>\n<meta name=\"robots\" content=\"index, follow, max-snippet:-1, max-image-preview:large, max-video-preview:-1\" \/>\n<link rel=\"canonical\" href=\"https:\/\/guineediversite.com\/index.php\/2022\/01\/27\/burkina-le-parti-de-kabore-reclame-sa-liberation-et-le-retour-a-lordre-constitutionnel\/\" \/>\n<meta property=\"og:locale\" content=\"fr_FR\" \/>\n<meta property=\"og:type\" content=\"article\" \/>\n<meta property=\"og:title\" content=\"Burkina: le parti de Kabor\u00e9 r\u00e9clame sa lib\u00e9ration et le retour \u00e0 l&#039;ordre constitutionnel | Guin\u00e9e Diversit\u00e9\" \/>\n<meta property=\"og:description\" content=\"R\u00e9uni ce mercredi 26 janvier \u00e0 Ouagadougou, le bureau politique du Mouvement du peuple pour le progr\u00e8s (MPP) d\u00e9nonce une remise en cause compl\u00e8te de toutes les dispositions institutionnelles de la R\u00e9publique\u00a0et de la d\u00e9mocratie farouchement acquises. Le parti lance un appel \u00e0 tous ses militants et sympathisants, \u00e0 tous les d\u00e9mocrates, pour la recherche [&hellip;]\" \/>\n<meta property=\"og:url\" content=\"https:\/\/guineediversite.com\/index.php\/2022\/01\/27\/burkina-le-parti-de-kabore-reclame-sa-liberation-et-le-retour-a-lordre-constitutionnel\/\" \/>\n<meta property=\"og:site_name\" content=\"Guin\u00e9e Diversit\u00e9\" \/>\n<meta property=\"article:publisher\" content=\"https:\/\/www.facebook.com\/guineediversite\/\" \/>\n<meta property=\"article:published_time\" content=\"2022-01-27T08:59:48+00:00\" \/>\n<meta property=\"og:image\" content=\"https:\/\/guineediversite.com\/wp-content\/uploads\/2022\/01\/Burkina-Faso.jpg\" \/>\n\t<meta property=\"og:image:width\" content=\"1300\" \/>\n\t<meta property=\"og:image:height\" content=\"1300\" \/>\n\t<meta property=\"og:image:type\" content=\"image\/jpeg\" \/>\n<meta name=\"author\" content=\"Guin\u00e9e Diversit\u00e9\" \/>\n<meta name=\"twitter:card\" content=\"summary_large_image\" \/>\n<meta name=\"twitter:creator\" content=\"@GuineeDiversite\" \/>\n<meta name=\"twitter:site\" content=\"@GuineeDiversite\" \/>\n<meta name=\"twitter:label1\" content=\"\u00c9crit par\" \/>\n\t<meta name=\"twitter:data1\" content=\"Guin\u00e9e Diversit\u00e9\" \/>\n\t<meta name=\"twitter:label2\" content=\"Dur\u00e9e de lecture estim\u00e9e\" \/>\n\t<meta name=\"twitter:data2\" content=\"4 minutes\" \/>\n<script type=\"application\/ld+json\" class=\"yoast-schema-graph\">{\"@context\":\"https:\/\/schema.org\",\"@graph\":[{\"@type\":\"Article\",\"@id\":\"https:\/\/guineediversite.com\/index.php\/2022\/01\/27\/burkina-le-parti-de-kabore-reclame-sa-liberation-et-le-retour-a-lordre-constitutionnel\/#article\",\"isPartOf\":{\"@id\":\"https:\/\/guineediversite.com\/index.php\/2022\/01\/27\/burkina-le-parti-de-kabore-reclame-sa-liberation-et-le-retour-a-lordre-constitutionnel\/\"},\"author\":{\"name\":\"Guin\u00e9e Diversit\u00e9\",\"@id\":\"https:\/\/guineediversite.com\/#\/schema\/person\/afa08fb34e7fc6e1feafc892612bc836\"},\"headline\":\"Burkina: le parti de Kabor\u00e9 r\u00e9clame sa lib\u00e9ration et le retour \u00e0 l&rsquo;ordre constitutionnel\",\"datePublished\":\"2022-01-27T08:59:48+00:00\",\"dateModified\":\"2022-01-27T08:59:48+00:00\",\"mainEntityOfPage\":{\"@id\":\"https:\/\/guineediversite.com\/index.php\/2022\/01\/27\/burkina-le-parti-de-kabore-reclame-sa-liberation-et-le-retour-a-lordre-constitutionnel\/\"},\"wordCount\":777,\"publisher\":{\"@id\":\"https:\/\/guineediversite.com\/#organization\"},\"image\":{\"@id\":\"https:\/\/guineediversite.com\/index.php\/2022\/01\/27\/burkina-le-parti-de-kabore-reclame-sa-liberation-et-le-retour-a-lordre-constitutionnel\/#primaryimage\"},\"thumbnailUrl\":\"https:\/\/guineediversite.com\/wp-content\/uploads\/2022\/01\/Burkina-Faso.jpg\",\"articleSection\":[\"International\"],\"inLanguage\":\"fr-FR\"},{\"@type\":\"WebPage\",\"@id\":\"https:\/\/guineediversite.com\/index.php\/2022\/01\/27\/burkina-le-parti-de-kabore-reclame-sa-liberation-et-le-retour-a-lordre-constitutionnel\/\",\"url\":\"https:\/\/guineediversite.com\/index.php\/2022\/01\/27\/burkina-le-parti-de-kabore-reclame-sa-liberation-et-le-retour-a-lordre-constitutionnel\/\",\"name\":\"Burkina: le parti de Kabor\u00e9 r\u00e9clame sa lib\u00e9ration et le retour \u00e0 l'ordre constitutionnel | Guin\u00e9e Diversit\u00e9\",\"isPartOf\":{\"@id\":\"https:\/\/guineediversite.com\/#website\"},\"primaryImageOfPage\":{\"@id\":\"https:\/\/guineediversite.com\/index.php\/2022\/01\/27\/burkina-le-parti-de-kabore-reclame-sa-liberation-et-le-retour-a-lordre-constitutionnel\/#primaryimage\"},\"image\":{\"@id\":\"https:\/\/guineediversite.com\/index.php\/2022\/01\/27\/burkina-le-parti-de-kabore-reclame-sa-liberation-et-le-retour-a-lordre-constitutionnel\/#primaryimage\"},\"thumbnailUrl\":\"https:\/\/guineediversite.com\/wp-content\/uploads\/2022\/01\/Burkina-Faso.jpg\",\"datePublished\":\"2022-01-27T08:59:48+00:00\",\"dateModified\":\"2022-01-27T08:59:48+00:00\",\"breadcrumb\":{\"@id\":\"https:\/\/guineediversite.com\/index.php\/2022\/01\/27\/burkina-le-parti-de-kabore-reclame-sa-liberation-et-le-retour-a-lordre-constitutionnel\/#breadcrumb\"},\"inLanguage\":\"fr-FR\",\"potentialAction\":[{\"@type\":\"ReadAction\",\"target\":[\"https:\/\/guineediversite.com\/index.php\/2022\/01\/27\/burkina-le-parti-de-kabore-reclame-sa-liberation-et-le-retour-a-lordre-constitutionnel\/\"]}]},{\"@type\":\"ImageObject\",\"inLanguage\":\"fr-FR\",\"@id\":\"https:\/\/guineediversite.com\/index.php\/2022\/01\/27\/burkina-le-parti-de-kabore-reclame-sa-liberation-et-le-retour-a-lordre-constitutionnel\/#primaryimage\",\"url\":\"https:\/\/guineediversite.com\/wp-content\/uploads\/2022\/01\/Burkina-Faso.jpg\",\"contentUrl\":\"https:\/\/guineediversite.com\/wp-content\/uploads\/2022\/01\/Burkina-Faso.jpg\",\"width\":1300,\"height\":1300},{\"@type\":\"BreadcrumbList\",\"@id\":\"https:\/\/guineediversite.com\/index.php\/2022\/01\/27\/burkina-le-parti-de-kabore-reclame-sa-liberation-et-le-retour-a-lordre-constitutionnel\/#breadcrumb\",\"itemListElement\":[{\"@type\":\"ListItem\",\"position\":1,\"name\":\"Accueil\",\"item\":\"https:\/\/guineediversite.com\/\"},{\"@type\":\"ListItem\",\"position\":2,\"name\":\"Burkina: le parti de Kabor\u00e9 r\u00e9clame sa lib\u00e9ration et le retour \u00e0 l&rsquo;ordre constitutionnel\"}]},{\"@type\":\"WebSite\",\"@id\":\"https:\/\/guineediversite.com\/#website\",\"url\":\"https:\/\/guineediversite.com\/\",\"name\":\"Guin\u00e9e Diversit\u00e9\",\"description\":\"L&#039;Info dans toute sa diversit\u00e9\",\"publisher\":{\"@id\":\"https:\/\/guineediversite.com\/#organization\"},\"potentialAction\":[{\"@type\":\"SearchAction\",\"target\":{\"@type\":\"EntryPoint\",\"urlTemplate\":\"https:\/\/guineediversite.com\/?s={search_term_string}\"},\"query-input\":{\"@type\":\"PropertyValueSpecification\",\"valueRequired\":true,\"valueName\":\"search_term_string\"}}],\"inLanguage\":\"fr-FR\"},{\"@type\":\"Organization\",\"@id\":\"https:\/\/guineediversite.com\/#organization\",\"name\":\"Guin\u00e9e Diversit\u00e9\",\"url\":\"https:\/\/guineediversite.com\/\",\"logo\":{\"@type\":\"ImageObject\",\"inLanguage\":\"fr-FR\",\"@id\":\"https:\/\/guineediversite.com\/#\/schema\/logo\/image\/\",\"url\":\"https:\/\/guineediversite.com\/wp-content\/uploads\/2017\/04\/cropped-1jojlxEOMkX9Wyqfhe43D6kjPOGqBBKmx3EwWJqZ0cMrFF54yM49.png\",\"contentUrl\":\"https:\/\/guineediversite.com\/wp-content\/uploads\/2017\/04\/cropped-1jojlxEOMkX9Wyqfhe43D6kjPOGqBBKmx3EwWJqZ0cMrFF54yM49.png\",\"width\":186,\"height\":112,\"caption\":\"Guin\u00e9e Diversit\u00e9\"},\"image\":{\"@id\":\"https:\/\/guineediversite.com\/#\/schema\/logo\/image\/\"},\"sameAs\":[\"https:\/\/www.facebook.com\/guineediversite\/\",\"https:\/\/x.com\/GuineeDiversite\",\"https:\/\/www.youtube.com\/channel\/UC8sUY16qelG5ge6_D5SB83g\"]},{\"@type\":\"Person\",\"@id\":\"https:\/\/guineediversite.com\/#\/schema\/person\/afa08fb34e7fc6e1feafc892612bc836\",\"name\":\"Guin\u00e9e Diversit\u00e9\",\"image\":{\"@type\":\"ImageObject\",\"inLanguage\":\"fr-FR\",\"@id\":\"https:\/\/guineediversite.com\/#\/schema\/person\/image\/\",\"url\":\"https:\/\/secure.gravatar.com\/avatar\/50d5eb5b390f8b65ac30ac6f898eb83a?s=96&d=mm&r=g\",\"contentUrl\":\"https:\/\/secure.gravatar.com\/avatar\/50d5eb5b390f8b65ac30ac6f898eb83a?s=96&d=mm&r=g\",\"caption\":\"Guin\u00e9e Diversit\u00e9\"},\"url\":\"https:\/\/guineediversite.com\/index.php\/author\/guineediversite\/\"}]}<\/script>\n<!-- \/ Yoast SEO plugin. -->","yoast_head_json":{"title":"Burkina: le parti de Kabor\u00e9 r\u00e9clame sa lib\u00e9ration et le retour \u00e0 l'ordre constitutionnel | Guin\u00e9e Diversit\u00e9","robots":{"index":"index","follow":"follow","max-snippet":"max-snippet:-1","max-image-preview":"max-image-preview:large","max-video-preview":"max-video-preview:-1"},"canonical":"https:\/\/guineediversite.com\/index.php\/2022\/01\/27\/burkina-le-parti-de-kabore-reclame-sa-liberation-et-le-retour-a-lordre-constitutionnel\/","og_locale":"fr_FR","og_type":"article","og_title":"Burkina: le parti de Kabor\u00e9 r\u00e9clame sa lib\u00e9ration et le retour \u00e0 l'ordre constitutionnel | Guin\u00e9e Diversit\u00e9","og_description":"R\u00e9uni ce mercredi 26 janvier \u00e0 Ouagadougou, le bureau politique du Mouvement du peuple pour le progr\u00e8s (MPP) d\u00e9nonce une remise en cause compl\u00e8te de toutes les dispositions institutionnelles de la R\u00e9publique\u00a0et de la d\u00e9mocratie farouchement acquises. Le parti lance un appel \u00e0 tous ses militants et sympathisants, \u00e0 tous les d\u00e9mocrates, pour la recherche [&hellip;]","og_url":"https:\/\/guineediversite.com\/index.php\/2022\/01\/27\/burkina-le-parti-de-kabore-reclame-sa-liberation-et-le-retour-a-lordre-constitutionnel\/","og_site_name":"Guin\u00e9e Diversit\u00e9","article_publisher":"https:\/\/www.facebook.com\/guineediversite\/","article_published_time":"2022-01-27T08:59:48+00:00","og_image":[{"width":1300,"height":1300,"url":"https:\/\/guineediversite.com\/wp-content\/uploads\/2022\/01\/Burkina-Faso.jpg","type":"image\/jpeg"}],"author":"Guin\u00e9e Diversit\u00e9","twitter_card":"summary_large_image","twitter_creator":"@GuineeDiversite","twitter_site":"@GuineeDiversite","twitter_misc":{"\u00c9crit par":"Guin\u00e9e Diversit\u00e9","Dur\u00e9e de lecture estim\u00e9e":"4 minutes"},"schema":{"@context":"https:\/\/schema.org","@graph":[{"@type":"Article","@id":"https:\/\/guineediversite.com\/index.php\/2022\/01\/27\/burkina-le-parti-de-kabore-reclame-sa-liberation-et-le-retour-a-lordre-constitutionnel\/#article","isPartOf":{"@id":"https:\/\/guineediversite.com\/index.php\/2022\/01\/27\/burkina-le-parti-de-kabore-reclame-sa-liberation-et-le-retour-a-lordre-constitutionnel\/"},"author":{"name":"Guin\u00e9e Diversit\u00e9","@id":"https:\/\/guineediversite.com\/#\/schema\/person\/afa08fb34e7fc6e1feafc892612bc836"},"headline":"Burkina: le parti de Kabor\u00e9 r\u00e9clame sa lib\u00e9ration et le retour \u00e0 l&rsquo;ordre constitutionnel","datePublished":"2022-01-27T08:59:48+00:00","dateModified":"2022-01-27T08:59:48+00:00","mainEntityOfPage":{"@id":"https:\/\/guineediversite.com\/index.php\/2022\/01\/27\/burkina-le-parti-de-kabore-reclame-sa-liberation-et-le-retour-a-lordre-constitutionnel\/"},"wordCount":777,"publisher":{"@id":"https:\/\/guineediversite.com\/#organization"},"image":{"@id":"https:\/\/guineediversite.com\/index.php\/2022\/01\/27\/burkina-le-parti-de-kabore-reclame-sa-liberation-et-le-retour-a-lordre-constitutionnel\/#primaryimage"},"thumbnailUrl":"https:\/\/guineediversite.com\/wp-content\/uploads\/2022\/01\/Burkina-Faso.jpg","articleSection":["International"],"inLanguage":"fr-FR"},{"@type":"WebPage","@id":"https:\/\/guineediversite.com\/index.php\/2022\/01\/27\/burkina-le-parti-de-kabore-reclame-sa-liberation-et-le-retour-a-lordre-constitutionnel\/","url":"https:\/\/guineediversite.com\/index.php\/2022\/01\/27\/burkina-le-parti-de-kabore-reclame-sa-liberation-et-le-retour-a-lordre-constitutionnel\/","name":"Burkina: le parti de Kabor\u00e9 r\u00e9clame sa lib\u00e9ration et le retour \u00e0 l'ordre constitutionnel | Guin\u00e9e Diversit\u00e9","isPartOf":{"@id":"https:\/\/guineediversite.com\/#website"},"primaryImageOfPage":{"@id":"https:\/\/guineediversite.com\/index.php\/2022\/01\/27\/burkina-le-parti-de-kabore-reclame-sa-liberation-et-le-retour-a-lordre-constitutionnel\/#primaryimage"},"image":{"@id":"https:\/\/guineediversite.com\/index.php\/2022\/01\/27\/burkina-le-parti-de-kabore-reclame-sa-liberation-et-le-retour-a-lordre-constitutionnel\/#primaryimage"},"thumbnailUrl":"https:\/\/guineediversite.com\/wp-content\/uploads\/2022\/01\/Burkina-Faso.jpg","datePublished":"2022-01-27T08:59:48+00:00","dateModified":"2022-01-27T08:59:48+00:00","breadcrumb":{"@id":"https:\/\/guineediversite.com\/index.php\/2022\/01\/27\/burkina-le-parti-de-kabore-reclame-sa-liberation-et-le-retour-a-lordre-constitutionnel\/#breadcrumb"},"inLanguage":"fr-FR","potentialAction":[{"@type":"ReadAction","target":["https:\/\/guineediversite.com\/index.php\/2022\/01\/27\/burkina-le-parti-de-kabore-reclame-sa-liberation-et-le-retour-a-lordre-constitutionnel\/"]}]},{"@type":"ImageObject","inLanguage":"fr-FR","@id":"https:\/\/guineediversite.com\/index.php\/2022\/01\/27\/burkina-le-parti-de-kabore-reclame-sa-liberation-et-le-retour-a-lordre-constitutionnel\/#primaryimage","url":"https:\/\/guineediversite.com\/wp-content\/uploads\/2022\/01\/Burkina-Faso.jpg","contentUrl":"https:\/\/guineediversite.com\/wp-content\/uploads\/2022\/01\/Burkina-Faso.jpg","width":1300,"height":1300},{"@type":"BreadcrumbList","@id":"https:\/\/guineediversite.com\/index.php\/2022\/01\/27\/burkina-le-parti-de-kabore-reclame-sa-liberation-et-le-retour-a-lordre-constitutionnel\/#breadcrumb","itemListElement":[{"@type":"ListItem","position":1,"name":"Accueil","item":"https:\/\/guineediversite.com\/"},{"@type":"ListItem","position":2,"name":"Burkina: le parti de Kabor\u00e9 r\u00e9clame sa lib\u00e9ration et le retour \u00e0 l&rsquo;ordre constitutionnel"}]},{"@type":"WebSite","@id":"https:\/\/guineediversite.com\/#website","url":"https:\/\/guineediversite.com\/","name":"Guin\u00e9e Diversit\u00e9","description":"L&#039;Info dans toute sa diversit\u00e9","publisher":{"@id":"https:\/\/guineediversite.com\/#organization"},"potentialAction":[{"@type":"SearchAction","target":{"@type":"EntryPoint","urlTemplate":"https:\/\/guineediversite.com\/?s={search_term_string}"},"query-input":{"@type":"PropertyValueSpecification","valueRequired":true,"valueName":"search_term_string"}}],"inLanguage":"fr-FR"},{"@type":"Organization","@id":"https:\/\/guineediversite.com\/#organization","name":"Guin\u00e9e Diversit\u00e9","url":"https:\/\/guineediversite.com\/","logo":{"@type":"ImageObject","inLanguage":"fr-FR","@id":"https:\/\/guineediversite.com\/#\/schema\/logo\/image\/","url":"https:\/\/guineediversite.com\/wp-content\/uploads\/2017\/04\/cropped-1jojlxEOMkX9Wyqfhe43D6kjPOGqBBKmx3EwWJqZ0cMrFF54yM49.png","contentUrl":"https:\/\/guineediversite.com\/wp-content\/uploads\/2017\/04\/cropped-1jojlxEOMkX9Wyqfhe43D6kjPOGqBBKmx3EwWJqZ0cMrFF54yM49.png","width":186,"height":112,"caption":"Guin\u00e9e Diversit\u00e9"},"image":{"@id":"https:\/\/guineediversite.com\/#\/schema\/logo\/image\/"},"sameAs":["https:\/\/www.facebook.com\/guineediversite\/","https:\/\/x.com\/GuineeDiversite","https:\/\/www.youtube.com\/channel\/UC8sUY16qelG5ge6_D5SB83g"]},{"@type":"Person","@id":"https:\/\/guineediversite.com\/#\/schema\/person\/afa08fb34e7fc6e1feafc892612bc836","name":"Guin\u00e9e Diversit\u00e9","image":{"@type":"ImageObject","inLanguage":"fr-FR","@id":"https:\/\/guineediversite.com\/#\/schema\/person\/image\/","url":"https:\/\/secure.gravatar.com\/avatar\/50d5eb5b390f8b65ac30ac6f898eb83a?s=96&d=mm&r=g","contentUrl":"https:\/\/secure.gravatar.com\/avatar\/50d5eb5b390f8b65ac30ac6f898eb83a?s=96&d=mm&r=g","caption":"Guin\u00e9e Diversit\u00e9"},"url":"https:\/\/guineediversite.com\/index.php\/author\/guineediversite\/"}]}},"_links":{"self":[{"href":"https:\/\/guineediversite.com\/index.php\/wp-json\/wp\/v2\/posts\/32402"}],"collection":[{"href":"https:\/\/guineediversite.com\/index.php\/wp-json\/wp\/v2\/posts"}],"about":[{"href":"https:\/\/guineediversite.com\/index.php\/wp-json\/wp\/v2\/types\/post"}],"author":[{"embeddable":true,"href":"https:\/\/guineediversite.com\/index.php\/wp-json\/wp\/v2\/users\/12"}],"replies":[{"embeddable":true,"href":"https:\/\/guineediversite.com\/index.php\/wp-json\/wp\/v2\/comments?post=32402"}],"version-history":[{"count":1,"href":"https:\/\/guineediversite.com\/index.php\/wp-json\/wp\/v2\/posts\/32402\/revisions"}],"predecessor-version":[{"id":32404,"href":"https:\/\/guineediversite.com\/index.php\/wp-json\/wp\/v2\/posts\/32402\/revisions\/32404"}],"wp:featuredmedia":[{"embeddable":true,"href":"https:\/\/guineediversite.com\/index.php\/wp-json\/wp\/v2\/media\/32403"}],"wp:attachment":[{"href":"https:\/\/guineediversite.com\/index.php\/wp-json\/wp\/v2\/media?parent=32402"}],"wp:term":[{"taxonomy":"category","embeddable":true,"href":"https:\/\/guineediversite.com\/index.php\/wp-json\/wp\/v2\/categories?post=32402"},{"taxonomy":"post_tag","embeddable":true,"href":"https:\/\/guineediversite.com\/index.php\/wp-json\/wp\/v2\/tags?post=32402"}],"curies":[{"name":"wp","href":"https:\/\/api.w.org\/{rel}","templated":true}]}}