{"id":32399,"date":"2022-01-27T09:52:17","date_gmt":"2022-01-27T08:52:17","guid":{"rendered":"https:\/\/guineediversite.com\/?p=32399"},"modified":"2022-01-27T09:52:17","modified_gmt":"2022-01-27T08:52:17","slug":"le-chef-de-la-diplomatie-europeenne-demande-le-retour-a-lordre-constitutionnel-au-burkina-faso","status":"publish","type":"post","link":"https:\/\/guineediversite.com\/index.php\/2022\/01\/27\/le-chef-de-la-diplomatie-europeenne-demande-le-retour-a-lordre-constitutionnel-au-burkina-faso\/","title":{"rendered":"Le chef de la diplomatie europ\u00e9enne demande le retour \u00e0 l&rsquo;ordre constitutionnel au Burkina Faso"},"content":{"rendered":"<p>Pas de session pl\u00e9ni\u00e8re finalement, mercredi 26\u00a0janvier, \u00e0 Bruxelles entre les ministres des Affaires \u00e9trang\u00e8res des pays du G5 Sahel et l&rsquo;Union europ\u00e9enne en raison du coup d&rsquo;\u00c9tat au Burkina Faso.\u00a0Mais les ministres pr\u00e9sents se sont entretenus avec le chef de la diplomatie europ\u00e9enne, Josep Borrell. Et\u00a0les conversations ont, bien s\u00fbr, tourn\u00e9 autour du Mali, du Burkina et de Wagner.<\/p>\n<p>La septi\u00e8me r\u00e9union entre les ministres des Affaires \u00e9trang\u00e8res des pays du G5 Sahel et l\u2019Union europ\u00e9enne devait se tenir mercredi 26 janvier \u00e0 Bruxelles. Mais en raison de la situation au Burkina Faso, la pr\u00e9sidence du G5, actuellement exerc\u00e9e par le Tchad,\u00a0a consult\u00e9 ses partenaires et renonc\u00e9 \u00e0 tenir une session pl\u00e9ni\u00e8re. En revanche, chacun des quatre ministres pr\u00e9sents,\u00a0Abdoulaye Diop pour le Mali,\u00a0Isma\u00efl Ould Cheikh Ahmed pour la Mauritanie,\u00a0Hassoumi Massoudou pour le Niger et\u00a0Ch\u00e9rif Mahamat Zene pour le Tchad,\u00a0s\u2019est entretenu individuellement avec le chef de la diplomatie europ\u00e9enne Josep Borrell.<\/p>\n<p>Des rencontres avec ses homologues du Sahel qui ont \u00e9t\u00e9 pour le chef de la diplomatie europ\u00e9enne l\u2019occasion de condamner l\u2019arrestation du pr\u00e9sident burkinab\u00e8\u00a0et de demander au nom de l\u2019UE sa lib\u00e9ration et le retour de l\u2019ordre constitutionnel au Burkina Faso. Les Europ\u00e9ens veulent continuer la coop\u00e9ration avec le Niger et la Mauritanie et soutiennent la transition tchadienne ainsi que l\u2019ensemble de la r\u00e9gion.<\/p>\n<p><strong>La question du Mali<\/strong><\/p>\n<p>\u00ab<em> L\u2019Union europ\u00e9enne maintient son engagement au Sahel,<\/em> a-t-il insist\u00e9. <em>Elle en est un partenaire fiable et de longue dur\u00e9e. Les populations ont des besoins urgents en termes de s\u00e9curit\u00e9, d\u2019aide humanitaire et de perspectives sociales et \u00e9conomiques. Les impatiences grandissent\u00a0et t\u00f4t ou tard ces fragilit\u00e9s nourrissent les mouvements terroristes que nous combattons tous et qui sont une menace pour tous. <\/em>\u00bb<\/p>\n<p>La relation avec le Mali est plus compliqu\u00e9e et l\u2019UE a rappel\u00e9 \u00eatre pr\u00eate \u00e0 des sanctions individuelles contre ceux qui entravent la transition : elle demande rapidement un \u00ab<em> calendrier \u00e9lectoral cr\u00e9dible <\/em>\u00bb. Surtout, l\u2019Union europ\u00e9enne avertit que la pr\u00e9sence des mercenaires russes de Wagner est incompatible avec son engagement au Mali.<\/p>\n<p>RFI<\/p>\n","protected":false},"excerpt":{"rendered":"<p>Pas de session pl\u00e9ni\u00e8re finalement, mercredi 26\u00a0janvier, \u00e0 Bruxelles entre les ministres des Affaires \u00e9trang\u00e8res des pays du G5 Sahel et l&rsquo;Union europ\u00e9enne en raison du coup d&rsquo;\u00c9tat au Burkina Faso.\u00a0Mais les ministres pr\u00e9sents se sont entretenus avec le chef de la diplomatie europ\u00e9enne, Josep Borrell. Et\u00a0les conversations ont, bien s\u00fbr, tourn\u00e9 autour du Mali, [&hellip;]<\/p>\n","protected":false},"author":12,"featured_media":32400,"comment_status":"closed","ping_status":"open","sticky":false,"template":"","format":"standard","meta":{"_exactmetrics_skip_tracking":false,"_exactmetrics_sitenote_active":false,"_exactmetrics_sitenote_note":"","_exactmetrics_sitenote_category":0,"tdm_status":"","tdm_grid_status":"","footnotes":""},"categories":[21],"tags":[],"class_list":{"0":"post-32399","1":"post","2":"type-post","3":"status-publish","4":"format-standard","5":"has-post-thumbnail","7":"category-international"},"yoast_head":"<!-- This site is optimized with the Yoast SEO plugin v24.2 - https:\/\/yoast.com\/wordpress\/plugins\/seo\/ -->\n<title>Le chef de la diplomatie europ\u00e9enne demande le retour \u00e0 l&#039;ordre constitutionnel au Burkina Faso | Guin\u00e9e Diversit\u00e9<\/title>\n<meta name=\"robots\" content=\"index, follow, max-snippet:-1, max-image-preview:large, max-video-preview:-1\" \/>\n<link rel=\"canonical\" href=\"https:\/\/guineediversite.com\/index.php\/2022\/01\/27\/le-chef-de-la-diplomatie-europeenne-demande-le-retour-a-lordre-constitutionnel-au-burkina-faso\/\" \/>\n<meta property=\"og:locale\" content=\"fr_FR\" \/>\n<meta property=\"og:type\" content=\"article\" \/>\n<meta property=\"og:title\" content=\"Le chef de la diplomatie europ\u00e9enne demande le retour \u00e0 l&#039;ordre constitutionnel au Burkina Faso | Guin\u00e9e Diversit\u00e9\" \/>\n<meta property=\"og:description\" content=\"Pas de session pl\u00e9ni\u00e8re finalement, mercredi 26\u00a0janvier, \u00e0 Bruxelles entre les ministres des Affaires \u00e9trang\u00e8res des pays du G5 Sahel et l&rsquo;Union europ\u00e9enne en raison du coup d&rsquo;\u00c9tat au Burkina Faso.\u00a0Mais les ministres pr\u00e9sents se sont entretenus avec le chef de la diplomatie europ\u00e9enne, Josep Borrell. Et\u00a0les conversations ont, bien s\u00fbr, tourn\u00e9 autour du Mali, [&hellip;]\" \/>\n<meta property=\"og:url\" content=\"https:\/\/guineediversite.com\/index.php\/2022\/01\/27\/le-chef-de-la-diplomatie-europeenne-demande-le-retour-a-lordre-constitutionnel-au-burkina-faso\/\" \/>\n<meta property=\"og:site_name\" content=\"Guin\u00e9e Diversit\u00e9\" \/>\n<meta property=\"article:publisher\" content=\"https:\/\/www.facebook.com\/guineediversite\/\" \/>\n<meta property=\"article:published_time\" content=\"2022-01-27T08:52:17+00:00\" \/>\n<meta property=\"og:image\" content=\"https:\/\/guineediversite.com\/wp-content\/uploads\/2022\/01\/EUROPE.jpg\" \/>\n\t<meta property=\"og:image:width\" content=\"1300\" \/>\n\t<meta property=\"og:image:height\" content=\"974\" \/>\n\t<meta property=\"og:image:type\" content=\"image\/jpeg\" \/>\n<meta name=\"author\" content=\"Guin\u00e9e Diversit\u00e9\" \/>\n<meta name=\"twitter:card\" content=\"summary_large_image\" \/>\n<meta name=\"twitter:creator\" content=\"@GuineeDiversite\" \/>\n<meta name=\"twitter:site\" content=\"@GuineeDiversite\" \/>\n<meta name=\"twitter:label1\" content=\"\u00c9crit par\" \/>\n\t<meta name=\"twitter:data1\" content=\"Guin\u00e9e Diversit\u00e9\" \/>\n\t<meta name=\"twitter:label2\" content=\"Dur\u00e9e de lecture estim\u00e9e\" \/>\n\t<meta name=\"twitter:data2\" content=\"2 minutes\" \/>\n<script type=\"application\/ld+json\" class=\"yoast-schema-graph\">{\"@context\":\"https:\/\/schema.org\",\"@graph\":[{\"@type\":\"Article\",\"@id\":\"https:\/\/guineediversite.com\/index.php\/2022\/01\/27\/le-chef-de-la-diplomatie-europeenne-demande-le-retour-a-lordre-constitutionnel-au-burkina-faso\/#article\",\"isPartOf\":{\"@id\":\"https:\/\/guineediversite.com\/index.php\/2022\/01\/27\/le-chef-de-la-diplomatie-europeenne-demande-le-retour-a-lordre-constitutionnel-au-burkina-faso\/\"},\"author\":{\"name\":\"Guin\u00e9e Diversit\u00e9\",\"@id\":\"https:\/\/guineediversite.com\/#\/schema\/person\/afa08fb34e7fc6e1feafc892612bc836\"},\"headline\":\"Le chef de la diplomatie europ\u00e9enne demande le retour \u00e0 l&rsquo;ordre constitutionnel au Burkina Faso\",\"datePublished\":\"2022-01-27T08:52:17+00:00\",\"dateModified\":\"2022-01-27T08:52:17+00:00\",\"mainEntityOfPage\":{\"@id\":\"https:\/\/guineediversite.com\/index.php\/2022\/01\/27\/le-chef-de-la-diplomatie-europeenne-demande-le-retour-a-lordre-constitutionnel-au-burkina-faso\/\"},\"wordCount\":399,\"publisher\":{\"@id\":\"https:\/\/guineediversite.com\/#organization\"},\"image\":{\"@id\":\"https:\/\/guineediversite.com\/index.php\/2022\/01\/27\/le-chef-de-la-diplomatie-europeenne-demande-le-retour-a-lordre-constitutionnel-au-burkina-faso\/#primaryimage\"},\"thumbnailUrl\":\"https:\/\/guineediversite.com\/wp-content\/uploads\/2022\/01\/EUROPE.jpg\",\"articleSection\":[\"International\"],\"inLanguage\":\"fr-FR\"},{\"@type\":\"WebPage\",\"@id\":\"https:\/\/guineediversite.com\/index.php\/2022\/01\/27\/le-chef-de-la-diplomatie-europeenne-demande-le-retour-a-lordre-constitutionnel-au-burkina-faso\/\",\"url\":\"https:\/\/guineediversite.com\/index.php\/2022\/01\/27\/le-chef-de-la-diplomatie-europeenne-demande-le-retour-a-lordre-constitutionnel-au-burkina-faso\/\",\"name\":\"Le chef de la diplomatie europ\u00e9enne demande le retour \u00e0 l'ordre constitutionnel au Burkina Faso | Guin\u00e9e Diversit\u00e9\",\"isPartOf\":{\"@id\":\"https:\/\/guineediversite.com\/#website\"},\"primaryImageOfPage\":{\"@id\":\"https:\/\/guineediversite.com\/index.php\/2022\/01\/27\/le-chef-de-la-diplomatie-europeenne-demande-le-retour-a-lordre-constitutionnel-au-burkina-faso\/#primaryimage\"},\"image\":{\"@id\":\"https:\/\/guineediversite.com\/index.php\/2022\/01\/27\/le-chef-de-la-diplomatie-europeenne-demande-le-retour-a-lordre-constitutionnel-au-burkina-faso\/#primaryimage\"},\"thumbnailUrl\":\"https:\/\/guineediversite.com\/wp-content\/uploads\/2022\/01\/EUROPE.jpg\",\"datePublished\":\"2022-01-27T08:52:17+00:00\",\"dateModified\":\"2022-01-27T08:52:17+00:00\",\"breadcrumb\":{\"@id\":\"https:\/\/guineediversite.com\/index.php\/2022\/01\/27\/le-chef-de-la-diplomatie-europeenne-demande-le-retour-a-lordre-constitutionnel-au-burkina-faso\/#breadcrumb\"},\"inLanguage\":\"fr-FR\",\"potentialAction\":[{\"@type\":\"ReadAction\",\"target\":[\"https:\/\/guineediversite.com\/index.php\/2022\/01\/27\/le-chef-de-la-diplomatie-europeenne-demande-le-retour-a-lordre-constitutionnel-au-burkina-faso\/\"]}]},{\"@type\":\"ImageObject\",\"inLanguage\":\"fr-FR\",\"@id\":\"https:\/\/guineediversite.com\/index.php\/2022\/01\/27\/le-chef-de-la-diplomatie-europeenne-demande-le-retour-a-lordre-constitutionnel-au-burkina-faso\/#primaryimage\",\"url\":\"https:\/\/guineediversite.com\/wp-content\/uploads\/2022\/01\/EUROPE.jpg\",\"contentUrl\":\"https:\/\/guineediversite.com\/wp-content\/uploads\/2022\/01\/EUROPE.jpg\",\"width\":1300,\"height\":974},{\"@type\":\"BreadcrumbList\",\"@id\":\"https:\/\/guineediversite.com\/index.php\/2022\/01\/27\/le-chef-de-la-diplomatie-europeenne-demande-le-retour-a-lordre-constitutionnel-au-burkina-faso\/#breadcrumb\",\"itemListElement\":[{\"@type\":\"ListItem\",\"position\":1,\"name\":\"Accueil\",\"item\":\"https:\/\/guineediversite.com\/\"},{\"@type\":\"ListItem\",\"position\":2,\"name\":\"Le chef de la diplomatie europ\u00e9enne demande le retour \u00e0 l&rsquo;ordre constitutionnel au Burkina Faso\"}]},{\"@type\":\"WebSite\",\"@id\":\"https:\/\/guineediversite.com\/#website\",\"url\":\"https:\/\/guineediversite.com\/\",\"name\":\"Guin\u00e9e Diversit\u00e9\",\"description\":\"L&#039;Info dans toute sa diversit\u00e9\",\"publisher\":{\"@id\":\"https:\/\/guineediversite.com\/#organization\"},\"potentialAction\":[{\"@type\":\"SearchAction\",\"target\":{\"@type\":\"EntryPoint\",\"urlTemplate\":\"https:\/\/guineediversite.com\/?s={search_term_string}\"},\"query-input\":{\"@type\":\"PropertyValueSpecification\",\"valueRequired\":true,\"valueName\":\"search_term_string\"}}],\"inLanguage\":\"fr-FR\"},{\"@type\":\"Organization\",\"@id\":\"https:\/\/guineediversite.com\/#organization\",\"name\":\"Guin\u00e9e Diversit\u00e9\",\"url\":\"https:\/\/guineediversite.com\/\",\"logo\":{\"@type\":\"ImageObject\",\"inLanguage\":\"fr-FR\",\"@id\":\"https:\/\/guineediversite.com\/#\/schema\/logo\/image\/\",\"url\":\"https:\/\/guineediversite.com\/wp-content\/uploads\/2017\/04\/cropped-1jojlxEOMkX9Wyqfhe43D6kjPOGqBBKmx3EwWJqZ0cMrFF54yM49.png\",\"contentUrl\":\"https:\/\/guineediversite.com\/wp-content\/uploads\/2017\/04\/cropped-1jojlxEOMkX9Wyqfhe43D6kjPOGqBBKmx3EwWJqZ0cMrFF54yM49.png\",\"width\":186,\"height\":112,\"caption\":\"Guin\u00e9e Diversit\u00e9\"},\"image\":{\"@id\":\"https:\/\/guineediversite.com\/#\/schema\/logo\/image\/\"},\"sameAs\":[\"https:\/\/www.facebook.com\/guineediversite\/\",\"https:\/\/x.com\/GuineeDiversite\",\"https:\/\/www.youtube.com\/channel\/UC8sUY16qelG5ge6_D5SB83g\"]},{\"@type\":\"Person\",\"@id\":\"https:\/\/guineediversite.com\/#\/schema\/person\/afa08fb34e7fc6e1feafc892612bc836\",\"name\":\"Guin\u00e9e Diversit\u00e9\",\"image\":{\"@type\":\"ImageObject\",\"inLanguage\":\"fr-FR\",\"@id\":\"https:\/\/guineediversite.com\/#\/schema\/person\/image\/\",\"url\":\"https:\/\/secure.gravatar.com\/avatar\/50d5eb5b390f8b65ac30ac6f898eb83a?s=96&d=mm&r=g\",\"contentUrl\":\"https:\/\/secure.gravatar.com\/avatar\/50d5eb5b390f8b65ac30ac6f898eb83a?s=96&d=mm&r=g\",\"caption\":\"Guin\u00e9e Diversit\u00e9\"},\"url\":\"https:\/\/guineediversite.com\/index.php\/author\/guineediversite\/\"}]}<\/script>\n<!-- \/ Yoast SEO plugin. -->","yoast_head_json":{"title":"Le chef de la diplomatie europ\u00e9enne demande le retour \u00e0 l'ordre constitutionnel au Burkina Faso | Guin\u00e9e Diversit\u00e9","robots":{"index":"index","follow":"follow","max-snippet":"max-snippet:-1","max-image-preview":"max-image-preview:large","max-video-preview":"max-video-preview:-1"},"canonical":"https:\/\/guineediversite.com\/index.php\/2022\/01\/27\/le-chef-de-la-diplomatie-europeenne-demande-le-retour-a-lordre-constitutionnel-au-burkina-faso\/","og_locale":"fr_FR","og_type":"article","og_title":"Le chef de la diplomatie europ\u00e9enne demande le retour \u00e0 l'ordre constitutionnel au Burkina Faso | Guin\u00e9e Diversit\u00e9","og_description":"Pas de session pl\u00e9ni\u00e8re finalement, mercredi 26\u00a0janvier, \u00e0 Bruxelles entre les ministres des Affaires \u00e9trang\u00e8res des pays du G5 Sahel et l&rsquo;Union europ\u00e9enne en raison du coup d&rsquo;\u00c9tat au Burkina Faso.\u00a0Mais les ministres pr\u00e9sents se sont entretenus avec le chef de la diplomatie europ\u00e9enne, Josep Borrell. Et\u00a0les conversations ont, bien s\u00fbr, tourn\u00e9 autour du Mali, [&hellip;]","og_url":"https:\/\/guineediversite.com\/index.php\/2022\/01\/27\/le-chef-de-la-diplomatie-europeenne-demande-le-retour-a-lordre-constitutionnel-au-burkina-faso\/","og_site_name":"Guin\u00e9e Diversit\u00e9","article_publisher":"https:\/\/www.facebook.com\/guineediversite\/","article_published_time":"2022-01-27T08:52:17+00:00","og_image":[{"width":1300,"height":974,"url":"https:\/\/guineediversite.com\/wp-content\/uploads\/2022\/01\/EUROPE.jpg","type":"image\/jpeg"}],"author":"Guin\u00e9e Diversit\u00e9","twitter_card":"summary_large_image","twitter_creator":"@GuineeDiversite","twitter_site":"@GuineeDiversite","twitter_misc":{"\u00c9crit par":"Guin\u00e9e Diversit\u00e9","Dur\u00e9e de lecture estim\u00e9e":"2 minutes"},"schema":{"@context":"https:\/\/schema.org","@graph":[{"@type":"Article","@id":"https:\/\/guineediversite.com\/index.php\/2022\/01\/27\/le-chef-de-la-diplomatie-europeenne-demande-le-retour-a-lordre-constitutionnel-au-burkina-faso\/#article","isPartOf":{"@id":"https:\/\/guineediversite.com\/index.php\/2022\/01\/27\/le-chef-de-la-diplomatie-europeenne-demande-le-retour-a-lordre-constitutionnel-au-burkina-faso\/"},"author":{"name":"Guin\u00e9e Diversit\u00e9","@id":"https:\/\/guineediversite.com\/#\/schema\/person\/afa08fb34e7fc6e1feafc892612bc836"},"headline":"Le chef de la diplomatie europ\u00e9enne demande le retour \u00e0 l&rsquo;ordre constitutionnel au Burkina Faso","datePublished":"2022-01-27T08:52:17+00:00","dateModified":"2022-01-27T08:52:17+00:00","mainEntityOfPage":{"@id":"https:\/\/guineediversite.com\/index.php\/2022\/01\/27\/le-chef-de-la-diplomatie-europeenne-demande-le-retour-a-lordre-constitutionnel-au-burkina-faso\/"},"wordCount":399,"publisher":{"@id":"https:\/\/guineediversite.com\/#organization"},"image":{"@id":"https:\/\/guineediversite.com\/index.php\/2022\/01\/27\/le-chef-de-la-diplomatie-europeenne-demande-le-retour-a-lordre-constitutionnel-au-burkina-faso\/#primaryimage"},"thumbnailUrl":"https:\/\/guineediversite.com\/wp-content\/uploads\/2022\/01\/EUROPE.jpg","articleSection":["International"],"inLanguage":"fr-FR"},{"@type":"WebPage","@id":"https:\/\/guineediversite.com\/index.php\/2022\/01\/27\/le-chef-de-la-diplomatie-europeenne-demande-le-retour-a-lordre-constitutionnel-au-burkina-faso\/","url":"https:\/\/guineediversite.com\/index.php\/2022\/01\/27\/le-chef-de-la-diplomatie-europeenne-demande-le-retour-a-lordre-constitutionnel-au-burkina-faso\/","name":"Le chef de la diplomatie europ\u00e9enne demande le retour \u00e0 l'ordre constitutionnel au Burkina Faso | Guin\u00e9e Diversit\u00e9","isPartOf":{"@id":"https:\/\/guineediversite.com\/#website"},"primaryImageOfPage":{"@id":"https:\/\/guineediversite.com\/index.php\/2022\/01\/27\/le-chef-de-la-diplomatie-europeenne-demande-le-retour-a-lordre-constitutionnel-au-burkina-faso\/#primaryimage"},"image":{"@id":"https:\/\/guineediversite.com\/index.php\/2022\/01\/27\/le-chef-de-la-diplomatie-europeenne-demande-le-retour-a-lordre-constitutionnel-au-burkina-faso\/#primaryimage"},"thumbnailUrl":"https:\/\/guineediversite.com\/wp-content\/uploads\/2022\/01\/EUROPE.jpg","datePublished":"2022-01-27T08:52:17+00:00","dateModified":"2022-01-27T08:52:17+00:00","breadcrumb":{"@id":"https:\/\/guineediversite.com\/index.php\/2022\/01\/27\/le-chef-de-la-diplomatie-europeenne-demande-le-retour-a-lordre-constitutionnel-au-burkina-faso\/#breadcrumb"},"inLanguage":"fr-FR","potentialAction":[{"@type":"ReadAction","target":["https:\/\/guineediversite.com\/index.php\/2022\/01\/27\/le-chef-de-la-diplomatie-europeenne-demande-le-retour-a-lordre-constitutionnel-au-burkina-faso\/"]}]},{"@type":"ImageObject","inLanguage":"fr-FR","@id":"https:\/\/guineediversite.com\/index.php\/2022\/01\/27\/le-chef-de-la-diplomatie-europeenne-demande-le-retour-a-lordre-constitutionnel-au-burkina-faso\/#primaryimage","url":"https:\/\/guineediversite.com\/wp-content\/uploads\/2022\/01\/EUROPE.jpg","contentUrl":"https:\/\/guineediversite.com\/wp-content\/uploads\/2022\/01\/EUROPE.jpg","width":1300,"height":974},{"@type":"BreadcrumbList","@id":"https:\/\/guineediversite.com\/index.php\/2022\/01\/27\/le-chef-de-la-diplomatie-europeenne-demande-le-retour-a-lordre-constitutionnel-au-burkina-faso\/#breadcrumb","itemListElement":[{"@type":"ListItem","position":1,"name":"Accueil","item":"https:\/\/guineediversite.com\/"},{"@type":"ListItem","position":2,"name":"Le chef de la diplomatie europ\u00e9enne demande le retour \u00e0 l&rsquo;ordre constitutionnel au Burkina Faso"}]},{"@type":"WebSite","@id":"https:\/\/guineediversite.com\/#website","url":"https:\/\/guineediversite.com\/","name":"Guin\u00e9e Diversit\u00e9","description":"L&#039;Info dans toute sa diversit\u00e9","publisher":{"@id":"https:\/\/guineediversite.com\/#organization"},"potentialAction":[{"@type":"SearchAction","target":{"@type":"EntryPoint","urlTemplate":"https:\/\/guineediversite.com\/?s={search_term_string}"},"query-input":{"@type":"PropertyValueSpecification","valueRequired":true,"valueName":"search_term_string"}}],"inLanguage":"fr-FR"},{"@type":"Organization","@id":"https:\/\/guineediversite.com\/#organization","name":"Guin\u00e9e Diversit\u00e9","url":"https:\/\/guineediversite.com\/","logo":{"@type":"ImageObject","inLanguage":"fr-FR","@id":"https:\/\/guineediversite.com\/#\/schema\/logo\/image\/","url":"https:\/\/guineediversite.com\/wp-content\/uploads\/2017\/04\/cropped-1jojlxEOMkX9Wyqfhe43D6kjPOGqBBKmx3EwWJqZ0cMrFF54yM49.png","contentUrl":"https:\/\/guineediversite.com\/wp-content\/uploads\/2017\/04\/cropped-1jojlxEOMkX9Wyqfhe43D6kjPOGqBBKmx3EwWJqZ0cMrFF54yM49.png","width":186,"height":112,"caption":"Guin\u00e9e Diversit\u00e9"},"image":{"@id":"https:\/\/guineediversite.com\/#\/schema\/logo\/image\/"},"sameAs":["https:\/\/www.facebook.com\/guineediversite\/","https:\/\/x.com\/GuineeDiversite","https:\/\/www.youtube.com\/channel\/UC8sUY16qelG5ge6_D5SB83g"]},{"@type":"Person","@id":"https:\/\/guineediversite.com\/#\/schema\/person\/afa08fb34e7fc6e1feafc892612bc836","name":"Guin\u00e9e Diversit\u00e9","image":{"@type":"ImageObject","inLanguage":"fr-FR","@id":"https:\/\/guineediversite.com\/#\/schema\/person\/image\/","url":"https:\/\/secure.gravatar.com\/avatar\/50d5eb5b390f8b65ac30ac6f898eb83a?s=96&d=mm&r=g","contentUrl":"https:\/\/secure.gravatar.com\/avatar\/50d5eb5b390f8b65ac30ac6f898eb83a?s=96&d=mm&r=g","caption":"Guin\u00e9e Diversit\u00e9"},"url":"https:\/\/guineediversite.com\/index.php\/author\/guineediversite\/"}]}},"_links":{"self":[{"href":"https:\/\/guineediversite.com\/index.php\/wp-json\/wp\/v2\/posts\/32399"}],"collection":[{"href":"https:\/\/guineediversite.com\/index.php\/wp-json\/wp\/v2\/posts"}],"about":[{"href":"https:\/\/guineediversite.com\/index.php\/wp-json\/wp\/v2\/types\/post"}],"author":[{"embeddable":true,"href":"https:\/\/guineediversite.com\/index.php\/wp-json\/wp\/v2\/users\/12"}],"replies":[{"embeddable":true,"href":"https:\/\/guineediversite.com\/index.php\/wp-json\/wp\/v2\/comments?post=32399"}],"version-history":[{"count":1,"href":"https:\/\/guineediversite.com\/index.php\/wp-json\/wp\/v2\/posts\/32399\/revisions"}],"predecessor-version":[{"id":32401,"href":"https:\/\/guineediversite.com\/index.php\/wp-json\/wp\/v2\/posts\/32399\/revisions\/32401"}],"wp:featuredmedia":[{"embeddable":true,"href":"https:\/\/guineediversite.com\/index.php\/wp-json\/wp\/v2\/media\/32400"}],"wp:attachment":[{"href":"https:\/\/guineediversite.com\/index.php\/wp-json\/wp\/v2\/media?parent=32399"}],"wp:term":[{"taxonomy":"category","embeddable":true,"href":"https:\/\/guineediversite.com\/index.php\/wp-json\/wp\/v2\/categories?post=32399"},{"taxonomy":"post_tag","embeddable":true,"href":"https:\/\/guineediversite.com\/index.php\/wp-json\/wp\/v2\/tags?post=32399"}],"curies":[{"name":"wp","href":"https:\/\/api.w.org\/{rel}","templated":true}]}}