{"id":32392,"date":"2022-01-25T12:34:08","date_gmt":"2022-01-25T11:34:08","guid":{"rendered":"https:\/\/guineediversite.com\/?p=32392"},"modified":"2022-01-25T12:34:08","modified_gmt":"2022-01-25T11:34:08","slug":"lanad-hausse-le-ton-par-rapport-a-la-repartition-des-sieges-au-cnt","status":"publish","type":"post","link":"https:\/\/guineediversite.com\/index.php\/2022\/01\/25\/lanad-hausse-le-ton-par-rapport-a-la-repartition-des-sieges-au-cnt\/","title":{"rendered":"L\u2019ANAD hausse le ton par rapport \u00e0 la r\u00e9partition des si\u00e8ges au CNT"},"content":{"rendered":"<p>Apr\u00e8s la nomination des cadres au Conseil National de la Transition, L\u2019ANAD n\u2019a pas tard\u00e9 \u00e0 se faire entendre sur cette r\u00e9partition faite par les autorit\u00e9s de la transition. Ils l\u2019ont fait savoir \u00e0 travers une d\u00e9claration rendue publique ce lundi 24 janvier 2022. Une r\u00e9partition qualifi\u00e9e par le pr\u00e9sident de la coalition de discriminatoire.<\/p>\n<p><strong>Voici le contenu de ladite d\u00e9claration\u00a0: <\/strong><\/p>\n<p>\u00a0\u00bb\u00a0L\u2019Anad a tenu ce lundi 24 janvier 2022 une r\u00e9union extraordinaire, suite \u00e0 la publication de la liste des membres du Conseil National de la Transition et de la nomination du pr\u00e9sident de cette importante institution.<br \/>\nL\u2019Anad a not\u00e9 avec un profond \u00e9tonnement qu\u2019un seul si\u00e8ge a \u00e9t\u00e9 accord\u00e9 aux partis de sa coalition apr\u00e8s les arbitrages effectu\u00e9s par les autorit\u00e9s.<br \/>\nIl faut rappeler que dans l\u2019exercice de proc\u00e9der \u00e0 une r\u00e9partition juste et \u00e9quitable des 15 si\u00e8ges attribu\u00e9s aux partis politiques, les coalitions des partis avaient conc\u00e9d\u00e9 4 si\u00e8ges \u00e0 l\u2019Anad compte tenu du nombre de partis<br \/>\nqui la composent, 24 au total, et surtout de son poids \u00e9lectoral. C\u2019est bien cette r\u00e9partition, largement consensuelle, qui a \u00e9t\u00e9 d\u00e9pos\u00e9e au MATD le 25 novembre 2021. L\u2019Anad s\u2019interroge sur les motifs qui ont pr\u00e9sid\u00e9 \u00e0 la r\u00e9duction \u00e0 1 seul si\u00e8ge de son quota de 4 si\u00e8ges qui lui avait \u00e9t\u00e9 consensuellement attribu\u00e9s par les coalitions. Surtout que le nombre de<br \/>\nsi\u00e8ges attribu\u00e9s aux autres coalitions est rest\u00e9 pratiquement inchang\u00e9.<br \/>\nL\u2019Anad s\u2019indigne de cette flagrante injustice dont elle a \u00e9t\u00e9 ainsi victime de<br \/>\nla part des autorit\u00e9s. Elle se demande si des mains noires n\u2019\u00e9taient pas derri\u00e8re ce traitement discriminatoire.<br \/>\nL\u2019ANAD rappelle l\u2019imp\u00e9rieuse n\u00e9cessit\u00e9 pour le CNRD de veiller \u00e0 l\u2019\u00e9quit\u00e9 des actes que posent le gouvernement et les autres institutions de la<br \/>\ntransition et l\u2019importance pour tous de tenir la balance \u00e9gale entre les acteurs politiques dans l\u2019exercice de leurs responsabilit\u00e9s respectives.<br \/>\nL\u2019Anad demande \u00e0 tous les militants des partis membres et mouvements et \u00e0 tous les d\u00e9mocrates guin\u00e9ens de rester vigilants et mobilis\u00e9s pour d\u00e9noncer, le cas \u00e9ch\u00e9ant, tout acte susceptible de porter pr\u00e9judice au<br \/>\ncaract\u00e8re paisible inclusif et juste de la transition\u00a0\u00bb.<\/p>\n","protected":false},"excerpt":{"rendered":"<p>Apr\u00e8s la nomination des cadres au Conseil National de la Transition, L\u2019ANAD n\u2019a pas tard\u00e9 \u00e0 se faire entendre sur cette r\u00e9partition faite par les autorit\u00e9s de la transition. Ils l\u2019ont fait savoir \u00e0 travers une d\u00e9claration rendue publique ce lundi 24 janvier 2022. Une r\u00e9partition qualifi\u00e9e par le pr\u00e9sident de la coalition de discriminatoire. [&hellip;]<\/p>\n","protected":false},"author":7,"featured_media":32393,"comment_status":"closed","ping_status":"open","sticky":false,"template":"","format":"standard","meta":{"_exactmetrics_skip_tracking":false,"_exactmetrics_sitenote_active":false,"_exactmetrics_sitenote_note":"","_exactmetrics_sitenote_category":0,"tdm_status":"","tdm_grid_status":"","footnotes":""},"categories":[14],"tags":[],"class_list":{"0":"post-32392","1":"post","2":"type-post","3":"status-publish","4":"format-standard","5":"has-post-thumbnail","7":"category-politique"},"yoast_head":"<!-- This site is optimized with the Yoast SEO plugin v24.2 - https:\/\/yoast.com\/wordpress\/plugins\/seo\/ -->\n<title>L\u2019ANAD hausse le ton par rapport \u00e0 la r\u00e9partition des si\u00e8ges au CNT | Guin\u00e9e Diversit\u00e9<\/title>\n<meta name=\"robots\" content=\"index, follow, max-snippet:-1, max-image-preview:large, max-video-preview:-1\" \/>\n<link rel=\"canonical\" href=\"https:\/\/guineediversite.com\/index.php\/2022\/01\/25\/lanad-hausse-le-ton-par-rapport-a-la-repartition-des-sieges-au-cnt\/\" \/>\n<meta property=\"og:locale\" content=\"fr_FR\" \/>\n<meta property=\"og:type\" content=\"article\" \/>\n<meta property=\"og:title\" content=\"L\u2019ANAD hausse le ton par rapport \u00e0 la r\u00e9partition des si\u00e8ges au CNT | Guin\u00e9e Diversit\u00e9\" \/>\n<meta property=\"og:description\" content=\"Apr\u00e8s la nomination des cadres au Conseil National de la Transition, L\u2019ANAD n\u2019a pas tard\u00e9 \u00e0 se faire entendre sur cette r\u00e9partition faite par les autorit\u00e9s de la transition. Ils l\u2019ont fait savoir \u00e0 travers une d\u00e9claration rendue publique ce lundi 24 janvier 2022. Une r\u00e9partition qualifi\u00e9e par le pr\u00e9sident de la coalition de discriminatoire. [&hellip;]\" \/>\n<meta property=\"og:url\" content=\"https:\/\/guineediversite.com\/index.php\/2022\/01\/25\/lanad-hausse-le-ton-par-rapport-a-la-repartition-des-sieges-au-cnt\/\" \/>\n<meta property=\"og:site_name\" content=\"Guin\u00e9e Diversit\u00e9\" \/>\n<meta property=\"article:publisher\" content=\"https:\/\/www.facebook.com\/guineediversite\/\" \/>\n<meta property=\"article:published_time\" content=\"2022-01-25T11:34:08+00:00\" \/>\n<meta property=\"og:image\" content=\"https:\/\/guineediversite.com\/wp-content\/uploads\/2022\/01\/20210907-CELLOU-DALEIN-UFDG-ANAD.jpeg\" \/>\n\t<meta property=\"og:image:width\" content=\"1300\" \/>\n\t<meta property=\"og:image:height\" content=\"633\" \/>\n\t<meta property=\"og:image:type\" content=\"image\/jpeg\" \/>\n<meta name=\"author\" content=\"Bilguissa Diallo\" \/>\n<meta name=\"twitter:card\" content=\"summary_large_image\" \/>\n<meta name=\"twitter:creator\" content=\"@GuineeDiversite\" \/>\n<meta name=\"twitter:site\" content=\"@GuineeDiversite\" \/>\n<meta name=\"twitter:label1\" content=\"\u00c9crit par\" \/>\n\t<meta name=\"twitter:data1\" content=\"Bilguissa Diallo\" \/>\n\t<meta name=\"twitter:label2\" content=\"Dur\u00e9e de lecture estim\u00e9e\" \/>\n\t<meta name=\"twitter:data2\" content=\"2 minutes\" \/>\n<script type=\"application\/ld+json\" class=\"yoast-schema-graph\">{\"@context\":\"https:\/\/schema.org\",\"@graph\":[{\"@type\":\"Article\",\"@id\":\"https:\/\/guineediversite.com\/index.php\/2022\/01\/25\/lanad-hausse-le-ton-par-rapport-a-la-repartition-des-sieges-au-cnt\/#article\",\"isPartOf\":{\"@id\":\"https:\/\/guineediversite.com\/index.php\/2022\/01\/25\/lanad-hausse-le-ton-par-rapport-a-la-repartition-des-sieges-au-cnt\/\"},\"author\":{\"name\":\"Bilguissa Diallo\",\"@id\":\"https:\/\/guineediversite.com\/#\/schema\/person\/0e0e3e424768a50d025ac2218ccca73f\"},\"headline\":\"L\u2019ANAD hausse le ton par rapport \u00e0 la r\u00e9partition des si\u00e8ges au CNT\",\"datePublished\":\"2022-01-25T11:34:08+00:00\",\"dateModified\":\"2022-01-25T11:34:08+00:00\",\"mainEntityOfPage\":{\"@id\":\"https:\/\/guineediversite.com\/index.php\/2022\/01\/25\/lanad-hausse-le-ton-par-rapport-a-la-repartition-des-sieges-au-cnt\/\"},\"wordCount\":402,\"publisher\":{\"@id\":\"https:\/\/guineediversite.com\/#organization\"},\"image\":{\"@id\":\"https:\/\/guineediversite.com\/index.php\/2022\/01\/25\/lanad-hausse-le-ton-par-rapport-a-la-repartition-des-sieges-au-cnt\/#primaryimage\"},\"thumbnailUrl\":\"https:\/\/guineediversite.com\/wp-content\/uploads\/2022\/01\/20210907-CELLOU-DALEIN-UFDG-ANAD.jpeg\",\"articleSection\":[\"Politique\"],\"inLanguage\":\"fr-FR\"},{\"@type\":\"WebPage\",\"@id\":\"https:\/\/guineediversite.com\/index.php\/2022\/01\/25\/lanad-hausse-le-ton-par-rapport-a-la-repartition-des-sieges-au-cnt\/\",\"url\":\"https:\/\/guineediversite.com\/index.php\/2022\/01\/25\/lanad-hausse-le-ton-par-rapport-a-la-repartition-des-sieges-au-cnt\/\",\"name\":\"L\u2019ANAD hausse le ton par rapport \u00e0 la r\u00e9partition des si\u00e8ges au CNT | Guin\u00e9e Diversit\u00e9\",\"isPartOf\":{\"@id\":\"https:\/\/guineediversite.com\/#website\"},\"primaryImageOfPage\":{\"@id\":\"https:\/\/guineediversite.com\/index.php\/2022\/01\/25\/lanad-hausse-le-ton-par-rapport-a-la-repartition-des-sieges-au-cnt\/#primaryimage\"},\"image\":{\"@id\":\"https:\/\/guineediversite.com\/index.php\/2022\/01\/25\/lanad-hausse-le-ton-par-rapport-a-la-repartition-des-sieges-au-cnt\/#primaryimage\"},\"thumbnailUrl\":\"https:\/\/guineediversite.com\/wp-content\/uploads\/2022\/01\/20210907-CELLOU-DALEIN-UFDG-ANAD.jpeg\",\"datePublished\":\"2022-01-25T11:34:08+00:00\",\"dateModified\":\"2022-01-25T11:34:08+00:00\",\"breadcrumb\":{\"@id\":\"https:\/\/guineediversite.com\/index.php\/2022\/01\/25\/lanad-hausse-le-ton-par-rapport-a-la-repartition-des-sieges-au-cnt\/#breadcrumb\"},\"inLanguage\":\"fr-FR\",\"potentialAction\":[{\"@type\":\"ReadAction\",\"target\":[\"https:\/\/guineediversite.com\/index.php\/2022\/01\/25\/lanad-hausse-le-ton-par-rapport-a-la-repartition-des-sieges-au-cnt\/\"]}]},{\"@type\":\"ImageObject\",\"inLanguage\":\"fr-FR\",\"@id\":\"https:\/\/guineediversite.com\/index.php\/2022\/01\/25\/lanad-hausse-le-ton-par-rapport-a-la-repartition-des-sieges-au-cnt\/#primaryimage\",\"url\":\"https:\/\/guineediversite.com\/wp-content\/uploads\/2022\/01\/20210907-CELLOU-DALEIN-UFDG-ANAD.jpeg\",\"contentUrl\":\"https:\/\/guineediversite.com\/wp-content\/uploads\/2022\/01\/20210907-CELLOU-DALEIN-UFDG-ANAD.jpeg\",\"width\":1300,\"height\":633},{\"@type\":\"BreadcrumbList\",\"@id\":\"https:\/\/guineediversite.com\/index.php\/2022\/01\/25\/lanad-hausse-le-ton-par-rapport-a-la-repartition-des-sieges-au-cnt\/#breadcrumb\",\"itemListElement\":[{\"@type\":\"ListItem\",\"position\":1,\"name\":\"Accueil\",\"item\":\"https:\/\/guineediversite.com\/\"},{\"@type\":\"ListItem\",\"position\":2,\"name\":\"L\u2019ANAD hausse le ton par rapport \u00e0 la r\u00e9partition des si\u00e8ges au CNT\"}]},{\"@type\":\"WebSite\",\"@id\":\"https:\/\/guineediversite.com\/#website\",\"url\":\"https:\/\/guineediversite.com\/\",\"name\":\"Guin\u00e9e Diversit\u00e9\",\"description\":\"L&#039;Info dans toute sa diversit\u00e9\",\"publisher\":{\"@id\":\"https:\/\/guineediversite.com\/#organization\"},\"potentialAction\":[{\"@type\":\"SearchAction\",\"target\":{\"@type\":\"EntryPoint\",\"urlTemplate\":\"https:\/\/guineediversite.com\/?s={search_term_string}\"},\"query-input\":{\"@type\":\"PropertyValueSpecification\",\"valueRequired\":true,\"valueName\":\"search_term_string\"}}],\"inLanguage\":\"fr-FR\"},{\"@type\":\"Organization\",\"@id\":\"https:\/\/guineediversite.com\/#organization\",\"name\":\"Guin\u00e9e Diversit\u00e9\",\"url\":\"https:\/\/guineediversite.com\/\",\"logo\":{\"@type\":\"ImageObject\",\"inLanguage\":\"fr-FR\",\"@id\":\"https:\/\/guineediversite.com\/#\/schema\/logo\/image\/\",\"url\":\"https:\/\/guineediversite.com\/wp-content\/uploads\/2017\/04\/cropped-1jojlxEOMkX9Wyqfhe43D6kjPOGqBBKmx3EwWJqZ0cMrFF54yM49.png\",\"contentUrl\":\"https:\/\/guineediversite.com\/wp-content\/uploads\/2017\/04\/cropped-1jojlxEOMkX9Wyqfhe43D6kjPOGqBBKmx3EwWJqZ0cMrFF54yM49.png\",\"width\":186,\"height\":112,\"caption\":\"Guin\u00e9e Diversit\u00e9\"},\"image\":{\"@id\":\"https:\/\/guineediversite.com\/#\/schema\/logo\/image\/\"},\"sameAs\":[\"https:\/\/www.facebook.com\/guineediversite\/\",\"https:\/\/x.com\/GuineeDiversite\",\"https:\/\/www.youtube.com\/channel\/UC8sUY16qelG5ge6_D5SB83g\"]},{\"@type\":\"Person\",\"@id\":\"https:\/\/guineediversite.com\/#\/schema\/person\/0e0e3e424768a50d025ac2218ccca73f\",\"name\":\"Bilguissa Diallo\",\"image\":{\"@type\":\"ImageObject\",\"inLanguage\":\"fr-FR\",\"@id\":\"https:\/\/guineediversite.com\/#\/schema\/person\/image\/\",\"url\":\"https:\/\/secure.gravatar.com\/avatar\/49bbbd2420ee34d62b1b191791f4b5df?s=96&d=mm&r=g\",\"contentUrl\":\"https:\/\/secure.gravatar.com\/avatar\/49bbbd2420ee34d62b1b191791f4b5df?s=96&d=mm&r=g\",\"caption\":\"Bilguissa Diallo\"},\"url\":\"https:\/\/guineediversite.com\/index.php\/author\/bilguissa\/\"}]}<\/script>\n<!-- \/ Yoast SEO plugin. -->","yoast_head_json":{"title":"L\u2019ANAD hausse le ton par rapport \u00e0 la r\u00e9partition des si\u00e8ges au CNT | Guin\u00e9e Diversit\u00e9","robots":{"index":"index","follow":"follow","max-snippet":"max-snippet:-1","max-image-preview":"max-image-preview:large","max-video-preview":"max-video-preview:-1"},"canonical":"https:\/\/guineediversite.com\/index.php\/2022\/01\/25\/lanad-hausse-le-ton-par-rapport-a-la-repartition-des-sieges-au-cnt\/","og_locale":"fr_FR","og_type":"article","og_title":"L\u2019ANAD hausse le ton par rapport \u00e0 la r\u00e9partition des si\u00e8ges au CNT | Guin\u00e9e Diversit\u00e9","og_description":"Apr\u00e8s la nomination des cadres au Conseil National de la Transition, L\u2019ANAD n\u2019a pas tard\u00e9 \u00e0 se faire entendre sur cette r\u00e9partition faite par les autorit\u00e9s de la transition. Ils l\u2019ont fait savoir \u00e0 travers une d\u00e9claration rendue publique ce lundi 24 janvier 2022. Une r\u00e9partition qualifi\u00e9e par le pr\u00e9sident de la coalition de discriminatoire. [&hellip;]","og_url":"https:\/\/guineediversite.com\/index.php\/2022\/01\/25\/lanad-hausse-le-ton-par-rapport-a-la-repartition-des-sieges-au-cnt\/","og_site_name":"Guin\u00e9e Diversit\u00e9","article_publisher":"https:\/\/www.facebook.com\/guineediversite\/","article_published_time":"2022-01-25T11:34:08+00:00","og_image":[{"width":1300,"height":633,"url":"https:\/\/guineediversite.com\/wp-content\/uploads\/2022\/01\/20210907-CELLOU-DALEIN-UFDG-ANAD.jpeg","type":"image\/jpeg"}],"author":"Bilguissa Diallo","twitter_card":"summary_large_image","twitter_creator":"@GuineeDiversite","twitter_site":"@GuineeDiversite","twitter_misc":{"\u00c9crit par":"Bilguissa Diallo","Dur\u00e9e de lecture estim\u00e9e":"2 minutes"},"schema":{"@context":"https:\/\/schema.org","@graph":[{"@type":"Article","@id":"https:\/\/guineediversite.com\/index.php\/2022\/01\/25\/lanad-hausse-le-ton-par-rapport-a-la-repartition-des-sieges-au-cnt\/#article","isPartOf":{"@id":"https:\/\/guineediversite.com\/index.php\/2022\/01\/25\/lanad-hausse-le-ton-par-rapport-a-la-repartition-des-sieges-au-cnt\/"},"author":{"name":"Bilguissa Diallo","@id":"https:\/\/guineediversite.com\/#\/schema\/person\/0e0e3e424768a50d025ac2218ccca73f"},"headline":"L\u2019ANAD hausse le ton par rapport \u00e0 la r\u00e9partition des si\u00e8ges au CNT","datePublished":"2022-01-25T11:34:08+00:00","dateModified":"2022-01-25T11:34:08+00:00","mainEntityOfPage":{"@id":"https:\/\/guineediversite.com\/index.php\/2022\/01\/25\/lanad-hausse-le-ton-par-rapport-a-la-repartition-des-sieges-au-cnt\/"},"wordCount":402,"publisher":{"@id":"https:\/\/guineediversite.com\/#organization"},"image":{"@id":"https:\/\/guineediversite.com\/index.php\/2022\/01\/25\/lanad-hausse-le-ton-par-rapport-a-la-repartition-des-sieges-au-cnt\/#primaryimage"},"thumbnailUrl":"https:\/\/guineediversite.com\/wp-content\/uploads\/2022\/01\/20210907-CELLOU-DALEIN-UFDG-ANAD.jpeg","articleSection":["Politique"],"inLanguage":"fr-FR"},{"@type":"WebPage","@id":"https:\/\/guineediversite.com\/index.php\/2022\/01\/25\/lanad-hausse-le-ton-par-rapport-a-la-repartition-des-sieges-au-cnt\/","url":"https:\/\/guineediversite.com\/index.php\/2022\/01\/25\/lanad-hausse-le-ton-par-rapport-a-la-repartition-des-sieges-au-cnt\/","name":"L\u2019ANAD hausse le ton par rapport \u00e0 la r\u00e9partition des si\u00e8ges au CNT | Guin\u00e9e Diversit\u00e9","isPartOf":{"@id":"https:\/\/guineediversite.com\/#website"},"primaryImageOfPage":{"@id":"https:\/\/guineediversite.com\/index.php\/2022\/01\/25\/lanad-hausse-le-ton-par-rapport-a-la-repartition-des-sieges-au-cnt\/#primaryimage"},"image":{"@id":"https:\/\/guineediversite.com\/index.php\/2022\/01\/25\/lanad-hausse-le-ton-par-rapport-a-la-repartition-des-sieges-au-cnt\/#primaryimage"},"thumbnailUrl":"https:\/\/guineediversite.com\/wp-content\/uploads\/2022\/01\/20210907-CELLOU-DALEIN-UFDG-ANAD.jpeg","datePublished":"2022-01-25T11:34:08+00:00","dateModified":"2022-01-25T11:34:08+00:00","breadcrumb":{"@id":"https:\/\/guineediversite.com\/index.php\/2022\/01\/25\/lanad-hausse-le-ton-par-rapport-a-la-repartition-des-sieges-au-cnt\/#breadcrumb"},"inLanguage":"fr-FR","potentialAction":[{"@type":"ReadAction","target":["https:\/\/guineediversite.com\/index.php\/2022\/01\/25\/lanad-hausse-le-ton-par-rapport-a-la-repartition-des-sieges-au-cnt\/"]}]},{"@type":"ImageObject","inLanguage":"fr-FR","@id":"https:\/\/guineediversite.com\/index.php\/2022\/01\/25\/lanad-hausse-le-ton-par-rapport-a-la-repartition-des-sieges-au-cnt\/#primaryimage","url":"https:\/\/guineediversite.com\/wp-content\/uploads\/2022\/01\/20210907-CELLOU-DALEIN-UFDG-ANAD.jpeg","contentUrl":"https:\/\/guineediversite.com\/wp-content\/uploads\/2022\/01\/20210907-CELLOU-DALEIN-UFDG-ANAD.jpeg","width":1300,"height":633},{"@type":"BreadcrumbList","@id":"https:\/\/guineediversite.com\/index.php\/2022\/01\/25\/lanad-hausse-le-ton-par-rapport-a-la-repartition-des-sieges-au-cnt\/#breadcrumb","itemListElement":[{"@type":"ListItem","position":1,"name":"Accueil","item":"https:\/\/guineediversite.com\/"},{"@type":"ListItem","position":2,"name":"L\u2019ANAD hausse le ton par rapport \u00e0 la r\u00e9partition des si\u00e8ges au CNT"}]},{"@type":"WebSite","@id":"https:\/\/guineediversite.com\/#website","url":"https:\/\/guineediversite.com\/","name":"Guin\u00e9e Diversit\u00e9","description":"L&#039;Info dans toute sa diversit\u00e9","publisher":{"@id":"https:\/\/guineediversite.com\/#organization"},"potentialAction":[{"@type":"SearchAction","target":{"@type":"EntryPoint","urlTemplate":"https:\/\/guineediversite.com\/?s={search_term_string}"},"query-input":{"@type":"PropertyValueSpecification","valueRequired":true,"valueName":"search_term_string"}}],"inLanguage":"fr-FR"},{"@type":"Organization","@id":"https:\/\/guineediversite.com\/#organization","name":"Guin\u00e9e Diversit\u00e9","url":"https:\/\/guineediversite.com\/","logo":{"@type":"ImageObject","inLanguage":"fr-FR","@id":"https:\/\/guineediversite.com\/#\/schema\/logo\/image\/","url":"https:\/\/guineediversite.com\/wp-content\/uploads\/2017\/04\/cropped-1jojlxEOMkX9Wyqfhe43D6kjPOGqBBKmx3EwWJqZ0cMrFF54yM49.png","contentUrl":"https:\/\/guineediversite.com\/wp-content\/uploads\/2017\/04\/cropped-1jojlxEOMkX9Wyqfhe43D6kjPOGqBBKmx3EwWJqZ0cMrFF54yM49.png","width":186,"height":112,"caption":"Guin\u00e9e Diversit\u00e9"},"image":{"@id":"https:\/\/guineediversite.com\/#\/schema\/logo\/image\/"},"sameAs":["https:\/\/www.facebook.com\/guineediversite\/","https:\/\/x.com\/GuineeDiversite","https:\/\/www.youtube.com\/channel\/UC8sUY16qelG5ge6_D5SB83g"]},{"@type":"Person","@id":"https:\/\/guineediversite.com\/#\/schema\/person\/0e0e3e424768a50d025ac2218ccca73f","name":"Bilguissa Diallo","image":{"@type":"ImageObject","inLanguage":"fr-FR","@id":"https:\/\/guineediversite.com\/#\/schema\/person\/image\/","url":"https:\/\/secure.gravatar.com\/avatar\/49bbbd2420ee34d62b1b191791f4b5df?s=96&d=mm&r=g","contentUrl":"https:\/\/secure.gravatar.com\/avatar\/49bbbd2420ee34d62b1b191791f4b5df?s=96&d=mm&r=g","caption":"Bilguissa Diallo"},"url":"https:\/\/guineediversite.com\/index.php\/author\/bilguissa\/"}]}},"_links":{"self":[{"href":"https:\/\/guineediversite.com\/index.php\/wp-json\/wp\/v2\/posts\/32392"}],"collection":[{"href":"https:\/\/guineediversite.com\/index.php\/wp-json\/wp\/v2\/posts"}],"about":[{"href":"https:\/\/guineediversite.com\/index.php\/wp-json\/wp\/v2\/types\/post"}],"author":[{"embeddable":true,"href":"https:\/\/guineediversite.com\/index.php\/wp-json\/wp\/v2\/users\/7"}],"replies":[{"embeddable":true,"href":"https:\/\/guineediversite.com\/index.php\/wp-json\/wp\/v2\/comments?post=32392"}],"version-history":[{"count":2,"href":"https:\/\/guineediversite.com\/index.php\/wp-json\/wp\/v2\/posts\/32392\/revisions"}],"predecessor-version":[{"id":32395,"href":"https:\/\/guineediversite.com\/index.php\/wp-json\/wp\/v2\/posts\/32392\/revisions\/32395"}],"wp:featuredmedia":[{"embeddable":true,"href":"https:\/\/guineediversite.com\/index.php\/wp-json\/wp\/v2\/media\/32393"}],"wp:attachment":[{"href":"https:\/\/guineediversite.com\/index.php\/wp-json\/wp\/v2\/media?parent=32392"}],"wp:term":[{"taxonomy":"category","embeddable":true,"href":"https:\/\/guineediversite.com\/index.php\/wp-json\/wp\/v2\/categories?post=32392"},{"taxonomy":"post_tag","embeddable":true,"href":"https:\/\/guineediversite.com\/index.php\/wp-json\/wp\/v2\/tags?post=32392"}],"curies":[{"name":"wp","href":"https:\/\/api.w.org\/{rel}","templated":true}]}}