{"id":32389,"date":"2022-01-25T12:08:39","date_gmt":"2022-01-25T11:08:39","guid":{"rendered":"https:\/\/guineediversite.com\/?p=32389"},"modified":"2022-01-25T12:08:39","modified_gmt":"2022-01-25T11:08:39","slug":"le-president-de-la-transition-destitue-des-cadres-pour-des-raisons-de-detournement","status":"publish","type":"post","link":"https:\/\/guineediversite.com\/index.php\/2022\/01\/25\/le-president-de-la-transition-destitue-des-cadres-pour-des-raisons-de-detournement\/","title":{"rendered":"Le pr\u00e9sident de la transition destitue des cadres pour des raisons de d\u00e9tournement"},"content":{"rendered":"<p>Le pr\u00e9sident de la transition le Colonel Mamadi Doumbouya a ce lundi 24 janvier 2022 destituer plusieurs hauts cadres de leurs fonctions pour des faits de d\u00e9tournement des fonds publics et usage de faux en \u00e9crire publique ou de d\u00e9tournement de derniers publics et complicit\u00e9. Il faut retenir que, ces cadres destitu\u00e9s sont poursuivis devant la Cour de R\u00e9pression des Infractions \u00c9conomiques et Financi\u00e8res. (CRIEF).<\/p>\n<p><strong>Voici la liste des cadres\u00a0: <\/strong><\/p>\n<p>1 M. S\u00e9kou Mohamed Sylla, Directeur g\u00e9n\u00e9ral de l\u2019agence Nationale de Lutte contre la Corruption et Promotion de la Bonne Gouvernance;<br \/>\n2 M. Moussa Diallo, Directeur g\u00e9n\u00e9ral de Fonds d\u2019Appui \u00e0 la Promotion du Gaz Butane ;<\/p>\n<p>3 M. Kaba Diakit\u00e9, Directeur g\u00e9n\u00e9ral de l\u2019Office National de la Promotion de l\u2019Artisanat ;<\/p>\n<p>4 M. Famoudou Kourouma, Administrateur g\u00e9n\u00e9ral de l\u2019Administration et Contr\u00f4le des Grands Projets ;<\/p>\n<p>5 M. Cheick Souar\u00e9, Directeur g\u00e9n\u00e9ral de l\u2019 Agence Guin\u00e9enne pour le Financement du Logement;<\/p>\n<p>6 M. Mamadi Kakoro : Directeur g\u00e9n\u00e9ral du Projet d\u2019Interconnexion Electrique;<\/p>\n<p>7 M. Abass Bangoura, Directeur g\u00e9n\u00e9ral du Bureau Guin\u00e9en du Droit d\u2019Auteur;<\/p>\n<p>8 M. Aboubacar Sidiki Dounoh : Directeur g\u00e9n\u00e9ral de Fonds National de l\u2019Urbanisme et de l\u2019Habitat;<\/p>\n<p>9 M. Aly Cond\u00e9, Directeur g\u00e9n\u00e9ral de l\u2019Agence Nationale de Promotion Rurale et du Conseil Agricole.<\/p>\n","protected":false},"excerpt":{"rendered":"<p>Le pr\u00e9sident de la transition le Colonel Mamadi Doumbouya a ce lundi 24 janvier 2022 destituer plusieurs hauts cadres de leurs fonctions pour des faits de d\u00e9tournement des fonds publics et usage de faux en \u00e9crire publique ou de d\u00e9tournement de derniers publics et complicit\u00e9. Il faut retenir que, ces cadres destitu\u00e9s sont poursuivis devant [&hellip;]<\/p>\n","protected":false},"author":12,"featured_media":32390,"comment_status":"closed","ping_status":"open","sticky":false,"template":"","format":"standard","meta":{"_exactmetrics_skip_tracking":false,"_exactmetrics_sitenote_active":false,"_exactmetrics_sitenote_note":"","_exactmetrics_sitenote_category":0,"tdm_status":"","tdm_grid_status":"","footnotes":""},"categories":[14],"tags":[],"class_list":{"0":"post-32389","1":"post","2":"type-post","3":"status-publish","4":"format-standard","5":"has-post-thumbnail","7":"category-politique"},"yoast_head":"<!-- This site is optimized with the Yoast SEO plugin v24.2 - https:\/\/yoast.com\/wordpress\/plugins\/seo\/ -->\n<title>Le pr\u00e9sident de la transition destitue des cadres pour des raisons de d\u00e9tournement | Guin\u00e9e Diversit\u00e9<\/title>\n<meta name=\"robots\" content=\"index, follow, max-snippet:-1, max-image-preview:large, max-video-preview:-1\" \/>\n<link rel=\"canonical\" href=\"https:\/\/guineediversite.com\/index.php\/2022\/01\/25\/le-president-de-la-transition-destitue-des-cadres-pour-des-raisons-de-detournement\/\" \/>\n<meta property=\"og:locale\" content=\"fr_FR\" \/>\n<meta property=\"og:type\" content=\"article\" \/>\n<meta property=\"og:title\" content=\"Le pr\u00e9sident de la transition destitue des cadres pour des raisons de d\u00e9tournement | Guin\u00e9e Diversit\u00e9\" \/>\n<meta property=\"og:description\" content=\"Le pr\u00e9sident de la transition le Colonel Mamadi Doumbouya a ce lundi 24 janvier 2022 destituer plusieurs hauts cadres de leurs fonctions pour des faits de d\u00e9tournement des fonds publics et usage de faux en \u00e9crire publique ou de d\u00e9tournement de derniers publics et complicit\u00e9. Il faut retenir que, ces cadres destitu\u00e9s sont poursuivis devant [&hellip;]\" \/>\n<meta property=\"og:url\" content=\"https:\/\/guineediversite.com\/index.php\/2022\/01\/25\/le-president-de-la-transition-destitue-des-cadres-pour-des-raisons-de-detournement\/\" \/>\n<meta property=\"og:site_name\" content=\"Guin\u00e9e Diversit\u00e9\" \/>\n<meta property=\"article:publisher\" content=\"https:\/\/www.facebook.com\/guineediversite\/\" \/>\n<meta property=\"article:published_time\" content=\"2022-01-25T11:08:39+00:00\" \/>\n<meta property=\"og:image\" content=\"https:\/\/guineediversite.com\/wp-content\/uploads\/2022\/01\/WhatsApp-Image-2021-12-23-at-17.32.51.jpeg\" \/>\n\t<meta property=\"og:image:width\" content=\"1300\" \/>\n\t<meta property=\"og:image:height\" content=\"1181\" \/>\n\t<meta property=\"og:image:type\" content=\"image\/jpeg\" \/>\n<meta name=\"author\" content=\"Guin\u00e9e Diversit\u00e9\" \/>\n<meta name=\"twitter:card\" content=\"summary_large_image\" \/>\n<meta name=\"twitter:creator\" content=\"@GuineeDiversite\" \/>\n<meta name=\"twitter:site\" content=\"@GuineeDiversite\" \/>\n<meta name=\"twitter:label1\" content=\"\u00c9crit par\" \/>\n\t<meta name=\"twitter:data1\" content=\"Guin\u00e9e Diversit\u00e9\" \/>\n\t<meta name=\"twitter:label2\" content=\"Dur\u00e9e de lecture estim\u00e9e\" \/>\n\t<meta name=\"twitter:data2\" content=\"1 minute\" \/>\n<script type=\"application\/ld+json\" class=\"yoast-schema-graph\">{\"@context\":\"https:\/\/schema.org\",\"@graph\":[{\"@type\":\"Article\",\"@id\":\"https:\/\/guineediversite.com\/index.php\/2022\/01\/25\/le-president-de-la-transition-destitue-des-cadres-pour-des-raisons-de-detournement\/#article\",\"isPartOf\":{\"@id\":\"https:\/\/guineediversite.com\/index.php\/2022\/01\/25\/le-president-de-la-transition-destitue-des-cadres-pour-des-raisons-de-detournement\/\"},\"author\":{\"name\":\"Guin\u00e9e Diversit\u00e9\",\"@id\":\"https:\/\/guineediversite.com\/#\/schema\/person\/afa08fb34e7fc6e1feafc892612bc836\"},\"headline\":\"Le pr\u00e9sident de la transition destitue des cadres pour des raisons de d\u00e9tournement\",\"datePublished\":\"2022-01-25T11:08:39+00:00\",\"dateModified\":\"2022-01-25T11:08:39+00:00\",\"mainEntityOfPage\":{\"@id\":\"https:\/\/guineediversite.com\/index.php\/2022\/01\/25\/le-president-de-la-transition-destitue-des-cadres-pour-des-raisons-de-detournement\/\"},\"wordCount\":242,\"publisher\":{\"@id\":\"https:\/\/guineediversite.com\/#organization\"},\"image\":{\"@id\":\"https:\/\/guineediversite.com\/index.php\/2022\/01\/25\/le-president-de-la-transition-destitue-des-cadres-pour-des-raisons-de-detournement\/#primaryimage\"},\"thumbnailUrl\":\"https:\/\/guineediversite.com\/wp-content\/uploads\/2022\/01\/WhatsApp-Image-2021-12-23-at-17.32.51.jpeg\",\"articleSection\":[\"Politique\"],\"inLanguage\":\"fr-FR\"},{\"@type\":\"WebPage\",\"@id\":\"https:\/\/guineediversite.com\/index.php\/2022\/01\/25\/le-president-de-la-transition-destitue-des-cadres-pour-des-raisons-de-detournement\/\",\"url\":\"https:\/\/guineediversite.com\/index.php\/2022\/01\/25\/le-president-de-la-transition-destitue-des-cadres-pour-des-raisons-de-detournement\/\",\"name\":\"Le pr\u00e9sident de la transition destitue des cadres pour des raisons de d\u00e9tournement | Guin\u00e9e Diversit\u00e9\",\"isPartOf\":{\"@id\":\"https:\/\/guineediversite.com\/#website\"},\"primaryImageOfPage\":{\"@id\":\"https:\/\/guineediversite.com\/index.php\/2022\/01\/25\/le-president-de-la-transition-destitue-des-cadres-pour-des-raisons-de-detournement\/#primaryimage\"},\"image\":{\"@id\":\"https:\/\/guineediversite.com\/index.php\/2022\/01\/25\/le-president-de-la-transition-destitue-des-cadres-pour-des-raisons-de-detournement\/#primaryimage\"},\"thumbnailUrl\":\"https:\/\/guineediversite.com\/wp-content\/uploads\/2022\/01\/WhatsApp-Image-2021-12-23-at-17.32.51.jpeg\",\"datePublished\":\"2022-01-25T11:08:39+00:00\",\"dateModified\":\"2022-01-25T11:08:39+00:00\",\"breadcrumb\":{\"@id\":\"https:\/\/guineediversite.com\/index.php\/2022\/01\/25\/le-president-de-la-transition-destitue-des-cadres-pour-des-raisons-de-detournement\/#breadcrumb\"},\"inLanguage\":\"fr-FR\",\"potentialAction\":[{\"@type\":\"ReadAction\",\"target\":[\"https:\/\/guineediversite.com\/index.php\/2022\/01\/25\/le-president-de-la-transition-destitue-des-cadres-pour-des-raisons-de-detournement\/\"]}]},{\"@type\":\"ImageObject\",\"inLanguage\":\"fr-FR\",\"@id\":\"https:\/\/guineediversite.com\/index.php\/2022\/01\/25\/le-president-de-la-transition-destitue-des-cadres-pour-des-raisons-de-detournement\/#primaryimage\",\"url\":\"https:\/\/guineediversite.com\/wp-content\/uploads\/2022\/01\/WhatsApp-Image-2021-12-23-at-17.32.51.jpeg\",\"contentUrl\":\"https:\/\/guineediversite.com\/wp-content\/uploads\/2022\/01\/WhatsApp-Image-2021-12-23-at-17.32.51.jpeg\",\"width\":1300,\"height\":1181},{\"@type\":\"BreadcrumbList\",\"@id\":\"https:\/\/guineediversite.com\/index.php\/2022\/01\/25\/le-president-de-la-transition-destitue-des-cadres-pour-des-raisons-de-detournement\/#breadcrumb\",\"itemListElement\":[{\"@type\":\"ListItem\",\"position\":1,\"name\":\"Accueil\",\"item\":\"https:\/\/guineediversite.com\/\"},{\"@type\":\"ListItem\",\"position\":2,\"name\":\"Le pr\u00e9sident de la transition destitue des cadres pour des raisons de d\u00e9tournement\"}]},{\"@type\":\"WebSite\",\"@id\":\"https:\/\/guineediversite.com\/#website\",\"url\":\"https:\/\/guineediversite.com\/\",\"name\":\"Guin\u00e9e Diversit\u00e9\",\"description\":\"L&#039;Info dans toute sa diversit\u00e9\",\"publisher\":{\"@id\":\"https:\/\/guineediversite.com\/#organization\"},\"potentialAction\":[{\"@type\":\"SearchAction\",\"target\":{\"@type\":\"EntryPoint\",\"urlTemplate\":\"https:\/\/guineediversite.com\/?s={search_term_string}\"},\"query-input\":{\"@type\":\"PropertyValueSpecification\",\"valueRequired\":true,\"valueName\":\"search_term_string\"}}],\"inLanguage\":\"fr-FR\"},{\"@type\":\"Organization\",\"@id\":\"https:\/\/guineediversite.com\/#organization\",\"name\":\"Guin\u00e9e Diversit\u00e9\",\"url\":\"https:\/\/guineediversite.com\/\",\"logo\":{\"@type\":\"ImageObject\",\"inLanguage\":\"fr-FR\",\"@id\":\"https:\/\/guineediversite.com\/#\/schema\/logo\/image\/\",\"url\":\"https:\/\/guineediversite.com\/wp-content\/uploads\/2017\/04\/cropped-1jojlxEOMkX9Wyqfhe43D6kjPOGqBBKmx3EwWJqZ0cMrFF54yM49.png\",\"contentUrl\":\"https:\/\/guineediversite.com\/wp-content\/uploads\/2017\/04\/cropped-1jojlxEOMkX9Wyqfhe43D6kjPOGqBBKmx3EwWJqZ0cMrFF54yM49.png\",\"width\":186,\"height\":112,\"caption\":\"Guin\u00e9e Diversit\u00e9\"},\"image\":{\"@id\":\"https:\/\/guineediversite.com\/#\/schema\/logo\/image\/\"},\"sameAs\":[\"https:\/\/www.facebook.com\/guineediversite\/\",\"https:\/\/x.com\/GuineeDiversite\",\"https:\/\/www.youtube.com\/channel\/UC8sUY16qelG5ge6_D5SB83g\"]},{\"@type\":\"Person\",\"@id\":\"https:\/\/guineediversite.com\/#\/schema\/person\/afa08fb34e7fc6e1feafc892612bc836\",\"name\":\"Guin\u00e9e Diversit\u00e9\",\"image\":{\"@type\":\"ImageObject\",\"inLanguage\":\"fr-FR\",\"@id\":\"https:\/\/guineediversite.com\/#\/schema\/person\/image\/\",\"url\":\"https:\/\/secure.gravatar.com\/avatar\/50d5eb5b390f8b65ac30ac6f898eb83a?s=96&d=mm&r=g\",\"contentUrl\":\"https:\/\/secure.gravatar.com\/avatar\/50d5eb5b390f8b65ac30ac6f898eb83a?s=96&d=mm&r=g\",\"caption\":\"Guin\u00e9e Diversit\u00e9\"},\"url\":\"https:\/\/guineediversite.com\/index.php\/author\/guineediversite\/\"}]}<\/script>\n<!-- \/ Yoast SEO plugin. -->","yoast_head_json":{"title":"Le pr\u00e9sident de la transition destitue des cadres pour des raisons de d\u00e9tournement | Guin\u00e9e Diversit\u00e9","robots":{"index":"index","follow":"follow","max-snippet":"max-snippet:-1","max-image-preview":"max-image-preview:large","max-video-preview":"max-video-preview:-1"},"canonical":"https:\/\/guineediversite.com\/index.php\/2022\/01\/25\/le-president-de-la-transition-destitue-des-cadres-pour-des-raisons-de-detournement\/","og_locale":"fr_FR","og_type":"article","og_title":"Le pr\u00e9sident de la transition destitue des cadres pour des raisons de d\u00e9tournement | Guin\u00e9e Diversit\u00e9","og_description":"Le pr\u00e9sident de la transition le Colonel Mamadi Doumbouya a ce lundi 24 janvier 2022 destituer plusieurs hauts cadres de leurs fonctions pour des faits de d\u00e9tournement des fonds publics et usage de faux en \u00e9crire publique ou de d\u00e9tournement de derniers publics et complicit\u00e9. Il faut retenir que, ces cadres destitu\u00e9s sont poursuivis devant [&hellip;]","og_url":"https:\/\/guineediversite.com\/index.php\/2022\/01\/25\/le-president-de-la-transition-destitue-des-cadres-pour-des-raisons-de-detournement\/","og_site_name":"Guin\u00e9e Diversit\u00e9","article_publisher":"https:\/\/www.facebook.com\/guineediversite\/","article_published_time":"2022-01-25T11:08:39+00:00","og_image":[{"width":1300,"height":1181,"url":"https:\/\/guineediversite.com\/wp-content\/uploads\/2022\/01\/WhatsApp-Image-2021-12-23-at-17.32.51.jpeg","type":"image\/jpeg"}],"author":"Guin\u00e9e Diversit\u00e9","twitter_card":"summary_large_image","twitter_creator":"@GuineeDiversite","twitter_site":"@GuineeDiversite","twitter_misc":{"\u00c9crit par":"Guin\u00e9e Diversit\u00e9","Dur\u00e9e de lecture estim\u00e9e":"1 minute"},"schema":{"@context":"https:\/\/schema.org","@graph":[{"@type":"Article","@id":"https:\/\/guineediversite.com\/index.php\/2022\/01\/25\/le-president-de-la-transition-destitue-des-cadres-pour-des-raisons-de-detournement\/#article","isPartOf":{"@id":"https:\/\/guineediversite.com\/index.php\/2022\/01\/25\/le-president-de-la-transition-destitue-des-cadres-pour-des-raisons-de-detournement\/"},"author":{"name":"Guin\u00e9e Diversit\u00e9","@id":"https:\/\/guineediversite.com\/#\/schema\/person\/afa08fb34e7fc6e1feafc892612bc836"},"headline":"Le pr\u00e9sident de la transition destitue des cadres pour des raisons de d\u00e9tournement","datePublished":"2022-01-25T11:08:39+00:00","dateModified":"2022-01-25T11:08:39+00:00","mainEntityOfPage":{"@id":"https:\/\/guineediversite.com\/index.php\/2022\/01\/25\/le-president-de-la-transition-destitue-des-cadres-pour-des-raisons-de-detournement\/"},"wordCount":242,"publisher":{"@id":"https:\/\/guineediversite.com\/#organization"},"image":{"@id":"https:\/\/guineediversite.com\/index.php\/2022\/01\/25\/le-president-de-la-transition-destitue-des-cadres-pour-des-raisons-de-detournement\/#primaryimage"},"thumbnailUrl":"https:\/\/guineediversite.com\/wp-content\/uploads\/2022\/01\/WhatsApp-Image-2021-12-23-at-17.32.51.jpeg","articleSection":["Politique"],"inLanguage":"fr-FR"},{"@type":"WebPage","@id":"https:\/\/guineediversite.com\/index.php\/2022\/01\/25\/le-president-de-la-transition-destitue-des-cadres-pour-des-raisons-de-detournement\/","url":"https:\/\/guineediversite.com\/index.php\/2022\/01\/25\/le-president-de-la-transition-destitue-des-cadres-pour-des-raisons-de-detournement\/","name":"Le pr\u00e9sident de la transition destitue des cadres pour des raisons de d\u00e9tournement | Guin\u00e9e Diversit\u00e9","isPartOf":{"@id":"https:\/\/guineediversite.com\/#website"},"primaryImageOfPage":{"@id":"https:\/\/guineediversite.com\/index.php\/2022\/01\/25\/le-president-de-la-transition-destitue-des-cadres-pour-des-raisons-de-detournement\/#primaryimage"},"image":{"@id":"https:\/\/guineediversite.com\/index.php\/2022\/01\/25\/le-president-de-la-transition-destitue-des-cadres-pour-des-raisons-de-detournement\/#primaryimage"},"thumbnailUrl":"https:\/\/guineediversite.com\/wp-content\/uploads\/2022\/01\/WhatsApp-Image-2021-12-23-at-17.32.51.jpeg","datePublished":"2022-01-25T11:08:39+00:00","dateModified":"2022-01-25T11:08:39+00:00","breadcrumb":{"@id":"https:\/\/guineediversite.com\/index.php\/2022\/01\/25\/le-president-de-la-transition-destitue-des-cadres-pour-des-raisons-de-detournement\/#breadcrumb"},"inLanguage":"fr-FR","potentialAction":[{"@type":"ReadAction","target":["https:\/\/guineediversite.com\/index.php\/2022\/01\/25\/le-president-de-la-transition-destitue-des-cadres-pour-des-raisons-de-detournement\/"]}]},{"@type":"ImageObject","inLanguage":"fr-FR","@id":"https:\/\/guineediversite.com\/index.php\/2022\/01\/25\/le-president-de-la-transition-destitue-des-cadres-pour-des-raisons-de-detournement\/#primaryimage","url":"https:\/\/guineediversite.com\/wp-content\/uploads\/2022\/01\/WhatsApp-Image-2021-12-23-at-17.32.51.jpeg","contentUrl":"https:\/\/guineediversite.com\/wp-content\/uploads\/2022\/01\/WhatsApp-Image-2021-12-23-at-17.32.51.jpeg","width":1300,"height":1181},{"@type":"BreadcrumbList","@id":"https:\/\/guineediversite.com\/index.php\/2022\/01\/25\/le-president-de-la-transition-destitue-des-cadres-pour-des-raisons-de-detournement\/#breadcrumb","itemListElement":[{"@type":"ListItem","position":1,"name":"Accueil","item":"https:\/\/guineediversite.com\/"},{"@type":"ListItem","position":2,"name":"Le pr\u00e9sident de la transition destitue des cadres pour des raisons de d\u00e9tournement"}]},{"@type":"WebSite","@id":"https:\/\/guineediversite.com\/#website","url":"https:\/\/guineediversite.com\/","name":"Guin\u00e9e Diversit\u00e9","description":"L&#039;Info dans toute sa diversit\u00e9","publisher":{"@id":"https:\/\/guineediversite.com\/#organization"},"potentialAction":[{"@type":"SearchAction","target":{"@type":"EntryPoint","urlTemplate":"https:\/\/guineediversite.com\/?s={search_term_string}"},"query-input":{"@type":"PropertyValueSpecification","valueRequired":true,"valueName":"search_term_string"}}],"inLanguage":"fr-FR"},{"@type":"Organization","@id":"https:\/\/guineediversite.com\/#organization","name":"Guin\u00e9e Diversit\u00e9","url":"https:\/\/guineediversite.com\/","logo":{"@type":"ImageObject","inLanguage":"fr-FR","@id":"https:\/\/guineediversite.com\/#\/schema\/logo\/image\/","url":"https:\/\/guineediversite.com\/wp-content\/uploads\/2017\/04\/cropped-1jojlxEOMkX9Wyqfhe43D6kjPOGqBBKmx3EwWJqZ0cMrFF54yM49.png","contentUrl":"https:\/\/guineediversite.com\/wp-content\/uploads\/2017\/04\/cropped-1jojlxEOMkX9Wyqfhe43D6kjPOGqBBKmx3EwWJqZ0cMrFF54yM49.png","width":186,"height":112,"caption":"Guin\u00e9e Diversit\u00e9"},"image":{"@id":"https:\/\/guineediversite.com\/#\/schema\/logo\/image\/"},"sameAs":["https:\/\/www.facebook.com\/guineediversite\/","https:\/\/x.com\/GuineeDiversite","https:\/\/www.youtube.com\/channel\/UC8sUY16qelG5ge6_D5SB83g"]},{"@type":"Person","@id":"https:\/\/guineediversite.com\/#\/schema\/person\/afa08fb34e7fc6e1feafc892612bc836","name":"Guin\u00e9e Diversit\u00e9","image":{"@type":"ImageObject","inLanguage":"fr-FR","@id":"https:\/\/guineediversite.com\/#\/schema\/person\/image\/","url":"https:\/\/secure.gravatar.com\/avatar\/50d5eb5b390f8b65ac30ac6f898eb83a?s=96&d=mm&r=g","contentUrl":"https:\/\/secure.gravatar.com\/avatar\/50d5eb5b390f8b65ac30ac6f898eb83a?s=96&d=mm&r=g","caption":"Guin\u00e9e Diversit\u00e9"},"url":"https:\/\/guineediversite.com\/index.php\/author\/guineediversite\/"}]}},"_links":{"self":[{"href":"https:\/\/guineediversite.com\/index.php\/wp-json\/wp\/v2\/posts\/32389"}],"collection":[{"href":"https:\/\/guineediversite.com\/index.php\/wp-json\/wp\/v2\/posts"}],"about":[{"href":"https:\/\/guineediversite.com\/index.php\/wp-json\/wp\/v2\/types\/post"}],"author":[{"embeddable":true,"href":"https:\/\/guineediversite.com\/index.php\/wp-json\/wp\/v2\/users\/12"}],"replies":[{"embeddable":true,"href":"https:\/\/guineediversite.com\/index.php\/wp-json\/wp\/v2\/comments?post=32389"}],"version-history":[{"count":1,"href":"https:\/\/guineediversite.com\/index.php\/wp-json\/wp\/v2\/posts\/32389\/revisions"}],"predecessor-version":[{"id":32391,"href":"https:\/\/guineediversite.com\/index.php\/wp-json\/wp\/v2\/posts\/32389\/revisions\/32391"}],"wp:featuredmedia":[{"embeddable":true,"href":"https:\/\/guineediversite.com\/index.php\/wp-json\/wp\/v2\/media\/32390"}],"wp:attachment":[{"href":"https:\/\/guineediversite.com\/index.php\/wp-json\/wp\/v2\/media?parent=32389"}],"wp:term":[{"taxonomy":"category","embeddable":true,"href":"https:\/\/guineediversite.com\/index.php\/wp-json\/wp\/v2\/categories?post=32389"},{"taxonomy":"post_tag","embeddable":true,"href":"https:\/\/guineediversite.com\/index.php\/wp-json\/wp\/v2\/tags?post=32389"}],"curies":[{"name":"wp","href":"https:\/\/api.w.org\/{rel}","templated":true}]}}