{"id":32384,"date":"2022-01-25T11:39:59","date_gmt":"2022-01-25T10:39:59","guid":{"rendered":"https:\/\/guineediversite.com\/?p=32384"},"modified":"2022-01-25T11:39:59","modified_gmt":"2022-01-25T10:39:59","slug":"au-liban-colere-et-consternation-apres-lannonce-du-retrait-de-la-vie-politique-de-saad-hariri","status":"publish","type":"post","link":"https:\/\/guineediversite.com\/index.php\/2022\/01\/25\/au-liban-colere-et-consternation-apres-lannonce-du-retrait-de-la-vie-politique-de-saad-hariri\/","title":{"rendered":"Au Liban, col\u00e8re et consternation apr\u00e8s l&rsquo;annonce du retrait de la vie politique de Saad Hariri"},"content":{"rendered":"<p>L\u2019ancien Premier ministre libanais Saad Hariri, l\u2019un des leaders de la communaut\u00e9 sunnite, a annonc\u00e9, lundi 24 janvier, son retrait de la vie politique. Son parti, le Courant du futur, boycottera les \u00e9lections l\u00e9gislatives pr\u00e9vues en mai prochain. Le retrait du quinquag\u00e9naire, propuls\u00e9 sur la sc\u00e8ne politique apr\u00e8s l\u2019assassinat en 2005 de son p\u00e8re, lui aussi ancien Premier ministre, Rafic Hariri, n\u2019est pas vraiment une surprise en pleine crise politique et financi\u00e8re.<\/p>\n<p>\u00c0 l\u2019annonce du retrait de la vie politique de Saad Hariri, ses soutiens, surpris et amers,\u00a0sont descendus par dizaines dans les rues de Beyrouth, bloquant les principaux axes des bastions sunnites de la capitale.<\/p>\n<p><strong>\u00ab\u00a0Sans lui, notre maison s\u2019\u00e9croule\u00a0\u00bb<\/strong><\/p>\n<p>Sur l\u2019un des barrages o\u00f9 br\u00fblent quelques pneus,\u00a0Samir a encore du mal \u00e0 y croire, rapporte <em>notre correspondant \u00e0 Beyrouth<\/em>, <strong>No\u00e9 Pign\u00e8de<\/strong>. \u00ab\u00a0<em>C\u2019est l\u2019un des piliers du Liban. Sans lui, notre maison s\u2019\u00e9croule. Tout le pays va s\u2019effondrer. Il est aussi important que la capitale de notre pays. Pour vous, c\u2019est Beyrouth la capitale du Liban, n\u2019est-ce pas ? Eh bien,\u00a0pour nous, c\u2019est Saad Hariri.\u00a0<\/em>\u00bb<\/p>\n<p>Le jeune homme craint qu\u2019avec le d\u00e9part de son chef, la communaut\u00e9 sunnite ne p\u00e8se plus bien lourd face \u00e0 l\u2019h\u00e9g\u00e9monie du Hezbollah chiite. \u00ab\u00a0<em>On va finir comme l\u2019Irak ou le Y\u00e9men, <\/em>l\u00e2che-t-il.\u00a0<em>La seule personne qui n\u2019a pas particip\u00e9 \u00e0 la guerre civile et qui pouvait en emp\u00eacher une nouvelle, c\u2019\u00e9tait Saad Hariri. Maintenant, tous les jeunes comme moi r\u00e9fl\u00e9chissent au meilleur moyen de partir avec lui. <\/em>\u00bb<\/p>\n<p><strong>\u00ab\u00a0Un pilier de\u00a0l\u2019ind\u00e9pendance et de la mod\u00e9ration\u00a0qui s&rsquo;en va \u00bb<\/strong><\/p>\n<p>Sur le barrage, Abu Aziz\u00a0r\u00e9chauffe ses mains pr\u00e8s du brasier. Le quinquag\u00e9naire ne cache pas sa col\u00e8re.\u00a0\u00ab\u00a0<em>Il doit vraiment d\u00e9tester sa famille et sa religion pour faire \u00e7a. C\u2019est un coup de poignard dans le dos,<\/em> s&#8217;emporte-t-il.\u00a0<em>On a \u00e9t\u00e9 trahis par l\u2019un des n\u00f4tres, m\u00eame pas par un \u00e9tranger !\u00a0<\/em>\u00bb<\/p>\n<p>Une chose est s\u00fbre pour ces militants.\u00a0Avec le retrait de Saad Hariri et le boycott des \u00e9lections l\u00e9gislatives de mai prochain par son parti, le Courant du futur, personne ici ne compte aller voter.<\/p>\n<p>Dans la classe politique traditionnelle, confusion et consternation sont les deux mots qui r\u00e9sument l\u2019\u00e9tat d\u2019esprit g\u00e9n\u00e9ral apr\u00e8s la d\u00e9cision de Saad Hariri de tirer sa r\u00e9v\u00e9rence, commente <em>notre correspondant \u00e0 Beyrouth<\/em>, <strong>Paul Khalifeh<\/strong>. Walid Joumblatt, qui a essay\u00e9 jusqu\u2019\u00e0 la derni\u00e8re minute de convaincre le leader sunnite de revenir sur sa d\u00e9cision, ne cache pas ses craintes. Pour le chef druze, le retrait de Saad Hariri \u00ab <em>va donner libre cours \u00e0 l\u2019Iran et au Hezbollah au Liban<\/em> \u00bb. Avec son d\u00e9part, le pays du c\u00e8dre \u00ab <em>perd un pilier de l\u2019ind\u00e9pendance et de la mod\u00e9ration<\/em> \u00bb, selon lui.<\/p>\n<p><strong>Une d\u00e9cision attendue<\/strong><\/p>\n<p>Musulman sunnite, Saad Hariri a \u00e9merg\u00e9 politiquement apr\u00e8s l&rsquo;assassinat de son p\u00e8re <a href=\"http:\/\/www1.rfi.fr\/actufr\/articles\/062\/article_34083.asp\"><strong>Rafic Hariri <\/strong><\/a>en 2005. Il a \u00e9t\u00e9 nomm\u00e9 chef du gouvernement \u00e0 trois reprises. En annon\u00e7ant son retrait, il a notamment d\u00e9nonc\u00e9 \u00ab<em>\u00a0l&rsquo;influence iranienne\u00a0<\/em>\u00bb au Liban et il a appel\u00e9 le Courant du futur, son parti politique \u00e0 ne pas participer aux \u00e9lections l\u00e9gislatives th\u00e9oriquement pr\u00e9vues en mai prochain. \u00ab<em>\u00a0C\u2019est une d\u00e9cision qui \u00e9tait quand m\u00eame attendue depuis trois, quatre\u00a0mois. Ce n\u2019est pas vraiment un coup de th\u00e9\u00e2tre,<\/em> souligne le\u00a0politologue libanais Joseph Bahout, qui explique que la sc\u00e8ne politique sunnite libanaise se retrouve un peu\u00a0\u00ab\u00a0<em>orpheline<\/em>\u00a0\u00bb. Le politologue explique cette d\u00e9cision<em>\u00a0<\/em>par\u00ab\u00a0<em>un\u00a0\u00e9cheveau de choses <\/em>\u00bb<em>. <\/em>\u00ab\u00a0<em>C\u2019est d\u2019abord le grand abandon saoudien de ceux qui \u00e9taient, jusqu\u2019\u00e0 ce qu\u2019il y a quelques ann\u00e9es, les prot\u00e9g\u00e9s ou les clients de l\u2019Arabie saoudite au Liban. Cela a commenc\u00e9 avec ce fameux \u00e9pisode de la s\u00e9questration de Saad Hariri \u00e0 Riyad il y a quelques ann\u00e9es [novembre 2017, ndlr], par MBS [prince h\u00e9ritier Mohammed Ben Salman, ndlr], puis sa relaxe sous la pression du pr\u00e9sident fran\u00e7ais. Puis, le fait que l\u2019Arabie saoudite a tourn\u00e9 le dos au Liban qu\u2019elle consid\u00e8re comme une sorte de proie aujourd\u2019hui entre les crocs du Hezbollah. Et Saad Hariri, lui-m\u00eame citoyen saoudien, se retrouve en fait l\u00e2ch\u00e9 par son protecteur premier et dernier dans la r\u00e9gion. <\/em>\u00bb<\/p>\n<p>Tammam Salam, ancien Premier ministre et poids-lourd de la communaut\u00e9 sunnite, avait anticip\u00e9 la d\u00e9cision de son alli\u00e9 et annonc\u00e9 qu\u2019il ne se porterait pas candidat aux prochaines \u00e9lections. Selon lui, le d\u00e9part de Saad Hariri refl\u00e8te le \u00ab <em>profond d\u00e9s\u00e9quilibre dans la politique nationale, qui menace l\u2019unit\u00e9 du pays et de ses habitants<\/em>\u00a0\u00bb.<\/p>\n<p>Saad Hariri, lui, a d\u00e9j\u00e0 tourn\u00e9 la page. Quelques heures apr\u00e8s son annonce, il a quitt\u00e9 Beyrouth pour Abou Dhabi o\u00f9 il r\u00e9side depuis plusieurs mois.<\/p>\n<p>RFI<\/p>\n","protected":false},"excerpt":{"rendered":"<p>L\u2019ancien Premier ministre libanais Saad Hariri, l\u2019un des leaders de la communaut\u00e9 sunnite, a annonc\u00e9, lundi 24 janvier, son retrait de la vie politique. Son parti, le Courant du futur, boycottera les \u00e9lections l\u00e9gislatives pr\u00e9vues en mai prochain. Le retrait du quinquag\u00e9naire, propuls\u00e9 sur la sc\u00e8ne politique apr\u00e8s l\u2019assassinat en 2005 de son p\u00e8re, lui [&hellip;]<\/p>\n","protected":false},"author":12,"featured_media":32385,"comment_status":"closed","ping_status":"open","sticky":false,"template":"","format":"standard","meta":{"_exactmetrics_skip_tracking":false,"_exactmetrics_sitenote_active":false,"_exactmetrics_sitenote_note":"","_exactmetrics_sitenote_category":0,"tdm_status":"","tdm_grid_status":"","footnotes":""},"categories":[21],"tags":[],"class_list":{"0":"post-32384","1":"post","2":"type-post","3":"status-publish","4":"format-standard","5":"has-post-thumbnail","7":"category-international"},"yoast_head":"<!-- This site is optimized with the Yoast SEO plugin v24.2 - https:\/\/yoast.com\/wordpress\/plugins\/seo\/ -->\n<title>Au Liban, col\u00e8re et consternation apr\u00e8s l&#039;annonce du retrait de la vie politique de Saad Hariri | Guin\u00e9e Diversit\u00e9<\/title>\n<meta name=\"robots\" content=\"index, follow, max-snippet:-1, max-image-preview:large, max-video-preview:-1\" \/>\n<link rel=\"canonical\" href=\"https:\/\/guineediversite.com\/index.php\/2022\/01\/25\/au-liban-colere-et-consternation-apres-lannonce-du-retrait-de-la-vie-politique-de-saad-hariri\/\" \/>\n<meta property=\"og:locale\" content=\"fr_FR\" \/>\n<meta property=\"og:type\" content=\"article\" \/>\n<meta property=\"og:title\" content=\"Au Liban, col\u00e8re et consternation apr\u00e8s l&#039;annonce du retrait de la vie politique de Saad Hariri | Guin\u00e9e Diversit\u00e9\" \/>\n<meta property=\"og:description\" content=\"L\u2019ancien Premier ministre libanais Saad Hariri, l\u2019un des leaders de la communaut\u00e9 sunnite, a annonc\u00e9, lundi 24 janvier, son retrait de la vie politique. Son parti, le Courant du futur, boycottera les \u00e9lections l\u00e9gislatives pr\u00e9vues en mai prochain. Le retrait du quinquag\u00e9naire, propuls\u00e9 sur la sc\u00e8ne politique apr\u00e8s l\u2019assassinat en 2005 de son p\u00e8re, lui [&hellip;]\" \/>\n<meta property=\"og:url\" content=\"https:\/\/guineediversite.com\/index.php\/2022\/01\/25\/au-liban-colere-et-consternation-apres-lannonce-du-retrait-de-la-vie-politique-de-saad-hariri\/\" \/>\n<meta property=\"og:site_name\" content=\"Guin\u00e9e Diversit\u00e9\" \/>\n<meta property=\"article:publisher\" content=\"https:\/\/www.facebook.com\/guineediversite\/\" \/>\n<meta property=\"article:published_time\" content=\"2022-01-25T10:39:59+00:00\" \/>\n<meta property=\"og:image\" content=\"https:\/\/guineediversite.com\/wp-content\/uploads\/2022\/01\/telechargement-9.jpg\" \/>\n\t<meta property=\"og:image:width\" content=\"1300\" \/>\n\t<meta property=\"og:image:height\" content=\"1300\" \/>\n\t<meta property=\"og:image:type\" content=\"image\/jpeg\" \/>\n<meta name=\"author\" content=\"Guin\u00e9e Diversit\u00e9\" \/>\n<meta name=\"twitter:card\" content=\"summary_large_image\" \/>\n<meta name=\"twitter:creator\" content=\"@GuineeDiversite\" \/>\n<meta name=\"twitter:site\" content=\"@GuineeDiversite\" \/>\n<meta name=\"twitter:label1\" content=\"\u00c9crit par\" \/>\n\t<meta name=\"twitter:data1\" content=\"Guin\u00e9e Diversit\u00e9\" \/>\n\t<meta name=\"twitter:label2\" content=\"Dur\u00e9e de lecture estim\u00e9e\" \/>\n\t<meta name=\"twitter:data2\" content=\"4 minutes\" \/>\n<script type=\"application\/ld+json\" class=\"yoast-schema-graph\">{\"@context\":\"https:\/\/schema.org\",\"@graph\":[{\"@type\":\"Article\",\"@id\":\"https:\/\/guineediversite.com\/index.php\/2022\/01\/25\/au-liban-colere-et-consternation-apres-lannonce-du-retrait-de-la-vie-politique-de-saad-hariri\/#article\",\"isPartOf\":{\"@id\":\"https:\/\/guineediversite.com\/index.php\/2022\/01\/25\/au-liban-colere-et-consternation-apres-lannonce-du-retrait-de-la-vie-politique-de-saad-hariri\/\"},\"author\":{\"name\":\"Guin\u00e9e Diversit\u00e9\",\"@id\":\"https:\/\/guineediversite.com\/#\/schema\/person\/afa08fb34e7fc6e1feafc892612bc836\"},\"headline\":\"Au Liban, col\u00e8re et consternation apr\u00e8s l&rsquo;annonce du retrait de la vie politique de Saad Hariri\",\"datePublished\":\"2022-01-25T10:39:59+00:00\",\"dateModified\":\"2022-01-25T10:39:59+00:00\",\"mainEntityOfPage\":{\"@id\":\"https:\/\/guineediversite.com\/index.php\/2022\/01\/25\/au-liban-colere-et-consternation-apres-lannonce-du-retrait-de-la-vie-politique-de-saad-hariri\/\"},\"wordCount\":866,\"publisher\":{\"@id\":\"https:\/\/guineediversite.com\/#organization\"},\"image\":{\"@id\":\"https:\/\/guineediversite.com\/index.php\/2022\/01\/25\/au-liban-colere-et-consternation-apres-lannonce-du-retrait-de-la-vie-politique-de-saad-hariri\/#primaryimage\"},\"thumbnailUrl\":\"https:\/\/guineediversite.com\/wp-content\/uploads\/2022\/01\/telechargement-9.jpg\",\"articleSection\":[\"International\"],\"inLanguage\":\"fr-FR\"},{\"@type\":\"WebPage\",\"@id\":\"https:\/\/guineediversite.com\/index.php\/2022\/01\/25\/au-liban-colere-et-consternation-apres-lannonce-du-retrait-de-la-vie-politique-de-saad-hariri\/\",\"url\":\"https:\/\/guineediversite.com\/index.php\/2022\/01\/25\/au-liban-colere-et-consternation-apres-lannonce-du-retrait-de-la-vie-politique-de-saad-hariri\/\",\"name\":\"Au Liban, col\u00e8re et consternation apr\u00e8s l'annonce du retrait de la vie politique de Saad Hariri | Guin\u00e9e Diversit\u00e9\",\"isPartOf\":{\"@id\":\"https:\/\/guineediversite.com\/#website\"},\"primaryImageOfPage\":{\"@id\":\"https:\/\/guineediversite.com\/index.php\/2022\/01\/25\/au-liban-colere-et-consternation-apres-lannonce-du-retrait-de-la-vie-politique-de-saad-hariri\/#primaryimage\"},\"image\":{\"@id\":\"https:\/\/guineediversite.com\/index.php\/2022\/01\/25\/au-liban-colere-et-consternation-apres-lannonce-du-retrait-de-la-vie-politique-de-saad-hariri\/#primaryimage\"},\"thumbnailUrl\":\"https:\/\/guineediversite.com\/wp-content\/uploads\/2022\/01\/telechargement-9.jpg\",\"datePublished\":\"2022-01-25T10:39:59+00:00\",\"dateModified\":\"2022-01-25T10:39:59+00:00\",\"breadcrumb\":{\"@id\":\"https:\/\/guineediversite.com\/index.php\/2022\/01\/25\/au-liban-colere-et-consternation-apres-lannonce-du-retrait-de-la-vie-politique-de-saad-hariri\/#breadcrumb\"},\"inLanguage\":\"fr-FR\",\"potentialAction\":[{\"@type\":\"ReadAction\",\"target\":[\"https:\/\/guineediversite.com\/index.php\/2022\/01\/25\/au-liban-colere-et-consternation-apres-lannonce-du-retrait-de-la-vie-politique-de-saad-hariri\/\"]}]},{\"@type\":\"ImageObject\",\"inLanguage\":\"fr-FR\",\"@id\":\"https:\/\/guineediversite.com\/index.php\/2022\/01\/25\/au-liban-colere-et-consternation-apres-lannonce-du-retrait-de-la-vie-politique-de-saad-hariri\/#primaryimage\",\"url\":\"https:\/\/guineediversite.com\/wp-content\/uploads\/2022\/01\/telechargement-9.jpg\",\"contentUrl\":\"https:\/\/guineediversite.com\/wp-content\/uploads\/2022\/01\/telechargement-9.jpg\",\"width\":1300,\"height\":1300},{\"@type\":\"BreadcrumbList\",\"@id\":\"https:\/\/guineediversite.com\/index.php\/2022\/01\/25\/au-liban-colere-et-consternation-apres-lannonce-du-retrait-de-la-vie-politique-de-saad-hariri\/#breadcrumb\",\"itemListElement\":[{\"@type\":\"ListItem\",\"position\":1,\"name\":\"Accueil\",\"item\":\"https:\/\/guineediversite.com\/\"},{\"@type\":\"ListItem\",\"position\":2,\"name\":\"Au Liban, col\u00e8re et consternation apr\u00e8s l&rsquo;annonce du retrait de la vie politique de Saad Hariri\"}]},{\"@type\":\"WebSite\",\"@id\":\"https:\/\/guineediversite.com\/#website\",\"url\":\"https:\/\/guineediversite.com\/\",\"name\":\"Guin\u00e9e Diversit\u00e9\",\"description\":\"L&#039;Info dans toute sa diversit\u00e9\",\"publisher\":{\"@id\":\"https:\/\/guineediversite.com\/#organization\"},\"potentialAction\":[{\"@type\":\"SearchAction\",\"target\":{\"@type\":\"EntryPoint\",\"urlTemplate\":\"https:\/\/guineediversite.com\/?s={search_term_string}\"},\"query-input\":{\"@type\":\"PropertyValueSpecification\",\"valueRequired\":true,\"valueName\":\"search_term_string\"}}],\"inLanguage\":\"fr-FR\"},{\"@type\":\"Organization\",\"@id\":\"https:\/\/guineediversite.com\/#organization\",\"name\":\"Guin\u00e9e Diversit\u00e9\",\"url\":\"https:\/\/guineediversite.com\/\",\"logo\":{\"@type\":\"ImageObject\",\"inLanguage\":\"fr-FR\",\"@id\":\"https:\/\/guineediversite.com\/#\/schema\/logo\/image\/\",\"url\":\"https:\/\/guineediversite.com\/wp-content\/uploads\/2017\/04\/cropped-1jojlxEOMkX9Wyqfhe43D6kjPOGqBBKmx3EwWJqZ0cMrFF54yM49.png\",\"contentUrl\":\"https:\/\/guineediversite.com\/wp-content\/uploads\/2017\/04\/cropped-1jojlxEOMkX9Wyqfhe43D6kjPOGqBBKmx3EwWJqZ0cMrFF54yM49.png\",\"width\":186,\"height\":112,\"caption\":\"Guin\u00e9e Diversit\u00e9\"},\"image\":{\"@id\":\"https:\/\/guineediversite.com\/#\/schema\/logo\/image\/\"},\"sameAs\":[\"https:\/\/www.facebook.com\/guineediversite\/\",\"https:\/\/x.com\/GuineeDiversite\",\"https:\/\/www.youtube.com\/channel\/UC8sUY16qelG5ge6_D5SB83g\"]},{\"@type\":\"Person\",\"@id\":\"https:\/\/guineediversite.com\/#\/schema\/person\/afa08fb34e7fc6e1feafc892612bc836\",\"name\":\"Guin\u00e9e Diversit\u00e9\",\"image\":{\"@type\":\"ImageObject\",\"inLanguage\":\"fr-FR\",\"@id\":\"https:\/\/guineediversite.com\/#\/schema\/person\/image\/\",\"url\":\"https:\/\/secure.gravatar.com\/avatar\/50d5eb5b390f8b65ac30ac6f898eb83a?s=96&d=mm&r=g\",\"contentUrl\":\"https:\/\/secure.gravatar.com\/avatar\/50d5eb5b390f8b65ac30ac6f898eb83a?s=96&d=mm&r=g\",\"caption\":\"Guin\u00e9e Diversit\u00e9\"},\"url\":\"https:\/\/guineediversite.com\/index.php\/author\/guineediversite\/\"}]}<\/script>\n<!-- \/ Yoast SEO plugin. -->","yoast_head_json":{"title":"Au Liban, col\u00e8re et consternation apr\u00e8s l'annonce du retrait de la vie politique de Saad Hariri | Guin\u00e9e Diversit\u00e9","robots":{"index":"index","follow":"follow","max-snippet":"max-snippet:-1","max-image-preview":"max-image-preview:large","max-video-preview":"max-video-preview:-1"},"canonical":"https:\/\/guineediversite.com\/index.php\/2022\/01\/25\/au-liban-colere-et-consternation-apres-lannonce-du-retrait-de-la-vie-politique-de-saad-hariri\/","og_locale":"fr_FR","og_type":"article","og_title":"Au Liban, col\u00e8re et consternation apr\u00e8s l'annonce du retrait de la vie politique de Saad Hariri | Guin\u00e9e Diversit\u00e9","og_description":"L\u2019ancien Premier ministre libanais Saad Hariri, l\u2019un des leaders de la communaut\u00e9 sunnite, a annonc\u00e9, lundi 24 janvier, son retrait de la vie politique. Son parti, le Courant du futur, boycottera les \u00e9lections l\u00e9gislatives pr\u00e9vues en mai prochain. Le retrait du quinquag\u00e9naire, propuls\u00e9 sur la sc\u00e8ne politique apr\u00e8s l\u2019assassinat en 2005 de son p\u00e8re, lui [&hellip;]","og_url":"https:\/\/guineediversite.com\/index.php\/2022\/01\/25\/au-liban-colere-et-consternation-apres-lannonce-du-retrait-de-la-vie-politique-de-saad-hariri\/","og_site_name":"Guin\u00e9e Diversit\u00e9","article_publisher":"https:\/\/www.facebook.com\/guineediversite\/","article_published_time":"2022-01-25T10:39:59+00:00","og_image":[{"width":1300,"height":1300,"url":"https:\/\/guineediversite.com\/wp-content\/uploads\/2022\/01\/telechargement-9.jpg","type":"image\/jpeg"}],"author":"Guin\u00e9e Diversit\u00e9","twitter_card":"summary_large_image","twitter_creator":"@GuineeDiversite","twitter_site":"@GuineeDiversite","twitter_misc":{"\u00c9crit par":"Guin\u00e9e Diversit\u00e9","Dur\u00e9e de lecture estim\u00e9e":"4 minutes"},"schema":{"@context":"https:\/\/schema.org","@graph":[{"@type":"Article","@id":"https:\/\/guineediversite.com\/index.php\/2022\/01\/25\/au-liban-colere-et-consternation-apres-lannonce-du-retrait-de-la-vie-politique-de-saad-hariri\/#article","isPartOf":{"@id":"https:\/\/guineediversite.com\/index.php\/2022\/01\/25\/au-liban-colere-et-consternation-apres-lannonce-du-retrait-de-la-vie-politique-de-saad-hariri\/"},"author":{"name":"Guin\u00e9e Diversit\u00e9","@id":"https:\/\/guineediversite.com\/#\/schema\/person\/afa08fb34e7fc6e1feafc892612bc836"},"headline":"Au Liban, col\u00e8re et consternation apr\u00e8s l&rsquo;annonce du retrait de la vie politique de Saad Hariri","datePublished":"2022-01-25T10:39:59+00:00","dateModified":"2022-01-25T10:39:59+00:00","mainEntityOfPage":{"@id":"https:\/\/guineediversite.com\/index.php\/2022\/01\/25\/au-liban-colere-et-consternation-apres-lannonce-du-retrait-de-la-vie-politique-de-saad-hariri\/"},"wordCount":866,"publisher":{"@id":"https:\/\/guineediversite.com\/#organization"},"image":{"@id":"https:\/\/guineediversite.com\/index.php\/2022\/01\/25\/au-liban-colere-et-consternation-apres-lannonce-du-retrait-de-la-vie-politique-de-saad-hariri\/#primaryimage"},"thumbnailUrl":"https:\/\/guineediversite.com\/wp-content\/uploads\/2022\/01\/telechargement-9.jpg","articleSection":["International"],"inLanguage":"fr-FR"},{"@type":"WebPage","@id":"https:\/\/guineediversite.com\/index.php\/2022\/01\/25\/au-liban-colere-et-consternation-apres-lannonce-du-retrait-de-la-vie-politique-de-saad-hariri\/","url":"https:\/\/guineediversite.com\/index.php\/2022\/01\/25\/au-liban-colere-et-consternation-apres-lannonce-du-retrait-de-la-vie-politique-de-saad-hariri\/","name":"Au Liban, col\u00e8re et consternation apr\u00e8s l'annonce du retrait de la vie politique de Saad Hariri | Guin\u00e9e Diversit\u00e9","isPartOf":{"@id":"https:\/\/guineediversite.com\/#website"},"primaryImageOfPage":{"@id":"https:\/\/guineediversite.com\/index.php\/2022\/01\/25\/au-liban-colere-et-consternation-apres-lannonce-du-retrait-de-la-vie-politique-de-saad-hariri\/#primaryimage"},"image":{"@id":"https:\/\/guineediversite.com\/index.php\/2022\/01\/25\/au-liban-colere-et-consternation-apres-lannonce-du-retrait-de-la-vie-politique-de-saad-hariri\/#primaryimage"},"thumbnailUrl":"https:\/\/guineediversite.com\/wp-content\/uploads\/2022\/01\/telechargement-9.jpg","datePublished":"2022-01-25T10:39:59+00:00","dateModified":"2022-01-25T10:39:59+00:00","breadcrumb":{"@id":"https:\/\/guineediversite.com\/index.php\/2022\/01\/25\/au-liban-colere-et-consternation-apres-lannonce-du-retrait-de-la-vie-politique-de-saad-hariri\/#breadcrumb"},"inLanguage":"fr-FR","potentialAction":[{"@type":"ReadAction","target":["https:\/\/guineediversite.com\/index.php\/2022\/01\/25\/au-liban-colere-et-consternation-apres-lannonce-du-retrait-de-la-vie-politique-de-saad-hariri\/"]}]},{"@type":"ImageObject","inLanguage":"fr-FR","@id":"https:\/\/guineediversite.com\/index.php\/2022\/01\/25\/au-liban-colere-et-consternation-apres-lannonce-du-retrait-de-la-vie-politique-de-saad-hariri\/#primaryimage","url":"https:\/\/guineediversite.com\/wp-content\/uploads\/2022\/01\/telechargement-9.jpg","contentUrl":"https:\/\/guineediversite.com\/wp-content\/uploads\/2022\/01\/telechargement-9.jpg","width":1300,"height":1300},{"@type":"BreadcrumbList","@id":"https:\/\/guineediversite.com\/index.php\/2022\/01\/25\/au-liban-colere-et-consternation-apres-lannonce-du-retrait-de-la-vie-politique-de-saad-hariri\/#breadcrumb","itemListElement":[{"@type":"ListItem","position":1,"name":"Accueil","item":"https:\/\/guineediversite.com\/"},{"@type":"ListItem","position":2,"name":"Au Liban, col\u00e8re et consternation apr\u00e8s l&rsquo;annonce du retrait de la vie politique de Saad Hariri"}]},{"@type":"WebSite","@id":"https:\/\/guineediversite.com\/#website","url":"https:\/\/guineediversite.com\/","name":"Guin\u00e9e Diversit\u00e9","description":"L&#039;Info dans toute sa diversit\u00e9","publisher":{"@id":"https:\/\/guineediversite.com\/#organization"},"potentialAction":[{"@type":"SearchAction","target":{"@type":"EntryPoint","urlTemplate":"https:\/\/guineediversite.com\/?s={search_term_string}"},"query-input":{"@type":"PropertyValueSpecification","valueRequired":true,"valueName":"search_term_string"}}],"inLanguage":"fr-FR"},{"@type":"Organization","@id":"https:\/\/guineediversite.com\/#organization","name":"Guin\u00e9e Diversit\u00e9","url":"https:\/\/guineediversite.com\/","logo":{"@type":"ImageObject","inLanguage":"fr-FR","@id":"https:\/\/guineediversite.com\/#\/schema\/logo\/image\/","url":"https:\/\/guineediversite.com\/wp-content\/uploads\/2017\/04\/cropped-1jojlxEOMkX9Wyqfhe43D6kjPOGqBBKmx3EwWJqZ0cMrFF54yM49.png","contentUrl":"https:\/\/guineediversite.com\/wp-content\/uploads\/2017\/04\/cropped-1jojlxEOMkX9Wyqfhe43D6kjPOGqBBKmx3EwWJqZ0cMrFF54yM49.png","width":186,"height":112,"caption":"Guin\u00e9e Diversit\u00e9"},"image":{"@id":"https:\/\/guineediversite.com\/#\/schema\/logo\/image\/"},"sameAs":["https:\/\/www.facebook.com\/guineediversite\/","https:\/\/x.com\/GuineeDiversite","https:\/\/www.youtube.com\/channel\/UC8sUY16qelG5ge6_D5SB83g"]},{"@type":"Person","@id":"https:\/\/guineediversite.com\/#\/schema\/person\/afa08fb34e7fc6e1feafc892612bc836","name":"Guin\u00e9e Diversit\u00e9","image":{"@type":"ImageObject","inLanguage":"fr-FR","@id":"https:\/\/guineediversite.com\/#\/schema\/person\/image\/","url":"https:\/\/secure.gravatar.com\/avatar\/50d5eb5b390f8b65ac30ac6f898eb83a?s=96&d=mm&r=g","contentUrl":"https:\/\/secure.gravatar.com\/avatar\/50d5eb5b390f8b65ac30ac6f898eb83a?s=96&d=mm&r=g","caption":"Guin\u00e9e Diversit\u00e9"},"url":"https:\/\/guineediversite.com\/index.php\/author\/guineediversite\/"}]}},"_links":{"self":[{"href":"https:\/\/guineediversite.com\/index.php\/wp-json\/wp\/v2\/posts\/32384"}],"collection":[{"href":"https:\/\/guineediversite.com\/index.php\/wp-json\/wp\/v2\/posts"}],"about":[{"href":"https:\/\/guineediversite.com\/index.php\/wp-json\/wp\/v2\/types\/post"}],"author":[{"embeddable":true,"href":"https:\/\/guineediversite.com\/index.php\/wp-json\/wp\/v2\/users\/12"}],"replies":[{"embeddable":true,"href":"https:\/\/guineediversite.com\/index.php\/wp-json\/wp\/v2\/comments?post=32384"}],"version-history":[{"count":1,"href":"https:\/\/guineediversite.com\/index.php\/wp-json\/wp\/v2\/posts\/32384\/revisions"}],"predecessor-version":[{"id":32386,"href":"https:\/\/guineediversite.com\/index.php\/wp-json\/wp\/v2\/posts\/32384\/revisions\/32386"}],"wp:featuredmedia":[{"embeddable":true,"href":"https:\/\/guineediversite.com\/index.php\/wp-json\/wp\/v2\/media\/32385"}],"wp:attachment":[{"href":"https:\/\/guineediversite.com\/index.php\/wp-json\/wp\/v2\/media?parent=32384"}],"wp:term":[{"taxonomy":"category","embeddable":true,"href":"https:\/\/guineediversite.com\/index.php\/wp-json\/wp\/v2\/categories?post=32384"},{"taxonomy":"post_tag","embeddable":true,"href":"https:\/\/guineediversite.com\/index.php\/wp-json\/wp\/v2\/tags?post=32384"}],"curies":[{"name":"wp","href":"https:\/\/api.w.org\/{rel}","templated":true}]}}