{"id":32381,"date":"2022-01-25T11:28:53","date_gmt":"2022-01-25T10:28:53","guid":{"rendered":"https:\/\/guineediversite.com\/?p=32381"},"modified":"2022-01-25T11:28:53","modified_gmt":"2022-01-25T10:28:53","slug":"coup-detat-au-burkina-faso-la-genese-de-la-crise-entre-kabore-et-larmee","status":"publish","type":"post","link":"https:\/\/guineediversite.com\/index.php\/2022\/01\/25\/coup-detat-au-burkina-faso-la-genese-de-la-crise-entre-kabore-et-larmee\/","title":{"rendered":"Coup d&rsquo;\u00c9tat au Burkina Faso: la gen\u00e8se de la crise entre Kabor\u00e9 et l&rsquo;arm\u00e9e"},"content":{"rendered":"<p>Le divorce entre Roch Marc Christian Kabor\u00e9 et une partie de l&rsquo;arm\u00e9e est d\u00e9j\u00e0 ancien. Un an apr\u00e8s la chute de Blaise Compaor\u00e9, Roch Marc Christian Kabor\u00e9 est \u00e9lu pr\u00e9sident du Burkina Faso en 2015. C&rsquo;est cette m\u00eame ann\u00e9e que le pays conna\u00eet les premi\u00e8res attaques de groupes jihadistes sur son sol.<\/p>\n<p>L&rsquo;intensit\u00e9, la fr\u00e9quence et la zone d&rsquo;intervention des attaques jihadistes sur le sol burkinab\u00e8 augmentent au fil des ans. Certaines, de par leur ampleur, ont marqu\u00e9 les esprits.<\/p>\n<p>En janvier 2016, l\u2019attentat contre l\u2019hotel Splendid et le Caf\u00e9 Capuccino \u00e0 Ouagadougou fait 30 morts, majoritairement des \u00e9trangers.\u00a0En ao\u00fbt 2017, 21 personnes meurent dans une nouvelle attaque dans la capitale. \u00c0 partir de 2018, les attaques deviennent quasi quotidiennes.<\/p>\n<p>Pour sa r\u00e9\u00e9lection pour un second mandat en novembre 2020, Roch Marc Christian Kabor\u00e9 promet que la lutte contre les jihadistes sera sa priorit\u00e9. L&rsquo;opposition d\u00e9nonce le fait que des centaines de milliers d&rsquo;\u00e9lecteurs, d\u00e9plac\u00e9s \u00e0 cause de l&rsquo;ins\u00e9curit\u00e9, n&rsquo;ont pas pu voter. Le pays compte \u00e0 ce jour 1,5 million de d\u00e9plac\u00e9s, doublant la crise s\u00e9curitaire d&rsquo;une crise humanitaire. Et les attaques continuent.<\/p>\n<p>\u00c9coutez notre \u00e9dition sp\u00e9ciale sur le coup d&rsquo;\u00c9tat au Burkina Faso<\/p>\n<p>En juin dernier, dans le nord-est, \u00e0 Solhan, plus d&rsquo;une centaine de villageois sont massacr\u00e9s. En novembre, 53 gendarmes p\u00e9rissent \u00e0 Inata et les r\u00e9v\u00e9lations sur des probl\u00e8mes de ravitaillement du d\u00e9tachement vis\u00e9\u00a0choquent l&rsquo;opinion publique. Le premier ministre est remerci\u00e9 dans la foul\u00e9e et le pouvoir effectue des changements dans les rangs de l&rsquo;arm\u00e9e. Mais les attaques n&rsquo;ont pas cess\u00e9 et la d\u00e9fiance s&rsquo;est install\u00e9e.<\/p>\n<p>Il y a deux semaines, les autorit\u00e9s annoncent l\u2019arrestation de plusieurs militaires soup\u00e7onn\u00e9s de \u00ab<em>\u00a0tentative de d\u00e9stabilisation\u00a0<\/em>\u00bb.<\/p>\n<p>Dimanche, des soldats se sont mutin\u00e9s dans plusieurs casernes, \u00e0 Ouagadougou, Kaya, Ouahigouya. Ils veulent des moyens plus adapt\u00e9s pour lutter contre le terrorisme. \u00a0Ils demandent des changements \u00e0 la t\u00eate de l&rsquo;arm\u00e9e et des services de renseignements. Et plus de consid\u00e9ration pour les familles des bless\u00e9s ou morts au combat.<\/p>\n<p>Apr\u00e8s une journ\u00e9e confuse ce lundi, des militaires annoncent finalement \u00e0 la t\u00e9l\u00e9vision nationale avoir pris le pouvoir, s&rsquo;engageant au \u00ab\u00a0<em>retour \u00e0 un ordre constitutionnel\u00a0<\/em>\u00bb dans \u00ab\u00a0<em>un d\u00e9lai raisonnable\u00a0<\/em>\u00bb. Ils annoncent \u00e9galement la fermeture des fronti\u00e8res, la dissolution du gouvernement, de l&rsquo;Assembl\u00e9e nationale et la suspension de la Constitution.<\/p>\n<p><strong>RFI<\/strong><\/p>\n","protected":false},"excerpt":{"rendered":"<p>Le divorce entre Roch Marc Christian Kabor\u00e9 et une partie de l&rsquo;arm\u00e9e est d\u00e9j\u00e0 ancien. Un an apr\u00e8s la chute de Blaise Compaor\u00e9, Roch Marc Christian Kabor\u00e9 est \u00e9lu pr\u00e9sident du Burkina Faso en 2015. C&rsquo;est cette m\u00eame ann\u00e9e que le pays conna\u00eet les premi\u00e8res attaques de groupes jihadistes sur son sol. L&rsquo;intensit\u00e9, la fr\u00e9quence [&hellip;]<\/p>\n","protected":false},"author":12,"featured_media":32382,"comment_status":"closed","ping_status":"open","sticky":false,"template":"","format":"standard","meta":{"_exactmetrics_skip_tracking":false,"_exactmetrics_sitenote_active":false,"_exactmetrics_sitenote_note":"","_exactmetrics_sitenote_category":0,"tdm_status":"","tdm_grid_status":"","footnotes":""},"categories":[21],"tags":[],"class_list":{"0":"post-32381","1":"post","2":"type-post","3":"status-publish","4":"format-standard","5":"has-post-thumbnail","7":"category-international"},"yoast_head":"<!-- This site is optimized with the Yoast SEO plugin v24.2 - https:\/\/yoast.com\/wordpress\/plugins\/seo\/ -->\n<title>Coup d&#039;\u00c9tat au Burkina Faso: la gen\u00e8se de la crise entre Kabor\u00e9 et l&#039;arm\u00e9e | Guin\u00e9e Diversit\u00e9<\/title>\n<meta name=\"robots\" content=\"index, follow, max-snippet:-1, max-image-preview:large, max-video-preview:-1\" \/>\n<link rel=\"canonical\" href=\"https:\/\/guineediversite.com\/index.php\/2022\/01\/25\/coup-detat-au-burkina-faso-la-genese-de-la-crise-entre-kabore-et-larmee\/\" \/>\n<meta property=\"og:locale\" content=\"fr_FR\" \/>\n<meta property=\"og:type\" content=\"article\" \/>\n<meta property=\"og:title\" content=\"Coup d&#039;\u00c9tat au Burkina Faso: la gen\u00e8se de la crise entre Kabor\u00e9 et l&#039;arm\u00e9e | Guin\u00e9e Diversit\u00e9\" \/>\n<meta property=\"og:description\" content=\"Le divorce entre Roch Marc Christian Kabor\u00e9 et une partie de l&rsquo;arm\u00e9e est d\u00e9j\u00e0 ancien. Un an apr\u00e8s la chute de Blaise Compaor\u00e9, Roch Marc Christian Kabor\u00e9 est \u00e9lu pr\u00e9sident du Burkina Faso en 2015. C&rsquo;est cette m\u00eame ann\u00e9e que le pays conna\u00eet les premi\u00e8res attaques de groupes jihadistes sur son sol. L&rsquo;intensit\u00e9, la fr\u00e9quence [&hellip;]\" \/>\n<meta property=\"og:url\" content=\"https:\/\/guineediversite.com\/index.php\/2022\/01\/25\/coup-detat-au-burkina-faso-la-genese-de-la-crise-entre-kabore-et-larmee\/\" \/>\n<meta property=\"og:site_name\" content=\"Guin\u00e9e Diversit\u00e9\" \/>\n<meta property=\"article:publisher\" content=\"https:\/\/www.facebook.com\/guineediversite\/\" \/>\n<meta property=\"article:published_time\" content=\"2022-01-25T10:28:53+00:00\" \/>\n<meta property=\"og:image\" content=\"https:\/\/guineediversite.com\/wp-content\/uploads\/2022\/01\/telechargement-8.jpg\" \/>\n\t<meta property=\"og:image:width\" content=\"1300\" \/>\n\t<meta property=\"og:image:height\" content=\"974\" \/>\n\t<meta property=\"og:image:type\" content=\"image\/jpeg\" \/>\n<meta name=\"author\" content=\"Guin\u00e9e Diversit\u00e9\" \/>\n<meta name=\"twitter:card\" content=\"summary_large_image\" \/>\n<meta name=\"twitter:creator\" content=\"@GuineeDiversite\" \/>\n<meta name=\"twitter:site\" content=\"@GuineeDiversite\" \/>\n<meta name=\"twitter:label1\" content=\"\u00c9crit par\" \/>\n\t<meta name=\"twitter:data1\" content=\"Guin\u00e9e Diversit\u00e9\" \/>\n\t<meta name=\"twitter:label2\" content=\"Dur\u00e9e de lecture estim\u00e9e\" \/>\n\t<meta name=\"twitter:data2\" content=\"2 minutes\" \/>\n<script type=\"application\/ld+json\" class=\"yoast-schema-graph\">{\"@context\":\"https:\/\/schema.org\",\"@graph\":[{\"@type\":\"Article\",\"@id\":\"https:\/\/guineediversite.com\/index.php\/2022\/01\/25\/coup-detat-au-burkina-faso-la-genese-de-la-crise-entre-kabore-et-larmee\/#article\",\"isPartOf\":{\"@id\":\"https:\/\/guineediversite.com\/index.php\/2022\/01\/25\/coup-detat-au-burkina-faso-la-genese-de-la-crise-entre-kabore-et-larmee\/\"},\"author\":{\"name\":\"Guin\u00e9e Diversit\u00e9\",\"@id\":\"https:\/\/guineediversite.com\/#\/schema\/person\/afa08fb34e7fc6e1feafc892612bc836\"},\"headline\":\"Coup d&rsquo;\u00c9tat au Burkina Faso: la gen\u00e8se de la crise entre Kabor\u00e9 et l&rsquo;arm\u00e9e\",\"datePublished\":\"2022-01-25T10:28:53+00:00\",\"dateModified\":\"2022-01-25T10:28:53+00:00\",\"mainEntityOfPage\":{\"@id\":\"https:\/\/guineediversite.com\/index.php\/2022\/01\/25\/coup-detat-au-burkina-faso-la-genese-de-la-crise-entre-kabore-et-larmee\/\"},\"wordCount\":446,\"publisher\":{\"@id\":\"https:\/\/guineediversite.com\/#organization\"},\"image\":{\"@id\":\"https:\/\/guineediversite.com\/index.php\/2022\/01\/25\/coup-detat-au-burkina-faso-la-genese-de-la-crise-entre-kabore-et-larmee\/#primaryimage\"},\"thumbnailUrl\":\"https:\/\/guineediversite.com\/wp-content\/uploads\/2022\/01\/telechargement-8.jpg\",\"articleSection\":[\"International\"],\"inLanguage\":\"fr-FR\"},{\"@type\":\"WebPage\",\"@id\":\"https:\/\/guineediversite.com\/index.php\/2022\/01\/25\/coup-detat-au-burkina-faso-la-genese-de-la-crise-entre-kabore-et-larmee\/\",\"url\":\"https:\/\/guineediversite.com\/index.php\/2022\/01\/25\/coup-detat-au-burkina-faso-la-genese-de-la-crise-entre-kabore-et-larmee\/\",\"name\":\"Coup d'\u00c9tat au Burkina Faso: la gen\u00e8se de la crise entre Kabor\u00e9 et l'arm\u00e9e | Guin\u00e9e Diversit\u00e9\",\"isPartOf\":{\"@id\":\"https:\/\/guineediversite.com\/#website\"},\"primaryImageOfPage\":{\"@id\":\"https:\/\/guineediversite.com\/index.php\/2022\/01\/25\/coup-detat-au-burkina-faso-la-genese-de-la-crise-entre-kabore-et-larmee\/#primaryimage\"},\"image\":{\"@id\":\"https:\/\/guineediversite.com\/index.php\/2022\/01\/25\/coup-detat-au-burkina-faso-la-genese-de-la-crise-entre-kabore-et-larmee\/#primaryimage\"},\"thumbnailUrl\":\"https:\/\/guineediversite.com\/wp-content\/uploads\/2022\/01\/telechargement-8.jpg\",\"datePublished\":\"2022-01-25T10:28:53+00:00\",\"dateModified\":\"2022-01-25T10:28:53+00:00\",\"breadcrumb\":{\"@id\":\"https:\/\/guineediversite.com\/index.php\/2022\/01\/25\/coup-detat-au-burkina-faso-la-genese-de-la-crise-entre-kabore-et-larmee\/#breadcrumb\"},\"inLanguage\":\"fr-FR\",\"potentialAction\":[{\"@type\":\"ReadAction\",\"target\":[\"https:\/\/guineediversite.com\/index.php\/2022\/01\/25\/coup-detat-au-burkina-faso-la-genese-de-la-crise-entre-kabore-et-larmee\/\"]}]},{\"@type\":\"ImageObject\",\"inLanguage\":\"fr-FR\",\"@id\":\"https:\/\/guineediversite.com\/index.php\/2022\/01\/25\/coup-detat-au-burkina-faso-la-genese-de-la-crise-entre-kabore-et-larmee\/#primaryimage\",\"url\":\"https:\/\/guineediversite.com\/wp-content\/uploads\/2022\/01\/telechargement-8.jpg\",\"contentUrl\":\"https:\/\/guineediversite.com\/wp-content\/uploads\/2022\/01\/telechargement-8.jpg\",\"width\":1300,\"height\":974},{\"@type\":\"BreadcrumbList\",\"@id\":\"https:\/\/guineediversite.com\/index.php\/2022\/01\/25\/coup-detat-au-burkina-faso-la-genese-de-la-crise-entre-kabore-et-larmee\/#breadcrumb\",\"itemListElement\":[{\"@type\":\"ListItem\",\"position\":1,\"name\":\"Accueil\",\"item\":\"https:\/\/guineediversite.com\/\"},{\"@type\":\"ListItem\",\"position\":2,\"name\":\"Coup d&rsquo;\u00c9tat au Burkina Faso: la gen\u00e8se de la crise entre Kabor\u00e9 et l&rsquo;arm\u00e9e\"}]},{\"@type\":\"WebSite\",\"@id\":\"https:\/\/guineediversite.com\/#website\",\"url\":\"https:\/\/guineediversite.com\/\",\"name\":\"Guin\u00e9e Diversit\u00e9\",\"description\":\"L&#039;Info dans toute sa diversit\u00e9\",\"publisher\":{\"@id\":\"https:\/\/guineediversite.com\/#organization\"},\"potentialAction\":[{\"@type\":\"SearchAction\",\"target\":{\"@type\":\"EntryPoint\",\"urlTemplate\":\"https:\/\/guineediversite.com\/?s={search_term_string}\"},\"query-input\":{\"@type\":\"PropertyValueSpecification\",\"valueRequired\":true,\"valueName\":\"search_term_string\"}}],\"inLanguage\":\"fr-FR\"},{\"@type\":\"Organization\",\"@id\":\"https:\/\/guineediversite.com\/#organization\",\"name\":\"Guin\u00e9e Diversit\u00e9\",\"url\":\"https:\/\/guineediversite.com\/\",\"logo\":{\"@type\":\"ImageObject\",\"inLanguage\":\"fr-FR\",\"@id\":\"https:\/\/guineediversite.com\/#\/schema\/logo\/image\/\",\"url\":\"https:\/\/guineediversite.com\/wp-content\/uploads\/2017\/04\/cropped-1jojlxEOMkX9Wyqfhe43D6kjPOGqBBKmx3EwWJqZ0cMrFF54yM49.png\",\"contentUrl\":\"https:\/\/guineediversite.com\/wp-content\/uploads\/2017\/04\/cropped-1jojlxEOMkX9Wyqfhe43D6kjPOGqBBKmx3EwWJqZ0cMrFF54yM49.png\",\"width\":186,\"height\":112,\"caption\":\"Guin\u00e9e Diversit\u00e9\"},\"image\":{\"@id\":\"https:\/\/guineediversite.com\/#\/schema\/logo\/image\/\"},\"sameAs\":[\"https:\/\/www.facebook.com\/guineediversite\/\",\"https:\/\/x.com\/GuineeDiversite\",\"https:\/\/www.youtube.com\/channel\/UC8sUY16qelG5ge6_D5SB83g\"]},{\"@type\":\"Person\",\"@id\":\"https:\/\/guineediversite.com\/#\/schema\/person\/afa08fb34e7fc6e1feafc892612bc836\",\"name\":\"Guin\u00e9e Diversit\u00e9\",\"image\":{\"@type\":\"ImageObject\",\"inLanguage\":\"fr-FR\",\"@id\":\"https:\/\/guineediversite.com\/#\/schema\/person\/image\/\",\"url\":\"https:\/\/secure.gravatar.com\/avatar\/50d5eb5b390f8b65ac30ac6f898eb83a?s=96&d=mm&r=g\",\"contentUrl\":\"https:\/\/secure.gravatar.com\/avatar\/50d5eb5b390f8b65ac30ac6f898eb83a?s=96&d=mm&r=g\",\"caption\":\"Guin\u00e9e Diversit\u00e9\"},\"url\":\"https:\/\/guineediversite.com\/index.php\/author\/guineediversite\/\"}]}<\/script>\n<!-- \/ Yoast SEO plugin. -->","yoast_head_json":{"title":"Coup d'\u00c9tat au Burkina Faso: la gen\u00e8se de la crise entre Kabor\u00e9 et l'arm\u00e9e | Guin\u00e9e Diversit\u00e9","robots":{"index":"index","follow":"follow","max-snippet":"max-snippet:-1","max-image-preview":"max-image-preview:large","max-video-preview":"max-video-preview:-1"},"canonical":"https:\/\/guineediversite.com\/index.php\/2022\/01\/25\/coup-detat-au-burkina-faso-la-genese-de-la-crise-entre-kabore-et-larmee\/","og_locale":"fr_FR","og_type":"article","og_title":"Coup d'\u00c9tat au Burkina Faso: la gen\u00e8se de la crise entre Kabor\u00e9 et l'arm\u00e9e | Guin\u00e9e Diversit\u00e9","og_description":"Le divorce entre Roch Marc Christian Kabor\u00e9 et une partie de l&rsquo;arm\u00e9e est d\u00e9j\u00e0 ancien. Un an apr\u00e8s la chute de Blaise Compaor\u00e9, Roch Marc Christian Kabor\u00e9 est \u00e9lu pr\u00e9sident du Burkina Faso en 2015. C&rsquo;est cette m\u00eame ann\u00e9e que le pays conna\u00eet les premi\u00e8res attaques de groupes jihadistes sur son sol. L&rsquo;intensit\u00e9, la fr\u00e9quence [&hellip;]","og_url":"https:\/\/guineediversite.com\/index.php\/2022\/01\/25\/coup-detat-au-burkina-faso-la-genese-de-la-crise-entre-kabore-et-larmee\/","og_site_name":"Guin\u00e9e Diversit\u00e9","article_publisher":"https:\/\/www.facebook.com\/guineediversite\/","article_published_time":"2022-01-25T10:28:53+00:00","og_image":[{"width":1300,"height":974,"url":"https:\/\/guineediversite.com\/wp-content\/uploads\/2022\/01\/telechargement-8.jpg","type":"image\/jpeg"}],"author":"Guin\u00e9e Diversit\u00e9","twitter_card":"summary_large_image","twitter_creator":"@GuineeDiversite","twitter_site":"@GuineeDiversite","twitter_misc":{"\u00c9crit par":"Guin\u00e9e Diversit\u00e9","Dur\u00e9e de lecture estim\u00e9e":"2 minutes"},"schema":{"@context":"https:\/\/schema.org","@graph":[{"@type":"Article","@id":"https:\/\/guineediversite.com\/index.php\/2022\/01\/25\/coup-detat-au-burkina-faso-la-genese-de-la-crise-entre-kabore-et-larmee\/#article","isPartOf":{"@id":"https:\/\/guineediversite.com\/index.php\/2022\/01\/25\/coup-detat-au-burkina-faso-la-genese-de-la-crise-entre-kabore-et-larmee\/"},"author":{"name":"Guin\u00e9e Diversit\u00e9","@id":"https:\/\/guineediversite.com\/#\/schema\/person\/afa08fb34e7fc6e1feafc892612bc836"},"headline":"Coup d&rsquo;\u00c9tat au Burkina Faso: la gen\u00e8se de la crise entre Kabor\u00e9 et l&rsquo;arm\u00e9e","datePublished":"2022-01-25T10:28:53+00:00","dateModified":"2022-01-25T10:28:53+00:00","mainEntityOfPage":{"@id":"https:\/\/guineediversite.com\/index.php\/2022\/01\/25\/coup-detat-au-burkina-faso-la-genese-de-la-crise-entre-kabore-et-larmee\/"},"wordCount":446,"publisher":{"@id":"https:\/\/guineediversite.com\/#organization"},"image":{"@id":"https:\/\/guineediversite.com\/index.php\/2022\/01\/25\/coup-detat-au-burkina-faso-la-genese-de-la-crise-entre-kabore-et-larmee\/#primaryimage"},"thumbnailUrl":"https:\/\/guineediversite.com\/wp-content\/uploads\/2022\/01\/telechargement-8.jpg","articleSection":["International"],"inLanguage":"fr-FR"},{"@type":"WebPage","@id":"https:\/\/guineediversite.com\/index.php\/2022\/01\/25\/coup-detat-au-burkina-faso-la-genese-de-la-crise-entre-kabore-et-larmee\/","url":"https:\/\/guineediversite.com\/index.php\/2022\/01\/25\/coup-detat-au-burkina-faso-la-genese-de-la-crise-entre-kabore-et-larmee\/","name":"Coup d'\u00c9tat au Burkina Faso: la gen\u00e8se de la crise entre Kabor\u00e9 et l'arm\u00e9e | Guin\u00e9e Diversit\u00e9","isPartOf":{"@id":"https:\/\/guineediversite.com\/#website"},"primaryImageOfPage":{"@id":"https:\/\/guineediversite.com\/index.php\/2022\/01\/25\/coup-detat-au-burkina-faso-la-genese-de-la-crise-entre-kabore-et-larmee\/#primaryimage"},"image":{"@id":"https:\/\/guineediversite.com\/index.php\/2022\/01\/25\/coup-detat-au-burkina-faso-la-genese-de-la-crise-entre-kabore-et-larmee\/#primaryimage"},"thumbnailUrl":"https:\/\/guineediversite.com\/wp-content\/uploads\/2022\/01\/telechargement-8.jpg","datePublished":"2022-01-25T10:28:53+00:00","dateModified":"2022-01-25T10:28:53+00:00","breadcrumb":{"@id":"https:\/\/guineediversite.com\/index.php\/2022\/01\/25\/coup-detat-au-burkina-faso-la-genese-de-la-crise-entre-kabore-et-larmee\/#breadcrumb"},"inLanguage":"fr-FR","potentialAction":[{"@type":"ReadAction","target":["https:\/\/guineediversite.com\/index.php\/2022\/01\/25\/coup-detat-au-burkina-faso-la-genese-de-la-crise-entre-kabore-et-larmee\/"]}]},{"@type":"ImageObject","inLanguage":"fr-FR","@id":"https:\/\/guineediversite.com\/index.php\/2022\/01\/25\/coup-detat-au-burkina-faso-la-genese-de-la-crise-entre-kabore-et-larmee\/#primaryimage","url":"https:\/\/guineediversite.com\/wp-content\/uploads\/2022\/01\/telechargement-8.jpg","contentUrl":"https:\/\/guineediversite.com\/wp-content\/uploads\/2022\/01\/telechargement-8.jpg","width":1300,"height":974},{"@type":"BreadcrumbList","@id":"https:\/\/guineediversite.com\/index.php\/2022\/01\/25\/coup-detat-au-burkina-faso-la-genese-de-la-crise-entre-kabore-et-larmee\/#breadcrumb","itemListElement":[{"@type":"ListItem","position":1,"name":"Accueil","item":"https:\/\/guineediversite.com\/"},{"@type":"ListItem","position":2,"name":"Coup d&rsquo;\u00c9tat au Burkina Faso: la gen\u00e8se de la crise entre Kabor\u00e9 et l&rsquo;arm\u00e9e"}]},{"@type":"WebSite","@id":"https:\/\/guineediversite.com\/#website","url":"https:\/\/guineediversite.com\/","name":"Guin\u00e9e Diversit\u00e9","description":"L&#039;Info dans toute sa diversit\u00e9","publisher":{"@id":"https:\/\/guineediversite.com\/#organization"},"potentialAction":[{"@type":"SearchAction","target":{"@type":"EntryPoint","urlTemplate":"https:\/\/guineediversite.com\/?s={search_term_string}"},"query-input":{"@type":"PropertyValueSpecification","valueRequired":true,"valueName":"search_term_string"}}],"inLanguage":"fr-FR"},{"@type":"Organization","@id":"https:\/\/guineediversite.com\/#organization","name":"Guin\u00e9e Diversit\u00e9","url":"https:\/\/guineediversite.com\/","logo":{"@type":"ImageObject","inLanguage":"fr-FR","@id":"https:\/\/guineediversite.com\/#\/schema\/logo\/image\/","url":"https:\/\/guineediversite.com\/wp-content\/uploads\/2017\/04\/cropped-1jojlxEOMkX9Wyqfhe43D6kjPOGqBBKmx3EwWJqZ0cMrFF54yM49.png","contentUrl":"https:\/\/guineediversite.com\/wp-content\/uploads\/2017\/04\/cropped-1jojlxEOMkX9Wyqfhe43D6kjPOGqBBKmx3EwWJqZ0cMrFF54yM49.png","width":186,"height":112,"caption":"Guin\u00e9e Diversit\u00e9"},"image":{"@id":"https:\/\/guineediversite.com\/#\/schema\/logo\/image\/"},"sameAs":["https:\/\/www.facebook.com\/guineediversite\/","https:\/\/x.com\/GuineeDiversite","https:\/\/www.youtube.com\/channel\/UC8sUY16qelG5ge6_D5SB83g"]},{"@type":"Person","@id":"https:\/\/guineediversite.com\/#\/schema\/person\/afa08fb34e7fc6e1feafc892612bc836","name":"Guin\u00e9e Diversit\u00e9","image":{"@type":"ImageObject","inLanguage":"fr-FR","@id":"https:\/\/guineediversite.com\/#\/schema\/person\/image\/","url":"https:\/\/secure.gravatar.com\/avatar\/50d5eb5b390f8b65ac30ac6f898eb83a?s=96&d=mm&r=g","contentUrl":"https:\/\/secure.gravatar.com\/avatar\/50d5eb5b390f8b65ac30ac6f898eb83a?s=96&d=mm&r=g","caption":"Guin\u00e9e Diversit\u00e9"},"url":"https:\/\/guineediversite.com\/index.php\/author\/guineediversite\/"}]}},"_links":{"self":[{"href":"https:\/\/guineediversite.com\/index.php\/wp-json\/wp\/v2\/posts\/32381"}],"collection":[{"href":"https:\/\/guineediversite.com\/index.php\/wp-json\/wp\/v2\/posts"}],"about":[{"href":"https:\/\/guineediversite.com\/index.php\/wp-json\/wp\/v2\/types\/post"}],"author":[{"embeddable":true,"href":"https:\/\/guineediversite.com\/index.php\/wp-json\/wp\/v2\/users\/12"}],"replies":[{"embeddable":true,"href":"https:\/\/guineediversite.com\/index.php\/wp-json\/wp\/v2\/comments?post=32381"}],"version-history":[{"count":1,"href":"https:\/\/guineediversite.com\/index.php\/wp-json\/wp\/v2\/posts\/32381\/revisions"}],"predecessor-version":[{"id":32383,"href":"https:\/\/guineediversite.com\/index.php\/wp-json\/wp\/v2\/posts\/32381\/revisions\/32383"}],"wp:featuredmedia":[{"embeddable":true,"href":"https:\/\/guineediversite.com\/index.php\/wp-json\/wp\/v2\/media\/32382"}],"wp:attachment":[{"href":"https:\/\/guineediversite.com\/index.php\/wp-json\/wp\/v2\/media?parent=32381"}],"wp:term":[{"taxonomy":"category","embeddable":true,"href":"https:\/\/guineediversite.com\/index.php\/wp-json\/wp\/v2\/categories?post=32381"},{"taxonomy":"post_tag","embeddable":true,"href":"https:\/\/guineediversite.com\/index.php\/wp-json\/wp\/v2\/tags?post=32381"}],"curies":[{"name":"wp","href":"https:\/\/api.w.org\/{rel}","templated":true}]}}