{"id":32312,"date":"2022-01-10T19:36:56","date_gmt":"2022-01-10T18:36:56","guid":{"rendered":"https:\/\/guineediversite.com\/?p=32312"},"modified":"2022-01-10T19:36:56","modified_gmt":"2022-01-10T18:36:56","slug":"tpi-de-dixinn-fatou-gnelloy-assignee-pour-un-mandat-damener","status":"publish","type":"post","link":"https:\/\/guineediversite.com\/index.php\/2022\/01\/10\/tpi-de-dixinn-fatou-gnelloy-assignee-pour-un-mandat-damener\/","title":{"rendered":"TPI de Dixinn : Fatou Gnelloy assign\u00e9e pour un mandat d\u2019amener"},"content":{"rendered":"<p>Un mandat d\u2019amener a \u00e9t\u00e9 assign\u00e9 par le juge d\u2019instruction du tribunal de Premi\u00e8re Instance de Dixinn contre Fatoumata Binta Diallo alias Fatou Gneloy sur les r\u00e9seaux sociaux.<\/p>\n<p>L\u2019adepte du pouvoir d\u00e9chu et la s\u0153ur d&rsquo;Ousmane Gnelloy sont poursuivies pour injure, diffamation et autres\u2026 elle est convoqu\u00e9e pour des faits de non-respect du contr\u00f4le judiciaire. Ce mandat est fait ce lundi 10 janvier 2022.<\/p>\n<p><strong>Voici la copie du mandat\u00a0:<\/strong><\/p>\n<p><img loading=\"lazy\" decoding=\"async\" class=\"wp-image-32314 aligncenter\" src=\"https:\/\/guineediversite.com.bwjx4292.odns.fr\/wp-content\/uploads\/2022\/01\/WhatsApp-Image-2022-01-10-at-18.16.41-172x300.jpeg\" alt=\"\" width=\"347\" height=\"605\" srcset=\"https:\/\/guineediversite.com\/wp-content\/uploads\/2022\/01\/WhatsApp-Image-2022-01-10-at-18.16.41-172x300.jpeg 172w, https:\/\/guineediversite.com\/wp-content\/uploads\/2022\/01\/WhatsApp-Image-2022-01-10-at-18.16.41-586x1024.jpeg 586w, https:\/\/guineediversite.com\/wp-content\/uploads\/2022\/01\/WhatsApp-Image-2022-01-10-at-18.16.41-768x1341.jpeg 768w, https:\/\/guineediversite.com\/wp-content\/uploads\/2022\/01\/WhatsApp-Image-2022-01-10-at-18.16.41-600x1048.jpeg 600w, https:\/\/guineediversite.com\/wp-content\/uploads\/2022\/01\/WhatsApp-Image-2022-01-10-at-18.16.41-879x1536.jpeg 879w, https:\/\/guineediversite.com\/wp-content\/uploads\/2022\/01\/WhatsApp-Image-2022-01-10-at-18.16.41-696x1216.jpeg 696w, https:\/\/guineediversite.com\/wp-content\/uploads\/2022\/01\/WhatsApp-Image-2022-01-10-at-18.16.41-1068x1866.jpeg 1068w, https:\/\/guineediversite.com\/wp-content\/uploads\/2022\/01\/WhatsApp-Image-2022-01-10-at-18.16.41.jpeg 1145w\" sizes=\"(max-width: 347px) 100vw, 347px\" \/><\/p>\n","protected":false},"excerpt":{"rendered":"<p>Un mandat d\u2019amener a \u00e9t\u00e9 assign\u00e9 par le juge d\u2019instruction du tribunal de Premi\u00e8re Instance de Dixinn contre Fatoumata Binta Diallo alias Fatou Gneloy sur les r\u00e9seaux sociaux. L\u2019adepte du pouvoir d\u00e9chu et la s\u0153ur d&rsquo;Ousmane Gnelloy sont poursuivies pour injure, diffamation et autres\u2026 elle est convoqu\u00e9e pour des faits de non-respect du contr\u00f4le judiciaire. [&hellip;]<\/p>\n","protected":false},"author":12,"featured_media":32313,"comment_status":"closed","ping_status":"open","sticky":false,"template":"","format":"standard","meta":{"_exactmetrics_skip_tracking":false,"_exactmetrics_sitenote_active":false,"_exactmetrics_sitenote_note":"","_exactmetrics_sitenote_category":0,"tdm_status":"","tdm_grid_status":"","footnotes":""},"categories":[254,446],"tags":[],"class_list":{"0":"post-32312","1":"post","2":"type-post","3":"status-publish","4":"format-standard","5":"has-post-thumbnail","7":"category-derniere-minute","8":"category-justice"},"yoast_head":"<!-- This site is optimized with the Yoast SEO plugin v24.2 - https:\/\/yoast.com\/wordpress\/plugins\/seo\/ -->\n<title>TPI de Dixinn : Fatou Gnelloy assign\u00e9e pour un mandat d\u2019amener | Guin\u00e9e Diversit\u00e9<\/title>\n<meta name=\"robots\" content=\"index, follow, max-snippet:-1, max-image-preview:large, max-video-preview:-1\" \/>\n<link rel=\"canonical\" href=\"https:\/\/guineediversite.com\/index.php\/2022\/01\/10\/tpi-de-dixinn-fatou-gnelloy-assignee-pour-un-mandat-damener\/\" \/>\n<meta property=\"og:locale\" content=\"fr_FR\" \/>\n<meta property=\"og:type\" content=\"article\" \/>\n<meta property=\"og:title\" content=\"TPI de Dixinn : Fatou Gnelloy assign\u00e9e pour un mandat d\u2019amener | Guin\u00e9e Diversit\u00e9\" \/>\n<meta property=\"og:description\" content=\"Un mandat d\u2019amener a \u00e9t\u00e9 assign\u00e9 par le juge d\u2019instruction du tribunal de Premi\u00e8re Instance de Dixinn contre Fatoumata Binta Diallo alias Fatou Gneloy sur les r\u00e9seaux sociaux. L\u2019adepte du pouvoir d\u00e9chu et la s\u0153ur d&rsquo;Ousmane Gnelloy sont poursuivies pour injure, diffamation et autres\u2026 elle est convoqu\u00e9e pour des faits de non-respect du contr\u00f4le judiciaire. [&hellip;]\" \/>\n<meta property=\"og:url\" content=\"https:\/\/guineediversite.com\/index.php\/2022\/01\/10\/tpi-de-dixinn-fatou-gnelloy-assignee-pour-un-mandat-damener\/\" \/>\n<meta property=\"og:site_name\" content=\"Guin\u00e9e Diversit\u00e9\" \/>\n<meta property=\"article:publisher\" content=\"https:\/\/www.facebook.com\/guineediversite\/\" \/>\n<meta property=\"article:published_time\" content=\"2022-01-10T18:36:56+00:00\" \/>\n<meta property=\"og:image\" content=\"https:\/\/guineediversite.com\/wp-content\/uploads\/2022\/01\/WhatsApp-Image-2022-01-10-at-18.15.35.jpeg\" \/>\n\t<meta property=\"og:image:width\" content=\"1125\" \/>\n\t<meta property=\"og:image:height\" content=\"1500\" \/>\n\t<meta property=\"og:image:type\" content=\"image\/jpeg\" \/>\n<meta name=\"author\" content=\"Guin\u00e9e Diversit\u00e9\" \/>\n<meta name=\"twitter:card\" content=\"summary_large_image\" \/>\n<meta name=\"twitter:creator\" content=\"@GuineeDiversite\" \/>\n<meta name=\"twitter:site\" content=\"@GuineeDiversite\" \/>\n<meta name=\"twitter:label1\" content=\"\u00c9crit par\" \/>\n\t<meta name=\"twitter:data1\" content=\"Guin\u00e9e Diversit\u00e9\" \/>\n<script type=\"application\/ld+json\" class=\"yoast-schema-graph\">{\"@context\":\"https:\/\/schema.org\",\"@graph\":[{\"@type\":\"Article\",\"@id\":\"https:\/\/guineediversite.com\/index.php\/2022\/01\/10\/tpi-de-dixinn-fatou-gnelloy-assignee-pour-un-mandat-damener\/#article\",\"isPartOf\":{\"@id\":\"https:\/\/guineediversite.com\/index.php\/2022\/01\/10\/tpi-de-dixinn-fatou-gnelloy-assignee-pour-un-mandat-damener\/\"},\"author\":{\"name\":\"Guin\u00e9e Diversit\u00e9\",\"@id\":\"https:\/\/guineediversite.com\/#\/schema\/person\/afa08fb34e7fc6e1feafc892612bc836\"},\"headline\":\"TPI de Dixinn : Fatou Gnelloy assign\u00e9e pour un mandat d\u2019amener\",\"datePublished\":\"2022-01-10T18:36:56+00:00\",\"dateModified\":\"2022-01-10T18:36:56+00:00\",\"mainEntityOfPage\":{\"@id\":\"https:\/\/guineediversite.com\/index.php\/2022\/01\/10\/tpi-de-dixinn-fatou-gnelloy-assignee-pour-un-mandat-damener\/\"},\"wordCount\":89,\"publisher\":{\"@id\":\"https:\/\/guineediversite.com\/#organization\"},\"image\":{\"@id\":\"https:\/\/guineediversite.com\/index.php\/2022\/01\/10\/tpi-de-dixinn-fatou-gnelloy-assignee-pour-un-mandat-damener\/#primaryimage\"},\"thumbnailUrl\":\"https:\/\/guineediversite.com\/wp-content\/uploads\/2022\/01\/WhatsApp-Image-2022-01-10-at-18.15.35.jpeg\",\"articleSection\":[\"Derni\u00e8re minute\",\"Justice\"],\"inLanguage\":\"fr-FR\"},{\"@type\":\"WebPage\",\"@id\":\"https:\/\/guineediversite.com\/index.php\/2022\/01\/10\/tpi-de-dixinn-fatou-gnelloy-assignee-pour-un-mandat-damener\/\",\"url\":\"https:\/\/guineediversite.com\/index.php\/2022\/01\/10\/tpi-de-dixinn-fatou-gnelloy-assignee-pour-un-mandat-damener\/\",\"name\":\"TPI de Dixinn : Fatou Gnelloy assign\u00e9e pour un mandat d\u2019amener | Guin\u00e9e Diversit\u00e9\",\"isPartOf\":{\"@id\":\"https:\/\/guineediversite.com\/#website\"},\"primaryImageOfPage\":{\"@id\":\"https:\/\/guineediversite.com\/index.php\/2022\/01\/10\/tpi-de-dixinn-fatou-gnelloy-assignee-pour-un-mandat-damener\/#primaryimage\"},\"image\":{\"@id\":\"https:\/\/guineediversite.com\/index.php\/2022\/01\/10\/tpi-de-dixinn-fatou-gnelloy-assignee-pour-un-mandat-damener\/#primaryimage\"},\"thumbnailUrl\":\"https:\/\/guineediversite.com\/wp-content\/uploads\/2022\/01\/WhatsApp-Image-2022-01-10-at-18.15.35.jpeg\",\"datePublished\":\"2022-01-10T18:36:56+00:00\",\"dateModified\":\"2022-01-10T18:36:56+00:00\",\"breadcrumb\":{\"@id\":\"https:\/\/guineediversite.com\/index.php\/2022\/01\/10\/tpi-de-dixinn-fatou-gnelloy-assignee-pour-un-mandat-damener\/#breadcrumb\"},\"inLanguage\":\"fr-FR\",\"potentialAction\":[{\"@type\":\"ReadAction\",\"target\":[\"https:\/\/guineediversite.com\/index.php\/2022\/01\/10\/tpi-de-dixinn-fatou-gnelloy-assignee-pour-un-mandat-damener\/\"]}]},{\"@type\":\"ImageObject\",\"inLanguage\":\"fr-FR\",\"@id\":\"https:\/\/guineediversite.com\/index.php\/2022\/01\/10\/tpi-de-dixinn-fatou-gnelloy-assignee-pour-un-mandat-damener\/#primaryimage\",\"url\":\"https:\/\/guineediversite.com\/wp-content\/uploads\/2022\/01\/WhatsApp-Image-2022-01-10-at-18.15.35.jpeg\",\"contentUrl\":\"https:\/\/guineediversite.com\/wp-content\/uploads\/2022\/01\/WhatsApp-Image-2022-01-10-at-18.15.35.jpeg\",\"width\":1125,\"height\":1500},{\"@type\":\"BreadcrumbList\",\"@id\":\"https:\/\/guineediversite.com\/index.php\/2022\/01\/10\/tpi-de-dixinn-fatou-gnelloy-assignee-pour-un-mandat-damener\/#breadcrumb\",\"itemListElement\":[{\"@type\":\"ListItem\",\"position\":1,\"name\":\"Accueil\",\"item\":\"https:\/\/guineediversite.com\/\"},{\"@type\":\"ListItem\",\"position\":2,\"name\":\"TPI de Dixinn : Fatou Gnelloy assign\u00e9e pour un mandat d\u2019amener\"}]},{\"@type\":\"WebSite\",\"@id\":\"https:\/\/guineediversite.com\/#website\",\"url\":\"https:\/\/guineediversite.com\/\",\"name\":\"Guin\u00e9e Diversit\u00e9\",\"description\":\"L&#039;Info dans toute sa diversit\u00e9\",\"publisher\":{\"@id\":\"https:\/\/guineediversite.com\/#organization\"},\"potentialAction\":[{\"@type\":\"SearchAction\",\"target\":{\"@type\":\"EntryPoint\",\"urlTemplate\":\"https:\/\/guineediversite.com\/?s={search_term_string}\"},\"query-input\":{\"@type\":\"PropertyValueSpecification\",\"valueRequired\":true,\"valueName\":\"search_term_string\"}}],\"inLanguage\":\"fr-FR\"},{\"@type\":\"Organization\",\"@id\":\"https:\/\/guineediversite.com\/#organization\",\"name\":\"Guin\u00e9e Diversit\u00e9\",\"url\":\"https:\/\/guineediversite.com\/\",\"logo\":{\"@type\":\"ImageObject\",\"inLanguage\":\"fr-FR\",\"@id\":\"https:\/\/guineediversite.com\/#\/schema\/logo\/image\/\",\"url\":\"https:\/\/guineediversite.com\/wp-content\/uploads\/2017\/04\/cropped-1jojlxEOMkX9Wyqfhe43D6kjPOGqBBKmx3EwWJqZ0cMrFF54yM49.png\",\"contentUrl\":\"https:\/\/guineediversite.com\/wp-content\/uploads\/2017\/04\/cropped-1jojlxEOMkX9Wyqfhe43D6kjPOGqBBKmx3EwWJqZ0cMrFF54yM49.png\",\"width\":186,\"height\":112,\"caption\":\"Guin\u00e9e Diversit\u00e9\"},\"image\":{\"@id\":\"https:\/\/guineediversite.com\/#\/schema\/logo\/image\/\"},\"sameAs\":[\"https:\/\/www.facebook.com\/guineediversite\/\",\"https:\/\/x.com\/GuineeDiversite\",\"https:\/\/www.youtube.com\/channel\/UC8sUY16qelG5ge6_D5SB83g\"]},{\"@type\":\"Person\",\"@id\":\"https:\/\/guineediversite.com\/#\/schema\/person\/afa08fb34e7fc6e1feafc892612bc836\",\"name\":\"Guin\u00e9e Diversit\u00e9\",\"image\":{\"@type\":\"ImageObject\",\"inLanguage\":\"fr-FR\",\"@id\":\"https:\/\/guineediversite.com\/#\/schema\/person\/image\/\",\"url\":\"https:\/\/secure.gravatar.com\/avatar\/50d5eb5b390f8b65ac30ac6f898eb83a?s=96&d=mm&r=g\",\"contentUrl\":\"https:\/\/secure.gravatar.com\/avatar\/50d5eb5b390f8b65ac30ac6f898eb83a?s=96&d=mm&r=g\",\"caption\":\"Guin\u00e9e Diversit\u00e9\"},\"url\":\"https:\/\/guineediversite.com\/index.php\/author\/guineediversite\/\"}]}<\/script>\n<!-- \/ Yoast SEO plugin. -->","yoast_head_json":{"title":"TPI de Dixinn : Fatou Gnelloy assign\u00e9e pour un mandat d\u2019amener | Guin\u00e9e Diversit\u00e9","robots":{"index":"index","follow":"follow","max-snippet":"max-snippet:-1","max-image-preview":"max-image-preview:large","max-video-preview":"max-video-preview:-1"},"canonical":"https:\/\/guineediversite.com\/index.php\/2022\/01\/10\/tpi-de-dixinn-fatou-gnelloy-assignee-pour-un-mandat-damener\/","og_locale":"fr_FR","og_type":"article","og_title":"TPI de Dixinn : Fatou Gnelloy assign\u00e9e pour un mandat d\u2019amener | Guin\u00e9e Diversit\u00e9","og_description":"Un mandat d\u2019amener a \u00e9t\u00e9 assign\u00e9 par le juge d\u2019instruction du tribunal de Premi\u00e8re Instance de Dixinn contre Fatoumata Binta Diallo alias Fatou Gneloy sur les r\u00e9seaux sociaux. L\u2019adepte du pouvoir d\u00e9chu et la s\u0153ur d&rsquo;Ousmane Gnelloy sont poursuivies pour injure, diffamation et autres\u2026 elle est convoqu\u00e9e pour des faits de non-respect du contr\u00f4le judiciaire. [&hellip;]","og_url":"https:\/\/guineediversite.com\/index.php\/2022\/01\/10\/tpi-de-dixinn-fatou-gnelloy-assignee-pour-un-mandat-damener\/","og_site_name":"Guin\u00e9e Diversit\u00e9","article_publisher":"https:\/\/www.facebook.com\/guineediversite\/","article_published_time":"2022-01-10T18:36:56+00:00","og_image":[{"width":1125,"height":1500,"url":"https:\/\/guineediversite.com\/wp-content\/uploads\/2022\/01\/WhatsApp-Image-2022-01-10-at-18.15.35.jpeg","type":"image\/jpeg"}],"author":"Guin\u00e9e Diversit\u00e9","twitter_card":"summary_large_image","twitter_creator":"@GuineeDiversite","twitter_site":"@GuineeDiversite","twitter_misc":{"\u00c9crit par":"Guin\u00e9e Diversit\u00e9"},"schema":{"@context":"https:\/\/schema.org","@graph":[{"@type":"Article","@id":"https:\/\/guineediversite.com\/index.php\/2022\/01\/10\/tpi-de-dixinn-fatou-gnelloy-assignee-pour-un-mandat-damener\/#article","isPartOf":{"@id":"https:\/\/guineediversite.com\/index.php\/2022\/01\/10\/tpi-de-dixinn-fatou-gnelloy-assignee-pour-un-mandat-damener\/"},"author":{"name":"Guin\u00e9e Diversit\u00e9","@id":"https:\/\/guineediversite.com\/#\/schema\/person\/afa08fb34e7fc6e1feafc892612bc836"},"headline":"TPI de Dixinn : Fatou Gnelloy assign\u00e9e pour un mandat d\u2019amener","datePublished":"2022-01-10T18:36:56+00:00","dateModified":"2022-01-10T18:36:56+00:00","mainEntityOfPage":{"@id":"https:\/\/guineediversite.com\/index.php\/2022\/01\/10\/tpi-de-dixinn-fatou-gnelloy-assignee-pour-un-mandat-damener\/"},"wordCount":89,"publisher":{"@id":"https:\/\/guineediversite.com\/#organization"},"image":{"@id":"https:\/\/guineediversite.com\/index.php\/2022\/01\/10\/tpi-de-dixinn-fatou-gnelloy-assignee-pour-un-mandat-damener\/#primaryimage"},"thumbnailUrl":"https:\/\/guineediversite.com\/wp-content\/uploads\/2022\/01\/WhatsApp-Image-2022-01-10-at-18.15.35.jpeg","articleSection":["Derni\u00e8re minute","Justice"],"inLanguage":"fr-FR"},{"@type":"WebPage","@id":"https:\/\/guineediversite.com\/index.php\/2022\/01\/10\/tpi-de-dixinn-fatou-gnelloy-assignee-pour-un-mandat-damener\/","url":"https:\/\/guineediversite.com\/index.php\/2022\/01\/10\/tpi-de-dixinn-fatou-gnelloy-assignee-pour-un-mandat-damener\/","name":"TPI de Dixinn : Fatou Gnelloy assign\u00e9e pour un mandat d\u2019amener | Guin\u00e9e Diversit\u00e9","isPartOf":{"@id":"https:\/\/guineediversite.com\/#website"},"primaryImageOfPage":{"@id":"https:\/\/guineediversite.com\/index.php\/2022\/01\/10\/tpi-de-dixinn-fatou-gnelloy-assignee-pour-un-mandat-damener\/#primaryimage"},"image":{"@id":"https:\/\/guineediversite.com\/index.php\/2022\/01\/10\/tpi-de-dixinn-fatou-gnelloy-assignee-pour-un-mandat-damener\/#primaryimage"},"thumbnailUrl":"https:\/\/guineediversite.com\/wp-content\/uploads\/2022\/01\/WhatsApp-Image-2022-01-10-at-18.15.35.jpeg","datePublished":"2022-01-10T18:36:56+00:00","dateModified":"2022-01-10T18:36:56+00:00","breadcrumb":{"@id":"https:\/\/guineediversite.com\/index.php\/2022\/01\/10\/tpi-de-dixinn-fatou-gnelloy-assignee-pour-un-mandat-damener\/#breadcrumb"},"inLanguage":"fr-FR","potentialAction":[{"@type":"ReadAction","target":["https:\/\/guineediversite.com\/index.php\/2022\/01\/10\/tpi-de-dixinn-fatou-gnelloy-assignee-pour-un-mandat-damener\/"]}]},{"@type":"ImageObject","inLanguage":"fr-FR","@id":"https:\/\/guineediversite.com\/index.php\/2022\/01\/10\/tpi-de-dixinn-fatou-gnelloy-assignee-pour-un-mandat-damener\/#primaryimage","url":"https:\/\/guineediversite.com\/wp-content\/uploads\/2022\/01\/WhatsApp-Image-2022-01-10-at-18.15.35.jpeg","contentUrl":"https:\/\/guineediversite.com\/wp-content\/uploads\/2022\/01\/WhatsApp-Image-2022-01-10-at-18.15.35.jpeg","width":1125,"height":1500},{"@type":"BreadcrumbList","@id":"https:\/\/guineediversite.com\/index.php\/2022\/01\/10\/tpi-de-dixinn-fatou-gnelloy-assignee-pour-un-mandat-damener\/#breadcrumb","itemListElement":[{"@type":"ListItem","position":1,"name":"Accueil","item":"https:\/\/guineediversite.com\/"},{"@type":"ListItem","position":2,"name":"TPI de Dixinn : Fatou Gnelloy assign\u00e9e pour un mandat d\u2019amener"}]},{"@type":"WebSite","@id":"https:\/\/guineediversite.com\/#website","url":"https:\/\/guineediversite.com\/","name":"Guin\u00e9e Diversit\u00e9","description":"L&#039;Info dans toute sa diversit\u00e9","publisher":{"@id":"https:\/\/guineediversite.com\/#organization"},"potentialAction":[{"@type":"SearchAction","target":{"@type":"EntryPoint","urlTemplate":"https:\/\/guineediversite.com\/?s={search_term_string}"},"query-input":{"@type":"PropertyValueSpecification","valueRequired":true,"valueName":"search_term_string"}}],"inLanguage":"fr-FR"},{"@type":"Organization","@id":"https:\/\/guineediversite.com\/#organization","name":"Guin\u00e9e Diversit\u00e9","url":"https:\/\/guineediversite.com\/","logo":{"@type":"ImageObject","inLanguage":"fr-FR","@id":"https:\/\/guineediversite.com\/#\/schema\/logo\/image\/","url":"https:\/\/guineediversite.com\/wp-content\/uploads\/2017\/04\/cropped-1jojlxEOMkX9Wyqfhe43D6kjPOGqBBKmx3EwWJqZ0cMrFF54yM49.png","contentUrl":"https:\/\/guineediversite.com\/wp-content\/uploads\/2017\/04\/cropped-1jojlxEOMkX9Wyqfhe43D6kjPOGqBBKmx3EwWJqZ0cMrFF54yM49.png","width":186,"height":112,"caption":"Guin\u00e9e Diversit\u00e9"},"image":{"@id":"https:\/\/guineediversite.com\/#\/schema\/logo\/image\/"},"sameAs":["https:\/\/www.facebook.com\/guineediversite\/","https:\/\/x.com\/GuineeDiversite","https:\/\/www.youtube.com\/channel\/UC8sUY16qelG5ge6_D5SB83g"]},{"@type":"Person","@id":"https:\/\/guineediversite.com\/#\/schema\/person\/afa08fb34e7fc6e1feafc892612bc836","name":"Guin\u00e9e Diversit\u00e9","image":{"@type":"ImageObject","inLanguage":"fr-FR","@id":"https:\/\/guineediversite.com\/#\/schema\/person\/image\/","url":"https:\/\/secure.gravatar.com\/avatar\/50d5eb5b390f8b65ac30ac6f898eb83a?s=96&d=mm&r=g","contentUrl":"https:\/\/secure.gravatar.com\/avatar\/50d5eb5b390f8b65ac30ac6f898eb83a?s=96&d=mm&r=g","caption":"Guin\u00e9e Diversit\u00e9"},"url":"https:\/\/guineediversite.com\/index.php\/author\/guineediversite\/"}]}},"_links":{"self":[{"href":"https:\/\/guineediversite.com\/index.php\/wp-json\/wp\/v2\/posts\/32312"}],"collection":[{"href":"https:\/\/guineediversite.com\/index.php\/wp-json\/wp\/v2\/posts"}],"about":[{"href":"https:\/\/guineediversite.com\/index.php\/wp-json\/wp\/v2\/types\/post"}],"author":[{"embeddable":true,"href":"https:\/\/guineediversite.com\/index.php\/wp-json\/wp\/v2\/users\/12"}],"replies":[{"embeddable":true,"href":"https:\/\/guineediversite.com\/index.php\/wp-json\/wp\/v2\/comments?post=32312"}],"version-history":[{"count":1,"href":"https:\/\/guineediversite.com\/index.php\/wp-json\/wp\/v2\/posts\/32312\/revisions"}],"predecessor-version":[{"id":32315,"href":"https:\/\/guineediversite.com\/index.php\/wp-json\/wp\/v2\/posts\/32312\/revisions\/32315"}],"wp:featuredmedia":[{"embeddable":true,"href":"https:\/\/guineediversite.com\/index.php\/wp-json\/wp\/v2\/media\/32313"}],"wp:attachment":[{"href":"https:\/\/guineediversite.com\/index.php\/wp-json\/wp\/v2\/media?parent=32312"}],"wp:term":[{"taxonomy":"category","embeddable":true,"href":"https:\/\/guineediversite.com\/index.php\/wp-json\/wp\/v2\/categories?post=32312"},{"taxonomy":"post_tag","embeddable":true,"href":"https:\/\/guineediversite.com\/index.php\/wp-json\/wp\/v2\/tags?post=32312"}],"curies":[{"name":"wp","href":"https:\/\/api.w.org\/{rel}","templated":true}]}}