{"id":32272,"date":"2022-01-03T11:05:24","date_gmt":"2022-01-03T10:05:24","guid":{"rendered":"https:\/\/guineediversite.com\/?p=32272"},"modified":"2022-01-03T11:05:24","modified_gmt":"2022-01-03T10:05:24","slug":"soudan-le-premier-ministre-civil-abdallah-hamdok-annonce-sa-demission","status":"publish","type":"post","link":"https:\/\/guineediversite.com\/index.php\/2022\/01\/03\/soudan-le-premier-ministre-civil-abdallah-hamdok-annonce-sa-demission\/","title":{"rendered":"Soudan: le Premier ministre civil Abdallah Hamdok annonce sa d\u00e9mission"},"content":{"rendered":"<p>L&rsquo;\u00e9conomiste onusien devenu Premier ministre du Soudan Abdallah Hamdok a annonc\u00e9 sa d\u00e9mission ce dimanche 2 janvier 2022 dans la soir\u00e9e, apr\u00e8s une nouvelle journ\u00e9e de manifestation durant laquelle au moins trois\u00a0personnes ont \u00e9t\u00e9 tu\u00e9es. Hamdok \u00e9tait revenu au pouvoir il y a moins de deux mois, dans le cadre d&rsquo;un accord politique conclu avec les militaires.<\/p>\n<p>Il a finalement annonc\u00e9 dimanche sa d\u00e9mission, dans un discours t\u00e9l\u00e9vis\u00e9 \u00e0 la nation. \u00ab\u00a0<em>J&rsquo;ai tent\u00e9 de mon mieux d&#8217;emp\u00eacher le pays de glisser vers la catastrophe, alors qu&rsquo;aujourd&rsquo;hui il traverse un tournant dangereux qui menace sa survie [&#8230;] au vu des conflits entre les composantes (civile et militaire) de la transition [&#8230;] Malgr\u00e9 tout ce qui a \u00e9t\u00e9 fait pour parvenir \u00e0 un consensus [&#8230;] cela ne s&rsquo;est pas produit<\/em>\u00a0\u00bb, a-t-il notamment expliqu\u00e9.<\/p>\n<p>Mais en raison de la \u00ab\u00a0fragmentation des forces politiques et des conflits entre les composantes de la transition \u00bb, il ne voyait pas d&rsquo;autre solution que de d\u00e9missionner.<\/p>\n<p>Cette d\u00e9mission ne surprendra pas les Soudanais. Hamdok avait menac\u00e9 \u00e0 plusieurs reprises de quitter l&rsquo;accord politique qu&rsquo;il avait conclu avec la junte, faute de consensus. Il avait eu du mal \u00e0 trouver des volontaires civils de venir le rejoindre pour former un gouvernement.<\/p>\n<p>Les Soudanais, dont nombreux ont encore manifest\u00e9 ce dimanche, le voyait comme un \u00ab<em>\u00a0tra\u00eetre\u00a0<\/em>\u00bb qui aidait les militaires \u00e0 \u00ab<em>\u00a0faciliter le retour de l&rsquo;ancien r\u00e9gime\u00a0<\/em>\u00bb. Trois personnes ont \u00e9t\u00e9 tu\u00e9es par les forces de s\u00e9curit\u00e9, selon l&rsquo;association de m\u00e9decins proche du mouvement de contestation durant la journ\u00e9e de manifestations.<\/p>\n<p>Mais ni la r\u00e9pression, ni la d\u00e9mission d&rsquo;Hamdok n&rsquo;affaibliront leur mobilisation ont fait savoir les r\u00e9volutionnaires, qui n&rsquo;arr\u00eateront pas avant le d\u00e9part des militaires et la reprise du contr\u00f4le de la transition par des civils.<\/p>\n<p>Nous avons aussi enregistr\u00e9 plusieurs bless\u00e9s. Le probl\u00e8me, c&rsquo;est qu&rsquo;ils ne peuvent pas vraiment acc\u00e9der aux soins m\u00e9dicaux. Les h\u00f4pitaux sont dangereux. Dimanche, les forces de s\u00e9curit\u00e9 ont envahi l&rsquo;h\u00f4pital principal de Khartoum \u00e0 deux reprises. Ils cherchaient des r\u00e9volutionnaires qui avaient \u00e9t\u00e9 bless\u00e9s et le personnel de sant\u00e9 qui les ont soign\u00e9\u2026 Ils n&rsquo;arr\u00eatent pas de s&rsquo;en prendre aux h\u00f4pitaux pour chercher toute personne ayant particip\u00e9 aux manifestations pour les arr\u00eater.<\/p>\n<p>Mahmoud Alwali (m\u00e9decin): \u00abPour les r\u00e9volutionnaires, \u00e7a leur est \u00e9gal si Hamdok d\u00e9missionne\u00bb<\/p>\n<p>Christina Okello<\/p>\n<p><strong>Prise de contr\u00f4le de l\u2019arm\u00e9e en octobre<\/strong><\/p>\n<p>En ao\u00fbt 2019, il incarnait l&rsquo;espoir d&rsquo;une remise du pouvoir aux civils\u00a0: il devait un temps partager la direction de ce grand pays d&rsquo;Afrique de l&rsquo;Est, l&rsquo;un des plus pauvres au monde, avec l&rsquo;arm\u00e9e quasiment toujours aux manettes depuis l&rsquo;ind\u00e9pendance.<\/p>\n<p>Ensuite, ce moustachu grisonnant de 65 ans rentr\u00e9 au Soudan dans la foul\u00e9e de la \u00ab r\u00e9volution \u00bb qui renversa en 2019 Omar el-B\u00e9chir aurait repris les r\u00eanes. Il aurait \u00e9t\u00e9 entour\u00e9 uniquement de civils pour organiser les premi\u00e8res \u00e9lections libres apr\u00e8s trois d\u00e9cennies de dictature militaro-islamiste.<\/p>\n<p>Mais le 25 octobre \u00e0 l&rsquo;aube, des soldats ont d\u00e9barqu\u00e9 chez lui, l&#8217;emmenant avec son \u00e9pouse chez le g\u00e9n\u00e9ral Abdel Fattah al-Burhan. Le chef de l&rsquo;arm\u00e9e annon\u00e7ait peu apr\u00e8s dissoudre toutes les institutions du pays et mettait de fait un point final \u00e0 la transition d\u00e9mocratique.<\/p>\n<p><strong>D\u2019\u00ab\u00a0otage\u00a0\u00bb \u00e0 \u00ab\u00a0tra\u00eetre\u00a0\u00bb<\/strong><\/p>\n<p>Un mois plus tard, le 21 novembre, le Premier ministre, arriv\u00e9 au pouvoir gr\u00e2ce au soutien des partisans d&rsquo;un transfert complet du pouvoir aux civils, sortait de r\u00e9sidence surveill\u00e9e. Il retrouvait dans le m\u00eame son poste aux termes d&rsquo;un accord contest\u00e9 avec le m\u00eame g\u00e9n\u00e9ral Burhan, qui s\u2019\u00e9tait engag\u00e9 \u00e0 lib\u00e9rer tous les prisonniers politiques. Au m\u00eame moment, il devenait pour la rue, qui longtemps avait r\u00e9clam\u00e9 la lib\u00e9ration de son h\u00e9ros \u00ab <em>otage<\/em> \u00bb, un \u00ab<em> tra\u00eetre<\/em> \u00bb qui, en s&rsquo;alliant avec l&rsquo;arm\u00e9e, facilitait de fait \u00ab <em>le retour \u00e0 l&rsquo;ancien r\u00e9gime<\/em>\u00a0\u00bb.<\/p>\n<p>Abdallah Hamdok, lui, plaidait la bonne foi, assurant vouloir faire \u00ab\u00a0<em>cesser l&rsquo;effusion de sang<\/em>\u00a0\u00bb face \u00e0 une r\u00e9pression ayant fait une cinquantaine de morts et sauvegarder \u00ab\u00a0<em>les acquis de la r\u00e9volution<\/em>\u00a0\u00bb dans le pays qui amorce toujours son retour dans le concert des nations. Mais le 19 d\u00e9cembre, pour le troisi\u00e8me anniversaire du lancement de la \u00ab\u00a0<em>r\u00e9volution<\/em>\u00a0\u00bb, il reconnaissait \u00ab\u00a0<em>un grand pas en arri\u00e8re sur le chemin r\u00e9volutionnaire<\/em>\u00a0\u00bb, d\u00e9non\u00e7ant violence et blocage politique.<\/p>\n<p><strong>RFI<\/strong><\/p>\n","protected":false},"excerpt":{"rendered":"<p>L&rsquo;\u00e9conomiste onusien devenu Premier ministre du Soudan Abdallah Hamdok a annonc\u00e9 sa d\u00e9mission ce dimanche 2 janvier 2022 dans la soir\u00e9e, apr\u00e8s une nouvelle journ\u00e9e de manifestation durant laquelle au moins trois\u00a0personnes ont \u00e9t\u00e9 tu\u00e9es. Hamdok \u00e9tait revenu au pouvoir il y a moins de deux mois, dans le cadre d&rsquo;un accord politique conclu avec [&hellip;]<\/p>\n","protected":false},"author":12,"featured_media":32273,"comment_status":"closed","ping_status":"open","sticky":false,"template":"","format":"standard","meta":{"_exactmetrics_skip_tracking":false,"_exactmetrics_sitenote_active":false,"_exactmetrics_sitenote_note":"","_exactmetrics_sitenote_category":0,"tdm_status":"","tdm_grid_status":"","footnotes":""},"categories":[21],"tags":[],"class_list":{"0":"post-32272","1":"post","2":"type-post","3":"status-publish","4":"format-standard","5":"has-post-thumbnail","7":"category-international"},"yoast_head":"<!-- This site is optimized with the Yoast SEO plugin v24.2 - https:\/\/yoast.com\/wordpress\/plugins\/seo\/ -->\n<title>Soudan: le Premier ministre civil Abdallah Hamdok annonce sa d\u00e9mission | Guin\u00e9e Diversit\u00e9<\/title>\n<meta name=\"robots\" content=\"index, follow, max-snippet:-1, max-image-preview:large, max-video-preview:-1\" \/>\n<link rel=\"canonical\" href=\"https:\/\/guineediversite.com\/index.php\/2022\/01\/03\/soudan-le-premier-ministre-civil-abdallah-hamdok-annonce-sa-demission\/\" \/>\n<meta property=\"og:locale\" content=\"fr_FR\" \/>\n<meta property=\"og:type\" content=\"article\" \/>\n<meta property=\"og:title\" content=\"Soudan: le Premier ministre civil Abdallah Hamdok annonce sa d\u00e9mission | Guin\u00e9e Diversit\u00e9\" \/>\n<meta property=\"og:description\" content=\"L&rsquo;\u00e9conomiste onusien devenu Premier ministre du Soudan Abdallah Hamdok a annonc\u00e9 sa d\u00e9mission ce dimanche 2 janvier 2022 dans la soir\u00e9e, apr\u00e8s une nouvelle journ\u00e9e de manifestation durant laquelle au moins trois\u00a0personnes ont \u00e9t\u00e9 tu\u00e9es. Hamdok \u00e9tait revenu au pouvoir il y a moins de deux mois, dans le cadre d&rsquo;un accord politique conclu avec [&hellip;]\" \/>\n<meta property=\"og:url\" content=\"https:\/\/guineediversite.com\/index.php\/2022\/01\/03\/soudan-le-premier-ministre-civil-abdallah-hamdok-annonce-sa-demission\/\" \/>\n<meta property=\"og:site_name\" content=\"Guin\u00e9e Diversit\u00e9\" \/>\n<meta property=\"article:publisher\" content=\"https:\/\/www.facebook.com\/guineediversite\/\" \/>\n<meta property=\"article:published_time\" content=\"2022-01-03T10:05:24+00:00\" \/>\n<meta property=\"og:image\" content=\"https:\/\/guineediversite.com\/wp-content\/uploads\/2022\/01\/SOUDAN-MINISTRE.jpg\" \/>\n\t<meta property=\"og:image:width\" content=\"1300\" \/>\n\t<meta property=\"og:image:height\" content=\"730\" \/>\n\t<meta property=\"og:image:type\" content=\"image\/jpeg\" \/>\n<meta name=\"author\" content=\"Guin\u00e9e Diversit\u00e9\" \/>\n<meta name=\"twitter:card\" content=\"summary_large_image\" \/>\n<meta name=\"twitter:creator\" content=\"@GuineeDiversite\" \/>\n<meta name=\"twitter:site\" content=\"@GuineeDiversite\" \/>\n<meta name=\"twitter:label1\" content=\"\u00c9crit par\" \/>\n\t<meta name=\"twitter:data1\" content=\"Guin\u00e9e Diversit\u00e9\" \/>\n\t<meta name=\"twitter:label2\" content=\"Dur\u00e9e de lecture estim\u00e9e\" \/>\n\t<meta name=\"twitter:data2\" content=\"4 minutes\" \/>\n<script type=\"application\/ld+json\" class=\"yoast-schema-graph\">{\"@context\":\"https:\/\/schema.org\",\"@graph\":[{\"@type\":\"Article\",\"@id\":\"https:\/\/guineediversite.com\/index.php\/2022\/01\/03\/soudan-le-premier-ministre-civil-abdallah-hamdok-annonce-sa-demission\/#article\",\"isPartOf\":{\"@id\":\"https:\/\/guineediversite.com\/index.php\/2022\/01\/03\/soudan-le-premier-ministre-civil-abdallah-hamdok-annonce-sa-demission\/\"},\"author\":{\"name\":\"Guin\u00e9e Diversit\u00e9\",\"@id\":\"https:\/\/guineediversite.com\/#\/schema\/person\/afa08fb34e7fc6e1feafc892612bc836\"},\"headline\":\"Soudan: le Premier ministre civil Abdallah Hamdok annonce sa d\u00e9mission\",\"datePublished\":\"2022-01-03T10:05:24+00:00\",\"dateModified\":\"2022-01-03T10:05:24+00:00\",\"mainEntityOfPage\":{\"@id\":\"https:\/\/guineediversite.com\/index.php\/2022\/01\/03\/soudan-le-premier-ministre-civil-abdallah-hamdok-annonce-sa-demission\/\"},\"wordCount\":786,\"publisher\":{\"@id\":\"https:\/\/guineediversite.com\/#organization\"},\"image\":{\"@id\":\"https:\/\/guineediversite.com\/index.php\/2022\/01\/03\/soudan-le-premier-ministre-civil-abdallah-hamdok-annonce-sa-demission\/#primaryimage\"},\"thumbnailUrl\":\"https:\/\/guineediversite.com\/wp-content\/uploads\/2022\/01\/SOUDAN-MINISTRE.jpg\",\"articleSection\":[\"International\"],\"inLanguage\":\"fr-FR\"},{\"@type\":\"WebPage\",\"@id\":\"https:\/\/guineediversite.com\/index.php\/2022\/01\/03\/soudan-le-premier-ministre-civil-abdallah-hamdok-annonce-sa-demission\/\",\"url\":\"https:\/\/guineediversite.com\/index.php\/2022\/01\/03\/soudan-le-premier-ministre-civil-abdallah-hamdok-annonce-sa-demission\/\",\"name\":\"Soudan: le Premier ministre civil Abdallah Hamdok annonce sa d\u00e9mission | Guin\u00e9e Diversit\u00e9\",\"isPartOf\":{\"@id\":\"https:\/\/guineediversite.com\/#website\"},\"primaryImageOfPage\":{\"@id\":\"https:\/\/guineediversite.com\/index.php\/2022\/01\/03\/soudan-le-premier-ministre-civil-abdallah-hamdok-annonce-sa-demission\/#primaryimage\"},\"image\":{\"@id\":\"https:\/\/guineediversite.com\/index.php\/2022\/01\/03\/soudan-le-premier-ministre-civil-abdallah-hamdok-annonce-sa-demission\/#primaryimage\"},\"thumbnailUrl\":\"https:\/\/guineediversite.com\/wp-content\/uploads\/2022\/01\/SOUDAN-MINISTRE.jpg\",\"datePublished\":\"2022-01-03T10:05:24+00:00\",\"dateModified\":\"2022-01-03T10:05:24+00:00\",\"breadcrumb\":{\"@id\":\"https:\/\/guineediversite.com\/index.php\/2022\/01\/03\/soudan-le-premier-ministre-civil-abdallah-hamdok-annonce-sa-demission\/#breadcrumb\"},\"inLanguage\":\"fr-FR\",\"potentialAction\":[{\"@type\":\"ReadAction\",\"target\":[\"https:\/\/guineediversite.com\/index.php\/2022\/01\/03\/soudan-le-premier-ministre-civil-abdallah-hamdok-annonce-sa-demission\/\"]}]},{\"@type\":\"ImageObject\",\"inLanguage\":\"fr-FR\",\"@id\":\"https:\/\/guineediversite.com\/index.php\/2022\/01\/03\/soudan-le-premier-ministre-civil-abdallah-hamdok-annonce-sa-demission\/#primaryimage\",\"url\":\"https:\/\/guineediversite.com\/wp-content\/uploads\/2022\/01\/SOUDAN-MINISTRE.jpg\",\"contentUrl\":\"https:\/\/guineediversite.com\/wp-content\/uploads\/2022\/01\/SOUDAN-MINISTRE.jpg\",\"width\":1300,\"height\":730},{\"@type\":\"BreadcrumbList\",\"@id\":\"https:\/\/guineediversite.com\/index.php\/2022\/01\/03\/soudan-le-premier-ministre-civil-abdallah-hamdok-annonce-sa-demission\/#breadcrumb\",\"itemListElement\":[{\"@type\":\"ListItem\",\"position\":1,\"name\":\"Accueil\",\"item\":\"https:\/\/guineediversite.com\/\"},{\"@type\":\"ListItem\",\"position\":2,\"name\":\"Soudan: le Premier ministre civil Abdallah Hamdok annonce sa d\u00e9mission\"}]},{\"@type\":\"WebSite\",\"@id\":\"https:\/\/guineediversite.com\/#website\",\"url\":\"https:\/\/guineediversite.com\/\",\"name\":\"Guin\u00e9e Diversit\u00e9\",\"description\":\"L&#039;Info dans toute sa diversit\u00e9\",\"publisher\":{\"@id\":\"https:\/\/guineediversite.com\/#organization\"},\"potentialAction\":[{\"@type\":\"SearchAction\",\"target\":{\"@type\":\"EntryPoint\",\"urlTemplate\":\"https:\/\/guineediversite.com\/?s={search_term_string}\"},\"query-input\":{\"@type\":\"PropertyValueSpecification\",\"valueRequired\":true,\"valueName\":\"search_term_string\"}}],\"inLanguage\":\"fr-FR\"},{\"@type\":\"Organization\",\"@id\":\"https:\/\/guineediversite.com\/#organization\",\"name\":\"Guin\u00e9e Diversit\u00e9\",\"url\":\"https:\/\/guineediversite.com\/\",\"logo\":{\"@type\":\"ImageObject\",\"inLanguage\":\"fr-FR\",\"@id\":\"https:\/\/guineediversite.com\/#\/schema\/logo\/image\/\",\"url\":\"https:\/\/guineediversite.com\/wp-content\/uploads\/2017\/04\/cropped-1jojlxEOMkX9Wyqfhe43D6kjPOGqBBKmx3EwWJqZ0cMrFF54yM49.png\",\"contentUrl\":\"https:\/\/guineediversite.com\/wp-content\/uploads\/2017\/04\/cropped-1jojlxEOMkX9Wyqfhe43D6kjPOGqBBKmx3EwWJqZ0cMrFF54yM49.png\",\"width\":186,\"height\":112,\"caption\":\"Guin\u00e9e Diversit\u00e9\"},\"image\":{\"@id\":\"https:\/\/guineediversite.com\/#\/schema\/logo\/image\/\"},\"sameAs\":[\"https:\/\/www.facebook.com\/guineediversite\/\",\"https:\/\/x.com\/GuineeDiversite\",\"https:\/\/www.youtube.com\/channel\/UC8sUY16qelG5ge6_D5SB83g\"]},{\"@type\":\"Person\",\"@id\":\"https:\/\/guineediversite.com\/#\/schema\/person\/afa08fb34e7fc6e1feafc892612bc836\",\"name\":\"Guin\u00e9e Diversit\u00e9\",\"image\":{\"@type\":\"ImageObject\",\"inLanguage\":\"fr-FR\",\"@id\":\"https:\/\/guineediversite.com\/#\/schema\/person\/image\/\",\"url\":\"https:\/\/secure.gravatar.com\/avatar\/50d5eb5b390f8b65ac30ac6f898eb83a?s=96&d=mm&r=g\",\"contentUrl\":\"https:\/\/secure.gravatar.com\/avatar\/50d5eb5b390f8b65ac30ac6f898eb83a?s=96&d=mm&r=g\",\"caption\":\"Guin\u00e9e Diversit\u00e9\"},\"url\":\"https:\/\/guineediversite.com\/index.php\/author\/guineediversite\/\"}]}<\/script>\n<!-- \/ Yoast SEO plugin. -->","yoast_head_json":{"title":"Soudan: le Premier ministre civil Abdallah Hamdok annonce sa d\u00e9mission | Guin\u00e9e Diversit\u00e9","robots":{"index":"index","follow":"follow","max-snippet":"max-snippet:-1","max-image-preview":"max-image-preview:large","max-video-preview":"max-video-preview:-1"},"canonical":"https:\/\/guineediversite.com\/index.php\/2022\/01\/03\/soudan-le-premier-ministre-civil-abdallah-hamdok-annonce-sa-demission\/","og_locale":"fr_FR","og_type":"article","og_title":"Soudan: le Premier ministre civil Abdallah Hamdok annonce sa d\u00e9mission | Guin\u00e9e Diversit\u00e9","og_description":"L&rsquo;\u00e9conomiste onusien devenu Premier ministre du Soudan Abdallah Hamdok a annonc\u00e9 sa d\u00e9mission ce dimanche 2 janvier 2022 dans la soir\u00e9e, apr\u00e8s une nouvelle journ\u00e9e de manifestation durant laquelle au moins trois\u00a0personnes ont \u00e9t\u00e9 tu\u00e9es. Hamdok \u00e9tait revenu au pouvoir il y a moins de deux mois, dans le cadre d&rsquo;un accord politique conclu avec [&hellip;]","og_url":"https:\/\/guineediversite.com\/index.php\/2022\/01\/03\/soudan-le-premier-ministre-civil-abdallah-hamdok-annonce-sa-demission\/","og_site_name":"Guin\u00e9e Diversit\u00e9","article_publisher":"https:\/\/www.facebook.com\/guineediversite\/","article_published_time":"2022-01-03T10:05:24+00:00","og_image":[{"width":1300,"height":730,"url":"https:\/\/guineediversite.com\/wp-content\/uploads\/2022\/01\/SOUDAN-MINISTRE.jpg","type":"image\/jpeg"}],"author":"Guin\u00e9e Diversit\u00e9","twitter_card":"summary_large_image","twitter_creator":"@GuineeDiversite","twitter_site":"@GuineeDiversite","twitter_misc":{"\u00c9crit par":"Guin\u00e9e Diversit\u00e9","Dur\u00e9e de lecture estim\u00e9e":"4 minutes"},"schema":{"@context":"https:\/\/schema.org","@graph":[{"@type":"Article","@id":"https:\/\/guineediversite.com\/index.php\/2022\/01\/03\/soudan-le-premier-ministre-civil-abdallah-hamdok-annonce-sa-demission\/#article","isPartOf":{"@id":"https:\/\/guineediversite.com\/index.php\/2022\/01\/03\/soudan-le-premier-ministre-civil-abdallah-hamdok-annonce-sa-demission\/"},"author":{"name":"Guin\u00e9e Diversit\u00e9","@id":"https:\/\/guineediversite.com\/#\/schema\/person\/afa08fb34e7fc6e1feafc892612bc836"},"headline":"Soudan: le Premier ministre civil Abdallah Hamdok annonce sa d\u00e9mission","datePublished":"2022-01-03T10:05:24+00:00","dateModified":"2022-01-03T10:05:24+00:00","mainEntityOfPage":{"@id":"https:\/\/guineediversite.com\/index.php\/2022\/01\/03\/soudan-le-premier-ministre-civil-abdallah-hamdok-annonce-sa-demission\/"},"wordCount":786,"publisher":{"@id":"https:\/\/guineediversite.com\/#organization"},"image":{"@id":"https:\/\/guineediversite.com\/index.php\/2022\/01\/03\/soudan-le-premier-ministre-civil-abdallah-hamdok-annonce-sa-demission\/#primaryimage"},"thumbnailUrl":"https:\/\/guineediversite.com\/wp-content\/uploads\/2022\/01\/SOUDAN-MINISTRE.jpg","articleSection":["International"],"inLanguage":"fr-FR"},{"@type":"WebPage","@id":"https:\/\/guineediversite.com\/index.php\/2022\/01\/03\/soudan-le-premier-ministre-civil-abdallah-hamdok-annonce-sa-demission\/","url":"https:\/\/guineediversite.com\/index.php\/2022\/01\/03\/soudan-le-premier-ministre-civil-abdallah-hamdok-annonce-sa-demission\/","name":"Soudan: le Premier ministre civil Abdallah Hamdok annonce sa d\u00e9mission | Guin\u00e9e Diversit\u00e9","isPartOf":{"@id":"https:\/\/guineediversite.com\/#website"},"primaryImageOfPage":{"@id":"https:\/\/guineediversite.com\/index.php\/2022\/01\/03\/soudan-le-premier-ministre-civil-abdallah-hamdok-annonce-sa-demission\/#primaryimage"},"image":{"@id":"https:\/\/guineediversite.com\/index.php\/2022\/01\/03\/soudan-le-premier-ministre-civil-abdallah-hamdok-annonce-sa-demission\/#primaryimage"},"thumbnailUrl":"https:\/\/guineediversite.com\/wp-content\/uploads\/2022\/01\/SOUDAN-MINISTRE.jpg","datePublished":"2022-01-03T10:05:24+00:00","dateModified":"2022-01-03T10:05:24+00:00","breadcrumb":{"@id":"https:\/\/guineediversite.com\/index.php\/2022\/01\/03\/soudan-le-premier-ministre-civil-abdallah-hamdok-annonce-sa-demission\/#breadcrumb"},"inLanguage":"fr-FR","potentialAction":[{"@type":"ReadAction","target":["https:\/\/guineediversite.com\/index.php\/2022\/01\/03\/soudan-le-premier-ministre-civil-abdallah-hamdok-annonce-sa-demission\/"]}]},{"@type":"ImageObject","inLanguage":"fr-FR","@id":"https:\/\/guineediversite.com\/index.php\/2022\/01\/03\/soudan-le-premier-ministre-civil-abdallah-hamdok-annonce-sa-demission\/#primaryimage","url":"https:\/\/guineediversite.com\/wp-content\/uploads\/2022\/01\/SOUDAN-MINISTRE.jpg","contentUrl":"https:\/\/guineediversite.com\/wp-content\/uploads\/2022\/01\/SOUDAN-MINISTRE.jpg","width":1300,"height":730},{"@type":"BreadcrumbList","@id":"https:\/\/guineediversite.com\/index.php\/2022\/01\/03\/soudan-le-premier-ministre-civil-abdallah-hamdok-annonce-sa-demission\/#breadcrumb","itemListElement":[{"@type":"ListItem","position":1,"name":"Accueil","item":"https:\/\/guineediversite.com\/"},{"@type":"ListItem","position":2,"name":"Soudan: le Premier ministre civil Abdallah Hamdok annonce sa d\u00e9mission"}]},{"@type":"WebSite","@id":"https:\/\/guineediversite.com\/#website","url":"https:\/\/guineediversite.com\/","name":"Guin\u00e9e Diversit\u00e9","description":"L&#039;Info dans toute sa diversit\u00e9","publisher":{"@id":"https:\/\/guineediversite.com\/#organization"},"potentialAction":[{"@type":"SearchAction","target":{"@type":"EntryPoint","urlTemplate":"https:\/\/guineediversite.com\/?s={search_term_string}"},"query-input":{"@type":"PropertyValueSpecification","valueRequired":true,"valueName":"search_term_string"}}],"inLanguage":"fr-FR"},{"@type":"Organization","@id":"https:\/\/guineediversite.com\/#organization","name":"Guin\u00e9e Diversit\u00e9","url":"https:\/\/guineediversite.com\/","logo":{"@type":"ImageObject","inLanguage":"fr-FR","@id":"https:\/\/guineediversite.com\/#\/schema\/logo\/image\/","url":"https:\/\/guineediversite.com\/wp-content\/uploads\/2017\/04\/cropped-1jojlxEOMkX9Wyqfhe43D6kjPOGqBBKmx3EwWJqZ0cMrFF54yM49.png","contentUrl":"https:\/\/guineediversite.com\/wp-content\/uploads\/2017\/04\/cropped-1jojlxEOMkX9Wyqfhe43D6kjPOGqBBKmx3EwWJqZ0cMrFF54yM49.png","width":186,"height":112,"caption":"Guin\u00e9e Diversit\u00e9"},"image":{"@id":"https:\/\/guineediversite.com\/#\/schema\/logo\/image\/"},"sameAs":["https:\/\/www.facebook.com\/guineediversite\/","https:\/\/x.com\/GuineeDiversite","https:\/\/www.youtube.com\/channel\/UC8sUY16qelG5ge6_D5SB83g"]},{"@type":"Person","@id":"https:\/\/guineediversite.com\/#\/schema\/person\/afa08fb34e7fc6e1feafc892612bc836","name":"Guin\u00e9e Diversit\u00e9","image":{"@type":"ImageObject","inLanguage":"fr-FR","@id":"https:\/\/guineediversite.com\/#\/schema\/person\/image\/","url":"https:\/\/secure.gravatar.com\/avatar\/50d5eb5b390f8b65ac30ac6f898eb83a?s=96&d=mm&r=g","contentUrl":"https:\/\/secure.gravatar.com\/avatar\/50d5eb5b390f8b65ac30ac6f898eb83a?s=96&d=mm&r=g","caption":"Guin\u00e9e Diversit\u00e9"},"url":"https:\/\/guineediversite.com\/index.php\/author\/guineediversite\/"}]}},"_links":{"self":[{"href":"https:\/\/guineediversite.com\/index.php\/wp-json\/wp\/v2\/posts\/32272"}],"collection":[{"href":"https:\/\/guineediversite.com\/index.php\/wp-json\/wp\/v2\/posts"}],"about":[{"href":"https:\/\/guineediversite.com\/index.php\/wp-json\/wp\/v2\/types\/post"}],"author":[{"embeddable":true,"href":"https:\/\/guineediversite.com\/index.php\/wp-json\/wp\/v2\/users\/12"}],"replies":[{"embeddable":true,"href":"https:\/\/guineediversite.com\/index.php\/wp-json\/wp\/v2\/comments?post=32272"}],"version-history":[{"count":1,"href":"https:\/\/guineediversite.com\/index.php\/wp-json\/wp\/v2\/posts\/32272\/revisions"}],"predecessor-version":[{"id":32274,"href":"https:\/\/guineediversite.com\/index.php\/wp-json\/wp\/v2\/posts\/32272\/revisions\/32274"}],"wp:featuredmedia":[{"embeddable":true,"href":"https:\/\/guineediversite.com\/index.php\/wp-json\/wp\/v2\/media\/32273"}],"wp:attachment":[{"href":"https:\/\/guineediversite.com\/index.php\/wp-json\/wp\/v2\/media?parent=32272"}],"wp:term":[{"taxonomy":"category","embeddable":true,"href":"https:\/\/guineediversite.com\/index.php\/wp-json\/wp\/v2\/categories?post=32272"},{"taxonomy":"post_tag","embeddable":true,"href":"https:\/\/guineediversite.com\/index.php\/wp-json\/wp\/v2\/tags?post=32272"}],"curies":[{"name":"wp","href":"https:\/\/api.w.org\/{rel}","templated":true}]}}