{"id":32257,"date":"2021-12-27T18:15:23","date_gmt":"2021-12-27T17:15:23","guid":{"rendered":"https:\/\/guineediversite.com\/?p=32257"},"modified":"2021-12-27T18:15:23","modified_gmt":"2021-12-27T17:15:23","slug":"demission-des-membres-du-departement-communication-et-medias-de-la-feguifoot-sega-diallo-sexprime","status":"publish","type":"post","link":"https:\/\/guineediversite.com\/index.php\/2021\/12\/27\/demission-des-membres-du-departement-communication-et-medias-de-la-feguifoot-sega-diallo-sexprime\/","title":{"rendered":"\u00ab\u00a0D\u00e9mission des membres du d\u00e9partement communication et m\u00e9dias de la FEGUIFOOT\u00a0\u00bb, S\u00e9ga Diallo s&rsquo;exprime"},"content":{"rendered":"<div id=\":1ha\" class=\"Ar Au Ao\">\n<div id=\":1h6\" class=\"Am Al editable LW-avf tS-tW tS-tY\" role=\"textbox\" aria-label=\"Corps du message\">\n<p>Ce lundi 27 d\u00e9cembre 2021,\u00a0les membres du service de communication et m\u00e9dias de la Les membres du d\u00e9partement communication et m\u00e9dias de la F\u00e9d\u00e9ration Guin\u00e9enne de Football ont notifi\u00e9 leur d\u00e9mission, pour des raisons qu&rsquo;ils qualifient d&rsquo;incompatibilit\u00e9 de principes avec le comit\u00e9 de normalisation (CONOR).<\/p>\n<p>invit\u00e9 chez nos\u00a0confr\u00e8res de FIM\u00a0FM, le vice-pr\u00e9sident\u00a0du comit\u00e9 dit ne pas avoir pris vent de cette d\u00e9cision.<\/p>\n<p>S\u00e9ga Diallo dira ceci,\u00a0<em>\u00ab Je n\u2019ai pas encore \u00e9t\u00e9 notifi\u00e9 de l&rsquo;information la d\u00e9mission des cadres au niveau du service de communication. Mais effectivement chacun prend ses responsabilit\u00e9s et tire les cons\u00e9quences de ses actes. S\u2019ils ont travaill\u00e9 pour la f\u00e9d\u00e9ration jusqu\u2019ici,\u00a0 c\u2019est qu\u2019ils ont \u00e9t\u00e9 mandat\u00e9s. Aujourd\u2019hui, de nouvelles \u00e9quipes sont en train de travailler. Je pense que chacun est en train de voir les changements qui sont en train d\u2019\u00eatre op\u00e9r\u00e9s. On les remercie pour le service qu\u2019ils ont rendu \u00e0 la f\u00e9d\u00e9ration, puisque c\u2019est une association qui a besoin d\u2019\u00e9voluer, de transformer. Je vous assure qu\u2019on ne l\u00e9sinera pas d\u2019apporter les changements qu\u2019il faut pour que les choses avancent dans le football guin\u00e9en .<\/em><\/p>\n<\/div>\n<\/div>\n","protected":false},"excerpt":{"rendered":"<p>Ce lundi 27 d\u00e9cembre 2021,\u00a0les membres du service de communication et m\u00e9dias de la Les membres du d\u00e9partement communication et m\u00e9dias de la F\u00e9d\u00e9ration Guin\u00e9enne de Football ont notifi\u00e9 leur d\u00e9mission, pour des raisons qu&rsquo;ils qualifient d&rsquo;incompatibilit\u00e9 de principes avec le comit\u00e9 de normalisation (CONOR). invit\u00e9 chez nos\u00a0confr\u00e8res de FIM\u00a0FM, le vice-pr\u00e9sident\u00a0du comit\u00e9 dit ne [&hellip;]<\/p>\n","protected":false},"author":10,"featured_media":32258,"comment_status":"closed","ping_status":"open","sticky":false,"template":"","format":"standard","meta":{"_exactmetrics_skip_tracking":false,"_exactmetrics_sitenote_active":false,"_exactmetrics_sitenote_note":"","_exactmetrics_sitenote_category":0,"tdm_status":"","tdm_grid_status":"","footnotes":""},"categories":[18],"tags":[],"class_list":{"0":"post-32257","1":"post","2":"type-post","3":"status-publish","4":"format-standard","5":"has-post-thumbnail","7":"category-sport"},"yoast_head":"<!-- This site is optimized with the Yoast SEO plugin v24.2 - https:\/\/yoast.com\/wordpress\/plugins\/seo\/ -->\n<title>&quot;D\u00e9mission des membres du d\u00e9partement communication et m\u00e9dias de la FEGUIFOOT&quot;, S\u00e9ga Diallo s&#039;exprime | Guin\u00e9e Diversit\u00e9<\/title>\n<meta name=\"robots\" content=\"index, follow, max-snippet:-1, max-image-preview:large, max-video-preview:-1\" \/>\n<link rel=\"canonical\" href=\"https:\/\/guineediversite.com\/index.php\/2021\/12\/27\/demission-des-membres-du-departement-communication-et-medias-de-la-feguifoot-sega-diallo-sexprime\/\" \/>\n<meta property=\"og:locale\" content=\"fr_FR\" \/>\n<meta property=\"og:type\" content=\"article\" \/>\n<meta property=\"og:title\" content=\"&quot;D\u00e9mission des membres du d\u00e9partement communication et m\u00e9dias de la FEGUIFOOT&quot;, S\u00e9ga Diallo s&#039;exprime | Guin\u00e9e Diversit\u00e9\" \/>\n<meta property=\"og:description\" content=\"Ce lundi 27 d\u00e9cembre 2021,\u00a0les membres du service de communication et m\u00e9dias de la Les membres du d\u00e9partement communication et m\u00e9dias de la F\u00e9d\u00e9ration Guin\u00e9enne de Football ont notifi\u00e9 leur d\u00e9mission, pour des raisons qu&rsquo;ils qualifient d&rsquo;incompatibilit\u00e9 de principes avec le comit\u00e9 de normalisation (CONOR). invit\u00e9 chez nos\u00a0confr\u00e8res de FIM\u00a0FM, le vice-pr\u00e9sident\u00a0du comit\u00e9 dit ne [&hellip;]\" \/>\n<meta property=\"og:url\" content=\"https:\/\/guineediversite.com\/index.php\/2021\/12\/27\/demission-des-membres-du-departement-communication-et-medias-de-la-feguifoot-sega-diallo-sexprime\/\" \/>\n<meta property=\"og:site_name\" content=\"Guin\u00e9e Diversit\u00e9\" \/>\n<meta property=\"article:publisher\" content=\"https:\/\/www.facebook.com\/guineediversite\/\" \/>\n<meta property=\"article:published_time\" content=\"2021-12-27T17:15:23+00:00\" \/>\n<meta property=\"og:image\" content=\"https:\/\/guineediversite.com\/wp-content\/uploads\/2021\/12\/20211227_171129.jpg\" \/>\n\t<meta property=\"og:image:width\" content=\"2070\" \/>\n\t<meta property=\"og:image:height\" content=\"1500\" \/>\n\t<meta property=\"og:image:type\" content=\"image\/jpeg\" \/>\n<meta name=\"author\" content=\"Morcire Camara\" \/>\n<meta name=\"twitter:card\" content=\"summary_large_image\" \/>\n<meta name=\"twitter:creator\" content=\"@GuineeDiversite\" \/>\n<meta name=\"twitter:site\" content=\"@GuineeDiversite\" \/>\n<meta name=\"twitter:label1\" content=\"\u00c9crit par\" \/>\n\t<meta name=\"twitter:data1\" content=\"Morcire Camara\" \/>\n\t<meta name=\"twitter:label2\" content=\"Dur\u00e9e de lecture estim\u00e9e\" \/>\n\t<meta name=\"twitter:data2\" content=\"1 minute\" \/>\n<script type=\"application\/ld+json\" class=\"yoast-schema-graph\">{\"@context\":\"https:\/\/schema.org\",\"@graph\":[{\"@type\":\"Article\",\"@id\":\"https:\/\/guineediversite.com\/index.php\/2021\/12\/27\/demission-des-membres-du-departement-communication-et-medias-de-la-feguifoot-sega-diallo-sexprime\/#article\",\"isPartOf\":{\"@id\":\"https:\/\/guineediversite.com\/index.php\/2021\/12\/27\/demission-des-membres-du-departement-communication-et-medias-de-la-feguifoot-sega-diallo-sexprime\/\"},\"author\":{\"name\":\"Morcire Camara\",\"@id\":\"https:\/\/guineediversite.com\/#\/schema\/person\/fa362494c47202ce4b3adf55abcc9d01\"},\"headline\":\"\u00ab\u00a0D\u00e9mission des membres du d\u00e9partement communication et m\u00e9dias de la FEGUIFOOT\u00a0\u00bb, S\u00e9ga Diallo s&rsquo;exprime\",\"datePublished\":\"2021-12-27T17:15:23+00:00\",\"dateModified\":\"2021-12-27T17:15:23+00:00\",\"mainEntityOfPage\":{\"@id\":\"https:\/\/guineediversite.com\/index.php\/2021\/12\/27\/demission-des-membres-du-departement-communication-et-medias-de-la-feguifoot-sega-diallo-sexprime\/\"},\"wordCount\":238,\"publisher\":{\"@id\":\"https:\/\/guineediversite.com\/#organization\"},\"image\":{\"@id\":\"https:\/\/guineediversite.com\/index.php\/2021\/12\/27\/demission-des-membres-du-departement-communication-et-medias-de-la-feguifoot-sega-diallo-sexprime\/#primaryimage\"},\"thumbnailUrl\":\"https:\/\/guineediversite.com\/wp-content\/uploads\/2021\/12\/20211227_171129.jpg\",\"articleSection\":[\"Sport\"],\"inLanguage\":\"fr-FR\"},{\"@type\":\"WebPage\",\"@id\":\"https:\/\/guineediversite.com\/index.php\/2021\/12\/27\/demission-des-membres-du-departement-communication-et-medias-de-la-feguifoot-sega-diallo-sexprime\/\",\"url\":\"https:\/\/guineediversite.com\/index.php\/2021\/12\/27\/demission-des-membres-du-departement-communication-et-medias-de-la-feguifoot-sega-diallo-sexprime\/\",\"name\":\"\\\"D\u00e9mission des membres du d\u00e9partement communication et m\u00e9dias de la FEGUIFOOT\\\", S\u00e9ga Diallo s'exprime | Guin\u00e9e Diversit\u00e9\",\"isPartOf\":{\"@id\":\"https:\/\/guineediversite.com\/#website\"},\"primaryImageOfPage\":{\"@id\":\"https:\/\/guineediversite.com\/index.php\/2021\/12\/27\/demission-des-membres-du-departement-communication-et-medias-de-la-feguifoot-sega-diallo-sexprime\/#primaryimage\"},\"image\":{\"@id\":\"https:\/\/guineediversite.com\/index.php\/2021\/12\/27\/demission-des-membres-du-departement-communication-et-medias-de-la-feguifoot-sega-diallo-sexprime\/#primaryimage\"},\"thumbnailUrl\":\"https:\/\/guineediversite.com\/wp-content\/uploads\/2021\/12\/20211227_171129.jpg\",\"datePublished\":\"2021-12-27T17:15:23+00:00\",\"dateModified\":\"2021-12-27T17:15:23+00:00\",\"breadcrumb\":{\"@id\":\"https:\/\/guineediversite.com\/index.php\/2021\/12\/27\/demission-des-membres-du-departement-communication-et-medias-de-la-feguifoot-sega-diallo-sexprime\/#breadcrumb\"},\"inLanguage\":\"fr-FR\",\"potentialAction\":[{\"@type\":\"ReadAction\",\"target\":[\"https:\/\/guineediversite.com\/index.php\/2021\/12\/27\/demission-des-membres-du-departement-communication-et-medias-de-la-feguifoot-sega-diallo-sexprime\/\"]}]},{\"@type\":\"ImageObject\",\"inLanguage\":\"fr-FR\",\"@id\":\"https:\/\/guineediversite.com\/index.php\/2021\/12\/27\/demission-des-membres-du-departement-communication-et-medias-de-la-feguifoot-sega-diallo-sexprime\/#primaryimage\",\"url\":\"https:\/\/guineediversite.com\/wp-content\/uploads\/2021\/12\/20211227_171129.jpg\",\"contentUrl\":\"https:\/\/guineediversite.com\/wp-content\/uploads\/2021\/12\/20211227_171129.jpg\",\"width\":2070,\"height\":1500},{\"@type\":\"BreadcrumbList\",\"@id\":\"https:\/\/guineediversite.com\/index.php\/2021\/12\/27\/demission-des-membres-du-departement-communication-et-medias-de-la-feguifoot-sega-diallo-sexprime\/#breadcrumb\",\"itemListElement\":[{\"@type\":\"ListItem\",\"position\":1,\"name\":\"Accueil\",\"item\":\"https:\/\/guineediversite.com\/\"},{\"@type\":\"ListItem\",\"position\":2,\"name\":\"\u00ab\u00a0D\u00e9mission des membres du d\u00e9partement communication et m\u00e9dias de la FEGUIFOOT\u00a0\u00bb, S\u00e9ga Diallo s&rsquo;exprime\"}]},{\"@type\":\"WebSite\",\"@id\":\"https:\/\/guineediversite.com\/#website\",\"url\":\"https:\/\/guineediversite.com\/\",\"name\":\"Guin\u00e9e Diversit\u00e9\",\"description\":\"L&#039;Info dans toute sa diversit\u00e9\",\"publisher\":{\"@id\":\"https:\/\/guineediversite.com\/#organization\"},\"potentialAction\":[{\"@type\":\"SearchAction\",\"target\":{\"@type\":\"EntryPoint\",\"urlTemplate\":\"https:\/\/guineediversite.com\/?s={search_term_string}\"},\"query-input\":{\"@type\":\"PropertyValueSpecification\",\"valueRequired\":true,\"valueName\":\"search_term_string\"}}],\"inLanguage\":\"fr-FR\"},{\"@type\":\"Organization\",\"@id\":\"https:\/\/guineediversite.com\/#organization\",\"name\":\"Guin\u00e9e Diversit\u00e9\",\"url\":\"https:\/\/guineediversite.com\/\",\"logo\":{\"@type\":\"ImageObject\",\"inLanguage\":\"fr-FR\",\"@id\":\"https:\/\/guineediversite.com\/#\/schema\/logo\/image\/\",\"url\":\"https:\/\/guineediversite.com\/wp-content\/uploads\/2017\/04\/cropped-1jojlxEOMkX9Wyqfhe43D6kjPOGqBBKmx3EwWJqZ0cMrFF54yM49.png\",\"contentUrl\":\"https:\/\/guineediversite.com\/wp-content\/uploads\/2017\/04\/cropped-1jojlxEOMkX9Wyqfhe43D6kjPOGqBBKmx3EwWJqZ0cMrFF54yM49.png\",\"width\":186,\"height\":112,\"caption\":\"Guin\u00e9e Diversit\u00e9\"},\"image\":{\"@id\":\"https:\/\/guineediversite.com\/#\/schema\/logo\/image\/\"},\"sameAs\":[\"https:\/\/www.facebook.com\/guineediversite\/\",\"https:\/\/x.com\/GuineeDiversite\",\"https:\/\/www.youtube.com\/channel\/UC8sUY16qelG5ge6_D5SB83g\"]},{\"@type\":\"Person\",\"@id\":\"https:\/\/guineediversite.com\/#\/schema\/person\/fa362494c47202ce4b3adf55abcc9d01\",\"name\":\"Morcire Camara\",\"image\":{\"@type\":\"ImageObject\",\"inLanguage\":\"fr-FR\",\"@id\":\"https:\/\/guineediversite.com\/#\/schema\/person\/image\/\",\"url\":\"https:\/\/secure.gravatar.com\/avatar\/3ec324f02295bbcebe03d99b39330ab4?s=96&d=mm&r=g\",\"contentUrl\":\"https:\/\/secure.gravatar.com\/avatar\/3ec324f02295bbcebe03d99b39330ab4?s=96&d=mm&r=g\",\"caption\":\"Morcire Camara\"},\"url\":\"https:\/\/guineediversite.com\/index.php\/author\/morcire\/\"}]}<\/script>\n<!-- \/ Yoast SEO plugin. -->","yoast_head_json":{"title":"\"D\u00e9mission des membres du d\u00e9partement communication et m\u00e9dias de la FEGUIFOOT\", S\u00e9ga Diallo s'exprime | Guin\u00e9e Diversit\u00e9","robots":{"index":"index","follow":"follow","max-snippet":"max-snippet:-1","max-image-preview":"max-image-preview:large","max-video-preview":"max-video-preview:-1"},"canonical":"https:\/\/guineediversite.com\/index.php\/2021\/12\/27\/demission-des-membres-du-departement-communication-et-medias-de-la-feguifoot-sega-diallo-sexprime\/","og_locale":"fr_FR","og_type":"article","og_title":"\"D\u00e9mission des membres du d\u00e9partement communication et m\u00e9dias de la FEGUIFOOT\", S\u00e9ga Diallo s'exprime | Guin\u00e9e Diversit\u00e9","og_description":"Ce lundi 27 d\u00e9cembre 2021,\u00a0les membres du service de communication et m\u00e9dias de la Les membres du d\u00e9partement communication et m\u00e9dias de la F\u00e9d\u00e9ration Guin\u00e9enne de Football ont notifi\u00e9 leur d\u00e9mission, pour des raisons qu&rsquo;ils qualifient d&rsquo;incompatibilit\u00e9 de principes avec le comit\u00e9 de normalisation (CONOR). invit\u00e9 chez nos\u00a0confr\u00e8res de FIM\u00a0FM, le vice-pr\u00e9sident\u00a0du comit\u00e9 dit ne [&hellip;]","og_url":"https:\/\/guineediversite.com\/index.php\/2021\/12\/27\/demission-des-membres-du-departement-communication-et-medias-de-la-feguifoot-sega-diallo-sexprime\/","og_site_name":"Guin\u00e9e Diversit\u00e9","article_publisher":"https:\/\/www.facebook.com\/guineediversite\/","article_published_time":"2021-12-27T17:15:23+00:00","og_image":[{"width":2070,"height":1500,"url":"https:\/\/guineediversite.com\/wp-content\/uploads\/2021\/12\/20211227_171129.jpg","type":"image\/jpeg"}],"author":"Morcire Camara","twitter_card":"summary_large_image","twitter_creator":"@GuineeDiversite","twitter_site":"@GuineeDiversite","twitter_misc":{"\u00c9crit par":"Morcire Camara","Dur\u00e9e de lecture estim\u00e9e":"1 minute"},"schema":{"@context":"https:\/\/schema.org","@graph":[{"@type":"Article","@id":"https:\/\/guineediversite.com\/index.php\/2021\/12\/27\/demission-des-membres-du-departement-communication-et-medias-de-la-feguifoot-sega-diallo-sexprime\/#article","isPartOf":{"@id":"https:\/\/guineediversite.com\/index.php\/2021\/12\/27\/demission-des-membres-du-departement-communication-et-medias-de-la-feguifoot-sega-diallo-sexprime\/"},"author":{"name":"Morcire Camara","@id":"https:\/\/guineediversite.com\/#\/schema\/person\/fa362494c47202ce4b3adf55abcc9d01"},"headline":"\u00ab\u00a0D\u00e9mission des membres du d\u00e9partement communication et m\u00e9dias de la FEGUIFOOT\u00a0\u00bb, S\u00e9ga Diallo s&rsquo;exprime","datePublished":"2021-12-27T17:15:23+00:00","dateModified":"2021-12-27T17:15:23+00:00","mainEntityOfPage":{"@id":"https:\/\/guineediversite.com\/index.php\/2021\/12\/27\/demission-des-membres-du-departement-communication-et-medias-de-la-feguifoot-sega-diallo-sexprime\/"},"wordCount":238,"publisher":{"@id":"https:\/\/guineediversite.com\/#organization"},"image":{"@id":"https:\/\/guineediversite.com\/index.php\/2021\/12\/27\/demission-des-membres-du-departement-communication-et-medias-de-la-feguifoot-sega-diallo-sexprime\/#primaryimage"},"thumbnailUrl":"https:\/\/guineediversite.com\/wp-content\/uploads\/2021\/12\/20211227_171129.jpg","articleSection":["Sport"],"inLanguage":"fr-FR"},{"@type":"WebPage","@id":"https:\/\/guineediversite.com\/index.php\/2021\/12\/27\/demission-des-membres-du-departement-communication-et-medias-de-la-feguifoot-sega-diallo-sexprime\/","url":"https:\/\/guineediversite.com\/index.php\/2021\/12\/27\/demission-des-membres-du-departement-communication-et-medias-de-la-feguifoot-sega-diallo-sexprime\/","name":"\"D\u00e9mission des membres du d\u00e9partement communication et m\u00e9dias de la FEGUIFOOT\", S\u00e9ga Diallo s'exprime | Guin\u00e9e Diversit\u00e9","isPartOf":{"@id":"https:\/\/guineediversite.com\/#website"},"primaryImageOfPage":{"@id":"https:\/\/guineediversite.com\/index.php\/2021\/12\/27\/demission-des-membres-du-departement-communication-et-medias-de-la-feguifoot-sega-diallo-sexprime\/#primaryimage"},"image":{"@id":"https:\/\/guineediversite.com\/index.php\/2021\/12\/27\/demission-des-membres-du-departement-communication-et-medias-de-la-feguifoot-sega-diallo-sexprime\/#primaryimage"},"thumbnailUrl":"https:\/\/guineediversite.com\/wp-content\/uploads\/2021\/12\/20211227_171129.jpg","datePublished":"2021-12-27T17:15:23+00:00","dateModified":"2021-12-27T17:15:23+00:00","breadcrumb":{"@id":"https:\/\/guineediversite.com\/index.php\/2021\/12\/27\/demission-des-membres-du-departement-communication-et-medias-de-la-feguifoot-sega-diallo-sexprime\/#breadcrumb"},"inLanguage":"fr-FR","potentialAction":[{"@type":"ReadAction","target":["https:\/\/guineediversite.com\/index.php\/2021\/12\/27\/demission-des-membres-du-departement-communication-et-medias-de-la-feguifoot-sega-diallo-sexprime\/"]}]},{"@type":"ImageObject","inLanguage":"fr-FR","@id":"https:\/\/guineediversite.com\/index.php\/2021\/12\/27\/demission-des-membres-du-departement-communication-et-medias-de-la-feguifoot-sega-diallo-sexprime\/#primaryimage","url":"https:\/\/guineediversite.com\/wp-content\/uploads\/2021\/12\/20211227_171129.jpg","contentUrl":"https:\/\/guineediversite.com\/wp-content\/uploads\/2021\/12\/20211227_171129.jpg","width":2070,"height":1500},{"@type":"BreadcrumbList","@id":"https:\/\/guineediversite.com\/index.php\/2021\/12\/27\/demission-des-membres-du-departement-communication-et-medias-de-la-feguifoot-sega-diallo-sexprime\/#breadcrumb","itemListElement":[{"@type":"ListItem","position":1,"name":"Accueil","item":"https:\/\/guineediversite.com\/"},{"@type":"ListItem","position":2,"name":"\u00ab\u00a0D\u00e9mission des membres du d\u00e9partement communication et m\u00e9dias de la FEGUIFOOT\u00a0\u00bb, S\u00e9ga Diallo s&rsquo;exprime"}]},{"@type":"WebSite","@id":"https:\/\/guineediversite.com\/#website","url":"https:\/\/guineediversite.com\/","name":"Guin\u00e9e Diversit\u00e9","description":"L&#039;Info dans toute sa diversit\u00e9","publisher":{"@id":"https:\/\/guineediversite.com\/#organization"},"potentialAction":[{"@type":"SearchAction","target":{"@type":"EntryPoint","urlTemplate":"https:\/\/guineediversite.com\/?s={search_term_string}"},"query-input":{"@type":"PropertyValueSpecification","valueRequired":true,"valueName":"search_term_string"}}],"inLanguage":"fr-FR"},{"@type":"Organization","@id":"https:\/\/guineediversite.com\/#organization","name":"Guin\u00e9e Diversit\u00e9","url":"https:\/\/guineediversite.com\/","logo":{"@type":"ImageObject","inLanguage":"fr-FR","@id":"https:\/\/guineediversite.com\/#\/schema\/logo\/image\/","url":"https:\/\/guineediversite.com\/wp-content\/uploads\/2017\/04\/cropped-1jojlxEOMkX9Wyqfhe43D6kjPOGqBBKmx3EwWJqZ0cMrFF54yM49.png","contentUrl":"https:\/\/guineediversite.com\/wp-content\/uploads\/2017\/04\/cropped-1jojlxEOMkX9Wyqfhe43D6kjPOGqBBKmx3EwWJqZ0cMrFF54yM49.png","width":186,"height":112,"caption":"Guin\u00e9e Diversit\u00e9"},"image":{"@id":"https:\/\/guineediversite.com\/#\/schema\/logo\/image\/"},"sameAs":["https:\/\/www.facebook.com\/guineediversite\/","https:\/\/x.com\/GuineeDiversite","https:\/\/www.youtube.com\/channel\/UC8sUY16qelG5ge6_D5SB83g"]},{"@type":"Person","@id":"https:\/\/guineediversite.com\/#\/schema\/person\/fa362494c47202ce4b3adf55abcc9d01","name":"Morcire Camara","image":{"@type":"ImageObject","inLanguage":"fr-FR","@id":"https:\/\/guineediversite.com\/#\/schema\/person\/image\/","url":"https:\/\/secure.gravatar.com\/avatar\/3ec324f02295bbcebe03d99b39330ab4?s=96&d=mm&r=g","contentUrl":"https:\/\/secure.gravatar.com\/avatar\/3ec324f02295bbcebe03d99b39330ab4?s=96&d=mm&r=g","caption":"Morcire Camara"},"url":"https:\/\/guineediversite.com\/index.php\/author\/morcire\/"}]}},"_links":{"self":[{"href":"https:\/\/guineediversite.com\/index.php\/wp-json\/wp\/v2\/posts\/32257"}],"collection":[{"href":"https:\/\/guineediversite.com\/index.php\/wp-json\/wp\/v2\/posts"}],"about":[{"href":"https:\/\/guineediversite.com\/index.php\/wp-json\/wp\/v2\/types\/post"}],"author":[{"embeddable":true,"href":"https:\/\/guineediversite.com\/index.php\/wp-json\/wp\/v2\/users\/10"}],"replies":[{"embeddable":true,"href":"https:\/\/guineediversite.com\/index.php\/wp-json\/wp\/v2\/comments?post=32257"}],"version-history":[{"count":1,"href":"https:\/\/guineediversite.com\/index.php\/wp-json\/wp\/v2\/posts\/32257\/revisions"}],"predecessor-version":[{"id":32259,"href":"https:\/\/guineediversite.com\/index.php\/wp-json\/wp\/v2\/posts\/32257\/revisions\/32259"}],"wp:featuredmedia":[{"embeddable":true,"href":"https:\/\/guineediversite.com\/index.php\/wp-json\/wp\/v2\/media\/32258"}],"wp:attachment":[{"href":"https:\/\/guineediversite.com\/index.php\/wp-json\/wp\/v2\/media?parent=32257"}],"wp:term":[{"taxonomy":"category","embeddable":true,"href":"https:\/\/guineediversite.com\/index.php\/wp-json\/wp\/v2\/categories?post=32257"},{"taxonomy":"post_tag","embeddable":true,"href":"https:\/\/guineediversite.com\/index.php\/wp-json\/wp\/v2\/tags?post=32257"}],"curies":[{"name":"wp","href":"https:\/\/api.w.org\/{rel}","templated":true}]}}