{"id":32181,"date":"2021-12-21T23:35:57","date_gmt":"2021-12-21T22:35:57","guid":{"rendered":"https:\/\/guineediversite.com\/?p=32181"},"modified":"2021-12-21T23:35:57","modified_gmt":"2021-12-21T22:35:57","slug":"francois-kamano-sexprime-sur-sa-non-convocation-dans-lequipe-nationale","status":"publish","type":"post","link":"https:\/\/guineediversite.com\/index.php\/2021\/12\/21\/francois-kamano-sexprime-sur-sa-non-convocation-dans-lequipe-nationale\/","title":{"rendered":"Fran\u00e7ois Kamano s\u2019exprime sur sa non convocation dans l\u2019\u00e9quipe nationale"},"content":{"rendered":"<p>L\u2019\u00e9quipe nationale guin\u00e9enne se pr\u00e9pare pour participer \u00e0 la CAN 2021 au Cameroun. Sur la liste des joueurs convoqu\u00e9s pour cette comp\u00e9tition continentale, des joueurs ont \u00e9t\u00e9 oubli\u00e9s par le nouveau s\u00e9lectionneur kaba Diawara, parmi ces joueurs figure Fran\u00e7ois Kamano. Le joueur en question s\u2019est exprim\u00e9 sur sa page Facebook ce mardi par rapport \u00e0 sa non s\u00e9lection dans l\u2019\u00e9quipe.<br \/>\nIl dira ceci: \u00ab <em>J\u2019ai appris comme vous hier ma non s\u00e9lection en \u00e9quipe nationale. Repr\u00e9senter son pays \u00e0 la plus grande messe du football africain est une grande fiert\u00e9 pour tout joueur, h\u00e9las que je ne serai pas au Cameroun pour cette grande f\u00eate. Je continuerai \u00e0 travailler pour servir ma nation, celle qui nous est commune, la Guin\u00e9e. De passage, je souhaite bonne chance aux joueurs convoqu\u00e9s, au staff technique et \u00e0 la Guin\u00e9e. Dans tout \u00e7a, c\u2019est la Guin\u00e9e qui gagne. Travailler dur, pour y arriver !<\/em> \u00bb.<\/p>\n<p>&nbsp;<\/p>\n","protected":false},"excerpt":{"rendered":"<p>L\u2019\u00e9quipe nationale guin\u00e9enne se pr\u00e9pare pour participer \u00e0 la CAN 2021 au Cameroun. Sur la liste des joueurs convoqu\u00e9s pour cette comp\u00e9tition continentale, des joueurs ont \u00e9t\u00e9 oubli\u00e9s par le nouveau s\u00e9lectionneur kaba Diawara, parmi ces joueurs figure Fran\u00e7ois Kamano. Le joueur en question s\u2019est exprim\u00e9 sur sa page Facebook ce mardi par rapport \u00e0 [&hellip;]<\/p>\n","protected":false},"author":10,"featured_media":32183,"comment_status":"closed","ping_status":"open","sticky":false,"template":"","format":"standard","meta":{"_exactmetrics_skip_tracking":false,"_exactmetrics_sitenote_active":false,"_exactmetrics_sitenote_note":"","_exactmetrics_sitenote_category":0,"tdm_status":"","tdm_grid_status":"","footnotes":""},"categories":[18],"tags":[],"class_list":{"0":"post-32181","1":"post","2":"type-post","3":"status-publish","4":"format-standard","5":"has-post-thumbnail","7":"category-sport"},"yoast_head":"<!-- This site is optimized with the Yoast SEO plugin v24.2 - https:\/\/yoast.com\/wordpress\/plugins\/seo\/ -->\n<title>Fran\u00e7ois Kamano s\u2019exprime sur sa non convocation dans l\u2019\u00e9quipe nationale | Guin\u00e9e Diversit\u00e9<\/title>\n<meta name=\"robots\" content=\"index, follow, max-snippet:-1, max-image-preview:large, max-video-preview:-1\" \/>\n<link rel=\"canonical\" href=\"https:\/\/guineediversite.com\/index.php\/2021\/12\/21\/francois-kamano-sexprime-sur-sa-non-convocation-dans-lequipe-nationale\/\" \/>\n<meta property=\"og:locale\" content=\"fr_FR\" \/>\n<meta property=\"og:type\" content=\"article\" \/>\n<meta property=\"og:title\" content=\"Fran\u00e7ois Kamano s\u2019exprime sur sa non convocation dans l\u2019\u00e9quipe nationale | Guin\u00e9e Diversit\u00e9\" \/>\n<meta property=\"og:description\" content=\"L\u2019\u00e9quipe nationale guin\u00e9enne se pr\u00e9pare pour participer \u00e0 la CAN 2021 au Cameroun. Sur la liste des joueurs convoqu\u00e9s pour cette comp\u00e9tition continentale, des joueurs ont \u00e9t\u00e9 oubli\u00e9s par le nouveau s\u00e9lectionneur kaba Diawara, parmi ces joueurs figure Fran\u00e7ois Kamano. Le joueur en question s\u2019est exprim\u00e9 sur sa page Facebook ce mardi par rapport \u00e0 [&hellip;]\" \/>\n<meta property=\"og:url\" content=\"https:\/\/guineediversite.com\/index.php\/2021\/12\/21\/francois-kamano-sexprime-sur-sa-non-convocation-dans-lequipe-nationale\/\" \/>\n<meta property=\"og:site_name\" content=\"Guin\u00e9e Diversit\u00e9\" \/>\n<meta property=\"article:publisher\" content=\"https:\/\/www.facebook.com\/guineediversite\/\" \/>\n<meta property=\"article:published_time\" content=\"2021-12-21T22:35:57+00:00\" \/>\n<meta property=\"og:image\" content=\"https:\/\/guineediversite.com\/wp-content\/uploads\/2021\/12\/WhatsApp-Image-2021-12-21-at-20.35.35.jpeg\" \/>\n\t<meta property=\"og:image:width\" content=\"1500\" \/>\n\t<meta property=\"og:image:height\" content=\"1206\" \/>\n\t<meta property=\"og:image:type\" content=\"image\/jpeg\" \/>\n<meta name=\"author\" content=\"Morcire Camara\" \/>\n<meta name=\"twitter:card\" content=\"summary_large_image\" \/>\n<meta name=\"twitter:creator\" content=\"@GuineeDiversite\" \/>\n<meta name=\"twitter:site\" content=\"@GuineeDiversite\" \/>\n<meta name=\"twitter:label1\" content=\"\u00c9crit par\" \/>\n\t<meta name=\"twitter:data1\" content=\"Morcire Camara\" \/>\n\t<meta name=\"twitter:label2\" content=\"Dur\u00e9e de lecture estim\u00e9e\" \/>\n\t<meta name=\"twitter:data2\" content=\"1 minute\" \/>\n<script type=\"application\/ld+json\" class=\"yoast-schema-graph\">{\"@context\":\"https:\/\/schema.org\",\"@graph\":[{\"@type\":\"Article\",\"@id\":\"https:\/\/guineediversite.com\/index.php\/2021\/12\/21\/francois-kamano-sexprime-sur-sa-non-convocation-dans-lequipe-nationale\/#article\",\"isPartOf\":{\"@id\":\"https:\/\/guineediversite.com\/index.php\/2021\/12\/21\/francois-kamano-sexprime-sur-sa-non-convocation-dans-lequipe-nationale\/\"},\"author\":{\"name\":\"Morcire Camara\",\"@id\":\"https:\/\/guineediversite.com\/#\/schema\/person\/fa362494c47202ce4b3adf55abcc9d01\"},\"headline\":\"Fran\u00e7ois Kamano s\u2019exprime sur sa non convocation dans l\u2019\u00e9quipe nationale\",\"datePublished\":\"2021-12-21T22:35:57+00:00\",\"dateModified\":\"2021-12-21T22:35:57+00:00\",\"mainEntityOfPage\":{\"@id\":\"https:\/\/guineediversite.com\/index.php\/2021\/12\/21\/francois-kamano-sexprime-sur-sa-non-convocation-dans-lequipe-nationale\/\"},\"wordCount\":177,\"publisher\":{\"@id\":\"https:\/\/guineediversite.com\/#organization\"},\"image\":{\"@id\":\"https:\/\/guineediversite.com\/index.php\/2021\/12\/21\/francois-kamano-sexprime-sur-sa-non-convocation-dans-lequipe-nationale\/#primaryimage\"},\"thumbnailUrl\":\"https:\/\/guineediversite.com\/wp-content\/uploads\/2021\/12\/WhatsApp-Image-2021-12-21-at-20.35.35.jpeg\",\"articleSection\":[\"Sport\"],\"inLanguage\":\"fr-FR\"},{\"@type\":\"WebPage\",\"@id\":\"https:\/\/guineediversite.com\/index.php\/2021\/12\/21\/francois-kamano-sexprime-sur-sa-non-convocation-dans-lequipe-nationale\/\",\"url\":\"https:\/\/guineediversite.com\/index.php\/2021\/12\/21\/francois-kamano-sexprime-sur-sa-non-convocation-dans-lequipe-nationale\/\",\"name\":\"Fran\u00e7ois Kamano s\u2019exprime sur sa non convocation dans l\u2019\u00e9quipe nationale | Guin\u00e9e Diversit\u00e9\",\"isPartOf\":{\"@id\":\"https:\/\/guineediversite.com\/#website\"},\"primaryImageOfPage\":{\"@id\":\"https:\/\/guineediversite.com\/index.php\/2021\/12\/21\/francois-kamano-sexprime-sur-sa-non-convocation-dans-lequipe-nationale\/#primaryimage\"},\"image\":{\"@id\":\"https:\/\/guineediversite.com\/index.php\/2021\/12\/21\/francois-kamano-sexprime-sur-sa-non-convocation-dans-lequipe-nationale\/#primaryimage\"},\"thumbnailUrl\":\"https:\/\/guineediversite.com\/wp-content\/uploads\/2021\/12\/WhatsApp-Image-2021-12-21-at-20.35.35.jpeg\",\"datePublished\":\"2021-12-21T22:35:57+00:00\",\"dateModified\":\"2021-12-21T22:35:57+00:00\",\"breadcrumb\":{\"@id\":\"https:\/\/guineediversite.com\/index.php\/2021\/12\/21\/francois-kamano-sexprime-sur-sa-non-convocation-dans-lequipe-nationale\/#breadcrumb\"},\"inLanguage\":\"fr-FR\",\"potentialAction\":[{\"@type\":\"ReadAction\",\"target\":[\"https:\/\/guineediversite.com\/index.php\/2021\/12\/21\/francois-kamano-sexprime-sur-sa-non-convocation-dans-lequipe-nationale\/\"]}]},{\"@type\":\"ImageObject\",\"inLanguage\":\"fr-FR\",\"@id\":\"https:\/\/guineediversite.com\/index.php\/2021\/12\/21\/francois-kamano-sexprime-sur-sa-non-convocation-dans-lequipe-nationale\/#primaryimage\",\"url\":\"https:\/\/guineediversite.com\/wp-content\/uploads\/2021\/12\/WhatsApp-Image-2021-12-21-at-20.35.35.jpeg\",\"contentUrl\":\"https:\/\/guineediversite.com\/wp-content\/uploads\/2021\/12\/WhatsApp-Image-2021-12-21-at-20.35.35.jpeg\",\"width\":1500,\"height\":1206},{\"@type\":\"BreadcrumbList\",\"@id\":\"https:\/\/guineediversite.com\/index.php\/2021\/12\/21\/francois-kamano-sexprime-sur-sa-non-convocation-dans-lequipe-nationale\/#breadcrumb\",\"itemListElement\":[{\"@type\":\"ListItem\",\"position\":1,\"name\":\"Accueil\",\"item\":\"https:\/\/guineediversite.com\/\"},{\"@type\":\"ListItem\",\"position\":2,\"name\":\"Fran\u00e7ois Kamano s\u2019exprime sur sa non convocation dans l\u2019\u00e9quipe nationale\"}]},{\"@type\":\"WebSite\",\"@id\":\"https:\/\/guineediversite.com\/#website\",\"url\":\"https:\/\/guineediversite.com\/\",\"name\":\"Guin\u00e9e Diversit\u00e9\",\"description\":\"L&#039;Info dans toute sa diversit\u00e9\",\"publisher\":{\"@id\":\"https:\/\/guineediversite.com\/#organization\"},\"potentialAction\":[{\"@type\":\"SearchAction\",\"target\":{\"@type\":\"EntryPoint\",\"urlTemplate\":\"https:\/\/guineediversite.com\/?s={search_term_string}\"},\"query-input\":{\"@type\":\"PropertyValueSpecification\",\"valueRequired\":true,\"valueName\":\"search_term_string\"}}],\"inLanguage\":\"fr-FR\"},{\"@type\":\"Organization\",\"@id\":\"https:\/\/guineediversite.com\/#organization\",\"name\":\"Guin\u00e9e Diversit\u00e9\",\"url\":\"https:\/\/guineediversite.com\/\",\"logo\":{\"@type\":\"ImageObject\",\"inLanguage\":\"fr-FR\",\"@id\":\"https:\/\/guineediversite.com\/#\/schema\/logo\/image\/\",\"url\":\"https:\/\/guineediversite.com\/wp-content\/uploads\/2017\/04\/cropped-1jojlxEOMkX9Wyqfhe43D6kjPOGqBBKmx3EwWJqZ0cMrFF54yM49.png\",\"contentUrl\":\"https:\/\/guineediversite.com\/wp-content\/uploads\/2017\/04\/cropped-1jojlxEOMkX9Wyqfhe43D6kjPOGqBBKmx3EwWJqZ0cMrFF54yM49.png\",\"width\":186,\"height\":112,\"caption\":\"Guin\u00e9e Diversit\u00e9\"},\"image\":{\"@id\":\"https:\/\/guineediversite.com\/#\/schema\/logo\/image\/\"},\"sameAs\":[\"https:\/\/www.facebook.com\/guineediversite\/\",\"https:\/\/x.com\/GuineeDiversite\",\"https:\/\/www.youtube.com\/channel\/UC8sUY16qelG5ge6_D5SB83g\"]},{\"@type\":\"Person\",\"@id\":\"https:\/\/guineediversite.com\/#\/schema\/person\/fa362494c47202ce4b3adf55abcc9d01\",\"name\":\"Morcire Camara\",\"image\":{\"@type\":\"ImageObject\",\"inLanguage\":\"fr-FR\",\"@id\":\"https:\/\/guineediversite.com\/#\/schema\/person\/image\/\",\"url\":\"https:\/\/secure.gravatar.com\/avatar\/3ec324f02295bbcebe03d99b39330ab4?s=96&d=mm&r=g\",\"contentUrl\":\"https:\/\/secure.gravatar.com\/avatar\/3ec324f02295bbcebe03d99b39330ab4?s=96&d=mm&r=g\",\"caption\":\"Morcire Camara\"},\"url\":\"https:\/\/guineediversite.com\/index.php\/author\/morcire\/\"}]}<\/script>\n<!-- \/ Yoast SEO plugin. -->","yoast_head_json":{"title":"Fran\u00e7ois Kamano s\u2019exprime sur sa non convocation dans l\u2019\u00e9quipe nationale | Guin\u00e9e Diversit\u00e9","robots":{"index":"index","follow":"follow","max-snippet":"max-snippet:-1","max-image-preview":"max-image-preview:large","max-video-preview":"max-video-preview:-1"},"canonical":"https:\/\/guineediversite.com\/index.php\/2021\/12\/21\/francois-kamano-sexprime-sur-sa-non-convocation-dans-lequipe-nationale\/","og_locale":"fr_FR","og_type":"article","og_title":"Fran\u00e7ois Kamano s\u2019exprime sur sa non convocation dans l\u2019\u00e9quipe nationale | Guin\u00e9e Diversit\u00e9","og_description":"L\u2019\u00e9quipe nationale guin\u00e9enne se pr\u00e9pare pour participer \u00e0 la CAN 2021 au Cameroun. Sur la liste des joueurs convoqu\u00e9s pour cette comp\u00e9tition continentale, des joueurs ont \u00e9t\u00e9 oubli\u00e9s par le nouveau s\u00e9lectionneur kaba Diawara, parmi ces joueurs figure Fran\u00e7ois Kamano. Le joueur en question s\u2019est exprim\u00e9 sur sa page Facebook ce mardi par rapport \u00e0 [&hellip;]","og_url":"https:\/\/guineediversite.com\/index.php\/2021\/12\/21\/francois-kamano-sexprime-sur-sa-non-convocation-dans-lequipe-nationale\/","og_site_name":"Guin\u00e9e Diversit\u00e9","article_publisher":"https:\/\/www.facebook.com\/guineediversite\/","article_published_time":"2021-12-21T22:35:57+00:00","og_image":[{"width":1500,"height":1206,"url":"https:\/\/guineediversite.com\/wp-content\/uploads\/2021\/12\/WhatsApp-Image-2021-12-21-at-20.35.35.jpeg","type":"image\/jpeg"}],"author":"Morcire Camara","twitter_card":"summary_large_image","twitter_creator":"@GuineeDiversite","twitter_site":"@GuineeDiversite","twitter_misc":{"\u00c9crit par":"Morcire Camara","Dur\u00e9e de lecture estim\u00e9e":"1 minute"},"schema":{"@context":"https:\/\/schema.org","@graph":[{"@type":"Article","@id":"https:\/\/guineediversite.com\/index.php\/2021\/12\/21\/francois-kamano-sexprime-sur-sa-non-convocation-dans-lequipe-nationale\/#article","isPartOf":{"@id":"https:\/\/guineediversite.com\/index.php\/2021\/12\/21\/francois-kamano-sexprime-sur-sa-non-convocation-dans-lequipe-nationale\/"},"author":{"name":"Morcire Camara","@id":"https:\/\/guineediversite.com\/#\/schema\/person\/fa362494c47202ce4b3adf55abcc9d01"},"headline":"Fran\u00e7ois Kamano s\u2019exprime sur sa non convocation dans l\u2019\u00e9quipe nationale","datePublished":"2021-12-21T22:35:57+00:00","dateModified":"2021-12-21T22:35:57+00:00","mainEntityOfPage":{"@id":"https:\/\/guineediversite.com\/index.php\/2021\/12\/21\/francois-kamano-sexprime-sur-sa-non-convocation-dans-lequipe-nationale\/"},"wordCount":177,"publisher":{"@id":"https:\/\/guineediversite.com\/#organization"},"image":{"@id":"https:\/\/guineediversite.com\/index.php\/2021\/12\/21\/francois-kamano-sexprime-sur-sa-non-convocation-dans-lequipe-nationale\/#primaryimage"},"thumbnailUrl":"https:\/\/guineediversite.com\/wp-content\/uploads\/2021\/12\/WhatsApp-Image-2021-12-21-at-20.35.35.jpeg","articleSection":["Sport"],"inLanguage":"fr-FR"},{"@type":"WebPage","@id":"https:\/\/guineediversite.com\/index.php\/2021\/12\/21\/francois-kamano-sexprime-sur-sa-non-convocation-dans-lequipe-nationale\/","url":"https:\/\/guineediversite.com\/index.php\/2021\/12\/21\/francois-kamano-sexprime-sur-sa-non-convocation-dans-lequipe-nationale\/","name":"Fran\u00e7ois Kamano s\u2019exprime sur sa non convocation dans l\u2019\u00e9quipe nationale | Guin\u00e9e Diversit\u00e9","isPartOf":{"@id":"https:\/\/guineediversite.com\/#website"},"primaryImageOfPage":{"@id":"https:\/\/guineediversite.com\/index.php\/2021\/12\/21\/francois-kamano-sexprime-sur-sa-non-convocation-dans-lequipe-nationale\/#primaryimage"},"image":{"@id":"https:\/\/guineediversite.com\/index.php\/2021\/12\/21\/francois-kamano-sexprime-sur-sa-non-convocation-dans-lequipe-nationale\/#primaryimage"},"thumbnailUrl":"https:\/\/guineediversite.com\/wp-content\/uploads\/2021\/12\/WhatsApp-Image-2021-12-21-at-20.35.35.jpeg","datePublished":"2021-12-21T22:35:57+00:00","dateModified":"2021-12-21T22:35:57+00:00","breadcrumb":{"@id":"https:\/\/guineediversite.com\/index.php\/2021\/12\/21\/francois-kamano-sexprime-sur-sa-non-convocation-dans-lequipe-nationale\/#breadcrumb"},"inLanguage":"fr-FR","potentialAction":[{"@type":"ReadAction","target":["https:\/\/guineediversite.com\/index.php\/2021\/12\/21\/francois-kamano-sexprime-sur-sa-non-convocation-dans-lequipe-nationale\/"]}]},{"@type":"ImageObject","inLanguage":"fr-FR","@id":"https:\/\/guineediversite.com\/index.php\/2021\/12\/21\/francois-kamano-sexprime-sur-sa-non-convocation-dans-lequipe-nationale\/#primaryimage","url":"https:\/\/guineediversite.com\/wp-content\/uploads\/2021\/12\/WhatsApp-Image-2021-12-21-at-20.35.35.jpeg","contentUrl":"https:\/\/guineediversite.com\/wp-content\/uploads\/2021\/12\/WhatsApp-Image-2021-12-21-at-20.35.35.jpeg","width":1500,"height":1206},{"@type":"BreadcrumbList","@id":"https:\/\/guineediversite.com\/index.php\/2021\/12\/21\/francois-kamano-sexprime-sur-sa-non-convocation-dans-lequipe-nationale\/#breadcrumb","itemListElement":[{"@type":"ListItem","position":1,"name":"Accueil","item":"https:\/\/guineediversite.com\/"},{"@type":"ListItem","position":2,"name":"Fran\u00e7ois Kamano s\u2019exprime sur sa non convocation dans l\u2019\u00e9quipe nationale"}]},{"@type":"WebSite","@id":"https:\/\/guineediversite.com\/#website","url":"https:\/\/guineediversite.com\/","name":"Guin\u00e9e Diversit\u00e9","description":"L&#039;Info dans toute sa diversit\u00e9","publisher":{"@id":"https:\/\/guineediversite.com\/#organization"},"potentialAction":[{"@type":"SearchAction","target":{"@type":"EntryPoint","urlTemplate":"https:\/\/guineediversite.com\/?s={search_term_string}"},"query-input":{"@type":"PropertyValueSpecification","valueRequired":true,"valueName":"search_term_string"}}],"inLanguage":"fr-FR"},{"@type":"Organization","@id":"https:\/\/guineediversite.com\/#organization","name":"Guin\u00e9e Diversit\u00e9","url":"https:\/\/guineediversite.com\/","logo":{"@type":"ImageObject","inLanguage":"fr-FR","@id":"https:\/\/guineediversite.com\/#\/schema\/logo\/image\/","url":"https:\/\/guineediversite.com\/wp-content\/uploads\/2017\/04\/cropped-1jojlxEOMkX9Wyqfhe43D6kjPOGqBBKmx3EwWJqZ0cMrFF54yM49.png","contentUrl":"https:\/\/guineediversite.com\/wp-content\/uploads\/2017\/04\/cropped-1jojlxEOMkX9Wyqfhe43D6kjPOGqBBKmx3EwWJqZ0cMrFF54yM49.png","width":186,"height":112,"caption":"Guin\u00e9e Diversit\u00e9"},"image":{"@id":"https:\/\/guineediversite.com\/#\/schema\/logo\/image\/"},"sameAs":["https:\/\/www.facebook.com\/guineediversite\/","https:\/\/x.com\/GuineeDiversite","https:\/\/www.youtube.com\/channel\/UC8sUY16qelG5ge6_D5SB83g"]},{"@type":"Person","@id":"https:\/\/guineediversite.com\/#\/schema\/person\/fa362494c47202ce4b3adf55abcc9d01","name":"Morcire Camara","image":{"@type":"ImageObject","inLanguage":"fr-FR","@id":"https:\/\/guineediversite.com\/#\/schema\/person\/image\/","url":"https:\/\/secure.gravatar.com\/avatar\/3ec324f02295bbcebe03d99b39330ab4?s=96&d=mm&r=g","contentUrl":"https:\/\/secure.gravatar.com\/avatar\/3ec324f02295bbcebe03d99b39330ab4?s=96&d=mm&r=g","caption":"Morcire Camara"},"url":"https:\/\/guineediversite.com\/index.php\/author\/morcire\/"}]}},"_links":{"self":[{"href":"https:\/\/guineediversite.com\/index.php\/wp-json\/wp\/v2\/posts\/32181"}],"collection":[{"href":"https:\/\/guineediversite.com\/index.php\/wp-json\/wp\/v2\/posts"}],"about":[{"href":"https:\/\/guineediversite.com\/index.php\/wp-json\/wp\/v2\/types\/post"}],"author":[{"embeddable":true,"href":"https:\/\/guineediversite.com\/index.php\/wp-json\/wp\/v2\/users\/10"}],"replies":[{"embeddable":true,"href":"https:\/\/guineediversite.com\/index.php\/wp-json\/wp\/v2\/comments?post=32181"}],"version-history":[{"count":2,"href":"https:\/\/guineediversite.com\/index.php\/wp-json\/wp\/v2\/posts\/32181\/revisions"}],"predecessor-version":[{"id":32184,"href":"https:\/\/guineediversite.com\/index.php\/wp-json\/wp\/v2\/posts\/32181\/revisions\/32184"}],"wp:featuredmedia":[{"embeddable":true,"href":"https:\/\/guineediversite.com\/index.php\/wp-json\/wp\/v2\/media\/32183"}],"wp:attachment":[{"href":"https:\/\/guineediversite.com\/index.php\/wp-json\/wp\/v2\/media?parent=32181"}],"wp:term":[{"taxonomy":"category","embeddable":true,"href":"https:\/\/guineediversite.com\/index.php\/wp-json\/wp\/v2\/categories?post=32181"},{"taxonomy":"post_tag","embeddable":true,"href":"https:\/\/guineediversite.com\/index.php\/wp-json\/wp\/v2\/tags?post=32181"}],"curies":[{"name":"wp","href":"https:\/\/api.w.org\/{rel}","templated":true}]}}