{"id":32103,"date":"2021-12-10T13:26:01","date_gmt":"2021-12-10T12:26:01","guid":{"rendered":"https:\/\/guineediversite.com\/?p=32103"},"modified":"2021-12-10T13:26:01","modified_gmt":"2021-12-10T12:26:01","slug":"soixantieme-sommet-de-la-cedeao-comment-gerer-les-coups-detat-au-mali-et-en-guinee","status":"publish","type":"post","link":"https:\/\/guineediversite.com\/index.php\/2021\/12\/10\/soixantieme-sommet-de-la-cedeao-comment-gerer-les-coups-detat-au-mali-et-en-guinee\/","title":{"rendered":"Soixanti\u00e8me sommet de la C\u00e9d\u00e9ao: comment g\u00e9rer les coups d\u2019\u00c9tat au Mali et en Guin\u00e9e?"},"content":{"rendered":"<p>Les chefs d\u2019\u00c9tat de la Communaut\u00e9 des \u00c9tats d\u2019Afrique de l\u2019Ouest (C\u00e9d\u00e9ao) se retrouvent en sommet ordinaire, ce dimanche 12 d\u00e9cembre, \u00e0 Abuja, capitale f\u00e9d\u00e9rale du Nigeria. Les dirigeants vont se\u00a0pencher sur plusieurs questions\u00a0: le terrorisme et l\u2019extr\u00e9misme violent\u00a0dans la sous-r\u00e9gion, la mise en place de la monnaie commune,\u00a0et sur deux crises politiques au Mali et en Guin\u00e9e, qui ont connu des coups d\u2019\u00c9tat ces derniers mois. Avec donc une question en t\u00eate\u00a0: \u00e0 quand le retour au pouvoir pour les civils dans ces deux pays\u00a0?<\/p>\n<p>Premier dossier abord\u00e9 sera le Mali avec une impasse\u00a0: l\u2019incapacit\u00e9 des autorit\u00e9s \u00e0 tenir leur engagement pour organiser une \u00e9lection pr\u00e9sidentielle le 27 f\u00e9vrier 2022. Pour les dirigeants de la C\u00e9d\u00e9ao, les signaux envoy\u00e9s par la junte sont pour le moment mauvais. Le report des assises de la r\u00e9conciliation, jusque-l\u00e0 pos\u00e9es comme une \u00e9tape avant le scrutin pr\u00e9sidentiel, en est un exemple. Le mois dernier,\u00a0la C\u00e9d\u00e9ao avait d\u00e9j\u00e0\u00a0impos\u00e9 des sanctions cibl\u00e9es contre une centaine de personnalit\u00e9s (gel des avoirs et interdiction de voyager&#8230;).<\/p>\n<p>Selon Jean Herv\u00e9 J\u00e9zequel, le directeur du projet Sahel \u00e0 l\u2019International Crisis Group, la C\u00e9d\u00e9ao pourrait encore aller plus loin. \u00ab<em>\u00a0Ce qui est en jeu aujourd\u2019hui<\/em>, explique-t-il, <em>ce sont des sanctions plus dures. Il serait tout \u00e0 fait envisageable pour la C\u00e9d\u00e9ao de recourir par exemple \u00e0 la fermeture des fronti\u00e8res. La C\u00e9d\u00e9ao esp\u00e8re surtout que les autorit\u00e9s maliennes vont d\u00e9coupler la tenue des assises nationales de la r\u00e9conciliation du processus \u00e9lectoral. C\u2019est l\u2019objectif du bras de fer diplomatique qui se joue actuellement entre les \u00c9tats de la C\u00e9d\u00e9ao et les autorit\u00e9s maliennes<\/em>.\u00a0\u00bb<\/p>\n<p><strong>Le cas de la Guin\u00e9e<\/strong><\/p>\n<p>En Guin\u00e9e, les nouvelles autorit\u00e9s n\u2019ont elles aussi toujours pas annonc\u00e9 de\u00a0chronogramme\u00a0sur la dur\u00e9e de la transition. Le colonel Mamadi Doumbouya et son entourage sont d\u00e9j\u00e0 frapp\u00e9s par des interdictions de voyager. La C\u00e9d\u00e9ao pourrait \u00e9tendre ces sanctions \u00e0 l\u2019ensemble de l\u2019\u00e9quipe gouvernementale.<\/p>\n<p>Toutefois les autorit\u00e9s civiles et militaires tentent de r\u00e9pondre aux attentes de la C\u00e9d\u00e9ao. Avec d\u2019abord, le transfert d\u2019Alpha Cond\u00e9 au domicile\u00a0de son \u00e9pouse. M\u00eame s\u2019il est en r\u00e9sidence surveill\u00e9e, cela tend \u00e0 d\u00e9crisper le climat. Par ailleurs, un gouvernement a \u00e9t\u00e9 form\u00e9. Et, on devrait conna\u00eetre sous peu les noms des 81 personnes qui si\u00e8geront dans le Conseil national de transition. Reste par contre, une interrogation, la dur\u00e9e de cette transition.<\/p>\n<p>\u00ab\u00a0<em>Le probl\u00e8me de la Guin\u00e9e sera celui de la fixation de la dur\u00e9e de la transition<\/em>, observe Mathias Hounkp\u00e9, administrateur du programme gouvernance politique \u00e0 la Fondation OSIWA (Initiative pour les soci\u00e9t\u00e9s ouvertes en Afrique de l\u2019Ouest).<em> De mon point de vue, poursuit ce chercheur, il y aura toujours un lien entre ce qui se passe au Mali et ce qui se passe en Guin\u00e9e. Les Guin\u00e9ens demanderont au moins la m\u00eame dur\u00e9e de transition que celle que l\u2019on aura accord\u00e9e aux Maliens. Et donc, plus on donne de marge de man\u0153uvre aux Maliens, plus les autorit\u00e9s guin\u00e9ennes demanderont les m\u00eames marges de man\u0153uvre. Maintenant, c\u2019est le d\u00e9lai \u201craisonnable\u201d qu\u2019il faut fixer, qui est la vraie question. Quel Est-ce d\u00e9lais qu\u2019il faut fixer pour ne pas donner le sentiment que la transition dure en longueur\u00a0? Et ce d\u00e9lai est en partie li\u00e9 \u00e0 la mani\u00e8re dont la C\u00e9d\u00e9ao va se comporter avec le Mali<\/em>\u00a0\u00bb, conclut M. Hounkp\u00e9.<\/p>\n<p><strong>La C\u00e9d\u00e9ao face aux crises institutionnelles et politiques<\/strong><\/p>\n<p>Pas \u00e9vident pour la C\u00e9d\u00e9ao d\u2019imposer des sanctions sans que cela n\u2019ait d\u2019impact sur les citoyens. Ces derniers lui reprochent r\u00e9guli\u00e8rement d\u2019agir beaucoup trop tard face aux crises politiques.\u00a0\u00a0Pas \u00e9vident non plus de changer l\u2019image d\u2019une C\u00e9d\u00e9ao \u00ab\u00a0silencieuse\u00a0\u00bb face aux crises&#8230; Pour rem\u00e9dier \u00e0 cela, la r\u00e9flexion est lanc\u00e9e pour modifier certains protocoles qui r\u00e9gissent les r\u00e8gles d\u2019intervention de\u00a0la C\u00e9d\u00e9ao, pour la rendre plus r\u00e9active.<\/p>\n<p>\u00ab\u00a0<em>Un amendement permettrait d\u2019articuler correctement les r\u00e9actions par rapport aux probl\u00e8mes qui se posent aux pays, de ne pas se limiter simplement aux r\u00e9actions lorsqu\u2019il y a des coups d\u2019\u00c9tat ou bien des violences graves comme l\u2019extr\u00e9misme violent<\/em>,\u00a0explique le chercheur Mathias Hounkp\u00e9. <em>Mais [cela permettrait] aussi de prendre en compte par exemple, les abus de pouvoir et les questions de corruption. Je pense que la C\u00e9d\u00e9ao pourrait avoir plus de moyens \u00e0 travers la Commission et \u00e0 travers d\u2019autres instances dont elle dispose, pour intervenir et au moins, laisser aux citoyens le sentiment que quand ils se retrouvent en face de leaders probl\u00e9matiques, que la C\u00e9d\u00e9ao est l\u00e0 pour les prot\u00e9ger et ne pas donner le sentiment que la C\u00e9d\u00e9ao est juste un instrument pour prot\u00e9ger les pr\u00e9sidents entre eux<\/em>.\u00a0\u00bb<\/p>\n<p>En attendant le sommet des chefs d\u2019\u00c9tat, pr\u00e9vu dimanche, le Conseil des ministres se tient ce vendredi \u00e0 Abuja pour aborder ces questions.<\/p>\n<p><strong>RFI<\/strong><\/p>\n","protected":false},"excerpt":{"rendered":"<p>Les chefs d\u2019\u00c9tat de la Communaut\u00e9 des \u00c9tats d\u2019Afrique de l\u2019Ouest (C\u00e9d\u00e9ao) se retrouvent en sommet ordinaire, ce dimanche 12 d\u00e9cembre, \u00e0 Abuja, capitale f\u00e9d\u00e9rale du Nigeria. Les dirigeants vont se\u00a0pencher sur plusieurs questions\u00a0: le terrorisme et l\u2019extr\u00e9misme violent\u00a0dans la sous-r\u00e9gion, la mise en place de la monnaie commune,\u00a0et sur deux crises politiques au Mali [&hellip;]<\/p>\n","protected":false},"author":12,"featured_media":32104,"comment_status":"closed","ping_status":"open","sticky":false,"template":"","format":"standard","meta":{"_exactmetrics_skip_tracking":false,"_exactmetrics_sitenote_active":false,"_exactmetrics_sitenote_note":"","_exactmetrics_sitenote_category":0,"tdm_status":"","tdm_grid_status":"","footnotes":""},"categories":[21],"tags":[],"class_list":{"0":"post-32103","1":"post","2":"type-post","3":"status-publish","4":"format-standard","5":"has-post-thumbnail","7":"category-international"},"yoast_head":"<!-- This site is optimized with the Yoast SEO plugin v24.2 - https:\/\/yoast.com\/wordpress\/plugins\/seo\/ -->\n<title>Soixanti\u00e8me sommet de la C\u00e9d\u00e9ao: comment g\u00e9rer les coups d\u2019\u00c9tat au Mali et en Guin\u00e9e? | Guin\u00e9e Diversit\u00e9<\/title>\n<meta name=\"robots\" content=\"index, follow, max-snippet:-1, max-image-preview:large, max-video-preview:-1\" \/>\n<link rel=\"canonical\" href=\"https:\/\/guineediversite.com\/index.php\/2021\/12\/10\/soixantieme-sommet-de-la-cedeao-comment-gerer-les-coups-detat-au-mali-et-en-guinee\/\" \/>\n<meta property=\"og:locale\" content=\"fr_FR\" \/>\n<meta property=\"og:type\" content=\"article\" \/>\n<meta property=\"og:title\" content=\"Soixanti\u00e8me sommet de la C\u00e9d\u00e9ao: comment g\u00e9rer les coups d\u2019\u00c9tat au Mali et en Guin\u00e9e? | Guin\u00e9e Diversit\u00e9\" \/>\n<meta property=\"og:description\" content=\"Les chefs d\u2019\u00c9tat de la Communaut\u00e9 des \u00c9tats d\u2019Afrique de l\u2019Ouest (C\u00e9d\u00e9ao) se retrouvent en sommet ordinaire, ce dimanche 12 d\u00e9cembre, \u00e0 Abuja, capitale f\u00e9d\u00e9rale du Nigeria. Les dirigeants vont se\u00a0pencher sur plusieurs questions\u00a0: le terrorisme et l\u2019extr\u00e9misme violent\u00a0dans la sous-r\u00e9gion, la mise en place de la monnaie commune,\u00a0et sur deux crises politiques au Mali [&hellip;]\" \/>\n<meta property=\"og:url\" content=\"https:\/\/guineediversite.com\/index.php\/2021\/12\/10\/soixantieme-sommet-de-la-cedeao-comment-gerer-les-coups-detat-au-mali-et-en-guinee\/\" \/>\n<meta property=\"og:site_name\" content=\"Guin\u00e9e Diversit\u00e9\" \/>\n<meta property=\"article:publisher\" content=\"https:\/\/www.facebook.com\/guineediversite\/\" \/>\n<meta property=\"article:published_time\" content=\"2021-12-10T12:26:01+00:00\" \/>\n<meta property=\"og:image\" content=\"https:\/\/guineediversite.com\/wp-content\/uploads\/2021\/12\/ILLUSTRATION.jpg\" \/>\n\t<meta property=\"og:image:width\" content=\"1300\" \/>\n\t<meta property=\"og:image:height\" content=\"730\" \/>\n\t<meta property=\"og:image:type\" content=\"image\/jpeg\" \/>\n<meta name=\"author\" content=\"Guin\u00e9e Diversit\u00e9\" \/>\n<meta name=\"twitter:card\" content=\"summary_large_image\" \/>\n<meta name=\"twitter:creator\" content=\"@GuineeDiversite\" \/>\n<meta name=\"twitter:site\" content=\"@GuineeDiversite\" \/>\n<meta name=\"twitter:label1\" content=\"\u00c9crit par\" \/>\n\t<meta name=\"twitter:data1\" content=\"Guin\u00e9e Diversit\u00e9\" \/>\n\t<meta name=\"twitter:label2\" content=\"Dur\u00e9e de lecture estim\u00e9e\" \/>\n\t<meta name=\"twitter:data2\" content=\"5 minutes\" \/>\n<script type=\"application\/ld+json\" class=\"yoast-schema-graph\">{\"@context\":\"https:\/\/schema.org\",\"@graph\":[{\"@type\":\"Article\",\"@id\":\"https:\/\/guineediversite.com\/index.php\/2021\/12\/10\/soixantieme-sommet-de-la-cedeao-comment-gerer-les-coups-detat-au-mali-et-en-guinee\/#article\",\"isPartOf\":{\"@id\":\"https:\/\/guineediversite.com\/index.php\/2021\/12\/10\/soixantieme-sommet-de-la-cedeao-comment-gerer-les-coups-detat-au-mali-et-en-guinee\/\"},\"author\":{\"name\":\"Guin\u00e9e Diversit\u00e9\",\"@id\":\"https:\/\/guineediversite.com\/#\/schema\/person\/afa08fb34e7fc6e1feafc892612bc836\"},\"headline\":\"Soixanti\u00e8me sommet de la C\u00e9d\u00e9ao: comment g\u00e9rer les coups d\u2019\u00c9tat au Mali et en Guin\u00e9e?\",\"datePublished\":\"2021-12-10T12:26:01+00:00\",\"dateModified\":\"2021-12-10T12:26:01+00:00\",\"mainEntityOfPage\":{\"@id\":\"https:\/\/guineediversite.com\/index.php\/2021\/12\/10\/soixantieme-sommet-de-la-cedeao-comment-gerer-les-coups-detat-au-mali-et-en-guinee\/\"},\"wordCount\":923,\"publisher\":{\"@id\":\"https:\/\/guineediversite.com\/#organization\"},\"image\":{\"@id\":\"https:\/\/guineediversite.com\/index.php\/2021\/12\/10\/soixantieme-sommet-de-la-cedeao-comment-gerer-les-coups-detat-au-mali-et-en-guinee\/#primaryimage\"},\"thumbnailUrl\":\"https:\/\/guineediversite.com\/wp-content\/uploads\/2021\/12\/ILLUSTRATION.jpg\",\"articleSection\":[\"International\"],\"inLanguage\":\"fr-FR\"},{\"@type\":\"WebPage\",\"@id\":\"https:\/\/guineediversite.com\/index.php\/2021\/12\/10\/soixantieme-sommet-de-la-cedeao-comment-gerer-les-coups-detat-au-mali-et-en-guinee\/\",\"url\":\"https:\/\/guineediversite.com\/index.php\/2021\/12\/10\/soixantieme-sommet-de-la-cedeao-comment-gerer-les-coups-detat-au-mali-et-en-guinee\/\",\"name\":\"Soixanti\u00e8me sommet de la C\u00e9d\u00e9ao: comment g\u00e9rer les coups d\u2019\u00c9tat au Mali et en Guin\u00e9e? | Guin\u00e9e Diversit\u00e9\",\"isPartOf\":{\"@id\":\"https:\/\/guineediversite.com\/#website\"},\"primaryImageOfPage\":{\"@id\":\"https:\/\/guineediversite.com\/index.php\/2021\/12\/10\/soixantieme-sommet-de-la-cedeao-comment-gerer-les-coups-detat-au-mali-et-en-guinee\/#primaryimage\"},\"image\":{\"@id\":\"https:\/\/guineediversite.com\/index.php\/2021\/12\/10\/soixantieme-sommet-de-la-cedeao-comment-gerer-les-coups-detat-au-mali-et-en-guinee\/#primaryimage\"},\"thumbnailUrl\":\"https:\/\/guineediversite.com\/wp-content\/uploads\/2021\/12\/ILLUSTRATION.jpg\",\"datePublished\":\"2021-12-10T12:26:01+00:00\",\"dateModified\":\"2021-12-10T12:26:01+00:00\",\"breadcrumb\":{\"@id\":\"https:\/\/guineediversite.com\/index.php\/2021\/12\/10\/soixantieme-sommet-de-la-cedeao-comment-gerer-les-coups-detat-au-mali-et-en-guinee\/#breadcrumb\"},\"inLanguage\":\"fr-FR\",\"potentialAction\":[{\"@type\":\"ReadAction\",\"target\":[\"https:\/\/guineediversite.com\/index.php\/2021\/12\/10\/soixantieme-sommet-de-la-cedeao-comment-gerer-les-coups-detat-au-mali-et-en-guinee\/\"]}]},{\"@type\":\"ImageObject\",\"inLanguage\":\"fr-FR\",\"@id\":\"https:\/\/guineediversite.com\/index.php\/2021\/12\/10\/soixantieme-sommet-de-la-cedeao-comment-gerer-les-coups-detat-au-mali-et-en-guinee\/#primaryimage\",\"url\":\"https:\/\/guineediversite.com\/wp-content\/uploads\/2021\/12\/ILLUSTRATION.jpg\",\"contentUrl\":\"https:\/\/guineediversite.com\/wp-content\/uploads\/2021\/12\/ILLUSTRATION.jpg\",\"width\":1300,\"height\":730},{\"@type\":\"BreadcrumbList\",\"@id\":\"https:\/\/guineediversite.com\/index.php\/2021\/12\/10\/soixantieme-sommet-de-la-cedeao-comment-gerer-les-coups-detat-au-mali-et-en-guinee\/#breadcrumb\",\"itemListElement\":[{\"@type\":\"ListItem\",\"position\":1,\"name\":\"Accueil\",\"item\":\"https:\/\/guineediversite.com\/\"},{\"@type\":\"ListItem\",\"position\":2,\"name\":\"Soixanti\u00e8me sommet de la C\u00e9d\u00e9ao: comment g\u00e9rer les coups d\u2019\u00c9tat au Mali et en Guin\u00e9e?\"}]},{\"@type\":\"WebSite\",\"@id\":\"https:\/\/guineediversite.com\/#website\",\"url\":\"https:\/\/guineediversite.com\/\",\"name\":\"Guin\u00e9e Diversit\u00e9\",\"description\":\"L&#039;Info dans toute sa diversit\u00e9\",\"publisher\":{\"@id\":\"https:\/\/guineediversite.com\/#organization\"},\"potentialAction\":[{\"@type\":\"SearchAction\",\"target\":{\"@type\":\"EntryPoint\",\"urlTemplate\":\"https:\/\/guineediversite.com\/?s={search_term_string}\"},\"query-input\":{\"@type\":\"PropertyValueSpecification\",\"valueRequired\":true,\"valueName\":\"search_term_string\"}}],\"inLanguage\":\"fr-FR\"},{\"@type\":\"Organization\",\"@id\":\"https:\/\/guineediversite.com\/#organization\",\"name\":\"Guin\u00e9e Diversit\u00e9\",\"url\":\"https:\/\/guineediversite.com\/\",\"logo\":{\"@type\":\"ImageObject\",\"inLanguage\":\"fr-FR\",\"@id\":\"https:\/\/guineediversite.com\/#\/schema\/logo\/image\/\",\"url\":\"https:\/\/guineediversite.com\/wp-content\/uploads\/2017\/04\/cropped-1jojlxEOMkX9Wyqfhe43D6kjPOGqBBKmx3EwWJqZ0cMrFF54yM49.png\",\"contentUrl\":\"https:\/\/guineediversite.com\/wp-content\/uploads\/2017\/04\/cropped-1jojlxEOMkX9Wyqfhe43D6kjPOGqBBKmx3EwWJqZ0cMrFF54yM49.png\",\"width\":186,\"height\":112,\"caption\":\"Guin\u00e9e Diversit\u00e9\"},\"image\":{\"@id\":\"https:\/\/guineediversite.com\/#\/schema\/logo\/image\/\"},\"sameAs\":[\"https:\/\/www.facebook.com\/guineediversite\/\",\"https:\/\/x.com\/GuineeDiversite\",\"https:\/\/www.youtube.com\/channel\/UC8sUY16qelG5ge6_D5SB83g\"]},{\"@type\":\"Person\",\"@id\":\"https:\/\/guineediversite.com\/#\/schema\/person\/afa08fb34e7fc6e1feafc892612bc836\",\"name\":\"Guin\u00e9e Diversit\u00e9\",\"image\":{\"@type\":\"ImageObject\",\"inLanguage\":\"fr-FR\",\"@id\":\"https:\/\/guineediversite.com\/#\/schema\/person\/image\/\",\"url\":\"https:\/\/secure.gravatar.com\/avatar\/50d5eb5b390f8b65ac30ac6f898eb83a?s=96&d=mm&r=g\",\"contentUrl\":\"https:\/\/secure.gravatar.com\/avatar\/50d5eb5b390f8b65ac30ac6f898eb83a?s=96&d=mm&r=g\",\"caption\":\"Guin\u00e9e Diversit\u00e9\"},\"url\":\"https:\/\/guineediversite.com\/index.php\/author\/guineediversite\/\"}]}<\/script>\n<!-- \/ Yoast SEO plugin. -->","yoast_head_json":{"title":"Soixanti\u00e8me sommet de la C\u00e9d\u00e9ao: comment g\u00e9rer les coups d\u2019\u00c9tat au Mali et en Guin\u00e9e? | Guin\u00e9e Diversit\u00e9","robots":{"index":"index","follow":"follow","max-snippet":"max-snippet:-1","max-image-preview":"max-image-preview:large","max-video-preview":"max-video-preview:-1"},"canonical":"https:\/\/guineediversite.com\/index.php\/2021\/12\/10\/soixantieme-sommet-de-la-cedeao-comment-gerer-les-coups-detat-au-mali-et-en-guinee\/","og_locale":"fr_FR","og_type":"article","og_title":"Soixanti\u00e8me sommet de la C\u00e9d\u00e9ao: comment g\u00e9rer les coups d\u2019\u00c9tat au Mali et en Guin\u00e9e? | Guin\u00e9e Diversit\u00e9","og_description":"Les chefs d\u2019\u00c9tat de la Communaut\u00e9 des \u00c9tats d\u2019Afrique de l\u2019Ouest (C\u00e9d\u00e9ao) se retrouvent en sommet ordinaire, ce dimanche 12 d\u00e9cembre, \u00e0 Abuja, capitale f\u00e9d\u00e9rale du Nigeria. Les dirigeants vont se\u00a0pencher sur plusieurs questions\u00a0: le terrorisme et l\u2019extr\u00e9misme violent\u00a0dans la sous-r\u00e9gion, la mise en place de la monnaie commune,\u00a0et sur deux crises politiques au Mali [&hellip;]","og_url":"https:\/\/guineediversite.com\/index.php\/2021\/12\/10\/soixantieme-sommet-de-la-cedeao-comment-gerer-les-coups-detat-au-mali-et-en-guinee\/","og_site_name":"Guin\u00e9e Diversit\u00e9","article_publisher":"https:\/\/www.facebook.com\/guineediversite\/","article_published_time":"2021-12-10T12:26:01+00:00","og_image":[{"width":1300,"height":730,"url":"https:\/\/guineediversite.com\/wp-content\/uploads\/2021\/12\/ILLUSTRATION.jpg","type":"image\/jpeg"}],"author":"Guin\u00e9e Diversit\u00e9","twitter_card":"summary_large_image","twitter_creator":"@GuineeDiversite","twitter_site":"@GuineeDiversite","twitter_misc":{"\u00c9crit par":"Guin\u00e9e Diversit\u00e9","Dur\u00e9e de lecture estim\u00e9e":"5 minutes"},"schema":{"@context":"https:\/\/schema.org","@graph":[{"@type":"Article","@id":"https:\/\/guineediversite.com\/index.php\/2021\/12\/10\/soixantieme-sommet-de-la-cedeao-comment-gerer-les-coups-detat-au-mali-et-en-guinee\/#article","isPartOf":{"@id":"https:\/\/guineediversite.com\/index.php\/2021\/12\/10\/soixantieme-sommet-de-la-cedeao-comment-gerer-les-coups-detat-au-mali-et-en-guinee\/"},"author":{"name":"Guin\u00e9e Diversit\u00e9","@id":"https:\/\/guineediversite.com\/#\/schema\/person\/afa08fb34e7fc6e1feafc892612bc836"},"headline":"Soixanti\u00e8me sommet de la C\u00e9d\u00e9ao: comment g\u00e9rer les coups d\u2019\u00c9tat au Mali et en Guin\u00e9e?","datePublished":"2021-12-10T12:26:01+00:00","dateModified":"2021-12-10T12:26:01+00:00","mainEntityOfPage":{"@id":"https:\/\/guineediversite.com\/index.php\/2021\/12\/10\/soixantieme-sommet-de-la-cedeao-comment-gerer-les-coups-detat-au-mali-et-en-guinee\/"},"wordCount":923,"publisher":{"@id":"https:\/\/guineediversite.com\/#organization"},"image":{"@id":"https:\/\/guineediversite.com\/index.php\/2021\/12\/10\/soixantieme-sommet-de-la-cedeao-comment-gerer-les-coups-detat-au-mali-et-en-guinee\/#primaryimage"},"thumbnailUrl":"https:\/\/guineediversite.com\/wp-content\/uploads\/2021\/12\/ILLUSTRATION.jpg","articleSection":["International"],"inLanguage":"fr-FR"},{"@type":"WebPage","@id":"https:\/\/guineediversite.com\/index.php\/2021\/12\/10\/soixantieme-sommet-de-la-cedeao-comment-gerer-les-coups-detat-au-mali-et-en-guinee\/","url":"https:\/\/guineediversite.com\/index.php\/2021\/12\/10\/soixantieme-sommet-de-la-cedeao-comment-gerer-les-coups-detat-au-mali-et-en-guinee\/","name":"Soixanti\u00e8me sommet de la C\u00e9d\u00e9ao: comment g\u00e9rer les coups d\u2019\u00c9tat au Mali et en Guin\u00e9e? | Guin\u00e9e Diversit\u00e9","isPartOf":{"@id":"https:\/\/guineediversite.com\/#website"},"primaryImageOfPage":{"@id":"https:\/\/guineediversite.com\/index.php\/2021\/12\/10\/soixantieme-sommet-de-la-cedeao-comment-gerer-les-coups-detat-au-mali-et-en-guinee\/#primaryimage"},"image":{"@id":"https:\/\/guineediversite.com\/index.php\/2021\/12\/10\/soixantieme-sommet-de-la-cedeao-comment-gerer-les-coups-detat-au-mali-et-en-guinee\/#primaryimage"},"thumbnailUrl":"https:\/\/guineediversite.com\/wp-content\/uploads\/2021\/12\/ILLUSTRATION.jpg","datePublished":"2021-12-10T12:26:01+00:00","dateModified":"2021-12-10T12:26:01+00:00","breadcrumb":{"@id":"https:\/\/guineediversite.com\/index.php\/2021\/12\/10\/soixantieme-sommet-de-la-cedeao-comment-gerer-les-coups-detat-au-mali-et-en-guinee\/#breadcrumb"},"inLanguage":"fr-FR","potentialAction":[{"@type":"ReadAction","target":["https:\/\/guineediversite.com\/index.php\/2021\/12\/10\/soixantieme-sommet-de-la-cedeao-comment-gerer-les-coups-detat-au-mali-et-en-guinee\/"]}]},{"@type":"ImageObject","inLanguage":"fr-FR","@id":"https:\/\/guineediversite.com\/index.php\/2021\/12\/10\/soixantieme-sommet-de-la-cedeao-comment-gerer-les-coups-detat-au-mali-et-en-guinee\/#primaryimage","url":"https:\/\/guineediversite.com\/wp-content\/uploads\/2021\/12\/ILLUSTRATION.jpg","contentUrl":"https:\/\/guineediversite.com\/wp-content\/uploads\/2021\/12\/ILLUSTRATION.jpg","width":1300,"height":730},{"@type":"BreadcrumbList","@id":"https:\/\/guineediversite.com\/index.php\/2021\/12\/10\/soixantieme-sommet-de-la-cedeao-comment-gerer-les-coups-detat-au-mali-et-en-guinee\/#breadcrumb","itemListElement":[{"@type":"ListItem","position":1,"name":"Accueil","item":"https:\/\/guineediversite.com\/"},{"@type":"ListItem","position":2,"name":"Soixanti\u00e8me sommet de la C\u00e9d\u00e9ao: comment g\u00e9rer les coups d\u2019\u00c9tat au Mali et en Guin\u00e9e?"}]},{"@type":"WebSite","@id":"https:\/\/guineediversite.com\/#website","url":"https:\/\/guineediversite.com\/","name":"Guin\u00e9e Diversit\u00e9","description":"L&#039;Info dans toute sa diversit\u00e9","publisher":{"@id":"https:\/\/guineediversite.com\/#organization"},"potentialAction":[{"@type":"SearchAction","target":{"@type":"EntryPoint","urlTemplate":"https:\/\/guineediversite.com\/?s={search_term_string}"},"query-input":{"@type":"PropertyValueSpecification","valueRequired":true,"valueName":"search_term_string"}}],"inLanguage":"fr-FR"},{"@type":"Organization","@id":"https:\/\/guineediversite.com\/#organization","name":"Guin\u00e9e Diversit\u00e9","url":"https:\/\/guineediversite.com\/","logo":{"@type":"ImageObject","inLanguage":"fr-FR","@id":"https:\/\/guineediversite.com\/#\/schema\/logo\/image\/","url":"https:\/\/guineediversite.com\/wp-content\/uploads\/2017\/04\/cropped-1jojlxEOMkX9Wyqfhe43D6kjPOGqBBKmx3EwWJqZ0cMrFF54yM49.png","contentUrl":"https:\/\/guineediversite.com\/wp-content\/uploads\/2017\/04\/cropped-1jojlxEOMkX9Wyqfhe43D6kjPOGqBBKmx3EwWJqZ0cMrFF54yM49.png","width":186,"height":112,"caption":"Guin\u00e9e Diversit\u00e9"},"image":{"@id":"https:\/\/guineediversite.com\/#\/schema\/logo\/image\/"},"sameAs":["https:\/\/www.facebook.com\/guineediversite\/","https:\/\/x.com\/GuineeDiversite","https:\/\/www.youtube.com\/channel\/UC8sUY16qelG5ge6_D5SB83g"]},{"@type":"Person","@id":"https:\/\/guineediversite.com\/#\/schema\/person\/afa08fb34e7fc6e1feafc892612bc836","name":"Guin\u00e9e Diversit\u00e9","image":{"@type":"ImageObject","inLanguage":"fr-FR","@id":"https:\/\/guineediversite.com\/#\/schema\/person\/image\/","url":"https:\/\/secure.gravatar.com\/avatar\/50d5eb5b390f8b65ac30ac6f898eb83a?s=96&d=mm&r=g","contentUrl":"https:\/\/secure.gravatar.com\/avatar\/50d5eb5b390f8b65ac30ac6f898eb83a?s=96&d=mm&r=g","caption":"Guin\u00e9e Diversit\u00e9"},"url":"https:\/\/guineediversite.com\/index.php\/author\/guineediversite\/"}]}},"_links":{"self":[{"href":"https:\/\/guineediversite.com\/index.php\/wp-json\/wp\/v2\/posts\/32103"}],"collection":[{"href":"https:\/\/guineediversite.com\/index.php\/wp-json\/wp\/v2\/posts"}],"about":[{"href":"https:\/\/guineediversite.com\/index.php\/wp-json\/wp\/v2\/types\/post"}],"author":[{"embeddable":true,"href":"https:\/\/guineediversite.com\/index.php\/wp-json\/wp\/v2\/users\/12"}],"replies":[{"embeddable":true,"href":"https:\/\/guineediversite.com\/index.php\/wp-json\/wp\/v2\/comments?post=32103"}],"version-history":[{"count":1,"href":"https:\/\/guineediversite.com\/index.php\/wp-json\/wp\/v2\/posts\/32103\/revisions"}],"predecessor-version":[{"id":32105,"href":"https:\/\/guineediversite.com\/index.php\/wp-json\/wp\/v2\/posts\/32103\/revisions\/32105"}],"wp:featuredmedia":[{"embeddable":true,"href":"https:\/\/guineediversite.com\/index.php\/wp-json\/wp\/v2\/media\/32104"}],"wp:attachment":[{"href":"https:\/\/guineediversite.com\/index.php\/wp-json\/wp\/v2\/media?parent=32103"}],"wp:term":[{"taxonomy":"category","embeddable":true,"href":"https:\/\/guineediversite.com\/index.php\/wp-json\/wp\/v2\/categories?post=32103"},{"taxonomy":"post_tag","embeddable":true,"href":"https:\/\/guineediversite.com\/index.php\/wp-json\/wp\/v2\/tags?post=32103"}],"curies":[{"name":"wp","href":"https:\/\/api.w.org\/{rel}","templated":true}]}}