{"id":32090,"date":"2021-12-09T19:51:44","date_gmt":"2021-12-09T18:51:44","guid":{"rendered":"https:\/\/guineediversite.com\/?p=32090"},"modified":"2021-12-09T19:51:44","modified_gmt":"2021-12-09T18:51:44","slug":"runway-fashion-show-au-dela-de-la-mode-cest-un-geste-humanitaire","status":"publish","type":"post","link":"https:\/\/guineediversite.com\/index.php\/2021\/12\/09\/runway-fashion-show-au-dela-de-la-mode-cest-un-geste-humanitaire\/","title":{"rendered":"Runway Fashion Show au-del\u00e0 de la mode, c\u2019est un geste humanitaire"},"content":{"rendered":"<p><strong>Les organisateurs de l\u2019\u00e9v\u00e8nement de mode Runway Fashion Show ont ce jeudi 09 d\u00e9cembre 2021, donn\u00e9 les couleurs de l&rsquo;\u00e9v\u00e8nement. <\/strong><\/p>\n<p>Un \u00e9v\u00e8nement qui se tient du 11 au 12 d\u00e9cembre \u00e0 Conakry. Cette activit\u00e9 culturelle s\u2019inscrit \u00e9galement dans le cadre humanitaire, en ce qui concerne la vaccination des malades de la maladie de dr\u00e9panocytose.<\/p>\n<p>Elle (Runway Fashion Show Ndlr) a pour objectif vendre la cr\u00e9ativit\u00e9 africaine, pour cela une dizaine de pays prendront part \u00e0 cet \u00e9v\u00e8nement. La coordinatrice de l\u2019\u00e9v\u00e8nement Aicha Diallo parle des points fards de cet \u00e9v\u00e8nement, \u00ab\u00a0\u00a0\u00ab <em>Le Runway Fashion Show est \u00e9v\u00e8nement au service de l\u2019engagement social. Notre objectif c\u2019est \u00e0 travers la mode de lever des fonds pour pouvoir venir en aide aux personnes atteintes de dr\u00e9panocytose en Guin\u00e9e et dans les prochaines 72 heures nous avons plusieurs activit\u00e9s. La premi\u00e8re va \u00eatre le 11 d\u00e9cembre au chapiteau du palais du peuple. Elle aura pour mission de permettre l\u2019expression de la cr\u00e9ativit\u00e9 africaine, on aura sur cet \u00e9v\u00e8nement une dizaine de pays qui sont repr\u00e9sent\u00e9s par 15 designers qui vont venir pr\u00e9senter leur collection que \u00e7a soit en accessoire ou en tenue. Nous aurons aussi une prestation artistique avec nos talentueux Soul Bang\u2019s et Mananba Kant\u00e9 (\u2026).Le dimanche 12 d\u00e9cembre, nous avons une exposition vente qui va permettre \u00e0 tous ces cr\u00e9ateurs, tous ces artisans de cr\u00e9er un espace de vente (\u2026). <\/em>\u00bb.<\/p>\n<p><img loading=\"lazy\" decoding=\"async\" class=\" wp-image-32094 aligncenter\" src=\"https:\/\/guineediversite.com.bwjx4292.odns.fr\/wp-content\/uploads\/2021\/12\/WhatsApp-Image-2021-12-09-at-18.30.47-4-300x200.jpeg\" alt=\"\" width=\"384\" height=\"256\" srcset=\"https:\/\/guineediversite.com\/wp-content\/uploads\/2021\/12\/WhatsApp-Image-2021-12-09-at-18.30.47-4-300x200.jpeg 300w, https:\/\/guineediversite.com\/wp-content\/uploads\/2021\/12\/WhatsApp-Image-2021-12-09-at-18.30.47-4-1024x683.jpeg 1024w, https:\/\/guineediversite.com\/wp-content\/uploads\/2021\/12\/WhatsApp-Image-2021-12-09-at-18.30.47-4-768x512.jpeg 768w, https:\/\/guineediversite.com\/wp-content\/uploads\/2021\/12\/WhatsApp-Image-2021-12-09-at-18.30.47-4-600x400.jpeg 600w, https:\/\/guineediversite.com\/wp-content\/uploads\/2021\/12\/WhatsApp-Image-2021-12-09-at-18.30.47-4-696x464.jpeg 696w, https:\/\/guineediversite.com\/wp-content\/uploads\/2021\/12\/WhatsApp-Image-2021-12-09-at-18.30.47-4-1068x712.jpeg 1068w, https:\/\/guineediversite.com\/wp-content\/uploads\/2021\/12\/WhatsApp-Image-2021-12-09-at-18.30.47-4-630x420.jpeg 630w, https:\/\/guineediversite.com\/wp-content\/uploads\/2021\/12\/WhatsApp-Image-2021-12-09-at-18.30.47-4.jpeg 1500w\" sizes=\"(max-width: 384px) 100vw, 384px\" \/><\/p>\n<p>Dans la m\u00eame lanc\u00e9e, Dame Sayon Bamba directrice de l\u2019Agence Guin\u00e9enne de spectacle s\u2019est aussi pench\u00e9e sur le c\u00f4t\u00e9 humanitaire au combien important pour la population guin\u00e9enne, elle dira ceci : \u00ab\u00a0<em>Cette ann\u00e9e le monde du spectacle a \u00e9t\u00e9 beaucoup affecter par la pand\u00e9mie de COVID-19. \u00catre solidaire d\u2019une autre maladie qui ravage, je vous rappelle qu\u2019il y a 20% de la population qui souffre de cette maladie la dr\u00e9panocytose. Donc c\u2019est important de voir ce geste humanitaire vis-\u00e0-vis des malades, mais aussi des populations (\u2026) <\/em>\u00bb.<\/p>\n<p><img loading=\"lazy\" decoding=\"async\" class=\" wp-image-32093 aligncenter\" src=\"https:\/\/guineediversite.com.bwjx4292.odns.fr\/wp-content\/uploads\/2021\/12\/WhatsApp-Image-2021-12-09-at-18.30.47-2-300x200.jpeg\" alt=\"\" width=\"405\" height=\"270\" srcset=\"https:\/\/guineediversite.com\/wp-content\/uploads\/2021\/12\/WhatsApp-Image-2021-12-09-at-18.30.47-2-300x200.jpeg 300w, https:\/\/guineediversite.com\/wp-content\/uploads\/2021\/12\/WhatsApp-Image-2021-12-09-at-18.30.47-2-1024x683.jpeg 1024w, https:\/\/guineediversite.com\/wp-content\/uploads\/2021\/12\/WhatsApp-Image-2021-12-09-at-18.30.47-2-768x512.jpeg 768w, https:\/\/guineediversite.com\/wp-content\/uploads\/2021\/12\/WhatsApp-Image-2021-12-09-at-18.30.47-2-600x400.jpeg 600w, https:\/\/guineediversite.com\/wp-content\/uploads\/2021\/12\/WhatsApp-Image-2021-12-09-at-18.30.47-2-696x464.jpeg 696w, https:\/\/guineediversite.com\/wp-content\/uploads\/2021\/12\/WhatsApp-Image-2021-12-09-at-18.30.47-2-1068x712.jpeg 1068w, https:\/\/guineediversite.com\/wp-content\/uploads\/2021\/12\/WhatsApp-Image-2021-12-09-at-18.30.47-2-630x420.jpeg 630w, https:\/\/guineediversite.com\/wp-content\/uploads\/2021\/12\/WhatsApp-Image-2021-12-09-at-18.30.47-2.jpeg 1500w\" sizes=\"(max-width: 405px) 100vw, 405px\" \/><\/p>\n<p>Pour ce qui est de l\u2019aspect humanitaire de cet \u00e9v\u00e8nement, les organisateurs ont eu l\u2019appui des m\u00e9decins s\u00e9n\u00e9galais dans le cadre de la prise en charge des patients, mais aussi la formation du personnel de sant\u00e9 guin\u00e9enne.<\/p>\n<p>\u00ab <em>Cet \u00e9v\u00e8nement \u00e7a m\u2019int\u00e9resse au volet m\u00e9dical et humanitaire, l\u2019objectif de cet \u00e9v\u00e9nement c\u2019est de lever des fonds pour aider la population, les enfants, \u00e0 avoir des vaccins et nous en tant que m\u00e9decin, partenaire nous sommes venues \u00e0 cet \u00e9v\u00e8nement pour apporter notre soutien que \u00e7a soit des prises en charge des patients. On pr\u00e9voit aussi des volets formation dans la prise en charge des malades, que \u00e7a soit des m\u00e9decins ici<\/em>\u00a0\u00bb, fait savoir docteur Habib Diop, m\u00e9decin s\u00e9n\u00e9galais.<\/p>\n<p><img loading=\"lazy\" decoding=\"async\" class=\"alignnone size-medium wp-image-32092\" src=\"https:\/\/guineediversite.com.bwjx4292.odns.fr\/wp-content\/uploads\/2021\/12\/WhatsApp-Image-2021-12-09-at-18.30.47-1-300x228.jpeg\" alt=\"\" width=\"300\" height=\"228\" srcset=\"https:\/\/guineediversite.com\/wp-content\/uploads\/2021\/12\/WhatsApp-Image-2021-12-09-at-18.30.47-1-300x228.jpeg 300w, https:\/\/guineediversite.com\/wp-content\/uploads\/2021\/12\/WhatsApp-Image-2021-12-09-at-18.30.47-1-1024x778.jpeg 1024w, https:\/\/guineediversite.com\/wp-content\/uploads\/2021\/12\/WhatsApp-Image-2021-12-09-at-18.30.47-1-768x584.jpeg 768w, https:\/\/guineediversite.com\/wp-content\/uploads\/2021\/12\/WhatsApp-Image-2021-12-09-at-18.30.47-1-600x456.jpeg 600w, https:\/\/guineediversite.com\/wp-content\/uploads\/2021\/12\/WhatsApp-Image-2021-12-09-at-18.30.47-1-696x529.jpeg 696w, https:\/\/guineediversite.com\/wp-content\/uploads\/2021\/12\/WhatsApp-Image-2021-12-09-at-18.30.47-1-1068x812.jpeg 1068w, https:\/\/guineediversite.com\/wp-content\/uploads\/2021\/12\/WhatsApp-Image-2021-12-09-at-18.30.47-1-553x420.jpeg 553w, https:\/\/guineediversite.com\/wp-content\/uploads\/2021\/12\/WhatsApp-Image-2021-12-09-at-18.30.47-1-80x60.jpeg 80w, https:\/\/guineediversite.com\/wp-content\/uploads\/2021\/12\/WhatsApp-Image-2021-12-09-at-18.30.47-1.jpeg 1500w\" sizes=\"(max-width: 300px) 100vw, 300px\" \/><\/p>\n<p>&nbsp;<\/p>\n","protected":false},"excerpt":{"rendered":"<p>Les organisateurs de l\u2019\u00e9v\u00e8nement de mode Runway Fashion Show ont ce jeudi 09 d\u00e9cembre 2021, donn\u00e9 les couleurs de l&rsquo;\u00e9v\u00e8nement. Un \u00e9v\u00e8nement qui se tient du 11 au 12 d\u00e9cembre \u00e0 Conakry. Cette activit\u00e9 culturelle s\u2019inscrit \u00e9galement dans le cadre humanitaire, en ce qui concerne la vaccination des malades de la maladie de dr\u00e9panocytose. Elle [&hellip;]<\/p>\n","protected":false},"author":10,"featured_media":32091,"comment_status":"closed","ping_status":"open","sticky":false,"template":"","format":"standard","meta":{"_exactmetrics_skip_tracking":false,"_exactmetrics_sitenote_active":false,"_exactmetrics_sitenote_note":"","_exactmetrics_sitenote_category":0,"tdm_status":"","tdm_grid_status":"","footnotes":""},"categories":[24],"tags":[],"class_list":{"0":"post-32090","1":"post","2":"type-post","3":"status-publish","4":"format-standard","5":"has-post-thumbnail","7":"category-art-et-culture"},"yoast_head":"<!-- This site is optimized with the Yoast SEO plugin v24.2 - https:\/\/yoast.com\/wordpress\/plugins\/seo\/ -->\n<title>Runway Fashion Show au-del\u00e0 de la mode, c\u2019est un geste humanitaire | Guin\u00e9e Diversit\u00e9<\/title>\n<meta name=\"robots\" content=\"index, follow, max-snippet:-1, max-image-preview:large, max-video-preview:-1\" \/>\n<link rel=\"canonical\" href=\"https:\/\/guineediversite.com\/index.php\/2021\/12\/09\/runway-fashion-show-au-dela-de-la-mode-cest-un-geste-humanitaire\/\" \/>\n<meta property=\"og:locale\" content=\"fr_FR\" \/>\n<meta property=\"og:type\" content=\"article\" \/>\n<meta property=\"og:title\" content=\"Runway Fashion Show au-del\u00e0 de la mode, c\u2019est un geste humanitaire | Guin\u00e9e Diversit\u00e9\" \/>\n<meta property=\"og:description\" content=\"Les organisateurs de l\u2019\u00e9v\u00e8nement de mode Runway Fashion Show ont ce jeudi 09 d\u00e9cembre 2021, donn\u00e9 les couleurs de l&rsquo;\u00e9v\u00e8nement. Un \u00e9v\u00e8nement qui se tient du 11 au 12 d\u00e9cembre \u00e0 Conakry. Cette activit\u00e9 culturelle s\u2019inscrit \u00e9galement dans le cadre humanitaire, en ce qui concerne la vaccination des malades de la maladie de dr\u00e9panocytose. Elle [&hellip;]\" \/>\n<meta property=\"og:url\" content=\"https:\/\/guineediversite.com\/index.php\/2021\/12\/09\/runway-fashion-show-au-dela-de-la-mode-cest-un-geste-humanitaire\/\" \/>\n<meta property=\"og:site_name\" content=\"Guin\u00e9e Diversit\u00e9\" \/>\n<meta property=\"article:publisher\" content=\"https:\/\/www.facebook.com\/guineediversite\/\" \/>\n<meta property=\"article:published_time\" content=\"2021-12-09T18:51:44+00:00\" \/>\n<meta property=\"og:image\" content=\"https:\/\/guineediversite.com\/wp-content\/uploads\/2021\/12\/WhatsApp-Image-2021-12-09-at-18.30.47.jpeg\" \/>\n\t<meta property=\"og:image:width\" content=\"1500\" \/>\n\t<meta property=\"og:image:height\" content=\"1023\" \/>\n\t<meta property=\"og:image:type\" content=\"image\/jpeg\" \/>\n<meta name=\"author\" content=\"Morcire Camara\" \/>\n<meta name=\"twitter:card\" content=\"summary_large_image\" \/>\n<meta name=\"twitter:creator\" content=\"@GuineeDiversite\" \/>\n<meta name=\"twitter:site\" content=\"@GuineeDiversite\" \/>\n<meta name=\"twitter:label1\" content=\"\u00c9crit par\" \/>\n\t<meta name=\"twitter:data1\" content=\"Morcire Camara\" \/>\n\t<meta name=\"twitter:label2\" content=\"Dur\u00e9e de lecture estim\u00e9e\" \/>\n\t<meta name=\"twitter:data2\" content=\"2 minutes\" \/>\n<script type=\"application\/ld+json\" class=\"yoast-schema-graph\">{\"@context\":\"https:\/\/schema.org\",\"@graph\":[{\"@type\":\"Article\",\"@id\":\"https:\/\/guineediversite.com\/index.php\/2021\/12\/09\/runway-fashion-show-au-dela-de-la-mode-cest-un-geste-humanitaire\/#article\",\"isPartOf\":{\"@id\":\"https:\/\/guineediversite.com\/index.php\/2021\/12\/09\/runway-fashion-show-au-dela-de-la-mode-cest-un-geste-humanitaire\/\"},\"author\":{\"name\":\"Morcire Camara\",\"@id\":\"https:\/\/guineediversite.com\/#\/schema\/person\/fa362494c47202ce4b3adf55abcc9d01\"},\"headline\":\"Runway Fashion Show au-del\u00e0 de la mode, c\u2019est un geste humanitaire\",\"datePublished\":\"2021-12-09T18:51:44+00:00\",\"dateModified\":\"2021-12-09T18:51:44+00:00\",\"mainEntityOfPage\":{\"@id\":\"https:\/\/guineediversite.com\/index.php\/2021\/12\/09\/runway-fashion-show-au-dela-de-la-mode-cest-un-geste-humanitaire\/\"},\"wordCount\":493,\"publisher\":{\"@id\":\"https:\/\/guineediversite.com\/#organization\"},\"image\":{\"@id\":\"https:\/\/guineediversite.com\/index.php\/2021\/12\/09\/runway-fashion-show-au-dela-de-la-mode-cest-un-geste-humanitaire\/#primaryimage\"},\"thumbnailUrl\":\"https:\/\/guineediversite.com\/wp-content\/uploads\/2021\/12\/WhatsApp-Image-2021-12-09-at-18.30.47.jpeg\",\"articleSection\":[\"Culture\"],\"inLanguage\":\"fr-FR\"},{\"@type\":\"WebPage\",\"@id\":\"https:\/\/guineediversite.com\/index.php\/2021\/12\/09\/runway-fashion-show-au-dela-de-la-mode-cest-un-geste-humanitaire\/\",\"url\":\"https:\/\/guineediversite.com\/index.php\/2021\/12\/09\/runway-fashion-show-au-dela-de-la-mode-cest-un-geste-humanitaire\/\",\"name\":\"Runway Fashion Show au-del\u00e0 de la mode, c\u2019est un geste humanitaire | Guin\u00e9e Diversit\u00e9\",\"isPartOf\":{\"@id\":\"https:\/\/guineediversite.com\/#website\"},\"primaryImageOfPage\":{\"@id\":\"https:\/\/guineediversite.com\/index.php\/2021\/12\/09\/runway-fashion-show-au-dela-de-la-mode-cest-un-geste-humanitaire\/#primaryimage\"},\"image\":{\"@id\":\"https:\/\/guineediversite.com\/index.php\/2021\/12\/09\/runway-fashion-show-au-dela-de-la-mode-cest-un-geste-humanitaire\/#primaryimage\"},\"thumbnailUrl\":\"https:\/\/guineediversite.com\/wp-content\/uploads\/2021\/12\/WhatsApp-Image-2021-12-09-at-18.30.47.jpeg\",\"datePublished\":\"2021-12-09T18:51:44+00:00\",\"dateModified\":\"2021-12-09T18:51:44+00:00\",\"breadcrumb\":{\"@id\":\"https:\/\/guineediversite.com\/index.php\/2021\/12\/09\/runway-fashion-show-au-dela-de-la-mode-cest-un-geste-humanitaire\/#breadcrumb\"},\"inLanguage\":\"fr-FR\",\"potentialAction\":[{\"@type\":\"ReadAction\",\"target\":[\"https:\/\/guineediversite.com\/index.php\/2021\/12\/09\/runway-fashion-show-au-dela-de-la-mode-cest-un-geste-humanitaire\/\"]}]},{\"@type\":\"ImageObject\",\"inLanguage\":\"fr-FR\",\"@id\":\"https:\/\/guineediversite.com\/index.php\/2021\/12\/09\/runway-fashion-show-au-dela-de-la-mode-cest-un-geste-humanitaire\/#primaryimage\",\"url\":\"https:\/\/guineediversite.com\/wp-content\/uploads\/2021\/12\/WhatsApp-Image-2021-12-09-at-18.30.47.jpeg\",\"contentUrl\":\"https:\/\/guineediversite.com\/wp-content\/uploads\/2021\/12\/WhatsApp-Image-2021-12-09-at-18.30.47.jpeg\",\"width\":1500,\"height\":1023},{\"@type\":\"BreadcrumbList\",\"@id\":\"https:\/\/guineediversite.com\/index.php\/2021\/12\/09\/runway-fashion-show-au-dela-de-la-mode-cest-un-geste-humanitaire\/#breadcrumb\",\"itemListElement\":[{\"@type\":\"ListItem\",\"position\":1,\"name\":\"Accueil\",\"item\":\"https:\/\/guineediversite.com\/\"},{\"@type\":\"ListItem\",\"position\":2,\"name\":\"Runway Fashion Show au-del\u00e0 de la mode, c\u2019est un geste humanitaire\"}]},{\"@type\":\"WebSite\",\"@id\":\"https:\/\/guineediversite.com\/#website\",\"url\":\"https:\/\/guineediversite.com\/\",\"name\":\"Guin\u00e9e Diversit\u00e9\",\"description\":\"L&#039;Info dans toute sa diversit\u00e9\",\"publisher\":{\"@id\":\"https:\/\/guineediversite.com\/#organization\"},\"potentialAction\":[{\"@type\":\"SearchAction\",\"target\":{\"@type\":\"EntryPoint\",\"urlTemplate\":\"https:\/\/guineediversite.com\/?s={search_term_string}\"},\"query-input\":{\"@type\":\"PropertyValueSpecification\",\"valueRequired\":true,\"valueName\":\"search_term_string\"}}],\"inLanguage\":\"fr-FR\"},{\"@type\":\"Organization\",\"@id\":\"https:\/\/guineediversite.com\/#organization\",\"name\":\"Guin\u00e9e Diversit\u00e9\",\"url\":\"https:\/\/guineediversite.com\/\",\"logo\":{\"@type\":\"ImageObject\",\"inLanguage\":\"fr-FR\",\"@id\":\"https:\/\/guineediversite.com\/#\/schema\/logo\/image\/\",\"url\":\"https:\/\/guineediversite.com\/wp-content\/uploads\/2017\/04\/cropped-1jojlxEOMkX9Wyqfhe43D6kjPOGqBBKmx3EwWJqZ0cMrFF54yM49.png\",\"contentUrl\":\"https:\/\/guineediversite.com\/wp-content\/uploads\/2017\/04\/cropped-1jojlxEOMkX9Wyqfhe43D6kjPOGqBBKmx3EwWJqZ0cMrFF54yM49.png\",\"width\":186,\"height\":112,\"caption\":\"Guin\u00e9e Diversit\u00e9\"},\"image\":{\"@id\":\"https:\/\/guineediversite.com\/#\/schema\/logo\/image\/\"},\"sameAs\":[\"https:\/\/www.facebook.com\/guineediversite\/\",\"https:\/\/x.com\/GuineeDiversite\",\"https:\/\/www.youtube.com\/channel\/UC8sUY16qelG5ge6_D5SB83g\"]},{\"@type\":\"Person\",\"@id\":\"https:\/\/guineediversite.com\/#\/schema\/person\/fa362494c47202ce4b3adf55abcc9d01\",\"name\":\"Morcire Camara\",\"image\":{\"@type\":\"ImageObject\",\"inLanguage\":\"fr-FR\",\"@id\":\"https:\/\/guineediversite.com\/#\/schema\/person\/image\/\",\"url\":\"https:\/\/secure.gravatar.com\/avatar\/3ec324f02295bbcebe03d99b39330ab4?s=96&d=mm&r=g\",\"contentUrl\":\"https:\/\/secure.gravatar.com\/avatar\/3ec324f02295bbcebe03d99b39330ab4?s=96&d=mm&r=g\",\"caption\":\"Morcire Camara\"},\"url\":\"https:\/\/guineediversite.com\/index.php\/author\/morcire\/\"}]}<\/script>\n<!-- \/ Yoast SEO plugin. -->","yoast_head_json":{"title":"Runway Fashion Show au-del\u00e0 de la mode, c\u2019est un geste humanitaire | Guin\u00e9e Diversit\u00e9","robots":{"index":"index","follow":"follow","max-snippet":"max-snippet:-1","max-image-preview":"max-image-preview:large","max-video-preview":"max-video-preview:-1"},"canonical":"https:\/\/guineediversite.com\/index.php\/2021\/12\/09\/runway-fashion-show-au-dela-de-la-mode-cest-un-geste-humanitaire\/","og_locale":"fr_FR","og_type":"article","og_title":"Runway Fashion Show au-del\u00e0 de la mode, c\u2019est un geste humanitaire | Guin\u00e9e Diversit\u00e9","og_description":"Les organisateurs de l\u2019\u00e9v\u00e8nement de mode Runway Fashion Show ont ce jeudi 09 d\u00e9cembre 2021, donn\u00e9 les couleurs de l&rsquo;\u00e9v\u00e8nement. Un \u00e9v\u00e8nement qui se tient du 11 au 12 d\u00e9cembre \u00e0 Conakry. Cette activit\u00e9 culturelle s\u2019inscrit \u00e9galement dans le cadre humanitaire, en ce qui concerne la vaccination des malades de la maladie de dr\u00e9panocytose. Elle [&hellip;]","og_url":"https:\/\/guineediversite.com\/index.php\/2021\/12\/09\/runway-fashion-show-au-dela-de-la-mode-cest-un-geste-humanitaire\/","og_site_name":"Guin\u00e9e Diversit\u00e9","article_publisher":"https:\/\/www.facebook.com\/guineediversite\/","article_published_time":"2021-12-09T18:51:44+00:00","og_image":[{"width":1500,"height":1023,"url":"https:\/\/guineediversite.com\/wp-content\/uploads\/2021\/12\/WhatsApp-Image-2021-12-09-at-18.30.47.jpeg","type":"image\/jpeg"}],"author":"Morcire Camara","twitter_card":"summary_large_image","twitter_creator":"@GuineeDiversite","twitter_site":"@GuineeDiversite","twitter_misc":{"\u00c9crit par":"Morcire Camara","Dur\u00e9e de lecture estim\u00e9e":"2 minutes"},"schema":{"@context":"https:\/\/schema.org","@graph":[{"@type":"Article","@id":"https:\/\/guineediversite.com\/index.php\/2021\/12\/09\/runway-fashion-show-au-dela-de-la-mode-cest-un-geste-humanitaire\/#article","isPartOf":{"@id":"https:\/\/guineediversite.com\/index.php\/2021\/12\/09\/runway-fashion-show-au-dela-de-la-mode-cest-un-geste-humanitaire\/"},"author":{"name":"Morcire Camara","@id":"https:\/\/guineediversite.com\/#\/schema\/person\/fa362494c47202ce4b3adf55abcc9d01"},"headline":"Runway Fashion Show au-del\u00e0 de la mode, c\u2019est un geste humanitaire","datePublished":"2021-12-09T18:51:44+00:00","dateModified":"2021-12-09T18:51:44+00:00","mainEntityOfPage":{"@id":"https:\/\/guineediversite.com\/index.php\/2021\/12\/09\/runway-fashion-show-au-dela-de-la-mode-cest-un-geste-humanitaire\/"},"wordCount":493,"publisher":{"@id":"https:\/\/guineediversite.com\/#organization"},"image":{"@id":"https:\/\/guineediversite.com\/index.php\/2021\/12\/09\/runway-fashion-show-au-dela-de-la-mode-cest-un-geste-humanitaire\/#primaryimage"},"thumbnailUrl":"https:\/\/guineediversite.com\/wp-content\/uploads\/2021\/12\/WhatsApp-Image-2021-12-09-at-18.30.47.jpeg","articleSection":["Culture"],"inLanguage":"fr-FR"},{"@type":"WebPage","@id":"https:\/\/guineediversite.com\/index.php\/2021\/12\/09\/runway-fashion-show-au-dela-de-la-mode-cest-un-geste-humanitaire\/","url":"https:\/\/guineediversite.com\/index.php\/2021\/12\/09\/runway-fashion-show-au-dela-de-la-mode-cest-un-geste-humanitaire\/","name":"Runway Fashion Show au-del\u00e0 de la mode, c\u2019est un geste humanitaire | Guin\u00e9e Diversit\u00e9","isPartOf":{"@id":"https:\/\/guineediversite.com\/#website"},"primaryImageOfPage":{"@id":"https:\/\/guineediversite.com\/index.php\/2021\/12\/09\/runway-fashion-show-au-dela-de-la-mode-cest-un-geste-humanitaire\/#primaryimage"},"image":{"@id":"https:\/\/guineediversite.com\/index.php\/2021\/12\/09\/runway-fashion-show-au-dela-de-la-mode-cest-un-geste-humanitaire\/#primaryimage"},"thumbnailUrl":"https:\/\/guineediversite.com\/wp-content\/uploads\/2021\/12\/WhatsApp-Image-2021-12-09-at-18.30.47.jpeg","datePublished":"2021-12-09T18:51:44+00:00","dateModified":"2021-12-09T18:51:44+00:00","breadcrumb":{"@id":"https:\/\/guineediversite.com\/index.php\/2021\/12\/09\/runway-fashion-show-au-dela-de-la-mode-cest-un-geste-humanitaire\/#breadcrumb"},"inLanguage":"fr-FR","potentialAction":[{"@type":"ReadAction","target":["https:\/\/guineediversite.com\/index.php\/2021\/12\/09\/runway-fashion-show-au-dela-de-la-mode-cest-un-geste-humanitaire\/"]}]},{"@type":"ImageObject","inLanguage":"fr-FR","@id":"https:\/\/guineediversite.com\/index.php\/2021\/12\/09\/runway-fashion-show-au-dela-de-la-mode-cest-un-geste-humanitaire\/#primaryimage","url":"https:\/\/guineediversite.com\/wp-content\/uploads\/2021\/12\/WhatsApp-Image-2021-12-09-at-18.30.47.jpeg","contentUrl":"https:\/\/guineediversite.com\/wp-content\/uploads\/2021\/12\/WhatsApp-Image-2021-12-09-at-18.30.47.jpeg","width":1500,"height":1023},{"@type":"BreadcrumbList","@id":"https:\/\/guineediversite.com\/index.php\/2021\/12\/09\/runway-fashion-show-au-dela-de-la-mode-cest-un-geste-humanitaire\/#breadcrumb","itemListElement":[{"@type":"ListItem","position":1,"name":"Accueil","item":"https:\/\/guineediversite.com\/"},{"@type":"ListItem","position":2,"name":"Runway Fashion Show au-del\u00e0 de la mode, c\u2019est un geste humanitaire"}]},{"@type":"WebSite","@id":"https:\/\/guineediversite.com\/#website","url":"https:\/\/guineediversite.com\/","name":"Guin\u00e9e Diversit\u00e9","description":"L&#039;Info dans toute sa diversit\u00e9","publisher":{"@id":"https:\/\/guineediversite.com\/#organization"},"potentialAction":[{"@type":"SearchAction","target":{"@type":"EntryPoint","urlTemplate":"https:\/\/guineediversite.com\/?s={search_term_string}"},"query-input":{"@type":"PropertyValueSpecification","valueRequired":true,"valueName":"search_term_string"}}],"inLanguage":"fr-FR"},{"@type":"Organization","@id":"https:\/\/guineediversite.com\/#organization","name":"Guin\u00e9e Diversit\u00e9","url":"https:\/\/guineediversite.com\/","logo":{"@type":"ImageObject","inLanguage":"fr-FR","@id":"https:\/\/guineediversite.com\/#\/schema\/logo\/image\/","url":"https:\/\/guineediversite.com\/wp-content\/uploads\/2017\/04\/cropped-1jojlxEOMkX9Wyqfhe43D6kjPOGqBBKmx3EwWJqZ0cMrFF54yM49.png","contentUrl":"https:\/\/guineediversite.com\/wp-content\/uploads\/2017\/04\/cropped-1jojlxEOMkX9Wyqfhe43D6kjPOGqBBKmx3EwWJqZ0cMrFF54yM49.png","width":186,"height":112,"caption":"Guin\u00e9e Diversit\u00e9"},"image":{"@id":"https:\/\/guineediversite.com\/#\/schema\/logo\/image\/"},"sameAs":["https:\/\/www.facebook.com\/guineediversite\/","https:\/\/x.com\/GuineeDiversite","https:\/\/www.youtube.com\/channel\/UC8sUY16qelG5ge6_D5SB83g"]},{"@type":"Person","@id":"https:\/\/guineediversite.com\/#\/schema\/person\/fa362494c47202ce4b3adf55abcc9d01","name":"Morcire Camara","image":{"@type":"ImageObject","inLanguage":"fr-FR","@id":"https:\/\/guineediversite.com\/#\/schema\/person\/image\/","url":"https:\/\/secure.gravatar.com\/avatar\/3ec324f02295bbcebe03d99b39330ab4?s=96&d=mm&r=g","contentUrl":"https:\/\/secure.gravatar.com\/avatar\/3ec324f02295bbcebe03d99b39330ab4?s=96&d=mm&r=g","caption":"Morcire Camara"},"url":"https:\/\/guineediversite.com\/index.php\/author\/morcire\/"}]}},"_links":{"self":[{"href":"https:\/\/guineediversite.com\/index.php\/wp-json\/wp\/v2\/posts\/32090"}],"collection":[{"href":"https:\/\/guineediversite.com\/index.php\/wp-json\/wp\/v2\/posts"}],"about":[{"href":"https:\/\/guineediversite.com\/index.php\/wp-json\/wp\/v2\/types\/post"}],"author":[{"embeddable":true,"href":"https:\/\/guineediversite.com\/index.php\/wp-json\/wp\/v2\/users\/10"}],"replies":[{"embeddable":true,"href":"https:\/\/guineediversite.com\/index.php\/wp-json\/wp\/v2\/comments?post=32090"}],"version-history":[{"count":1,"href":"https:\/\/guineediversite.com\/index.php\/wp-json\/wp\/v2\/posts\/32090\/revisions"}],"predecessor-version":[{"id":32095,"href":"https:\/\/guineediversite.com\/index.php\/wp-json\/wp\/v2\/posts\/32090\/revisions\/32095"}],"wp:featuredmedia":[{"embeddable":true,"href":"https:\/\/guineediversite.com\/index.php\/wp-json\/wp\/v2\/media\/32091"}],"wp:attachment":[{"href":"https:\/\/guineediversite.com\/index.php\/wp-json\/wp\/v2\/media?parent=32090"}],"wp:term":[{"taxonomy":"category","embeddable":true,"href":"https:\/\/guineediversite.com\/index.php\/wp-json\/wp\/v2\/categories?post=32090"},{"taxonomy":"post_tag","embeddable":true,"href":"https:\/\/guineediversite.com\/index.php\/wp-json\/wp\/v2\/tags?post=32090"}],"curies":[{"name":"wp","href":"https:\/\/api.w.org\/{rel}","templated":true}]}}