{"id":32084,"date":"2021-12-09T14:18:51","date_gmt":"2021-12-09T13:18:51","guid":{"rendered":"https:\/\/guineediversite.com\/?p=32084"},"modified":"2021-12-09T14:18:51","modified_gmt":"2021-12-09T13:18:51","slug":"abdallah-cherif-sacharne-sur-les-politiques","status":"publish","type":"post","link":"https:\/\/guineediversite.com\/index.php\/2021\/12\/09\/abdallah-cherif-sacharne-sur-les-politiques\/","title":{"rendered":"Abdallah Ch\u00e9rif s\u2019acharne sur les politiques"},"content":{"rendered":"<p><strong>Le pr\u00e9sident du groupe organis\u00e9 des Hommes d&rsquo;affaires (GOHA), a ce jeudi 09 d\u00e9cembre \u00e9voqu\u00e9 son r\u00e2le-bol sur la question de d\u00e9dommagement des op\u00e9rateurs \u00e9conomiques victimes de pillages, destruction des biens pendant les violences politiques dans le pays.<\/strong><\/p>\n<p>Il (Mohamed Ch\u00e9rif Abdallah Ndlr) a dans ces propos affirm\u00e9s que les politiques font dos aux maux dont souffrent les commer\u00e7ants guin\u00e9ens.<\/p>\n<p>\u00ab\u00a0<em>J&rsquo;ai l&rsquo;impression que les politiciens ne nous aident pas, parce que les commer\u00e7ants ont \u00e9t\u00e9 tous victimes suite \u00e0 des \u00e9v\u00e8nements politiques. J&rsquo;ai l&rsquo;impression que les politiciens ne pr\u00eatent pas beaucoup attention \u00e0 ce fait. On parle de tout sauf les commer\u00e7ants victimes de destruction de leurs biens et \u00e7a ne peut pas marcher. Donc lorsque je suis revenu du S\u00e9n\u00e9gal nous avons rencontr\u00e9 le colonel Doumbouya au palais, juste apr\u00e8s j&rsquo;ai fait un rapport et j&rsquo;ai soulign\u00e9 les commer\u00e7ants victimes de destruction de leurs biens. Mais c&rsquo;est un gouvernement de transition, le CNRD est l\u00e0 il faut les aider, il faut les accompagner\u00a0<\/em>\u00bb, indique-t-il.<\/p>\n<p>Tr\u00e8s remont\u00e9, il va jusqu\u2019\u00e0 dire\u00a0 \u00ab\u00a0<em>je pense que tout gouvernement qui va venir \u00e9ventuellement, s&rsquo;il ne parlera pas de d\u00e9dommager directement les op\u00e9rateurs \u00e9conomiques, vous pensez que nous on ne peut pas donner des consignes de ne pas voter pour la personne? Ils ont besoin de nous et ce sont eux qui ont besoin de nous, on peut dire aux op\u00e9rateurs \u00e9conomiques celui qui ne prend pas l&rsquo;engagement de vous d\u00e9dommager ne pas voter pour lui, qui qu&rsquo;il soit<\/em>\u00a0\u00bb, affirme Mohamed Abdallah Ch\u00e9rif.<\/p>\n<p>Il faut signaler qu&rsquo;aucune d\u00e9cision n\u2019est prise par les autorit\u00e9s concernant cette situation.<\/p>\n","protected":false},"excerpt":{"rendered":"<p>Le pr\u00e9sident du groupe organis\u00e9 des Hommes d&rsquo;affaires (GOHA), a ce jeudi 09 d\u00e9cembre \u00e9voqu\u00e9 son r\u00e2le-bol sur la question de d\u00e9dommagement des op\u00e9rateurs \u00e9conomiques victimes de pillages, destruction des biens pendant les violences politiques dans le pays. Il (Mohamed Ch\u00e9rif Abdallah Ndlr) a dans ces propos affirm\u00e9s que les politiques font dos aux maux [&hellip;]<\/p>\n","protected":false},"author":10,"featured_media":31589,"comment_status":"closed","ping_status":"open","sticky":false,"template":"","format":"standard","meta":{"_exactmetrics_skip_tracking":false,"_exactmetrics_sitenote_active":false,"_exactmetrics_sitenote_note":"","_exactmetrics_sitenote_category":0,"tdm_status":"","tdm_grid_status":"","footnotes":""},"categories":[14],"tags":[],"class_list":{"0":"post-32084","1":"post","2":"type-post","3":"status-publish","4":"format-standard","5":"has-post-thumbnail","7":"category-politique"},"yoast_head":"<!-- This site is optimized with the Yoast SEO plugin v24.2 - https:\/\/yoast.com\/wordpress\/plugins\/seo\/ -->\n<title>Abdallah Ch\u00e9rif s\u2019acharne sur les politiques | Guin\u00e9e Diversit\u00e9<\/title>\n<meta name=\"robots\" content=\"index, follow, max-snippet:-1, max-image-preview:large, max-video-preview:-1\" \/>\n<link rel=\"canonical\" href=\"https:\/\/guineediversite.com\/index.php\/2021\/12\/09\/abdallah-cherif-sacharne-sur-les-politiques\/\" \/>\n<meta property=\"og:locale\" content=\"fr_FR\" \/>\n<meta property=\"og:type\" content=\"article\" \/>\n<meta property=\"og:title\" content=\"Abdallah Ch\u00e9rif s\u2019acharne sur les politiques | Guin\u00e9e Diversit\u00e9\" \/>\n<meta property=\"og:description\" content=\"Le pr\u00e9sident du groupe organis\u00e9 des Hommes d&rsquo;affaires (GOHA), a ce jeudi 09 d\u00e9cembre \u00e9voqu\u00e9 son r\u00e2le-bol sur la question de d\u00e9dommagement des op\u00e9rateurs \u00e9conomiques victimes de pillages, destruction des biens pendant les violences politiques dans le pays. Il (Mohamed Ch\u00e9rif Abdallah Ndlr) a dans ces propos affirm\u00e9s que les politiques font dos aux maux [&hellip;]\" \/>\n<meta property=\"og:url\" content=\"https:\/\/guineediversite.com\/index.php\/2021\/12\/09\/abdallah-cherif-sacharne-sur-les-politiques\/\" \/>\n<meta property=\"og:site_name\" content=\"Guin\u00e9e Diversit\u00e9\" \/>\n<meta property=\"article:publisher\" content=\"https:\/\/www.facebook.com\/guineediversite\/\" \/>\n<meta property=\"article:published_time\" content=\"2021-12-09T13:18:51+00:00\" \/>\n<meta property=\"og:image\" content=\"https:\/\/guineediversite.com\/wp-content\/uploads\/2021\/09\/WhatsApp-Image-2021-09-27-at-14.01.36.jpeg\" \/>\n\t<meta property=\"og:image:width\" content=\"1031\" \/>\n\t<meta property=\"og:image:height\" content=\"1300\" \/>\n\t<meta property=\"og:image:type\" content=\"image\/jpeg\" \/>\n<meta name=\"author\" content=\"Morcire Camara\" \/>\n<meta name=\"twitter:card\" content=\"summary_large_image\" \/>\n<meta name=\"twitter:creator\" content=\"@GuineeDiversite\" \/>\n<meta name=\"twitter:site\" content=\"@GuineeDiversite\" \/>\n<meta name=\"twitter:label1\" content=\"\u00c9crit par\" \/>\n\t<meta name=\"twitter:data1\" content=\"Morcire Camara\" \/>\n\t<meta name=\"twitter:label2\" content=\"Dur\u00e9e de lecture estim\u00e9e\" \/>\n\t<meta name=\"twitter:data2\" content=\"1 minute\" \/>\n<script type=\"application\/ld+json\" class=\"yoast-schema-graph\">{\"@context\":\"https:\/\/schema.org\",\"@graph\":[{\"@type\":\"Article\",\"@id\":\"https:\/\/guineediversite.com\/index.php\/2021\/12\/09\/abdallah-cherif-sacharne-sur-les-politiques\/#article\",\"isPartOf\":{\"@id\":\"https:\/\/guineediversite.com\/index.php\/2021\/12\/09\/abdallah-cherif-sacharne-sur-les-politiques\/\"},\"author\":{\"name\":\"Morcire Camara\",\"@id\":\"https:\/\/guineediversite.com\/#\/schema\/person\/fa362494c47202ce4b3adf55abcc9d01\"},\"headline\":\"Abdallah Ch\u00e9rif s\u2019acharne sur les politiques\",\"datePublished\":\"2021-12-09T13:18:51+00:00\",\"dateModified\":\"2021-12-09T13:18:51+00:00\",\"mainEntityOfPage\":{\"@id\":\"https:\/\/guineediversite.com\/index.php\/2021\/12\/09\/abdallah-cherif-sacharne-sur-les-politiques\/\"},\"wordCount\":305,\"publisher\":{\"@id\":\"https:\/\/guineediversite.com\/#organization\"},\"image\":{\"@id\":\"https:\/\/guineediversite.com\/index.php\/2021\/12\/09\/abdallah-cherif-sacharne-sur-les-politiques\/#primaryimage\"},\"thumbnailUrl\":\"https:\/\/guineediversite.com\/wp-content\/uploads\/2021\/09\/WhatsApp-Image-2021-09-27-at-14.01.36.jpeg\",\"articleSection\":[\"Politique\"],\"inLanguage\":\"fr-FR\"},{\"@type\":\"WebPage\",\"@id\":\"https:\/\/guineediversite.com\/index.php\/2021\/12\/09\/abdallah-cherif-sacharne-sur-les-politiques\/\",\"url\":\"https:\/\/guineediversite.com\/index.php\/2021\/12\/09\/abdallah-cherif-sacharne-sur-les-politiques\/\",\"name\":\"Abdallah Ch\u00e9rif s\u2019acharne sur les politiques | Guin\u00e9e Diversit\u00e9\",\"isPartOf\":{\"@id\":\"https:\/\/guineediversite.com\/#website\"},\"primaryImageOfPage\":{\"@id\":\"https:\/\/guineediversite.com\/index.php\/2021\/12\/09\/abdallah-cherif-sacharne-sur-les-politiques\/#primaryimage\"},\"image\":{\"@id\":\"https:\/\/guineediversite.com\/index.php\/2021\/12\/09\/abdallah-cherif-sacharne-sur-les-politiques\/#primaryimage\"},\"thumbnailUrl\":\"https:\/\/guineediversite.com\/wp-content\/uploads\/2021\/09\/WhatsApp-Image-2021-09-27-at-14.01.36.jpeg\",\"datePublished\":\"2021-12-09T13:18:51+00:00\",\"dateModified\":\"2021-12-09T13:18:51+00:00\",\"breadcrumb\":{\"@id\":\"https:\/\/guineediversite.com\/index.php\/2021\/12\/09\/abdallah-cherif-sacharne-sur-les-politiques\/#breadcrumb\"},\"inLanguage\":\"fr-FR\",\"potentialAction\":[{\"@type\":\"ReadAction\",\"target\":[\"https:\/\/guineediversite.com\/index.php\/2021\/12\/09\/abdallah-cherif-sacharne-sur-les-politiques\/\"]}]},{\"@type\":\"ImageObject\",\"inLanguage\":\"fr-FR\",\"@id\":\"https:\/\/guineediversite.com\/index.php\/2021\/12\/09\/abdallah-cherif-sacharne-sur-les-politiques\/#primaryimage\",\"url\":\"https:\/\/guineediversite.com\/wp-content\/uploads\/2021\/09\/WhatsApp-Image-2021-09-27-at-14.01.36.jpeg\",\"contentUrl\":\"https:\/\/guineediversite.com\/wp-content\/uploads\/2021\/09\/WhatsApp-Image-2021-09-27-at-14.01.36.jpeg\",\"width\":1031,\"height\":1300},{\"@type\":\"BreadcrumbList\",\"@id\":\"https:\/\/guineediversite.com\/index.php\/2021\/12\/09\/abdallah-cherif-sacharne-sur-les-politiques\/#breadcrumb\",\"itemListElement\":[{\"@type\":\"ListItem\",\"position\":1,\"name\":\"Accueil\",\"item\":\"https:\/\/guineediversite.com\/\"},{\"@type\":\"ListItem\",\"position\":2,\"name\":\"Abdallah Ch\u00e9rif s\u2019acharne sur les politiques\"}]},{\"@type\":\"WebSite\",\"@id\":\"https:\/\/guineediversite.com\/#website\",\"url\":\"https:\/\/guineediversite.com\/\",\"name\":\"Guin\u00e9e Diversit\u00e9\",\"description\":\"L&#039;Info dans toute sa diversit\u00e9\",\"publisher\":{\"@id\":\"https:\/\/guineediversite.com\/#organization\"},\"potentialAction\":[{\"@type\":\"SearchAction\",\"target\":{\"@type\":\"EntryPoint\",\"urlTemplate\":\"https:\/\/guineediversite.com\/?s={search_term_string}\"},\"query-input\":{\"@type\":\"PropertyValueSpecification\",\"valueRequired\":true,\"valueName\":\"search_term_string\"}}],\"inLanguage\":\"fr-FR\"},{\"@type\":\"Organization\",\"@id\":\"https:\/\/guineediversite.com\/#organization\",\"name\":\"Guin\u00e9e Diversit\u00e9\",\"url\":\"https:\/\/guineediversite.com\/\",\"logo\":{\"@type\":\"ImageObject\",\"inLanguage\":\"fr-FR\",\"@id\":\"https:\/\/guineediversite.com\/#\/schema\/logo\/image\/\",\"url\":\"https:\/\/guineediversite.com\/wp-content\/uploads\/2017\/04\/cropped-1jojlxEOMkX9Wyqfhe43D6kjPOGqBBKmx3EwWJqZ0cMrFF54yM49.png\",\"contentUrl\":\"https:\/\/guineediversite.com\/wp-content\/uploads\/2017\/04\/cropped-1jojlxEOMkX9Wyqfhe43D6kjPOGqBBKmx3EwWJqZ0cMrFF54yM49.png\",\"width\":186,\"height\":112,\"caption\":\"Guin\u00e9e Diversit\u00e9\"},\"image\":{\"@id\":\"https:\/\/guineediversite.com\/#\/schema\/logo\/image\/\"},\"sameAs\":[\"https:\/\/www.facebook.com\/guineediversite\/\",\"https:\/\/x.com\/GuineeDiversite\",\"https:\/\/www.youtube.com\/channel\/UC8sUY16qelG5ge6_D5SB83g\"]},{\"@type\":\"Person\",\"@id\":\"https:\/\/guineediversite.com\/#\/schema\/person\/fa362494c47202ce4b3adf55abcc9d01\",\"name\":\"Morcire Camara\",\"image\":{\"@type\":\"ImageObject\",\"inLanguage\":\"fr-FR\",\"@id\":\"https:\/\/guineediversite.com\/#\/schema\/person\/image\/\",\"url\":\"https:\/\/secure.gravatar.com\/avatar\/3ec324f02295bbcebe03d99b39330ab4?s=96&d=mm&r=g\",\"contentUrl\":\"https:\/\/secure.gravatar.com\/avatar\/3ec324f02295bbcebe03d99b39330ab4?s=96&d=mm&r=g\",\"caption\":\"Morcire Camara\"},\"url\":\"https:\/\/guineediversite.com\/index.php\/author\/morcire\/\"}]}<\/script>\n<!-- \/ Yoast SEO plugin. -->","yoast_head_json":{"title":"Abdallah Ch\u00e9rif s\u2019acharne sur les politiques | Guin\u00e9e Diversit\u00e9","robots":{"index":"index","follow":"follow","max-snippet":"max-snippet:-1","max-image-preview":"max-image-preview:large","max-video-preview":"max-video-preview:-1"},"canonical":"https:\/\/guineediversite.com\/index.php\/2021\/12\/09\/abdallah-cherif-sacharne-sur-les-politiques\/","og_locale":"fr_FR","og_type":"article","og_title":"Abdallah Ch\u00e9rif s\u2019acharne sur les politiques | Guin\u00e9e Diversit\u00e9","og_description":"Le pr\u00e9sident du groupe organis\u00e9 des Hommes d&rsquo;affaires (GOHA), a ce jeudi 09 d\u00e9cembre \u00e9voqu\u00e9 son r\u00e2le-bol sur la question de d\u00e9dommagement des op\u00e9rateurs \u00e9conomiques victimes de pillages, destruction des biens pendant les violences politiques dans le pays. Il (Mohamed Ch\u00e9rif Abdallah Ndlr) a dans ces propos affirm\u00e9s que les politiques font dos aux maux [&hellip;]","og_url":"https:\/\/guineediversite.com\/index.php\/2021\/12\/09\/abdallah-cherif-sacharne-sur-les-politiques\/","og_site_name":"Guin\u00e9e Diversit\u00e9","article_publisher":"https:\/\/www.facebook.com\/guineediversite\/","article_published_time":"2021-12-09T13:18:51+00:00","og_image":[{"width":1031,"height":1300,"url":"https:\/\/guineediversite.com\/wp-content\/uploads\/2021\/09\/WhatsApp-Image-2021-09-27-at-14.01.36.jpeg","type":"image\/jpeg"}],"author":"Morcire Camara","twitter_card":"summary_large_image","twitter_creator":"@GuineeDiversite","twitter_site":"@GuineeDiversite","twitter_misc":{"\u00c9crit par":"Morcire Camara","Dur\u00e9e de lecture estim\u00e9e":"1 minute"},"schema":{"@context":"https:\/\/schema.org","@graph":[{"@type":"Article","@id":"https:\/\/guineediversite.com\/index.php\/2021\/12\/09\/abdallah-cherif-sacharne-sur-les-politiques\/#article","isPartOf":{"@id":"https:\/\/guineediversite.com\/index.php\/2021\/12\/09\/abdallah-cherif-sacharne-sur-les-politiques\/"},"author":{"name":"Morcire Camara","@id":"https:\/\/guineediversite.com\/#\/schema\/person\/fa362494c47202ce4b3adf55abcc9d01"},"headline":"Abdallah Ch\u00e9rif s\u2019acharne sur les politiques","datePublished":"2021-12-09T13:18:51+00:00","dateModified":"2021-12-09T13:18:51+00:00","mainEntityOfPage":{"@id":"https:\/\/guineediversite.com\/index.php\/2021\/12\/09\/abdallah-cherif-sacharne-sur-les-politiques\/"},"wordCount":305,"publisher":{"@id":"https:\/\/guineediversite.com\/#organization"},"image":{"@id":"https:\/\/guineediversite.com\/index.php\/2021\/12\/09\/abdallah-cherif-sacharne-sur-les-politiques\/#primaryimage"},"thumbnailUrl":"https:\/\/guineediversite.com\/wp-content\/uploads\/2021\/09\/WhatsApp-Image-2021-09-27-at-14.01.36.jpeg","articleSection":["Politique"],"inLanguage":"fr-FR"},{"@type":"WebPage","@id":"https:\/\/guineediversite.com\/index.php\/2021\/12\/09\/abdallah-cherif-sacharne-sur-les-politiques\/","url":"https:\/\/guineediversite.com\/index.php\/2021\/12\/09\/abdallah-cherif-sacharne-sur-les-politiques\/","name":"Abdallah Ch\u00e9rif s\u2019acharne sur les politiques | Guin\u00e9e Diversit\u00e9","isPartOf":{"@id":"https:\/\/guineediversite.com\/#website"},"primaryImageOfPage":{"@id":"https:\/\/guineediversite.com\/index.php\/2021\/12\/09\/abdallah-cherif-sacharne-sur-les-politiques\/#primaryimage"},"image":{"@id":"https:\/\/guineediversite.com\/index.php\/2021\/12\/09\/abdallah-cherif-sacharne-sur-les-politiques\/#primaryimage"},"thumbnailUrl":"https:\/\/guineediversite.com\/wp-content\/uploads\/2021\/09\/WhatsApp-Image-2021-09-27-at-14.01.36.jpeg","datePublished":"2021-12-09T13:18:51+00:00","dateModified":"2021-12-09T13:18:51+00:00","breadcrumb":{"@id":"https:\/\/guineediversite.com\/index.php\/2021\/12\/09\/abdallah-cherif-sacharne-sur-les-politiques\/#breadcrumb"},"inLanguage":"fr-FR","potentialAction":[{"@type":"ReadAction","target":["https:\/\/guineediversite.com\/index.php\/2021\/12\/09\/abdallah-cherif-sacharne-sur-les-politiques\/"]}]},{"@type":"ImageObject","inLanguage":"fr-FR","@id":"https:\/\/guineediversite.com\/index.php\/2021\/12\/09\/abdallah-cherif-sacharne-sur-les-politiques\/#primaryimage","url":"https:\/\/guineediversite.com\/wp-content\/uploads\/2021\/09\/WhatsApp-Image-2021-09-27-at-14.01.36.jpeg","contentUrl":"https:\/\/guineediversite.com\/wp-content\/uploads\/2021\/09\/WhatsApp-Image-2021-09-27-at-14.01.36.jpeg","width":1031,"height":1300},{"@type":"BreadcrumbList","@id":"https:\/\/guineediversite.com\/index.php\/2021\/12\/09\/abdallah-cherif-sacharne-sur-les-politiques\/#breadcrumb","itemListElement":[{"@type":"ListItem","position":1,"name":"Accueil","item":"https:\/\/guineediversite.com\/"},{"@type":"ListItem","position":2,"name":"Abdallah Ch\u00e9rif s\u2019acharne sur les politiques"}]},{"@type":"WebSite","@id":"https:\/\/guineediversite.com\/#website","url":"https:\/\/guineediversite.com\/","name":"Guin\u00e9e Diversit\u00e9","description":"L&#039;Info dans toute sa diversit\u00e9","publisher":{"@id":"https:\/\/guineediversite.com\/#organization"},"potentialAction":[{"@type":"SearchAction","target":{"@type":"EntryPoint","urlTemplate":"https:\/\/guineediversite.com\/?s={search_term_string}"},"query-input":{"@type":"PropertyValueSpecification","valueRequired":true,"valueName":"search_term_string"}}],"inLanguage":"fr-FR"},{"@type":"Organization","@id":"https:\/\/guineediversite.com\/#organization","name":"Guin\u00e9e Diversit\u00e9","url":"https:\/\/guineediversite.com\/","logo":{"@type":"ImageObject","inLanguage":"fr-FR","@id":"https:\/\/guineediversite.com\/#\/schema\/logo\/image\/","url":"https:\/\/guineediversite.com\/wp-content\/uploads\/2017\/04\/cropped-1jojlxEOMkX9Wyqfhe43D6kjPOGqBBKmx3EwWJqZ0cMrFF54yM49.png","contentUrl":"https:\/\/guineediversite.com\/wp-content\/uploads\/2017\/04\/cropped-1jojlxEOMkX9Wyqfhe43D6kjPOGqBBKmx3EwWJqZ0cMrFF54yM49.png","width":186,"height":112,"caption":"Guin\u00e9e Diversit\u00e9"},"image":{"@id":"https:\/\/guineediversite.com\/#\/schema\/logo\/image\/"},"sameAs":["https:\/\/www.facebook.com\/guineediversite\/","https:\/\/x.com\/GuineeDiversite","https:\/\/www.youtube.com\/channel\/UC8sUY16qelG5ge6_D5SB83g"]},{"@type":"Person","@id":"https:\/\/guineediversite.com\/#\/schema\/person\/fa362494c47202ce4b3adf55abcc9d01","name":"Morcire Camara","image":{"@type":"ImageObject","inLanguage":"fr-FR","@id":"https:\/\/guineediversite.com\/#\/schema\/person\/image\/","url":"https:\/\/secure.gravatar.com\/avatar\/3ec324f02295bbcebe03d99b39330ab4?s=96&d=mm&r=g","contentUrl":"https:\/\/secure.gravatar.com\/avatar\/3ec324f02295bbcebe03d99b39330ab4?s=96&d=mm&r=g","caption":"Morcire Camara"},"url":"https:\/\/guineediversite.com\/index.php\/author\/morcire\/"}]}},"_links":{"self":[{"href":"https:\/\/guineediversite.com\/index.php\/wp-json\/wp\/v2\/posts\/32084"}],"collection":[{"href":"https:\/\/guineediversite.com\/index.php\/wp-json\/wp\/v2\/posts"}],"about":[{"href":"https:\/\/guineediversite.com\/index.php\/wp-json\/wp\/v2\/types\/post"}],"author":[{"embeddable":true,"href":"https:\/\/guineediversite.com\/index.php\/wp-json\/wp\/v2\/users\/10"}],"replies":[{"embeddable":true,"href":"https:\/\/guineediversite.com\/index.php\/wp-json\/wp\/v2\/comments?post=32084"}],"version-history":[{"count":1,"href":"https:\/\/guineediversite.com\/index.php\/wp-json\/wp\/v2\/posts\/32084\/revisions"}],"predecessor-version":[{"id":32085,"href":"https:\/\/guineediversite.com\/index.php\/wp-json\/wp\/v2\/posts\/32084\/revisions\/32085"}],"wp:featuredmedia":[{"embeddable":true,"href":"https:\/\/guineediversite.com\/index.php\/wp-json\/wp\/v2\/media\/31589"}],"wp:attachment":[{"href":"https:\/\/guineediversite.com\/index.php\/wp-json\/wp\/v2\/media?parent=32084"}],"wp:term":[{"taxonomy":"category","embeddable":true,"href":"https:\/\/guineediversite.com\/index.php\/wp-json\/wp\/v2\/categories?post=32084"},{"taxonomy":"post_tag","embeddable":true,"href":"https:\/\/guineediversite.com\/index.php\/wp-json\/wp\/v2\/tags?post=32084"}],"curies":[{"name":"wp","href":"https:\/\/api.w.org\/{rel}","templated":true}]}}