{"id":32081,"date":"2021-12-09T13:15:14","date_gmt":"2021-12-09T12:15:14","guid":{"rendered":"https:\/\/guineediversite.com\/?p=32081"},"modified":"2021-12-09T13:15:14","modified_gmt":"2021-12-09T12:15:14","slug":"viol-un-imam-abuse-dune-fille-a-yimbaya","status":"publish","type":"post","link":"https:\/\/guineediversite.com\/index.php\/2021\/12\/09\/viol-un-imam-abuse-dune-fille-a-yimbaya\/","title":{"rendered":"viol: Un imam abuse d\u2019une fille \u00e0 Yimbaya"},"content":{"rendered":"<p><strong>\u00a0Une fille de 14 ans a \u00e9t\u00e9 enceint\u00e9e par un imam dans le quartier Yimbaya dans la commune de Matoto. <\/strong><\/p>\n<p>Selon les informations l\u2019imam entretenait une relation sexuelle avec la fille, la victime est enceinte de trois mois une semaine.<\/p>\n<p>La maman de la victime interrog\u00e9e par notre r\u00e9daction affirme que sa fille a \u00e9t\u00e9 bern\u00e9e par l\u2019imam en lui promettant le mariage. \u00ab\u00a0\u00a0<em>Je demande justice pour ma fille. Ma fille n\u2019est qu\u2019une gamine. Elle n\u2019a que 14 an\u00a0<\/em>\u00bb, et de poursuivre.<\/p>\n<p>\u00ab\u00a0<em>Elle a \u00e9t\u00e9 viol\u00e9e par notre imam. Il a bern\u00e9 ma fille soi-disant qu\u2019il va l\u2019\u00e9pouser, que si ma fille est pr\u00eate pour le mariage. \u00a0Il lui a fait beaucoup de promesses et apr\u00e8s il a profit\u00e9 d\u2019elle \u00e0 la mosqu\u00e9e \u00a0et il l\u2019a d\u00e9flor\u00e9e. C\u2019est suite en cela elle est tomb\u00e9e enceinte\u00a0<\/em>\u00bb, a-t-elle fait savoir.<\/p>\n<p>L\u2019imam est actuellement dans la main de la police judicaire.<\/p>\n<p><strong>Mohamed Keita<\/strong><\/p>\n<p>&nbsp;<\/p>\n","protected":false},"excerpt":{"rendered":"<p>\u00a0Une fille de 14 ans a \u00e9t\u00e9 enceint\u00e9e par un imam dans le quartier Yimbaya dans la commune de Matoto. Selon les informations l\u2019imam entretenait une relation sexuelle avec la fille, la victime est enceinte de trois mois une semaine. La maman de la victime interrog\u00e9e par notre r\u00e9daction affirme que sa fille a \u00e9t\u00e9 [&hellip;]<\/p>\n","protected":false},"author":12,"featured_media":31238,"comment_status":"closed","ping_status":"open","sticky":false,"template":"","format":"standard","meta":{"_exactmetrics_skip_tracking":false,"_exactmetrics_sitenote_active":false,"_exactmetrics_sitenote_note":"","_exactmetrics_sitenote_category":0,"tdm_status":"","tdm_grid_status":"","footnotes":""},"categories":[16],"tags":[],"class_list":{"0":"post-32081","1":"post","2":"type-post","3":"status-publish","4":"format-standard","5":"has-post-thumbnail","7":"category-societe"},"yoast_head":"<!-- This site is optimized with the Yoast SEO plugin v24.2 - https:\/\/yoast.com\/wordpress\/plugins\/seo\/ -->\n<title>viol: Un imam abuse d\u2019une fille \u00e0 Yimbaya | Guin\u00e9e Diversit\u00e9<\/title>\n<meta name=\"robots\" content=\"index, follow, max-snippet:-1, max-image-preview:large, max-video-preview:-1\" \/>\n<link rel=\"canonical\" href=\"https:\/\/guineediversite.com\/index.php\/2021\/12\/09\/viol-un-imam-abuse-dune-fille-a-yimbaya\/\" \/>\n<meta property=\"og:locale\" content=\"fr_FR\" \/>\n<meta property=\"og:type\" content=\"article\" \/>\n<meta property=\"og:title\" content=\"viol: Un imam abuse d\u2019une fille \u00e0 Yimbaya | Guin\u00e9e Diversit\u00e9\" \/>\n<meta property=\"og:description\" content=\"\u00a0Une fille de 14 ans a \u00e9t\u00e9 enceint\u00e9e par un imam dans le quartier Yimbaya dans la commune de Matoto. Selon les informations l\u2019imam entretenait une relation sexuelle avec la fille, la victime est enceinte de trois mois une semaine. La maman de la victime interrog\u00e9e par notre r\u00e9daction affirme que sa fille a \u00e9t\u00e9 [&hellip;]\" \/>\n<meta property=\"og:url\" content=\"https:\/\/guineediversite.com\/index.php\/2021\/12\/09\/viol-un-imam-abuse-dune-fille-a-yimbaya\/\" \/>\n<meta property=\"og:site_name\" content=\"Guin\u00e9e Diversit\u00e9\" \/>\n<meta property=\"article:publisher\" content=\"https:\/\/www.facebook.com\/guineediversite\/\" \/>\n<meta property=\"article:published_time\" content=\"2021-12-09T12:15:14+00:00\" \/>\n<meta property=\"og:image\" content=\"https:\/\/guineediversite.com\/wp-content\/uploads\/2021\/04\/WhatsApp-Image-2021-04-13-at-13.04.12-3.jpeg\" \/>\n\t<meta property=\"og:image:width\" content=\"1024\" \/>\n\t<meta property=\"og:image:height\" content=\"576\" \/>\n\t<meta property=\"og:image:type\" content=\"image\/jpeg\" \/>\n<meta name=\"author\" content=\"Guin\u00e9e Diversit\u00e9\" \/>\n<meta name=\"twitter:card\" content=\"summary_large_image\" \/>\n<meta name=\"twitter:creator\" content=\"@GuineeDiversite\" \/>\n<meta name=\"twitter:site\" content=\"@GuineeDiversite\" \/>\n<meta name=\"twitter:label1\" content=\"\u00c9crit par\" \/>\n\t<meta name=\"twitter:data1\" content=\"Guin\u00e9e Diversit\u00e9\" \/>\n\t<meta name=\"twitter:label2\" content=\"Dur\u00e9e de lecture estim\u00e9e\" \/>\n\t<meta name=\"twitter:data2\" content=\"1 minute\" \/>\n<script type=\"application\/ld+json\" class=\"yoast-schema-graph\">{\"@context\":\"https:\/\/schema.org\",\"@graph\":[{\"@type\":\"Article\",\"@id\":\"https:\/\/guineediversite.com\/index.php\/2021\/12\/09\/viol-un-imam-abuse-dune-fille-a-yimbaya\/#article\",\"isPartOf\":{\"@id\":\"https:\/\/guineediversite.com\/index.php\/2021\/12\/09\/viol-un-imam-abuse-dune-fille-a-yimbaya\/\"},\"author\":{\"name\":\"Guin\u00e9e Diversit\u00e9\",\"@id\":\"https:\/\/guineediversite.com\/#\/schema\/person\/afa08fb34e7fc6e1feafc892612bc836\"},\"headline\":\"viol: Un imam abuse d\u2019une fille \u00e0 Yimbaya\",\"datePublished\":\"2021-12-09T12:15:14+00:00\",\"dateModified\":\"2021-12-09T12:15:14+00:00\",\"mainEntityOfPage\":{\"@id\":\"https:\/\/guineediversite.com\/index.php\/2021\/12\/09\/viol-un-imam-abuse-dune-fille-a-yimbaya\/\"},\"wordCount\":178,\"publisher\":{\"@id\":\"https:\/\/guineediversite.com\/#organization\"},\"image\":{\"@id\":\"https:\/\/guineediversite.com\/index.php\/2021\/12\/09\/viol-un-imam-abuse-dune-fille-a-yimbaya\/#primaryimage\"},\"thumbnailUrl\":\"https:\/\/guineediversite.com\/wp-content\/uploads\/2021\/04\/WhatsApp-Image-2021-04-13-at-13.04.12-3.jpeg\",\"articleSection\":[\"Soci\u00e9t\u00e9\"],\"inLanguage\":\"fr-FR\"},{\"@type\":\"WebPage\",\"@id\":\"https:\/\/guineediversite.com\/index.php\/2021\/12\/09\/viol-un-imam-abuse-dune-fille-a-yimbaya\/\",\"url\":\"https:\/\/guineediversite.com\/index.php\/2021\/12\/09\/viol-un-imam-abuse-dune-fille-a-yimbaya\/\",\"name\":\"viol: Un imam abuse d\u2019une fille \u00e0 Yimbaya | Guin\u00e9e Diversit\u00e9\",\"isPartOf\":{\"@id\":\"https:\/\/guineediversite.com\/#website\"},\"primaryImageOfPage\":{\"@id\":\"https:\/\/guineediversite.com\/index.php\/2021\/12\/09\/viol-un-imam-abuse-dune-fille-a-yimbaya\/#primaryimage\"},\"image\":{\"@id\":\"https:\/\/guineediversite.com\/index.php\/2021\/12\/09\/viol-un-imam-abuse-dune-fille-a-yimbaya\/#primaryimage\"},\"thumbnailUrl\":\"https:\/\/guineediversite.com\/wp-content\/uploads\/2021\/04\/WhatsApp-Image-2021-04-13-at-13.04.12-3.jpeg\",\"datePublished\":\"2021-12-09T12:15:14+00:00\",\"dateModified\":\"2021-12-09T12:15:14+00:00\",\"breadcrumb\":{\"@id\":\"https:\/\/guineediversite.com\/index.php\/2021\/12\/09\/viol-un-imam-abuse-dune-fille-a-yimbaya\/#breadcrumb\"},\"inLanguage\":\"fr-FR\",\"potentialAction\":[{\"@type\":\"ReadAction\",\"target\":[\"https:\/\/guineediversite.com\/index.php\/2021\/12\/09\/viol-un-imam-abuse-dune-fille-a-yimbaya\/\"]}]},{\"@type\":\"ImageObject\",\"inLanguage\":\"fr-FR\",\"@id\":\"https:\/\/guineediversite.com\/index.php\/2021\/12\/09\/viol-un-imam-abuse-dune-fille-a-yimbaya\/#primaryimage\",\"url\":\"https:\/\/guineediversite.com\/wp-content\/uploads\/2021\/04\/WhatsApp-Image-2021-04-13-at-13.04.12-3.jpeg\",\"contentUrl\":\"https:\/\/guineediversite.com\/wp-content\/uploads\/2021\/04\/WhatsApp-Image-2021-04-13-at-13.04.12-3.jpeg\",\"width\":1024,\"height\":576},{\"@type\":\"BreadcrumbList\",\"@id\":\"https:\/\/guineediversite.com\/index.php\/2021\/12\/09\/viol-un-imam-abuse-dune-fille-a-yimbaya\/#breadcrumb\",\"itemListElement\":[{\"@type\":\"ListItem\",\"position\":1,\"name\":\"Accueil\",\"item\":\"https:\/\/guineediversite.com\/\"},{\"@type\":\"ListItem\",\"position\":2,\"name\":\"viol: Un imam abuse d\u2019une fille \u00e0 Yimbaya\"}]},{\"@type\":\"WebSite\",\"@id\":\"https:\/\/guineediversite.com\/#website\",\"url\":\"https:\/\/guineediversite.com\/\",\"name\":\"Guin\u00e9e Diversit\u00e9\",\"description\":\"L&#039;Info dans toute sa diversit\u00e9\",\"publisher\":{\"@id\":\"https:\/\/guineediversite.com\/#organization\"},\"potentialAction\":[{\"@type\":\"SearchAction\",\"target\":{\"@type\":\"EntryPoint\",\"urlTemplate\":\"https:\/\/guineediversite.com\/?s={search_term_string}\"},\"query-input\":{\"@type\":\"PropertyValueSpecification\",\"valueRequired\":true,\"valueName\":\"search_term_string\"}}],\"inLanguage\":\"fr-FR\"},{\"@type\":\"Organization\",\"@id\":\"https:\/\/guineediversite.com\/#organization\",\"name\":\"Guin\u00e9e Diversit\u00e9\",\"url\":\"https:\/\/guineediversite.com\/\",\"logo\":{\"@type\":\"ImageObject\",\"inLanguage\":\"fr-FR\",\"@id\":\"https:\/\/guineediversite.com\/#\/schema\/logo\/image\/\",\"url\":\"https:\/\/guineediversite.com\/wp-content\/uploads\/2017\/04\/cropped-1jojlxEOMkX9Wyqfhe43D6kjPOGqBBKmx3EwWJqZ0cMrFF54yM49.png\",\"contentUrl\":\"https:\/\/guineediversite.com\/wp-content\/uploads\/2017\/04\/cropped-1jojlxEOMkX9Wyqfhe43D6kjPOGqBBKmx3EwWJqZ0cMrFF54yM49.png\",\"width\":186,\"height\":112,\"caption\":\"Guin\u00e9e Diversit\u00e9\"},\"image\":{\"@id\":\"https:\/\/guineediversite.com\/#\/schema\/logo\/image\/\"},\"sameAs\":[\"https:\/\/www.facebook.com\/guineediversite\/\",\"https:\/\/x.com\/GuineeDiversite\",\"https:\/\/www.youtube.com\/channel\/UC8sUY16qelG5ge6_D5SB83g\"]},{\"@type\":\"Person\",\"@id\":\"https:\/\/guineediversite.com\/#\/schema\/person\/afa08fb34e7fc6e1feafc892612bc836\",\"name\":\"Guin\u00e9e Diversit\u00e9\",\"image\":{\"@type\":\"ImageObject\",\"inLanguage\":\"fr-FR\",\"@id\":\"https:\/\/guineediversite.com\/#\/schema\/person\/image\/\",\"url\":\"https:\/\/secure.gravatar.com\/avatar\/50d5eb5b390f8b65ac30ac6f898eb83a?s=96&d=mm&r=g\",\"contentUrl\":\"https:\/\/secure.gravatar.com\/avatar\/50d5eb5b390f8b65ac30ac6f898eb83a?s=96&d=mm&r=g\",\"caption\":\"Guin\u00e9e Diversit\u00e9\"},\"url\":\"https:\/\/guineediversite.com\/index.php\/author\/guineediversite\/\"}]}<\/script>\n<!-- \/ Yoast SEO plugin. -->","yoast_head_json":{"title":"viol: Un imam abuse d\u2019une fille \u00e0 Yimbaya | Guin\u00e9e Diversit\u00e9","robots":{"index":"index","follow":"follow","max-snippet":"max-snippet:-1","max-image-preview":"max-image-preview:large","max-video-preview":"max-video-preview:-1"},"canonical":"https:\/\/guineediversite.com\/index.php\/2021\/12\/09\/viol-un-imam-abuse-dune-fille-a-yimbaya\/","og_locale":"fr_FR","og_type":"article","og_title":"viol: Un imam abuse d\u2019une fille \u00e0 Yimbaya | Guin\u00e9e Diversit\u00e9","og_description":"\u00a0Une fille de 14 ans a \u00e9t\u00e9 enceint\u00e9e par un imam dans le quartier Yimbaya dans la commune de Matoto. Selon les informations l\u2019imam entretenait une relation sexuelle avec la fille, la victime est enceinte de trois mois une semaine. La maman de la victime interrog\u00e9e par notre r\u00e9daction affirme que sa fille a \u00e9t\u00e9 [&hellip;]","og_url":"https:\/\/guineediversite.com\/index.php\/2021\/12\/09\/viol-un-imam-abuse-dune-fille-a-yimbaya\/","og_site_name":"Guin\u00e9e Diversit\u00e9","article_publisher":"https:\/\/www.facebook.com\/guineediversite\/","article_published_time":"2021-12-09T12:15:14+00:00","og_image":[{"width":1024,"height":576,"url":"https:\/\/guineediversite.com\/wp-content\/uploads\/2021\/04\/WhatsApp-Image-2021-04-13-at-13.04.12-3.jpeg","type":"image\/jpeg"}],"author":"Guin\u00e9e Diversit\u00e9","twitter_card":"summary_large_image","twitter_creator":"@GuineeDiversite","twitter_site":"@GuineeDiversite","twitter_misc":{"\u00c9crit par":"Guin\u00e9e Diversit\u00e9","Dur\u00e9e de lecture estim\u00e9e":"1 minute"},"schema":{"@context":"https:\/\/schema.org","@graph":[{"@type":"Article","@id":"https:\/\/guineediversite.com\/index.php\/2021\/12\/09\/viol-un-imam-abuse-dune-fille-a-yimbaya\/#article","isPartOf":{"@id":"https:\/\/guineediversite.com\/index.php\/2021\/12\/09\/viol-un-imam-abuse-dune-fille-a-yimbaya\/"},"author":{"name":"Guin\u00e9e Diversit\u00e9","@id":"https:\/\/guineediversite.com\/#\/schema\/person\/afa08fb34e7fc6e1feafc892612bc836"},"headline":"viol: Un imam abuse d\u2019une fille \u00e0 Yimbaya","datePublished":"2021-12-09T12:15:14+00:00","dateModified":"2021-12-09T12:15:14+00:00","mainEntityOfPage":{"@id":"https:\/\/guineediversite.com\/index.php\/2021\/12\/09\/viol-un-imam-abuse-dune-fille-a-yimbaya\/"},"wordCount":178,"publisher":{"@id":"https:\/\/guineediversite.com\/#organization"},"image":{"@id":"https:\/\/guineediversite.com\/index.php\/2021\/12\/09\/viol-un-imam-abuse-dune-fille-a-yimbaya\/#primaryimage"},"thumbnailUrl":"https:\/\/guineediversite.com\/wp-content\/uploads\/2021\/04\/WhatsApp-Image-2021-04-13-at-13.04.12-3.jpeg","articleSection":["Soci\u00e9t\u00e9"],"inLanguage":"fr-FR"},{"@type":"WebPage","@id":"https:\/\/guineediversite.com\/index.php\/2021\/12\/09\/viol-un-imam-abuse-dune-fille-a-yimbaya\/","url":"https:\/\/guineediversite.com\/index.php\/2021\/12\/09\/viol-un-imam-abuse-dune-fille-a-yimbaya\/","name":"viol: Un imam abuse d\u2019une fille \u00e0 Yimbaya | Guin\u00e9e Diversit\u00e9","isPartOf":{"@id":"https:\/\/guineediversite.com\/#website"},"primaryImageOfPage":{"@id":"https:\/\/guineediversite.com\/index.php\/2021\/12\/09\/viol-un-imam-abuse-dune-fille-a-yimbaya\/#primaryimage"},"image":{"@id":"https:\/\/guineediversite.com\/index.php\/2021\/12\/09\/viol-un-imam-abuse-dune-fille-a-yimbaya\/#primaryimage"},"thumbnailUrl":"https:\/\/guineediversite.com\/wp-content\/uploads\/2021\/04\/WhatsApp-Image-2021-04-13-at-13.04.12-3.jpeg","datePublished":"2021-12-09T12:15:14+00:00","dateModified":"2021-12-09T12:15:14+00:00","breadcrumb":{"@id":"https:\/\/guineediversite.com\/index.php\/2021\/12\/09\/viol-un-imam-abuse-dune-fille-a-yimbaya\/#breadcrumb"},"inLanguage":"fr-FR","potentialAction":[{"@type":"ReadAction","target":["https:\/\/guineediversite.com\/index.php\/2021\/12\/09\/viol-un-imam-abuse-dune-fille-a-yimbaya\/"]}]},{"@type":"ImageObject","inLanguage":"fr-FR","@id":"https:\/\/guineediversite.com\/index.php\/2021\/12\/09\/viol-un-imam-abuse-dune-fille-a-yimbaya\/#primaryimage","url":"https:\/\/guineediversite.com\/wp-content\/uploads\/2021\/04\/WhatsApp-Image-2021-04-13-at-13.04.12-3.jpeg","contentUrl":"https:\/\/guineediversite.com\/wp-content\/uploads\/2021\/04\/WhatsApp-Image-2021-04-13-at-13.04.12-3.jpeg","width":1024,"height":576},{"@type":"BreadcrumbList","@id":"https:\/\/guineediversite.com\/index.php\/2021\/12\/09\/viol-un-imam-abuse-dune-fille-a-yimbaya\/#breadcrumb","itemListElement":[{"@type":"ListItem","position":1,"name":"Accueil","item":"https:\/\/guineediversite.com\/"},{"@type":"ListItem","position":2,"name":"viol: Un imam abuse d\u2019une fille \u00e0 Yimbaya"}]},{"@type":"WebSite","@id":"https:\/\/guineediversite.com\/#website","url":"https:\/\/guineediversite.com\/","name":"Guin\u00e9e Diversit\u00e9","description":"L&#039;Info dans toute sa diversit\u00e9","publisher":{"@id":"https:\/\/guineediversite.com\/#organization"},"potentialAction":[{"@type":"SearchAction","target":{"@type":"EntryPoint","urlTemplate":"https:\/\/guineediversite.com\/?s={search_term_string}"},"query-input":{"@type":"PropertyValueSpecification","valueRequired":true,"valueName":"search_term_string"}}],"inLanguage":"fr-FR"},{"@type":"Organization","@id":"https:\/\/guineediversite.com\/#organization","name":"Guin\u00e9e Diversit\u00e9","url":"https:\/\/guineediversite.com\/","logo":{"@type":"ImageObject","inLanguage":"fr-FR","@id":"https:\/\/guineediversite.com\/#\/schema\/logo\/image\/","url":"https:\/\/guineediversite.com\/wp-content\/uploads\/2017\/04\/cropped-1jojlxEOMkX9Wyqfhe43D6kjPOGqBBKmx3EwWJqZ0cMrFF54yM49.png","contentUrl":"https:\/\/guineediversite.com\/wp-content\/uploads\/2017\/04\/cropped-1jojlxEOMkX9Wyqfhe43D6kjPOGqBBKmx3EwWJqZ0cMrFF54yM49.png","width":186,"height":112,"caption":"Guin\u00e9e Diversit\u00e9"},"image":{"@id":"https:\/\/guineediversite.com\/#\/schema\/logo\/image\/"},"sameAs":["https:\/\/www.facebook.com\/guineediversite\/","https:\/\/x.com\/GuineeDiversite","https:\/\/www.youtube.com\/channel\/UC8sUY16qelG5ge6_D5SB83g"]},{"@type":"Person","@id":"https:\/\/guineediversite.com\/#\/schema\/person\/afa08fb34e7fc6e1feafc892612bc836","name":"Guin\u00e9e Diversit\u00e9","image":{"@type":"ImageObject","inLanguage":"fr-FR","@id":"https:\/\/guineediversite.com\/#\/schema\/person\/image\/","url":"https:\/\/secure.gravatar.com\/avatar\/50d5eb5b390f8b65ac30ac6f898eb83a?s=96&d=mm&r=g","contentUrl":"https:\/\/secure.gravatar.com\/avatar\/50d5eb5b390f8b65ac30ac6f898eb83a?s=96&d=mm&r=g","caption":"Guin\u00e9e Diversit\u00e9"},"url":"https:\/\/guineediversite.com\/index.php\/author\/guineediversite\/"}]}},"_links":{"self":[{"href":"https:\/\/guineediversite.com\/index.php\/wp-json\/wp\/v2\/posts\/32081"}],"collection":[{"href":"https:\/\/guineediversite.com\/index.php\/wp-json\/wp\/v2\/posts"}],"about":[{"href":"https:\/\/guineediversite.com\/index.php\/wp-json\/wp\/v2\/types\/post"}],"author":[{"embeddable":true,"href":"https:\/\/guineediversite.com\/index.php\/wp-json\/wp\/v2\/users\/12"}],"replies":[{"embeddable":true,"href":"https:\/\/guineediversite.com\/index.php\/wp-json\/wp\/v2\/comments?post=32081"}],"version-history":[{"count":1,"href":"https:\/\/guineediversite.com\/index.php\/wp-json\/wp\/v2\/posts\/32081\/revisions"}],"predecessor-version":[{"id":32083,"href":"https:\/\/guineediversite.com\/index.php\/wp-json\/wp\/v2\/posts\/32081\/revisions\/32083"}],"wp:featuredmedia":[{"embeddable":true,"href":"https:\/\/guineediversite.com\/index.php\/wp-json\/wp\/v2\/media\/31238"}],"wp:attachment":[{"href":"https:\/\/guineediversite.com\/index.php\/wp-json\/wp\/v2\/media?parent=32081"}],"wp:term":[{"taxonomy":"category","embeddable":true,"href":"https:\/\/guineediversite.com\/index.php\/wp-json\/wp\/v2\/categories?post=32081"},{"taxonomy":"post_tag","embeddable":true,"href":"https:\/\/guineediversite.com\/index.php\/wp-json\/wp\/v2\/tags?post=32081"}],"curies":[{"name":"wp","href":"https:\/\/api.w.org\/{rel}","templated":true}]}}