{"id":32067,"date":"2021-12-08T16:51:38","date_gmt":"2021-12-08T15:51:38","guid":{"rendered":"https:\/\/guineediversite.com\/?p=32067"},"modified":"2021-12-08T16:51:38","modified_gmt":"2021-12-08T15:51:38","slug":"la-situation-inhumaine-des-migrants-a-paris-aucun-elu-nest-venu-denoncent-les-associations","status":"publish","type":"post","link":"https:\/\/guineediversite.com\/index.php\/2021\/12\/08\/la-situation-inhumaine-des-migrants-a-paris-aucun-elu-nest-venu-denoncent-les-associations\/","title":{"rendered":"La situation inhumaine des migrants \u00e0 Paris: \u00abaucun \u00e9lu n&rsquo;est venu\u00bb d\u00e9noncent les associations"},"content":{"rendered":"<p>Les campements de migrants pr\u00e8s du Stade de France ou place de la R\u00e9publique \u00e0 Paris ont \u00e9t\u00e9 d\u00e9mantel\u00e9s il y a plusieurs mois. Mais la question de l&rsquo;accueil des migrants n&rsquo;est pas r\u00e9gl\u00e9e. Ces derniers mois, nombreux sont ceux qui se sont regroup\u00e9s dans un tunnel qui relie le 19e arrondissement de Paris au Pr\u00e9 Saint-Gervais. Avec le froid de l&rsquo;hiver, la situation est intenable pour les associations de riverains qui tentent de leur venir en aide.<\/p>\n<p>Des centaines de r\u00e9fugi\u00e9s dorment actuellement dans des tunnels d\u00e9saffect\u00e9s aux abords de Paris, pr\u00e8s du futur village olympique. Ils survivent gr\u00e2ce aux dons et au soutien quotidien des militants et des habitants du quartier qui pr\u00e9parent et livrent des centaines de repas aux demandeurs d&rsquo;asile vivant dans les tunnels.<\/p>\n<p><strong>Les associations d\u00e9munies<\/strong><\/p>\n<p>Une situation d\u00e9nonc\u00e9e par les associations.\u00a0\u00ab<em> D\u2019abord, c\u2019\u00e9taient des jeunes mineurs qui \u00e9taient l\u00e0. Ils \u00e9taient une trentaine, c\u2019est mont\u00e9 \u00e0 50 et au fur et \u00e0 mesure des jours et des mois, ce sont des familles avec des enfants\u2026 L\u00e0, \u00e7a urge, on arrive en hiver, il y a des gens qui sont en hypothermie. Il y a une personne qui a \u00e9t\u00e9 hospitalis\u00e9e trois jours, qui a eu une appendicite. Elle a eu trois jours d\u2019h\u00e9bergement puis s\u2019est retrouv\u00e9e ici sous le pont. \u00c7a devient inhumain. On ne sait plus quoi faire. Quand des personnes partent en h\u00e9bergement, il y en a d\u2019autres qui arrivent aussit\u00f4t. On perd un peu nos moyens parce qu\u2019il y a des b\u00e9b\u00e9s et ce n\u2019est pas tenable<\/em> \u00bb, constate avec effroi Fadila Benrabah, pr\u00e9sidente d&rsquo;\u00c0 la crois\u00e9e des rues, au micro de C\u00e9cile Lavolot de RFI.<\/p>\n<p>Le quotidien de ces dizaines de familles est terrible, comme le raconte cette Malienne rencontr\u00e9e par RFI, Oumou Diakit\u00e9 : \u00ab <em>\u00c7a fait 10 jours que l\u2019on dort ici avec mon mari qui est malade. Franchement, on est dans la\u00a0mis\u00e8re. Il fait froid, parfois il pleut. Mon mari a 59 ans. Il est malade aussi, il a mal aux pieds et est asthmatique\u00a0<\/em>\u00bb.<\/p>\n<p>On ne se sent pas bien, on ne peut pas se sentir bien. On dort mal. Dans la journ\u00e9e, on urine partout. Il n\u2019y a pas de toilettes. On peut rester pendant deux ou trois sans se laver. Franchement, c\u2019est grave.<\/p>\n<p>Alors que le prix Nobel de Litt\u00e9rature, Abdoulrazak Gurnah, d\u00e9non\u00e7ait\u00a0mardi -lors de la r\u00e9ception\u00a0de son prix- le caract\u00e8re \u00ab<em> inhumain<\/em> \u00bb de la r\u00e9ponse des gouvernements britannique et fran\u00e7ais \u00e0 la question de la situation des\u00a0migrants qui traversent la Manche, sur le terrain, dans les tunnels habit\u00e9s par les migrants, c&rsquo;est le m\u00eame constat. \u00ab <em>Il y a cette petite gamine qui s\u2019appelle Awa qui me dit tous les jours qu\u2019elle veut aller \u00e0 l\u2019\u00e9cole. Elle a 10 ans, elle ne sait pas lire, elle ne sait pas \u00e9crire. Je trouve cela d\u00e9solant qu\u2019une gamine de 10 ans vive comme \u00e7a sous des tentes \u00bb, <\/em>poursuit Fadila Benrabah<em>. <\/em>Plusieurs autres jeunes enfants de moins de dix ans tentent \u00e9galement de survivre dans ces conditions.<\/p>\n<p><em>\u00ab Nous, en tant qu\u2019association, on a le sentiment\u00a0d\u2019\u00eatre isol\u00e9. Comme si c\u2019\u00e9tait \u00e0 nous de prendre tout \u00e7a en charge, c&rsquo;est lourd. \u00c7a co\u00fbte financi\u00e8rement parce que l\u2019on doit leur amener des couvertures, on doit leur amener des duvets, des v\u00eatements pour pas qu\u2019ils aient froid et tout \u00e7a s\u2019ach\u00e8te. On n&rsquo;a vraiment aucun \u00e9lu qui est venu vers nous pour nous dire \u00ab\u00a0On va vous aider\u00a0\u00bb\u00a0<\/em>\u00bb, d\u00e9nonce encore Fadila Benrabah.<\/p>\n<p><strong>RFI<\/strong><\/p>\n","protected":false},"excerpt":{"rendered":"<p>Les campements de migrants pr\u00e8s du Stade de France ou place de la R\u00e9publique \u00e0 Paris ont \u00e9t\u00e9 d\u00e9mantel\u00e9s il y a plusieurs mois. Mais la question de l&rsquo;accueil des migrants n&rsquo;est pas r\u00e9gl\u00e9e. Ces derniers mois, nombreux sont ceux qui se sont regroup\u00e9s dans un tunnel qui relie le 19e arrondissement de Paris au [&hellip;]<\/p>\n","protected":false},"author":12,"featured_media":32070,"comment_status":"closed","ping_status":"open","sticky":false,"template":"","format":"standard","meta":{"_exactmetrics_skip_tracking":false,"_exactmetrics_sitenote_active":false,"_exactmetrics_sitenote_note":"","_exactmetrics_sitenote_category":0,"tdm_status":"","tdm_grid_status":"","footnotes":""},"categories":[21],"tags":[],"class_list":{"0":"post-32067","1":"post","2":"type-post","3":"status-publish","4":"format-standard","5":"has-post-thumbnail","7":"category-international"},"yoast_head":"<!-- This site is optimized with the Yoast SEO plugin v24.2 - https:\/\/yoast.com\/wordpress\/plugins\/seo\/ -->\n<title>La situation inhumaine des migrants \u00e0 Paris: \u00abaucun \u00e9lu n&#039;est venu\u00bb d\u00e9noncent les associations | Guin\u00e9e Diversit\u00e9<\/title>\n<meta name=\"robots\" content=\"index, follow, max-snippet:-1, max-image-preview:large, max-video-preview:-1\" \/>\n<link rel=\"canonical\" href=\"https:\/\/guineediversite.com\/index.php\/2021\/12\/08\/la-situation-inhumaine-des-migrants-a-paris-aucun-elu-nest-venu-denoncent-les-associations\/\" \/>\n<meta property=\"og:locale\" content=\"fr_FR\" \/>\n<meta property=\"og:type\" content=\"article\" \/>\n<meta property=\"og:title\" content=\"La situation inhumaine des migrants \u00e0 Paris: \u00abaucun \u00e9lu n&#039;est venu\u00bb d\u00e9noncent les associations | Guin\u00e9e Diversit\u00e9\" \/>\n<meta property=\"og:description\" content=\"Les campements de migrants pr\u00e8s du Stade de France ou place de la R\u00e9publique \u00e0 Paris ont \u00e9t\u00e9 d\u00e9mantel\u00e9s il y a plusieurs mois. Mais la question de l&rsquo;accueil des migrants n&rsquo;est pas r\u00e9gl\u00e9e. Ces derniers mois, nombreux sont ceux qui se sont regroup\u00e9s dans un tunnel qui relie le 19e arrondissement de Paris au [&hellip;]\" \/>\n<meta property=\"og:url\" content=\"https:\/\/guineediversite.com\/index.php\/2021\/12\/08\/la-situation-inhumaine-des-migrants-a-paris-aucun-elu-nest-venu-denoncent-les-associations\/\" \/>\n<meta property=\"og:site_name\" content=\"Guin\u00e9e Diversit\u00e9\" \/>\n<meta property=\"article:publisher\" content=\"https:\/\/www.facebook.com\/guineediversite\/\" \/>\n<meta property=\"article:published_time\" content=\"2021-12-08T15:51:38+00:00\" \/>\n<meta property=\"og:image\" content=\"https:\/\/guineediversite.com\/wp-content\/uploads\/2021\/12\/MIGRANTS-2.jpg\" \/>\n\t<meta property=\"og:image:width\" content=\"1300\" \/>\n\t<meta property=\"og:image:height\" content=\"974\" \/>\n\t<meta property=\"og:image:type\" content=\"image\/jpeg\" \/>\n<meta name=\"author\" content=\"Guin\u00e9e Diversit\u00e9\" \/>\n<meta name=\"twitter:card\" content=\"summary_large_image\" \/>\n<meta name=\"twitter:creator\" content=\"@GuineeDiversite\" \/>\n<meta name=\"twitter:site\" content=\"@GuineeDiversite\" \/>\n<meta name=\"twitter:label1\" content=\"\u00c9crit par\" \/>\n\t<meta name=\"twitter:data1\" content=\"Guin\u00e9e Diversit\u00e9\" \/>\n\t<meta name=\"twitter:label2\" content=\"Dur\u00e9e de lecture estim\u00e9e\" \/>\n\t<meta name=\"twitter:data2\" content=\"3 minutes\" \/>\n<script type=\"application\/ld+json\" class=\"yoast-schema-graph\">{\"@context\":\"https:\/\/schema.org\",\"@graph\":[{\"@type\":\"Article\",\"@id\":\"https:\/\/guineediversite.com\/index.php\/2021\/12\/08\/la-situation-inhumaine-des-migrants-a-paris-aucun-elu-nest-venu-denoncent-les-associations\/#article\",\"isPartOf\":{\"@id\":\"https:\/\/guineediversite.com\/index.php\/2021\/12\/08\/la-situation-inhumaine-des-migrants-a-paris-aucun-elu-nest-venu-denoncent-les-associations\/\"},\"author\":{\"name\":\"Guin\u00e9e Diversit\u00e9\",\"@id\":\"https:\/\/guineediversite.com\/#\/schema\/person\/afa08fb34e7fc6e1feafc892612bc836\"},\"headline\":\"La situation inhumaine des migrants \u00e0 Paris: \u00abaucun \u00e9lu n&rsquo;est venu\u00bb d\u00e9noncent les associations\",\"datePublished\":\"2021-12-08T15:51:38+00:00\",\"dateModified\":\"2021-12-08T15:51:38+00:00\",\"mainEntityOfPage\":{\"@id\":\"https:\/\/guineediversite.com\/index.php\/2021\/12\/08\/la-situation-inhumaine-des-migrants-a-paris-aucun-elu-nest-venu-denoncent-les-associations\/\"},\"wordCount\":650,\"publisher\":{\"@id\":\"https:\/\/guineediversite.com\/#organization\"},\"image\":{\"@id\":\"https:\/\/guineediversite.com\/index.php\/2021\/12\/08\/la-situation-inhumaine-des-migrants-a-paris-aucun-elu-nest-venu-denoncent-les-associations\/#primaryimage\"},\"thumbnailUrl\":\"https:\/\/guineediversite.com\/wp-content\/uploads\/2021\/12\/MIGRANTS-2.jpg\",\"articleSection\":[\"International\"],\"inLanguage\":\"fr-FR\"},{\"@type\":\"WebPage\",\"@id\":\"https:\/\/guineediversite.com\/index.php\/2021\/12\/08\/la-situation-inhumaine-des-migrants-a-paris-aucun-elu-nest-venu-denoncent-les-associations\/\",\"url\":\"https:\/\/guineediversite.com\/index.php\/2021\/12\/08\/la-situation-inhumaine-des-migrants-a-paris-aucun-elu-nest-venu-denoncent-les-associations\/\",\"name\":\"La situation inhumaine des migrants \u00e0 Paris: \u00abaucun \u00e9lu n'est venu\u00bb d\u00e9noncent les associations | Guin\u00e9e Diversit\u00e9\",\"isPartOf\":{\"@id\":\"https:\/\/guineediversite.com\/#website\"},\"primaryImageOfPage\":{\"@id\":\"https:\/\/guineediversite.com\/index.php\/2021\/12\/08\/la-situation-inhumaine-des-migrants-a-paris-aucun-elu-nest-venu-denoncent-les-associations\/#primaryimage\"},\"image\":{\"@id\":\"https:\/\/guineediversite.com\/index.php\/2021\/12\/08\/la-situation-inhumaine-des-migrants-a-paris-aucun-elu-nest-venu-denoncent-les-associations\/#primaryimage\"},\"thumbnailUrl\":\"https:\/\/guineediversite.com\/wp-content\/uploads\/2021\/12\/MIGRANTS-2.jpg\",\"datePublished\":\"2021-12-08T15:51:38+00:00\",\"dateModified\":\"2021-12-08T15:51:38+00:00\",\"breadcrumb\":{\"@id\":\"https:\/\/guineediversite.com\/index.php\/2021\/12\/08\/la-situation-inhumaine-des-migrants-a-paris-aucun-elu-nest-venu-denoncent-les-associations\/#breadcrumb\"},\"inLanguage\":\"fr-FR\",\"potentialAction\":[{\"@type\":\"ReadAction\",\"target\":[\"https:\/\/guineediversite.com\/index.php\/2021\/12\/08\/la-situation-inhumaine-des-migrants-a-paris-aucun-elu-nest-venu-denoncent-les-associations\/\"]}]},{\"@type\":\"ImageObject\",\"inLanguage\":\"fr-FR\",\"@id\":\"https:\/\/guineediversite.com\/index.php\/2021\/12\/08\/la-situation-inhumaine-des-migrants-a-paris-aucun-elu-nest-venu-denoncent-les-associations\/#primaryimage\",\"url\":\"https:\/\/guineediversite.com\/wp-content\/uploads\/2021\/12\/MIGRANTS-2.jpg\",\"contentUrl\":\"https:\/\/guineediversite.com\/wp-content\/uploads\/2021\/12\/MIGRANTS-2.jpg\",\"width\":1300,\"height\":974},{\"@type\":\"BreadcrumbList\",\"@id\":\"https:\/\/guineediversite.com\/index.php\/2021\/12\/08\/la-situation-inhumaine-des-migrants-a-paris-aucun-elu-nest-venu-denoncent-les-associations\/#breadcrumb\",\"itemListElement\":[{\"@type\":\"ListItem\",\"position\":1,\"name\":\"Accueil\",\"item\":\"https:\/\/guineediversite.com\/\"},{\"@type\":\"ListItem\",\"position\":2,\"name\":\"La situation inhumaine des migrants \u00e0 Paris: \u00abaucun \u00e9lu n&rsquo;est venu\u00bb d\u00e9noncent les associations\"}]},{\"@type\":\"WebSite\",\"@id\":\"https:\/\/guineediversite.com\/#website\",\"url\":\"https:\/\/guineediversite.com\/\",\"name\":\"Guin\u00e9e Diversit\u00e9\",\"description\":\"L&#039;Info dans toute sa diversit\u00e9\",\"publisher\":{\"@id\":\"https:\/\/guineediversite.com\/#organization\"},\"potentialAction\":[{\"@type\":\"SearchAction\",\"target\":{\"@type\":\"EntryPoint\",\"urlTemplate\":\"https:\/\/guineediversite.com\/?s={search_term_string}\"},\"query-input\":{\"@type\":\"PropertyValueSpecification\",\"valueRequired\":true,\"valueName\":\"search_term_string\"}}],\"inLanguage\":\"fr-FR\"},{\"@type\":\"Organization\",\"@id\":\"https:\/\/guineediversite.com\/#organization\",\"name\":\"Guin\u00e9e Diversit\u00e9\",\"url\":\"https:\/\/guineediversite.com\/\",\"logo\":{\"@type\":\"ImageObject\",\"inLanguage\":\"fr-FR\",\"@id\":\"https:\/\/guineediversite.com\/#\/schema\/logo\/image\/\",\"url\":\"https:\/\/guineediversite.com\/wp-content\/uploads\/2017\/04\/cropped-1jojlxEOMkX9Wyqfhe43D6kjPOGqBBKmx3EwWJqZ0cMrFF54yM49.png\",\"contentUrl\":\"https:\/\/guineediversite.com\/wp-content\/uploads\/2017\/04\/cropped-1jojlxEOMkX9Wyqfhe43D6kjPOGqBBKmx3EwWJqZ0cMrFF54yM49.png\",\"width\":186,\"height\":112,\"caption\":\"Guin\u00e9e Diversit\u00e9\"},\"image\":{\"@id\":\"https:\/\/guineediversite.com\/#\/schema\/logo\/image\/\"},\"sameAs\":[\"https:\/\/www.facebook.com\/guineediversite\/\",\"https:\/\/x.com\/GuineeDiversite\",\"https:\/\/www.youtube.com\/channel\/UC8sUY16qelG5ge6_D5SB83g\"]},{\"@type\":\"Person\",\"@id\":\"https:\/\/guineediversite.com\/#\/schema\/person\/afa08fb34e7fc6e1feafc892612bc836\",\"name\":\"Guin\u00e9e Diversit\u00e9\",\"image\":{\"@type\":\"ImageObject\",\"inLanguage\":\"fr-FR\",\"@id\":\"https:\/\/guineediversite.com\/#\/schema\/person\/image\/\",\"url\":\"https:\/\/secure.gravatar.com\/avatar\/50d5eb5b390f8b65ac30ac6f898eb83a?s=96&d=mm&r=g\",\"contentUrl\":\"https:\/\/secure.gravatar.com\/avatar\/50d5eb5b390f8b65ac30ac6f898eb83a?s=96&d=mm&r=g\",\"caption\":\"Guin\u00e9e Diversit\u00e9\"},\"url\":\"https:\/\/guineediversite.com\/index.php\/author\/guineediversite\/\"}]}<\/script>\n<!-- \/ Yoast SEO plugin. -->","yoast_head_json":{"title":"La situation inhumaine des migrants \u00e0 Paris: \u00abaucun \u00e9lu n'est venu\u00bb d\u00e9noncent les associations | Guin\u00e9e Diversit\u00e9","robots":{"index":"index","follow":"follow","max-snippet":"max-snippet:-1","max-image-preview":"max-image-preview:large","max-video-preview":"max-video-preview:-1"},"canonical":"https:\/\/guineediversite.com\/index.php\/2021\/12\/08\/la-situation-inhumaine-des-migrants-a-paris-aucun-elu-nest-venu-denoncent-les-associations\/","og_locale":"fr_FR","og_type":"article","og_title":"La situation inhumaine des migrants \u00e0 Paris: \u00abaucun \u00e9lu n'est venu\u00bb d\u00e9noncent les associations | Guin\u00e9e Diversit\u00e9","og_description":"Les campements de migrants pr\u00e8s du Stade de France ou place de la R\u00e9publique \u00e0 Paris ont \u00e9t\u00e9 d\u00e9mantel\u00e9s il y a plusieurs mois. Mais la question de l&rsquo;accueil des migrants n&rsquo;est pas r\u00e9gl\u00e9e. Ces derniers mois, nombreux sont ceux qui se sont regroup\u00e9s dans un tunnel qui relie le 19e arrondissement de Paris au [&hellip;]","og_url":"https:\/\/guineediversite.com\/index.php\/2021\/12\/08\/la-situation-inhumaine-des-migrants-a-paris-aucun-elu-nest-venu-denoncent-les-associations\/","og_site_name":"Guin\u00e9e Diversit\u00e9","article_publisher":"https:\/\/www.facebook.com\/guineediversite\/","article_published_time":"2021-12-08T15:51:38+00:00","og_image":[{"width":1300,"height":974,"url":"https:\/\/guineediversite.com\/wp-content\/uploads\/2021\/12\/MIGRANTS-2.jpg","type":"image\/jpeg"}],"author":"Guin\u00e9e Diversit\u00e9","twitter_card":"summary_large_image","twitter_creator":"@GuineeDiversite","twitter_site":"@GuineeDiversite","twitter_misc":{"\u00c9crit par":"Guin\u00e9e Diversit\u00e9","Dur\u00e9e de lecture estim\u00e9e":"3 minutes"},"schema":{"@context":"https:\/\/schema.org","@graph":[{"@type":"Article","@id":"https:\/\/guineediversite.com\/index.php\/2021\/12\/08\/la-situation-inhumaine-des-migrants-a-paris-aucun-elu-nest-venu-denoncent-les-associations\/#article","isPartOf":{"@id":"https:\/\/guineediversite.com\/index.php\/2021\/12\/08\/la-situation-inhumaine-des-migrants-a-paris-aucun-elu-nest-venu-denoncent-les-associations\/"},"author":{"name":"Guin\u00e9e Diversit\u00e9","@id":"https:\/\/guineediversite.com\/#\/schema\/person\/afa08fb34e7fc6e1feafc892612bc836"},"headline":"La situation inhumaine des migrants \u00e0 Paris: \u00abaucun \u00e9lu n&rsquo;est venu\u00bb d\u00e9noncent les associations","datePublished":"2021-12-08T15:51:38+00:00","dateModified":"2021-12-08T15:51:38+00:00","mainEntityOfPage":{"@id":"https:\/\/guineediversite.com\/index.php\/2021\/12\/08\/la-situation-inhumaine-des-migrants-a-paris-aucun-elu-nest-venu-denoncent-les-associations\/"},"wordCount":650,"publisher":{"@id":"https:\/\/guineediversite.com\/#organization"},"image":{"@id":"https:\/\/guineediversite.com\/index.php\/2021\/12\/08\/la-situation-inhumaine-des-migrants-a-paris-aucun-elu-nest-venu-denoncent-les-associations\/#primaryimage"},"thumbnailUrl":"https:\/\/guineediversite.com\/wp-content\/uploads\/2021\/12\/MIGRANTS-2.jpg","articleSection":["International"],"inLanguage":"fr-FR"},{"@type":"WebPage","@id":"https:\/\/guineediversite.com\/index.php\/2021\/12\/08\/la-situation-inhumaine-des-migrants-a-paris-aucun-elu-nest-venu-denoncent-les-associations\/","url":"https:\/\/guineediversite.com\/index.php\/2021\/12\/08\/la-situation-inhumaine-des-migrants-a-paris-aucun-elu-nest-venu-denoncent-les-associations\/","name":"La situation inhumaine des migrants \u00e0 Paris: \u00abaucun \u00e9lu n'est venu\u00bb d\u00e9noncent les associations | Guin\u00e9e Diversit\u00e9","isPartOf":{"@id":"https:\/\/guineediversite.com\/#website"},"primaryImageOfPage":{"@id":"https:\/\/guineediversite.com\/index.php\/2021\/12\/08\/la-situation-inhumaine-des-migrants-a-paris-aucun-elu-nest-venu-denoncent-les-associations\/#primaryimage"},"image":{"@id":"https:\/\/guineediversite.com\/index.php\/2021\/12\/08\/la-situation-inhumaine-des-migrants-a-paris-aucun-elu-nest-venu-denoncent-les-associations\/#primaryimage"},"thumbnailUrl":"https:\/\/guineediversite.com\/wp-content\/uploads\/2021\/12\/MIGRANTS-2.jpg","datePublished":"2021-12-08T15:51:38+00:00","dateModified":"2021-12-08T15:51:38+00:00","breadcrumb":{"@id":"https:\/\/guineediversite.com\/index.php\/2021\/12\/08\/la-situation-inhumaine-des-migrants-a-paris-aucun-elu-nest-venu-denoncent-les-associations\/#breadcrumb"},"inLanguage":"fr-FR","potentialAction":[{"@type":"ReadAction","target":["https:\/\/guineediversite.com\/index.php\/2021\/12\/08\/la-situation-inhumaine-des-migrants-a-paris-aucun-elu-nest-venu-denoncent-les-associations\/"]}]},{"@type":"ImageObject","inLanguage":"fr-FR","@id":"https:\/\/guineediversite.com\/index.php\/2021\/12\/08\/la-situation-inhumaine-des-migrants-a-paris-aucun-elu-nest-venu-denoncent-les-associations\/#primaryimage","url":"https:\/\/guineediversite.com\/wp-content\/uploads\/2021\/12\/MIGRANTS-2.jpg","contentUrl":"https:\/\/guineediversite.com\/wp-content\/uploads\/2021\/12\/MIGRANTS-2.jpg","width":1300,"height":974},{"@type":"BreadcrumbList","@id":"https:\/\/guineediversite.com\/index.php\/2021\/12\/08\/la-situation-inhumaine-des-migrants-a-paris-aucun-elu-nest-venu-denoncent-les-associations\/#breadcrumb","itemListElement":[{"@type":"ListItem","position":1,"name":"Accueil","item":"https:\/\/guineediversite.com\/"},{"@type":"ListItem","position":2,"name":"La situation inhumaine des migrants \u00e0 Paris: \u00abaucun \u00e9lu n&rsquo;est venu\u00bb d\u00e9noncent les associations"}]},{"@type":"WebSite","@id":"https:\/\/guineediversite.com\/#website","url":"https:\/\/guineediversite.com\/","name":"Guin\u00e9e Diversit\u00e9","description":"L&#039;Info dans toute sa diversit\u00e9","publisher":{"@id":"https:\/\/guineediversite.com\/#organization"},"potentialAction":[{"@type":"SearchAction","target":{"@type":"EntryPoint","urlTemplate":"https:\/\/guineediversite.com\/?s={search_term_string}"},"query-input":{"@type":"PropertyValueSpecification","valueRequired":true,"valueName":"search_term_string"}}],"inLanguage":"fr-FR"},{"@type":"Organization","@id":"https:\/\/guineediversite.com\/#organization","name":"Guin\u00e9e Diversit\u00e9","url":"https:\/\/guineediversite.com\/","logo":{"@type":"ImageObject","inLanguage":"fr-FR","@id":"https:\/\/guineediversite.com\/#\/schema\/logo\/image\/","url":"https:\/\/guineediversite.com\/wp-content\/uploads\/2017\/04\/cropped-1jojlxEOMkX9Wyqfhe43D6kjPOGqBBKmx3EwWJqZ0cMrFF54yM49.png","contentUrl":"https:\/\/guineediversite.com\/wp-content\/uploads\/2017\/04\/cropped-1jojlxEOMkX9Wyqfhe43D6kjPOGqBBKmx3EwWJqZ0cMrFF54yM49.png","width":186,"height":112,"caption":"Guin\u00e9e Diversit\u00e9"},"image":{"@id":"https:\/\/guineediversite.com\/#\/schema\/logo\/image\/"},"sameAs":["https:\/\/www.facebook.com\/guineediversite\/","https:\/\/x.com\/GuineeDiversite","https:\/\/www.youtube.com\/channel\/UC8sUY16qelG5ge6_D5SB83g"]},{"@type":"Person","@id":"https:\/\/guineediversite.com\/#\/schema\/person\/afa08fb34e7fc6e1feafc892612bc836","name":"Guin\u00e9e Diversit\u00e9","image":{"@type":"ImageObject","inLanguage":"fr-FR","@id":"https:\/\/guineediversite.com\/#\/schema\/person\/image\/","url":"https:\/\/secure.gravatar.com\/avatar\/50d5eb5b390f8b65ac30ac6f898eb83a?s=96&d=mm&r=g","contentUrl":"https:\/\/secure.gravatar.com\/avatar\/50d5eb5b390f8b65ac30ac6f898eb83a?s=96&d=mm&r=g","caption":"Guin\u00e9e Diversit\u00e9"},"url":"https:\/\/guineediversite.com\/index.php\/author\/guineediversite\/"}]}},"_links":{"self":[{"href":"https:\/\/guineediversite.com\/index.php\/wp-json\/wp\/v2\/posts\/32067"}],"collection":[{"href":"https:\/\/guineediversite.com\/index.php\/wp-json\/wp\/v2\/posts"}],"about":[{"href":"https:\/\/guineediversite.com\/index.php\/wp-json\/wp\/v2\/types\/post"}],"author":[{"embeddable":true,"href":"https:\/\/guineediversite.com\/index.php\/wp-json\/wp\/v2\/users\/12"}],"replies":[{"embeddable":true,"href":"https:\/\/guineediversite.com\/index.php\/wp-json\/wp\/v2\/comments?post=32067"}],"version-history":[{"count":1,"href":"https:\/\/guineediversite.com\/index.php\/wp-json\/wp\/v2\/posts\/32067\/revisions"}],"predecessor-version":[{"id":32071,"href":"https:\/\/guineediversite.com\/index.php\/wp-json\/wp\/v2\/posts\/32067\/revisions\/32071"}],"wp:featuredmedia":[{"embeddable":true,"href":"https:\/\/guineediversite.com\/index.php\/wp-json\/wp\/v2\/media\/32070"}],"wp:attachment":[{"href":"https:\/\/guineediversite.com\/index.php\/wp-json\/wp\/v2\/media?parent=32067"}],"wp:term":[{"taxonomy":"category","embeddable":true,"href":"https:\/\/guineediversite.com\/index.php\/wp-json\/wp\/v2\/categories?post=32067"},{"taxonomy":"post_tag","embeddable":true,"href":"https:\/\/guineediversite.com\/index.php\/wp-json\/wp\/v2\/tags?post=32067"}],"curies":[{"name":"wp","href":"https:\/\/api.w.org\/{rel}","templated":true}]}}