{"id":32063,"date":"2021-12-08T14:50:14","date_gmt":"2021-12-08T13:50:14","guid":{"rendered":"https:\/\/guineediversite.com\/?p=32063"},"modified":"2021-12-08T14:50:14","modified_gmt":"2021-12-08T13:50:14","slug":"allemagne-olaf-scholz-succede-officiellement-a-angela-merkel","status":"publish","type":"post","link":"https:\/\/guineediversite.com\/index.php\/2021\/12\/08\/allemagne-olaf-scholz-succede-officiellement-a-angela-merkel\/","title":{"rendered":"Allemagne: Olaf Scholz succ\u00e8de officiellement \u00e0 Angela Merkel"},"content":{"rendered":"<p><strong>L\u2019Allemagne tourne une page d\u2019histoire avec le d\u00e9part ce mercredi 8 d\u00e9cembre, apr\u00e8s seize ans, d\u2019Angela Merkel. Pour la troisi\u00e8me fois dans l\u2019histoire du pays depuis la fin de guerre, un social-d\u00e9mocrate, Olaf Scholz, devient chancelier \u00e0 la t\u00eate d\u2019une coalition associant le SPD, les \u00e9cologistes et les lib\u00e9raux.\u00a0 <\/strong><\/p>\n<p>Lorsque Lars Haider part en vacances avec sa famille apr\u00e8s les \u00e9lections du 26 septembre dernier, son beau-fr\u00e8re, diplomate, demande au r\u00e9dacteur en chef du quotidien <em>Hamburger Abendblatt<\/em>\u00a0quels livres il peut lui conseiller pour mieux conna\u00eetre celui qui va devenir le nouveau chancelier. Une br\u00e8ve recherche sur internet s\u2019av\u00e8re infructueuse. Aucun livre sur Olaf Scholz n\u2019a jamais \u00e9t\u00e9 \u00e9crit. Le journaliste de Hambourg qui a c\u00f4toy\u00e9 intens\u00e9ment le futur chancelier dans la ville o\u00f9 ce dernier a grandi et qu\u2019il a dirig\u00e9e de 2011 \u00e0 2018 se met alors imm\u00e9diatement au travail. Le livre de Lars Haider, <em>Olaf Scholz, le chemin vers le pouvoir<\/em>, sort cette semaine \u00e0 l\u2019occasion de l\u2019\u00e9lection du nouveau chancelier.<\/p>\n<p>L\u2019anecdote est r\u00e9v\u00e9latrice. Olaf Scholz, 63 ans, a une longue carri\u00e8re politique derri\u00e8re lui et pourtant son parcours n\u2019a pas inspir\u00e9 de biographies et autres ouvrages. Comme Angela Merkel, on sait par exemple tr\u00e8s peu de choses sur sa vie priv\u00e9e. Le futur chancelier est n\u00e9 \u00e0 Osnabr\u00fcck, dans l\u2019Ouest de l\u2019Allemagne, le 14 juin 1958, mais il est un Hambourgeois de c\u0153ur, une ville o\u00f9 ses parents, actifs dans le textile, s\u2019installent lorsqu\u2019il est b\u00e9b\u00e9. \u00a0Il est le premier dans sa famille \u00e0 faire des \u00e9tudes et \u00e0 incarner le mod\u00e8le m\u00e9ritocratique d\u00e9fendu par le parti social-d\u00e9mocrate. Ses deux fr\u00e8res plus jeunes lui embo\u00eetent le pas. L\u2019un dirige aujourd\u2019hui un h\u00f4pital dans le nord de l\u2019Allemagne ; l\u2019autre une entreprise active dans les nouvelles technologies.<\/p>\n<p>Olaf Scholz adh\u00e8re \u00e0 17 ans au SPD. Il a toujours avec lui dans son cartable son livret rouge de membre du parti. Comme beaucoup dans les jeunesses sociales-d\u00e9mocrates, il est tr\u00e8s \u00e0 gauche dans les ann\u00e9es 1980 et pr\u00f4ne \u00ab <em>le d\u00e9passement de l\u2019\u00e9conomie capitaliste<\/em> \u00bb. D\u00e9but 1984, il rencontre avec d\u2019autres responsables des jeunesses sociales-d\u00e9mocrates de hauts dignitaires du r\u00e9gime communiste est-allemand.<\/p>\n<p>Cet engagement au SPD se traduit tout d\u2019abord par sa carri\u00e8re professionnelle. Contrairement \u00e0 d\u2019autres responsables politiques, Olaf Scholz exerce tout d\u2019abord \u00ab un vrai m\u00e9tier \u00bb et travaille comme avocat. Il d\u00e9fend souvent des salari\u00e9s menac\u00e9s par des licenciements et apr\u00e8s la r\u00e9unification des comit\u00e9s d\u2019entreprise dans la partie Est du pays dont les soci\u00e9t\u00e9s doivent \u00eatre d\u00e9mantel\u00e9es et privatis\u00e9es. Une t\u00e2che qu\u2019il a souvent mentionn\u00e9e durant la derni\u00e8re campagne \u00e9lectorale pour mettre en avant son engagement social comme sa connaissance du terrain dans l\u2019ex-RDA.<\/p>\n<p>La carri\u00e8re politique d\u2019Olaf Scholz commence avec l\u2019arriv\u00e9e au pouvoir d\u2019un autre social-d\u00e9mocrate, Gerhard Schr\u00f6der, en 1998. Le nouvel \u00e9lu au Bundestag prend la direction de la f\u00e9d\u00e9ration du SPD \u00e0 Hambourg et int\u00e8gre les instances dirigeantes de son parti dont il sera le secr\u00e9taire g\u00e9n\u00e9ral entre 2002 et 2004. Un large public fait alors la connaissance d\u2019Olaf Scholz qui d\u00e9fend les profondes r\u00e9formes sociales de Gerhard Schr\u00f6der. C\u2019est \u00e0 cette \u00e9poque qu\u2019il est surnomm\u00e9 \u00ab <em>Scholzomat <\/em>\u00bb, une allusion \u00e0 sa fa\u00e7on de r\u00e9p\u00e9ter sans cesse tel un robot les m\u00eames phrases. Le futur chancelier prend un malin plaisir \u00e0 ne pas r\u00e9pondre aux questions des journalistes ou \u00e0 donner une r\u00e9ponse qui ne correspond pas \u00e0 la question. Et ach\u00e8ve ses interlocuteurs en r\u00e9pondant par un lapidaire \u00ab oui \u00bb ou \u00ab non \u00bb \u00e0 une interrogation sur un sujet complexe.<\/p>\n<p>Ce style mais aussi la d\u00e9fense des r\u00e9formes Schr\u00f6der et sur le tard son appartenance \u00e0 l\u2019aile droite du SPD font d\u2019Olaf Scholz le mal aim\u00e9 du parti social-d\u00e9mocrate qui, lors des congr\u00e8s, le sanctionne r\u00e9guli\u00e8rement avec un score m\u00e9diocre lors de la r\u00e9\u00e9lection des instances dirigeantes.<\/p>\n<p>Cela explique aussi qu\u2019il ne soit pas retenu en 2005 lorsque le premier gouvernement de grande coalition dirig\u00e9 par Angela Merkel est constitu\u00e9. Mais c\u2019est plus tard aux c\u00f4t\u00e9s de la chanceli\u00e8re chr\u00e9tienne-d\u00e9mocrate qu\u2019Olaf Scholz obtient une carrure nationale qui lui permettra \u00e0 l\u2019arriv\u00e9e de d\u00e9crocher la chancellerie. Il est ministre des Affaires sociales entre 2007 et 2009. Merkel n\u2019appr\u00e9cie pas au d\u00e9part son c\u00f4t\u00e9 donneur de le\u00e7ons. Mais leur style les rapproche : sobri\u00e9t\u00e9, aucun effet de manche, une rh\u00e9torique d\u00e9pouill\u00e9e, pas d\u2019accents lyriques, le pragmatisme avant tout et une ma\u00eetrise des dossiers redoutable lors de n\u00e9gociations. Olaf Scholz met en place avec la chanceli\u00e8re des mesures massives en faveur du ch\u00f4mage partiel contre la crise qui d\u00e9bute en 2008 ce qui \u00e0 l\u2019arriv\u00e9e permet \u00e0 l\u2019Allemagne d\u2019\u00e9viter une augmentation sensible du ch\u00f4mage.<\/p>\n<p>Quand Olaf Scholz revient aux affaires \u00e0 Berlin en 2018 lors de la constitution d\u2019un nouveau gouvernement de grande coalition, il prend le portefeuille des Finances et s\u2019illustre dans un premier temps comme l\u2019h\u00e9ritier fid\u00e8le de son pr\u00e9d\u00e9cesseur, le grand argentier chr\u00e9tien-d\u00e9mocrate Wolfgang Sch\u00e4uble, adepte de la rigueur budg\u00e9taire. Un positionnement qui, \u00e0 nouveau, fait d\u2019Olaf Scholz la b\u00eate noire de l\u2019aile gauche du SPD qui a accept\u00e9 une nouvelle grande coalition en grin\u00e7ant des dents. Les succ\u00e8s du nouveau ministre comme maire de Hambourg entre 2011 et 2018 avec des scores \u00e0 faire r\u00eaver son parti, la construction massive de logements ou des cr\u00e8ches gratuites ne suffisent pas \u00e0 convaincre la base du SPD. Quand en 2019, Olaf Scholz participe \u00e0 la primaire pour la direction de son parti, il subit un \u00e9chec cinglant. Il se qualifie certes avec sa co-\u00e9quipi\u00e8re pour le deuxi\u00e8me tour, mais il est battu par un duo plus \u00e0 gauche soutenu par les jeunesses sociales-d\u00e9mocrates. Comme les violences massives lors du G20 \u00e0 Hambourg en 2017 qui ternissent l\u2019image de Scholz, il rebondit dans l\u2019adversit\u00e9, l\u00e0 o\u00f9 d\u2019autres passeraient la main.<\/p>\n<p>Quelques mois apr\u00e8s son \u00e9chec pour prendre la direction du SPD, le nouveau Olaf Scholz prend son envol. Avec la pand\u00e9mie, le ministre des Finances, chantre de la stabilit\u00e9 budg\u00e9taire, sort son bazooka et d\u00e9pense des milliards pour soutenir l\u2019\u00e9conomie allemande. Il contribue avec Paris au lancement et au succ\u00e8s du plan de relance europ\u00e9en au printemps 2020 ; l\u2019Allemagne brise un tabou et accepte des dettes communes de l\u2019UE. Il s\u2019engage en faveur d\u2019une taxe sur les transactions financi\u00e8res et engrange un succ\u00e8s au G20 cette ann\u00e9e avec un accord sur des taux d\u2019imposition minima pour les multinationales.<\/p>\n<p>Ces mesures mais aussi l\u2019absence d\u2019un autre candidat disposant de la m\u00eame comp\u00e9tence et envergure conduit le SPD \u00e0 le d\u00e9signer, tr\u00e8s t\u00f4t, durant l\u2019\u00e9t\u00e9 2020 comme candidat \u00e0 la chancellerie. Certains ironisent au vu des sondages dramatiques : les sociaux-d\u00e9mocrates ont-ils besoin d\u2019un candidat \u00e0 la chancellerie ? Les Verts voient avec le temps leurs scores s\u2019envoler. Un duel entre les conservateurs et les \u00e9cologistes appara\u00eet alors comme la seule option cr\u00e9dible. Le SPD, avant l\u2019\u00e9t\u00e9, ne d\u00e9colle pas et est cr\u00e9dit\u00e9 de 15% dans les sondages. Les caricaturistes tirent sur l\u2019ambulance ; d\u2019autres \u00e9prouvent presque de la piti\u00e9.<\/p>\n<p>Olaf Scholz y croit. Il a mis en place une strat\u00e9gie de longue haleine. S\u2019imposer \u00e0 son poste de ministre des Finances d\u2019o\u00f9 il dispose d\u2019une vue d\u2019ensemble de la machine gouvernementale. Il se forge aussi une carrure internationale en Europe et au-del\u00e0. Il est persuad\u00e9 que dans la derni\u00e8re ligne droite, lorsque les Allemands auront r\u00e9alis\u00e9 que la chanceli\u00e8re \u00e9ternelle passe la main, la donne changera. Les chr\u00e9tiens-d\u00e9mocrates vont perdre le bonus li\u00e9 \u00e0 la personne d\u2019Angela Merkel. Le candidat qu\u2019ils se sont choisi ne convainc pas. Olaf Scholz par son style et son mode de gouvernement est le parfait successeur de la chanceli\u00e8re. Il force le trait, se fait photographier en prenant la fameuse pose pris\u00e9e par Angela Merkel tenant ses mains en forme de losange. Une affiche du SPD proclame \u00e0 propos d\u2019Olaf Scholz \u00ab Il peut \u00eatre chanceli\u00e8re \u00bb.<\/p>\n<p>Le pari va fonctionner, au-del\u00e0 m\u00eame de ce qu\u2019esp\u00e9rait l\u2019int\u00e9ress\u00e9 puisque son parti termine le 26 septembre en t\u00eate. Les chr\u00e9tiens-d\u00e9mocrates engrangent une d\u00e9b\u00e2cle historique. Les Verts progressent certes par rapport \u00e0 2017, mais leur envol\u00e9e historique dans les sondages au printemps retombe comme un souffl\u00e9. Une coalition entre le SPD, les \u00e9cologistes et les lib\u00e9raux est possible et permet l\u2019\u00e9lection ce mercredi d\u2019Olaf Scholz.<\/p>\n<p>Si les parall\u00e8les avec Angela Merkel dans le style sont frappants, Olaf Scholz n\u2019est pas pour autant un clone de la chanceli\u00e8re version sociale-d\u00e9mocrate. Sa pr\u00e9d\u00e9cesseure \u00e9tait souvent plus une mod\u00e9ratrice ; Scholz qu\u2019on baptisait \u00e0 Hambourg \u00ab le roi Olaf \u00bb dirige ses \u00e9quipes d\u2019une main de fer et exige une discipline exemplaire. Les bisbilles au sein de la coalition doivent se r\u00e9gler dans les coulisses et non dans les m\u00e9dias. La frustration des journalistes allemands durant les n\u00e9gociations des derni\u00e8res semaines illustrait cette nouvelle fa\u00e7on de faire. Et si Olaf Scholz est un pragmatique comme Angela Merkel, il entend, plus que la chanceli\u00e8re sortante, agir et non seulement r\u00e9agir ; il veut avec sa nouvelle coalition pr\u00e9senter un projet de modernisation du pays pour l\u2019actuelle d\u00e9cennie plut\u00f4t qu\u2019une gestion professionnelle, mais sans r\u00e9forme majeure des crises in\u00e9vitables.<\/p>\n<p><strong>RFI<\/strong><\/p>\n","protected":false},"excerpt":{"rendered":"<p>L\u2019Allemagne tourne une page d\u2019histoire avec le d\u00e9part ce mercredi 8 d\u00e9cembre, apr\u00e8s seize ans, d\u2019Angela Merkel. Pour la troisi\u00e8me fois dans l\u2019histoire du pays depuis la fin de guerre, un social-d\u00e9mocrate, Olaf Scholz, devient chancelier \u00e0 la t\u00eate d\u2019une coalition associant le SPD, les \u00e9cologistes et les lib\u00e9raux.\u00a0 Lorsque Lars Haider part en vacances [&hellip;]<\/p>\n","protected":false},"author":12,"featured_media":32064,"comment_status":"closed","ping_status":"open","sticky":false,"template":"","format":"standard","meta":{"_exactmetrics_skip_tracking":false,"_exactmetrics_sitenote_active":false,"_exactmetrics_sitenote_note":"","_exactmetrics_sitenote_category":0,"tdm_status":"","tdm_grid_status":"","footnotes":""},"categories":[21],"tags":[],"class_list":{"0":"post-32063","1":"post","2":"type-post","3":"status-publish","4":"format-standard","5":"has-post-thumbnail","7":"category-international"},"yoast_head":"<!-- This site is optimized with the Yoast SEO plugin v24.2 - https:\/\/yoast.com\/wordpress\/plugins\/seo\/ -->\n<title>Allemagne: Olaf Scholz succ\u00e8de officiellement \u00e0 Angela Merkel | Guin\u00e9e Diversit\u00e9<\/title>\n<meta name=\"robots\" content=\"index, follow, max-snippet:-1, max-image-preview:large, max-video-preview:-1\" \/>\n<link rel=\"canonical\" href=\"https:\/\/guineediversite.com\/index.php\/2021\/12\/08\/allemagne-olaf-scholz-succede-officiellement-a-angela-merkel\/\" \/>\n<meta property=\"og:locale\" content=\"fr_FR\" \/>\n<meta property=\"og:type\" content=\"article\" \/>\n<meta property=\"og:title\" content=\"Allemagne: Olaf Scholz succ\u00e8de officiellement \u00e0 Angela Merkel | Guin\u00e9e Diversit\u00e9\" \/>\n<meta property=\"og:description\" content=\"L\u2019Allemagne tourne une page d\u2019histoire avec le d\u00e9part ce mercredi 8 d\u00e9cembre, apr\u00e8s seize ans, d\u2019Angela Merkel. Pour la troisi\u00e8me fois dans l\u2019histoire du pays depuis la fin de guerre, un social-d\u00e9mocrate, Olaf Scholz, devient chancelier \u00e0 la t\u00eate d\u2019une coalition associant le SPD, les \u00e9cologistes et les lib\u00e9raux.\u00a0 Lorsque Lars Haider part en vacances [&hellip;]\" \/>\n<meta property=\"og:url\" content=\"https:\/\/guineediversite.com\/index.php\/2021\/12\/08\/allemagne-olaf-scholz-succede-officiellement-a-angela-merkel\/\" \/>\n<meta property=\"og:site_name\" content=\"Guin\u00e9e Diversit\u00e9\" \/>\n<meta property=\"article:publisher\" content=\"https:\/\/www.facebook.com\/guineediversite\/\" \/>\n<meta property=\"article:published_time\" content=\"2021-12-08T13:50:14+00:00\" \/>\n<meta property=\"og:image\" content=\"https:\/\/guineediversite.com\/wp-content\/uploads\/2021\/12\/ALLEMAGNE.jpg\" \/>\n\t<meta property=\"og:image:width\" content=\"1300\" \/>\n\t<meta property=\"og:image:height\" content=\"974\" \/>\n\t<meta property=\"og:image:type\" content=\"image\/jpeg\" \/>\n<meta name=\"author\" content=\"Guin\u00e9e Diversit\u00e9\" \/>\n<meta name=\"twitter:card\" content=\"summary_large_image\" \/>\n<meta name=\"twitter:creator\" content=\"@GuineeDiversite\" \/>\n<meta name=\"twitter:site\" content=\"@GuineeDiversite\" \/>\n<meta name=\"twitter:label1\" content=\"\u00c9crit par\" \/>\n\t<meta name=\"twitter:data1\" content=\"Guin\u00e9e Diversit\u00e9\" \/>\n\t<meta name=\"twitter:label2\" content=\"Dur\u00e9e de lecture estim\u00e9e\" \/>\n\t<meta name=\"twitter:data2\" content=\"8 minutes\" \/>\n<script type=\"application\/ld+json\" class=\"yoast-schema-graph\">{\"@context\":\"https:\/\/schema.org\",\"@graph\":[{\"@type\":\"Article\",\"@id\":\"https:\/\/guineediversite.com\/index.php\/2021\/12\/08\/allemagne-olaf-scholz-succede-officiellement-a-angela-merkel\/#article\",\"isPartOf\":{\"@id\":\"https:\/\/guineediversite.com\/index.php\/2021\/12\/08\/allemagne-olaf-scholz-succede-officiellement-a-angela-merkel\/\"},\"author\":{\"name\":\"Guin\u00e9e Diversit\u00e9\",\"@id\":\"https:\/\/guineediversite.com\/#\/schema\/person\/afa08fb34e7fc6e1feafc892612bc836\"},\"headline\":\"Allemagne: Olaf Scholz succ\u00e8de officiellement \u00e0 Angela Merkel\",\"datePublished\":\"2021-12-08T13:50:14+00:00\",\"dateModified\":\"2021-12-08T13:50:14+00:00\",\"mainEntityOfPage\":{\"@id\":\"https:\/\/guineediversite.com\/index.php\/2021\/12\/08\/allemagne-olaf-scholz-succede-officiellement-a-angela-merkel\/\"},\"wordCount\":1688,\"publisher\":{\"@id\":\"https:\/\/guineediversite.com\/#organization\"},\"image\":{\"@id\":\"https:\/\/guineediversite.com\/index.php\/2021\/12\/08\/allemagne-olaf-scholz-succede-officiellement-a-angela-merkel\/#primaryimage\"},\"thumbnailUrl\":\"https:\/\/guineediversite.com\/wp-content\/uploads\/2021\/12\/ALLEMAGNE.jpg\",\"articleSection\":[\"International\"],\"inLanguage\":\"fr-FR\"},{\"@type\":\"WebPage\",\"@id\":\"https:\/\/guineediversite.com\/index.php\/2021\/12\/08\/allemagne-olaf-scholz-succede-officiellement-a-angela-merkel\/\",\"url\":\"https:\/\/guineediversite.com\/index.php\/2021\/12\/08\/allemagne-olaf-scholz-succede-officiellement-a-angela-merkel\/\",\"name\":\"Allemagne: Olaf Scholz succ\u00e8de officiellement \u00e0 Angela Merkel | Guin\u00e9e Diversit\u00e9\",\"isPartOf\":{\"@id\":\"https:\/\/guineediversite.com\/#website\"},\"primaryImageOfPage\":{\"@id\":\"https:\/\/guineediversite.com\/index.php\/2021\/12\/08\/allemagne-olaf-scholz-succede-officiellement-a-angela-merkel\/#primaryimage\"},\"image\":{\"@id\":\"https:\/\/guineediversite.com\/index.php\/2021\/12\/08\/allemagne-olaf-scholz-succede-officiellement-a-angela-merkel\/#primaryimage\"},\"thumbnailUrl\":\"https:\/\/guineediversite.com\/wp-content\/uploads\/2021\/12\/ALLEMAGNE.jpg\",\"datePublished\":\"2021-12-08T13:50:14+00:00\",\"dateModified\":\"2021-12-08T13:50:14+00:00\",\"breadcrumb\":{\"@id\":\"https:\/\/guineediversite.com\/index.php\/2021\/12\/08\/allemagne-olaf-scholz-succede-officiellement-a-angela-merkel\/#breadcrumb\"},\"inLanguage\":\"fr-FR\",\"potentialAction\":[{\"@type\":\"ReadAction\",\"target\":[\"https:\/\/guineediversite.com\/index.php\/2021\/12\/08\/allemagne-olaf-scholz-succede-officiellement-a-angela-merkel\/\"]}]},{\"@type\":\"ImageObject\",\"inLanguage\":\"fr-FR\",\"@id\":\"https:\/\/guineediversite.com\/index.php\/2021\/12\/08\/allemagne-olaf-scholz-succede-officiellement-a-angela-merkel\/#primaryimage\",\"url\":\"https:\/\/guineediversite.com\/wp-content\/uploads\/2021\/12\/ALLEMAGNE.jpg\",\"contentUrl\":\"https:\/\/guineediversite.com\/wp-content\/uploads\/2021\/12\/ALLEMAGNE.jpg\",\"width\":1300,\"height\":974},{\"@type\":\"BreadcrumbList\",\"@id\":\"https:\/\/guineediversite.com\/index.php\/2021\/12\/08\/allemagne-olaf-scholz-succede-officiellement-a-angela-merkel\/#breadcrumb\",\"itemListElement\":[{\"@type\":\"ListItem\",\"position\":1,\"name\":\"Accueil\",\"item\":\"https:\/\/guineediversite.com\/\"},{\"@type\":\"ListItem\",\"position\":2,\"name\":\"Allemagne: Olaf Scholz succ\u00e8de officiellement \u00e0 Angela Merkel\"}]},{\"@type\":\"WebSite\",\"@id\":\"https:\/\/guineediversite.com\/#website\",\"url\":\"https:\/\/guineediversite.com\/\",\"name\":\"Guin\u00e9e Diversit\u00e9\",\"description\":\"L&#039;Info dans toute sa diversit\u00e9\",\"publisher\":{\"@id\":\"https:\/\/guineediversite.com\/#organization\"},\"potentialAction\":[{\"@type\":\"SearchAction\",\"target\":{\"@type\":\"EntryPoint\",\"urlTemplate\":\"https:\/\/guineediversite.com\/?s={search_term_string}\"},\"query-input\":{\"@type\":\"PropertyValueSpecification\",\"valueRequired\":true,\"valueName\":\"search_term_string\"}}],\"inLanguage\":\"fr-FR\"},{\"@type\":\"Organization\",\"@id\":\"https:\/\/guineediversite.com\/#organization\",\"name\":\"Guin\u00e9e Diversit\u00e9\",\"url\":\"https:\/\/guineediversite.com\/\",\"logo\":{\"@type\":\"ImageObject\",\"inLanguage\":\"fr-FR\",\"@id\":\"https:\/\/guineediversite.com\/#\/schema\/logo\/image\/\",\"url\":\"https:\/\/guineediversite.com\/wp-content\/uploads\/2017\/04\/cropped-1jojlxEOMkX9Wyqfhe43D6kjPOGqBBKmx3EwWJqZ0cMrFF54yM49.png\",\"contentUrl\":\"https:\/\/guineediversite.com\/wp-content\/uploads\/2017\/04\/cropped-1jojlxEOMkX9Wyqfhe43D6kjPOGqBBKmx3EwWJqZ0cMrFF54yM49.png\",\"width\":186,\"height\":112,\"caption\":\"Guin\u00e9e Diversit\u00e9\"},\"image\":{\"@id\":\"https:\/\/guineediversite.com\/#\/schema\/logo\/image\/\"},\"sameAs\":[\"https:\/\/www.facebook.com\/guineediversite\/\",\"https:\/\/x.com\/GuineeDiversite\",\"https:\/\/www.youtube.com\/channel\/UC8sUY16qelG5ge6_D5SB83g\"]},{\"@type\":\"Person\",\"@id\":\"https:\/\/guineediversite.com\/#\/schema\/person\/afa08fb34e7fc6e1feafc892612bc836\",\"name\":\"Guin\u00e9e Diversit\u00e9\",\"image\":{\"@type\":\"ImageObject\",\"inLanguage\":\"fr-FR\",\"@id\":\"https:\/\/guineediversite.com\/#\/schema\/person\/image\/\",\"url\":\"https:\/\/secure.gravatar.com\/avatar\/50d5eb5b390f8b65ac30ac6f898eb83a?s=96&d=mm&r=g\",\"contentUrl\":\"https:\/\/secure.gravatar.com\/avatar\/50d5eb5b390f8b65ac30ac6f898eb83a?s=96&d=mm&r=g\",\"caption\":\"Guin\u00e9e Diversit\u00e9\"},\"url\":\"https:\/\/guineediversite.com\/index.php\/author\/guineediversite\/\"}]}<\/script>\n<!-- \/ Yoast SEO plugin. -->","yoast_head_json":{"title":"Allemagne: Olaf Scholz succ\u00e8de officiellement \u00e0 Angela Merkel | Guin\u00e9e Diversit\u00e9","robots":{"index":"index","follow":"follow","max-snippet":"max-snippet:-1","max-image-preview":"max-image-preview:large","max-video-preview":"max-video-preview:-1"},"canonical":"https:\/\/guineediversite.com\/index.php\/2021\/12\/08\/allemagne-olaf-scholz-succede-officiellement-a-angela-merkel\/","og_locale":"fr_FR","og_type":"article","og_title":"Allemagne: Olaf Scholz succ\u00e8de officiellement \u00e0 Angela Merkel | Guin\u00e9e Diversit\u00e9","og_description":"L\u2019Allemagne tourne une page d\u2019histoire avec le d\u00e9part ce mercredi 8 d\u00e9cembre, apr\u00e8s seize ans, d\u2019Angela Merkel. Pour la troisi\u00e8me fois dans l\u2019histoire du pays depuis la fin de guerre, un social-d\u00e9mocrate, Olaf Scholz, devient chancelier \u00e0 la t\u00eate d\u2019une coalition associant le SPD, les \u00e9cologistes et les lib\u00e9raux.\u00a0 Lorsque Lars Haider part en vacances [&hellip;]","og_url":"https:\/\/guineediversite.com\/index.php\/2021\/12\/08\/allemagne-olaf-scholz-succede-officiellement-a-angela-merkel\/","og_site_name":"Guin\u00e9e Diversit\u00e9","article_publisher":"https:\/\/www.facebook.com\/guineediversite\/","article_published_time":"2021-12-08T13:50:14+00:00","og_image":[{"width":1300,"height":974,"url":"https:\/\/guineediversite.com\/wp-content\/uploads\/2021\/12\/ALLEMAGNE.jpg","type":"image\/jpeg"}],"author":"Guin\u00e9e Diversit\u00e9","twitter_card":"summary_large_image","twitter_creator":"@GuineeDiversite","twitter_site":"@GuineeDiversite","twitter_misc":{"\u00c9crit par":"Guin\u00e9e Diversit\u00e9","Dur\u00e9e de lecture estim\u00e9e":"8 minutes"},"schema":{"@context":"https:\/\/schema.org","@graph":[{"@type":"Article","@id":"https:\/\/guineediversite.com\/index.php\/2021\/12\/08\/allemagne-olaf-scholz-succede-officiellement-a-angela-merkel\/#article","isPartOf":{"@id":"https:\/\/guineediversite.com\/index.php\/2021\/12\/08\/allemagne-olaf-scholz-succede-officiellement-a-angela-merkel\/"},"author":{"name":"Guin\u00e9e Diversit\u00e9","@id":"https:\/\/guineediversite.com\/#\/schema\/person\/afa08fb34e7fc6e1feafc892612bc836"},"headline":"Allemagne: Olaf Scholz succ\u00e8de officiellement \u00e0 Angela Merkel","datePublished":"2021-12-08T13:50:14+00:00","dateModified":"2021-12-08T13:50:14+00:00","mainEntityOfPage":{"@id":"https:\/\/guineediversite.com\/index.php\/2021\/12\/08\/allemagne-olaf-scholz-succede-officiellement-a-angela-merkel\/"},"wordCount":1688,"publisher":{"@id":"https:\/\/guineediversite.com\/#organization"},"image":{"@id":"https:\/\/guineediversite.com\/index.php\/2021\/12\/08\/allemagne-olaf-scholz-succede-officiellement-a-angela-merkel\/#primaryimage"},"thumbnailUrl":"https:\/\/guineediversite.com\/wp-content\/uploads\/2021\/12\/ALLEMAGNE.jpg","articleSection":["International"],"inLanguage":"fr-FR"},{"@type":"WebPage","@id":"https:\/\/guineediversite.com\/index.php\/2021\/12\/08\/allemagne-olaf-scholz-succede-officiellement-a-angela-merkel\/","url":"https:\/\/guineediversite.com\/index.php\/2021\/12\/08\/allemagne-olaf-scholz-succede-officiellement-a-angela-merkel\/","name":"Allemagne: Olaf Scholz succ\u00e8de officiellement \u00e0 Angela Merkel | Guin\u00e9e Diversit\u00e9","isPartOf":{"@id":"https:\/\/guineediversite.com\/#website"},"primaryImageOfPage":{"@id":"https:\/\/guineediversite.com\/index.php\/2021\/12\/08\/allemagne-olaf-scholz-succede-officiellement-a-angela-merkel\/#primaryimage"},"image":{"@id":"https:\/\/guineediversite.com\/index.php\/2021\/12\/08\/allemagne-olaf-scholz-succede-officiellement-a-angela-merkel\/#primaryimage"},"thumbnailUrl":"https:\/\/guineediversite.com\/wp-content\/uploads\/2021\/12\/ALLEMAGNE.jpg","datePublished":"2021-12-08T13:50:14+00:00","dateModified":"2021-12-08T13:50:14+00:00","breadcrumb":{"@id":"https:\/\/guineediversite.com\/index.php\/2021\/12\/08\/allemagne-olaf-scholz-succede-officiellement-a-angela-merkel\/#breadcrumb"},"inLanguage":"fr-FR","potentialAction":[{"@type":"ReadAction","target":["https:\/\/guineediversite.com\/index.php\/2021\/12\/08\/allemagne-olaf-scholz-succede-officiellement-a-angela-merkel\/"]}]},{"@type":"ImageObject","inLanguage":"fr-FR","@id":"https:\/\/guineediversite.com\/index.php\/2021\/12\/08\/allemagne-olaf-scholz-succede-officiellement-a-angela-merkel\/#primaryimage","url":"https:\/\/guineediversite.com\/wp-content\/uploads\/2021\/12\/ALLEMAGNE.jpg","contentUrl":"https:\/\/guineediversite.com\/wp-content\/uploads\/2021\/12\/ALLEMAGNE.jpg","width":1300,"height":974},{"@type":"BreadcrumbList","@id":"https:\/\/guineediversite.com\/index.php\/2021\/12\/08\/allemagne-olaf-scholz-succede-officiellement-a-angela-merkel\/#breadcrumb","itemListElement":[{"@type":"ListItem","position":1,"name":"Accueil","item":"https:\/\/guineediversite.com\/"},{"@type":"ListItem","position":2,"name":"Allemagne: Olaf Scholz succ\u00e8de officiellement \u00e0 Angela Merkel"}]},{"@type":"WebSite","@id":"https:\/\/guineediversite.com\/#website","url":"https:\/\/guineediversite.com\/","name":"Guin\u00e9e Diversit\u00e9","description":"L&#039;Info dans toute sa diversit\u00e9","publisher":{"@id":"https:\/\/guineediversite.com\/#organization"},"potentialAction":[{"@type":"SearchAction","target":{"@type":"EntryPoint","urlTemplate":"https:\/\/guineediversite.com\/?s={search_term_string}"},"query-input":{"@type":"PropertyValueSpecification","valueRequired":true,"valueName":"search_term_string"}}],"inLanguage":"fr-FR"},{"@type":"Organization","@id":"https:\/\/guineediversite.com\/#organization","name":"Guin\u00e9e Diversit\u00e9","url":"https:\/\/guineediversite.com\/","logo":{"@type":"ImageObject","inLanguage":"fr-FR","@id":"https:\/\/guineediversite.com\/#\/schema\/logo\/image\/","url":"https:\/\/guineediversite.com\/wp-content\/uploads\/2017\/04\/cropped-1jojlxEOMkX9Wyqfhe43D6kjPOGqBBKmx3EwWJqZ0cMrFF54yM49.png","contentUrl":"https:\/\/guineediversite.com\/wp-content\/uploads\/2017\/04\/cropped-1jojlxEOMkX9Wyqfhe43D6kjPOGqBBKmx3EwWJqZ0cMrFF54yM49.png","width":186,"height":112,"caption":"Guin\u00e9e Diversit\u00e9"},"image":{"@id":"https:\/\/guineediversite.com\/#\/schema\/logo\/image\/"},"sameAs":["https:\/\/www.facebook.com\/guineediversite\/","https:\/\/x.com\/GuineeDiversite","https:\/\/www.youtube.com\/channel\/UC8sUY16qelG5ge6_D5SB83g"]},{"@type":"Person","@id":"https:\/\/guineediversite.com\/#\/schema\/person\/afa08fb34e7fc6e1feafc892612bc836","name":"Guin\u00e9e Diversit\u00e9","image":{"@type":"ImageObject","inLanguage":"fr-FR","@id":"https:\/\/guineediversite.com\/#\/schema\/person\/image\/","url":"https:\/\/secure.gravatar.com\/avatar\/50d5eb5b390f8b65ac30ac6f898eb83a?s=96&d=mm&r=g","contentUrl":"https:\/\/secure.gravatar.com\/avatar\/50d5eb5b390f8b65ac30ac6f898eb83a?s=96&d=mm&r=g","caption":"Guin\u00e9e Diversit\u00e9"},"url":"https:\/\/guineediversite.com\/index.php\/author\/guineediversite\/"}]}},"_links":{"self":[{"href":"https:\/\/guineediversite.com\/index.php\/wp-json\/wp\/v2\/posts\/32063"}],"collection":[{"href":"https:\/\/guineediversite.com\/index.php\/wp-json\/wp\/v2\/posts"}],"about":[{"href":"https:\/\/guineediversite.com\/index.php\/wp-json\/wp\/v2\/types\/post"}],"author":[{"embeddable":true,"href":"https:\/\/guineediversite.com\/index.php\/wp-json\/wp\/v2\/users\/12"}],"replies":[{"embeddable":true,"href":"https:\/\/guineediversite.com\/index.php\/wp-json\/wp\/v2\/comments?post=32063"}],"version-history":[{"count":1,"href":"https:\/\/guineediversite.com\/index.php\/wp-json\/wp\/v2\/posts\/32063\/revisions"}],"predecessor-version":[{"id":32065,"href":"https:\/\/guineediversite.com\/index.php\/wp-json\/wp\/v2\/posts\/32063\/revisions\/32065"}],"wp:featuredmedia":[{"embeddable":true,"href":"https:\/\/guineediversite.com\/index.php\/wp-json\/wp\/v2\/media\/32064"}],"wp:attachment":[{"href":"https:\/\/guineediversite.com\/index.php\/wp-json\/wp\/v2\/media?parent=32063"}],"wp:term":[{"taxonomy":"category","embeddable":true,"href":"https:\/\/guineediversite.com\/index.php\/wp-json\/wp\/v2\/categories?post=32063"},{"taxonomy":"post_tag","embeddable":true,"href":"https:\/\/guineediversite.com\/index.php\/wp-json\/wp\/v2\/tags?post=32063"}],"curies":[{"name":"wp","href":"https:\/\/api.w.org\/{rel}","templated":true}]}}