{"id":32027,"date":"2021-12-01T06:32:05","date_gmt":"2021-12-01T05:32:05","guid":{"rendered":"https:\/\/guineediversite.com\/?p=32027"},"modified":"2021-12-01T15:44:22","modified_gmt":"2021-12-01T14:44:22","slug":"feguifoot-les-membres-du-conor-sont-connus","status":"publish","type":"post","link":"https:\/\/guineediversite.com\/index.php\/2021\/12\/01\/feguifoot-les-membres-du-conor-sont-connus\/","title":{"rendered":"Feguifoot : les membres du CONOR sont connus"},"content":{"rendered":"<p><strong>Quelques jours apr\u00e8s l\u2019installation d\u2019un comit\u00e9 de normalisation au sein de l\u2019institution guin\u00e9enne de football FEGUIFOOT, la FIFA fait bouger les lignes en d\u00e9voilant la liste des membres qui doivent si\u00e9ger dans ce comit\u00e9. <\/strong><\/p>\n<p>Les personnes nomm\u00e9es dans ce comit\u00e9 ont d\u00e9sormais la destin\u00e9e de l\u2019institution pour cette p\u00e9riode de transition jusqu\u2019\u00e0 l\u2019organisation de l\u2019\u00e9lection d\u2019un futur comit\u00e9 ex\u00e9cutif.<\/p>\n<p>Ce comit\u00e9 sera compos\u00e9 des noms qui suivent, Mariame Sy Diallo. Sega Diallo, journaliste et producteur des \u00e9missions Football Factory, est nomm\u00e9 vice-pr\u00e9sident. Pour le reste, il y a Sylla Mohamed Sidiki (membre) et Ousmane Diawara (membre).<\/p>\n<p>Ce comit\u00e9 a un mandat de sept mois, qui prendra fin le 30 juin 2022. La F\u00e9d\u00e9ration Internationale Football Association a donn\u00e9 des \u00e9claircissements sur les zones d\u2019ombre \u00ab <em>les membres du comit\u00e9 feront l\u2019objet d\u2019un contr\u00f4le d\u2019\u00e9ligibilit\u00e9 men\u00e9 par la commission de contr\u00f4le de la FIFA, conform\u00e9ment au r\u00e8glement de gouvernance de la FIFA. La confirmation \u00e0 leur poste sera sous r\u00e9serve des r\u00e9sultats dudit contr\u00f4le d\u2019\u00e9ligibilit\u00e9<\/em> \u00bb.<\/p>\n<p>Le comit\u00e9 de normalisation est nomm\u00e9 en Guin\u00e9e pour une p\u00e9riode de sept mois. Son mandat court jusqu\u2019au 30 juin 2022.<\/p>\n<p>&nbsp;<\/p>\n","protected":false},"excerpt":{"rendered":"<p>Quelques jours apr\u00e8s l\u2019installation d\u2019un comit\u00e9 de normalisation au sein de l\u2019institution guin\u00e9enne de football FEGUIFOOT, la FIFA fait bouger les lignes en d\u00e9voilant la liste des membres qui doivent si\u00e9ger dans ce comit\u00e9. Les personnes nomm\u00e9es dans ce comit\u00e9 ont d\u00e9sormais la destin\u00e9e de l\u2019institution pour cette p\u00e9riode de transition jusqu\u2019\u00e0 l\u2019organisation de l\u2019\u00e9lection [&hellip;]<\/p>\n","protected":false},"author":7,"featured_media":31725,"comment_status":"closed","ping_status":"open","sticky":false,"template":"","format":"standard","meta":{"_exactmetrics_skip_tracking":false,"_exactmetrics_sitenote_active":false,"_exactmetrics_sitenote_note":"","_exactmetrics_sitenote_category":0,"tdm_status":"","tdm_grid_status":"","footnotes":""},"categories":[18],"tags":[],"class_list":{"0":"post-32027","1":"post","2":"type-post","3":"status-publish","4":"format-standard","5":"has-post-thumbnail","7":"category-sport"},"yoast_head":"<!-- This site is optimized with the Yoast SEO plugin v24.2 - https:\/\/yoast.com\/wordpress\/plugins\/seo\/ -->\n<title>Feguifoot : les membres du CONOR sont connus | Guin\u00e9e Diversit\u00e9<\/title>\n<meta name=\"robots\" content=\"index, follow, max-snippet:-1, max-image-preview:large, max-video-preview:-1\" \/>\n<link rel=\"canonical\" href=\"https:\/\/guineediversite.com\/index.php\/2021\/12\/01\/feguifoot-les-membres-du-conor-sont-connus\/\" \/>\n<meta property=\"og:locale\" content=\"fr_FR\" \/>\n<meta property=\"og:type\" content=\"article\" \/>\n<meta property=\"og:title\" content=\"Feguifoot : les membres du CONOR sont connus | Guin\u00e9e Diversit\u00e9\" \/>\n<meta property=\"og:description\" content=\"Quelques jours apr\u00e8s l\u2019installation d\u2019un comit\u00e9 de normalisation au sein de l\u2019institution guin\u00e9enne de football FEGUIFOOT, la FIFA fait bouger les lignes en d\u00e9voilant la liste des membres qui doivent si\u00e9ger dans ce comit\u00e9. Les personnes nomm\u00e9es dans ce comit\u00e9 ont d\u00e9sormais la destin\u00e9e de l\u2019institution pour cette p\u00e9riode de transition jusqu\u2019\u00e0 l\u2019organisation de l\u2019\u00e9lection [&hellip;]\" \/>\n<meta property=\"og:url\" content=\"https:\/\/guineediversite.com\/index.php\/2021\/12\/01\/feguifoot-les-membres-du-conor-sont-connus\/\" \/>\n<meta property=\"og:site_name\" content=\"Guin\u00e9e Diversit\u00e9\" \/>\n<meta property=\"article:publisher\" content=\"https:\/\/www.facebook.com\/guineediversite\/\" \/>\n<meta property=\"article:published_time\" content=\"2021-12-01T05:32:05+00:00\" \/>\n<meta property=\"article:modified_time\" content=\"2021-12-01T14:44:22+00:00\" \/>\n<meta property=\"og:image\" content=\"https:\/\/guineediversite.com\/wp-content\/uploads\/2021\/10\/feg.png\" \/>\n\t<meta property=\"og:image:width\" content=\"900\" \/>\n\t<meta property=\"og:image:height\" content=\"602\" \/>\n\t<meta property=\"og:image:type\" content=\"image\/png\" \/>\n<meta name=\"author\" content=\"Bilguissa Diallo\" \/>\n<meta name=\"twitter:card\" content=\"summary_large_image\" \/>\n<meta name=\"twitter:creator\" content=\"@GuineeDiversite\" \/>\n<meta name=\"twitter:site\" content=\"@GuineeDiversite\" \/>\n<meta name=\"twitter:label1\" content=\"\u00c9crit par\" \/>\n\t<meta name=\"twitter:data1\" content=\"Bilguissa Diallo\" \/>\n\t<meta name=\"twitter:label2\" content=\"Dur\u00e9e de lecture estim\u00e9e\" \/>\n\t<meta name=\"twitter:data2\" content=\"1 minute\" \/>\n<script type=\"application\/ld+json\" class=\"yoast-schema-graph\">{\"@context\":\"https:\/\/schema.org\",\"@graph\":[{\"@type\":\"Article\",\"@id\":\"https:\/\/guineediversite.com\/index.php\/2021\/12\/01\/feguifoot-les-membres-du-conor-sont-connus\/#article\",\"isPartOf\":{\"@id\":\"https:\/\/guineediversite.com\/index.php\/2021\/12\/01\/feguifoot-les-membres-du-conor-sont-connus\/\"},\"author\":{\"name\":\"Bilguissa Diallo\",\"@id\":\"https:\/\/guineediversite.com\/#\/schema\/person\/0e0e3e424768a50d025ac2218ccca73f\"},\"headline\":\"Feguifoot : les membres du CONOR sont connus\",\"datePublished\":\"2021-12-01T05:32:05+00:00\",\"dateModified\":\"2021-12-01T14:44:22+00:00\",\"mainEntityOfPage\":{\"@id\":\"https:\/\/guineediversite.com\/index.php\/2021\/12\/01\/feguifoot-les-membres-du-conor-sont-connus\/\"},\"wordCount\":221,\"publisher\":{\"@id\":\"https:\/\/guineediversite.com\/#organization\"},\"image\":{\"@id\":\"https:\/\/guineediversite.com\/index.php\/2021\/12\/01\/feguifoot-les-membres-du-conor-sont-connus\/#primaryimage\"},\"thumbnailUrl\":\"https:\/\/guineediversite.com\/wp-content\/uploads\/2021\/10\/feg.png\",\"articleSection\":[\"Sport\"],\"inLanguage\":\"fr-FR\"},{\"@type\":\"WebPage\",\"@id\":\"https:\/\/guineediversite.com\/index.php\/2021\/12\/01\/feguifoot-les-membres-du-conor-sont-connus\/\",\"url\":\"https:\/\/guineediversite.com\/index.php\/2021\/12\/01\/feguifoot-les-membres-du-conor-sont-connus\/\",\"name\":\"Feguifoot : les membres du CONOR sont connus | Guin\u00e9e Diversit\u00e9\",\"isPartOf\":{\"@id\":\"https:\/\/guineediversite.com\/#website\"},\"primaryImageOfPage\":{\"@id\":\"https:\/\/guineediversite.com\/index.php\/2021\/12\/01\/feguifoot-les-membres-du-conor-sont-connus\/#primaryimage\"},\"image\":{\"@id\":\"https:\/\/guineediversite.com\/index.php\/2021\/12\/01\/feguifoot-les-membres-du-conor-sont-connus\/#primaryimage\"},\"thumbnailUrl\":\"https:\/\/guineediversite.com\/wp-content\/uploads\/2021\/10\/feg.png\",\"datePublished\":\"2021-12-01T05:32:05+00:00\",\"dateModified\":\"2021-12-01T14:44:22+00:00\",\"breadcrumb\":{\"@id\":\"https:\/\/guineediversite.com\/index.php\/2021\/12\/01\/feguifoot-les-membres-du-conor-sont-connus\/#breadcrumb\"},\"inLanguage\":\"fr-FR\",\"potentialAction\":[{\"@type\":\"ReadAction\",\"target\":[\"https:\/\/guineediversite.com\/index.php\/2021\/12\/01\/feguifoot-les-membres-du-conor-sont-connus\/\"]}]},{\"@type\":\"ImageObject\",\"inLanguage\":\"fr-FR\",\"@id\":\"https:\/\/guineediversite.com\/index.php\/2021\/12\/01\/feguifoot-les-membres-du-conor-sont-connus\/#primaryimage\",\"url\":\"https:\/\/guineediversite.com\/wp-content\/uploads\/2021\/10\/feg.png\",\"contentUrl\":\"https:\/\/guineediversite.com\/wp-content\/uploads\/2021\/10\/feg.png\",\"width\":900,\"height\":602},{\"@type\":\"BreadcrumbList\",\"@id\":\"https:\/\/guineediversite.com\/index.php\/2021\/12\/01\/feguifoot-les-membres-du-conor-sont-connus\/#breadcrumb\",\"itemListElement\":[{\"@type\":\"ListItem\",\"position\":1,\"name\":\"Accueil\",\"item\":\"https:\/\/guineediversite.com\/\"},{\"@type\":\"ListItem\",\"position\":2,\"name\":\"Feguifoot : les membres du CONOR sont connus\"}]},{\"@type\":\"WebSite\",\"@id\":\"https:\/\/guineediversite.com\/#website\",\"url\":\"https:\/\/guineediversite.com\/\",\"name\":\"Guin\u00e9e Diversit\u00e9\",\"description\":\"L&#039;Info dans toute sa diversit\u00e9\",\"publisher\":{\"@id\":\"https:\/\/guineediversite.com\/#organization\"},\"potentialAction\":[{\"@type\":\"SearchAction\",\"target\":{\"@type\":\"EntryPoint\",\"urlTemplate\":\"https:\/\/guineediversite.com\/?s={search_term_string}\"},\"query-input\":{\"@type\":\"PropertyValueSpecification\",\"valueRequired\":true,\"valueName\":\"search_term_string\"}}],\"inLanguage\":\"fr-FR\"},{\"@type\":\"Organization\",\"@id\":\"https:\/\/guineediversite.com\/#organization\",\"name\":\"Guin\u00e9e Diversit\u00e9\",\"url\":\"https:\/\/guineediversite.com\/\",\"logo\":{\"@type\":\"ImageObject\",\"inLanguage\":\"fr-FR\",\"@id\":\"https:\/\/guineediversite.com\/#\/schema\/logo\/image\/\",\"url\":\"https:\/\/guineediversite.com\/wp-content\/uploads\/2017\/04\/cropped-1jojlxEOMkX9Wyqfhe43D6kjPOGqBBKmx3EwWJqZ0cMrFF54yM49.png\",\"contentUrl\":\"https:\/\/guineediversite.com\/wp-content\/uploads\/2017\/04\/cropped-1jojlxEOMkX9Wyqfhe43D6kjPOGqBBKmx3EwWJqZ0cMrFF54yM49.png\",\"width\":186,\"height\":112,\"caption\":\"Guin\u00e9e Diversit\u00e9\"},\"image\":{\"@id\":\"https:\/\/guineediversite.com\/#\/schema\/logo\/image\/\"},\"sameAs\":[\"https:\/\/www.facebook.com\/guineediversite\/\",\"https:\/\/x.com\/GuineeDiversite\",\"https:\/\/www.youtube.com\/channel\/UC8sUY16qelG5ge6_D5SB83g\"]},{\"@type\":\"Person\",\"@id\":\"https:\/\/guineediversite.com\/#\/schema\/person\/0e0e3e424768a50d025ac2218ccca73f\",\"name\":\"Bilguissa Diallo\",\"image\":{\"@type\":\"ImageObject\",\"inLanguage\":\"fr-FR\",\"@id\":\"https:\/\/guineediversite.com\/#\/schema\/person\/image\/\",\"url\":\"https:\/\/secure.gravatar.com\/avatar\/49bbbd2420ee34d62b1b191791f4b5df?s=96&d=mm&r=g\",\"contentUrl\":\"https:\/\/secure.gravatar.com\/avatar\/49bbbd2420ee34d62b1b191791f4b5df?s=96&d=mm&r=g\",\"caption\":\"Bilguissa Diallo\"},\"url\":\"https:\/\/guineediversite.com\/index.php\/author\/bilguissa\/\"}]}<\/script>\n<!-- \/ Yoast SEO plugin. -->","yoast_head_json":{"title":"Feguifoot : les membres du CONOR sont connus | Guin\u00e9e Diversit\u00e9","robots":{"index":"index","follow":"follow","max-snippet":"max-snippet:-1","max-image-preview":"max-image-preview:large","max-video-preview":"max-video-preview:-1"},"canonical":"https:\/\/guineediversite.com\/index.php\/2021\/12\/01\/feguifoot-les-membres-du-conor-sont-connus\/","og_locale":"fr_FR","og_type":"article","og_title":"Feguifoot : les membres du CONOR sont connus | Guin\u00e9e Diversit\u00e9","og_description":"Quelques jours apr\u00e8s l\u2019installation d\u2019un comit\u00e9 de normalisation au sein de l\u2019institution guin\u00e9enne de football FEGUIFOOT, la FIFA fait bouger les lignes en d\u00e9voilant la liste des membres qui doivent si\u00e9ger dans ce comit\u00e9. Les personnes nomm\u00e9es dans ce comit\u00e9 ont d\u00e9sormais la destin\u00e9e de l\u2019institution pour cette p\u00e9riode de transition jusqu\u2019\u00e0 l\u2019organisation de l\u2019\u00e9lection [&hellip;]","og_url":"https:\/\/guineediversite.com\/index.php\/2021\/12\/01\/feguifoot-les-membres-du-conor-sont-connus\/","og_site_name":"Guin\u00e9e Diversit\u00e9","article_publisher":"https:\/\/www.facebook.com\/guineediversite\/","article_published_time":"2021-12-01T05:32:05+00:00","article_modified_time":"2021-12-01T14:44:22+00:00","og_image":[{"width":900,"height":602,"url":"https:\/\/guineediversite.com\/wp-content\/uploads\/2021\/10\/feg.png","type":"image\/png"}],"author":"Bilguissa Diallo","twitter_card":"summary_large_image","twitter_creator":"@GuineeDiversite","twitter_site":"@GuineeDiversite","twitter_misc":{"\u00c9crit par":"Bilguissa Diallo","Dur\u00e9e de lecture estim\u00e9e":"1 minute"},"schema":{"@context":"https:\/\/schema.org","@graph":[{"@type":"Article","@id":"https:\/\/guineediversite.com\/index.php\/2021\/12\/01\/feguifoot-les-membres-du-conor-sont-connus\/#article","isPartOf":{"@id":"https:\/\/guineediversite.com\/index.php\/2021\/12\/01\/feguifoot-les-membres-du-conor-sont-connus\/"},"author":{"name":"Bilguissa Diallo","@id":"https:\/\/guineediversite.com\/#\/schema\/person\/0e0e3e424768a50d025ac2218ccca73f"},"headline":"Feguifoot : les membres du CONOR sont connus","datePublished":"2021-12-01T05:32:05+00:00","dateModified":"2021-12-01T14:44:22+00:00","mainEntityOfPage":{"@id":"https:\/\/guineediversite.com\/index.php\/2021\/12\/01\/feguifoot-les-membres-du-conor-sont-connus\/"},"wordCount":221,"publisher":{"@id":"https:\/\/guineediversite.com\/#organization"},"image":{"@id":"https:\/\/guineediversite.com\/index.php\/2021\/12\/01\/feguifoot-les-membres-du-conor-sont-connus\/#primaryimage"},"thumbnailUrl":"https:\/\/guineediversite.com\/wp-content\/uploads\/2021\/10\/feg.png","articleSection":["Sport"],"inLanguage":"fr-FR"},{"@type":"WebPage","@id":"https:\/\/guineediversite.com\/index.php\/2021\/12\/01\/feguifoot-les-membres-du-conor-sont-connus\/","url":"https:\/\/guineediversite.com\/index.php\/2021\/12\/01\/feguifoot-les-membres-du-conor-sont-connus\/","name":"Feguifoot : les membres du CONOR sont connus | Guin\u00e9e Diversit\u00e9","isPartOf":{"@id":"https:\/\/guineediversite.com\/#website"},"primaryImageOfPage":{"@id":"https:\/\/guineediversite.com\/index.php\/2021\/12\/01\/feguifoot-les-membres-du-conor-sont-connus\/#primaryimage"},"image":{"@id":"https:\/\/guineediversite.com\/index.php\/2021\/12\/01\/feguifoot-les-membres-du-conor-sont-connus\/#primaryimage"},"thumbnailUrl":"https:\/\/guineediversite.com\/wp-content\/uploads\/2021\/10\/feg.png","datePublished":"2021-12-01T05:32:05+00:00","dateModified":"2021-12-01T14:44:22+00:00","breadcrumb":{"@id":"https:\/\/guineediversite.com\/index.php\/2021\/12\/01\/feguifoot-les-membres-du-conor-sont-connus\/#breadcrumb"},"inLanguage":"fr-FR","potentialAction":[{"@type":"ReadAction","target":["https:\/\/guineediversite.com\/index.php\/2021\/12\/01\/feguifoot-les-membres-du-conor-sont-connus\/"]}]},{"@type":"ImageObject","inLanguage":"fr-FR","@id":"https:\/\/guineediversite.com\/index.php\/2021\/12\/01\/feguifoot-les-membres-du-conor-sont-connus\/#primaryimage","url":"https:\/\/guineediversite.com\/wp-content\/uploads\/2021\/10\/feg.png","contentUrl":"https:\/\/guineediversite.com\/wp-content\/uploads\/2021\/10\/feg.png","width":900,"height":602},{"@type":"BreadcrumbList","@id":"https:\/\/guineediversite.com\/index.php\/2021\/12\/01\/feguifoot-les-membres-du-conor-sont-connus\/#breadcrumb","itemListElement":[{"@type":"ListItem","position":1,"name":"Accueil","item":"https:\/\/guineediversite.com\/"},{"@type":"ListItem","position":2,"name":"Feguifoot : les membres du CONOR sont connus"}]},{"@type":"WebSite","@id":"https:\/\/guineediversite.com\/#website","url":"https:\/\/guineediversite.com\/","name":"Guin\u00e9e Diversit\u00e9","description":"L&#039;Info dans toute sa diversit\u00e9","publisher":{"@id":"https:\/\/guineediversite.com\/#organization"},"potentialAction":[{"@type":"SearchAction","target":{"@type":"EntryPoint","urlTemplate":"https:\/\/guineediversite.com\/?s={search_term_string}"},"query-input":{"@type":"PropertyValueSpecification","valueRequired":true,"valueName":"search_term_string"}}],"inLanguage":"fr-FR"},{"@type":"Organization","@id":"https:\/\/guineediversite.com\/#organization","name":"Guin\u00e9e Diversit\u00e9","url":"https:\/\/guineediversite.com\/","logo":{"@type":"ImageObject","inLanguage":"fr-FR","@id":"https:\/\/guineediversite.com\/#\/schema\/logo\/image\/","url":"https:\/\/guineediversite.com\/wp-content\/uploads\/2017\/04\/cropped-1jojlxEOMkX9Wyqfhe43D6kjPOGqBBKmx3EwWJqZ0cMrFF54yM49.png","contentUrl":"https:\/\/guineediversite.com\/wp-content\/uploads\/2017\/04\/cropped-1jojlxEOMkX9Wyqfhe43D6kjPOGqBBKmx3EwWJqZ0cMrFF54yM49.png","width":186,"height":112,"caption":"Guin\u00e9e Diversit\u00e9"},"image":{"@id":"https:\/\/guineediversite.com\/#\/schema\/logo\/image\/"},"sameAs":["https:\/\/www.facebook.com\/guineediversite\/","https:\/\/x.com\/GuineeDiversite","https:\/\/www.youtube.com\/channel\/UC8sUY16qelG5ge6_D5SB83g"]},{"@type":"Person","@id":"https:\/\/guineediversite.com\/#\/schema\/person\/0e0e3e424768a50d025ac2218ccca73f","name":"Bilguissa Diallo","image":{"@type":"ImageObject","inLanguage":"fr-FR","@id":"https:\/\/guineediversite.com\/#\/schema\/person\/image\/","url":"https:\/\/secure.gravatar.com\/avatar\/49bbbd2420ee34d62b1b191791f4b5df?s=96&d=mm&r=g","contentUrl":"https:\/\/secure.gravatar.com\/avatar\/49bbbd2420ee34d62b1b191791f4b5df?s=96&d=mm&r=g","caption":"Bilguissa Diallo"},"url":"https:\/\/guineediversite.com\/index.php\/author\/bilguissa\/"}]}},"_links":{"self":[{"href":"https:\/\/guineediversite.com\/index.php\/wp-json\/wp\/v2\/posts\/32027"}],"collection":[{"href":"https:\/\/guineediversite.com\/index.php\/wp-json\/wp\/v2\/posts"}],"about":[{"href":"https:\/\/guineediversite.com\/index.php\/wp-json\/wp\/v2\/types\/post"}],"author":[{"embeddable":true,"href":"https:\/\/guineediversite.com\/index.php\/wp-json\/wp\/v2\/users\/7"}],"replies":[{"embeddable":true,"href":"https:\/\/guineediversite.com\/index.php\/wp-json\/wp\/v2\/comments?post=32027"}],"version-history":[{"count":1,"href":"https:\/\/guineediversite.com\/index.php\/wp-json\/wp\/v2\/posts\/32027\/revisions"}],"predecessor-version":[{"id":32028,"href":"https:\/\/guineediversite.com\/index.php\/wp-json\/wp\/v2\/posts\/32027\/revisions\/32028"}],"wp:featuredmedia":[{"embeddable":true,"href":"https:\/\/guineediversite.com\/index.php\/wp-json\/wp\/v2\/media\/31725"}],"wp:attachment":[{"href":"https:\/\/guineediversite.com\/index.php\/wp-json\/wp\/v2\/media?parent=32027"}],"wp:term":[{"taxonomy":"category","embeddable":true,"href":"https:\/\/guineediversite.com\/index.php\/wp-json\/wp\/v2\/categories?post=32027"},{"taxonomy":"post_tag","embeddable":true,"href":"https:\/\/guineediversite.com\/index.php\/wp-json\/wp\/v2\/tags?post=32027"}],"curies":[{"name":"wp","href":"https:\/\/api.w.org\/{rel}","templated":true}]}}