{"id":32022,"date":"2021-12-01T14:49:11","date_gmt":"2021-12-01T13:49:11","guid":{"rendered":"https:\/\/guineediversite.com\/?p=32022"},"modified":"2021-12-01T14:49:11","modified_gmt":"2021-12-01T13:49:11","slug":"sida-et-covid-19-deux-pandemies-en-collision","status":"publish","type":"post","link":"https:\/\/guineediversite.com\/index.php\/2021\/12\/01\/sida-et-covid-19-deux-pandemies-en-collision\/","title":{"rendered":"Sida et Covid-19, deux pand\u00e9mies en collision"},"content":{"rendered":"<p>Le rapport de l\u2019Onusida, paru \u00e0 l&rsquo;occasion de la journ\u00e9e mondiale de lutte contre la maladie,\u00a0pointe qu\u2019en 2020, la pand\u00e9mie de Covid-19 a pris le devant de la sc\u00e8ne, rel\u00e9guant le d\u00e9pistage du sida et les traitements au second plan. Les objectifs des Nations unies de \u00ab\u00a0<em>mettre fin au sida\u00a0en tant que probl\u00e8me pour la sant\u00e9 publique \u00e0 l\u2019horizon 2030<\/em>\u00a0\u00bb semblent difficiles \u00e0 tenir si les conditions ne changent pas.<\/p>\n<p>Dans tous les pays, la lutte contre le VIH a p\u00e2ti de la pand\u00e9mie de Covid-19 \u00e0 diff\u00e9rents degr\u00e9s et pour Winnie Byanyima, la directrice ex\u00e9cutive de l\u2019Onusida, l\u2019objectif de mettre fin au sida d\u2019ici 2030 ne sera pas tenable dans les circonstances actuelles.<\/p>\n<p>Sur toute la plan\u00e8te, l\u2019\u00e9pid\u00e9mie de Covid-19 a perturb\u00e9 \u00e0 la fois l\u2019acc\u00e8s au d\u00e9pistage et l\u2019acc\u00e8s aux soins. Dans l\u2019ensemble des pays sond\u00e9s, on a constat\u00e9 35% de d\u00e9pistages en moins entre 2019 et 2020, 21% de cas de VIH diagnostiqu\u00e9s en moins, et 1,5 million de personnes infect\u00e9es en plus.<\/p>\n<p>Depuis 40 ans, l\u2019\u00e9pid\u00e9mie de sida a tu\u00e9 plus de 36 millions de personnes dans le monde dont 680\u00a0000 en 2020. Si les conditions actuelles ne changent pas, l\u2019OMS annonce 7,7 millions de morts pour la d\u00e9cennie 2020-2030.<\/p>\n<p><strong>Moins de d\u00e9pistage, plus de contaminations<\/strong><\/p>\n<p>Pendant les confinements, les bo\u00eetes de nuit, les lieux de rassemblement ont \u00e9t\u00e9 ferm\u00e9s dans de nombreux pays.\u00a0Les gens ont aussi arr\u00eat\u00e9 de voyager, mais rester chez soi ne signifie pas stopper toute activit\u00e9 sexuelle, au contraire, et les comportements \u00e0 risque se sont multipli\u00e9s.<\/p>\n<p>En parall\u00e8le, la lutte contre le VIH s\u2019est trouv\u00e9e particuli\u00e8rement perturb\u00e9e lors des confinements du premier semestre 2020. D\u2019une part, les programmes de pr\u00e9vention \u00e0 destination des populations \u00e0 haut risque ont mis du temps pour s\u2019adapter &#8211; les services de r\u00e9ductions des risques pour les personnes usag\u00e8res de drogues ont \u00e9t\u00e9 interrompus dans pr\u00e8s des deux tiers des 130 pays sond\u00e9s.\u00a0D\u2019autre part, faute de d\u00e9pistage, le nombre de nouveaux traitements a diminu\u00e9 et des personnes qui b\u00e9n\u00e9ficiaient d\u00e9j\u00e0 des traitements antir\u00e9troviraux ont subi des difficult\u00e9s d\u2019approvisionnement en m\u00e9dicaments.<\/p>\n<p>Quant aux programmes de prophylaxie pr\u00e9exposition (PreP), qui prot\u00e8gent pr\u00e9ventivement de la contamination (prise de m\u00e9dicament &#8211; Truvada &#8211; en compl\u00e9ment du pr\u00e9servatif), ils se sont \u00e9tendus en 2020 sans pour autant atteindre les objectifs mondiaux.<\/p>\n<p><strong>Des in\u00e9galit\u00e9s croissantes, un facteur aggravant<\/strong><\/p>\n<p>En 2020, la pand\u00e9mie de Covid-19 a partout aggrav\u00e9 les in\u00e9galit\u00e9s sociales et \u00e9conomiques avec des cons\u00e9quences sur la lutte contre le sida.\u00a0\u00ab <em>Les dommages plus larges caus\u00e9s par la pand\u00e9mie &#8211;<\/em>\u00a0<em>ressentis le plus durement par les populations d\u00e9j\u00e0 d\u00e9favoris\u00e9es<\/em>\u00a0&#8211;<em>\u00a0menacent de saper les efforts mondiaux visant \u00e0 mettre fin \u00e0 la pand\u00e9mie de sida d\u2019ici 2030<\/em>\u00a0\u00bb, peut-on lire dans le rapport de l\u2019Onusida.<\/p>\n<p>Selon le rapport du Forum \u00e9conomique mondial 2021, le Covid-19 a fait reculer l\u2019\u00e9galit\u00e9 de genre d\u2019au moins une g\u00e9n\u00e9ration. Des dizaines d\u2019\u00e9tudes ont document\u00e9 une augmentation de la violence \u00e0 l\u2019\u00e9gard des femmes et des filles pendant la pand\u00e9mie et \u00ab\u00a0<em>cette augmentation de la violence est associ\u00e9e \u00e0 un risque accru d\u2019infection par le VIH et \u00e0 de moins bons r\u00e9sultats pour la sant\u00e9 des femmes vivant avec le VIH<\/em>\u00a0\u00bb.<\/p>\n<p>En Afrique subsaharienne, pour l\u2019ann\u00e9e 2020, 63% des nouvelles contaminations concernaient des femmes. Dans cette r\u00e9gion, 220\u00a0000 filles et gar\u00e7ons entre 15 et 24 ans ont \u00e9t\u00e9 d\u00e9tect\u00e9s positifs au VIH, et six nouvelles infections sur sept chez les adolescents \u00e2g\u00e9s de 15 \u00e0 19 ans, concernent des filles. En cause, la fermeture des \u00e9coles, et l\u2019accroissement des abus.<\/p>\n<p><strong>Plus de discrimination donc\u00a0plus de contaminations<\/strong><\/p>\n<p>Les populations cl\u00e9s, les plus vuln\u00e9rables au sida, que sont les usagers de drogues injectables, les travailleurs et travailleuses du sexe, les transgenres, les d\u00e9tenus, les homosexuels et\u00a0les hommes qui ont des rapports sexuels avec d&rsquo;autres hommes se sont retrouv\u00e9es une fois de plus marginalis\u00e9es pendant la pand\u00e9mie de Covid-19 en 2020, avec un risque accru de contracter le VIH.<\/p>\n<p>Serge Douaumong, responsable de plaidoyer pour le groupe d\u2019ONG Coalition Plus, cite le Cameroun o\u00f9 la loi punit l\u2019homosexualit\u00e9.\u00a0La pr\u00e9valence du sida y est de 3% sur l\u2019ensemble de la population, mais de 37,2% chez les hommes qui ont des rapports sexuels avec des hommes. \u00ab <em>Plus il y a d\u2019hostilit\u00e9, plus il y a des lois qui p\u00e9nalisent les pratiques des homosexuels, des travailleurs et travailleuses du sexe<\/em> [&#8230;]<em>, plus le VIH prolif\u00e8re. Si on veut lutter contre le VIH, il faut absolument mettre en place des dispositifs pour combattre et limiter les abus envers ces populations, pour qu\u2019elles puissent aller vers les services<\/em> [de sant\u00e9]<em>\u00a0sans crainte d\u2019\u00eatre arr\u00eat\u00e9es ou jug\u00e9es, car il y a encore des pays o\u00f9 avoir sur soi des pr\u00e9servatifs constitue une preuve de l\u2019homosexualit\u00e9.<\/em>\u00a0\u00bb<\/p>\n<p>C&rsquo;est un combat pour la vie, contre les pr\u00e9jug\u00e9s, contre les stigmatisations&#8230;<\/p>\n<p>Paris inaugure une place pour rendre hommage aux morts et aux malades du VIH-sida<\/p>\n<p>Marine de La Moissonni\u00e8re<\/p>\n<p>Reprendre en main l\u2019\u00e9pid\u00e9mie de sida<\/p>\n<p>\u00ab\u00a0<em>Faire confiance aux communaut\u00e9s affect\u00e9es s\u2019est toujours av\u00e9r\u00e9 \u00eatre une strat\u00e9gie gagnante<\/em>\u00a0\u00bb, peut-on lire dans le rapport de l\u2019Onusida.\u00a0Des d\u00e9cennies d\u2019exp\u00e9rience et de preuves dans la lutte contre le VIH montrent que cela fonctionne bien quand ce sont les communaut\u00e9s elles-m\u00eames qui s\u2019organisent pour lutter contre la d\u00e9sinformation, pour trouver les gens \u00e0 risque ou encore distribuer les m\u00e9dicaments.<\/p>\n<p>Pour atteindre les objectifs de 2030, l\u2019Onudisa demande aux \u00c9tats de\u00a0financer et soutenir des ripostes efficaces au VIH, et de les int\u00e9grer dans les syst\u00e8mes de sant\u00e9, de protection sociale, humanitaires et de ripostes aux pand\u00e9mies. Pour le professeur Paul Farmer, cofondateur de l\u2019ONG Partners in Health, la strat\u00e9gie du Plan national rwandais (Rwanda HIV\/AIDS targets),\u00a0lanc\u00e9\u00a0en 2015, est une r\u00e9ussite en la mati\u00e8re.<\/p>\n<p>L\u2019Onusida\u00a0rappelle que pour lutter efficacement contre le sida et les autres \u00e9pid\u00e9mies, cinq \u00e9l\u00e9ments sont essentiels et requi\u00e8rent une plus grande attention de la part des dirigeants mondiaux : \u00ab<em>\u00a0(1) Des infrastructures dirig\u00e9es par les communaut\u00e9s et bas\u00e9es sur les communaut\u00e9s ; (2) un acc\u00e8s \u00e9quitable aux m\u00e9dicaments, aux vaccins et aux technologies de la sant\u00e9 ; (3) un soutien aux travailleurs en premi\u00e8res lignes de front sur la pand\u00e9mie ; (4) les droits de l\u2019homme au centre des r\u00e9ponses \u00e0 la pand\u00e9mie ; et (5) des syst\u00e8mes de donn\u00e9es centr\u00e9s sur les personnes qui mettent en \u00e9vidence les in\u00e9galit\u00e9s<\/em>\u00a0\u00bb.<\/p>\n<p><strong>RFI<\/strong><\/p>\n","protected":false},"excerpt":{"rendered":"<p>Le rapport de l\u2019Onusida, paru \u00e0 l&rsquo;occasion de la journ\u00e9e mondiale de lutte contre la maladie,\u00a0pointe qu\u2019en 2020, la pand\u00e9mie de Covid-19 a pris le devant de la sc\u00e8ne, rel\u00e9guant le d\u00e9pistage du sida et les traitements au second plan. Les objectifs des Nations unies de \u00ab\u00a0mettre fin au sida\u00a0en tant que probl\u00e8me pour la [&hellip;]<\/p>\n","protected":false},"author":7,"featured_media":32023,"comment_status":"closed","ping_status":"open","sticky":false,"template":"","format":"standard","meta":{"_exactmetrics_skip_tracking":false,"_exactmetrics_sitenote_active":false,"_exactmetrics_sitenote_note":"","_exactmetrics_sitenote_category":0,"tdm_status":"","tdm_grid_status":"","footnotes":""},"categories":[21],"tags":[],"class_list":{"0":"post-32022","1":"post","2":"type-post","3":"status-publish","4":"format-standard","5":"has-post-thumbnail","7":"category-international"},"yoast_head":"<!-- This site is optimized with the Yoast SEO plugin v24.2 - https:\/\/yoast.com\/wordpress\/plugins\/seo\/ -->\n<title>Sida et Covid-19, deux pand\u00e9mies en collision | Guin\u00e9e Diversit\u00e9<\/title>\n<meta name=\"robots\" content=\"index, follow, max-snippet:-1, max-image-preview:large, max-video-preview:-1\" \/>\n<link rel=\"canonical\" href=\"https:\/\/guineediversite.com\/index.php\/2021\/12\/01\/sida-et-covid-19-deux-pandemies-en-collision\/\" \/>\n<meta property=\"og:locale\" content=\"fr_FR\" \/>\n<meta property=\"og:type\" content=\"article\" \/>\n<meta property=\"og:title\" content=\"Sida et Covid-19, deux pand\u00e9mies en collision | Guin\u00e9e Diversit\u00e9\" \/>\n<meta property=\"og:description\" content=\"Le rapport de l\u2019Onusida, paru \u00e0 l&rsquo;occasion de la journ\u00e9e mondiale de lutte contre la maladie,\u00a0pointe qu\u2019en 2020, la pand\u00e9mie de Covid-19 a pris le devant de la sc\u00e8ne, rel\u00e9guant le d\u00e9pistage du sida et les traitements au second plan. Les objectifs des Nations unies de \u00ab\u00a0mettre fin au sida\u00a0en tant que probl\u00e8me pour la [&hellip;]\" \/>\n<meta property=\"og:url\" content=\"https:\/\/guineediversite.com\/index.php\/2021\/12\/01\/sida-et-covid-19-deux-pandemies-en-collision\/\" \/>\n<meta property=\"og:site_name\" content=\"Guin\u00e9e Diversit\u00e9\" \/>\n<meta property=\"article:publisher\" content=\"https:\/\/www.facebook.com\/guineediversite\/\" \/>\n<meta property=\"article:published_time\" content=\"2021-12-01T13:49:11+00:00\" \/>\n<meta property=\"og:image\" content=\"https:\/\/guineediversite.com\/wp-content\/uploads\/2021\/12\/SIDA.jpg\" \/>\n\t<meta property=\"og:image:width\" content=\"1300\" \/>\n\t<meta property=\"og:image:height\" content=\"728\" \/>\n\t<meta property=\"og:image:type\" content=\"image\/jpeg\" \/>\n<meta name=\"author\" content=\"Bilguissa Diallo\" \/>\n<meta name=\"twitter:card\" content=\"summary_large_image\" \/>\n<meta name=\"twitter:creator\" content=\"@GuineeDiversite\" \/>\n<meta name=\"twitter:site\" content=\"@GuineeDiversite\" \/>\n<meta name=\"twitter:label1\" content=\"\u00c9crit par\" \/>\n\t<meta name=\"twitter:data1\" content=\"Bilguissa Diallo\" \/>\n\t<meta name=\"twitter:label2\" content=\"Dur\u00e9e de lecture estim\u00e9e\" \/>\n\t<meta name=\"twitter:data2\" content=\"6 minutes\" \/>\n<script type=\"application\/ld+json\" class=\"yoast-schema-graph\">{\"@context\":\"https:\/\/schema.org\",\"@graph\":[{\"@type\":\"Article\",\"@id\":\"https:\/\/guineediversite.com\/index.php\/2021\/12\/01\/sida-et-covid-19-deux-pandemies-en-collision\/#article\",\"isPartOf\":{\"@id\":\"https:\/\/guineediversite.com\/index.php\/2021\/12\/01\/sida-et-covid-19-deux-pandemies-en-collision\/\"},\"author\":{\"name\":\"Bilguissa Diallo\",\"@id\":\"https:\/\/guineediversite.com\/#\/schema\/person\/0e0e3e424768a50d025ac2218ccca73f\"},\"headline\":\"Sida et Covid-19, deux pand\u00e9mies en collision\",\"datePublished\":\"2021-12-01T13:49:11+00:00\",\"dateModified\":\"2021-12-01T13:49:11+00:00\",\"mainEntityOfPage\":{\"@id\":\"https:\/\/guineediversite.com\/index.php\/2021\/12\/01\/sida-et-covid-19-deux-pandemies-en-collision\/\"},\"wordCount\":1168,\"publisher\":{\"@id\":\"https:\/\/guineediversite.com\/#organization\"},\"image\":{\"@id\":\"https:\/\/guineediversite.com\/index.php\/2021\/12\/01\/sida-et-covid-19-deux-pandemies-en-collision\/#primaryimage\"},\"thumbnailUrl\":\"https:\/\/guineediversite.com\/wp-content\/uploads\/2021\/12\/SIDA.jpg\",\"articleSection\":[\"International\"],\"inLanguage\":\"fr-FR\"},{\"@type\":\"WebPage\",\"@id\":\"https:\/\/guineediversite.com\/index.php\/2021\/12\/01\/sida-et-covid-19-deux-pandemies-en-collision\/\",\"url\":\"https:\/\/guineediversite.com\/index.php\/2021\/12\/01\/sida-et-covid-19-deux-pandemies-en-collision\/\",\"name\":\"Sida et Covid-19, deux pand\u00e9mies en collision | Guin\u00e9e Diversit\u00e9\",\"isPartOf\":{\"@id\":\"https:\/\/guineediversite.com\/#website\"},\"primaryImageOfPage\":{\"@id\":\"https:\/\/guineediversite.com\/index.php\/2021\/12\/01\/sida-et-covid-19-deux-pandemies-en-collision\/#primaryimage\"},\"image\":{\"@id\":\"https:\/\/guineediversite.com\/index.php\/2021\/12\/01\/sida-et-covid-19-deux-pandemies-en-collision\/#primaryimage\"},\"thumbnailUrl\":\"https:\/\/guineediversite.com\/wp-content\/uploads\/2021\/12\/SIDA.jpg\",\"datePublished\":\"2021-12-01T13:49:11+00:00\",\"dateModified\":\"2021-12-01T13:49:11+00:00\",\"breadcrumb\":{\"@id\":\"https:\/\/guineediversite.com\/index.php\/2021\/12\/01\/sida-et-covid-19-deux-pandemies-en-collision\/#breadcrumb\"},\"inLanguage\":\"fr-FR\",\"potentialAction\":[{\"@type\":\"ReadAction\",\"target\":[\"https:\/\/guineediversite.com\/index.php\/2021\/12\/01\/sida-et-covid-19-deux-pandemies-en-collision\/\"]}]},{\"@type\":\"ImageObject\",\"inLanguage\":\"fr-FR\",\"@id\":\"https:\/\/guineediversite.com\/index.php\/2021\/12\/01\/sida-et-covid-19-deux-pandemies-en-collision\/#primaryimage\",\"url\":\"https:\/\/guineediversite.com\/wp-content\/uploads\/2021\/12\/SIDA.jpg\",\"contentUrl\":\"https:\/\/guineediversite.com\/wp-content\/uploads\/2021\/12\/SIDA.jpg\",\"width\":1300,\"height\":728},{\"@type\":\"BreadcrumbList\",\"@id\":\"https:\/\/guineediversite.com\/index.php\/2021\/12\/01\/sida-et-covid-19-deux-pandemies-en-collision\/#breadcrumb\",\"itemListElement\":[{\"@type\":\"ListItem\",\"position\":1,\"name\":\"Accueil\",\"item\":\"https:\/\/guineediversite.com\/\"},{\"@type\":\"ListItem\",\"position\":2,\"name\":\"Sida et Covid-19, deux pand\u00e9mies en collision\"}]},{\"@type\":\"WebSite\",\"@id\":\"https:\/\/guineediversite.com\/#website\",\"url\":\"https:\/\/guineediversite.com\/\",\"name\":\"Guin\u00e9e Diversit\u00e9\",\"description\":\"L&#039;Info dans toute sa diversit\u00e9\",\"publisher\":{\"@id\":\"https:\/\/guineediversite.com\/#organization\"},\"potentialAction\":[{\"@type\":\"SearchAction\",\"target\":{\"@type\":\"EntryPoint\",\"urlTemplate\":\"https:\/\/guineediversite.com\/?s={search_term_string}\"},\"query-input\":{\"@type\":\"PropertyValueSpecification\",\"valueRequired\":true,\"valueName\":\"search_term_string\"}}],\"inLanguage\":\"fr-FR\"},{\"@type\":\"Organization\",\"@id\":\"https:\/\/guineediversite.com\/#organization\",\"name\":\"Guin\u00e9e Diversit\u00e9\",\"url\":\"https:\/\/guineediversite.com\/\",\"logo\":{\"@type\":\"ImageObject\",\"inLanguage\":\"fr-FR\",\"@id\":\"https:\/\/guineediversite.com\/#\/schema\/logo\/image\/\",\"url\":\"https:\/\/guineediversite.com\/wp-content\/uploads\/2017\/04\/cropped-1jojlxEOMkX9Wyqfhe43D6kjPOGqBBKmx3EwWJqZ0cMrFF54yM49.png\",\"contentUrl\":\"https:\/\/guineediversite.com\/wp-content\/uploads\/2017\/04\/cropped-1jojlxEOMkX9Wyqfhe43D6kjPOGqBBKmx3EwWJqZ0cMrFF54yM49.png\",\"width\":186,\"height\":112,\"caption\":\"Guin\u00e9e Diversit\u00e9\"},\"image\":{\"@id\":\"https:\/\/guineediversite.com\/#\/schema\/logo\/image\/\"},\"sameAs\":[\"https:\/\/www.facebook.com\/guineediversite\/\",\"https:\/\/x.com\/GuineeDiversite\",\"https:\/\/www.youtube.com\/channel\/UC8sUY16qelG5ge6_D5SB83g\"]},{\"@type\":\"Person\",\"@id\":\"https:\/\/guineediversite.com\/#\/schema\/person\/0e0e3e424768a50d025ac2218ccca73f\",\"name\":\"Bilguissa Diallo\",\"image\":{\"@type\":\"ImageObject\",\"inLanguage\":\"fr-FR\",\"@id\":\"https:\/\/guineediversite.com\/#\/schema\/person\/image\/\",\"url\":\"https:\/\/secure.gravatar.com\/avatar\/49bbbd2420ee34d62b1b191791f4b5df?s=96&d=mm&r=g\",\"contentUrl\":\"https:\/\/secure.gravatar.com\/avatar\/49bbbd2420ee34d62b1b191791f4b5df?s=96&d=mm&r=g\",\"caption\":\"Bilguissa Diallo\"},\"url\":\"https:\/\/guineediversite.com\/index.php\/author\/bilguissa\/\"}]}<\/script>\n<!-- \/ Yoast SEO plugin. -->","yoast_head_json":{"title":"Sida et Covid-19, deux pand\u00e9mies en collision | Guin\u00e9e Diversit\u00e9","robots":{"index":"index","follow":"follow","max-snippet":"max-snippet:-1","max-image-preview":"max-image-preview:large","max-video-preview":"max-video-preview:-1"},"canonical":"https:\/\/guineediversite.com\/index.php\/2021\/12\/01\/sida-et-covid-19-deux-pandemies-en-collision\/","og_locale":"fr_FR","og_type":"article","og_title":"Sida et Covid-19, deux pand\u00e9mies en collision | Guin\u00e9e Diversit\u00e9","og_description":"Le rapport de l\u2019Onusida, paru \u00e0 l&rsquo;occasion de la journ\u00e9e mondiale de lutte contre la maladie,\u00a0pointe qu\u2019en 2020, la pand\u00e9mie de Covid-19 a pris le devant de la sc\u00e8ne, rel\u00e9guant le d\u00e9pistage du sida et les traitements au second plan. Les objectifs des Nations unies de \u00ab\u00a0mettre fin au sida\u00a0en tant que probl\u00e8me pour la [&hellip;]","og_url":"https:\/\/guineediversite.com\/index.php\/2021\/12\/01\/sida-et-covid-19-deux-pandemies-en-collision\/","og_site_name":"Guin\u00e9e Diversit\u00e9","article_publisher":"https:\/\/www.facebook.com\/guineediversite\/","article_published_time":"2021-12-01T13:49:11+00:00","og_image":[{"width":1300,"height":728,"url":"https:\/\/guineediversite.com\/wp-content\/uploads\/2021\/12\/SIDA.jpg","type":"image\/jpeg"}],"author":"Bilguissa Diallo","twitter_card":"summary_large_image","twitter_creator":"@GuineeDiversite","twitter_site":"@GuineeDiversite","twitter_misc":{"\u00c9crit par":"Bilguissa Diallo","Dur\u00e9e de lecture estim\u00e9e":"6 minutes"},"schema":{"@context":"https:\/\/schema.org","@graph":[{"@type":"Article","@id":"https:\/\/guineediversite.com\/index.php\/2021\/12\/01\/sida-et-covid-19-deux-pandemies-en-collision\/#article","isPartOf":{"@id":"https:\/\/guineediversite.com\/index.php\/2021\/12\/01\/sida-et-covid-19-deux-pandemies-en-collision\/"},"author":{"name":"Bilguissa Diallo","@id":"https:\/\/guineediversite.com\/#\/schema\/person\/0e0e3e424768a50d025ac2218ccca73f"},"headline":"Sida et Covid-19, deux pand\u00e9mies en collision","datePublished":"2021-12-01T13:49:11+00:00","dateModified":"2021-12-01T13:49:11+00:00","mainEntityOfPage":{"@id":"https:\/\/guineediversite.com\/index.php\/2021\/12\/01\/sida-et-covid-19-deux-pandemies-en-collision\/"},"wordCount":1168,"publisher":{"@id":"https:\/\/guineediversite.com\/#organization"},"image":{"@id":"https:\/\/guineediversite.com\/index.php\/2021\/12\/01\/sida-et-covid-19-deux-pandemies-en-collision\/#primaryimage"},"thumbnailUrl":"https:\/\/guineediversite.com\/wp-content\/uploads\/2021\/12\/SIDA.jpg","articleSection":["International"],"inLanguage":"fr-FR"},{"@type":"WebPage","@id":"https:\/\/guineediversite.com\/index.php\/2021\/12\/01\/sida-et-covid-19-deux-pandemies-en-collision\/","url":"https:\/\/guineediversite.com\/index.php\/2021\/12\/01\/sida-et-covid-19-deux-pandemies-en-collision\/","name":"Sida et Covid-19, deux pand\u00e9mies en collision | Guin\u00e9e Diversit\u00e9","isPartOf":{"@id":"https:\/\/guineediversite.com\/#website"},"primaryImageOfPage":{"@id":"https:\/\/guineediversite.com\/index.php\/2021\/12\/01\/sida-et-covid-19-deux-pandemies-en-collision\/#primaryimage"},"image":{"@id":"https:\/\/guineediversite.com\/index.php\/2021\/12\/01\/sida-et-covid-19-deux-pandemies-en-collision\/#primaryimage"},"thumbnailUrl":"https:\/\/guineediversite.com\/wp-content\/uploads\/2021\/12\/SIDA.jpg","datePublished":"2021-12-01T13:49:11+00:00","dateModified":"2021-12-01T13:49:11+00:00","breadcrumb":{"@id":"https:\/\/guineediversite.com\/index.php\/2021\/12\/01\/sida-et-covid-19-deux-pandemies-en-collision\/#breadcrumb"},"inLanguage":"fr-FR","potentialAction":[{"@type":"ReadAction","target":["https:\/\/guineediversite.com\/index.php\/2021\/12\/01\/sida-et-covid-19-deux-pandemies-en-collision\/"]}]},{"@type":"ImageObject","inLanguage":"fr-FR","@id":"https:\/\/guineediversite.com\/index.php\/2021\/12\/01\/sida-et-covid-19-deux-pandemies-en-collision\/#primaryimage","url":"https:\/\/guineediversite.com\/wp-content\/uploads\/2021\/12\/SIDA.jpg","contentUrl":"https:\/\/guineediversite.com\/wp-content\/uploads\/2021\/12\/SIDA.jpg","width":1300,"height":728},{"@type":"BreadcrumbList","@id":"https:\/\/guineediversite.com\/index.php\/2021\/12\/01\/sida-et-covid-19-deux-pandemies-en-collision\/#breadcrumb","itemListElement":[{"@type":"ListItem","position":1,"name":"Accueil","item":"https:\/\/guineediversite.com\/"},{"@type":"ListItem","position":2,"name":"Sida et Covid-19, deux pand\u00e9mies en collision"}]},{"@type":"WebSite","@id":"https:\/\/guineediversite.com\/#website","url":"https:\/\/guineediversite.com\/","name":"Guin\u00e9e Diversit\u00e9","description":"L&#039;Info dans toute sa diversit\u00e9","publisher":{"@id":"https:\/\/guineediversite.com\/#organization"},"potentialAction":[{"@type":"SearchAction","target":{"@type":"EntryPoint","urlTemplate":"https:\/\/guineediversite.com\/?s={search_term_string}"},"query-input":{"@type":"PropertyValueSpecification","valueRequired":true,"valueName":"search_term_string"}}],"inLanguage":"fr-FR"},{"@type":"Organization","@id":"https:\/\/guineediversite.com\/#organization","name":"Guin\u00e9e Diversit\u00e9","url":"https:\/\/guineediversite.com\/","logo":{"@type":"ImageObject","inLanguage":"fr-FR","@id":"https:\/\/guineediversite.com\/#\/schema\/logo\/image\/","url":"https:\/\/guineediversite.com\/wp-content\/uploads\/2017\/04\/cropped-1jojlxEOMkX9Wyqfhe43D6kjPOGqBBKmx3EwWJqZ0cMrFF54yM49.png","contentUrl":"https:\/\/guineediversite.com\/wp-content\/uploads\/2017\/04\/cropped-1jojlxEOMkX9Wyqfhe43D6kjPOGqBBKmx3EwWJqZ0cMrFF54yM49.png","width":186,"height":112,"caption":"Guin\u00e9e Diversit\u00e9"},"image":{"@id":"https:\/\/guineediversite.com\/#\/schema\/logo\/image\/"},"sameAs":["https:\/\/www.facebook.com\/guineediversite\/","https:\/\/x.com\/GuineeDiversite","https:\/\/www.youtube.com\/channel\/UC8sUY16qelG5ge6_D5SB83g"]},{"@type":"Person","@id":"https:\/\/guineediversite.com\/#\/schema\/person\/0e0e3e424768a50d025ac2218ccca73f","name":"Bilguissa Diallo","image":{"@type":"ImageObject","inLanguage":"fr-FR","@id":"https:\/\/guineediversite.com\/#\/schema\/person\/image\/","url":"https:\/\/secure.gravatar.com\/avatar\/49bbbd2420ee34d62b1b191791f4b5df?s=96&d=mm&r=g","contentUrl":"https:\/\/secure.gravatar.com\/avatar\/49bbbd2420ee34d62b1b191791f4b5df?s=96&d=mm&r=g","caption":"Bilguissa Diallo"},"url":"https:\/\/guineediversite.com\/index.php\/author\/bilguissa\/"}]}},"_links":{"self":[{"href":"https:\/\/guineediversite.com\/index.php\/wp-json\/wp\/v2\/posts\/32022"}],"collection":[{"href":"https:\/\/guineediversite.com\/index.php\/wp-json\/wp\/v2\/posts"}],"about":[{"href":"https:\/\/guineediversite.com\/index.php\/wp-json\/wp\/v2\/types\/post"}],"author":[{"embeddable":true,"href":"https:\/\/guineediversite.com\/index.php\/wp-json\/wp\/v2\/users\/7"}],"replies":[{"embeddable":true,"href":"https:\/\/guineediversite.com\/index.php\/wp-json\/wp\/v2\/comments?post=32022"}],"version-history":[{"count":1,"href":"https:\/\/guineediversite.com\/index.php\/wp-json\/wp\/v2\/posts\/32022\/revisions"}],"predecessor-version":[{"id":32024,"href":"https:\/\/guineediversite.com\/index.php\/wp-json\/wp\/v2\/posts\/32022\/revisions\/32024"}],"wp:featuredmedia":[{"embeddable":true,"href":"https:\/\/guineediversite.com\/index.php\/wp-json\/wp\/v2\/media\/32023"}],"wp:attachment":[{"href":"https:\/\/guineediversite.com\/index.php\/wp-json\/wp\/v2\/media?parent=32022"}],"wp:term":[{"taxonomy":"category","embeddable":true,"href":"https:\/\/guineediversite.com\/index.php\/wp-json\/wp\/v2\/categories?post=32022"},{"taxonomy":"post_tag","embeddable":true,"href":"https:\/\/guineediversite.com\/index.php\/wp-json\/wp\/v2\/tags?post=32022"}],"curies":[{"name":"wp","href":"https:\/\/api.w.org\/{rel}","templated":true}]}}