{"id":32012,"date":"2021-11-30T22:52:50","date_gmt":"2021-11-30T21:52:50","guid":{"rendered":"https:\/\/guineediversite.com\/?p=32012"},"modified":"2021-11-30T22:54:46","modified_gmt":"2021-11-30T21:54:46","slug":"isto-keira","status":"publish","type":"post","link":"https:\/\/guineediversite.com\/index.php\/2021\/11\/30\/isto-keira\/","title":{"rendered":"Isto Keira, ses bonnes gr\u00e2ces et son leadership au service de la nation"},"content":{"rendered":"<p><strong><em>Connu pour son leadership altruiste sans \u00e9gard, sons sens du management et pour ses qualit\u00e9s de rassembleur autour des siens, le dynamique Secr\u00e9taire G\u00e9n\u00e9ral du Minist\u00e8re de la Jeunesse et des Sports a encore fait parler son c\u0153ur. Il s\u2019agit de l\u2019\u00e9vacuation sanitaire en Tunisie de Mama\u00efssata Ciss\u00e9, pensionnaire du club de foot f\u00e9minin Espoir de Yimbaya qui a r\u00e9cemment contract\u00e9 une grave blessure au genou et dont le traitement n\u00e9cessitait une prise en charge cons\u00e9quente.<\/em><\/strong><\/p>\n<p><strong><em>\u00a0<\/em><\/strong><\/p>\n<p>Tel un bon samaritain, Isto n\u2019a pas attendu que le pire arrive \u00e0 cette jeune talentueuse du Syli pour comprendre l\u2019urgence de son \u00e9vacuation. C\u2019est pour palier \u00e0 toute \u00e9ventualit\u00e9 qu\u2019il s\u2019est personnellement investi afin de s\u2019assurer du bon traitement de cette jeune joueuse. Ses soins, il les a mis \u00e0 la disposition de Mama\u00efssata et sa famille \u00e0 travers le choix d\u2019un corps m\u00e9dical de renom \u00e0 Tunis\u00a0 pour la r\u00e9ussite de l\u2019intervention chirurgicale. Pr\u00e8s d\u2019un mois apr\u00e8s, place au soulagement dans la famille et autour des proches de la joueuse qui retrouve le sourire, car elle pourra poursuivre son r\u00eave qui consiste \u00e0 jouer correctement au foot. En attendant, Mama\u00efssata continue tout de m\u00eame son traitement r\u00e9\u00e9ducatif au pays des aigles de Carthage. Une bonne nouvelle pour les dirigeants de son club, mais \u00e9galement l\u2019encadrement de la s\u00e9lection du Syli National.<\/p>\n<p>En volant au secours d\u2019une telle n\u00e9cessiteuse qui retrouve ainsi du r\u00e9confort, le Secr\u00e9taire G\u00e9n\u00e9ral du d\u00e9partement de la Jeunesse et des Sport envois de vrais signaux au message du don de soi pour la nation, chose ch\u00e8re au CRND et de son Pr\u00e9sident, le Colonel-Pr\u00e9sident Mamadi Doumbouya.<\/p>\n<p>&nbsp;<\/p>\n<p><strong>Une abn\u00e9gation reconnue pour le travail bien fait <\/strong><\/p>\n<p><strong>\u00a0<\/strong><\/p>\n<p>Isto K\u00e9ira, ce produit de la r\u00e9volution culturelle socialiste reste un cadre au m\u00e9rite reconnu au plan national et international. Sans modestie, nous l\u2019affirmons que le natif de Boulbinet (Kaloum) est un label connu partout par les grandes organisations dans le domaine de la culture \u00e0 travers le monde. R\u00e9pertori\u00e9 dans les plus grandes institutions d\u2019actions culturelles \u00e0 travers le monde, il est \u00e0 la base de la mont\u00e9e en puissance de plusieurs jeunes qui aujourd\u2019hui, font la fiert\u00e9 du secteur en Guin\u00e9e. Une vraie \u00e9cole\u00a0!<\/p>\n<p>Mais pour arriver \u00e0 ce sommet de la reconnaissance, ce philosophe de formation a accept\u00e9 d\u2019apprendre en allant \u00e0 la recherche du savoir, du savoir \u00eatre et du savoir-faire. Ancien Ministre avant d\u2019occuper le poste de secr\u00e9taire g\u00e9n\u00e9ral, il fait toujours preuve d\u2019humilit\u00e9 et de professionnalisme \u00e0 la disposition et m\u00eame en dessous du peuple. Ce\u00a0 n\u2019est pas \u00e9trange, surtout quand c\u2019est l\u2019\u0153uvre de la r\u00e9volution culturelle socialiste, \u00e7a se comprend donc plus ais\u00e9ment.<\/p>\n<p>Au moment o\u00f9 le pays traverse une p\u00e9riode de mutation g\u00e9n\u00e9ralis\u00e9e, gr\u00e2ce au nouvel \u00e9lan insuffl\u00e9 depuis la prise du pouvoir le 05 septembre 2021, de grands chantiers sont ouvertes sur des questions centrales de refondations de l\u2019Etat et de la moralisation de l\u2019administration publique. En poste au d\u00e9partement de la jeunesse et des sports, la priorit\u00e9 sera de d\u00e9finir et surtout de mettre en exergue la politique de la jeunesse et des sports selon la vision du Pr\u00e9sident de la R\u00e9publique, le Colonel Mamadi Doumbouya. Il faudra faire en sorte que cette vision du pr\u00e9sident soit en ad\u00e9quation avec la r\u00e9alit\u00e9 qui pourrait rapidement se tourner vers la participation honorable du Syli National A \u00e0 la prochaine CAN de janvier 2022 au Cameroun et surtout l\u2019organisation tr\u00e8s prochaine de la Coupe d\u2019Afrique des Nation 2025 confi\u00e9e \u00e0 la Guin\u00e9e par la CAF. Une mission \u00e0 l\u2019allure d\u2019un vrai challenge qui se profile \u00e0 l\u2019horizon pour le tout nouveau ministre, l\u2019ancien champion de boxe Lansana B\u00e9a Diallo et son \u00e9quipe. Mais le premier d\u00e9fi du ministre sera de faire en sorte que l\u2019ensemble des cadres du d\u00e9partement puissent ais\u00e9ment apporter leur savoir-faire en privil\u00e9giant l\u2019expression des comp\u00e9tences dans le travail. Aussi, cultiver l\u2019esprit de solidarit\u00e9 et de paix entre les travailleurs du d\u00e9partement qui sont surement capables de grandes choses. Le tout dans un \u00e9lan d\u2019accompagnement de toutes les f\u00e9d\u00e9rations nationales, particuli\u00e8rement le football qui est qu\u2019on le veuille ou non, la religion des temps modernes.<\/p>\n<p><strong>Ahmadou H Bah<\/strong><\/p>\n<p>&nbsp;<\/p>\n","protected":false},"excerpt":{"rendered":"<p>Connu pour son leadership altruiste sans \u00e9gard, sons sens du management et pour ses qualit\u00e9s de rassembleur autour des siens, le dynamique Secr\u00e9taire G\u00e9n\u00e9ral du Minist\u00e8re de la Jeunesse et des Sports a encore fait parler son c\u0153ur. Il s\u2019agit de l\u2019\u00e9vacuation sanitaire en Tunisie de Mama\u00efssata Ciss\u00e9, pensionnaire du club de foot f\u00e9minin Espoir [&hellip;]<\/p>\n","protected":false},"author":12,"featured_media":32013,"comment_status":"closed","ping_status":"open","sticky":false,"template":"","format":"standard","meta":{"_exactmetrics_skip_tracking":false,"_exactmetrics_sitenote_active":false,"_exactmetrics_sitenote_note":"","_exactmetrics_sitenote_category":0,"tdm_status":"","tdm_grid_status":"","footnotes":""},"categories":[16],"tags":[],"class_list":{"0":"post-32012","1":"post","2":"type-post","3":"status-publish","4":"format-standard","5":"has-post-thumbnail","7":"category-societe"},"yoast_head":"<!-- This site is optimized with the Yoast SEO plugin v24.2 - https:\/\/yoast.com\/wordpress\/plugins\/seo\/ -->\n<title>Isto Keira, ses bonnes gr\u00e2ces et son leadership au service de la nation | Guin\u00e9e Diversit\u00e9<\/title>\n<meta name=\"robots\" content=\"index, follow, max-snippet:-1, max-image-preview:large, max-video-preview:-1\" \/>\n<link rel=\"canonical\" href=\"https:\/\/guineediversite.com\/index.php\/2021\/11\/30\/isto-keira\/\" \/>\n<meta property=\"og:locale\" content=\"fr_FR\" \/>\n<meta property=\"og:type\" content=\"article\" \/>\n<meta property=\"og:title\" content=\"Isto Keira, ses bonnes gr\u00e2ces et son leadership au service de la nation | Guin\u00e9e Diversit\u00e9\" \/>\n<meta property=\"og:description\" content=\"Connu pour son leadership altruiste sans \u00e9gard, sons sens du management et pour ses qualit\u00e9s de rassembleur autour des siens, le dynamique Secr\u00e9taire G\u00e9n\u00e9ral du Minist\u00e8re de la Jeunesse et des Sports a encore fait parler son c\u0153ur. Il s\u2019agit de l\u2019\u00e9vacuation sanitaire en Tunisie de Mama\u00efssata Ciss\u00e9, pensionnaire du club de foot f\u00e9minin Espoir [&hellip;]\" \/>\n<meta property=\"og:url\" content=\"https:\/\/guineediversite.com\/index.php\/2021\/11\/30\/isto-keira\/\" \/>\n<meta property=\"og:site_name\" content=\"Guin\u00e9e Diversit\u00e9\" \/>\n<meta property=\"article:publisher\" content=\"https:\/\/www.facebook.com\/guineediversite\/\" \/>\n<meta property=\"article:published_time\" content=\"2021-11-30T21:52:50+00:00\" \/>\n<meta property=\"article:modified_time\" content=\"2021-11-30T21:54:46+00:00\" \/>\n<meta property=\"og:image\" content=\"https:\/\/guineediversite.com\/wp-content\/uploads\/2021\/11\/WhatsApp-Image-2021-11-30-at-21.15.44.jpeg\" \/>\n\t<meta property=\"og:image:width\" content=\"1070\" \/>\n\t<meta property=\"og:image:height\" content=\"720\" \/>\n\t<meta property=\"og:image:type\" content=\"image\/jpeg\" \/>\n<meta name=\"author\" content=\"Guin\u00e9e Diversit\u00e9\" \/>\n<meta name=\"twitter:card\" content=\"summary_large_image\" \/>\n<meta name=\"twitter:creator\" content=\"@GuineeDiversite\" \/>\n<meta name=\"twitter:site\" content=\"@GuineeDiversite\" \/>\n<meta name=\"twitter:label1\" content=\"\u00c9crit par\" \/>\n\t<meta name=\"twitter:data1\" content=\"Guin\u00e9e Diversit\u00e9\" \/>\n\t<meta name=\"twitter:label2\" content=\"Dur\u00e9e de lecture estim\u00e9e\" \/>\n\t<meta name=\"twitter:data2\" content=\"4 minutes\" \/>\n<script type=\"application\/ld+json\" class=\"yoast-schema-graph\">{\"@context\":\"https:\/\/schema.org\",\"@graph\":[{\"@type\":\"Article\",\"@id\":\"https:\/\/guineediversite.com\/index.php\/2021\/11\/30\/isto-keira\/#article\",\"isPartOf\":{\"@id\":\"https:\/\/guineediversite.com\/index.php\/2021\/11\/30\/isto-keira\/\"},\"author\":{\"name\":\"Guin\u00e9e Diversit\u00e9\",\"@id\":\"https:\/\/guineediversite.com\/#\/schema\/person\/afa08fb34e7fc6e1feafc892612bc836\"},\"headline\":\"Isto Keira, ses bonnes gr\u00e2ces et son leadership au service de la nation\",\"datePublished\":\"2021-11-30T21:52:50+00:00\",\"dateModified\":\"2021-11-30T21:54:46+00:00\",\"mainEntityOfPage\":{\"@id\":\"https:\/\/guineediversite.com\/index.php\/2021\/11\/30\/isto-keira\/\"},\"wordCount\":783,\"publisher\":{\"@id\":\"https:\/\/guineediversite.com\/#organization\"},\"image\":{\"@id\":\"https:\/\/guineediversite.com\/index.php\/2021\/11\/30\/isto-keira\/#primaryimage\"},\"thumbnailUrl\":\"https:\/\/guineediversite.com\/wp-content\/uploads\/2021\/11\/WhatsApp-Image-2021-11-30-at-21.15.44.jpeg\",\"articleSection\":[\"Soci\u00e9t\u00e9\"],\"inLanguage\":\"fr-FR\"},{\"@type\":\"WebPage\",\"@id\":\"https:\/\/guineediversite.com\/index.php\/2021\/11\/30\/isto-keira\/\",\"url\":\"https:\/\/guineediversite.com\/index.php\/2021\/11\/30\/isto-keira\/\",\"name\":\"Isto Keira, ses bonnes gr\u00e2ces et son leadership au service de la nation | Guin\u00e9e Diversit\u00e9\",\"isPartOf\":{\"@id\":\"https:\/\/guineediversite.com\/#website\"},\"primaryImageOfPage\":{\"@id\":\"https:\/\/guineediversite.com\/index.php\/2021\/11\/30\/isto-keira\/#primaryimage\"},\"image\":{\"@id\":\"https:\/\/guineediversite.com\/index.php\/2021\/11\/30\/isto-keira\/#primaryimage\"},\"thumbnailUrl\":\"https:\/\/guineediversite.com\/wp-content\/uploads\/2021\/11\/WhatsApp-Image-2021-11-30-at-21.15.44.jpeg\",\"datePublished\":\"2021-11-30T21:52:50+00:00\",\"dateModified\":\"2021-11-30T21:54:46+00:00\",\"breadcrumb\":{\"@id\":\"https:\/\/guineediversite.com\/index.php\/2021\/11\/30\/isto-keira\/#breadcrumb\"},\"inLanguage\":\"fr-FR\",\"potentialAction\":[{\"@type\":\"ReadAction\",\"target\":[\"https:\/\/guineediversite.com\/index.php\/2021\/11\/30\/isto-keira\/\"]}]},{\"@type\":\"ImageObject\",\"inLanguage\":\"fr-FR\",\"@id\":\"https:\/\/guineediversite.com\/index.php\/2021\/11\/30\/isto-keira\/#primaryimage\",\"url\":\"https:\/\/guineediversite.com\/wp-content\/uploads\/2021\/11\/WhatsApp-Image-2021-11-30-at-21.15.44.jpeg\",\"contentUrl\":\"https:\/\/guineediversite.com\/wp-content\/uploads\/2021\/11\/WhatsApp-Image-2021-11-30-at-21.15.44.jpeg\",\"width\":1070,\"height\":720},{\"@type\":\"BreadcrumbList\",\"@id\":\"https:\/\/guineediversite.com\/index.php\/2021\/11\/30\/isto-keira\/#breadcrumb\",\"itemListElement\":[{\"@type\":\"ListItem\",\"position\":1,\"name\":\"Accueil\",\"item\":\"https:\/\/guineediversite.com\/\"},{\"@type\":\"ListItem\",\"position\":2,\"name\":\"Isto Keira, ses bonnes gr\u00e2ces et son leadership au service de la nation\"}]},{\"@type\":\"WebSite\",\"@id\":\"https:\/\/guineediversite.com\/#website\",\"url\":\"https:\/\/guineediversite.com\/\",\"name\":\"Guin\u00e9e Diversit\u00e9\",\"description\":\"L&#039;Info dans toute sa diversit\u00e9\",\"publisher\":{\"@id\":\"https:\/\/guineediversite.com\/#organization\"},\"potentialAction\":[{\"@type\":\"SearchAction\",\"target\":{\"@type\":\"EntryPoint\",\"urlTemplate\":\"https:\/\/guineediversite.com\/?s={search_term_string}\"},\"query-input\":{\"@type\":\"PropertyValueSpecification\",\"valueRequired\":true,\"valueName\":\"search_term_string\"}}],\"inLanguage\":\"fr-FR\"},{\"@type\":\"Organization\",\"@id\":\"https:\/\/guineediversite.com\/#organization\",\"name\":\"Guin\u00e9e Diversit\u00e9\",\"url\":\"https:\/\/guineediversite.com\/\",\"logo\":{\"@type\":\"ImageObject\",\"inLanguage\":\"fr-FR\",\"@id\":\"https:\/\/guineediversite.com\/#\/schema\/logo\/image\/\",\"url\":\"https:\/\/guineediversite.com\/wp-content\/uploads\/2017\/04\/cropped-1jojlxEOMkX9Wyqfhe43D6kjPOGqBBKmx3EwWJqZ0cMrFF54yM49.png\",\"contentUrl\":\"https:\/\/guineediversite.com\/wp-content\/uploads\/2017\/04\/cropped-1jojlxEOMkX9Wyqfhe43D6kjPOGqBBKmx3EwWJqZ0cMrFF54yM49.png\",\"width\":186,\"height\":112,\"caption\":\"Guin\u00e9e Diversit\u00e9\"},\"image\":{\"@id\":\"https:\/\/guineediversite.com\/#\/schema\/logo\/image\/\"},\"sameAs\":[\"https:\/\/www.facebook.com\/guineediversite\/\",\"https:\/\/x.com\/GuineeDiversite\",\"https:\/\/www.youtube.com\/channel\/UC8sUY16qelG5ge6_D5SB83g\"]},{\"@type\":\"Person\",\"@id\":\"https:\/\/guineediversite.com\/#\/schema\/person\/afa08fb34e7fc6e1feafc892612bc836\",\"name\":\"Guin\u00e9e Diversit\u00e9\",\"image\":{\"@type\":\"ImageObject\",\"inLanguage\":\"fr-FR\",\"@id\":\"https:\/\/guineediversite.com\/#\/schema\/person\/image\/\",\"url\":\"https:\/\/secure.gravatar.com\/avatar\/50d5eb5b390f8b65ac30ac6f898eb83a?s=96&d=mm&r=g\",\"contentUrl\":\"https:\/\/secure.gravatar.com\/avatar\/50d5eb5b390f8b65ac30ac6f898eb83a?s=96&d=mm&r=g\",\"caption\":\"Guin\u00e9e Diversit\u00e9\"},\"url\":\"https:\/\/guineediversite.com\/index.php\/author\/guineediversite\/\"}]}<\/script>\n<!-- \/ Yoast SEO plugin. -->","yoast_head_json":{"title":"Isto Keira, ses bonnes gr\u00e2ces et son leadership au service de la nation | Guin\u00e9e Diversit\u00e9","robots":{"index":"index","follow":"follow","max-snippet":"max-snippet:-1","max-image-preview":"max-image-preview:large","max-video-preview":"max-video-preview:-1"},"canonical":"https:\/\/guineediversite.com\/index.php\/2021\/11\/30\/isto-keira\/","og_locale":"fr_FR","og_type":"article","og_title":"Isto Keira, ses bonnes gr\u00e2ces et son leadership au service de la nation | Guin\u00e9e Diversit\u00e9","og_description":"Connu pour son leadership altruiste sans \u00e9gard, sons sens du management et pour ses qualit\u00e9s de rassembleur autour des siens, le dynamique Secr\u00e9taire G\u00e9n\u00e9ral du Minist\u00e8re de la Jeunesse et des Sports a encore fait parler son c\u0153ur. Il s\u2019agit de l\u2019\u00e9vacuation sanitaire en Tunisie de Mama\u00efssata Ciss\u00e9, pensionnaire du club de foot f\u00e9minin Espoir [&hellip;]","og_url":"https:\/\/guineediversite.com\/index.php\/2021\/11\/30\/isto-keira\/","og_site_name":"Guin\u00e9e Diversit\u00e9","article_publisher":"https:\/\/www.facebook.com\/guineediversite\/","article_published_time":"2021-11-30T21:52:50+00:00","article_modified_time":"2021-11-30T21:54:46+00:00","og_image":[{"width":1070,"height":720,"url":"https:\/\/guineediversite.com\/wp-content\/uploads\/2021\/11\/WhatsApp-Image-2021-11-30-at-21.15.44.jpeg","type":"image\/jpeg"}],"author":"Guin\u00e9e Diversit\u00e9","twitter_card":"summary_large_image","twitter_creator":"@GuineeDiversite","twitter_site":"@GuineeDiversite","twitter_misc":{"\u00c9crit par":"Guin\u00e9e Diversit\u00e9","Dur\u00e9e de lecture estim\u00e9e":"4 minutes"},"schema":{"@context":"https:\/\/schema.org","@graph":[{"@type":"Article","@id":"https:\/\/guineediversite.com\/index.php\/2021\/11\/30\/isto-keira\/#article","isPartOf":{"@id":"https:\/\/guineediversite.com\/index.php\/2021\/11\/30\/isto-keira\/"},"author":{"name":"Guin\u00e9e Diversit\u00e9","@id":"https:\/\/guineediversite.com\/#\/schema\/person\/afa08fb34e7fc6e1feafc892612bc836"},"headline":"Isto Keira, ses bonnes gr\u00e2ces et son leadership au service de la nation","datePublished":"2021-11-30T21:52:50+00:00","dateModified":"2021-11-30T21:54:46+00:00","mainEntityOfPage":{"@id":"https:\/\/guineediversite.com\/index.php\/2021\/11\/30\/isto-keira\/"},"wordCount":783,"publisher":{"@id":"https:\/\/guineediversite.com\/#organization"},"image":{"@id":"https:\/\/guineediversite.com\/index.php\/2021\/11\/30\/isto-keira\/#primaryimage"},"thumbnailUrl":"https:\/\/guineediversite.com\/wp-content\/uploads\/2021\/11\/WhatsApp-Image-2021-11-30-at-21.15.44.jpeg","articleSection":["Soci\u00e9t\u00e9"],"inLanguage":"fr-FR"},{"@type":"WebPage","@id":"https:\/\/guineediversite.com\/index.php\/2021\/11\/30\/isto-keira\/","url":"https:\/\/guineediversite.com\/index.php\/2021\/11\/30\/isto-keira\/","name":"Isto Keira, ses bonnes gr\u00e2ces et son leadership au service de la nation | Guin\u00e9e Diversit\u00e9","isPartOf":{"@id":"https:\/\/guineediversite.com\/#website"},"primaryImageOfPage":{"@id":"https:\/\/guineediversite.com\/index.php\/2021\/11\/30\/isto-keira\/#primaryimage"},"image":{"@id":"https:\/\/guineediversite.com\/index.php\/2021\/11\/30\/isto-keira\/#primaryimage"},"thumbnailUrl":"https:\/\/guineediversite.com\/wp-content\/uploads\/2021\/11\/WhatsApp-Image-2021-11-30-at-21.15.44.jpeg","datePublished":"2021-11-30T21:52:50+00:00","dateModified":"2021-11-30T21:54:46+00:00","breadcrumb":{"@id":"https:\/\/guineediversite.com\/index.php\/2021\/11\/30\/isto-keira\/#breadcrumb"},"inLanguage":"fr-FR","potentialAction":[{"@type":"ReadAction","target":["https:\/\/guineediversite.com\/index.php\/2021\/11\/30\/isto-keira\/"]}]},{"@type":"ImageObject","inLanguage":"fr-FR","@id":"https:\/\/guineediversite.com\/index.php\/2021\/11\/30\/isto-keira\/#primaryimage","url":"https:\/\/guineediversite.com\/wp-content\/uploads\/2021\/11\/WhatsApp-Image-2021-11-30-at-21.15.44.jpeg","contentUrl":"https:\/\/guineediversite.com\/wp-content\/uploads\/2021\/11\/WhatsApp-Image-2021-11-30-at-21.15.44.jpeg","width":1070,"height":720},{"@type":"BreadcrumbList","@id":"https:\/\/guineediversite.com\/index.php\/2021\/11\/30\/isto-keira\/#breadcrumb","itemListElement":[{"@type":"ListItem","position":1,"name":"Accueil","item":"https:\/\/guineediversite.com\/"},{"@type":"ListItem","position":2,"name":"Isto Keira, ses bonnes gr\u00e2ces et son leadership au service de la nation"}]},{"@type":"WebSite","@id":"https:\/\/guineediversite.com\/#website","url":"https:\/\/guineediversite.com\/","name":"Guin\u00e9e Diversit\u00e9","description":"L&#039;Info dans toute sa diversit\u00e9","publisher":{"@id":"https:\/\/guineediversite.com\/#organization"},"potentialAction":[{"@type":"SearchAction","target":{"@type":"EntryPoint","urlTemplate":"https:\/\/guineediversite.com\/?s={search_term_string}"},"query-input":{"@type":"PropertyValueSpecification","valueRequired":true,"valueName":"search_term_string"}}],"inLanguage":"fr-FR"},{"@type":"Organization","@id":"https:\/\/guineediversite.com\/#organization","name":"Guin\u00e9e Diversit\u00e9","url":"https:\/\/guineediversite.com\/","logo":{"@type":"ImageObject","inLanguage":"fr-FR","@id":"https:\/\/guineediversite.com\/#\/schema\/logo\/image\/","url":"https:\/\/guineediversite.com\/wp-content\/uploads\/2017\/04\/cropped-1jojlxEOMkX9Wyqfhe43D6kjPOGqBBKmx3EwWJqZ0cMrFF54yM49.png","contentUrl":"https:\/\/guineediversite.com\/wp-content\/uploads\/2017\/04\/cropped-1jojlxEOMkX9Wyqfhe43D6kjPOGqBBKmx3EwWJqZ0cMrFF54yM49.png","width":186,"height":112,"caption":"Guin\u00e9e Diversit\u00e9"},"image":{"@id":"https:\/\/guineediversite.com\/#\/schema\/logo\/image\/"},"sameAs":["https:\/\/www.facebook.com\/guineediversite\/","https:\/\/x.com\/GuineeDiversite","https:\/\/www.youtube.com\/channel\/UC8sUY16qelG5ge6_D5SB83g"]},{"@type":"Person","@id":"https:\/\/guineediversite.com\/#\/schema\/person\/afa08fb34e7fc6e1feafc892612bc836","name":"Guin\u00e9e Diversit\u00e9","image":{"@type":"ImageObject","inLanguage":"fr-FR","@id":"https:\/\/guineediversite.com\/#\/schema\/person\/image\/","url":"https:\/\/secure.gravatar.com\/avatar\/50d5eb5b390f8b65ac30ac6f898eb83a?s=96&d=mm&r=g","contentUrl":"https:\/\/secure.gravatar.com\/avatar\/50d5eb5b390f8b65ac30ac6f898eb83a?s=96&d=mm&r=g","caption":"Guin\u00e9e Diversit\u00e9"},"url":"https:\/\/guineediversite.com\/index.php\/author\/guineediversite\/"}]}},"_links":{"self":[{"href":"https:\/\/guineediversite.com\/index.php\/wp-json\/wp\/v2\/posts\/32012"}],"collection":[{"href":"https:\/\/guineediversite.com\/index.php\/wp-json\/wp\/v2\/posts"}],"about":[{"href":"https:\/\/guineediversite.com\/index.php\/wp-json\/wp\/v2\/types\/post"}],"author":[{"embeddable":true,"href":"https:\/\/guineediversite.com\/index.php\/wp-json\/wp\/v2\/users\/12"}],"replies":[{"embeddable":true,"href":"https:\/\/guineediversite.com\/index.php\/wp-json\/wp\/v2\/comments?post=32012"}],"version-history":[{"count":2,"href":"https:\/\/guineediversite.com\/index.php\/wp-json\/wp\/v2\/posts\/32012\/revisions"}],"predecessor-version":[{"id":32016,"href":"https:\/\/guineediversite.com\/index.php\/wp-json\/wp\/v2\/posts\/32012\/revisions\/32016"}],"wp:featuredmedia":[{"embeddable":true,"href":"https:\/\/guineediversite.com\/index.php\/wp-json\/wp\/v2\/media\/32013"}],"wp:attachment":[{"href":"https:\/\/guineediversite.com\/index.php\/wp-json\/wp\/v2\/media?parent=32012"}],"wp:term":[{"taxonomy":"category","embeddable":true,"href":"https:\/\/guineediversite.com\/index.php\/wp-json\/wp\/v2\/categories?post=32012"},{"taxonomy":"post_tag","embeddable":true,"href":"https:\/\/guineediversite.com\/index.php\/wp-json\/wp\/v2\/tags?post=32012"}],"curies":[{"name":"wp","href":"https:\/\/api.w.org\/{rel}","templated":true}]}}