{"id":31989,"date":"2021-11-27T10:41:57","date_gmt":"2021-11-27T09:41:57","guid":{"rendered":"https:\/\/guineediversite.com\/?p=31989"},"modified":"2021-11-27T10:41:57","modified_gmt":"2021-11-27T09:41:57","slug":"le-collectif-des-victimes-de-kaporo-rails-kipe2-et-dimesse-2019-recu-par-le-ministre-de-lurbanisme","status":"publish","type":"post","link":"https:\/\/guineediversite.com\/index.php\/2021\/11\/27\/le-collectif-des-victimes-de-kaporo-rails-kipe2-et-dimesse-2019-recu-par-le-ministre-de-lurbanisme\/","title":{"rendered":"Le collectif des victimes de Kaporo-Rails, Kipe2 et Dimesse 2019  re\u00e7u par le ministre  de l\u2019urbanisme"},"content":{"rendered":"<p><strong>Une d\u00e9l\u00e9gation des victimes de d\u00e9guerpissement\u00a0 de Kaporo-Rails, Kipe2 et Dimesse 2019 ont \u00e9t\u00e9 re\u00e7u ce vendredi par le ministre de l\u2019urbanisme Ousmane Gaoual Diallo. \u00a0\u00a0En toile de fonds, faire la situation des victimes aupr\u00e8s des nouvelles autorit\u00e9s.<\/strong><\/p>\n<p>Voici le communiqu\u00e9 de la rencontre<strong>\u00a0:<\/strong><\/p>\n<p>Pour la premi\u00e8re fois apr\u00e8s la d\u00e9molition de plus de 2500 maisons \u00e0 Kaporo-Rails, Kip\u00e9 2 et Dimesse, une d\u00e9l\u00e9gation du Collectif a rencontr\u00e9 le Ministre de l\u2019urbanisme, de l\u2019habitat et de l\u2019am\u00e9nagement du territoire. Ce vendredi 26 novembre 2021 dans la soir\u00e9e, Monsieur Ousmane Gaoual Diallo a \u00e9chang\u00e9 avec cinq membres du\u00a0 bureau des victimes que sont : Elhadj Alpha Oumar Diallo (pr\u00e9sident), Mme Camara Makia Tour\u00e9 (porte-parole des femmes), Elhadj Malick Barry (charg\u00e9 des relations ext\u00e9rieures), Thierno Souleymane Diallo (charg\u00e9 de mission) et Ben Diallo du bureau des jeunes.<\/p>\n<p>Les victimes ont remerci\u00e9 le Colonel Mamadi Doumbouya et le CNRD pour avoir lib\u00e9r\u00e9 les guin\u00e9ens le 5 septembre 2021 en mettant hors d\u2019\u00e9tat de nuire le dictateur Alpha Cond\u00e9. Elles ont formul\u00e9 des pri\u00e8res pour la r\u00e9ussite de la transition et ont f\u00e9licit\u00e9 le Ministre Ousmane Gaoual Diallo qui a b\u00e9n\u00e9fici\u00e9 de la confiance du Pr\u00e9sident de la R\u00e9publique.<\/p>\n<p>Le collectif a rappel\u00e9 au Ministre les circonstances dans lesquelles pr\u00e8s de 20.000 personnes ont \u00e9t\u00e9 ill\u00e9galement d\u00e9poss\u00e9d\u00e9es de leurs terres par l\u2019ancien r\u00e9gime sans aucun d\u00e9dommagement.\u00a0 Le porte-parole de circonstance a exprim\u00e9 le souhait de voir les nouvelles autorit\u00e9s r\u00e9tablir les victimes de Kaporo-Rails, Kip\u00e9 2 et Dimesse dans leurs droits.<\/p>\n<p>En r\u00e9ponse, le Ministre Ousmane Gaoual Diallo au nom du CNRD a affich\u00e9 sa solidarit\u00e9 envers les victimes. Il a demand\u00e9 en tant que facilitateur que des propositions de compensation soient adress\u00e9es aux nouvelles autorit\u00e9s afin qu\u2019elles soient examin\u00e9es au plus haut niveau. A d\u00e9faut d\u2019accord \u00e0 \u00ab l\u2019amiable \u00bb, le Ministre s\u2019est dit dispos\u00e9 \u00e0 faciliter le transfert du dossier \u00e0 la justice qui dira le droit en toute ind\u00e9pendance conform\u00e9ment aux v\u0153ux du Colonel Doumbouya.<\/p>\n<p>Les deux parties ont promis de garder le contact pour faire \u00e9voluer le dossier dans de meilleurs d\u00e9lais.<\/p>\n<p>Par ailleurs, le Ministre Diallo avait re\u00e7u il y a quelques jours, l\u2019avocat des victimes Maitre Alpha Yaya Dram\u00e9 en s\u00e9jour en Guin\u00e9e.<\/p>\n<p>Il y a quelques semaines c\u2019\u00e9tait autour de la gouverneure de Conakry de recevoir une d\u00e9l\u00e9gation des victimes.<\/p>\n<p>&nbsp;<\/p>\n<p>Conakry le 26\/11\/2021<\/p>\n<p>Le Collectif<\/p>\n","protected":false},"excerpt":{"rendered":"<p>Une d\u00e9l\u00e9gation des victimes de d\u00e9guerpissement\u00a0 de Kaporo-Rails, Kipe2 et Dimesse 2019 ont \u00e9t\u00e9 re\u00e7u ce vendredi par le ministre de l\u2019urbanisme Ousmane Gaoual Diallo. \u00a0\u00a0En toile de fonds, faire la situation des victimes aupr\u00e8s des nouvelles autorit\u00e9s. Voici le communiqu\u00e9 de la rencontre\u00a0: Pour la premi\u00e8re fois apr\u00e8s la d\u00e9molition de plus de 2500 [&hellip;]<\/p>\n","protected":false},"author":10,"featured_media":31990,"comment_status":"closed","ping_status":"open","sticky":false,"template":"","format":"standard","meta":{"_exactmetrics_skip_tracking":false,"_exactmetrics_sitenote_active":false,"_exactmetrics_sitenote_note":"","_exactmetrics_sitenote_category":0,"tdm_status":"","tdm_grid_status":"","footnotes":""},"categories":[16],"tags":[],"class_list":{"0":"post-31989","1":"post","2":"type-post","3":"status-publish","4":"format-standard","5":"has-post-thumbnail","7":"category-societe"},"yoast_head":"<!-- This site is optimized with the Yoast SEO plugin v24.2 - https:\/\/yoast.com\/wordpress\/plugins\/seo\/ -->\n<title>Le collectif des victimes de Kaporo-Rails, Kipe2 et Dimesse 2019 re\u00e7u par le ministre de l\u2019urbanisme | Guin\u00e9e Diversit\u00e9<\/title>\n<meta name=\"robots\" content=\"index, follow, max-snippet:-1, max-image-preview:large, max-video-preview:-1\" \/>\n<link rel=\"canonical\" href=\"https:\/\/guineediversite.com\/index.php\/2021\/11\/27\/le-collectif-des-victimes-de-kaporo-rails-kipe2-et-dimesse-2019-recu-par-le-ministre-de-lurbanisme\/\" \/>\n<meta property=\"og:locale\" content=\"fr_FR\" \/>\n<meta property=\"og:type\" content=\"article\" \/>\n<meta property=\"og:title\" content=\"Le collectif des victimes de Kaporo-Rails, Kipe2 et Dimesse 2019 re\u00e7u par le ministre de l\u2019urbanisme | Guin\u00e9e Diversit\u00e9\" \/>\n<meta property=\"og:description\" content=\"Une d\u00e9l\u00e9gation des victimes de d\u00e9guerpissement\u00a0 de Kaporo-Rails, Kipe2 et Dimesse 2019 ont \u00e9t\u00e9 re\u00e7u ce vendredi par le ministre de l\u2019urbanisme Ousmane Gaoual Diallo. \u00a0\u00a0En toile de fonds, faire la situation des victimes aupr\u00e8s des nouvelles autorit\u00e9s. Voici le communiqu\u00e9 de la rencontre\u00a0: Pour la premi\u00e8re fois apr\u00e8s la d\u00e9molition de plus de 2500 [&hellip;]\" \/>\n<meta property=\"og:url\" content=\"https:\/\/guineediversite.com\/index.php\/2021\/11\/27\/le-collectif-des-victimes-de-kaporo-rails-kipe2-et-dimesse-2019-recu-par-le-ministre-de-lurbanisme\/\" \/>\n<meta property=\"og:site_name\" content=\"Guin\u00e9e Diversit\u00e9\" \/>\n<meta property=\"article:publisher\" content=\"https:\/\/www.facebook.com\/guineediversite\/\" \/>\n<meta property=\"article:published_time\" content=\"2021-11-27T09:41:57+00:00\" \/>\n<meta property=\"og:image\" content=\"https:\/\/guineediversite.com\/wp-content\/uploads\/2021\/11\/WhatsApp-Image-2021-11-27-at-09.18.17.jpeg\" \/>\n\t<meta property=\"og:image:width\" content=\"1300\" \/>\n\t<meta property=\"og:image:height\" content=\"632\" \/>\n\t<meta property=\"og:image:type\" content=\"image\/jpeg\" \/>\n<meta name=\"author\" content=\"Morcire Camara\" \/>\n<meta name=\"twitter:card\" content=\"summary_large_image\" \/>\n<meta name=\"twitter:creator\" content=\"@GuineeDiversite\" \/>\n<meta name=\"twitter:site\" content=\"@GuineeDiversite\" \/>\n<meta name=\"twitter:label1\" content=\"\u00c9crit par\" \/>\n\t<meta name=\"twitter:data1\" content=\"Morcire Camara\" \/>\n\t<meta name=\"twitter:label2\" content=\"Dur\u00e9e de lecture estim\u00e9e\" \/>\n\t<meta name=\"twitter:data2\" content=\"2 minutes\" \/>\n<script type=\"application\/ld+json\" class=\"yoast-schema-graph\">{\"@context\":\"https:\/\/schema.org\",\"@graph\":[{\"@type\":\"Article\",\"@id\":\"https:\/\/guineediversite.com\/index.php\/2021\/11\/27\/le-collectif-des-victimes-de-kaporo-rails-kipe2-et-dimesse-2019-recu-par-le-ministre-de-lurbanisme\/#article\",\"isPartOf\":{\"@id\":\"https:\/\/guineediversite.com\/index.php\/2021\/11\/27\/le-collectif-des-victimes-de-kaporo-rails-kipe2-et-dimesse-2019-recu-par-le-ministre-de-lurbanisme\/\"},\"author\":{\"name\":\"Morcire Camara\",\"@id\":\"https:\/\/guineediversite.com\/#\/schema\/person\/fa362494c47202ce4b3adf55abcc9d01\"},\"headline\":\"Le collectif des victimes de Kaporo-Rails, Kipe2 et Dimesse 2019 re\u00e7u par le ministre de l\u2019urbanisme\",\"datePublished\":\"2021-11-27T09:41:57+00:00\",\"dateModified\":\"2021-11-27T09:41:57+00:00\",\"mainEntityOfPage\":{\"@id\":\"https:\/\/guineediversite.com\/index.php\/2021\/11\/27\/le-collectif-des-victimes-de-kaporo-rails-kipe2-et-dimesse-2019-recu-par-le-ministre-de-lurbanisme\/\"},\"wordCount\":448,\"publisher\":{\"@id\":\"https:\/\/guineediversite.com\/#organization\"},\"image\":{\"@id\":\"https:\/\/guineediversite.com\/index.php\/2021\/11\/27\/le-collectif-des-victimes-de-kaporo-rails-kipe2-et-dimesse-2019-recu-par-le-ministre-de-lurbanisme\/#primaryimage\"},\"thumbnailUrl\":\"https:\/\/guineediversite.com\/wp-content\/uploads\/2021\/11\/WhatsApp-Image-2021-11-27-at-09.18.17.jpeg\",\"articleSection\":[\"Soci\u00e9t\u00e9\"],\"inLanguage\":\"fr-FR\"},{\"@type\":\"WebPage\",\"@id\":\"https:\/\/guineediversite.com\/index.php\/2021\/11\/27\/le-collectif-des-victimes-de-kaporo-rails-kipe2-et-dimesse-2019-recu-par-le-ministre-de-lurbanisme\/\",\"url\":\"https:\/\/guineediversite.com\/index.php\/2021\/11\/27\/le-collectif-des-victimes-de-kaporo-rails-kipe2-et-dimesse-2019-recu-par-le-ministre-de-lurbanisme\/\",\"name\":\"Le collectif des victimes de Kaporo-Rails, Kipe2 et Dimesse 2019 re\u00e7u par le ministre de l\u2019urbanisme | Guin\u00e9e Diversit\u00e9\",\"isPartOf\":{\"@id\":\"https:\/\/guineediversite.com\/#website\"},\"primaryImageOfPage\":{\"@id\":\"https:\/\/guineediversite.com\/index.php\/2021\/11\/27\/le-collectif-des-victimes-de-kaporo-rails-kipe2-et-dimesse-2019-recu-par-le-ministre-de-lurbanisme\/#primaryimage\"},\"image\":{\"@id\":\"https:\/\/guineediversite.com\/index.php\/2021\/11\/27\/le-collectif-des-victimes-de-kaporo-rails-kipe2-et-dimesse-2019-recu-par-le-ministre-de-lurbanisme\/#primaryimage\"},\"thumbnailUrl\":\"https:\/\/guineediversite.com\/wp-content\/uploads\/2021\/11\/WhatsApp-Image-2021-11-27-at-09.18.17.jpeg\",\"datePublished\":\"2021-11-27T09:41:57+00:00\",\"dateModified\":\"2021-11-27T09:41:57+00:00\",\"breadcrumb\":{\"@id\":\"https:\/\/guineediversite.com\/index.php\/2021\/11\/27\/le-collectif-des-victimes-de-kaporo-rails-kipe2-et-dimesse-2019-recu-par-le-ministre-de-lurbanisme\/#breadcrumb\"},\"inLanguage\":\"fr-FR\",\"potentialAction\":[{\"@type\":\"ReadAction\",\"target\":[\"https:\/\/guineediversite.com\/index.php\/2021\/11\/27\/le-collectif-des-victimes-de-kaporo-rails-kipe2-et-dimesse-2019-recu-par-le-ministre-de-lurbanisme\/\"]}]},{\"@type\":\"ImageObject\",\"inLanguage\":\"fr-FR\",\"@id\":\"https:\/\/guineediversite.com\/index.php\/2021\/11\/27\/le-collectif-des-victimes-de-kaporo-rails-kipe2-et-dimesse-2019-recu-par-le-ministre-de-lurbanisme\/#primaryimage\",\"url\":\"https:\/\/guineediversite.com\/wp-content\/uploads\/2021\/11\/WhatsApp-Image-2021-11-27-at-09.18.17.jpeg\",\"contentUrl\":\"https:\/\/guineediversite.com\/wp-content\/uploads\/2021\/11\/WhatsApp-Image-2021-11-27-at-09.18.17.jpeg\",\"width\":1300,\"height\":632},{\"@type\":\"BreadcrumbList\",\"@id\":\"https:\/\/guineediversite.com\/index.php\/2021\/11\/27\/le-collectif-des-victimes-de-kaporo-rails-kipe2-et-dimesse-2019-recu-par-le-ministre-de-lurbanisme\/#breadcrumb\",\"itemListElement\":[{\"@type\":\"ListItem\",\"position\":1,\"name\":\"Accueil\",\"item\":\"https:\/\/guineediversite.com\/\"},{\"@type\":\"ListItem\",\"position\":2,\"name\":\"Le collectif des victimes de Kaporo-Rails, Kipe2 et Dimesse 2019 re\u00e7u par le ministre de l\u2019urbanisme\"}]},{\"@type\":\"WebSite\",\"@id\":\"https:\/\/guineediversite.com\/#website\",\"url\":\"https:\/\/guineediversite.com\/\",\"name\":\"Guin\u00e9e Diversit\u00e9\",\"description\":\"L&#039;Info dans toute sa diversit\u00e9\",\"publisher\":{\"@id\":\"https:\/\/guineediversite.com\/#organization\"},\"potentialAction\":[{\"@type\":\"SearchAction\",\"target\":{\"@type\":\"EntryPoint\",\"urlTemplate\":\"https:\/\/guineediversite.com\/?s={search_term_string}\"},\"query-input\":{\"@type\":\"PropertyValueSpecification\",\"valueRequired\":true,\"valueName\":\"search_term_string\"}}],\"inLanguage\":\"fr-FR\"},{\"@type\":\"Organization\",\"@id\":\"https:\/\/guineediversite.com\/#organization\",\"name\":\"Guin\u00e9e Diversit\u00e9\",\"url\":\"https:\/\/guineediversite.com\/\",\"logo\":{\"@type\":\"ImageObject\",\"inLanguage\":\"fr-FR\",\"@id\":\"https:\/\/guineediversite.com\/#\/schema\/logo\/image\/\",\"url\":\"https:\/\/guineediversite.com\/wp-content\/uploads\/2017\/04\/cropped-1jojlxEOMkX9Wyqfhe43D6kjPOGqBBKmx3EwWJqZ0cMrFF54yM49.png\",\"contentUrl\":\"https:\/\/guineediversite.com\/wp-content\/uploads\/2017\/04\/cropped-1jojlxEOMkX9Wyqfhe43D6kjPOGqBBKmx3EwWJqZ0cMrFF54yM49.png\",\"width\":186,\"height\":112,\"caption\":\"Guin\u00e9e Diversit\u00e9\"},\"image\":{\"@id\":\"https:\/\/guineediversite.com\/#\/schema\/logo\/image\/\"},\"sameAs\":[\"https:\/\/www.facebook.com\/guineediversite\/\",\"https:\/\/x.com\/GuineeDiversite\",\"https:\/\/www.youtube.com\/channel\/UC8sUY16qelG5ge6_D5SB83g\"]},{\"@type\":\"Person\",\"@id\":\"https:\/\/guineediversite.com\/#\/schema\/person\/fa362494c47202ce4b3adf55abcc9d01\",\"name\":\"Morcire Camara\",\"image\":{\"@type\":\"ImageObject\",\"inLanguage\":\"fr-FR\",\"@id\":\"https:\/\/guineediversite.com\/#\/schema\/person\/image\/\",\"url\":\"https:\/\/secure.gravatar.com\/avatar\/3ec324f02295bbcebe03d99b39330ab4?s=96&d=mm&r=g\",\"contentUrl\":\"https:\/\/secure.gravatar.com\/avatar\/3ec324f02295bbcebe03d99b39330ab4?s=96&d=mm&r=g\",\"caption\":\"Morcire Camara\"},\"url\":\"https:\/\/guineediversite.com\/index.php\/author\/morcire\/\"}]}<\/script>\n<!-- \/ Yoast SEO plugin. -->","yoast_head_json":{"title":"Le collectif des victimes de Kaporo-Rails, Kipe2 et Dimesse 2019 re\u00e7u par le ministre de l\u2019urbanisme | Guin\u00e9e Diversit\u00e9","robots":{"index":"index","follow":"follow","max-snippet":"max-snippet:-1","max-image-preview":"max-image-preview:large","max-video-preview":"max-video-preview:-1"},"canonical":"https:\/\/guineediversite.com\/index.php\/2021\/11\/27\/le-collectif-des-victimes-de-kaporo-rails-kipe2-et-dimesse-2019-recu-par-le-ministre-de-lurbanisme\/","og_locale":"fr_FR","og_type":"article","og_title":"Le collectif des victimes de Kaporo-Rails, Kipe2 et Dimesse 2019 re\u00e7u par le ministre de l\u2019urbanisme | Guin\u00e9e Diversit\u00e9","og_description":"Une d\u00e9l\u00e9gation des victimes de d\u00e9guerpissement\u00a0 de Kaporo-Rails, Kipe2 et Dimesse 2019 ont \u00e9t\u00e9 re\u00e7u ce vendredi par le ministre de l\u2019urbanisme Ousmane Gaoual Diallo. \u00a0\u00a0En toile de fonds, faire la situation des victimes aupr\u00e8s des nouvelles autorit\u00e9s. Voici le communiqu\u00e9 de la rencontre\u00a0: Pour la premi\u00e8re fois apr\u00e8s la d\u00e9molition de plus de 2500 [&hellip;]","og_url":"https:\/\/guineediversite.com\/index.php\/2021\/11\/27\/le-collectif-des-victimes-de-kaporo-rails-kipe2-et-dimesse-2019-recu-par-le-ministre-de-lurbanisme\/","og_site_name":"Guin\u00e9e Diversit\u00e9","article_publisher":"https:\/\/www.facebook.com\/guineediversite\/","article_published_time":"2021-11-27T09:41:57+00:00","og_image":[{"width":1300,"height":632,"url":"https:\/\/guineediversite.com\/wp-content\/uploads\/2021\/11\/WhatsApp-Image-2021-11-27-at-09.18.17.jpeg","type":"image\/jpeg"}],"author":"Morcire Camara","twitter_card":"summary_large_image","twitter_creator":"@GuineeDiversite","twitter_site":"@GuineeDiversite","twitter_misc":{"\u00c9crit par":"Morcire Camara","Dur\u00e9e de lecture estim\u00e9e":"2 minutes"},"schema":{"@context":"https:\/\/schema.org","@graph":[{"@type":"Article","@id":"https:\/\/guineediversite.com\/index.php\/2021\/11\/27\/le-collectif-des-victimes-de-kaporo-rails-kipe2-et-dimesse-2019-recu-par-le-ministre-de-lurbanisme\/#article","isPartOf":{"@id":"https:\/\/guineediversite.com\/index.php\/2021\/11\/27\/le-collectif-des-victimes-de-kaporo-rails-kipe2-et-dimesse-2019-recu-par-le-ministre-de-lurbanisme\/"},"author":{"name":"Morcire Camara","@id":"https:\/\/guineediversite.com\/#\/schema\/person\/fa362494c47202ce4b3adf55abcc9d01"},"headline":"Le collectif des victimes de Kaporo-Rails, Kipe2 et Dimesse 2019 re\u00e7u par le ministre de l\u2019urbanisme","datePublished":"2021-11-27T09:41:57+00:00","dateModified":"2021-11-27T09:41:57+00:00","mainEntityOfPage":{"@id":"https:\/\/guineediversite.com\/index.php\/2021\/11\/27\/le-collectif-des-victimes-de-kaporo-rails-kipe2-et-dimesse-2019-recu-par-le-ministre-de-lurbanisme\/"},"wordCount":448,"publisher":{"@id":"https:\/\/guineediversite.com\/#organization"},"image":{"@id":"https:\/\/guineediversite.com\/index.php\/2021\/11\/27\/le-collectif-des-victimes-de-kaporo-rails-kipe2-et-dimesse-2019-recu-par-le-ministre-de-lurbanisme\/#primaryimage"},"thumbnailUrl":"https:\/\/guineediversite.com\/wp-content\/uploads\/2021\/11\/WhatsApp-Image-2021-11-27-at-09.18.17.jpeg","articleSection":["Soci\u00e9t\u00e9"],"inLanguage":"fr-FR"},{"@type":"WebPage","@id":"https:\/\/guineediversite.com\/index.php\/2021\/11\/27\/le-collectif-des-victimes-de-kaporo-rails-kipe2-et-dimesse-2019-recu-par-le-ministre-de-lurbanisme\/","url":"https:\/\/guineediversite.com\/index.php\/2021\/11\/27\/le-collectif-des-victimes-de-kaporo-rails-kipe2-et-dimesse-2019-recu-par-le-ministre-de-lurbanisme\/","name":"Le collectif des victimes de Kaporo-Rails, Kipe2 et Dimesse 2019 re\u00e7u par le ministre de l\u2019urbanisme | Guin\u00e9e Diversit\u00e9","isPartOf":{"@id":"https:\/\/guineediversite.com\/#website"},"primaryImageOfPage":{"@id":"https:\/\/guineediversite.com\/index.php\/2021\/11\/27\/le-collectif-des-victimes-de-kaporo-rails-kipe2-et-dimesse-2019-recu-par-le-ministre-de-lurbanisme\/#primaryimage"},"image":{"@id":"https:\/\/guineediversite.com\/index.php\/2021\/11\/27\/le-collectif-des-victimes-de-kaporo-rails-kipe2-et-dimesse-2019-recu-par-le-ministre-de-lurbanisme\/#primaryimage"},"thumbnailUrl":"https:\/\/guineediversite.com\/wp-content\/uploads\/2021\/11\/WhatsApp-Image-2021-11-27-at-09.18.17.jpeg","datePublished":"2021-11-27T09:41:57+00:00","dateModified":"2021-11-27T09:41:57+00:00","breadcrumb":{"@id":"https:\/\/guineediversite.com\/index.php\/2021\/11\/27\/le-collectif-des-victimes-de-kaporo-rails-kipe2-et-dimesse-2019-recu-par-le-ministre-de-lurbanisme\/#breadcrumb"},"inLanguage":"fr-FR","potentialAction":[{"@type":"ReadAction","target":["https:\/\/guineediversite.com\/index.php\/2021\/11\/27\/le-collectif-des-victimes-de-kaporo-rails-kipe2-et-dimesse-2019-recu-par-le-ministre-de-lurbanisme\/"]}]},{"@type":"ImageObject","inLanguage":"fr-FR","@id":"https:\/\/guineediversite.com\/index.php\/2021\/11\/27\/le-collectif-des-victimes-de-kaporo-rails-kipe2-et-dimesse-2019-recu-par-le-ministre-de-lurbanisme\/#primaryimage","url":"https:\/\/guineediversite.com\/wp-content\/uploads\/2021\/11\/WhatsApp-Image-2021-11-27-at-09.18.17.jpeg","contentUrl":"https:\/\/guineediversite.com\/wp-content\/uploads\/2021\/11\/WhatsApp-Image-2021-11-27-at-09.18.17.jpeg","width":1300,"height":632},{"@type":"BreadcrumbList","@id":"https:\/\/guineediversite.com\/index.php\/2021\/11\/27\/le-collectif-des-victimes-de-kaporo-rails-kipe2-et-dimesse-2019-recu-par-le-ministre-de-lurbanisme\/#breadcrumb","itemListElement":[{"@type":"ListItem","position":1,"name":"Accueil","item":"https:\/\/guineediversite.com\/"},{"@type":"ListItem","position":2,"name":"Le collectif des victimes de Kaporo-Rails, Kipe2 et Dimesse 2019 re\u00e7u par le ministre de l\u2019urbanisme"}]},{"@type":"WebSite","@id":"https:\/\/guineediversite.com\/#website","url":"https:\/\/guineediversite.com\/","name":"Guin\u00e9e Diversit\u00e9","description":"L&#039;Info dans toute sa diversit\u00e9","publisher":{"@id":"https:\/\/guineediversite.com\/#organization"},"potentialAction":[{"@type":"SearchAction","target":{"@type":"EntryPoint","urlTemplate":"https:\/\/guineediversite.com\/?s={search_term_string}"},"query-input":{"@type":"PropertyValueSpecification","valueRequired":true,"valueName":"search_term_string"}}],"inLanguage":"fr-FR"},{"@type":"Organization","@id":"https:\/\/guineediversite.com\/#organization","name":"Guin\u00e9e Diversit\u00e9","url":"https:\/\/guineediversite.com\/","logo":{"@type":"ImageObject","inLanguage":"fr-FR","@id":"https:\/\/guineediversite.com\/#\/schema\/logo\/image\/","url":"https:\/\/guineediversite.com\/wp-content\/uploads\/2017\/04\/cropped-1jojlxEOMkX9Wyqfhe43D6kjPOGqBBKmx3EwWJqZ0cMrFF54yM49.png","contentUrl":"https:\/\/guineediversite.com\/wp-content\/uploads\/2017\/04\/cropped-1jojlxEOMkX9Wyqfhe43D6kjPOGqBBKmx3EwWJqZ0cMrFF54yM49.png","width":186,"height":112,"caption":"Guin\u00e9e Diversit\u00e9"},"image":{"@id":"https:\/\/guineediversite.com\/#\/schema\/logo\/image\/"},"sameAs":["https:\/\/www.facebook.com\/guineediversite\/","https:\/\/x.com\/GuineeDiversite","https:\/\/www.youtube.com\/channel\/UC8sUY16qelG5ge6_D5SB83g"]},{"@type":"Person","@id":"https:\/\/guineediversite.com\/#\/schema\/person\/fa362494c47202ce4b3adf55abcc9d01","name":"Morcire Camara","image":{"@type":"ImageObject","inLanguage":"fr-FR","@id":"https:\/\/guineediversite.com\/#\/schema\/person\/image\/","url":"https:\/\/secure.gravatar.com\/avatar\/3ec324f02295bbcebe03d99b39330ab4?s=96&d=mm&r=g","contentUrl":"https:\/\/secure.gravatar.com\/avatar\/3ec324f02295bbcebe03d99b39330ab4?s=96&d=mm&r=g","caption":"Morcire Camara"},"url":"https:\/\/guineediversite.com\/index.php\/author\/morcire\/"}]}},"_links":{"self":[{"href":"https:\/\/guineediversite.com\/index.php\/wp-json\/wp\/v2\/posts\/31989"}],"collection":[{"href":"https:\/\/guineediversite.com\/index.php\/wp-json\/wp\/v2\/posts"}],"about":[{"href":"https:\/\/guineediversite.com\/index.php\/wp-json\/wp\/v2\/types\/post"}],"author":[{"embeddable":true,"href":"https:\/\/guineediversite.com\/index.php\/wp-json\/wp\/v2\/users\/10"}],"replies":[{"embeddable":true,"href":"https:\/\/guineediversite.com\/index.php\/wp-json\/wp\/v2\/comments?post=31989"}],"version-history":[{"count":1,"href":"https:\/\/guineediversite.com\/index.php\/wp-json\/wp\/v2\/posts\/31989\/revisions"}],"predecessor-version":[{"id":31991,"href":"https:\/\/guineediversite.com\/index.php\/wp-json\/wp\/v2\/posts\/31989\/revisions\/31991"}],"wp:featuredmedia":[{"embeddable":true,"href":"https:\/\/guineediversite.com\/index.php\/wp-json\/wp\/v2\/media\/31990"}],"wp:attachment":[{"href":"https:\/\/guineediversite.com\/index.php\/wp-json\/wp\/v2\/media?parent=31989"}],"wp:term":[{"taxonomy":"category","embeddable":true,"href":"https:\/\/guineediversite.com\/index.php\/wp-json\/wp\/v2\/categories?post=31989"},{"taxonomy":"post_tag","embeddable":true,"href":"https:\/\/guineediversite.com\/index.php\/wp-json\/wp\/v2\/tags?post=31989"}],"curies":[{"name":"wp","href":"https:\/\/api.w.org\/{rel}","templated":true}]}}