{"id":31895,"date":"2021-11-16T00:27:07","date_gmt":"2021-11-15T23:27:07","guid":{"rendered":"https:\/\/guineediversite.com\/?p=31895"},"modified":"2021-11-16T00:27:07","modified_gmt":"2021-11-15T23:27:07","slug":"mamadi-doumboya-se-prononce-sur-lavenir-dalpha-conde-video","status":"publish","type":"post","link":"https:\/\/guineediversite.com\/index.php\/2021\/11\/16\/mamadi-doumboya-se-prononce-sur-lavenir-dalpha-conde-video\/","title":{"rendered":"Mamadi Doumboya se prononce sur l&rsquo;avenir d&rsquo;Alpha Cond\u00e9 ( vid\u00e9o)"},"content":{"rendered":"<p><strong>Le pr\u00e9sident de la transition guin\u00e9enne a accord\u00e9 une interview \u00e0 Radio France Internationale le lundi 16 novembre 2021. C&rsquo;est sa toute premi\u00e8re intervention sur un m\u00e9dia internationale. Nous vous proposons ici l&rsquo;int\u00e9gralit\u00e9 de cette interview r\u00e9alis\u00e9e par nos confr\u00e8res de RFI.<\/strong><\/p>\n<p><iframe loading=\"lazy\" title=\"YouTube video player\" src=\"https:\/\/www.youtube.com\/embed\/R9eNrlXKDq8\" width=\"560\" height=\"315\" frameborder=\"0\" allowfullscreen=\"allowfullscreen\"><\/iframe><\/p>\n","protected":false},"excerpt":{"rendered":"<p>Le pr\u00e9sident de la transition guin\u00e9enne a accord\u00e9 une interview \u00e0 Radio France Internationale le lundi 16 novembre 2021. C&rsquo;est sa toute premi\u00e8re intervention sur un m\u00e9dia internationale. Nous vous proposons ici l&rsquo;int\u00e9gralit\u00e9 de cette interview r\u00e9alis\u00e9e par nos confr\u00e8res de RFI.<\/p>\n","protected":false},"author":12,"featured_media":31454,"comment_status":"open","ping_status":"open","sticky":false,"template":"","format":"video","meta":{"_exactmetrics_skip_tracking":false,"_exactmetrics_sitenote_active":false,"_exactmetrics_sitenote_note":"","_exactmetrics_sitenote_category":0,"tdm_status":"","tdm_grid_status":"","footnotes":""},"categories":[460,14],"tags":[226,41,494,495],"class_list":{"0":"post-31895","1":"post","2":"type-post","3":"status-publish","4":"format-video","5":"has-post-thumbnail","7":"category-en-images","8":"category-politique","9":"tag-alpha-conde","10":"tag-guinee","11":"tag-mamadi-doumboya","12":"tag-rfi","13":"post_format-post-format-video"},"yoast_head":"<!-- This site is optimized with the Yoast SEO plugin v24.2 - https:\/\/yoast.com\/wordpress\/plugins\/seo\/ -->\n<title>Mamadi Doumboya se prononce sur l&#039;avenir d&#039;Alpha Cond\u00e9 ( vid\u00e9o) | Guin\u00e9e Diversit\u00e9<\/title>\n<meta name=\"robots\" content=\"index, follow, max-snippet:-1, max-image-preview:large, max-video-preview:-1\" \/>\n<link rel=\"canonical\" href=\"https:\/\/guineediversite.com\/index.php\/2021\/11\/16\/mamadi-doumboya-se-prononce-sur-lavenir-dalpha-conde-video\/\" \/>\n<meta property=\"og:locale\" content=\"fr_FR\" \/>\n<meta property=\"og:type\" content=\"article\" \/>\n<meta property=\"og:title\" content=\"Mamadi Doumboya se prononce sur l&#039;avenir d&#039;Alpha Cond\u00e9 ( vid\u00e9o) | Guin\u00e9e Diversit\u00e9\" \/>\n<meta property=\"og:description\" content=\"Le pr\u00e9sident de la transition guin\u00e9enne a accord\u00e9 une interview \u00e0 Radio France Internationale le lundi 16 novembre 2021. C&rsquo;est sa toute premi\u00e8re intervention sur un m\u00e9dia internationale. Nous vous proposons ici l&rsquo;int\u00e9gralit\u00e9 de cette interview r\u00e9alis\u00e9e par nos confr\u00e8res de RFI.\" \/>\n<meta property=\"og:url\" content=\"https:\/\/guineediversite.com\/index.php\/2021\/11\/16\/mamadi-doumboya-se-prononce-sur-lavenir-dalpha-conde-video\/\" \/>\n<meta property=\"og:site_name\" content=\"Guin\u00e9e Diversit\u00e9\" \/>\n<meta property=\"article:publisher\" content=\"https:\/\/www.facebook.com\/guineediversite\/\" \/>\n<meta property=\"article:published_time\" content=\"2021-11-15T23:27:07+00:00\" \/>\n<meta property=\"og:image\" content=\"https:\/\/guineediversite.com\/wp-content\/uploads\/2021\/09\/000_9MC6C2-1.jpg\" \/>\n\t<meta property=\"og:image:width\" content=\"2480\" \/>\n\t<meta property=\"og:image:height\" content=\"1653\" \/>\n\t<meta property=\"og:image:type\" content=\"image\/jpeg\" \/>\n<meta name=\"author\" content=\"Guin\u00e9e Diversit\u00e9\" \/>\n<meta name=\"twitter:card\" content=\"summary_large_image\" \/>\n<meta name=\"twitter:creator\" content=\"@GuineeDiversite\" \/>\n<meta name=\"twitter:site\" content=\"@GuineeDiversite\" \/>\n<meta name=\"twitter:label1\" content=\"\u00c9crit par\" \/>\n\t<meta name=\"twitter:data1\" content=\"Guin\u00e9e Diversit\u00e9\" \/>\n<script type=\"application\/ld+json\" class=\"yoast-schema-graph\">{\"@context\":\"https:\/\/schema.org\",\"@graph\":[{\"@type\":\"Article\",\"@id\":\"https:\/\/guineediversite.com\/index.php\/2021\/11\/16\/mamadi-doumboya-se-prononce-sur-lavenir-dalpha-conde-video\/#article\",\"isPartOf\":{\"@id\":\"https:\/\/guineediversite.com\/index.php\/2021\/11\/16\/mamadi-doumboya-se-prononce-sur-lavenir-dalpha-conde-video\/\"},\"author\":{\"name\":\"Guin\u00e9e Diversit\u00e9\",\"@id\":\"https:\/\/guineediversite.com\/#\/schema\/person\/afa08fb34e7fc6e1feafc892612bc836\"},\"headline\":\"Mamadi Doumboya se prononce sur l&rsquo;avenir d&rsquo;Alpha Cond\u00e9 ( vid\u00e9o)\",\"datePublished\":\"2021-11-15T23:27:07+00:00\",\"dateModified\":\"2021-11-15T23:27:07+00:00\",\"mainEntityOfPage\":{\"@id\":\"https:\/\/guineediversite.com\/index.php\/2021\/11\/16\/mamadi-doumboya-se-prononce-sur-lavenir-dalpha-conde-video\/\"},\"wordCount\":61,\"commentCount\":0,\"publisher\":{\"@id\":\"https:\/\/guineediversite.com\/#organization\"},\"image\":{\"@id\":\"https:\/\/guineediversite.com\/index.php\/2021\/11\/16\/mamadi-doumboya-se-prononce-sur-lavenir-dalpha-conde-video\/#primaryimage\"},\"thumbnailUrl\":\"https:\/\/guineediversite.com\/wp-content\/uploads\/2021\/09\/000_9MC6C2-1.jpg\",\"keywords\":[\"Alpha Cond\u00e9\",\"Guin\u00e9e\",\"Mamadi Doumboya;\",\"RFI\"],\"articleSection\":[\"En Images\",\"Politique\"],\"inLanguage\":\"fr-FR\",\"potentialAction\":[{\"@type\":\"CommentAction\",\"name\":\"Comment\",\"target\":[\"https:\/\/guineediversite.com\/index.php\/2021\/11\/16\/mamadi-doumboya-se-prononce-sur-lavenir-dalpha-conde-video\/#respond\"]}]},{\"@type\":\"WebPage\",\"@id\":\"https:\/\/guineediversite.com\/index.php\/2021\/11\/16\/mamadi-doumboya-se-prononce-sur-lavenir-dalpha-conde-video\/\",\"url\":\"https:\/\/guineediversite.com\/index.php\/2021\/11\/16\/mamadi-doumboya-se-prononce-sur-lavenir-dalpha-conde-video\/\",\"name\":\"Mamadi Doumboya se prononce sur l'avenir d'Alpha Cond\u00e9 ( vid\u00e9o) | Guin\u00e9e Diversit\u00e9\",\"isPartOf\":{\"@id\":\"https:\/\/guineediversite.com\/#website\"},\"primaryImageOfPage\":{\"@id\":\"https:\/\/guineediversite.com\/index.php\/2021\/11\/16\/mamadi-doumboya-se-prononce-sur-lavenir-dalpha-conde-video\/#primaryimage\"},\"image\":{\"@id\":\"https:\/\/guineediversite.com\/index.php\/2021\/11\/16\/mamadi-doumboya-se-prononce-sur-lavenir-dalpha-conde-video\/#primaryimage\"},\"thumbnailUrl\":\"https:\/\/guineediversite.com\/wp-content\/uploads\/2021\/09\/000_9MC6C2-1.jpg\",\"datePublished\":\"2021-11-15T23:27:07+00:00\",\"dateModified\":\"2021-11-15T23:27:07+00:00\",\"breadcrumb\":{\"@id\":\"https:\/\/guineediversite.com\/index.php\/2021\/11\/16\/mamadi-doumboya-se-prononce-sur-lavenir-dalpha-conde-video\/#breadcrumb\"},\"inLanguage\":\"fr-FR\",\"potentialAction\":[{\"@type\":\"ReadAction\",\"target\":[\"https:\/\/guineediversite.com\/index.php\/2021\/11\/16\/mamadi-doumboya-se-prononce-sur-lavenir-dalpha-conde-video\/\"]}]},{\"@type\":\"ImageObject\",\"inLanguage\":\"fr-FR\",\"@id\":\"https:\/\/guineediversite.com\/index.php\/2021\/11\/16\/mamadi-doumboya-se-prononce-sur-lavenir-dalpha-conde-video\/#primaryimage\",\"url\":\"https:\/\/guineediversite.com\/wp-content\/uploads\/2021\/09\/000_9MC6C2-1.jpg\",\"contentUrl\":\"https:\/\/guineediversite.com\/wp-content\/uploads\/2021\/09\/000_9MC6C2-1.jpg\",\"width\":2480,\"height\":1653},{\"@type\":\"BreadcrumbList\",\"@id\":\"https:\/\/guineediversite.com\/index.php\/2021\/11\/16\/mamadi-doumboya-se-prononce-sur-lavenir-dalpha-conde-video\/#breadcrumb\",\"itemListElement\":[{\"@type\":\"ListItem\",\"position\":1,\"name\":\"Accueil\",\"item\":\"https:\/\/guineediversite.com\/\"},{\"@type\":\"ListItem\",\"position\":2,\"name\":\"Mamadi Doumboya se prononce sur l&rsquo;avenir d&rsquo;Alpha Cond\u00e9 ( vid\u00e9o)\"}]},{\"@type\":\"WebSite\",\"@id\":\"https:\/\/guineediversite.com\/#website\",\"url\":\"https:\/\/guineediversite.com\/\",\"name\":\"Guin\u00e9e Diversit\u00e9\",\"description\":\"L&#039;Info dans toute sa diversit\u00e9\",\"publisher\":{\"@id\":\"https:\/\/guineediversite.com\/#organization\"},\"potentialAction\":[{\"@type\":\"SearchAction\",\"target\":{\"@type\":\"EntryPoint\",\"urlTemplate\":\"https:\/\/guineediversite.com\/?s={search_term_string}\"},\"query-input\":{\"@type\":\"PropertyValueSpecification\",\"valueRequired\":true,\"valueName\":\"search_term_string\"}}],\"inLanguage\":\"fr-FR\"},{\"@type\":\"Organization\",\"@id\":\"https:\/\/guineediversite.com\/#organization\",\"name\":\"Guin\u00e9e Diversit\u00e9\",\"url\":\"https:\/\/guineediversite.com\/\",\"logo\":{\"@type\":\"ImageObject\",\"inLanguage\":\"fr-FR\",\"@id\":\"https:\/\/guineediversite.com\/#\/schema\/logo\/image\/\",\"url\":\"https:\/\/guineediversite.com\/wp-content\/uploads\/2017\/04\/cropped-1jojlxEOMkX9Wyqfhe43D6kjPOGqBBKmx3EwWJqZ0cMrFF54yM49.png\",\"contentUrl\":\"https:\/\/guineediversite.com\/wp-content\/uploads\/2017\/04\/cropped-1jojlxEOMkX9Wyqfhe43D6kjPOGqBBKmx3EwWJqZ0cMrFF54yM49.png\",\"width\":186,\"height\":112,\"caption\":\"Guin\u00e9e Diversit\u00e9\"},\"image\":{\"@id\":\"https:\/\/guineediversite.com\/#\/schema\/logo\/image\/\"},\"sameAs\":[\"https:\/\/www.facebook.com\/guineediversite\/\",\"https:\/\/x.com\/GuineeDiversite\",\"https:\/\/www.youtube.com\/channel\/UC8sUY16qelG5ge6_D5SB83g\"]},{\"@type\":\"Person\",\"@id\":\"https:\/\/guineediversite.com\/#\/schema\/person\/afa08fb34e7fc6e1feafc892612bc836\",\"name\":\"Guin\u00e9e Diversit\u00e9\",\"image\":{\"@type\":\"ImageObject\",\"inLanguage\":\"fr-FR\",\"@id\":\"https:\/\/guineediversite.com\/#\/schema\/person\/image\/\",\"url\":\"https:\/\/secure.gravatar.com\/avatar\/50d5eb5b390f8b65ac30ac6f898eb83a?s=96&d=mm&r=g\",\"contentUrl\":\"https:\/\/secure.gravatar.com\/avatar\/50d5eb5b390f8b65ac30ac6f898eb83a?s=96&d=mm&r=g\",\"caption\":\"Guin\u00e9e Diversit\u00e9\"},\"url\":\"https:\/\/guineediversite.com\/index.php\/author\/guineediversite\/\"}]}<\/script>\n<!-- \/ Yoast SEO plugin. -->","yoast_head_json":{"title":"Mamadi Doumboya se prononce sur l'avenir d'Alpha Cond\u00e9 ( vid\u00e9o) | Guin\u00e9e Diversit\u00e9","robots":{"index":"index","follow":"follow","max-snippet":"max-snippet:-1","max-image-preview":"max-image-preview:large","max-video-preview":"max-video-preview:-1"},"canonical":"https:\/\/guineediversite.com\/index.php\/2021\/11\/16\/mamadi-doumboya-se-prononce-sur-lavenir-dalpha-conde-video\/","og_locale":"fr_FR","og_type":"article","og_title":"Mamadi Doumboya se prononce sur l'avenir d'Alpha Cond\u00e9 ( vid\u00e9o) | Guin\u00e9e Diversit\u00e9","og_description":"Le pr\u00e9sident de la transition guin\u00e9enne a accord\u00e9 une interview \u00e0 Radio France Internationale le lundi 16 novembre 2021. C&rsquo;est sa toute premi\u00e8re intervention sur un m\u00e9dia internationale. Nous vous proposons ici l&rsquo;int\u00e9gralit\u00e9 de cette interview r\u00e9alis\u00e9e par nos confr\u00e8res de RFI.","og_url":"https:\/\/guineediversite.com\/index.php\/2021\/11\/16\/mamadi-doumboya-se-prononce-sur-lavenir-dalpha-conde-video\/","og_site_name":"Guin\u00e9e Diversit\u00e9","article_publisher":"https:\/\/www.facebook.com\/guineediversite\/","article_published_time":"2021-11-15T23:27:07+00:00","og_image":[{"width":2480,"height":1653,"url":"https:\/\/guineediversite.com\/wp-content\/uploads\/2021\/09\/000_9MC6C2-1.jpg","type":"image\/jpeg"}],"author":"Guin\u00e9e Diversit\u00e9","twitter_card":"summary_large_image","twitter_creator":"@GuineeDiversite","twitter_site":"@GuineeDiversite","twitter_misc":{"\u00c9crit par":"Guin\u00e9e Diversit\u00e9"},"schema":{"@context":"https:\/\/schema.org","@graph":[{"@type":"Article","@id":"https:\/\/guineediversite.com\/index.php\/2021\/11\/16\/mamadi-doumboya-se-prononce-sur-lavenir-dalpha-conde-video\/#article","isPartOf":{"@id":"https:\/\/guineediversite.com\/index.php\/2021\/11\/16\/mamadi-doumboya-se-prononce-sur-lavenir-dalpha-conde-video\/"},"author":{"name":"Guin\u00e9e Diversit\u00e9","@id":"https:\/\/guineediversite.com\/#\/schema\/person\/afa08fb34e7fc6e1feafc892612bc836"},"headline":"Mamadi Doumboya se prononce sur l&rsquo;avenir d&rsquo;Alpha Cond\u00e9 ( vid\u00e9o)","datePublished":"2021-11-15T23:27:07+00:00","dateModified":"2021-11-15T23:27:07+00:00","mainEntityOfPage":{"@id":"https:\/\/guineediversite.com\/index.php\/2021\/11\/16\/mamadi-doumboya-se-prononce-sur-lavenir-dalpha-conde-video\/"},"wordCount":61,"commentCount":0,"publisher":{"@id":"https:\/\/guineediversite.com\/#organization"},"image":{"@id":"https:\/\/guineediversite.com\/index.php\/2021\/11\/16\/mamadi-doumboya-se-prononce-sur-lavenir-dalpha-conde-video\/#primaryimage"},"thumbnailUrl":"https:\/\/guineediversite.com\/wp-content\/uploads\/2021\/09\/000_9MC6C2-1.jpg","keywords":["Alpha Cond\u00e9","Guin\u00e9e","Mamadi Doumboya;","RFI"],"articleSection":["En Images","Politique"],"inLanguage":"fr-FR","potentialAction":[{"@type":"CommentAction","name":"Comment","target":["https:\/\/guineediversite.com\/index.php\/2021\/11\/16\/mamadi-doumboya-se-prononce-sur-lavenir-dalpha-conde-video\/#respond"]}]},{"@type":"WebPage","@id":"https:\/\/guineediversite.com\/index.php\/2021\/11\/16\/mamadi-doumboya-se-prononce-sur-lavenir-dalpha-conde-video\/","url":"https:\/\/guineediversite.com\/index.php\/2021\/11\/16\/mamadi-doumboya-se-prononce-sur-lavenir-dalpha-conde-video\/","name":"Mamadi Doumboya se prononce sur l'avenir d'Alpha Cond\u00e9 ( vid\u00e9o) | Guin\u00e9e Diversit\u00e9","isPartOf":{"@id":"https:\/\/guineediversite.com\/#website"},"primaryImageOfPage":{"@id":"https:\/\/guineediversite.com\/index.php\/2021\/11\/16\/mamadi-doumboya-se-prononce-sur-lavenir-dalpha-conde-video\/#primaryimage"},"image":{"@id":"https:\/\/guineediversite.com\/index.php\/2021\/11\/16\/mamadi-doumboya-se-prononce-sur-lavenir-dalpha-conde-video\/#primaryimage"},"thumbnailUrl":"https:\/\/guineediversite.com\/wp-content\/uploads\/2021\/09\/000_9MC6C2-1.jpg","datePublished":"2021-11-15T23:27:07+00:00","dateModified":"2021-11-15T23:27:07+00:00","breadcrumb":{"@id":"https:\/\/guineediversite.com\/index.php\/2021\/11\/16\/mamadi-doumboya-se-prononce-sur-lavenir-dalpha-conde-video\/#breadcrumb"},"inLanguage":"fr-FR","potentialAction":[{"@type":"ReadAction","target":["https:\/\/guineediversite.com\/index.php\/2021\/11\/16\/mamadi-doumboya-se-prononce-sur-lavenir-dalpha-conde-video\/"]}]},{"@type":"ImageObject","inLanguage":"fr-FR","@id":"https:\/\/guineediversite.com\/index.php\/2021\/11\/16\/mamadi-doumboya-se-prononce-sur-lavenir-dalpha-conde-video\/#primaryimage","url":"https:\/\/guineediversite.com\/wp-content\/uploads\/2021\/09\/000_9MC6C2-1.jpg","contentUrl":"https:\/\/guineediversite.com\/wp-content\/uploads\/2021\/09\/000_9MC6C2-1.jpg","width":2480,"height":1653},{"@type":"BreadcrumbList","@id":"https:\/\/guineediversite.com\/index.php\/2021\/11\/16\/mamadi-doumboya-se-prononce-sur-lavenir-dalpha-conde-video\/#breadcrumb","itemListElement":[{"@type":"ListItem","position":1,"name":"Accueil","item":"https:\/\/guineediversite.com\/"},{"@type":"ListItem","position":2,"name":"Mamadi Doumboya se prononce sur l&rsquo;avenir d&rsquo;Alpha Cond\u00e9 ( vid\u00e9o)"}]},{"@type":"WebSite","@id":"https:\/\/guineediversite.com\/#website","url":"https:\/\/guineediversite.com\/","name":"Guin\u00e9e Diversit\u00e9","description":"L&#039;Info dans toute sa diversit\u00e9","publisher":{"@id":"https:\/\/guineediversite.com\/#organization"},"potentialAction":[{"@type":"SearchAction","target":{"@type":"EntryPoint","urlTemplate":"https:\/\/guineediversite.com\/?s={search_term_string}"},"query-input":{"@type":"PropertyValueSpecification","valueRequired":true,"valueName":"search_term_string"}}],"inLanguage":"fr-FR"},{"@type":"Organization","@id":"https:\/\/guineediversite.com\/#organization","name":"Guin\u00e9e Diversit\u00e9","url":"https:\/\/guineediversite.com\/","logo":{"@type":"ImageObject","inLanguage":"fr-FR","@id":"https:\/\/guineediversite.com\/#\/schema\/logo\/image\/","url":"https:\/\/guineediversite.com\/wp-content\/uploads\/2017\/04\/cropped-1jojlxEOMkX9Wyqfhe43D6kjPOGqBBKmx3EwWJqZ0cMrFF54yM49.png","contentUrl":"https:\/\/guineediversite.com\/wp-content\/uploads\/2017\/04\/cropped-1jojlxEOMkX9Wyqfhe43D6kjPOGqBBKmx3EwWJqZ0cMrFF54yM49.png","width":186,"height":112,"caption":"Guin\u00e9e Diversit\u00e9"},"image":{"@id":"https:\/\/guineediversite.com\/#\/schema\/logo\/image\/"},"sameAs":["https:\/\/www.facebook.com\/guineediversite\/","https:\/\/x.com\/GuineeDiversite","https:\/\/www.youtube.com\/channel\/UC8sUY16qelG5ge6_D5SB83g"]},{"@type":"Person","@id":"https:\/\/guineediversite.com\/#\/schema\/person\/afa08fb34e7fc6e1feafc892612bc836","name":"Guin\u00e9e Diversit\u00e9","image":{"@type":"ImageObject","inLanguage":"fr-FR","@id":"https:\/\/guineediversite.com\/#\/schema\/person\/image\/","url":"https:\/\/secure.gravatar.com\/avatar\/50d5eb5b390f8b65ac30ac6f898eb83a?s=96&d=mm&r=g","contentUrl":"https:\/\/secure.gravatar.com\/avatar\/50d5eb5b390f8b65ac30ac6f898eb83a?s=96&d=mm&r=g","caption":"Guin\u00e9e Diversit\u00e9"},"url":"https:\/\/guineediversite.com\/index.php\/author\/guineediversite\/"}]}},"_links":{"self":[{"href":"https:\/\/guineediversite.com\/index.php\/wp-json\/wp\/v2\/posts\/31895"}],"collection":[{"href":"https:\/\/guineediversite.com\/index.php\/wp-json\/wp\/v2\/posts"}],"about":[{"href":"https:\/\/guineediversite.com\/index.php\/wp-json\/wp\/v2\/types\/post"}],"author":[{"embeddable":true,"href":"https:\/\/guineediversite.com\/index.php\/wp-json\/wp\/v2\/users\/12"}],"replies":[{"embeddable":true,"href":"https:\/\/guineediversite.com\/index.php\/wp-json\/wp\/v2\/comments?post=31895"}],"version-history":[{"count":2,"href":"https:\/\/guineediversite.com\/index.php\/wp-json\/wp\/v2\/posts\/31895\/revisions"}],"predecessor-version":[{"id":31897,"href":"https:\/\/guineediversite.com\/index.php\/wp-json\/wp\/v2\/posts\/31895\/revisions\/31897"}],"wp:featuredmedia":[{"embeddable":true,"href":"https:\/\/guineediversite.com\/index.php\/wp-json\/wp\/v2\/media\/31454"}],"wp:attachment":[{"href":"https:\/\/guineediversite.com\/index.php\/wp-json\/wp\/v2\/media?parent=31895"}],"wp:term":[{"taxonomy":"category","embeddable":true,"href":"https:\/\/guineediversite.com\/index.php\/wp-json\/wp\/v2\/categories?post=31895"},{"taxonomy":"post_tag","embeddable":true,"href":"https:\/\/guineediversite.com\/index.php\/wp-json\/wp\/v2\/tags?post=31895"}],"curies":[{"name":"wp","href":"https:\/\/api.w.org\/{rel}","templated":true}]}}