{"id":31884,"date":"2021-11-15T21:38:45","date_gmt":"2021-11-15T20:38:45","guid":{"rendered":"https:\/\/guineediversite.com\/?p=31884"},"modified":"2021-11-15T21:38:45","modified_gmt":"2021-11-15T20:38:45","slug":"matoto-les-employes-grevistes-de-lentreprise-kkt-royal-se-confie-au-maire","status":"publish","type":"post","link":"https:\/\/guineediversite.com\/index.php\/2021\/11\/15\/matoto-les-employes-grevistes-de-lentreprise-kkt-royal-se-confie-au-maire\/","title":{"rendered":"Matoto: les employ\u00e9s gr\u00e9vistes de l&rsquo;entreprise KKT Royal se confie au maire"},"content":{"rendered":"<p><strong>Ce lundi 15 novembre 2021, les gr\u00e9vistes de l\u2019entreprise KKT Royal sont all\u00e9s soumettre leur revendication au maire de la circonscription de Matoto Mamadouba Tos Camara. Ils ont scand\u00e9 le slogan \u00ab <em>l&rsquo;ouvrier n&rsquo;est pas un outil; ensemble pour une condition salariale am\u00e9lior\u00e9e <\/em>\u00bb. <\/strong><\/p>\n<p>Au cours de leurs revendications, les employ\u00e9s ont d\u00e9nonc\u00e9 la marginalisation des responsables de ladite soci\u00e9t\u00e9 de fabrication de bonbon et de savon.<\/p>\n<p>Mamadouba Bangoura s\u2019est exprim\u00e9 au nom du collectif qu\u2019il y a trois jours de cela que leur lettre de revendication a \u00e9t\u00e9 d\u00e9pos\u00e9e aupr\u00e8s des responsables de ladite entreprise.<\/p>\n<p>Il ( Mamadouba Bangoura Ndlr) s\u2019est exprim\u00e9 en ces termes: \u00ab\u00a0<em>am\u00e9lioration des conditions salariales, pour un d\u00e9part, nous avions dit depuis les embauch\u00e9s \u00e0 90 mille francs par jour et les journaliers permanents, c&rsquo;est-\u00e0-dire les travailleurs temporaires \u00e0 hauteur de 60 mille francs par jour. Chose qui n&rsquo;a pas \u00e9t\u00e9 accept\u00e9. Quand les syndicats ont \u00e9t\u00e9 au bureau pour valider cette proposition, les responsables ont dit qu&rsquo;ils ne sont pas pour. Ils se sont dirig\u00e9s au niveau de l&rsquo;inspection du travail. On leur a d\u00e9fini ce qu&rsquo;il faut augmenter par les travailleurs. Ils sont tomb\u00e9 d&rsquo;accord sur 15%, que nous \u00e9valu\u00e9 et nous sommes tomb\u00e9 d&rsquo;accord. Le probl\u00e8me qui se pose, nous travaillons de 9h jusqu&rsquo;\u00e0 20h. Et certains de 9h jusqu&rsquo;\u00e0 21h. Chose que le code du travail guin\u00e9en n&rsquo;a pas demand\u00e9. Nous savons tous que le code du travail, \u00e0 l&rsquo;instar de l&rsquo;international dit qu&rsquo;il faut 8h de travail. Les autres heures que nous travaillons, m\u00e9ritent d&rsquo;\u00eatre r\u00e9mun\u00e9r\u00e9es comme des heures suppl\u00e9mentaires. Soit \u00e0 la fin de chaque deux semaines ou \u00e0 la fin du mois. Chose qui n&rsquo;a pas \u00e9t\u00e9 fait depuis 3 jours.\u00bb<\/em><\/p>\n<p>Et de poursuivre ces propos \u00ab\u00a0<em>nous avons aussi demand\u00e9 l&rsquo;engagement au niveau de l&rsquo;entreprise \u00e0 titre d&#8217;embauch\u00e9s de tous ceux qui ont rendu service \u00e0 l&rsquo;entreprise pendant deux ans. Parce que le code du travail oblige dans le secteur priv\u00e9 que si l&#8217;employ\u00e9 n&rsquo;est pas apte pour faire ton travail, de le lib\u00e9rer 6 mois apr\u00e8s. Mais si tu le garde, cela veut dire qu&rsquo;il est apte \u00e0 faire ton travail. Nous avons aussi demand\u00e9 l&rsquo;assistance maladie. Parce que personne ne peut rester chez lui et tomber malade. Ce sont les produits chimiques que nous utilisons qui font que les gens tombent malade.\u00bb<\/em><\/p>\n<p>Le porte parole des employ\u00e9s gr\u00e9vistes rench\u00e9rit en affirmant ceci, \u00ab\u00a0<em>les pakistanais devraient \u00eatre trait\u00e9 de la m\u00eame fa\u00e7on que les noirs. Mais il y a de ces renvoies que les pakistanais proposent.\u00a0<\/em>\u00bb<\/p>\n<p>Apr\u00e8s la prise de parole des employ\u00e9s, le maire de la commune de Matoto, a assur\u00e9 les d\u00e9marches effectu\u00e9es par les employ\u00e9s.<\/p>\n<p>\u00ab\u00a0<em>Nous sommes l\u00e0 pour vous. Rien que pour l&rsquo;ensemble des citoyens et citoyennes de la commune de Matoto. Vos soucis sont nos pr\u00e9occupations. Je pense que vous avez une section syndicale. Elle va se joindre \u00e0 la mairie. Nous allons prendre toutes les dispositions utiles pour que vos revendications soient sur la table. Avec vos responsables, pour qu&rsquo;on puisse les discuter point par point. A la minute, nous saisissons ce probl\u00e8me. Je vais remonter les informations \u00e0 ma hi\u00e9rarchie. Mais qu&rsquo;\u00e0 cela ne tienne, en tant que premi\u00e8re autorit\u00e9, il est de mon devoir de me mettre enti\u00e8rement \u00e0 votre disposition pour aller r\u00e9soudre le probl\u00e8me d&rsquo;abord, les \u00e9couter. On va essayer de confronter les deux esprits, et trouver une solution utile \u00e0 tout le monde<\/em>\u00a0\u00bb, a-t-il fait savoir.<\/p>\n<p>Avant de les inviter \u00e0 prendre leur mal en patience, \u00ab\u00a0<em>Je vous demande toujours la retenue. On ne peut pas du tout r\u00e9soudre un probl\u00e8me quand on ne s&rsquo;\u00e9coute pas, quand on ne se porte pas confiance<\/em>.\u00bb<\/p>\n","protected":false},"excerpt":{"rendered":"<p>Ce lundi 15 novembre 2021, les gr\u00e9vistes de l\u2019entreprise KKT Royal sont all\u00e9s soumettre leur revendication au maire de la circonscription de Matoto Mamadouba Tos Camara. Ils ont scand\u00e9 le slogan \u00ab l&rsquo;ouvrier n&rsquo;est pas un outil; ensemble pour une condition salariale am\u00e9lior\u00e9e \u00bb. Au cours de leurs revendications, les employ\u00e9s ont d\u00e9nonc\u00e9 la marginalisation [&hellip;]<\/p>\n","protected":false},"author":10,"featured_media":31885,"comment_status":"closed","ping_status":"open","sticky":false,"template":"","format":"standard","meta":{"_exactmetrics_skip_tracking":false,"_exactmetrics_sitenote_active":false,"_exactmetrics_sitenote_note":"","_exactmetrics_sitenote_category":0,"tdm_status":"","tdm_grid_status":"","footnotes":""},"categories":[16],"tags":[],"class_list":{"0":"post-31884","1":"post","2":"type-post","3":"status-publish","4":"format-standard","5":"has-post-thumbnail","7":"category-societe"},"yoast_head":"<!-- This site is optimized with the Yoast SEO plugin v24.2 - https:\/\/yoast.com\/wordpress\/plugins\/seo\/ -->\n<title>Matoto: les employ\u00e9s gr\u00e9vistes de l&#039;entreprise KKT Royal se confie au maire | Guin\u00e9e Diversit\u00e9<\/title>\n<meta name=\"robots\" content=\"index, follow, max-snippet:-1, max-image-preview:large, max-video-preview:-1\" \/>\n<link rel=\"canonical\" href=\"https:\/\/guineediversite.com\/index.php\/2021\/11\/15\/matoto-les-employes-grevistes-de-lentreprise-kkt-royal-se-confie-au-maire\/\" \/>\n<meta property=\"og:locale\" content=\"fr_FR\" \/>\n<meta property=\"og:type\" content=\"article\" \/>\n<meta property=\"og:title\" content=\"Matoto: les employ\u00e9s gr\u00e9vistes de l&#039;entreprise KKT Royal se confie au maire | Guin\u00e9e Diversit\u00e9\" \/>\n<meta property=\"og:description\" content=\"Ce lundi 15 novembre 2021, les gr\u00e9vistes de l\u2019entreprise KKT Royal sont all\u00e9s soumettre leur revendication au maire de la circonscription de Matoto Mamadouba Tos Camara. Ils ont scand\u00e9 le slogan \u00ab l&rsquo;ouvrier n&rsquo;est pas un outil; ensemble pour une condition salariale am\u00e9lior\u00e9e \u00bb. Au cours de leurs revendications, les employ\u00e9s ont d\u00e9nonc\u00e9 la marginalisation [&hellip;]\" \/>\n<meta property=\"og:url\" content=\"https:\/\/guineediversite.com\/index.php\/2021\/11\/15\/matoto-les-employes-grevistes-de-lentreprise-kkt-royal-se-confie-au-maire\/\" \/>\n<meta property=\"og:site_name\" content=\"Guin\u00e9e Diversit\u00e9\" \/>\n<meta property=\"article:publisher\" content=\"https:\/\/www.facebook.com\/guineediversite\/\" \/>\n<meta property=\"article:published_time\" content=\"2021-11-15T20:38:45+00:00\" \/>\n<meta property=\"og:image\" content=\"https:\/\/guineediversite.com\/wp-content\/uploads\/2021\/11\/Les-employes-de-KKT-Royal.jpg\" \/>\n\t<meta property=\"og:image:width\" content=\"1500\" \/>\n\t<meta property=\"og:image:height\" content=\"727\" \/>\n\t<meta property=\"og:image:type\" content=\"image\/jpeg\" \/>\n<meta name=\"author\" content=\"Morcire Camara\" \/>\n<meta name=\"twitter:card\" content=\"summary_large_image\" \/>\n<meta name=\"twitter:creator\" content=\"@GuineeDiversite\" \/>\n<meta name=\"twitter:site\" content=\"@GuineeDiversite\" \/>\n<meta name=\"twitter:label1\" content=\"\u00c9crit par\" \/>\n\t<meta name=\"twitter:data1\" content=\"Morcire Camara\" \/>\n\t<meta name=\"twitter:label2\" content=\"Dur\u00e9e de lecture estim\u00e9e\" \/>\n\t<meta name=\"twitter:data2\" content=\"3 minutes\" \/>\n<script type=\"application\/ld+json\" class=\"yoast-schema-graph\">{\"@context\":\"https:\/\/schema.org\",\"@graph\":[{\"@type\":\"Article\",\"@id\":\"https:\/\/guineediversite.com\/index.php\/2021\/11\/15\/matoto-les-employes-grevistes-de-lentreprise-kkt-royal-se-confie-au-maire\/#article\",\"isPartOf\":{\"@id\":\"https:\/\/guineediversite.com\/index.php\/2021\/11\/15\/matoto-les-employes-grevistes-de-lentreprise-kkt-royal-se-confie-au-maire\/\"},\"author\":{\"name\":\"Morcire Camara\",\"@id\":\"https:\/\/guineediversite.com\/#\/schema\/person\/fa362494c47202ce4b3adf55abcc9d01\"},\"headline\":\"Matoto: les employ\u00e9s gr\u00e9vistes de l&rsquo;entreprise KKT Royal se confie au maire\",\"datePublished\":\"2021-11-15T20:38:45+00:00\",\"dateModified\":\"2021-11-15T20:38:45+00:00\",\"mainEntityOfPage\":{\"@id\":\"https:\/\/guineediversite.com\/index.php\/2021\/11\/15\/matoto-les-employes-grevistes-de-lentreprise-kkt-royal-se-confie-au-maire\/\"},\"wordCount\":675,\"publisher\":{\"@id\":\"https:\/\/guineediversite.com\/#organization\"},\"image\":{\"@id\":\"https:\/\/guineediversite.com\/index.php\/2021\/11\/15\/matoto-les-employes-grevistes-de-lentreprise-kkt-royal-se-confie-au-maire\/#primaryimage\"},\"thumbnailUrl\":\"https:\/\/guineediversite.com\/wp-content\/uploads\/2021\/11\/Les-employes-de-KKT-Royal.jpg\",\"articleSection\":[\"Soci\u00e9t\u00e9\"],\"inLanguage\":\"fr-FR\"},{\"@type\":\"WebPage\",\"@id\":\"https:\/\/guineediversite.com\/index.php\/2021\/11\/15\/matoto-les-employes-grevistes-de-lentreprise-kkt-royal-se-confie-au-maire\/\",\"url\":\"https:\/\/guineediversite.com\/index.php\/2021\/11\/15\/matoto-les-employes-grevistes-de-lentreprise-kkt-royal-se-confie-au-maire\/\",\"name\":\"Matoto: les employ\u00e9s gr\u00e9vistes de l'entreprise KKT Royal se confie au maire | Guin\u00e9e Diversit\u00e9\",\"isPartOf\":{\"@id\":\"https:\/\/guineediversite.com\/#website\"},\"primaryImageOfPage\":{\"@id\":\"https:\/\/guineediversite.com\/index.php\/2021\/11\/15\/matoto-les-employes-grevistes-de-lentreprise-kkt-royal-se-confie-au-maire\/#primaryimage\"},\"image\":{\"@id\":\"https:\/\/guineediversite.com\/index.php\/2021\/11\/15\/matoto-les-employes-grevistes-de-lentreprise-kkt-royal-se-confie-au-maire\/#primaryimage\"},\"thumbnailUrl\":\"https:\/\/guineediversite.com\/wp-content\/uploads\/2021\/11\/Les-employes-de-KKT-Royal.jpg\",\"datePublished\":\"2021-11-15T20:38:45+00:00\",\"dateModified\":\"2021-11-15T20:38:45+00:00\",\"breadcrumb\":{\"@id\":\"https:\/\/guineediversite.com\/index.php\/2021\/11\/15\/matoto-les-employes-grevistes-de-lentreprise-kkt-royal-se-confie-au-maire\/#breadcrumb\"},\"inLanguage\":\"fr-FR\",\"potentialAction\":[{\"@type\":\"ReadAction\",\"target\":[\"https:\/\/guineediversite.com\/index.php\/2021\/11\/15\/matoto-les-employes-grevistes-de-lentreprise-kkt-royal-se-confie-au-maire\/\"]}]},{\"@type\":\"ImageObject\",\"inLanguage\":\"fr-FR\",\"@id\":\"https:\/\/guineediversite.com\/index.php\/2021\/11\/15\/matoto-les-employes-grevistes-de-lentreprise-kkt-royal-se-confie-au-maire\/#primaryimage\",\"url\":\"https:\/\/guineediversite.com\/wp-content\/uploads\/2021\/11\/Les-employes-de-KKT-Royal.jpg\",\"contentUrl\":\"https:\/\/guineediversite.com\/wp-content\/uploads\/2021\/11\/Les-employes-de-KKT-Royal.jpg\",\"width\":1500,\"height\":727},{\"@type\":\"BreadcrumbList\",\"@id\":\"https:\/\/guineediversite.com\/index.php\/2021\/11\/15\/matoto-les-employes-grevistes-de-lentreprise-kkt-royal-se-confie-au-maire\/#breadcrumb\",\"itemListElement\":[{\"@type\":\"ListItem\",\"position\":1,\"name\":\"Accueil\",\"item\":\"https:\/\/guineediversite.com\/\"},{\"@type\":\"ListItem\",\"position\":2,\"name\":\"Matoto: les employ\u00e9s gr\u00e9vistes de l&rsquo;entreprise KKT Royal se confie au maire\"}]},{\"@type\":\"WebSite\",\"@id\":\"https:\/\/guineediversite.com\/#website\",\"url\":\"https:\/\/guineediversite.com\/\",\"name\":\"Guin\u00e9e Diversit\u00e9\",\"description\":\"L&#039;Info dans toute sa diversit\u00e9\",\"publisher\":{\"@id\":\"https:\/\/guineediversite.com\/#organization\"},\"potentialAction\":[{\"@type\":\"SearchAction\",\"target\":{\"@type\":\"EntryPoint\",\"urlTemplate\":\"https:\/\/guineediversite.com\/?s={search_term_string}\"},\"query-input\":{\"@type\":\"PropertyValueSpecification\",\"valueRequired\":true,\"valueName\":\"search_term_string\"}}],\"inLanguage\":\"fr-FR\"},{\"@type\":\"Organization\",\"@id\":\"https:\/\/guineediversite.com\/#organization\",\"name\":\"Guin\u00e9e Diversit\u00e9\",\"url\":\"https:\/\/guineediversite.com\/\",\"logo\":{\"@type\":\"ImageObject\",\"inLanguage\":\"fr-FR\",\"@id\":\"https:\/\/guineediversite.com\/#\/schema\/logo\/image\/\",\"url\":\"https:\/\/guineediversite.com\/wp-content\/uploads\/2017\/04\/cropped-1jojlxEOMkX9Wyqfhe43D6kjPOGqBBKmx3EwWJqZ0cMrFF54yM49.png\",\"contentUrl\":\"https:\/\/guineediversite.com\/wp-content\/uploads\/2017\/04\/cropped-1jojlxEOMkX9Wyqfhe43D6kjPOGqBBKmx3EwWJqZ0cMrFF54yM49.png\",\"width\":186,\"height\":112,\"caption\":\"Guin\u00e9e Diversit\u00e9\"},\"image\":{\"@id\":\"https:\/\/guineediversite.com\/#\/schema\/logo\/image\/\"},\"sameAs\":[\"https:\/\/www.facebook.com\/guineediversite\/\",\"https:\/\/x.com\/GuineeDiversite\",\"https:\/\/www.youtube.com\/channel\/UC8sUY16qelG5ge6_D5SB83g\"]},{\"@type\":\"Person\",\"@id\":\"https:\/\/guineediversite.com\/#\/schema\/person\/fa362494c47202ce4b3adf55abcc9d01\",\"name\":\"Morcire Camara\",\"image\":{\"@type\":\"ImageObject\",\"inLanguage\":\"fr-FR\",\"@id\":\"https:\/\/guineediversite.com\/#\/schema\/person\/image\/\",\"url\":\"https:\/\/secure.gravatar.com\/avatar\/3ec324f02295bbcebe03d99b39330ab4?s=96&d=mm&r=g\",\"contentUrl\":\"https:\/\/secure.gravatar.com\/avatar\/3ec324f02295bbcebe03d99b39330ab4?s=96&d=mm&r=g\",\"caption\":\"Morcire Camara\"},\"url\":\"https:\/\/guineediversite.com\/index.php\/author\/morcire\/\"}]}<\/script>\n<!-- \/ Yoast SEO plugin. -->","yoast_head_json":{"title":"Matoto: les employ\u00e9s gr\u00e9vistes de l'entreprise KKT Royal se confie au maire | Guin\u00e9e Diversit\u00e9","robots":{"index":"index","follow":"follow","max-snippet":"max-snippet:-1","max-image-preview":"max-image-preview:large","max-video-preview":"max-video-preview:-1"},"canonical":"https:\/\/guineediversite.com\/index.php\/2021\/11\/15\/matoto-les-employes-grevistes-de-lentreprise-kkt-royal-se-confie-au-maire\/","og_locale":"fr_FR","og_type":"article","og_title":"Matoto: les employ\u00e9s gr\u00e9vistes de l'entreprise KKT Royal se confie au maire | Guin\u00e9e Diversit\u00e9","og_description":"Ce lundi 15 novembre 2021, les gr\u00e9vistes de l\u2019entreprise KKT Royal sont all\u00e9s soumettre leur revendication au maire de la circonscription de Matoto Mamadouba Tos Camara. Ils ont scand\u00e9 le slogan \u00ab l&rsquo;ouvrier n&rsquo;est pas un outil; ensemble pour une condition salariale am\u00e9lior\u00e9e \u00bb. Au cours de leurs revendications, les employ\u00e9s ont d\u00e9nonc\u00e9 la marginalisation [&hellip;]","og_url":"https:\/\/guineediversite.com\/index.php\/2021\/11\/15\/matoto-les-employes-grevistes-de-lentreprise-kkt-royal-se-confie-au-maire\/","og_site_name":"Guin\u00e9e Diversit\u00e9","article_publisher":"https:\/\/www.facebook.com\/guineediversite\/","article_published_time":"2021-11-15T20:38:45+00:00","og_image":[{"width":1500,"height":727,"url":"https:\/\/guineediversite.com\/wp-content\/uploads\/2021\/11\/Les-employes-de-KKT-Royal.jpg","type":"image\/jpeg"}],"author":"Morcire Camara","twitter_card":"summary_large_image","twitter_creator":"@GuineeDiversite","twitter_site":"@GuineeDiversite","twitter_misc":{"\u00c9crit par":"Morcire Camara","Dur\u00e9e de lecture estim\u00e9e":"3 minutes"},"schema":{"@context":"https:\/\/schema.org","@graph":[{"@type":"Article","@id":"https:\/\/guineediversite.com\/index.php\/2021\/11\/15\/matoto-les-employes-grevistes-de-lentreprise-kkt-royal-se-confie-au-maire\/#article","isPartOf":{"@id":"https:\/\/guineediversite.com\/index.php\/2021\/11\/15\/matoto-les-employes-grevistes-de-lentreprise-kkt-royal-se-confie-au-maire\/"},"author":{"name":"Morcire Camara","@id":"https:\/\/guineediversite.com\/#\/schema\/person\/fa362494c47202ce4b3adf55abcc9d01"},"headline":"Matoto: les employ\u00e9s gr\u00e9vistes de l&rsquo;entreprise KKT Royal se confie au maire","datePublished":"2021-11-15T20:38:45+00:00","dateModified":"2021-11-15T20:38:45+00:00","mainEntityOfPage":{"@id":"https:\/\/guineediversite.com\/index.php\/2021\/11\/15\/matoto-les-employes-grevistes-de-lentreprise-kkt-royal-se-confie-au-maire\/"},"wordCount":675,"publisher":{"@id":"https:\/\/guineediversite.com\/#organization"},"image":{"@id":"https:\/\/guineediversite.com\/index.php\/2021\/11\/15\/matoto-les-employes-grevistes-de-lentreprise-kkt-royal-se-confie-au-maire\/#primaryimage"},"thumbnailUrl":"https:\/\/guineediversite.com\/wp-content\/uploads\/2021\/11\/Les-employes-de-KKT-Royal.jpg","articleSection":["Soci\u00e9t\u00e9"],"inLanguage":"fr-FR"},{"@type":"WebPage","@id":"https:\/\/guineediversite.com\/index.php\/2021\/11\/15\/matoto-les-employes-grevistes-de-lentreprise-kkt-royal-se-confie-au-maire\/","url":"https:\/\/guineediversite.com\/index.php\/2021\/11\/15\/matoto-les-employes-grevistes-de-lentreprise-kkt-royal-se-confie-au-maire\/","name":"Matoto: les employ\u00e9s gr\u00e9vistes de l'entreprise KKT Royal se confie au maire | Guin\u00e9e Diversit\u00e9","isPartOf":{"@id":"https:\/\/guineediversite.com\/#website"},"primaryImageOfPage":{"@id":"https:\/\/guineediversite.com\/index.php\/2021\/11\/15\/matoto-les-employes-grevistes-de-lentreprise-kkt-royal-se-confie-au-maire\/#primaryimage"},"image":{"@id":"https:\/\/guineediversite.com\/index.php\/2021\/11\/15\/matoto-les-employes-grevistes-de-lentreprise-kkt-royal-se-confie-au-maire\/#primaryimage"},"thumbnailUrl":"https:\/\/guineediversite.com\/wp-content\/uploads\/2021\/11\/Les-employes-de-KKT-Royal.jpg","datePublished":"2021-11-15T20:38:45+00:00","dateModified":"2021-11-15T20:38:45+00:00","breadcrumb":{"@id":"https:\/\/guineediversite.com\/index.php\/2021\/11\/15\/matoto-les-employes-grevistes-de-lentreprise-kkt-royal-se-confie-au-maire\/#breadcrumb"},"inLanguage":"fr-FR","potentialAction":[{"@type":"ReadAction","target":["https:\/\/guineediversite.com\/index.php\/2021\/11\/15\/matoto-les-employes-grevistes-de-lentreprise-kkt-royal-se-confie-au-maire\/"]}]},{"@type":"ImageObject","inLanguage":"fr-FR","@id":"https:\/\/guineediversite.com\/index.php\/2021\/11\/15\/matoto-les-employes-grevistes-de-lentreprise-kkt-royal-se-confie-au-maire\/#primaryimage","url":"https:\/\/guineediversite.com\/wp-content\/uploads\/2021\/11\/Les-employes-de-KKT-Royal.jpg","contentUrl":"https:\/\/guineediversite.com\/wp-content\/uploads\/2021\/11\/Les-employes-de-KKT-Royal.jpg","width":1500,"height":727},{"@type":"BreadcrumbList","@id":"https:\/\/guineediversite.com\/index.php\/2021\/11\/15\/matoto-les-employes-grevistes-de-lentreprise-kkt-royal-se-confie-au-maire\/#breadcrumb","itemListElement":[{"@type":"ListItem","position":1,"name":"Accueil","item":"https:\/\/guineediversite.com\/"},{"@type":"ListItem","position":2,"name":"Matoto: les employ\u00e9s gr\u00e9vistes de l&rsquo;entreprise KKT Royal se confie au maire"}]},{"@type":"WebSite","@id":"https:\/\/guineediversite.com\/#website","url":"https:\/\/guineediversite.com\/","name":"Guin\u00e9e Diversit\u00e9","description":"L&#039;Info dans toute sa diversit\u00e9","publisher":{"@id":"https:\/\/guineediversite.com\/#organization"},"potentialAction":[{"@type":"SearchAction","target":{"@type":"EntryPoint","urlTemplate":"https:\/\/guineediversite.com\/?s={search_term_string}"},"query-input":{"@type":"PropertyValueSpecification","valueRequired":true,"valueName":"search_term_string"}}],"inLanguage":"fr-FR"},{"@type":"Organization","@id":"https:\/\/guineediversite.com\/#organization","name":"Guin\u00e9e Diversit\u00e9","url":"https:\/\/guineediversite.com\/","logo":{"@type":"ImageObject","inLanguage":"fr-FR","@id":"https:\/\/guineediversite.com\/#\/schema\/logo\/image\/","url":"https:\/\/guineediversite.com\/wp-content\/uploads\/2017\/04\/cropped-1jojlxEOMkX9Wyqfhe43D6kjPOGqBBKmx3EwWJqZ0cMrFF54yM49.png","contentUrl":"https:\/\/guineediversite.com\/wp-content\/uploads\/2017\/04\/cropped-1jojlxEOMkX9Wyqfhe43D6kjPOGqBBKmx3EwWJqZ0cMrFF54yM49.png","width":186,"height":112,"caption":"Guin\u00e9e Diversit\u00e9"},"image":{"@id":"https:\/\/guineediversite.com\/#\/schema\/logo\/image\/"},"sameAs":["https:\/\/www.facebook.com\/guineediversite\/","https:\/\/x.com\/GuineeDiversite","https:\/\/www.youtube.com\/channel\/UC8sUY16qelG5ge6_D5SB83g"]},{"@type":"Person","@id":"https:\/\/guineediversite.com\/#\/schema\/person\/fa362494c47202ce4b3adf55abcc9d01","name":"Morcire Camara","image":{"@type":"ImageObject","inLanguage":"fr-FR","@id":"https:\/\/guineediversite.com\/#\/schema\/person\/image\/","url":"https:\/\/secure.gravatar.com\/avatar\/3ec324f02295bbcebe03d99b39330ab4?s=96&d=mm&r=g","contentUrl":"https:\/\/secure.gravatar.com\/avatar\/3ec324f02295bbcebe03d99b39330ab4?s=96&d=mm&r=g","caption":"Morcire Camara"},"url":"https:\/\/guineediversite.com\/index.php\/author\/morcire\/"}]}},"_links":{"self":[{"href":"https:\/\/guineediversite.com\/index.php\/wp-json\/wp\/v2\/posts\/31884"}],"collection":[{"href":"https:\/\/guineediversite.com\/index.php\/wp-json\/wp\/v2\/posts"}],"about":[{"href":"https:\/\/guineediversite.com\/index.php\/wp-json\/wp\/v2\/types\/post"}],"author":[{"embeddable":true,"href":"https:\/\/guineediversite.com\/index.php\/wp-json\/wp\/v2\/users\/10"}],"replies":[{"embeddable":true,"href":"https:\/\/guineediversite.com\/index.php\/wp-json\/wp\/v2\/comments?post=31884"}],"version-history":[{"count":1,"href":"https:\/\/guineediversite.com\/index.php\/wp-json\/wp\/v2\/posts\/31884\/revisions"}],"predecessor-version":[{"id":31886,"href":"https:\/\/guineediversite.com\/index.php\/wp-json\/wp\/v2\/posts\/31884\/revisions\/31886"}],"wp:featuredmedia":[{"embeddable":true,"href":"https:\/\/guineediversite.com\/index.php\/wp-json\/wp\/v2\/media\/31885"}],"wp:attachment":[{"href":"https:\/\/guineediversite.com\/index.php\/wp-json\/wp\/v2\/media?parent=31884"}],"wp:term":[{"taxonomy":"category","embeddable":true,"href":"https:\/\/guineediversite.com\/index.php\/wp-json\/wp\/v2\/categories?post=31884"},{"taxonomy":"post_tag","embeddable":true,"href":"https:\/\/guineediversite.com\/index.php\/wp-json\/wp\/v2\/tags?post=31884"}],"curies":[{"name":"wp","href":"https:\/\/api.w.org\/{rel}","templated":true}]}}