{"id":31864,"date":"2021-11-12T23:27:47","date_gmt":"2021-11-12T22:27:47","guid":{"rendered":"https:\/\/guineediversite.com\/?p=31864"},"modified":"2021-11-12T23:27:47","modified_gmt":"2021-11-12T22:27:47","slug":"memorandum-du-collectif-des-eleves-laureats-des-ecoles-franco-arabes-en-guinee-2021-au-president-de-la-republique","status":"publish","type":"post","link":"https:\/\/guineediversite.com\/index.php\/2021\/11\/12\/memorandum-du-collectif-des-eleves-laureats-des-ecoles-franco-arabes-en-guinee-2021-au-president-de-la-republique\/","title":{"rendered":"M\u00e9morandum du Collectif des El\u00e8ves Laur\u00e9ats des \u00e9coles franco-arabes en Guin\u00e9e 2021 au Pr\u00e9sident de la R\u00e9publique"},"content":{"rendered":"<p>MEMORANDUM DU COLLECTIF DES ELEVES LAUREATS DES ECOLES FRANCO-ARABES DE GUINEE 2021<\/p>\n<p>A son Excellence Monsieur le Pr\u00e9sident de la R\u00e9publique ;<br \/>\nA son Excellence Monsieur le Premier Ministre ;<br \/>\nA Son Excellence Monsieur minist\u00e8re de l\u2019\u00c9ducation nationale et de l\u2019Alphab\u00e9tisation ;<br \/>\nAu Directeur de l\u2019Office Nation de bourse d\u2019Ext\u00e9rieur.<\/p>\n<p>Excellence, dans le dynamique de la promotion de l\u2019excellence dans le milieu scolaire et universitaire guin\u00e9en, qu\u2019il nous soit permis de transmettre au premier Ministre son Excellence Mohamed BEAVOGUI et au plus pr\u00e9cis\u00e9ment au d\u00e9partement de l\u2019\u00e9ducation, chers Responsables du syst\u00e8me \u00e9ducatif guin\u00e9en de vous adresser ce m\u00e9morandum pour exprimer notre incompr\u00e9hension totale vis-\u00e0-vis de notre situation scolaire et universitaire.<\/p>\n<p>En effet, nous sommes un collectif compos\u00e9 des laur\u00e9ats 2021 des \u00e9coles franco-arabes en Guin\u00e9e, nos engagements sont au-del\u00e0 de toute esp\u00e9rance, de voir ce pays de sortir de l\u2019orni\u00e8re, en mati\u00e8re de l\u2019\u00e9ducation, en s\u2019appuyant sur la qu\u00eate de la performance au milieu \u00e9ducatif national.<br \/>\nForce est de constater que malgr\u00e9 nos efforts, et celui des parents et autorit\u00e9s comp\u00e9tentes, que certains commis de l\u2019Etat se manifestent \u00e0 travers leurs positionnements de faire r\u00e9gresser ces diff\u00e9rents efforts, en se basant sur une politique d\u2019exclusion, s\u00e9lectionnant d\u2019autres guin\u00e9ens, moins m\u00e9ritants au d\u00e9triment des ceux qui m\u00e9ritent. L\u2019office nation de bourse d\u2019Ext\u00e9rieur n\u2019accorde plus de bourse aux laur\u00e9ats issus des \u00e9coles franco-arabe.<\/p>\n<p>Excellence, nous voudrions vous rappeler l\u2019historique de notre situation au sein des \u00e9coles franco-arabes remonte de 2010 par rapport au retrait des bourses des laur\u00e9ats, qui comme d\u2019autres \u00e9l\u00e8ves doivent repr\u00e9senter notre pays dans les universit\u00e9s \u00e9trang\u00e8res Maroc, Tunisie, pour une formation de qualit\u00e9, celle qui permettra la Guin\u00e9e de faire face \u00e0 toutes les concurrences sur le plan international<br \/>\nCertains responsables se sont inscrits dans une logique d\u2019exclusion des laur\u00e9ats des \u00e9coles franco-arabe, depuis 2010, sans aucun fondement l\u00e9gal, nous estimons que c\u2019est une injustice et un m\u00e9pris vis \u00e0 vis d\u2019une grande composante de l\u2019\u00e9cole guin\u00e9enne. C\u2019est ainsi que nous sommes r\u00e9solument convaincus et profond\u00e9ment attach\u00e9s aux m\u00e9rites, pour d\u00e9noncer cette pratique nuisible aux guin\u00e9ens et de r\u00e9clamer nos droits les plus l\u00e9gitimes.<br \/>\nCar nous savons que les lois guin\u00e9ennes garantissent la bonne formation \u00e0 tous, sans aucune exception, pr\u00e9cis\u00e9ment ceux qui se distinguent pour \u00eatre les futurs cadres- si Dieu le veut bien- pour repr\u00e9senter la Guin\u00e9e dignement.<\/p>\n<p>Oui, repr\u00e9senter dignement, notre engagement est grand pour ce pays, et son importance pour le d\u00e9veloppent est inestimable, pourquoi nous nous sommes inscrits dans la logique d\u2019\u00eatre parmi les meilleurs, qui peuvent participer au rayonnement de la science et de la culture en Guin\u00e9e, et surtout de se former convenablement pour une participation majeure dans la construction de notre pays, pour qu\u2019il soit fr\u00e9quentable et respectable \u00e0 traverse monde.<\/p>\n<p>Apr\u00e8s l\u2019av\u00e8nement des nouvelles autorit\u00e9s, nous sommes convaincus que nous serons r\u00e9tablis dans nos droits, lesquelles promettent des nouvelles orientations pour toutes les Guin\u00e9ennes, nous avons compris dans vos d\u00e9terminations pour la qu\u00eate d\u2019une justice et un enseignement de qualit\u00e9 pour tous. Sur ce, l\u2019\u00e9ducation est l\u2019endroit le plus privil\u00e9gi\u00e9 pour donner une nouvelle orientation \u00e0 notre pays.<\/p>\n<p>Excellence, nous avons travaill\u00e9 durant les 9 mois de l\u2019ann\u00e9e scolaire pour se hisser au sommet, vouloir nous priver de r\u00e9aliser nos objectifs est synonyme d\u2019une injustice s\u00e9lectionn\u00e9e, qui pourra sans doute d\u00e9sorienter certains, nous sommes rassur\u00e9s \u00e0 plus d\u2019un titre que les autorit\u00e9s nouvelles seront contre cette d\u00e9cision d\u2019une autre \u00e9poque r\u00e9volue, qui n\u2019a nullement pas sa place dans notre soci\u00e9t\u00e9.<\/p>\n<p>Avant de fini permettez-nous de vous soumettre ces points revendicatifs.<br \/>\n1- un traitement \u00e9quitable pour tous les \u00e9l\u00e8ves guin\u00e9ens sans aucune distinction<br \/>\n3- l\u2019octroi des bourses aux laur\u00e9ats des \u00e9l\u00e8ves franco-arabes de guin\u00e9e comme furent les ann\u00e9es pr\u00e9c\u00e9dentes, \u00e0 partir de l\u2019ann\u00e9e scolaire 2020-2021 (c\u2019est \u00e0 dire notre promotion qui est devant vous ici) ;<br \/>\n4_ mettre en place les biblioth\u00e8ques ou les manuels scolaires dans les \u00e9coles franco-arabes \u00ab primaires _coll\u00e8ge _lyc\u00e9e \u00bb pour une formation de qualit\u00e9 ;<br \/>\n5- mettre \u00e0 l\u2019\u00e9cart tous les promoteurs de cette pratique, qu\u2019ils soient sanctionn\u00e9s au prix de leurs injustices vis-\u00e0-vis des Guin\u00e9ens.<\/p>\n<p>Pour finir, nous reformulons nos v\u0153ux les plus pr\u00e9cieux pour que Dieu accompagne les nouvelles autorit\u00e9s dans l\u2019accomplissement de cette mission noble pendant cette p\u00e9riode cruciale de notre pays, qu\u2019IL assiste toutes les bonnes volont\u00e9s pour une paix durable et un d\u00e9veloppement harmonieux au b\u00e9n\u00e9fice des Guin\u00e9ens.<br \/>\nEnsemble pour une \u00e9ducation de qualit\u00e9<br \/>\nVive l\u2019\u00e9ducation guin\u00e9enne<br \/>\nQu\u2019Allah assiste ce processus de d\u00e9mocratisation de notre pays.<\/p>\n<p>Collectif des El\u00e8ves Laur\u00e9ats des \u00e9coles franco-arabes en Guin\u00e9e 2021<\/p>\n<p>Mohamed issa CONDE, Pr\u00e9sident du Collectif, Premier de la R\u00e9publique science sociale. Tel : 623 75 84 23<br \/>\nPorte-parole du Collectif<br \/>\nMamadi KABA, Premier de la R\u00e9publique Science Exp\u00e9rimentale<br \/>\nTel :620 05 00 07<\/p>\n<p>Conakry, le 12\/11\/2021<\/p>\n<h1><\/h1>\n","protected":false},"excerpt":{"rendered":"<p>MEMORANDUM DU COLLECTIF DES ELEVES LAUREATS DES ECOLES FRANCO-ARABES DE GUINEE 2021 A son Excellence Monsieur le Pr\u00e9sident de la R\u00e9publique ; A son Excellence Monsieur le Premier Ministre ; A Son Excellence Monsieur minist\u00e8re de l\u2019\u00c9ducation nationale et de l\u2019Alphab\u00e9tisation ; Au Directeur de l\u2019Office Nation de bourse d\u2019Ext\u00e9rieur. Excellence, dans le dynamique de [&hellip;]<\/p>\n","protected":false},"author":12,"featured_media":31865,"comment_status":"closed","ping_status":"open","sticky":false,"template":"","format":"standard","meta":{"_exactmetrics_skip_tracking":false,"_exactmetrics_sitenote_active":false,"_exactmetrics_sitenote_note":"","_exactmetrics_sitenote_category":0,"tdm_status":"","tdm_grid_status":"","footnotes":""},"categories":[16],"tags":[],"class_list":{"0":"post-31864","1":"post","2":"type-post","3":"status-publish","4":"format-standard","5":"has-post-thumbnail","7":"category-societe"},"yoast_head":"<!-- This site is optimized with the Yoast SEO plugin v24.2 - https:\/\/yoast.com\/wordpress\/plugins\/seo\/ -->\n<title>M\u00e9morandum du Collectif des El\u00e8ves Laur\u00e9ats des \u00e9coles franco-arabes en Guin\u00e9e 2021 au Pr\u00e9sident de la R\u00e9publique | Guin\u00e9e Diversit\u00e9<\/title>\n<meta name=\"robots\" content=\"index, follow, max-snippet:-1, max-image-preview:large, max-video-preview:-1\" \/>\n<link rel=\"canonical\" href=\"https:\/\/guineediversite.com\/index.php\/2021\/11\/12\/memorandum-du-collectif-des-eleves-laureats-des-ecoles-franco-arabes-en-guinee-2021-au-president-de-la-republique\/\" \/>\n<meta property=\"og:locale\" content=\"fr_FR\" \/>\n<meta property=\"og:type\" content=\"article\" \/>\n<meta property=\"og:title\" content=\"M\u00e9morandum du Collectif des El\u00e8ves Laur\u00e9ats des \u00e9coles franco-arabes en Guin\u00e9e 2021 au Pr\u00e9sident de la R\u00e9publique | Guin\u00e9e Diversit\u00e9\" \/>\n<meta property=\"og:description\" content=\"MEMORANDUM DU COLLECTIF DES ELEVES LAUREATS DES ECOLES FRANCO-ARABES DE GUINEE 2021 A son Excellence Monsieur le Pr\u00e9sident de la R\u00e9publique ; A son Excellence Monsieur le Premier Ministre ; A Son Excellence Monsieur minist\u00e8re de l\u2019\u00c9ducation nationale et de l\u2019Alphab\u00e9tisation ; Au Directeur de l\u2019Office Nation de bourse d\u2019Ext\u00e9rieur. Excellence, dans le dynamique de [&hellip;]\" \/>\n<meta property=\"og:url\" content=\"https:\/\/guineediversite.com\/index.php\/2021\/11\/12\/memorandum-du-collectif-des-eleves-laureats-des-ecoles-franco-arabes-en-guinee-2021-au-president-de-la-republique\/\" \/>\n<meta property=\"og:site_name\" content=\"Guin\u00e9e Diversit\u00e9\" \/>\n<meta property=\"article:publisher\" content=\"https:\/\/www.facebook.com\/guineediversite\/\" \/>\n<meta property=\"article:published_time\" content=\"2021-11-12T22:27:47+00:00\" \/>\n<meta property=\"og:image\" content=\"https:\/\/guineediversite.com\/wp-content\/uploads\/2021\/11\/PhotoCollage_1636734514163-696x464-1.jpg\" \/>\n\t<meta property=\"og:image:width\" content=\"1300\" \/>\n\t<meta property=\"og:image:height\" content=\"867\" \/>\n\t<meta property=\"og:image:type\" content=\"image\/jpeg\" \/>\n<meta name=\"author\" content=\"Guin\u00e9e Diversit\u00e9\" \/>\n<meta name=\"twitter:card\" content=\"summary_large_image\" \/>\n<meta name=\"twitter:creator\" content=\"@GuineeDiversite\" \/>\n<meta name=\"twitter:site\" content=\"@GuineeDiversite\" \/>\n<meta name=\"twitter:label1\" content=\"\u00c9crit par\" \/>\n\t<meta name=\"twitter:data1\" content=\"Guin\u00e9e Diversit\u00e9\" \/>\n\t<meta name=\"twitter:label2\" content=\"Dur\u00e9e de lecture estim\u00e9e\" \/>\n\t<meta name=\"twitter:data2\" content=\"5 minutes\" \/>\n<script type=\"application\/ld+json\" class=\"yoast-schema-graph\">{\"@context\":\"https:\/\/schema.org\",\"@graph\":[{\"@type\":\"Article\",\"@id\":\"https:\/\/guineediversite.com\/index.php\/2021\/11\/12\/memorandum-du-collectif-des-eleves-laureats-des-ecoles-franco-arabes-en-guinee-2021-au-president-de-la-republique\/#article\",\"isPartOf\":{\"@id\":\"https:\/\/guineediversite.com\/index.php\/2021\/11\/12\/memorandum-du-collectif-des-eleves-laureats-des-ecoles-franco-arabes-en-guinee-2021-au-president-de-la-republique\/\"},\"author\":{\"name\":\"Guin\u00e9e Diversit\u00e9\",\"@id\":\"https:\/\/guineediversite.com\/#\/schema\/person\/afa08fb34e7fc6e1feafc892612bc836\"},\"headline\":\"M\u00e9morandum du Collectif des El\u00e8ves Laur\u00e9ats des \u00e9coles franco-arabes en Guin\u00e9e 2021 au Pr\u00e9sident de la R\u00e9publique\",\"datePublished\":\"2021-11-12T22:27:47+00:00\",\"dateModified\":\"2021-11-12T22:27:47+00:00\",\"mainEntityOfPage\":{\"@id\":\"https:\/\/guineediversite.com\/index.php\/2021\/11\/12\/memorandum-du-collectif-des-eleves-laureats-des-ecoles-franco-arabes-en-guinee-2021-au-president-de-la-republique\/\"},\"wordCount\":924,\"publisher\":{\"@id\":\"https:\/\/guineediversite.com\/#organization\"},\"image\":{\"@id\":\"https:\/\/guineediversite.com\/index.php\/2021\/11\/12\/memorandum-du-collectif-des-eleves-laureats-des-ecoles-franco-arabes-en-guinee-2021-au-president-de-la-republique\/#primaryimage\"},\"thumbnailUrl\":\"https:\/\/guineediversite.com\/wp-content\/uploads\/2021\/11\/PhotoCollage_1636734514163-696x464-1.jpg\",\"articleSection\":[\"Soci\u00e9t\u00e9\"],\"inLanguage\":\"fr-FR\"},{\"@type\":\"WebPage\",\"@id\":\"https:\/\/guineediversite.com\/index.php\/2021\/11\/12\/memorandum-du-collectif-des-eleves-laureats-des-ecoles-franco-arabes-en-guinee-2021-au-president-de-la-republique\/\",\"url\":\"https:\/\/guineediversite.com\/index.php\/2021\/11\/12\/memorandum-du-collectif-des-eleves-laureats-des-ecoles-franco-arabes-en-guinee-2021-au-president-de-la-republique\/\",\"name\":\"M\u00e9morandum du Collectif des El\u00e8ves Laur\u00e9ats des \u00e9coles franco-arabes en Guin\u00e9e 2021 au Pr\u00e9sident de la R\u00e9publique | Guin\u00e9e Diversit\u00e9\",\"isPartOf\":{\"@id\":\"https:\/\/guineediversite.com\/#website\"},\"primaryImageOfPage\":{\"@id\":\"https:\/\/guineediversite.com\/index.php\/2021\/11\/12\/memorandum-du-collectif-des-eleves-laureats-des-ecoles-franco-arabes-en-guinee-2021-au-president-de-la-republique\/#primaryimage\"},\"image\":{\"@id\":\"https:\/\/guineediversite.com\/index.php\/2021\/11\/12\/memorandum-du-collectif-des-eleves-laureats-des-ecoles-franco-arabes-en-guinee-2021-au-president-de-la-republique\/#primaryimage\"},\"thumbnailUrl\":\"https:\/\/guineediversite.com\/wp-content\/uploads\/2021\/11\/PhotoCollage_1636734514163-696x464-1.jpg\",\"datePublished\":\"2021-11-12T22:27:47+00:00\",\"dateModified\":\"2021-11-12T22:27:47+00:00\",\"breadcrumb\":{\"@id\":\"https:\/\/guineediversite.com\/index.php\/2021\/11\/12\/memorandum-du-collectif-des-eleves-laureats-des-ecoles-franco-arabes-en-guinee-2021-au-president-de-la-republique\/#breadcrumb\"},\"inLanguage\":\"fr-FR\",\"potentialAction\":[{\"@type\":\"ReadAction\",\"target\":[\"https:\/\/guineediversite.com\/index.php\/2021\/11\/12\/memorandum-du-collectif-des-eleves-laureats-des-ecoles-franco-arabes-en-guinee-2021-au-president-de-la-republique\/\"]}]},{\"@type\":\"ImageObject\",\"inLanguage\":\"fr-FR\",\"@id\":\"https:\/\/guineediversite.com\/index.php\/2021\/11\/12\/memorandum-du-collectif-des-eleves-laureats-des-ecoles-franco-arabes-en-guinee-2021-au-president-de-la-republique\/#primaryimage\",\"url\":\"https:\/\/guineediversite.com\/wp-content\/uploads\/2021\/11\/PhotoCollage_1636734514163-696x464-1.jpg\",\"contentUrl\":\"https:\/\/guineediversite.com\/wp-content\/uploads\/2021\/11\/PhotoCollage_1636734514163-696x464-1.jpg\",\"width\":1300,\"height\":867},{\"@type\":\"BreadcrumbList\",\"@id\":\"https:\/\/guineediversite.com\/index.php\/2021\/11\/12\/memorandum-du-collectif-des-eleves-laureats-des-ecoles-franco-arabes-en-guinee-2021-au-president-de-la-republique\/#breadcrumb\",\"itemListElement\":[{\"@type\":\"ListItem\",\"position\":1,\"name\":\"Accueil\",\"item\":\"https:\/\/guineediversite.com\/\"},{\"@type\":\"ListItem\",\"position\":2,\"name\":\"M\u00e9morandum du Collectif des El\u00e8ves Laur\u00e9ats des \u00e9coles franco-arabes en Guin\u00e9e 2021 au Pr\u00e9sident de la R\u00e9publique\"}]},{\"@type\":\"WebSite\",\"@id\":\"https:\/\/guineediversite.com\/#website\",\"url\":\"https:\/\/guineediversite.com\/\",\"name\":\"Guin\u00e9e Diversit\u00e9\",\"description\":\"L&#039;Info dans toute sa diversit\u00e9\",\"publisher\":{\"@id\":\"https:\/\/guineediversite.com\/#organization\"},\"potentialAction\":[{\"@type\":\"SearchAction\",\"target\":{\"@type\":\"EntryPoint\",\"urlTemplate\":\"https:\/\/guineediversite.com\/?s={search_term_string}\"},\"query-input\":{\"@type\":\"PropertyValueSpecification\",\"valueRequired\":true,\"valueName\":\"search_term_string\"}}],\"inLanguage\":\"fr-FR\"},{\"@type\":\"Organization\",\"@id\":\"https:\/\/guineediversite.com\/#organization\",\"name\":\"Guin\u00e9e Diversit\u00e9\",\"url\":\"https:\/\/guineediversite.com\/\",\"logo\":{\"@type\":\"ImageObject\",\"inLanguage\":\"fr-FR\",\"@id\":\"https:\/\/guineediversite.com\/#\/schema\/logo\/image\/\",\"url\":\"https:\/\/guineediversite.com\/wp-content\/uploads\/2017\/04\/cropped-1jojlxEOMkX9Wyqfhe43D6kjPOGqBBKmx3EwWJqZ0cMrFF54yM49.png\",\"contentUrl\":\"https:\/\/guineediversite.com\/wp-content\/uploads\/2017\/04\/cropped-1jojlxEOMkX9Wyqfhe43D6kjPOGqBBKmx3EwWJqZ0cMrFF54yM49.png\",\"width\":186,\"height\":112,\"caption\":\"Guin\u00e9e Diversit\u00e9\"},\"image\":{\"@id\":\"https:\/\/guineediversite.com\/#\/schema\/logo\/image\/\"},\"sameAs\":[\"https:\/\/www.facebook.com\/guineediversite\/\",\"https:\/\/x.com\/GuineeDiversite\",\"https:\/\/www.youtube.com\/channel\/UC8sUY16qelG5ge6_D5SB83g\"]},{\"@type\":\"Person\",\"@id\":\"https:\/\/guineediversite.com\/#\/schema\/person\/afa08fb34e7fc6e1feafc892612bc836\",\"name\":\"Guin\u00e9e Diversit\u00e9\",\"image\":{\"@type\":\"ImageObject\",\"inLanguage\":\"fr-FR\",\"@id\":\"https:\/\/guineediversite.com\/#\/schema\/person\/image\/\",\"url\":\"https:\/\/secure.gravatar.com\/avatar\/50d5eb5b390f8b65ac30ac6f898eb83a?s=96&d=mm&r=g\",\"contentUrl\":\"https:\/\/secure.gravatar.com\/avatar\/50d5eb5b390f8b65ac30ac6f898eb83a?s=96&d=mm&r=g\",\"caption\":\"Guin\u00e9e Diversit\u00e9\"},\"url\":\"https:\/\/guineediversite.com\/index.php\/author\/guineediversite\/\"}]}<\/script>\n<!-- \/ Yoast SEO plugin. -->","yoast_head_json":{"title":"M\u00e9morandum du Collectif des El\u00e8ves Laur\u00e9ats des \u00e9coles franco-arabes en Guin\u00e9e 2021 au Pr\u00e9sident de la R\u00e9publique | Guin\u00e9e Diversit\u00e9","robots":{"index":"index","follow":"follow","max-snippet":"max-snippet:-1","max-image-preview":"max-image-preview:large","max-video-preview":"max-video-preview:-1"},"canonical":"https:\/\/guineediversite.com\/index.php\/2021\/11\/12\/memorandum-du-collectif-des-eleves-laureats-des-ecoles-franco-arabes-en-guinee-2021-au-president-de-la-republique\/","og_locale":"fr_FR","og_type":"article","og_title":"M\u00e9morandum du Collectif des El\u00e8ves Laur\u00e9ats des \u00e9coles franco-arabes en Guin\u00e9e 2021 au Pr\u00e9sident de la R\u00e9publique | Guin\u00e9e Diversit\u00e9","og_description":"MEMORANDUM DU COLLECTIF DES ELEVES LAUREATS DES ECOLES FRANCO-ARABES DE GUINEE 2021 A son Excellence Monsieur le Pr\u00e9sident de la R\u00e9publique ; A son Excellence Monsieur le Premier Ministre ; A Son Excellence Monsieur minist\u00e8re de l\u2019\u00c9ducation nationale et de l\u2019Alphab\u00e9tisation ; Au Directeur de l\u2019Office Nation de bourse d\u2019Ext\u00e9rieur. Excellence, dans le dynamique de [&hellip;]","og_url":"https:\/\/guineediversite.com\/index.php\/2021\/11\/12\/memorandum-du-collectif-des-eleves-laureats-des-ecoles-franco-arabes-en-guinee-2021-au-president-de-la-republique\/","og_site_name":"Guin\u00e9e Diversit\u00e9","article_publisher":"https:\/\/www.facebook.com\/guineediversite\/","article_published_time":"2021-11-12T22:27:47+00:00","og_image":[{"width":1300,"height":867,"url":"https:\/\/guineediversite.com\/wp-content\/uploads\/2021\/11\/PhotoCollage_1636734514163-696x464-1.jpg","type":"image\/jpeg"}],"author":"Guin\u00e9e Diversit\u00e9","twitter_card":"summary_large_image","twitter_creator":"@GuineeDiversite","twitter_site":"@GuineeDiversite","twitter_misc":{"\u00c9crit par":"Guin\u00e9e Diversit\u00e9","Dur\u00e9e de lecture estim\u00e9e":"5 minutes"},"schema":{"@context":"https:\/\/schema.org","@graph":[{"@type":"Article","@id":"https:\/\/guineediversite.com\/index.php\/2021\/11\/12\/memorandum-du-collectif-des-eleves-laureats-des-ecoles-franco-arabes-en-guinee-2021-au-president-de-la-republique\/#article","isPartOf":{"@id":"https:\/\/guineediversite.com\/index.php\/2021\/11\/12\/memorandum-du-collectif-des-eleves-laureats-des-ecoles-franco-arabes-en-guinee-2021-au-president-de-la-republique\/"},"author":{"name":"Guin\u00e9e Diversit\u00e9","@id":"https:\/\/guineediversite.com\/#\/schema\/person\/afa08fb34e7fc6e1feafc892612bc836"},"headline":"M\u00e9morandum du Collectif des El\u00e8ves Laur\u00e9ats des \u00e9coles franco-arabes en Guin\u00e9e 2021 au Pr\u00e9sident de la R\u00e9publique","datePublished":"2021-11-12T22:27:47+00:00","dateModified":"2021-11-12T22:27:47+00:00","mainEntityOfPage":{"@id":"https:\/\/guineediversite.com\/index.php\/2021\/11\/12\/memorandum-du-collectif-des-eleves-laureats-des-ecoles-franco-arabes-en-guinee-2021-au-president-de-la-republique\/"},"wordCount":924,"publisher":{"@id":"https:\/\/guineediversite.com\/#organization"},"image":{"@id":"https:\/\/guineediversite.com\/index.php\/2021\/11\/12\/memorandum-du-collectif-des-eleves-laureats-des-ecoles-franco-arabes-en-guinee-2021-au-president-de-la-republique\/#primaryimage"},"thumbnailUrl":"https:\/\/guineediversite.com\/wp-content\/uploads\/2021\/11\/PhotoCollage_1636734514163-696x464-1.jpg","articleSection":["Soci\u00e9t\u00e9"],"inLanguage":"fr-FR"},{"@type":"WebPage","@id":"https:\/\/guineediversite.com\/index.php\/2021\/11\/12\/memorandum-du-collectif-des-eleves-laureats-des-ecoles-franco-arabes-en-guinee-2021-au-president-de-la-republique\/","url":"https:\/\/guineediversite.com\/index.php\/2021\/11\/12\/memorandum-du-collectif-des-eleves-laureats-des-ecoles-franco-arabes-en-guinee-2021-au-president-de-la-republique\/","name":"M\u00e9morandum du Collectif des El\u00e8ves Laur\u00e9ats des \u00e9coles franco-arabes en Guin\u00e9e 2021 au Pr\u00e9sident de la R\u00e9publique | Guin\u00e9e Diversit\u00e9","isPartOf":{"@id":"https:\/\/guineediversite.com\/#website"},"primaryImageOfPage":{"@id":"https:\/\/guineediversite.com\/index.php\/2021\/11\/12\/memorandum-du-collectif-des-eleves-laureats-des-ecoles-franco-arabes-en-guinee-2021-au-president-de-la-republique\/#primaryimage"},"image":{"@id":"https:\/\/guineediversite.com\/index.php\/2021\/11\/12\/memorandum-du-collectif-des-eleves-laureats-des-ecoles-franco-arabes-en-guinee-2021-au-president-de-la-republique\/#primaryimage"},"thumbnailUrl":"https:\/\/guineediversite.com\/wp-content\/uploads\/2021\/11\/PhotoCollage_1636734514163-696x464-1.jpg","datePublished":"2021-11-12T22:27:47+00:00","dateModified":"2021-11-12T22:27:47+00:00","breadcrumb":{"@id":"https:\/\/guineediversite.com\/index.php\/2021\/11\/12\/memorandum-du-collectif-des-eleves-laureats-des-ecoles-franco-arabes-en-guinee-2021-au-president-de-la-republique\/#breadcrumb"},"inLanguage":"fr-FR","potentialAction":[{"@type":"ReadAction","target":["https:\/\/guineediversite.com\/index.php\/2021\/11\/12\/memorandum-du-collectif-des-eleves-laureats-des-ecoles-franco-arabes-en-guinee-2021-au-president-de-la-republique\/"]}]},{"@type":"ImageObject","inLanguage":"fr-FR","@id":"https:\/\/guineediversite.com\/index.php\/2021\/11\/12\/memorandum-du-collectif-des-eleves-laureats-des-ecoles-franco-arabes-en-guinee-2021-au-president-de-la-republique\/#primaryimage","url":"https:\/\/guineediversite.com\/wp-content\/uploads\/2021\/11\/PhotoCollage_1636734514163-696x464-1.jpg","contentUrl":"https:\/\/guineediversite.com\/wp-content\/uploads\/2021\/11\/PhotoCollage_1636734514163-696x464-1.jpg","width":1300,"height":867},{"@type":"BreadcrumbList","@id":"https:\/\/guineediversite.com\/index.php\/2021\/11\/12\/memorandum-du-collectif-des-eleves-laureats-des-ecoles-franco-arabes-en-guinee-2021-au-president-de-la-republique\/#breadcrumb","itemListElement":[{"@type":"ListItem","position":1,"name":"Accueil","item":"https:\/\/guineediversite.com\/"},{"@type":"ListItem","position":2,"name":"M\u00e9morandum du Collectif des El\u00e8ves Laur\u00e9ats des \u00e9coles franco-arabes en Guin\u00e9e 2021 au Pr\u00e9sident de la R\u00e9publique"}]},{"@type":"WebSite","@id":"https:\/\/guineediversite.com\/#website","url":"https:\/\/guineediversite.com\/","name":"Guin\u00e9e Diversit\u00e9","description":"L&#039;Info dans toute sa diversit\u00e9","publisher":{"@id":"https:\/\/guineediversite.com\/#organization"},"potentialAction":[{"@type":"SearchAction","target":{"@type":"EntryPoint","urlTemplate":"https:\/\/guineediversite.com\/?s={search_term_string}"},"query-input":{"@type":"PropertyValueSpecification","valueRequired":true,"valueName":"search_term_string"}}],"inLanguage":"fr-FR"},{"@type":"Organization","@id":"https:\/\/guineediversite.com\/#organization","name":"Guin\u00e9e Diversit\u00e9","url":"https:\/\/guineediversite.com\/","logo":{"@type":"ImageObject","inLanguage":"fr-FR","@id":"https:\/\/guineediversite.com\/#\/schema\/logo\/image\/","url":"https:\/\/guineediversite.com\/wp-content\/uploads\/2017\/04\/cropped-1jojlxEOMkX9Wyqfhe43D6kjPOGqBBKmx3EwWJqZ0cMrFF54yM49.png","contentUrl":"https:\/\/guineediversite.com\/wp-content\/uploads\/2017\/04\/cropped-1jojlxEOMkX9Wyqfhe43D6kjPOGqBBKmx3EwWJqZ0cMrFF54yM49.png","width":186,"height":112,"caption":"Guin\u00e9e Diversit\u00e9"},"image":{"@id":"https:\/\/guineediversite.com\/#\/schema\/logo\/image\/"},"sameAs":["https:\/\/www.facebook.com\/guineediversite\/","https:\/\/x.com\/GuineeDiversite","https:\/\/www.youtube.com\/channel\/UC8sUY16qelG5ge6_D5SB83g"]},{"@type":"Person","@id":"https:\/\/guineediversite.com\/#\/schema\/person\/afa08fb34e7fc6e1feafc892612bc836","name":"Guin\u00e9e Diversit\u00e9","image":{"@type":"ImageObject","inLanguage":"fr-FR","@id":"https:\/\/guineediversite.com\/#\/schema\/person\/image\/","url":"https:\/\/secure.gravatar.com\/avatar\/50d5eb5b390f8b65ac30ac6f898eb83a?s=96&d=mm&r=g","contentUrl":"https:\/\/secure.gravatar.com\/avatar\/50d5eb5b390f8b65ac30ac6f898eb83a?s=96&d=mm&r=g","caption":"Guin\u00e9e Diversit\u00e9"},"url":"https:\/\/guineediversite.com\/index.php\/author\/guineediversite\/"}]}},"_links":{"self":[{"href":"https:\/\/guineediversite.com\/index.php\/wp-json\/wp\/v2\/posts\/31864"}],"collection":[{"href":"https:\/\/guineediversite.com\/index.php\/wp-json\/wp\/v2\/posts"}],"about":[{"href":"https:\/\/guineediversite.com\/index.php\/wp-json\/wp\/v2\/types\/post"}],"author":[{"embeddable":true,"href":"https:\/\/guineediversite.com\/index.php\/wp-json\/wp\/v2\/users\/12"}],"replies":[{"embeddable":true,"href":"https:\/\/guineediversite.com\/index.php\/wp-json\/wp\/v2\/comments?post=31864"}],"version-history":[{"count":1,"href":"https:\/\/guineediversite.com\/index.php\/wp-json\/wp\/v2\/posts\/31864\/revisions"}],"predecessor-version":[{"id":31866,"href":"https:\/\/guineediversite.com\/index.php\/wp-json\/wp\/v2\/posts\/31864\/revisions\/31866"}],"wp:featuredmedia":[{"embeddable":true,"href":"https:\/\/guineediversite.com\/index.php\/wp-json\/wp\/v2\/media\/31865"}],"wp:attachment":[{"href":"https:\/\/guineediversite.com\/index.php\/wp-json\/wp\/v2\/media?parent=31864"}],"wp:term":[{"taxonomy":"category","embeddable":true,"href":"https:\/\/guineediversite.com\/index.php\/wp-json\/wp\/v2\/categories?post=31864"},{"taxonomy":"post_tag","embeddable":true,"href":"https:\/\/guineediversite.com\/index.php\/wp-json\/wp\/v2\/tags?post=31864"}],"curies":[{"name":"wp","href":"https:\/\/api.w.org\/{rel}","templated":true}]}}