{"id":31852,"date":"2021-11-10T23:18:54","date_gmt":"2021-11-10T22:18:54","guid":{"rendered":"https:\/\/guineediversite.com\/?p=31852"},"modified":"2021-11-10T23:18:54","modified_gmt":"2021-11-10T22:18:54","slug":"rtg-fana-soumah-nouveau-parton-sekouba-savane-outside","status":"publish","type":"post","link":"https:\/\/guineediversite.com\/index.php\/2021\/11\/10\/rtg-fana-soumah-nouveau-parton-sekouba-savane-outside\/","title":{"rendered":"RTG : Fana Soumah nouveau parton, Sekouba Savan\u00e9 outside"},"content":{"rendered":"<p>C\u2019est dans un d\u00e9cret lu sur les ondes des m\u00e9dias d\u2019Etat ce mercredi 10 novembre 2021, que le pr\u00e9sident de la R\u00e9publique a limog\u00e9 Sekouba Savan\u00e9 et nomm\u00e9 Fana Soumah directeur g\u00e9n\u00e9ral de la Radio T\u00e9l\u00e9vision Guin\u00e9enne (RTG).<\/p>\n<p>Le nouveau patron de la RTG est un journaliste pr\u00e9sentateur du journal t\u00e9l\u00e9vis\u00e9, il \u00e9tait jusque-l\u00e0 directeur g\u00e9n\u00e9ral adjoint de la RTG. Il remplace Sekouba Savane apr\u00e8s quelque temps de contestation de sa gestion par des journalistes et pr\u00e9sentateurs.<\/p>\n","protected":false},"excerpt":{"rendered":"<p>C\u2019est dans un d\u00e9cret lu sur les ondes des m\u00e9dias d\u2019Etat ce mercredi 10 novembre 2021, que le pr\u00e9sident de la R\u00e9publique a limog\u00e9 Sekouba Savan\u00e9 et nomm\u00e9 Fana Soumah directeur g\u00e9n\u00e9ral de la Radio T\u00e9l\u00e9vision Guin\u00e9enne (RTG). Le nouveau patron de la RTG est un journaliste pr\u00e9sentateur du journal t\u00e9l\u00e9vis\u00e9, il \u00e9tait jusque-l\u00e0 directeur [&hellip;]<\/p>\n","protected":false},"author":12,"featured_media":31853,"comment_status":"closed","ping_status":"open","sticky":false,"template":"","format":"standard","meta":{"_exactmetrics_skip_tracking":false,"_exactmetrics_sitenote_active":false,"_exactmetrics_sitenote_note":"","_exactmetrics_sitenote_category":0,"tdm_status":"","tdm_grid_status":"","footnotes":""},"categories":[254,16],"tags":[],"class_list":{"0":"post-31852","1":"post","2":"type-post","3":"status-publish","4":"format-standard","5":"has-post-thumbnail","7":"category-derniere-minute","8":"category-societe"},"yoast_head":"<!-- This site is optimized with the Yoast SEO plugin v24.2 - https:\/\/yoast.com\/wordpress\/plugins\/seo\/ -->\n<title>RTG : Fana Soumah nouveau parton, Sekouba Savan\u00e9 outside | Guin\u00e9e Diversit\u00e9<\/title>\n<meta name=\"robots\" content=\"index, follow, max-snippet:-1, max-image-preview:large, max-video-preview:-1\" \/>\n<link rel=\"canonical\" href=\"https:\/\/guineediversite.com\/index.php\/2021\/11\/10\/rtg-fana-soumah-nouveau-parton-sekouba-savane-outside\/\" \/>\n<meta property=\"og:locale\" content=\"fr_FR\" \/>\n<meta property=\"og:type\" content=\"article\" \/>\n<meta property=\"og:title\" content=\"RTG : Fana Soumah nouveau parton, Sekouba Savan\u00e9 outside | Guin\u00e9e Diversit\u00e9\" \/>\n<meta property=\"og:description\" content=\"C\u2019est dans un d\u00e9cret lu sur les ondes des m\u00e9dias d\u2019Etat ce mercredi 10 novembre 2021, que le pr\u00e9sident de la R\u00e9publique a limog\u00e9 Sekouba Savan\u00e9 et nomm\u00e9 Fana Soumah directeur g\u00e9n\u00e9ral de la Radio T\u00e9l\u00e9vision Guin\u00e9enne (RTG). Le nouveau patron de la RTG est un journaliste pr\u00e9sentateur du journal t\u00e9l\u00e9vis\u00e9, il \u00e9tait jusque-l\u00e0 directeur [&hellip;]\" \/>\n<meta property=\"og:url\" content=\"https:\/\/guineediversite.com\/index.php\/2021\/11\/10\/rtg-fana-soumah-nouveau-parton-sekouba-savane-outside\/\" \/>\n<meta property=\"og:site_name\" content=\"Guin\u00e9e Diversit\u00e9\" \/>\n<meta property=\"article:publisher\" content=\"https:\/\/www.facebook.com\/guineediversite\/\" \/>\n<meta property=\"article:published_time\" content=\"2021-11-10T22:18:54+00:00\" \/>\n<meta property=\"og:image\" content=\"https:\/\/guineediversite.com\/wp-content\/uploads\/2021\/11\/Fana-SOUMAH-directeur-general-RTG.jpg\" \/>\n\t<meta property=\"og:image:width\" content=\"1300\" \/>\n\t<meta property=\"og:image:height\" content=\"737\" \/>\n\t<meta property=\"og:image:type\" content=\"image\/jpeg\" \/>\n<meta name=\"author\" content=\"Guin\u00e9e Diversit\u00e9\" \/>\n<meta name=\"twitter:card\" content=\"summary_large_image\" \/>\n<meta name=\"twitter:creator\" content=\"@GuineeDiversite\" \/>\n<meta name=\"twitter:site\" content=\"@GuineeDiversite\" \/>\n<meta name=\"twitter:label1\" content=\"\u00c9crit par\" \/>\n\t<meta name=\"twitter:data1\" content=\"Guin\u00e9e Diversit\u00e9\" \/>\n<script type=\"application\/ld+json\" class=\"yoast-schema-graph\">{\"@context\":\"https:\/\/schema.org\",\"@graph\":[{\"@type\":\"Article\",\"@id\":\"https:\/\/guineediversite.com\/index.php\/2021\/11\/10\/rtg-fana-soumah-nouveau-parton-sekouba-savane-outside\/#article\",\"isPartOf\":{\"@id\":\"https:\/\/guineediversite.com\/index.php\/2021\/11\/10\/rtg-fana-soumah-nouveau-parton-sekouba-savane-outside\/\"},\"author\":{\"name\":\"Guin\u00e9e Diversit\u00e9\",\"@id\":\"https:\/\/guineediversite.com\/#\/schema\/person\/afa08fb34e7fc6e1feafc892612bc836\"},\"headline\":\"RTG : Fana Soumah nouveau parton, Sekouba Savan\u00e9 outside\",\"datePublished\":\"2021-11-10T22:18:54+00:00\",\"dateModified\":\"2021-11-10T22:18:54+00:00\",\"mainEntityOfPage\":{\"@id\":\"https:\/\/guineediversite.com\/index.php\/2021\/11\/10\/rtg-fana-soumah-nouveau-parton-sekouba-savane-outside\/\"},\"wordCount\":101,\"publisher\":{\"@id\":\"https:\/\/guineediversite.com\/#organization\"},\"image\":{\"@id\":\"https:\/\/guineediversite.com\/index.php\/2021\/11\/10\/rtg-fana-soumah-nouveau-parton-sekouba-savane-outside\/#primaryimage\"},\"thumbnailUrl\":\"https:\/\/guineediversite.com\/wp-content\/uploads\/2021\/11\/Fana-SOUMAH-directeur-general-RTG.jpg\",\"articleSection\":[\"Derni\u00e8re minute\",\"Soci\u00e9t\u00e9\"],\"inLanguage\":\"fr-FR\"},{\"@type\":\"WebPage\",\"@id\":\"https:\/\/guineediversite.com\/index.php\/2021\/11\/10\/rtg-fana-soumah-nouveau-parton-sekouba-savane-outside\/\",\"url\":\"https:\/\/guineediversite.com\/index.php\/2021\/11\/10\/rtg-fana-soumah-nouveau-parton-sekouba-savane-outside\/\",\"name\":\"RTG : Fana Soumah nouveau parton, Sekouba Savan\u00e9 outside | Guin\u00e9e Diversit\u00e9\",\"isPartOf\":{\"@id\":\"https:\/\/guineediversite.com\/#website\"},\"primaryImageOfPage\":{\"@id\":\"https:\/\/guineediversite.com\/index.php\/2021\/11\/10\/rtg-fana-soumah-nouveau-parton-sekouba-savane-outside\/#primaryimage\"},\"image\":{\"@id\":\"https:\/\/guineediversite.com\/index.php\/2021\/11\/10\/rtg-fana-soumah-nouveau-parton-sekouba-savane-outside\/#primaryimage\"},\"thumbnailUrl\":\"https:\/\/guineediversite.com\/wp-content\/uploads\/2021\/11\/Fana-SOUMAH-directeur-general-RTG.jpg\",\"datePublished\":\"2021-11-10T22:18:54+00:00\",\"dateModified\":\"2021-11-10T22:18:54+00:00\",\"breadcrumb\":{\"@id\":\"https:\/\/guineediversite.com\/index.php\/2021\/11\/10\/rtg-fana-soumah-nouveau-parton-sekouba-savane-outside\/#breadcrumb\"},\"inLanguage\":\"fr-FR\",\"potentialAction\":[{\"@type\":\"ReadAction\",\"target\":[\"https:\/\/guineediversite.com\/index.php\/2021\/11\/10\/rtg-fana-soumah-nouveau-parton-sekouba-savane-outside\/\"]}]},{\"@type\":\"ImageObject\",\"inLanguage\":\"fr-FR\",\"@id\":\"https:\/\/guineediversite.com\/index.php\/2021\/11\/10\/rtg-fana-soumah-nouveau-parton-sekouba-savane-outside\/#primaryimage\",\"url\":\"https:\/\/guineediversite.com\/wp-content\/uploads\/2021\/11\/Fana-SOUMAH-directeur-general-RTG.jpg\",\"contentUrl\":\"https:\/\/guineediversite.com\/wp-content\/uploads\/2021\/11\/Fana-SOUMAH-directeur-general-RTG.jpg\",\"width\":1300,\"height\":737},{\"@type\":\"BreadcrumbList\",\"@id\":\"https:\/\/guineediversite.com\/index.php\/2021\/11\/10\/rtg-fana-soumah-nouveau-parton-sekouba-savane-outside\/#breadcrumb\",\"itemListElement\":[{\"@type\":\"ListItem\",\"position\":1,\"name\":\"Accueil\",\"item\":\"https:\/\/guineediversite.com\/\"},{\"@type\":\"ListItem\",\"position\":2,\"name\":\"RTG : Fana Soumah nouveau parton, Sekouba Savan\u00e9 outside\"}]},{\"@type\":\"WebSite\",\"@id\":\"https:\/\/guineediversite.com\/#website\",\"url\":\"https:\/\/guineediversite.com\/\",\"name\":\"Guin\u00e9e Diversit\u00e9\",\"description\":\"L&#039;Info dans toute sa diversit\u00e9\",\"publisher\":{\"@id\":\"https:\/\/guineediversite.com\/#organization\"},\"potentialAction\":[{\"@type\":\"SearchAction\",\"target\":{\"@type\":\"EntryPoint\",\"urlTemplate\":\"https:\/\/guineediversite.com\/?s={search_term_string}\"},\"query-input\":{\"@type\":\"PropertyValueSpecification\",\"valueRequired\":true,\"valueName\":\"search_term_string\"}}],\"inLanguage\":\"fr-FR\"},{\"@type\":\"Organization\",\"@id\":\"https:\/\/guineediversite.com\/#organization\",\"name\":\"Guin\u00e9e Diversit\u00e9\",\"url\":\"https:\/\/guineediversite.com\/\",\"logo\":{\"@type\":\"ImageObject\",\"inLanguage\":\"fr-FR\",\"@id\":\"https:\/\/guineediversite.com\/#\/schema\/logo\/image\/\",\"url\":\"https:\/\/guineediversite.com\/wp-content\/uploads\/2017\/04\/cropped-1jojlxEOMkX9Wyqfhe43D6kjPOGqBBKmx3EwWJqZ0cMrFF54yM49.png\",\"contentUrl\":\"https:\/\/guineediversite.com\/wp-content\/uploads\/2017\/04\/cropped-1jojlxEOMkX9Wyqfhe43D6kjPOGqBBKmx3EwWJqZ0cMrFF54yM49.png\",\"width\":186,\"height\":112,\"caption\":\"Guin\u00e9e Diversit\u00e9\"},\"image\":{\"@id\":\"https:\/\/guineediversite.com\/#\/schema\/logo\/image\/\"},\"sameAs\":[\"https:\/\/www.facebook.com\/guineediversite\/\",\"https:\/\/x.com\/GuineeDiversite\",\"https:\/\/www.youtube.com\/channel\/UC8sUY16qelG5ge6_D5SB83g\"]},{\"@type\":\"Person\",\"@id\":\"https:\/\/guineediversite.com\/#\/schema\/person\/afa08fb34e7fc6e1feafc892612bc836\",\"name\":\"Guin\u00e9e Diversit\u00e9\",\"image\":{\"@type\":\"ImageObject\",\"inLanguage\":\"fr-FR\",\"@id\":\"https:\/\/guineediversite.com\/#\/schema\/person\/image\/\",\"url\":\"https:\/\/secure.gravatar.com\/avatar\/50d5eb5b390f8b65ac30ac6f898eb83a?s=96&d=mm&r=g\",\"contentUrl\":\"https:\/\/secure.gravatar.com\/avatar\/50d5eb5b390f8b65ac30ac6f898eb83a?s=96&d=mm&r=g\",\"caption\":\"Guin\u00e9e Diversit\u00e9\"},\"url\":\"https:\/\/guineediversite.com\/index.php\/author\/guineediversite\/\"}]}<\/script>\n<!-- \/ Yoast SEO plugin. -->","yoast_head_json":{"title":"RTG : Fana Soumah nouveau parton, Sekouba Savan\u00e9 outside | Guin\u00e9e Diversit\u00e9","robots":{"index":"index","follow":"follow","max-snippet":"max-snippet:-1","max-image-preview":"max-image-preview:large","max-video-preview":"max-video-preview:-1"},"canonical":"https:\/\/guineediversite.com\/index.php\/2021\/11\/10\/rtg-fana-soumah-nouveau-parton-sekouba-savane-outside\/","og_locale":"fr_FR","og_type":"article","og_title":"RTG : Fana Soumah nouveau parton, Sekouba Savan\u00e9 outside | Guin\u00e9e Diversit\u00e9","og_description":"C\u2019est dans un d\u00e9cret lu sur les ondes des m\u00e9dias d\u2019Etat ce mercredi 10 novembre 2021, que le pr\u00e9sident de la R\u00e9publique a limog\u00e9 Sekouba Savan\u00e9 et nomm\u00e9 Fana Soumah directeur g\u00e9n\u00e9ral de la Radio T\u00e9l\u00e9vision Guin\u00e9enne (RTG). Le nouveau patron de la RTG est un journaliste pr\u00e9sentateur du journal t\u00e9l\u00e9vis\u00e9, il \u00e9tait jusque-l\u00e0 directeur [&hellip;]","og_url":"https:\/\/guineediversite.com\/index.php\/2021\/11\/10\/rtg-fana-soumah-nouveau-parton-sekouba-savane-outside\/","og_site_name":"Guin\u00e9e Diversit\u00e9","article_publisher":"https:\/\/www.facebook.com\/guineediversite\/","article_published_time":"2021-11-10T22:18:54+00:00","og_image":[{"width":1300,"height":737,"url":"https:\/\/guineediversite.com\/wp-content\/uploads\/2021\/11\/Fana-SOUMAH-directeur-general-RTG.jpg","type":"image\/jpeg"}],"author":"Guin\u00e9e Diversit\u00e9","twitter_card":"summary_large_image","twitter_creator":"@GuineeDiversite","twitter_site":"@GuineeDiversite","twitter_misc":{"\u00c9crit par":"Guin\u00e9e Diversit\u00e9"},"schema":{"@context":"https:\/\/schema.org","@graph":[{"@type":"Article","@id":"https:\/\/guineediversite.com\/index.php\/2021\/11\/10\/rtg-fana-soumah-nouveau-parton-sekouba-savane-outside\/#article","isPartOf":{"@id":"https:\/\/guineediversite.com\/index.php\/2021\/11\/10\/rtg-fana-soumah-nouveau-parton-sekouba-savane-outside\/"},"author":{"name":"Guin\u00e9e Diversit\u00e9","@id":"https:\/\/guineediversite.com\/#\/schema\/person\/afa08fb34e7fc6e1feafc892612bc836"},"headline":"RTG : Fana Soumah nouveau parton, Sekouba Savan\u00e9 outside","datePublished":"2021-11-10T22:18:54+00:00","dateModified":"2021-11-10T22:18:54+00:00","mainEntityOfPage":{"@id":"https:\/\/guineediversite.com\/index.php\/2021\/11\/10\/rtg-fana-soumah-nouveau-parton-sekouba-savane-outside\/"},"wordCount":101,"publisher":{"@id":"https:\/\/guineediversite.com\/#organization"},"image":{"@id":"https:\/\/guineediversite.com\/index.php\/2021\/11\/10\/rtg-fana-soumah-nouveau-parton-sekouba-savane-outside\/#primaryimage"},"thumbnailUrl":"https:\/\/guineediversite.com\/wp-content\/uploads\/2021\/11\/Fana-SOUMAH-directeur-general-RTG.jpg","articleSection":["Derni\u00e8re minute","Soci\u00e9t\u00e9"],"inLanguage":"fr-FR"},{"@type":"WebPage","@id":"https:\/\/guineediversite.com\/index.php\/2021\/11\/10\/rtg-fana-soumah-nouveau-parton-sekouba-savane-outside\/","url":"https:\/\/guineediversite.com\/index.php\/2021\/11\/10\/rtg-fana-soumah-nouveau-parton-sekouba-savane-outside\/","name":"RTG : Fana Soumah nouveau parton, Sekouba Savan\u00e9 outside | Guin\u00e9e Diversit\u00e9","isPartOf":{"@id":"https:\/\/guineediversite.com\/#website"},"primaryImageOfPage":{"@id":"https:\/\/guineediversite.com\/index.php\/2021\/11\/10\/rtg-fana-soumah-nouveau-parton-sekouba-savane-outside\/#primaryimage"},"image":{"@id":"https:\/\/guineediversite.com\/index.php\/2021\/11\/10\/rtg-fana-soumah-nouveau-parton-sekouba-savane-outside\/#primaryimage"},"thumbnailUrl":"https:\/\/guineediversite.com\/wp-content\/uploads\/2021\/11\/Fana-SOUMAH-directeur-general-RTG.jpg","datePublished":"2021-11-10T22:18:54+00:00","dateModified":"2021-11-10T22:18:54+00:00","breadcrumb":{"@id":"https:\/\/guineediversite.com\/index.php\/2021\/11\/10\/rtg-fana-soumah-nouveau-parton-sekouba-savane-outside\/#breadcrumb"},"inLanguage":"fr-FR","potentialAction":[{"@type":"ReadAction","target":["https:\/\/guineediversite.com\/index.php\/2021\/11\/10\/rtg-fana-soumah-nouveau-parton-sekouba-savane-outside\/"]}]},{"@type":"ImageObject","inLanguage":"fr-FR","@id":"https:\/\/guineediversite.com\/index.php\/2021\/11\/10\/rtg-fana-soumah-nouveau-parton-sekouba-savane-outside\/#primaryimage","url":"https:\/\/guineediversite.com\/wp-content\/uploads\/2021\/11\/Fana-SOUMAH-directeur-general-RTG.jpg","contentUrl":"https:\/\/guineediversite.com\/wp-content\/uploads\/2021\/11\/Fana-SOUMAH-directeur-general-RTG.jpg","width":1300,"height":737},{"@type":"BreadcrumbList","@id":"https:\/\/guineediversite.com\/index.php\/2021\/11\/10\/rtg-fana-soumah-nouveau-parton-sekouba-savane-outside\/#breadcrumb","itemListElement":[{"@type":"ListItem","position":1,"name":"Accueil","item":"https:\/\/guineediversite.com\/"},{"@type":"ListItem","position":2,"name":"RTG : Fana Soumah nouveau parton, Sekouba Savan\u00e9 outside"}]},{"@type":"WebSite","@id":"https:\/\/guineediversite.com\/#website","url":"https:\/\/guineediversite.com\/","name":"Guin\u00e9e Diversit\u00e9","description":"L&#039;Info dans toute sa diversit\u00e9","publisher":{"@id":"https:\/\/guineediversite.com\/#organization"},"potentialAction":[{"@type":"SearchAction","target":{"@type":"EntryPoint","urlTemplate":"https:\/\/guineediversite.com\/?s={search_term_string}"},"query-input":{"@type":"PropertyValueSpecification","valueRequired":true,"valueName":"search_term_string"}}],"inLanguage":"fr-FR"},{"@type":"Organization","@id":"https:\/\/guineediversite.com\/#organization","name":"Guin\u00e9e Diversit\u00e9","url":"https:\/\/guineediversite.com\/","logo":{"@type":"ImageObject","inLanguage":"fr-FR","@id":"https:\/\/guineediversite.com\/#\/schema\/logo\/image\/","url":"https:\/\/guineediversite.com\/wp-content\/uploads\/2017\/04\/cropped-1jojlxEOMkX9Wyqfhe43D6kjPOGqBBKmx3EwWJqZ0cMrFF54yM49.png","contentUrl":"https:\/\/guineediversite.com\/wp-content\/uploads\/2017\/04\/cropped-1jojlxEOMkX9Wyqfhe43D6kjPOGqBBKmx3EwWJqZ0cMrFF54yM49.png","width":186,"height":112,"caption":"Guin\u00e9e Diversit\u00e9"},"image":{"@id":"https:\/\/guineediversite.com\/#\/schema\/logo\/image\/"},"sameAs":["https:\/\/www.facebook.com\/guineediversite\/","https:\/\/x.com\/GuineeDiversite","https:\/\/www.youtube.com\/channel\/UC8sUY16qelG5ge6_D5SB83g"]},{"@type":"Person","@id":"https:\/\/guineediversite.com\/#\/schema\/person\/afa08fb34e7fc6e1feafc892612bc836","name":"Guin\u00e9e Diversit\u00e9","image":{"@type":"ImageObject","inLanguage":"fr-FR","@id":"https:\/\/guineediversite.com\/#\/schema\/person\/image\/","url":"https:\/\/secure.gravatar.com\/avatar\/50d5eb5b390f8b65ac30ac6f898eb83a?s=96&d=mm&r=g","contentUrl":"https:\/\/secure.gravatar.com\/avatar\/50d5eb5b390f8b65ac30ac6f898eb83a?s=96&d=mm&r=g","caption":"Guin\u00e9e Diversit\u00e9"},"url":"https:\/\/guineediversite.com\/index.php\/author\/guineediversite\/"}]}},"_links":{"self":[{"href":"https:\/\/guineediversite.com\/index.php\/wp-json\/wp\/v2\/posts\/31852"}],"collection":[{"href":"https:\/\/guineediversite.com\/index.php\/wp-json\/wp\/v2\/posts"}],"about":[{"href":"https:\/\/guineediversite.com\/index.php\/wp-json\/wp\/v2\/types\/post"}],"author":[{"embeddable":true,"href":"https:\/\/guineediversite.com\/index.php\/wp-json\/wp\/v2\/users\/12"}],"replies":[{"embeddable":true,"href":"https:\/\/guineediversite.com\/index.php\/wp-json\/wp\/v2\/comments?post=31852"}],"version-history":[{"count":1,"href":"https:\/\/guineediversite.com\/index.php\/wp-json\/wp\/v2\/posts\/31852\/revisions"}],"predecessor-version":[{"id":31854,"href":"https:\/\/guineediversite.com\/index.php\/wp-json\/wp\/v2\/posts\/31852\/revisions\/31854"}],"wp:featuredmedia":[{"embeddable":true,"href":"https:\/\/guineediversite.com\/index.php\/wp-json\/wp\/v2\/media\/31853"}],"wp:attachment":[{"href":"https:\/\/guineediversite.com\/index.php\/wp-json\/wp\/v2\/media?parent=31852"}],"wp:term":[{"taxonomy":"category","embeddable":true,"href":"https:\/\/guineediversite.com\/index.php\/wp-json\/wp\/v2\/categories?post=31852"},{"taxonomy":"post_tag","embeddable":true,"href":"https:\/\/guineediversite.com\/index.php\/wp-json\/wp\/v2\/tags?post=31852"}],"curies":[{"name":"wp","href":"https:\/\/api.w.org\/{rel}","templated":true}]}}