{"id":31813,"date":"2021-10-30T01:01:28","date_gmt":"2021-10-29T23:01:28","guid":{"rendered":"https:\/\/guineediversite.com\/?p=31813"},"modified":"2021-10-30T01:01:28","modified_gmt":"2021-10-29T23:01:28","slug":"mohamed-beavogui-a-la-cedeao-ce-pays-a-besoin-detre-reconstruit-dans-tous-ses-aspects","status":"publish","type":"post","link":"https:\/\/guineediversite.com\/index.php\/2021\/10\/30\/mohamed-beavogui-a-la-cedeao-ce-pays-a-besoin-detre-reconstruit-dans-tous-ses-aspects\/","title":{"rendered":"MOHAMED B\u00c9AVOGUI \u00c0 LA CEDEAO: \u00ab CE PAYS A BESOIN D&rsquo;\u00caTRE RECONSTRUIT DANS TOUS SES ASPECTS \u00bb"},"content":{"rendered":"<p><strong>Ce vendredi 29 Octobre 2021 la d\u00e9l\u00e9gation de la Communaut\u00e9 Economique des Etats de l\u2019Afrique de l\u2019Ouest a \u00e9t\u00e9 re\u00e7ue par le premier ministre de la transition au palais de la Colombe.<\/strong><\/p>\n<p>Le pr\u00e9sident de la commission de la commission de la CEDEAO Jean-Claude Kassi Brou, et le Premier ministre, Chef du Gouvernement ont abord\u00e9 plusieurs points li\u00e9s aux processus de transition en cours.<\/p>\n<p>La troisi\u00e8me mission de la CEDEAO\u00a0 \u00e0 Conakry depuis le 5 septembre 2021 vient examiner la possibilit\u00e9 d&rsquo;accompagner la Guin\u00e9e vers le retour \u00e0 l&rsquo;ordre constitutionnel.\u00a0<strong>\u00a0<\/strong><\/p>\n<p>\u00ab\u00a0<em>Nous avons un sommet qui doit se tenir dans une dizaine de jours \u00e0 Accra et cet \u00e9change nous permettra de d\u00e9battre autour de ce sujet. L\u2019objectif que nous cherchons tous est l\u2019avanc\u00e9e de notre pays et comment sortir de cette situation particuli\u00e8re dans les meilleures conditions possibles<\/em> \u00bb, d\u00e9clare le Pr\u00e9sident de la commission de la CEDEAO,<\/p>\n<p>Le locataire du palais de la Colombe s\u2019est r\u00e9jouit des efforts de l\u2019instance en faveur de la sous-r\u00e9gion et en particulier pour la R\u00e9publique de Guin\u00e9e. \u00ab<em>\u00a0Vous n\u2019\u00eates pas sans conna\u00eetre les raisons qui ont pouss\u00e9 \u00e0 ce changement. Ce pays a besoin d\u2019\u00eatre reconstruit dans tous ses aspects et la base de cette construction ne sera possible que s\u2019il y a un dialogue et une concertation nationale de mani\u00e8re inclusive. Le Pr\u00e9sident Mamadi Doumbouya a fait le choix de l\u2019apaisement et demande \u00e0 reconstruire la Guin\u00e9e sur la base de la justice.\u00a0<\/em>\u00bb<\/p>\n<p>Plus loin, le Premier ministre, Chef du Gouvernement \u00a0a fait remarquer \u00e0 ses h\u00f4tes de la CEDEAO que la charte de la transition, met un point d\u2019honneur sur le respect des droits de l\u2019homme. \u00ab\u00a0<em>Tous les gestes pos\u00e9s par notre Pr\u00e9sident aussi symbolique soient-ils s\u2019inscrivent dans le but de la r\u00e9conciliation du peuple de Guin\u00e9e. Le processus continue.<\/em>\u00a0\u00bb<\/p>\n<p>Pour Mohamed B\u00e9avogui, les guin\u00e9ens vivent un moment d\u00e9mocratique tr\u00e8s riche. \u00ab\u00a0<em>Nous vous demandons donc \u00e0 cet effet de nous accompagner au rythme qui permettra de trouver des solutions durables. Nous avons d\u2019\u00e9normes chantiers: Justice, administration qui fonctionne, finances publiques, des routes qui fonctionnent. Les probl\u00e8mes sont nombreux et complexes. Nous voulons bien faire les choses, il faut que la Guin\u00e9e soit d\u00e9tendue et que la qualit\u00e9 de vie soit am\u00e9lior\u00e9e.<\/em>\u00a0\u00bb<\/p>\n<p>Le Premier ministre insiste sur la particularit\u00e9 \u00ab\u00a0<strong>du cas\u00a0\u00a0guin\u00e9en<\/strong>\u00a0\u00bb et la volont\u00e9 des nouvelles autorit\u00e9s\u00a0\u00e0 rendre le \u00ab\u00a0pays normal\u00a0\u00bb. <em>\u00ab\u00a0Nous ne voulons pas nous \u00e9terniser au pouvoir, nous voulons \u0153uvrer pour le changement et la construction de la Guin\u00e9e<\/em>\u00bb, rassure Mohamed B\u00e9avogui.<\/p>\n<p><strong>Cellule de communication du gouvernement<\/strong><\/p>\n<p><img loading=\"lazy\" decoding=\"async\" class=\"alignnone size-medium wp-image-31815\" src=\"https:\/\/guineediversite.com.bwjx4292.odns.fr\/wp-content\/uploads\/2021\/10\/WhatsApp-Image-2021-10-29-at-22.53.58-300x190.jpeg\" alt=\"\" width=\"300\" height=\"190\" srcset=\"https:\/\/guineediversite.com\/wp-content\/uploads\/2021\/10\/WhatsApp-Image-2021-10-29-at-22.53.58-300x190.jpeg 300w, https:\/\/guineediversite.com\/wp-content\/uploads\/2021\/10\/WhatsApp-Image-2021-10-29-at-22.53.58-1024x648.jpeg 1024w, https:\/\/guineediversite.com\/wp-content\/uploads\/2021\/10\/WhatsApp-Image-2021-10-29-at-22.53.58-768x486.jpeg 768w, https:\/\/guineediversite.com\/wp-content\/uploads\/2021\/10\/WhatsApp-Image-2021-10-29-at-22.53.58-600x380.jpeg 600w, https:\/\/guineediversite.com\/wp-content\/uploads\/2021\/10\/WhatsApp-Image-2021-10-29-at-22.53.58-696x441.jpeg 696w, https:\/\/guineediversite.com\/wp-content\/uploads\/2021\/10\/WhatsApp-Image-2021-10-29-at-22.53.58-1068x676.jpeg 1068w, https:\/\/guineediversite.com\/wp-content\/uploads\/2021\/10\/WhatsApp-Image-2021-10-29-at-22.53.58-663x420.jpeg 663w, https:\/\/guineediversite.com\/wp-content\/uploads\/2021\/10\/WhatsApp-Image-2021-10-29-at-22.53.58.jpeg 1300w\" sizes=\"(max-width: 300px) 100vw, 300px\" \/> <img loading=\"lazy\" decoding=\"async\" class=\"alignnone size-medium wp-image-31816\" src=\"https:\/\/guineediversite.com.bwjx4292.odns.fr\/wp-content\/uploads\/2021\/10\/WhatsApp-Image-2021-10-29-at-22.53.59-1-300x171.jpeg\" alt=\"\" width=\"300\" height=\"171\" srcset=\"https:\/\/guineediversite.com\/wp-content\/uploads\/2021\/10\/WhatsApp-Image-2021-10-29-at-22.53.59-1-300x171.jpeg 300w, https:\/\/guineediversite.com\/wp-content\/uploads\/2021\/10\/WhatsApp-Image-2021-10-29-at-22.53.59-1-1024x585.jpeg 1024w, https:\/\/guineediversite.com\/wp-content\/uploads\/2021\/10\/WhatsApp-Image-2021-10-29-at-22.53.59-1-768x439.jpeg 768w, https:\/\/guineediversite.com\/wp-content\/uploads\/2021\/10\/WhatsApp-Image-2021-10-29-at-22.53.59-1-600x343.jpeg 600w, https:\/\/guineediversite.com\/wp-content\/uploads\/2021\/10\/WhatsApp-Image-2021-10-29-at-22.53.59-1-696x398.jpeg 696w, https:\/\/guineediversite.com\/wp-content\/uploads\/2021\/10\/WhatsApp-Image-2021-10-29-at-22.53.59-1-1068x610.jpeg 1068w, https:\/\/guineediversite.com\/wp-content\/uploads\/2021\/10\/WhatsApp-Image-2021-10-29-at-22.53.59-1-735x420.jpeg 735w, https:\/\/guineediversite.com\/wp-content\/uploads\/2021\/10\/WhatsApp-Image-2021-10-29-at-22.53.59-1.jpeg 1300w\" sizes=\"(max-width: 300px) 100vw, 300px\" \/><\/p>\n","protected":false},"excerpt":{"rendered":"<p>Ce vendredi 29 Octobre 2021 la d\u00e9l\u00e9gation de la Communaut\u00e9 Economique des Etats de l\u2019Afrique de l\u2019Ouest a \u00e9t\u00e9 re\u00e7ue par le premier ministre de la transition au palais de la Colombe. Le pr\u00e9sident de la commission de la commission de la CEDEAO Jean-Claude Kassi Brou, et le Premier ministre, Chef du Gouvernement ont abord\u00e9 [&hellip;]<\/p>\n","protected":false},"author":12,"featured_media":31814,"comment_status":"closed","ping_status":"open","sticky":false,"template":"","format":"standard","meta":{"_exactmetrics_skip_tracking":false,"_exactmetrics_sitenote_active":false,"_exactmetrics_sitenote_note":"","_exactmetrics_sitenote_category":0,"tdm_status":"","tdm_grid_status":"","footnotes":""},"categories":[14],"tags":[],"class_list":{"0":"post-31813","1":"post","2":"type-post","3":"status-publish","4":"format-standard","5":"has-post-thumbnail","7":"category-politique"},"yoast_head":"<!-- This site is optimized with the Yoast SEO plugin v24.2 - https:\/\/yoast.com\/wordpress\/plugins\/seo\/ -->\n<title>MOHAMED B\u00c9AVOGUI \u00c0 LA CEDEAO: \u00ab CE PAYS A BESOIN D&#039;\u00caTRE RECONSTRUIT DANS TOUS SES ASPECTS \u00bb | Guin\u00e9e Diversit\u00e9<\/title>\n<meta name=\"robots\" content=\"index, follow, max-snippet:-1, max-image-preview:large, max-video-preview:-1\" \/>\n<link rel=\"canonical\" href=\"https:\/\/guineediversite.com\/index.php\/2021\/10\/30\/mohamed-beavogui-a-la-cedeao-ce-pays-a-besoin-detre-reconstruit-dans-tous-ses-aspects\/\" \/>\n<meta property=\"og:locale\" content=\"fr_FR\" \/>\n<meta property=\"og:type\" content=\"article\" \/>\n<meta property=\"og:title\" content=\"MOHAMED B\u00c9AVOGUI \u00c0 LA CEDEAO: \u00ab CE PAYS A BESOIN D&#039;\u00caTRE RECONSTRUIT DANS TOUS SES ASPECTS \u00bb | Guin\u00e9e Diversit\u00e9\" \/>\n<meta property=\"og:description\" content=\"Ce vendredi 29 Octobre 2021 la d\u00e9l\u00e9gation de la Communaut\u00e9 Economique des Etats de l\u2019Afrique de l\u2019Ouest a \u00e9t\u00e9 re\u00e7ue par le premier ministre de la transition au palais de la Colombe. Le pr\u00e9sident de la commission de la commission de la CEDEAO Jean-Claude Kassi Brou, et le Premier ministre, Chef du Gouvernement ont abord\u00e9 [&hellip;]\" \/>\n<meta property=\"og:url\" content=\"https:\/\/guineediversite.com\/index.php\/2021\/10\/30\/mohamed-beavogui-a-la-cedeao-ce-pays-a-besoin-detre-reconstruit-dans-tous-ses-aspects\/\" \/>\n<meta property=\"og:site_name\" content=\"Guin\u00e9e Diversit\u00e9\" \/>\n<meta property=\"article:publisher\" content=\"https:\/\/www.facebook.com\/guineediversite\/\" \/>\n<meta property=\"article:published_time\" content=\"2021-10-29T23:01:28+00:00\" \/>\n<meta property=\"og:image\" content=\"https:\/\/guineediversite.com\/wp-content\/uploads\/2021\/10\/WhatsApp-Image-2021-10-29-at-22.53.59.jpeg\" \/>\n\t<meta property=\"og:image:width\" content=\"1300\" \/>\n\t<meta property=\"og:image:height\" content=\"748\" \/>\n\t<meta property=\"og:image:type\" content=\"image\/jpeg\" \/>\n<meta name=\"author\" content=\"Guin\u00e9e Diversit\u00e9\" \/>\n<meta name=\"twitter:card\" content=\"summary_large_image\" \/>\n<meta name=\"twitter:creator\" content=\"@GuineeDiversite\" \/>\n<meta name=\"twitter:site\" content=\"@GuineeDiversite\" \/>\n<meta name=\"twitter:label1\" content=\"\u00c9crit par\" \/>\n\t<meta name=\"twitter:data1\" content=\"Guin\u00e9e Diversit\u00e9\" \/>\n\t<meta name=\"twitter:label2\" content=\"Dur\u00e9e de lecture estim\u00e9e\" \/>\n\t<meta name=\"twitter:data2\" content=\"2 minutes\" \/>\n<script type=\"application\/ld+json\" class=\"yoast-schema-graph\">{\"@context\":\"https:\/\/schema.org\",\"@graph\":[{\"@type\":\"Article\",\"@id\":\"https:\/\/guineediversite.com\/index.php\/2021\/10\/30\/mohamed-beavogui-a-la-cedeao-ce-pays-a-besoin-detre-reconstruit-dans-tous-ses-aspects\/#article\",\"isPartOf\":{\"@id\":\"https:\/\/guineediversite.com\/index.php\/2021\/10\/30\/mohamed-beavogui-a-la-cedeao-ce-pays-a-besoin-detre-reconstruit-dans-tous-ses-aspects\/\"},\"author\":{\"name\":\"Guin\u00e9e Diversit\u00e9\",\"@id\":\"https:\/\/guineediversite.com\/#\/schema\/person\/afa08fb34e7fc6e1feafc892612bc836\"},\"headline\":\"MOHAMED B\u00c9AVOGUI \u00c0 LA CEDEAO: \u00ab CE PAYS A BESOIN D&rsquo;\u00caTRE RECONSTRUIT DANS TOUS SES ASPECTS \u00bb\",\"datePublished\":\"2021-10-29T23:01:28+00:00\",\"dateModified\":\"2021-10-29T23:01:28+00:00\",\"mainEntityOfPage\":{\"@id\":\"https:\/\/guineediversite.com\/index.php\/2021\/10\/30\/mohamed-beavogui-a-la-cedeao-ce-pays-a-besoin-detre-reconstruit-dans-tous-ses-aspects\/\"},\"wordCount\":476,\"publisher\":{\"@id\":\"https:\/\/guineediversite.com\/#organization\"},\"image\":{\"@id\":\"https:\/\/guineediversite.com\/index.php\/2021\/10\/30\/mohamed-beavogui-a-la-cedeao-ce-pays-a-besoin-detre-reconstruit-dans-tous-ses-aspects\/#primaryimage\"},\"thumbnailUrl\":\"https:\/\/guineediversite.com\/wp-content\/uploads\/2021\/10\/WhatsApp-Image-2021-10-29-at-22.53.59.jpeg\",\"articleSection\":[\"Politique\"],\"inLanguage\":\"fr-FR\"},{\"@type\":\"WebPage\",\"@id\":\"https:\/\/guineediversite.com\/index.php\/2021\/10\/30\/mohamed-beavogui-a-la-cedeao-ce-pays-a-besoin-detre-reconstruit-dans-tous-ses-aspects\/\",\"url\":\"https:\/\/guineediversite.com\/index.php\/2021\/10\/30\/mohamed-beavogui-a-la-cedeao-ce-pays-a-besoin-detre-reconstruit-dans-tous-ses-aspects\/\",\"name\":\"MOHAMED B\u00c9AVOGUI \u00c0 LA CEDEAO: \u00ab CE PAYS A BESOIN D'\u00caTRE RECONSTRUIT DANS TOUS SES ASPECTS \u00bb | Guin\u00e9e Diversit\u00e9\",\"isPartOf\":{\"@id\":\"https:\/\/guineediversite.com\/#website\"},\"primaryImageOfPage\":{\"@id\":\"https:\/\/guineediversite.com\/index.php\/2021\/10\/30\/mohamed-beavogui-a-la-cedeao-ce-pays-a-besoin-detre-reconstruit-dans-tous-ses-aspects\/#primaryimage\"},\"image\":{\"@id\":\"https:\/\/guineediversite.com\/index.php\/2021\/10\/30\/mohamed-beavogui-a-la-cedeao-ce-pays-a-besoin-detre-reconstruit-dans-tous-ses-aspects\/#primaryimage\"},\"thumbnailUrl\":\"https:\/\/guineediversite.com\/wp-content\/uploads\/2021\/10\/WhatsApp-Image-2021-10-29-at-22.53.59.jpeg\",\"datePublished\":\"2021-10-29T23:01:28+00:00\",\"dateModified\":\"2021-10-29T23:01:28+00:00\",\"breadcrumb\":{\"@id\":\"https:\/\/guineediversite.com\/index.php\/2021\/10\/30\/mohamed-beavogui-a-la-cedeao-ce-pays-a-besoin-detre-reconstruit-dans-tous-ses-aspects\/#breadcrumb\"},\"inLanguage\":\"fr-FR\",\"potentialAction\":[{\"@type\":\"ReadAction\",\"target\":[\"https:\/\/guineediversite.com\/index.php\/2021\/10\/30\/mohamed-beavogui-a-la-cedeao-ce-pays-a-besoin-detre-reconstruit-dans-tous-ses-aspects\/\"]}]},{\"@type\":\"ImageObject\",\"inLanguage\":\"fr-FR\",\"@id\":\"https:\/\/guineediversite.com\/index.php\/2021\/10\/30\/mohamed-beavogui-a-la-cedeao-ce-pays-a-besoin-detre-reconstruit-dans-tous-ses-aspects\/#primaryimage\",\"url\":\"https:\/\/guineediversite.com\/wp-content\/uploads\/2021\/10\/WhatsApp-Image-2021-10-29-at-22.53.59.jpeg\",\"contentUrl\":\"https:\/\/guineediversite.com\/wp-content\/uploads\/2021\/10\/WhatsApp-Image-2021-10-29-at-22.53.59.jpeg\",\"width\":1300,\"height\":748},{\"@type\":\"BreadcrumbList\",\"@id\":\"https:\/\/guineediversite.com\/index.php\/2021\/10\/30\/mohamed-beavogui-a-la-cedeao-ce-pays-a-besoin-detre-reconstruit-dans-tous-ses-aspects\/#breadcrumb\",\"itemListElement\":[{\"@type\":\"ListItem\",\"position\":1,\"name\":\"Accueil\",\"item\":\"https:\/\/guineediversite.com\/\"},{\"@type\":\"ListItem\",\"position\":2,\"name\":\"MOHAMED B\u00c9AVOGUI \u00c0 LA CEDEAO: \u00ab CE PAYS A BESOIN D&rsquo;\u00caTRE RECONSTRUIT DANS TOUS SES ASPECTS \u00bb\"}]},{\"@type\":\"WebSite\",\"@id\":\"https:\/\/guineediversite.com\/#website\",\"url\":\"https:\/\/guineediversite.com\/\",\"name\":\"Guin\u00e9e Diversit\u00e9\",\"description\":\"L&#039;Info dans toute sa diversit\u00e9\",\"publisher\":{\"@id\":\"https:\/\/guineediversite.com\/#organization\"},\"potentialAction\":[{\"@type\":\"SearchAction\",\"target\":{\"@type\":\"EntryPoint\",\"urlTemplate\":\"https:\/\/guineediversite.com\/?s={search_term_string}\"},\"query-input\":{\"@type\":\"PropertyValueSpecification\",\"valueRequired\":true,\"valueName\":\"search_term_string\"}}],\"inLanguage\":\"fr-FR\"},{\"@type\":\"Organization\",\"@id\":\"https:\/\/guineediversite.com\/#organization\",\"name\":\"Guin\u00e9e Diversit\u00e9\",\"url\":\"https:\/\/guineediversite.com\/\",\"logo\":{\"@type\":\"ImageObject\",\"inLanguage\":\"fr-FR\",\"@id\":\"https:\/\/guineediversite.com\/#\/schema\/logo\/image\/\",\"url\":\"https:\/\/guineediversite.com\/wp-content\/uploads\/2017\/04\/cropped-1jojlxEOMkX9Wyqfhe43D6kjPOGqBBKmx3EwWJqZ0cMrFF54yM49.png\",\"contentUrl\":\"https:\/\/guineediversite.com\/wp-content\/uploads\/2017\/04\/cropped-1jojlxEOMkX9Wyqfhe43D6kjPOGqBBKmx3EwWJqZ0cMrFF54yM49.png\",\"width\":186,\"height\":112,\"caption\":\"Guin\u00e9e Diversit\u00e9\"},\"image\":{\"@id\":\"https:\/\/guineediversite.com\/#\/schema\/logo\/image\/\"},\"sameAs\":[\"https:\/\/www.facebook.com\/guineediversite\/\",\"https:\/\/x.com\/GuineeDiversite\",\"https:\/\/www.youtube.com\/channel\/UC8sUY16qelG5ge6_D5SB83g\"]},{\"@type\":\"Person\",\"@id\":\"https:\/\/guineediversite.com\/#\/schema\/person\/afa08fb34e7fc6e1feafc892612bc836\",\"name\":\"Guin\u00e9e Diversit\u00e9\",\"image\":{\"@type\":\"ImageObject\",\"inLanguage\":\"fr-FR\",\"@id\":\"https:\/\/guineediversite.com\/#\/schema\/person\/image\/\",\"url\":\"https:\/\/secure.gravatar.com\/avatar\/50d5eb5b390f8b65ac30ac6f898eb83a?s=96&d=mm&r=g\",\"contentUrl\":\"https:\/\/secure.gravatar.com\/avatar\/50d5eb5b390f8b65ac30ac6f898eb83a?s=96&d=mm&r=g\",\"caption\":\"Guin\u00e9e Diversit\u00e9\"},\"url\":\"https:\/\/guineediversite.com\/index.php\/author\/guineediversite\/\"}]}<\/script>\n<!-- \/ Yoast SEO plugin. -->","yoast_head_json":{"title":"MOHAMED B\u00c9AVOGUI \u00c0 LA CEDEAO: \u00ab CE PAYS A BESOIN D'\u00caTRE RECONSTRUIT DANS TOUS SES ASPECTS \u00bb | Guin\u00e9e Diversit\u00e9","robots":{"index":"index","follow":"follow","max-snippet":"max-snippet:-1","max-image-preview":"max-image-preview:large","max-video-preview":"max-video-preview:-1"},"canonical":"https:\/\/guineediversite.com\/index.php\/2021\/10\/30\/mohamed-beavogui-a-la-cedeao-ce-pays-a-besoin-detre-reconstruit-dans-tous-ses-aspects\/","og_locale":"fr_FR","og_type":"article","og_title":"MOHAMED B\u00c9AVOGUI \u00c0 LA CEDEAO: \u00ab CE PAYS A BESOIN D'\u00caTRE RECONSTRUIT DANS TOUS SES ASPECTS \u00bb | Guin\u00e9e Diversit\u00e9","og_description":"Ce vendredi 29 Octobre 2021 la d\u00e9l\u00e9gation de la Communaut\u00e9 Economique des Etats de l\u2019Afrique de l\u2019Ouest a \u00e9t\u00e9 re\u00e7ue par le premier ministre de la transition au palais de la Colombe. Le pr\u00e9sident de la commission de la commission de la CEDEAO Jean-Claude Kassi Brou, et le Premier ministre, Chef du Gouvernement ont abord\u00e9 [&hellip;]","og_url":"https:\/\/guineediversite.com\/index.php\/2021\/10\/30\/mohamed-beavogui-a-la-cedeao-ce-pays-a-besoin-detre-reconstruit-dans-tous-ses-aspects\/","og_site_name":"Guin\u00e9e Diversit\u00e9","article_publisher":"https:\/\/www.facebook.com\/guineediversite\/","article_published_time":"2021-10-29T23:01:28+00:00","og_image":[{"width":1300,"height":748,"url":"https:\/\/guineediversite.com\/wp-content\/uploads\/2021\/10\/WhatsApp-Image-2021-10-29-at-22.53.59.jpeg","type":"image\/jpeg"}],"author":"Guin\u00e9e Diversit\u00e9","twitter_card":"summary_large_image","twitter_creator":"@GuineeDiversite","twitter_site":"@GuineeDiversite","twitter_misc":{"\u00c9crit par":"Guin\u00e9e Diversit\u00e9","Dur\u00e9e de lecture estim\u00e9e":"2 minutes"},"schema":{"@context":"https:\/\/schema.org","@graph":[{"@type":"Article","@id":"https:\/\/guineediversite.com\/index.php\/2021\/10\/30\/mohamed-beavogui-a-la-cedeao-ce-pays-a-besoin-detre-reconstruit-dans-tous-ses-aspects\/#article","isPartOf":{"@id":"https:\/\/guineediversite.com\/index.php\/2021\/10\/30\/mohamed-beavogui-a-la-cedeao-ce-pays-a-besoin-detre-reconstruit-dans-tous-ses-aspects\/"},"author":{"name":"Guin\u00e9e Diversit\u00e9","@id":"https:\/\/guineediversite.com\/#\/schema\/person\/afa08fb34e7fc6e1feafc892612bc836"},"headline":"MOHAMED B\u00c9AVOGUI \u00c0 LA CEDEAO: \u00ab CE PAYS A BESOIN D&rsquo;\u00caTRE RECONSTRUIT DANS TOUS SES ASPECTS \u00bb","datePublished":"2021-10-29T23:01:28+00:00","dateModified":"2021-10-29T23:01:28+00:00","mainEntityOfPage":{"@id":"https:\/\/guineediversite.com\/index.php\/2021\/10\/30\/mohamed-beavogui-a-la-cedeao-ce-pays-a-besoin-detre-reconstruit-dans-tous-ses-aspects\/"},"wordCount":476,"publisher":{"@id":"https:\/\/guineediversite.com\/#organization"},"image":{"@id":"https:\/\/guineediversite.com\/index.php\/2021\/10\/30\/mohamed-beavogui-a-la-cedeao-ce-pays-a-besoin-detre-reconstruit-dans-tous-ses-aspects\/#primaryimage"},"thumbnailUrl":"https:\/\/guineediversite.com\/wp-content\/uploads\/2021\/10\/WhatsApp-Image-2021-10-29-at-22.53.59.jpeg","articleSection":["Politique"],"inLanguage":"fr-FR"},{"@type":"WebPage","@id":"https:\/\/guineediversite.com\/index.php\/2021\/10\/30\/mohamed-beavogui-a-la-cedeao-ce-pays-a-besoin-detre-reconstruit-dans-tous-ses-aspects\/","url":"https:\/\/guineediversite.com\/index.php\/2021\/10\/30\/mohamed-beavogui-a-la-cedeao-ce-pays-a-besoin-detre-reconstruit-dans-tous-ses-aspects\/","name":"MOHAMED B\u00c9AVOGUI \u00c0 LA CEDEAO: \u00ab CE PAYS A BESOIN D'\u00caTRE RECONSTRUIT DANS TOUS SES ASPECTS \u00bb | Guin\u00e9e Diversit\u00e9","isPartOf":{"@id":"https:\/\/guineediversite.com\/#website"},"primaryImageOfPage":{"@id":"https:\/\/guineediversite.com\/index.php\/2021\/10\/30\/mohamed-beavogui-a-la-cedeao-ce-pays-a-besoin-detre-reconstruit-dans-tous-ses-aspects\/#primaryimage"},"image":{"@id":"https:\/\/guineediversite.com\/index.php\/2021\/10\/30\/mohamed-beavogui-a-la-cedeao-ce-pays-a-besoin-detre-reconstruit-dans-tous-ses-aspects\/#primaryimage"},"thumbnailUrl":"https:\/\/guineediversite.com\/wp-content\/uploads\/2021\/10\/WhatsApp-Image-2021-10-29-at-22.53.59.jpeg","datePublished":"2021-10-29T23:01:28+00:00","dateModified":"2021-10-29T23:01:28+00:00","breadcrumb":{"@id":"https:\/\/guineediversite.com\/index.php\/2021\/10\/30\/mohamed-beavogui-a-la-cedeao-ce-pays-a-besoin-detre-reconstruit-dans-tous-ses-aspects\/#breadcrumb"},"inLanguage":"fr-FR","potentialAction":[{"@type":"ReadAction","target":["https:\/\/guineediversite.com\/index.php\/2021\/10\/30\/mohamed-beavogui-a-la-cedeao-ce-pays-a-besoin-detre-reconstruit-dans-tous-ses-aspects\/"]}]},{"@type":"ImageObject","inLanguage":"fr-FR","@id":"https:\/\/guineediversite.com\/index.php\/2021\/10\/30\/mohamed-beavogui-a-la-cedeao-ce-pays-a-besoin-detre-reconstruit-dans-tous-ses-aspects\/#primaryimage","url":"https:\/\/guineediversite.com\/wp-content\/uploads\/2021\/10\/WhatsApp-Image-2021-10-29-at-22.53.59.jpeg","contentUrl":"https:\/\/guineediversite.com\/wp-content\/uploads\/2021\/10\/WhatsApp-Image-2021-10-29-at-22.53.59.jpeg","width":1300,"height":748},{"@type":"BreadcrumbList","@id":"https:\/\/guineediversite.com\/index.php\/2021\/10\/30\/mohamed-beavogui-a-la-cedeao-ce-pays-a-besoin-detre-reconstruit-dans-tous-ses-aspects\/#breadcrumb","itemListElement":[{"@type":"ListItem","position":1,"name":"Accueil","item":"https:\/\/guineediversite.com\/"},{"@type":"ListItem","position":2,"name":"MOHAMED B\u00c9AVOGUI \u00c0 LA CEDEAO: \u00ab CE PAYS A BESOIN D&rsquo;\u00caTRE RECONSTRUIT DANS TOUS SES ASPECTS \u00bb"}]},{"@type":"WebSite","@id":"https:\/\/guineediversite.com\/#website","url":"https:\/\/guineediversite.com\/","name":"Guin\u00e9e Diversit\u00e9","description":"L&#039;Info dans toute sa diversit\u00e9","publisher":{"@id":"https:\/\/guineediversite.com\/#organization"},"potentialAction":[{"@type":"SearchAction","target":{"@type":"EntryPoint","urlTemplate":"https:\/\/guineediversite.com\/?s={search_term_string}"},"query-input":{"@type":"PropertyValueSpecification","valueRequired":true,"valueName":"search_term_string"}}],"inLanguage":"fr-FR"},{"@type":"Organization","@id":"https:\/\/guineediversite.com\/#organization","name":"Guin\u00e9e Diversit\u00e9","url":"https:\/\/guineediversite.com\/","logo":{"@type":"ImageObject","inLanguage":"fr-FR","@id":"https:\/\/guineediversite.com\/#\/schema\/logo\/image\/","url":"https:\/\/guineediversite.com\/wp-content\/uploads\/2017\/04\/cropped-1jojlxEOMkX9Wyqfhe43D6kjPOGqBBKmx3EwWJqZ0cMrFF54yM49.png","contentUrl":"https:\/\/guineediversite.com\/wp-content\/uploads\/2017\/04\/cropped-1jojlxEOMkX9Wyqfhe43D6kjPOGqBBKmx3EwWJqZ0cMrFF54yM49.png","width":186,"height":112,"caption":"Guin\u00e9e Diversit\u00e9"},"image":{"@id":"https:\/\/guineediversite.com\/#\/schema\/logo\/image\/"},"sameAs":["https:\/\/www.facebook.com\/guineediversite\/","https:\/\/x.com\/GuineeDiversite","https:\/\/www.youtube.com\/channel\/UC8sUY16qelG5ge6_D5SB83g"]},{"@type":"Person","@id":"https:\/\/guineediversite.com\/#\/schema\/person\/afa08fb34e7fc6e1feafc892612bc836","name":"Guin\u00e9e Diversit\u00e9","image":{"@type":"ImageObject","inLanguage":"fr-FR","@id":"https:\/\/guineediversite.com\/#\/schema\/person\/image\/","url":"https:\/\/secure.gravatar.com\/avatar\/50d5eb5b390f8b65ac30ac6f898eb83a?s=96&d=mm&r=g","contentUrl":"https:\/\/secure.gravatar.com\/avatar\/50d5eb5b390f8b65ac30ac6f898eb83a?s=96&d=mm&r=g","caption":"Guin\u00e9e Diversit\u00e9"},"url":"https:\/\/guineediversite.com\/index.php\/author\/guineediversite\/"}]}},"_links":{"self":[{"href":"https:\/\/guineediversite.com\/index.php\/wp-json\/wp\/v2\/posts\/31813"}],"collection":[{"href":"https:\/\/guineediversite.com\/index.php\/wp-json\/wp\/v2\/posts"}],"about":[{"href":"https:\/\/guineediversite.com\/index.php\/wp-json\/wp\/v2\/types\/post"}],"author":[{"embeddable":true,"href":"https:\/\/guineediversite.com\/index.php\/wp-json\/wp\/v2\/users\/12"}],"replies":[{"embeddable":true,"href":"https:\/\/guineediversite.com\/index.php\/wp-json\/wp\/v2\/comments?post=31813"}],"version-history":[{"count":1,"href":"https:\/\/guineediversite.com\/index.php\/wp-json\/wp\/v2\/posts\/31813\/revisions"}],"predecessor-version":[{"id":31817,"href":"https:\/\/guineediversite.com\/index.php\/wp-json\/wp\/v2\/posts\/31813\/revisions\/31817"}],"wp:featuredmedia":[{"embeddable":true,"href":"https:\/\/guineediversite.com\/index.php\/wp-json\/wp\/v2\/media\/31814"}],"wp:attachment":[{"href":"https:\/\/guineediversite.com\/index.php\/wp-json\/wp\/v2\/media?parent=31813"}],"wp:term":[{"taxonomy":"category","embeddable":true,"href":"https:\/\/guineediversite.com\/index.php\/wp-json\/wp\/v2\/categories?post=31813"},{"taxonomy":"post_tag","embeddable":true,"href":"https:\/\/guineediversite.com\/index.php\/wp-json\/wp\/v2\/tags?post=31813"}],"curies":[{"name":"wp","href":"https:\/\/api.w.org\/{rel}","templated":true}]}}