{"id":31810,"date":"2021-10-29T23:08:50","date_gmt":"2021-10-29T21:08:50","guid":{"rendered":"https:\/\/guineediversite.com\/?p=31810"},"modified":"2021-10-29T23:08:50","modified_gmt":"2021-10-29T21:08:50","slug":"transition-le-premier-tweet-de-la-ministre-de-linformation-et-de-la-communication","status":"publish","type":"post","link":"https:\/\/guineediversite.com\/index.php\/2021\/10\/29\/transition-le-premier-tweet-de-la-ministre-de-linformation-et-de-la-communication\/","title":{"rendered":"Transition : le premier tweet de la ministre de l\u2019information et de la communication"},"content":{"rendered":"<p>Install\u00e9e le 27 octobre dernier apr\u00e8s sa nomination \u00e0 la t\u00eate du d\u00e9partement de l\u2019information et de la communication. La ministre Rose Pola Pricemou mesure les charges qui lui sont confi\u00e9es dans ce gouvernement de transition, elle l\u2019a fait savoir dans ton premier tweet.<\/p>\n<p>\u00ab\u00a0<em>C\u2019est avec une profonde humilit\u00e9 et une grande conscience de l\u2019importance de la charge qui p\u00e8se d\u00e9sormais sur mes \u00e9paules que j\u2019ai \u00e9t\u00e9 install\u00e9e comme Ministre de l\u2019Information et de la Communication de notre ch\u00e8re Guin\u00e9e<\/em>\u00a0\u00bb.<\/p>\n","protected":false},"excerpt":{"rendered":"<p>Install\u00e9e le 27 octobre dernier apr\u00e8s sa nomination \u00e0 la t\u00eate du d\u00e9partement de l\u2019information et de la communication. La ministre Rose Pola Pricemou mesure les charges qui lui sont confi\u00e9es dans ce gouvernement de transition, elle l\u2019a fait savoir dans ton premier tweet. \u00ab\u00a0C\u2019est avec une profonde humilit\u00e9 et une grande conscience de l\u2019importance [&hellip;]<\/p>\n","protected":false},"author":10,"featured_media":31811,"comment_status":"closed","ping_status":"open","sticky":false,"template":"","format":"standard","meta":{"_exactmetrics_skip_tracking":false,"_exactmetrics_sitenote_active":false,"_exactmetrics_sitenote_note":"","_exactmetrics_sitenote_category":0,"tdm_status":"","tdm_grid_status":"","footnotes":""},"categories":[14],"tags":[],"class_list":{"0":"post-31810","1":"post","2":"type-post","3":"status-publish","4":"format-standard","5":"has-post-thumbnail","7":"category-politique"},"yoast_head":"<!-- This site is optimized with the Yoast SEO plugin v24.2 - https:\/\/yoast.com\/wordpress\/plugins\/seo\/ -->\n<title>Transition : le premier tweet de la ministre de l\u2019information et de la communication | Guin\u00e9e Diversit\u00e9<\/title>\n<meta name=\"robots\" content=\"index, follow, max-snippet:-1, max-image-preview:large, max-video-preview:-1\" \/>\n<link rel=\"canonical\" href=\"https:\/\/guineediversite.com\/index.php\/2021\/10\/29\/transition-le-premier-tweet-de-la-ministre-de-linformation-et-de-la-communication\/\" \/>\n<meta property=\"og:locale\" content=\"fr_FR\" \/>\n<meta property=\"og:type\" content=\"article\" \/>\n<meta property=\"og:title\" content=\"Transition : le premier tweet de la ministre de l\u2019information et de la communication | Guin\u00e9e Diversit\u00e9\" \/>\n<meta property=\"og:description\" content=\"Install\u00e9e le 27 octobre dernier apr\u00e8s sa nomination \u00e0 la t\u00eate du d\u00e9partement de l\u2019information et de la communication. La ministre Rose Pola Pricemou mesure les charges qui lui sont confi\u00e9es dans ce gouvernement de transition, elle l\u2019a fait savoir dans ton premier tweet. \u00ab\u00a0C\u2019est avec une profonde humilit\u00e9 et une grande conscience de l\u2019importance [&hellip;]\" \/>\n<meta property=\"og:url\" content=\"https:\/\/guineediversite.com\/index.php\/2021\/10\/29\/transition-le-premier-tweet-de-la-ministre-de-linformation-et-de-la-communication\/\" \/>\n<meta property=\"og:site_name\" content=\"Guin\u00e9e Diversit\u00e9\" \/>\n<meta property=\"article:publisher\" content=\"https:\/\/www.facebook.com\/guineediversite\/\" \/>\n<meta property=\"article:published_time\" content=\"2021-10-29T21:08:50+00:00\" \/>\n<meta property=\"og:image\" content=\"https:\/\/guineediversite.com\/wp-content\/uploads\/2021\/10\/WhatsApp-Image-2021-10-29-at-20.49.12.jpeg\" \/>\n\t<meta property=\"og:image:width\" content=\"1300\" \/>\n\t<meta property=\"og:image:height\" content=\"867\" \/>\n\t<meta property=\"og:image:type\" content=\"image\/jpeg\" \/>\n<meta name=\"author\" content=\"Morcire Camara\" \/>\n<meta name=\"twitter:card\" content=\"summary_large_image\" \/>\n<meta name=\"twitter:creator\" content=\"@GuineeDiversite\" \/>\n<meta name=\"twitter:site\" content=\"@GuineeDiversite\" \/>\n<meta name=\"twitter:label1\" content=\"\u00c9crit par\" \/>\n\t<meta name=\"twitter:data1\" content=\"Morcire Camara\" \/>\n<script type=\"application\/ld+json\" class=\"yoast-schema-graph\">{\"@context\":\"https:\/\/schema.org\",\"@graph\":[{\"@type\":\"Article\",\"@id\":\"https:\/\/guineediversite.com\/index.php\/2021\/10\/29\/transition-le-premier-tweet-de-la-ministre-de-linformation-et-de-la-communication\/#article\",\"isPartOf\":{\"@id\":\"https:\/\/guineediversite.com\/index.php\/2021\/10\/29\/transition-le-premier-tweet-de-la-ministre-de-linformation-et-de-la-communication\/\"},\"author\":{\"name\":\"Morcire Camara\",\"@id\":\"https:\/\/guineediversite.com\/#\/schema\/person\/fa362494c47202ce4b3adf55abcc9d01\"},\"headline\":\"Transition : le premier tweet de la ministre de l\u2019information et de la communication\",\"datePublished\":\"2021-10-29T21:08:50+00:00\",\"dateModified\":\"2021-10-29T21:08:50+00:00\",\"mainEntityOfPage\":{\"@id\":\"https:\/\/guineediversite.com\/index.php\/2021\/10\/29\/transition-le-premier-tweet-de-la-ministre-de-linformation-et-de-la-communication\/\"},\"wordCount\":108,\"publisher\":{\"@id\":\"https:\/\/guineediversite.com\/#organization\"},\"image\":{\"@id\":\"https:\/\/guineediversite.com\/index.php\/2021\/10\/29\/transition-le-premier-tweet-de-la-ministre-de-linformation-et-de-la-communication\/#primaryimage\"},\"thumbnailUrl\":\"https:\/\/guineediversite.com\/wp-content\/uploads\/2021\/10\/WhatsApp-Image-2021-10-29-at-20.49.12.jpeg\",\"articleSection\":[\"Politique\"],\"inLanguage\":\"fr-FR\"},{\"@type\":\"WebPage\",\"@id\":\"https:\/\/guineediversite.com\/index.php\/2021\/10\/29\/transition-le-premier-tweet-de-la-ministre-de-linformation-et-de-la-communication\/\",\"url\":\"https:\/\/guineediversite.com\/index.php\/2021\/10\/29\/transition-le-premier-tweet-de-la-ministre-de-linformation-et-de-la-communication\/\",\"name\":\"Transition : le premier tweet de la ministre de l\u2019information et de la communication | Guin\u00e9e Diversit\u00e9\",\"isPartOf\":{\"@id\":\"https:\/\/guineediversite.com\/#website\"},\"primaryImageOfPage\":{\"@id\":\"https:\/\/guineediversite.com\/index.php\/2021\/10\/29\/transition-le-premier-tweet-de-la-ministre-de-linformation-et-de-la-communication\/#primaryimage\"},\"image\":{\"@id\":\"https:\/\/guineediversite.com\/index.php\/2021\/10\/29\/transition-le-premier-tweet-de-la-ministre-de-linformation-et-de-la-communication\/#primaryimage\"},\"thumbnailUrl\":\"https:\/\/guineediversite.com\/wp-content\/uploads\/2021\/10\/WhatsApp-Image-2021-10-29-at-20.49.12.jpeg\",\"datePublished\":\"2021-10-29T21:08:50+00:00\",\"dateModified\":\"2021-10-29T21:08:50+00:00\",\"breadcrumb\":{\"@id\":\"https:\/\/guineediversite.com\/index.php\/2021\/10\/29\/transition-le-premier-tweet-de-la-ministre-de-linformation-et-de-la-communication\/#breadcrumb\"},\"inLanguage\":\"fr-FR\",\"potentialAction\":[{\"@type\":\"ReadAction\",\"target\":[\"https:\/\/guineediversite.com\/index.php\/2021\/10\/29\/transition-le-premier-tweet-de-la-ministre-de-linformation-et-de-la-communication\/\"]}]},{\"@type\":\"ImageObject\",\"inLanguage\":\"fr-FR\",\"@id\":\"https:\/\/guineediversite.com\/index.php\/2021\/10\/29\/transition-le-premier-tweet-de-la-ministre-de-linformation-et-de-la-communication\/#primaryimage\",\"url\":\"https:\/\/guineediversite.com\/wp-content\/uploads\/2021\/10\/WhatsApp-Image-2021-10-29-at-20.49.12.jpeg\",\"contentUrl\":\"https:\/\/guineediversite.com\/wp-content\/uploads\/2021\/10\/WhatsApp-Image-2021-10-29-at-20.49.12.jpeg\",\"width\":1300,\"height\":867},{\"@type\":\"BreadcrumbList\",\"@id\":\"https:\/\/guineediversite.com\/index.php\/2021\/10\/29\/transition-le-premier-tweet-de-la-ministre-de-linformation-et-de-la-communication\/#breadcrumb\",\"itemListElement\":[{\"@type\":\"ListItem\",\"position\":1,\"name\":\"Accueil\",\"item\":\"https:\/\/guineediversite.com\/\"},{\"@type\":\"ListItem\",\"position\":2,\"name\":\"Transition : le premier tweet de la ministre de l\u2019information et de la communication\"}]},{\"@type\":\"WebSite\",\"@id\":\"https:\/\/guineediversite.com\/#website\",\"url\":\"https:\/\/guineediversite.com\/\",\"name\":\"Guin\u00e9e Diversit\u00e9\",\"description\":\"L&#039;Info dans toute sa diversit\u00e9\",\"publisher\":{\"@id\":\"https:\/\/guineediversite.com\/#organization\"},\"potentialAction\":[{\"@type\":\"SearchAction\",\"target\":{\"@type\":\"EntryPoint\",\"urlTemplate\":\"https:\/\/guineediversite.com\/?s={search_term_string}\"},\"query-input\":{\"@type\":\"PropertyValueSpecification\",\"valueRequired\":true,\"valueName\":\"search_term_string\"}}],\"inLanguage\":\"fr-FR\"},{\"@type\":\"Organization\",\"@id\":\"https:\/\/guineediversite.com\/#organization\",\"name\":\"Guin\u00e9e Diversit\u00e9\",\"url\":\"https:\/\/guineediversite.com\/\",\"logo\":{\"@type\":\"ImageObject\",\"inLanguage\":\"fr-FR\",\"@id\":\"https:\/\/guineediversite.com\/#\/schema\/logo\/image\/\",\"url\":\"https:\/\/guineediversite.com\/wp-content\/uploads\/2017\/04\/cropped-1jojlxEOMkX9Wyqfhe43D6kjPOGqBBKmx3EwWJqZ0cMrFF54yM49.png\",\"contentUrl\":\"https:\/\/guineediversite.com\/wp-content\/uploads\/2017\/04\/cropped-1jojlxEOMkX9Wyqfhe43D6kjPOGqBBKmx3EwWJqZ0cMrFF54yM49.png\",\"width\":186,\"height\":112,\"caption\":\"Guin\u00e9e Diversit\u00e9\"},\"image\":{\"@id\":\"https:\/\/guineediversite.com\/#\/schema\/logo\/image\/\"},\"sameAs\":[\"https:\/\/www.facebook.com\/guineediversite\/\",\"https:\/\/x.com\/GuineeDiversite\",\"https:\/\/www.youtube.com\/channel\/UC8sUY16qelG5ge6_D5SB83g\"]},{\"@type\":\"Person\",\"@id\":\"https:\/\/guineediversite.com\/#\/schema\/person\/fa362494c47202ce4b3adf55abcc9d01\",\"name\":\"Morcire Camara\",\"image\":{\"@type\":\"ImageObject\",\"inLanguage\":\"fr-FR\",\"@id\":\"https:\/\/guineediversite.com\/#\/schema\/person\/image\/\",\"url\":\"https:\/\/secure.gravatar.com\/avatar\/3ec324f02295bbcebe03d99b39330ab4?s=96&d=mm&r=g\",\"contentUrl\":\"https:\/\/secure.gravatar.com\/avatar\/3ec324f02295bbcebe03d99b39330ab4?s=96&d=mm&r=g\",\"caption\":\"Morcire Camara\"},\"url\":\"https:\/\/guineediversite.com\/index.php\/author\/morcire\/\"}]}<\/script>\n<!-- \/ Yoast SEO plugin. -->","yoast_head_json":{"title":"Transition : le premier tweet de la ministre de l\u2019information et de la communication | Guin\u00e9e Diversit\u00e9","robots":{"index":"index","follow":"follow","max-snippet":"max-snippet:-1","max-image-preview":"max-image-preview:large","max-video-preview":"max-video-preview:-1"},"canonical":"https:\/\/guineediversite.com\/index.php\/2021\/10\/29\/transition-le-premier-tweet-de-la-ministre-de-linformation-et-de-la-communication\/","og_locale":"fr_FR","og_type":"article","og_title":"Transition : le premier tweet de la ministre de l\u2019information et de la communication | Guin\u00e9e Diversit\u00e9","og_description":"Install\u00e9e le 27 octobre dernier apr\u00e8s sa nomination \u00e0 la t\u00eate du d\u00e9partement de l\u2019information et de la communication. La ministre Rose Pola Pricemou mesure les charges qui lui sont confi\u00e9es dans ce gouvernement de transition, elle l\u2019a fait savoir dans ton premier tweet. \u00ab\u00a0C\u2019est avec une profonde humilit\u00e9 et une grande conscience de l\u2019importance [&hellip;]","og_url":"https:\/\/guineediversite.com\/index.php\/2021\/10\/29\/transition-le-premier-tweet-de-la-ministre-de-linformation-et-de-la-communication\/","og_site_name":"Guin\u00e9e Diversit\u00e9","article_publisher":"https:\/\/www.facebook.com\/guineediversite\/","article_published_time":"2021-10-29T21:08:50+00:00","og_image":[{"width":1300,"height":867,"url":"https:\/\/guineediversite.com\/wp-content\/uploads\/2021\/10\/WhatsApp-Image-2021-10-29-at-20.49.12.jpeg","type":"image\/jpeg"}],"author":"Morcire Camara","twitter_card":"summary_large_image","twitter_creator":"@GuineeDiversite","twitter_site":"@GuineeDiversite","twitter_misc":{"\u00c9crit par":"Morcire Camara"},"schema":{"@context":"https:\/\/schema.org","@graph":[{"@type":"Article","@id":"https:\/\/guineediversite.com\/index.php\/2021\/10\/29\/transition-le-premier-tweet-de-la-ministre-de-linformation-et-de-la-communication\/#article","isPartOf":{"@id":"https:\/\/guineediversite.com\/index.php\/2021\/10\/29\/transition-le-premier-tweet-de-la-ministre-de-linformation-et-de-la-communication\/"},"author":{"name":"Morcire Camara","@id":"https:\/\/guineediversite.com\/#\/schema\/person\/fa362494c47202ce4b3adf55abcc9d01"},"headline":"Transition : le premier tweet de la ministre de l\u2019information et de la communication","datePublished":"2021-10-29T21:08:50+00:00","dateModified":"2021-10-29T21:08:50+00:00","mainEntityOfPage":{"@id":"https:\/\/guineediversite.com\/index.php\/2021\/10\/29\/transition-le-premier-tweet-de-la-ministre-de-linformation-et-de-la-communication\/"},"wordCount":108,"publisher":{"@id":"https:\/\/guineediversite.com\/#organization"},"image":{"@id":"https:\/\/guineediversite.com\/index.php\/2021\/10\/29\/transition-le-premier-tweet-de-la-ministre-de-linformation-et-de-la-communication\/#primaryimage"},"thumbnailUrl":"https:\/\/guineediversite.com\/wp-content\/uploads\/2021\/10\/WhatsApp-Image-2021-10-29-at-20.49.12.jpeg","articleSection":["Politique"],"inLanguage":"fr-FR"},{"@type":"WebPage","@id":"https:\/\/guineediversite.com\/index.php\/2021\/10\/29\/transition-le-premier-tweet-de-la-ministre-de-linformation-et-de-la-communication\/","url":"https:\/\/guineediversite.com\/index.php\/2021\/10\/29\/transition-le-premier-tweet-de-la-ministre-de-linformation-et-de-la-communication\/","name":"Transition : le premier tweet de la ministre de l\u2019information et de la communication | Guin\u00e9e Diversit\u00e9","isPartOf":{"@id":"https:\/\/guineediversite.com\/#website"},"primaryImageOfPage":{"@id":"https:\/\/guineediversite.com\/index.php\/2021\/10\/29\/transition-le-premier-tweet-de-la-ministre-de-linformation-et-de-la-communication\/#primaryimage"},"image":{"@id":"https:\/\/guineediversite.com\/index.php\/2021\/10\/29\/transition-le-premier-tweet-de-la-ministre-de-linformation-et-de-la-communication\/#primaryimage"},"thumbnailUrl":"https:\/\/guineediversite.com\/wp-content\/uploads\/2021\/10\/WhatsApp-Image-2021-10-29-at-20.49.12.jpeg","datePublished":"2021-10-29T21:08:50+00:00","dateModified":"2021-10-29T21:08:50+00:00","breadcrumb":{"@id":"https:\/\/guineediversite.com\/index.php\/2021\/10\/29\/transition-le-premier-tweet-de-la-ministre-de-linformation-et-de-la-communication\/#breadcrumb"},"inLanguage":"fr-FR","potentialAction":[{"@type":"ReadAction","target":["https:\/\/guineediversite.com\/index.php\/2021\/10\/29\/transition-le-premier-tweet-de-la-ministre-de-linformation-et-de-la-communication\/"]}]},{"@type":"ImageObject","inLanguage":"fr-FR","@id":"https:\/\/guineediversite.com\/index.php\/2021\/10\/29\/transition-le-premier-tweet-de-la-ministre-de-linformation-et-de-la-communication\/#primaryimage","url":"https:\/\/guineediversite.com\/wp-content\/uploads\/2021\/10\/WhatsApp-Image-2021-10-29-at-20.49.12.jpeg","contentUrl":"https:\/\/guineediversite.com\/wp-content\/uploads\/2021\/10\/WhatsApp-Image-2021-10-29-at-20.49.12.jpeg","width":1300,"height":867},{"@type":"BreadcrumbList","@id":"https:\/\/guineediversite.com\/index.php\/2021\/10\/29\/transition-le-premier-tweet-de-la-ministre-de-linformation-et-de-la-communication\/#breadcrumb","itemListElement":[{"@type":"ListItem","position":1,"name":"Accueil","item":"https:\/\/guineediversite.com\/"},{"@type":"ListItem","position":2,"name":"Transition : le premier tweet de la ministre de l\u2019information et de la communication"}]},{"@type":"WebSite","@id":"https:\/\/guineediversite.com\/#website","url":"https:\/\/guineediversite.com\/","name":"Guin\u00e9e Diversit\u00e9","description":"L&#039;Info dans toute sa diversit\u00e9","publisher":{"@id":"https:\/\/guineediversite.com\/#organization"},"potentialAction":[{"@type":"SearchAction","target":{"@type":"EntryPoint","urlTemplate":"https:\/\/guineediversite.com\/?s={search_term_string}"},"query-input":{"@type":"PropertyValueSpecification","valueRequired":true,"valueName":"search_term_string"}}],"inLanguage":"fr-FR"},{"@type":"Organization","@id":"https:\/\/guineediversite.com\/#organization","name":"Guin\u00e9e Diversit\u00e9","url":"https:\/\/guineediversite.com\/","logo":{"@type":"ImageObject","inLanguage":"fr-FR","@id":"https:\/\/guineediversite.com\/#\/schema\/logo\/image\/","url":"https:\/\/guineediversite.com\/wp-content\/uploads\/2017\/04\/cropped-1jojlxEOMkX9Wyqfhe43D6kjPOGqBBKmx3EwWJqZ0cMrFF54yM49.png","contentUrl":"https:\/\/guineediversite.com\/wp-content\/uploads\/2017\/04\/cropped-1jojlxEOMkX9Wyqfhe43D6kjPOGqBBKmx3EwWJqZ0cMrFF54yM49.png","width":186,"height":112,"caption":"Guin\u00e9e Diversit\u00e9"},"image":{"@id":"https:\/\/guineediversite.com\/#\/schema\/logo\/image\/"},"sameAs":["https:\/\/www.facebook.com\/guineediversite\/","https:\/\/x.com\/GuineeDiversite","https:\/\/www.youtube.com\/channel\/UC8sUY16qelG5ge6_D5SB83g"]},{"@type":"Person","@id":"https:\/\/guineediversite.com\/#\/schema\/person\/fa362494c47202ce4b3adf55abcc9d01","name":"Morcire Camara","image":{"@type":"ImageObject","inLanguage":"fr-FR","@id":"https:\/\/guineediversite.com\/#\/schema\/person\/image\/","url":"https:\/\/secure.gravatar.com\/avatar\/3ec324f02295bbcebe03d99b39330ab4?s=96&d=mm&r=g","contentUrl":"https:\/\/secure.gravatar.com\/avatar\/3ec324f02295bbcebe03d99b39330ab4?s=96&d=mm&r=g","caption":"Morcire Camara"},"url":"https:\/\/guineediversite.com\/index.php\/author\/morcire\/"}]}},"_links":{"self":[{"href":"https:\/\/guineediversite.com\/index.php\/wp-json\/wp\/v2\/posts\/31810"}],"collection":[{"href":"https:\/\/guineediversite.com\/index.php\/wp-json\/wp\/v2\/posts"}],"about":[{"href":"https:\/\/guineediversite.com\/index.php\/wp-json\/wp\/v2\/types\/post"}],"author":[{"embeddable":true,"href":"https:\/\/guineediversite.com\/index.php\/wp-json\/wp\/v2\/users\/10"}],"replies":[{"embeddable":true,"href":"https:\/\/guineediversite.com\/index.php\/wp-json\/wp\/v2\/comments?post=31810"}],"version-history":[{"count":1,"href":"https:\/\/guineediversite.com\/index.php\/wp-json\/wp\/v2\/posts\/31810\/revisions"}],"predecessor-version":[{"id":31812,"href":"https:\/\/guineediversite.com\/index.php\/wp-json\/wp\/v2\/posts\/31810\/revisions\/31812"}],"wp:featuredmedia":[{"embeddable":true,"href":"https:\/\/guineediversite.com\/index.php\/wp-json\/wp\/v2\/media\/31811"}],"wp:attachment":[{"href":"https:\/\/guineediversite.com\/index.php\/wp-json\/wp\/v2\/media?parent=31810"}],"wp:term":[{"taxonomy":"category","embeddable":true,"href":"https:\/\/guineediversite.com\/index.php\/wp-json\/wp\/v2\/categories?post=31810"},{"taxonomy":"post_tag","embeddable":true,"href":"https:\/\/guineediversite.com\/index.php\/wp-json\/wp\/v2\/tags?post=31810"}],"curies":[{"name":"wp","href":"https:\/\/api.w.org\/{rel}","templated":true}]}}