{"id":31800,"date":"2021-10-29T21:42:13","date_gmt":"2021-10-29T19:42:13","guid":{"rendered":"https:\/\/guineediversite.com\/?p=31800"},"modified":"2021-10-29T21:42:13","modified_gmt":"2021-10-29T19:42:13","slug":"a-rome-limage-de-la-baisse-des-tensions-franco-americaines-apres-la-crise","status":"publish","type":"post","link":"https:\/\/guineediversite.com\/index.php\/2021\/10\/29\/a-rome-limage-de-la-baisse-des-tensions-franco-americaines-apres-la-crise\/","title":{"rendered":"\u00c0 Rome, l&rsquo;image de la baisse des tensions franco-am\u00e9ricaines apr\u00e8s la crise"},"content":{"rendered":"<p><strong>Emmanuel Macron et Joe Biden se sont rencontr\u00e9s \u00e0 Rome ce vendredi 29\u00a0octobre 2021.\u00a0Cette visite entre chefs d&rsquo;\u00c9tat fran\u00e7ais et am\u00e9ricain, plac\u00e9e sous le signe de l&rsquo;apaisement apr\u00e8s la crise des sous-marins australiens,\u00a0\u00e9tait tr\u00e8s attendue c\u00f4t\u00e9 fran\u00e7ais.<\/strong><\/p>\n<p>Cette image d\u2019Emmanuel Macron et de Joe Biden c\u00f4te-\u00e0-c\u00f4te, se serrant la main, marque du point de vue fran\u00e7ais que le pr\u00e9sident am\u00e9ricain veut faire des efforts apr\u00e8s la grosse col\u00e8re de Paris,\u00a0mi-septembre, suite \u00e0 l\u2019annonce de la rupture de ce qu\u2019on a appel\u00e9 le \u00ab\u00a0contrat du si\u00e8cle\u00a0\u00bb. L&rsquo;Australie, qui devait acheter des sous-marins fran\u00e7ais, s&rsquo;\u00e9tait retourn\u00e9\u00a0sans pr\u00e9avis pour signer avec les Am\u00e9ricains.<\/p>\n<p>Rappelons que la France avait alors rappel\u00e9 ses ambassadeurs aux \u00c9tats-Unis et en Australie en signe de protestation, un geste fort diplomatiquement vis-\u00e0-vis d\u2019un alli\u00e9 comme les \u00c9tats-Unis. Joe Biden avait tout de suite compris le message et demand\u00e9 \u00e0 joindre Emmanuel Macron au t\u00e9l\u00e9phone\u00a0pour marquer le coup. Le pr\u00e9sident fran\u00e7ais l\u2019avait fait patienter plusieurs jours avant de lui parler.<\/p>\n<p>Ce coup de fil avait \u00e9t\u00e9 le premier pas vers la r\u00e9conciliation. C\u2019est \u00e0 ce moment qu\u2019a \u00e9t\u00e9 d\u00e9cid\u00e9 de programmer une rencontre entre les deux pr\u00e9sidents. Et cette rencontre, elle a finalement eu lieu \u00e0 Rome en marge du G20 ce vendredi. Joe Biden faisant le d\u00e9placement en Europe, l\u2019occasion \u00e9tait toute trouv\u00e9e. Mais ce \u00e0 quoi Emmanuel Macron tenait, c\u2019\u00e9tait \u00e0 ce que la rencontre se d\u00e9roule dans un lieu fran\u00e7ais, \u00e0 Rome.<\/p>\n<p>Une mani\u00e8re de faire un geste pour reconna\u00eetre que l&rsquo;alliance Aukus, entre le Royaume-Uni, les \u00c9tats-Unis et l&rsquo;Australie, avait repr\u00e9sent\u00e9 un pr\u00e9judice, avec des r\u00e9percussions pour la France, explique-t-on dans l&rsquo;entourage du pr\u00e9sident. Mais la demande ayant \u00e9t\u00e9 valid\u00e9e, la question fut ensuite de savoir o\u00f9\u00a0: \u00e0 l\u2019ambassade de France,\u00a0c\u00e9l\u00e8bre palais Farn\u00e8se\u00a0? \u00c0\u00a0la villa M\u00e9dicis ? Et c&rsquo;est l\u2019ambassade au Vatican, la villa Bonaparte, qui a \u00e9t\u00e9 choisie pour prendre en compte les mesures de s\u00e9curit\u00e9 n\u00e9cessaires \u00e0 l\u2019accueil du pr\u00e9sident am\u00e9ricain, explique l&rsquo;\u00c9lys\u00e9e.<\/p>\n<p>La rencontre a d\u00e9but\u00e9 avec du retard, une heure et demie, car Joe Biden a d\u2019abord vu le pape Fran\u00e7ois pendant une heure et quart, un entretien qualifi\u00e9 de \u00ab\u00a0<em>merveilleux\u00a0<\/em>\u00bb par le pr\u00e9sident am\u00e9ricain. Puis ce dernier\u00a0a rencontr\u00e9 le chef de l&rsquo;\u00c9tat\u00a0et le Premier ministre italien, des discussions qui ont pris plus de temps que pr\u00e9vu. Emmanuel Macron et Joe Biden ont prononc\u00e9 quelques mots \u00e0 l\u2019arriv\u00e9e de ce dernier, pour donner le ton avant de s\u2019entretenir en t\u00eate-\u00e0-t\u00eate puis avec leur d\u00e9l\u00e9gation. Jean-Yves Le\u00a0Drian et Bruno Le\u00a0Maire \u00e9taient pr\u00e9sents.<\/p>\n<p>Souverainet\u00e9 europ\u00e9enne et strat\u00e9gie Indo-Pacifique, lutte contre le terrorisme au Sahel, coop\u00e9ration sur les \u00e9nergies renouvelables et le nucl\u00e9aire, les exports d\u2019armements et les technologies : avec\u00a0Joe Biden, nous avons engag\u00e9 des mesures concr\u00e8tes pour reb\u00e2tir la confiance.<\/p>\n<p>&nbsp;<\/p>\n<p>Emmanuel Macron s\u2019est r\u00e9joui de recevoir Joe Biden. Il l\u2019a remerci\u00e9 et il a dit qu&rsquo;\u00e0 pr\u00e9sent, il fallait penser \u00e0 l\u2019avenir. L\u2019ambition du pr\u00e9sident fran\u00e7ais est en effet de construire une nouvelle coop\u00e9ration avec les \u00c9tats-Unis, de retrouver la confiance apr\u00e8s avoir apur\u00e9 le diff\u00e9rend. Et sur ce plan, Joe Biden ne s\u2019est pas excus\u00e9, mais il a reconnu que ce qu&rsquo;avaient fait\u00a0les Am\u00e9ricains \u00e9tait maladroit \u2013 m\u00eame s\u2019il a d\u00e9clar\u00e9 aussi qu\u2019il avait l\u2019impression que la France savait que son accord avec l\u2019Australie ne serait pas tenu, histoire de\u00a0relativiser la mauvaise mani\u00e8re faite \u00e0 la France.<\/p>\n<p>Joe Biden a aussi r\u00e9affirm\u00e9 sa volont\u00e9 de rester aux c\u00f4t\u00e9s de la France, qualifi\u00e9e de plus ancien et loyal alli\u00e9, un partenaire pr\u00e9cieux. Des mots doux pour manifester sa volont\u00e9 d\u2019apaisement afin de pr\u00e9server de bonnes relations avec la France. Alors est-ce la fin de la brouille \u00a0? C\u00f4t\u00e9 Fran\u00e7ais, on affiche de la prudence\u00a0; on verra sur le long terme, nous dit-on. Apr\u00e8s une aussi forte tension, reconstruire la confiance prendra du temps. Emmanuel Macron a parl\u00e9 de l\u2019amorce d\u2019un processus de confiance.<\/p>\n<p>Mais cette rencontre romaine a tout de m\u00eame rempli son r\u00f4le\u00a0:\u00a0montrer une image, celle d\u2019Emmanuel Macron et Joe Biden, au travail ensemble.<\/p>\n<p><strong>RFI<\/strong><\/p>\n","protected":false},"excerpt":{"rendered":"<p>Emmanuel Macron et Joe Biden se sont rencontr\u00e9s \u00e0 Rome ce vendredi 29\u00a0octobre 2021.\u00a0Cette visite entre chefs d&rsquo;\u00c9tat fran\u00e7ais et am\u00e9ricain, plac\u00e9e sous le signe de l&rsquo;apaisement apr\u00e8s la crise des sous-marins australiens,\u00a0\u00e9tait tr\u00e8s attendue c\u00f4t\u00e9 fran\u00e7ais. Cette image d\u2019Emmanuel Macron et de Joe Biden c\u00f4te-\u00e0-c\u00f4te, se serrant la main, marque du point de vue [&hellip;]<\/p>\n","protected":false},"author":12,"featured_media":31801,"comment_status":"closed","ping_status":"open","sticky":false,"template":"","format":"standard","meta":{"_exactmetrics_skip_tracking":false,"_exactmetrics_sitenote_active":false,"_exactmetrics_sitenote_note":"","_exactmetrics_sitenote_category":0,"tdm_status":"","tdm_grid_status":"","footnotes":""},"categories":[21],"tags":[],"class_list":{"0":"post-31800","1":"post","2":"type-post","3":"status-publish","4":"format-standard","5":"has-post-thumbnail","7":"category-international"},"yoast_head":"<!-- This site is optimized with the Yoast SEO plugin v24.2 - https:\/\/yoast.com\/wordpress\/plugins\/seo\/ -->\n<title>\u00c0 Rome, l&#039;image de la baisse des tensions franco-am\u00e9ricaines apr\u00e8s la crise | Guin\u00e9e Diversit\u00e9<\/title>\n<meta name=\"robots\" content=\"index, follow, max-snippet:-1, max-image-preview:large, max-video-preview:-1\" \/>\n<link rel=\"canonical\" href=\"https:\/\/guineediversite.com\/index.php\/2021\/10\/29\/a-rome-limage-de-la-baisse-des-tensions-franco-americaines-apres-la-crise\/\" \/>\n<meta property=\"og:locale\" content=\"fr_FR\" \/>\n<meta property=\"og:type\" content=\"article\" \/>\n<meta property=\"og:title\" content=\"\u00c0 Rome, l&#039;image de la baisse des tensions franco-am\u00e9ricaines apr\u00e8s la crise | Guin\u00e9e Diversit\u00e9\" \/>\n<meta property=\"og:description\" content=\"Emmanuel Macron et Joe Biden se sont rencontr\u00e9s \u00e0 Rome ce vendredi 29\u00a0octobre 2021.\u00a0Cette visite entre chefs d&rsquo;\u00c9tat fran\u00e7ais et am\u00e9ricain, plac\u00e9e sous le signe de l&rsquo;apaisement apr\u00e8s la crise des sous-marins australiens,\u00a0\u00e9tait tr\u00e8s attendue c\u00f4t\u00e9 fran\u00e7ais. Cette image d\u2019Emmanuel Macron et de Joe Biden c\u00f4te-\u00e0-c\u00f4te, se serrant la main, marque du point de vue [&hellip;]\" \/>\n<meta property=\"og:url\" content=\"https:\/\/guineediversite.com\/index.php\/2021\/10\/29\/a-rome-limage-de-la-baisse-des-tensions-franco-americaines-apres-la-crise\/\" \/>\n<meta property=\"og:site_name\" content=\"Guin\u00e9e Diversit\u00e9\" \/>\n<meta property=\"article:publisher\" content=\"https:\/\/www.facebook.com\/guineediversite\/\" \/>\n<meta property=\"article:published_time\" content=\"2021-10-29T19:42:13+00:00\" \/>\n<meta property=\"og:image\" content=\"https:\/\/guineediversite.com\/wp-content\/uploads\/2021\/10\/Joe-Biden-et-Emmanuel-Macron.jpg\" \/>\n\t<meta property=\"og:image:width\" content=\"1300\" \/>\n\t<meta property=\"og:image:height\" content=\"1300\" \/>\n\t<meta property=\"og:image:type\" content=\"image\/jpeg\" \/>\n<meta name=\"author\" content=\"Guin\u00e9e Diversit\u00e9\" \/>\n<meta name=\"twitter:card\" content=\"summary_large_image\" \/>\n<meta name=\"twitter:creator\" content=\"@GuineeDiversite\" \/>\n<meta name=\"twitter:site\" content=\"@GuineeDiversite\" \/>\n<meta name=\"twitter:label1\" content=\"\u00c9crit par\" \/>\n\t<meta name=\"twitter:data1\" content=\"Guin\u00e9e Diversit\u00e9\" \/>\n\t<meta name=\"twitter:label2\" content=\"Dur\u00e9e de lecture estim\u00e9e\" \/>\n\t<meta name=\"twitter:data2\" content=\"4 minutes\" \/>\n<script type=\"application\/ld+json\" class=\"yoast-schema-graph\">{\"@context\":\"https:\/\/schema.org\",\"@graph\":[{\"@type\":\"Article\",\"@id\":\"https:\/\/guineediversite.com\/index.php\/2021\/10\/29\/a-rome-limage-de-la-baisse-des-tensions-franco-americaines-apres-la-crise\/#article\",\"isPartOf\":{\"@id\":\"https:\/\/guineediversite.com\/index.php\/2021\/10\/29\/a-rome-limage-de-la-baisse-des-tensions-franco-americaines-apres-la-crise\/\"},\"author\":{\"name\":\"Guin\u00e9e Diversit\u00e9\",\"@id\":\"https:\/\/guineediversite.com\/#\/schema\/person\/afa08fb34e7fc6e1feafc892612bc836\"},\"headline\":\"\u00c0 Rome, l&rsquo;image de la baisse des tensions franco-am\u00e9ricaines apr\u00e8s la crise\",\"datePublished\":\"2021-10-29T19:42:13+00:00\",\"dateModified\":\"2021-10-29T19:42:13+00:00\",\"mainEntityOfPage\":{\"@id\":\"https:\/\/guineediversite.com\/index.php\/2021\/10\/29\/a-rome-limage-de-la-baisse-des-tensions-franco-americaines-apres-la-crise\/\"},\"wordCount\":792,\"publisher\":{\"@id\":\"https:\/\/guineediversite.com\/#organization\"},\"image\":{\"@id\":\"https:\/\/guineediversite.com\/index.php\/2021\/10\/29\/a-rome-limage-de-la-baisse-des-tensions-franco-americaines-apres-la-crise\/#primaryimage\"},\"thumbnailUrl\":\"https:\/\/guineediversite.com\/wp-content\/uploads\/2021\/10\/Joe-Biden-et-Emmanuel-Macron.jpg\",\"articleSection\":[\"International\"],\"inLanguage\":\"fr-FR\"},{\"@type\":\"WebPage\",\"@id\":\"https:\/\/guineediversite.com\/index.php\/2021\/10\/29\/a-rome-limage-de-la-baisse-des-tensions-franco-americaines-apres-la-crise\/\",\"url\":\"https:\/\/guineediversite.com\/index.php\/2021\/10\/29\/a-rome-limage-de-la-baisse-des-tensions-franco-americaines-apres-la-crise\/\",\"name\":\"\u00c0 Rome, l'image de la baisse des tensions franco-am\u00e9ricaines apr\u00e8s la crise | Guin\u00e9e Diversit\u00e9\",\"isPartOf\":{\"@id\":\"https:\/\/guineediversite.com\/#website\"},\"primaryImageOfPage\":{\"@id\":\"https:\/\/guineediversite.com\/index.php\/2021\/10\/29\/a-rome-limage-de-la-baisse-des-tensions-franco-americaines-apres-la-crise\/#primaryimage\"},\"image\":{\"@id\":\"https:\/\/guineediversite.com\/index.php\/2021\/10\/29\/a-rome-limage-de-la-baisse-des-tensions-franco-americaines-apres-la-crise\/#primaryimage\"},\"thumbnailUrl\":\"https:\/\/guineediversite.com\/wp-content\/uploads\/2021\/10\/Joe-Biden-et-Emmanuel-Macron.jpg\",\"datePublished\":\"2021-10-29T19:42:13+00:00\",\"dateModified\":\"2021-10-29T19:42:13+00:00\",\"breadcrumb\":{\"@id\":\"https:\/\/guineediversite.com\/index.php\/2021\/10\/29\/a-rome-limage-de-la-baisse-des-tensions-franco-americaines-apres-la-crise\/#breadcrumb\"},\"inLanguage\":\"fr-FR\",\"potentialAction\":[{\"@type\":\"ReadAction\",\"target\":[\"https:\/\/guineediversite.com\/index.php\/2021\/10\/29\/a-rome-limage-de-la-baisse-des-tensions-franco-americaines-apres-la-crise\/\"]}]},{\"@type\":\"ImageObject\",\"inLanguage\":\"fr-FR\",\"@id\":\"https:\/\/guineediversite.com\/index.php\/2021\/10\/29\/a-rome-limage-de-la-baisse-des-tensions-franco-americaines-apres-la-crise\/#primaryimage\",\"url\":\"https:\/\/guineediversite.com\/wp-content\/uploads\/2021\/10\/Joe-Biden-et-Emmanuel-Macron.jpg\",\"contentUrl\":\"https:\/\/guineediversite.com\/wp-content\/uploads\/2021\/10\/Joe-Biden-et-Emmanuel-Macron.jpg\",\"width\":1300,\"height\":1300},{\"@type\":\"BreadcrumbList\",\"@id\":\"https:\/\/guineediversite.com\/index.php\/2021\/10\/29\/a-rome-limage-de-la-baisse-des-tensions-franco-americaines-apres-la-crise\/#breadcrumb\",\"itemListElement\":[{\"@type\":\"ListItem\",\"position\":1,\"name\":\"Accueil\",\"item\":\"https:\/\/guineediversite.com\/\"},{\"@type\":\"ListItem\",\"position\":2,\"name\":\"\u00c0 Rome, l&rsquo;image de la baisse des tensions franco-am\u00e9ricaines apr\u00e8s la crise\"}]},{\"@type\":\"WebSite\",\"@id\":\"https:\/\/guineediversite.com\/#website\",\"url\":\"https:\/\/guineediversite.com\/\",\"name\":\"Guin\u00e9e Diversit\u00e9\",\"description\":\"L&#039;Info dans toute sa diversit\u00e9\",\"publisher\":{\"@id\":\"https:\/\/guineediversite.com\/#organization\"},\"potentialAction\":[{\"@type\":\"SearchAction\",\"target\":{\"@type\":\"EntryPoint\",\"urlTemplate\":\"https:\/\/guineediversite.com\/?s={search_term_string}\"},\"query-input\":{\"@type\":\"PropertyValueSpecification\",\"valueRequired\":true,\"valueName\":\"search_term_string\"}}],\"inLanguage\":\"fr-FR\"},{\"@type\":\"Organization\",\"@id\":\"https:\/\/guineediversite.com\/#organization\",\"name\":\"Guin\u00e9e Diversit\u00e9\",\"url\":\"https:\/\/guineediversite.com\/\",\"logo\":{\"@type\":\"ImageObject\",\"inLanguage\":\"fr-FR\",\"@id\":\"https:\/\/guineediversite.com\/#\/schema\/logo\/image\/\",\"url\":\"https:\/\/guineediversite.com\/wp-content\/uploads\/2017\/04\/cropped-1jojlxEOMkX9Wyqfhe43D6kjPOGqBBKmx3EwWJqZ0cMrFF54yM49.png\",\"contentUrl\":\"https:\/\/guineediversite.com\/wp-content\/uploads\/2017\/04\/cropped-1jojlxEOMkX9Wyqfhe43D6kjPOGqBBKmx3EwWJqZ0cMrFF54yM49.png\",\"width\":186,\"height\":112,\"caption\":\"Guin\u00e9e Diversit\u00e9\"},\"image\":{\"@id\":\"https:\/\/guineediversite.com\/#\/schema\/logo\/image\/\"},\"sameAs\":[\"https:\/\/www.facebook.com\/guineediversite\/\",\"https:\/\/x.com\/GuineeDiversite\",\"https:\/\/www.youtube.com\/channel\/UC8sUY16qelG5ge6_D5SB83g\"]},{\"@type\":\"Person\",\"@id\":\"https:\/\/guineediversite.com\/#\/schema\/person\/afa08fb34e7fc6e1feafc892612bc836\",\"name\":\"Guin\u00e9e Diversit\u00e9\",\"image\":{\"@type\":\"ImageObject\",\"inLanguage\":\"fr-FR\",\"@id\":\"https:\/\/guineediversite.com\/#\/schema\/person\/image\/\",\"url\":\"https:\/\/secure.gravatar.com\/avatar\/50d5eb5b390f8b65ac30ac6f898eb83a?s=96&d=mm&r=g\",\"contentUrl\":\"https:\/\/secure.gravatar.com\/avatar\/50d5eb5b390f8b65ac30ac6f898eb83a?s=96&d=mm&r=g\",\"caption\":\"Guin\u00e9e Diversit\u00e9\"},\"url\":\"https:\/\/guineediversite.com\/index.php\/author\/guineediversite\/\"}]}<\/script>\n<!-- \/ Yoast SEO plugin. -->","yoast_head_json":{"title":"\u00c0 Rome, l'image de la baisse des tensions franco-am\u00e9ricaines apr\u00e8s la crise | Guin\u00e9e Diversit\u00e9","robots":{"index":"index","follow":"follow","max-snippet":"max-snippet:-1","max-image-preview":"max-image-preview:large","max-video-preview":"max-video-preview:-1"},"canonical":"https:\/\/guineediversite.com\/index.php\/2021\/10\/29\/a-rome-limage-de-la-baisse-des-tensions-franco-americaines-apres-la-crise\/","og_locale":"fr_FR","og_type":"article","og_title":"\u00c0 Rome, l'image de la baisse des tensions franco-am\u00e9ricaines apr\u00e8s la crise | Guin\u00e9e Diversit\u00e9","og_description":"Emmanuel Macron et Joe Biden se sont rencontr\u00e9s \u00e0 Rome ce vendredi 29\u00a0octobre 2021.\u00a0Cette visite entre chefs d&rsquo;\u00c9tat fran\u00e7ais et am\u00e9ricain, plac\u00e9e sous le signe de l&rsquo;apaisement apr\u00e8s la crise des sous-marins australiens,\u00a0\u00e9tait tr\u00e8s attendue c\u00f4t\u00e9 fran\u00e7ais. Cette image d\u2019Emmanuel Macron et de Joe Biden c\u00f4te-\u00e0-c\u00f4te, se serrant la main, marque du point de vue [&hellip;]","og_url":"https:\/\/guineediversite.com\/index.php\/2021\/10\/29\/a-rome-limage-de-la-baisse-des-tensions-franco-americaines-apres-la-crise\/","og_site_name":"Guin\u00e9e Diversit\u00e9","article_publisher":"https:\/\/www.facebook.com\/guineediversite\/","article_published_time":"2021-10-29T19:42:13+00:00","og_image":[{"width":1300,"height":1300,"url":"https:\/\/guineediversite.com\/wp-content\/uploads\/2021\/10\/Joe-Biden-et-Emmanuel-Macron.jpg","type":"image\/jpeg"}],"author":"Guin\u00e9e Diversit\u00e9","twitter_card":"summary_large_image","twitter_creator":"@GuineeDiversite","twitter_site":"@GuineeDiversite","twitter_misc":{"\u00c9crit par":"Guin\u00e9e Diversit\u00e9","Dur\u00e9e de lecture estim\u00e9e":"4 minutes"},"schema":{"@context":"https:\/\/schema.org","@graph":[{"@type":"Article","@id":"https:\/\/guineediversite.com\/index.php\/2021\/10\/29\/a-rome-limage-de-la-baisse-des-tensions-franco-americaines-apres-la-crise\/#article","isPartOf":{"@id":"https:\/\/guineediversite.com\/index.php\/2021\/10\/29\/a-rome-limage-de-la-baisse-des-tensions-franco-americaines-apres-la-crise\/"},"author":{"name":"Guin\u00e9e Diversit\u00e9","@id":"https:\/\/guineediversite.com\/#\/schema\/person\/afa08fb34e7fc6e1feafc892612bc836"},"headline":"\u00c0 Rome, l&rsquo;image de la baisse des tensions franco-am\u00e9ricaines apr\u00e8s la crise","datePublished":"2021-10-29T19:42:13+00:00","dateModified":"2021-10-29T19:42:13+00:00","mainEntityOfPage":{"@id":"https:\/\/guineediversite.com\/index.php\/2021\/10\/29\/a-rome-limage-de-la-baisse-des-tensions-franco-americaines-apres-la-crise\/"},"wordCount":792,"publisher":{"@id":"https:\/\/guineediversite.com\/#organization"},"image":{"@id":"https:\/\/guineediversite.com\/index.php\/2021\/10\/29\/a-rome-limage-de-la-baisse-des-tensions-franco-americaines-apres-la-crise\/#primaryimage"},"thumbnailUrl":"https:\/\/guineediversite.com\/wp-content\/uploads\/2021\/10\/Joe-Biden-et-Emmanuel-Macron.jpg","articleSection":["International"],"inLanguage":"fr-FR"},{"@type":"WebPage","@id":"https:\/\/guineediversite.com\/index.php\/2021\/10\/29\/a-rome-limage-de-la-baisse-des-tensions-franco-americaines-apres-la-crise\/","url":"https:\/\/guineediversite.com\/index.php\/2021\/10\/29\/a-rome-limage-de-la-baisse-des-tensions-franco-americaines-apres-la-crise\/","name":"\u00c0 Rome, l'image de la baisse des tensions franco-am\u00e9ricaines apr\u00e8s la crise | Guin\u00e9e Diversit\u00e9","isPartOf":{"@id":"https:\/\/guineediversite.com\/#website"},"primaryImageOfPage":{"@id":"https:\/\/guineediversite.com\/index.php\/2021\/10\/29\/a-rome-limage-de-la-baisse-des-tensions-franco-americaines-apres-la-crise\/#primaryimage"},"image":{"@id":"https:\/\/guineediversite.com\/index.php\/2021\/10\/29\/a-rome-limage-de-la-baisse-des-tensions-franco-americaines-apres-la-crise\/#primaryimage"},"thumbnailUrl":"https:\/\/guineediversite.com\/wp-content\/uploads\/2021\/10\/Joe-Biden-et-Emmanuel-Macron.jpg","datePublished":"2021-10-29T19:42:13+00:00","dateModified":"2021-10-29T19:42:13+00:00","breadcrumb":{"@id":"https:\/\/guineediversite.com\/index.php\/2021\/10\/29\/a-rome-limage-de-la-baisse-des-tensions-franco-americaines-apres-la-crise\/#breadcrumb"},"inLanguage":"fr-FR","potentialAction":[{"@type":"ReadAction","target":["https:\/\/guineediversite.com\/index.php\/2021\/10\/29\/a-rome-limage-de-la-baisse-des-tensions-franco-americaines-apres-la-crise\/"]}]},{"@type":"ImageObject","inLanguage":"fr-FR","@id":"https:\/\/guineediversite.com\/index.php\/2021\/10\/29\/a-rome-limage-de-la-baisse-des-tensions-franco-americaines-apres-la-crise\/#primaryimage","url":"https:\/\/guineediversite.com\/wp-content\/uploads\/2021\/10\/Joe-Biden-et-Emmanuel-Macron.jpg","contentUrl":"https:\/\/guineediversite.com\/wp-content\/uploads\/2021\/10\/Joe-Biden-et-Emmanuel-Macron.jpg","width":1300,"height":1300},{"@type":"BreadcrumbList","@id":"https:\/\/guineediversite.com\/index.php\/2021\/10\/29\/a-rome-limage-de-la-baisse-des-tensions-franco-americaines-apres-la-crise\/#breadcrumb","itemListElement":[{"@type":"ListItem","position":1,"name":"Accueil","item":"https:\/\/guineediversite.com\/"},{"@type":"ListItem","position":2,"name":"\u00c0 Rome, l&rsquo;image de la baisse des tensions franco-am\u00e9ricaines apr\u00e8s la crise"}]},{"@type":"WebSite","@id":"https:\/\/guineediversite.com\/#website","url":"https:\/\/guineediversite.com\/","name":"Guin\u00e9e Diversit\u00e9","description":"L&#039;Info dans toute sa diversit\u00e9","publisher":{"@id":"https:\/\/guineediversite.com\/#organization"},"potentialAction":[{"@type":"SearchAction","target":{"@type":"EntryPoint","urlTemplate":"https:\/\/guineediversite.com\/?s={search_term_string}"},"query-input":{"@type":"PropertyValueSpecification","valueRequired":true,"valueName":"search_term_string"}}],"inLanguage":"fr-FR"},{"@type":"Organization","@id":"https:\/\/guineediversite.com\/#organization","name":"Guin\u00e9e Diversit\u00e9","url":"https:\/\/guineediversite.com\/","logo":{"@type":"ImageObject","inLanguage":"fr-FR","@id":"https:\/\/guineediversite.com\/#\/schema\/logo\/image\/","url":"https:\/\/guineediversite.com\/wp-content\/uploads\/2017\/04\/cropped-1jojlxEOMkX9Wyqfhe43D6kjPOGqBBKmx3EwWJqZ0cMrFF54yM49.png","contentUrl":"https:\/\/guineediversite.com\/wp-content\/uploads\/2017\/04\/cropped-1jojlxEOMkX9Wyqfhe43D6kjPOGqBBKmx3EwWJqZ0cMrFF54yM49.png","width":186,"height":112,"caption":"Guin\u00e9e Diversit\u00e9"},"image":{"@id":"https:\/\/guineediversite.com\/#\/schema\/logo\/image\/"},"sameAs":["https:\/\/www.facebook.com\/guineediversite\/","https:\/\/x.com\/GuineeDiversite","https:\/\/www.youtube.com\/channel\/UC8sUY16qelG5ge6_D5SB83g"]},{"@type":"Person","@id":"https:\/\/guineediversite.com\/#\/schema\/person\/afa08fb34e7fc6e1feafc892612bc836","name":"Guin\u00e9e Diversit\u00e9","image":{"@type":"ImageObject","inLanguage":"fr-FR","@id":"https:\/\/guineediversite.com\/#\/schema\/person\/image\/","url":"https:\/\/secure.gravatar.com\/avatar\/50d5eb5b390f8b65ac30ac6f898eb83a?s=96&d=mm&r=g","contentUrl":"https:\/\/secure.gravatar.com\/avatar\/50d5eb5b390f8b65ac30ac6f898eb83a?s=96&d=mm&r=g","caption":"Guin\u00e9e Diversit\u00e9"},"url":"https:\/\/guineediversite.com\/index.php\/author\/guineediversite\/"}]}},"_links":{"self":[{"href":"https:\/\/guineediversite.com\/index.php\/wp-json\/wp\/v2\/posts\/31800"}],"collection":[{"href":"https:\/\/guineediversite.com\/index.php\/wp-json\/wp\/v2\/posts"}],"about":[{"href":"https:\/\/guineediversite.com\/index.php\/wp-json\/wp\/v2\/types\/post"}],"author":[{"embeddable":true,"href":"https:\/\/guineediversite.com\/index.php\/wp-json\/wp\/v2\/users\/12"}],"replies":[{"embeddable":true,"href":"https:\/\/guineediversite.com\/index.php\/wp-json\/wp\/v2\/comments?post=31800"}],"version-history":[{"count":1,"href":"https:\/\/guineediversite.com\/index.php\/wp-json\/wp\/v2\/posts\/31800\/revisions"}],"predecessor-version":[{"id":31802,"href":"https:\/\/guineediversite.com\/index.php\/wp-json\/wp\/v2\/posts\/31800\/revisions\/31802"}],"wp:featuredmedia":[{"embeddable":true,"href":"https:\/\/guineediversite.com\/index.php\/wp-json\/wp\/v2\/media\/31801"}],"wp:attachment":[{"href":"https:\/\/guineediversite.com\/index.php\/wp-json\/wp\/v2\/media?parent=31800"}],"wp:term":[{"taxonomy":"category","embeddable":true,"href":"https:\/\/guineediversite.com\/index.php\/wp-json\/wp\/v2\/categories?post=31800"},{"taxonomy":"post_tag","embeddable":true,"href":"https:\/\/guineediversite.com\/index.php\/wp-json\/wp\/v2\/tags?post=31800"}],"curies":[{"name":"wp","href":"https:\/\/api.w.org\/{rel}","templated":true}]}}