{"id":31760,"date":"2021-10-22T00:19:20","date_gmt":"2021-10-21T22:19:20","guid":{"rendered":"https:\/\/guineediversite.com\/?p=31760"},"modified":"2021-10-22T00:19:20","modified_gmt":"2021-10-21T22:19:20","slug":"tension-au-soudan-a-khartoum-les-pro-et-les-anti-militaires-dans-les-rues","status":"publish","type":"post","link":"https:\/\/guineediversite.com\/index.php\/2021\/10\/22\/tension-au-soudan-a-khartoum-les-pro-et-les-anti-militaires-dans-les-rues\/","title":{"rendered":"Tension au Soudan: \u00e0 Khartoum, les pro et les anti-militaires dans les rues"},"content":{"rendered":"<p><strong>Deux manifestations se tiennent ce jeudi 21 octobre dans les rues de la capitale alors que le Soudan affronte une importante mont\u00e9e de tension politique. D\u2019une part, une manifestation de ceux qui r\u00e9clament une reprise en main du pays par les militaires, d\u2019autre part, des militants pro-civils qui veulent prot\u00e9ger les acquis de la r\u00e9volution. Pour ces derniers, l\u2019objectif est de mettre la pression sur les militaires.<\/strong><\/p>\n<p>\u00c0 Khartoum, ils sont des milliers ce jeudi \u00e0 scander\u00a0: \u00ab\u00a0<em>Nous ne regarderons pas en arri\u00e8re<\/em>\u00a0\u00bb, ou encore \u00ab\u00a0<em>Rend le pouvoir aux civils<\/em>\u00a0\u00bb.les manifestants s\u2019adressent au chef de l\u2019arm\u00e9e\u00a0qui demande depuis quelques jours la dissolution du gouvernement. Sur l\u2019avenue qui borde l\u2019a\u00e9roport de Khartoum, des cort\u00e8ges et des pick-up charg\u00e9s de manifestants convergent de toutes les directions, brandissant des drapeaux soudanais.<\/p>\n<p>Le 21 octobre\u00a0est une date symbolique au Soudan. Il s\u2019agit de l\u2019anniversaire d\u2019une des premi\u00e8res r\u00e9volutions populaires, celle qui avait d\u00e9tr\u00f4n\u00e9 le g\u00e9n\u00e9ral Ibrahim Abboud, en 1964. Aujourd\u2019hui, les manifestants veulent prot\u00e9ger les acquis de la r\u00e9volution de 2019, celle qui a mis fin au r\u00e8gne d\u2019Omar el-B\u00e9chir.<\/p>\n<p>\u00ab\u00a0l<em>a transition est en danger\u00a0<\/em>\u00bb, confiait t\u00f4t une manifestante, faisant r\u00e9f\u00e9rence au\u00a0<em>sit-in<\/em>\u00a0qui se d\u00e9roule un peu plus au nord de Khartoum. Tous ici consid\u00e8rent que cette autre manifestation est financ\u00e9e par les militaires au pouvoir, dans le but de d\u00e9stabiliser le pays.<\/p>\n<p>Cette journ\u00e9e est assez d\u00e9cisive pour l\u2019avenir de la transition soudanaise. Chaque camp va essayer de revendiquer le soutien de la rue. Et du c\u00f4t\u00e9 des pro-gouvernemental civil, pour le moment la mobilisation est massive d\u2019autant plus qu\u2019il n\u2019y a pas que Khartoum qui se soul\u00e8ve, mais aussi toutes les villes du pays, pour mettre la pression sur les militaires.<\/p>\n<p><strong>RFI<\/strong><\/p>\n<p>&nbsp;<\/p>\n","protected":false},"excerpt":{"rendered":"<p>Deux manifestations se tiennent ce jeudi 21 octobre dans les rues de la capitale alors que le Soudan affronte une importante mont\u00e9e de tension politique. D\u2019une part, une manifestation de ceux qui r\u00e9clament une reprise en main du pays par les militaires, d\u2019autre part, des militants pro-civils qui veulent prot\u00e9ger les acquis de la r\u00e9volution. [&hellip;]<\/p>\n","protected":false},"author":12,"featured_media":31761,"comment_status":"closed","ping_status":"open","sticky":false,"template":"","format":"standard","meta":{"_exactmetrics_skip_tracking":false,"_exactmetrics_sitenote_active":false,"_exactmetrics_sitenote_note":"","_exactmetrics_sitenote_category":0,"tdm_status":"","tdm_grid_status":"","footnotes":""},"categories":[21],"tags":[],"class_list":{"0":"post-31760","1":"post","2":"type-post","3":"status-publish","4":"format-standard","5":"has-post-thumbnail","7":"category-international"},"yoast_head":"<!-- This site is optimized with the Yoast SEO plugin v24.2 - https:\/\/yoast.com\/wordpress\/plugins\/seo\/ -->\n<title>Tension au Soudan: \u00e0 Khartoum, les pro et les anti-militaires dans les rues | Guin\u00e9e Diversit\u00e9<\/title>\n<meta name=\"robots\" content=\"index, follow, max-snippet:-1, max-image-preview:large, max-video-preview:-1\" \/>\n<link rel=\"canonical\" href=\"https:\/\/guineediversite.com\/index.php\/2021\/10\/22\/tension-au-soudan-a-khartoum-les-pro-et-les-anti-militaires-dans-les-rues\/\" \/>\n<meta property=\"og:locale\" content=\"fr_FR\" \/>\n<meta property=\"og:type\" content=\"article\" \/>\n<meta property=\"og:title\" content=\"Tension au Soudan: \u00e0 Khartoum, les pro et les anti-militaires dans les rues | Guin\u00e9e Diversit\u00e9\" \/>\n<meta property=\"og:description\" content=\"Deux manifestations se tiennent ce jeudi 21 octobre dans les rues de la capitale alors que le Soudan affronte une importante mont\u00e9e de tension politique. D\u2019une part, une manifestation de ceux qui r\u00e9clament une reprise en main du pays par les militaires, d\u2019autre part, des militants pro-civils qui veulent prot\u00e9ger les acquis de la r\u00e9volution. [&hellip;]\" \/>\n<meta property=\"og:url\" content=\"https:\/\/guineediversite.com\/index.php\/2021\/10\/22\/tension-au-soudan-a-khartoum-les-pro-et-les-anti-militaires-dans-les-rues\/\" \/>\n<meta property=\"og:site_name\" content=\"Guin\u00e9e Diversit\u00e9\" \/>\n<meta property=\"article:publisher\" content=\"https:\/\/www.facebook.com\/guineediversite\/\" \/>\n<meta property=\"article:published_time\" content=\"2021-10-21T22:19:20+00:00\" \/>\n<meta property=\"og:image\" content=\"https:\/\/guineediversite.com\/wp-content\/uploads\/2021\/10\/SOUDAN.jpg\" \/>\n\t<meta property=\"og:image:width\" content=\"1300\" \/>\n\t<meta property=\"og:image:height\" content=\"828\" \/>\n\t<meta property=\"og:image:type\" content=\"image\/jpeg\" \/>\n<meta name=\"author\" content=\"Guin\u00e9e Diversit\u00e9\" \/>\n<meta name=\"twitter:card\" content=\"summary_large_image\" \/>\n<meta name=\"twitter:creator\" content=\"@GuineeDiversite\" \/>\n<meta name=\"twitter:site\" content=\"@GuineeDiversite\" \/>\n<meta name=\"twitter:label1\" content=\"\u00c9crit par\" \/>\n\t<meta name=\"twitter:data1\" content=\"Guin\u00e9e Diversit\u00e9\" \/>\n\t<meta name=\"twitter:label2\" content=\"Dur\u00e9e de lecture estim\u00e9e\" \/>\n\t<meta name=\"twitter:data2\" content=\"2 minutes\" \/>\n<script type=\"application\/ld+json\" class=\"yoast-schema-graph\">{\"@context\":\"https:\/\/schema.org\",\"@graph\":[{\"@type\":\"Article\",\"@id\":\"https:\/\/guineediversite.com\/index.php\/2021\/10\/22\/tension-au-soudan-a-khartoum-les-pro-et-les-anti-militaires-dans-les-rues\/#article\",\"isPartOf\":{\"@id\":\"https:\/\/guineediversite.com\/index.php\/2021\/10\/22\/tension-au-soudan-a-khartoum-les-pro-et-les-anti-militaires-dans-les-rues\/\"},\"author\":{\"name\":\"Guin\u00e9e Diversit\u00e9\",\"@id\":\"https:\/\/guineediversite.com\/#\/schema\/person\/afa08fb34e7fc6e1feafc892612bc836\"},\"headline\":\"Tension au Soudan: \u00e0 Khartoum, les pro et les anti-militaires dans les rues\",\"datePublished\":\"2021-10-21T22:19:20+00:00\",\"dateModified\":\"2021-10-21T22:19:20+00:00\",\"mainEntityOfPage\":{\"@id\":\"https:\/\/guineediversite.com\/index.php\/2021\/10\/22\/tension-au-soudan-a-khartoum-les-pro-et-les-anti-militaires-dans-les-rues\/\"},\"wordCount\":337,\"publisher\":{\"@id\":\"https:\/\/guineediversite.com\/#organization\"},\"image\":{\"@id\":\"https:\/\/guineediversite.com\/index.php\/2021\/10\/22\/tension-au-soudan-a-khartoum-les-pro-et-les-anti-militaires-dans-les-rues\/#primaryimage\"},\"thumbnailUrl\":\"https:\/\/guineediversite.com\/wp-content\/uploads\/2021\/10\/SOUDAN.jpg\",\"articleSection\":[\"International\"],\"inLanguage\":\"fr-FR\"},{\"@type\":\"WebPage\",\"@id\":\"https:\/\/guineediversite.com\/index.php\/2021\/10\/22\/tension-au-soudan-a-khartoum-les-pro-et-les-anti-militaires-dans-les-rues\/\",\"url\":\"https:\/\/guineediversite.com\/index.php\/2021\/10\/22\/tension-au-soudan-a-khartoum-les-pro-et-les-anti-militaires-dans-les-rues\/\",\"name\":\"Tension au Soudan: \u00e0 Khartoum, les pro et les anti-militaires dans les rues | Guin\u00e9e Diversit\u00e9\",\"isPartOf\":{\"@id\":\"https:\/\/guineediversite.com\/#website\"},\"primaryImageOfPage\":{\"@id\":\"https:\/\/guineediversite.com\/index.php\/2021\/10\/22\/tension-au-soudan-a-khartoum-les-pro-et-les-anti-militaires-dans-les-rues\/#primaryimage\"},\"image\":{\"@id\":\"https:\/\/guineediversite.com\/index.php\/2021\/10\/22\/tension-au-soudan-a-khartoum-les-pro-et-les-anti-militaires-dans-les-rues\/#primaryimage\"},\"thumbnailUrl\":\"https:\/\/guineediversite.com\/wp-content\/uploads\/2021\/10\/SOUDAN.jpg\",\"datePublished\":\"2021-10-21T22:19:20+00:00\",\"dateModified\":\"2021-10-21T22:19:20+00:00\",\"breadcrumb\":{\"@id\":\"https:\/\/guineediversite.com\/index.php\/2021\/10\/22\/tension-au-soudan-a-khartoum-les-pro-et-les-anti-militaires-dans-les-rues\/#breadcrumb\"},\"inLanguage\":\"fr-FR\",\"potentialAction\":[{\"@type\":\"ReadAction\",\"target\":[\"https:\/\/guineediversite.com\/index.php\/2021\/10\/22\/tension-au-soudan-a-khartoum-les-pro-et-les-anti-militaires-dans-les-rues\/\"]}]},{\"@type\":\"ImageObject\",\"inLanguage\":\"fr-FR\",\"@id\":\"https:\/\/guineediversite.com\/index.php\/2021\/10\/22\/tension-au-soudan-a-khartoum-les-pro-et-les-anti-militaires-dans-les-rues\/#primaryimage\",\"url\":\"https:\/\/guineediversite.com\/wp-content\/uploads\/2021\/10\/SOUDAN.jpg\",\"contentUrl\":\"https:\/\/guineediversite.com\/wp-content\/uploads\/2021\/10\/SOUDAN.jpg\",\"width\":1300,\"height\":828},{\"@type\":\"BreadcrumbList\",\"@id\":\"https:\/\/guineediversite.com\/index.php\/2021\/10\/22\/tension-au-soudan-a-khartoum-les-pro-et-les-anti-militaires-dans-les-rues\/#breadcrumb\",\"itemListElement\":[{\"@type\":\"ListItem\",\"position\":1,\"name\":\"Accueil\",\"item\":\"https:\/\/guineediversite.com\/\"},{\"@type\":\"ListItem\",\"position\":2,\"name\":\"Tension au Soudan: \u00e0 Khartoum, les pro et les anti-militaires dans les rues\"}]},{\"@type\":\"WebSite\",\"@id\":\"https:\/\/guineediversite.com\/#website\",\"url\":\"https:\/\/guineediversite.com\/\",\"name\":\"Guin\u00e9e Diversit\u00e9\",\"description\":\"L&#039;Info dans toute sa diversit\u00e9\",\"publisher\":{\"@id\":\"https:\/\/guineediversite.com\/#organization\"},\"potentialAction\":[{\"@type\":\"SearchAction\",\"target\":{\"@type\":\"EntryPoint\",\"urlTemplate\":\"https:\/\/guineediversite.com\/?s={search_term_string}\"},\"query-input\":{\"@type\":\"PropertyValueSpecification\",\"valueRequired\":true,\"valueName\":\"search_term_string\"}}],\"inLanguage\":\"fr-FR\"},{\"@type\":\"Organization\",\"@id\":\"https:\/\/guineediversite.com\/#organization\",\"name\":\"Guin\u00e9e Diversit\u00e9\",\"url\":\"https:\/\/guineediversite.com\/\",\"logo\":{\"@type\":\"ImageObject\",\"inLanguage\":\"fr-FR\",\"@id\":\"https:\/\/guineediversite.com\/#\/schema\/logo\/image\/\",\"url\":\"https:\/\/guineediversite.com\/wp-content\/uploads\/2017\/04\/cropped-1jojlxEOMkX9Wyqfhe43D6kjPOGqBBKmx3EwWJqZ0cMrFF54yM49.png\",\"contentUrl\":\"https:\/\/guineediversite.com\/wp-content\/uploads\/2017\/04\/cropped-1jojlxEOMkX9Wyqfhe43D6kjPOGqBBKmx3EwWJqZ0cMrFF54yM49.png\",\"width\":186,\"height\":112,\"caption\":\"Guin\u00e9e Diversit\u00e9\"},\"image\":{\"@id\":\"https:\/\/guineediversite.com\/#\/schema\/logo\/image\/\"},\"sameAs\":[\"https:\/\/www.facebook.com\/guineediversite\/\",\"https:\/\/x.com\/GuineeDiversite\",\"https:\/\/www.youtube.com\/channel\/UC8sUY16qelG5ge6_D5SB83g\"]},{\"@type\":\"Person\",\"@id\":\"https:\/\/guineediversite.com\/#\/schema\/person\/afa08fb34e7fc6e1feafc892612bc836\",\"name\":\"Guin\u00e9e Diversit\u00e9\",\"image\":{\"@type\":\"ImageObject\",\"inLanguage\":\"fr-FR\",\"@id\":\"https:\/\/guineediversite.com\/#\/schema\/person\/image\/\",\"url\":\"https:\/\/secure.gravatar.com\/avatar\/50d5eb5b390f8b65ac30ac6f898eb83a?s=96&d=mm&r=g\",\"contentUrl\":\"https:\/\/secure.gravatar.com\/avatar\/50d5eb5b390f8b65ac30ac6f898eb83a?s=96&d=mm&r=g\",\"caption\":\"Guin\u00e9e Diversit\u00e9\"},\"url\":\"https:\/\/guineediversite.com\/index.php\/author\/guineediversite\/\"}]}<\/script>\n<!-- \/ Yoast SEO plugin. -->","yoast_head_json":{"title":"Tension au Soudan: \u00e0 Khartoum, les pro et les anti-militaires dans les rues | Guin\u00e9e Diversit\u00e9","robots":{"index":"index","follow":"follow","max-snippet":"max-snippet:-1","max-image-preview":"max-image-preview:large","max-video-preview":"max-video-preview:-1"},"canonical":"https:\/\/guineediversite.com\/index.php\/2021\/10\/22\/tension-au-soudan-a-khartoum-les-pro-et-les-anti-militaires-dans-les-rues\/","og_locale":"fr_FR","og_type":"article","og_title":"Tension au Soudan: \u00e0 Khartoum, les pro et les anti-militaires dans les rues | Guin\u00e9e Diversit\u00e9","og_description":"Deux manifestations se tiennent ce jeudi 21 octobre dans les rues de la capitale alors que le Soudan affronte une importante mont\u00e9e de tension politique. D\u2019une part, une manifestation de ceux qui r\u00e9clament une reprise en main du pays par les militaires, d\u2019autre part, des militants pro-civils qui veulent prot\u00e9ger les acquis de la r\u00e9volution. [&hellip;]","og_url":"https:\/\/guineediversite.com\/index.php\/2021\/10\/22\/tension-au-soudan-a-khartoum-les-pro-et-les-anti-militaires-dans-les-rues\/","og_site_name":"Guin\u00e9e Diversit\u00e9","article_publisher":"https:\/\/www.facebook.com\/guineediversite\/","article_published_time":"2021-10-21T22:19:20+00:00","og_image":[{"width":1300,"height":828,"url":"https:\/\/guineediversite.com\/wp-content\/uploads\/2021\/10\/SOUDAN.jpg","type":"image\/jpeg"}],"author":"Guin\u00e9e Diversit\u00e9","twitter_card":"summary_large_image","twitter_creator":"@GuineeDiversite","twitter_site":"@GuineeDiversite","twitter_misc":{"\u00c9crit par":"Guin\u00e9e Diversit\u00e9","Dur\u00e9e de lecture estim\u00e9e":"2 minutes"},"schema":{"@context":"https:\/\/schema.org","@graph":[{"@type":"Article","@id":"https:\/\/guineediversite.com\/index.php\/2021\/10\/22\/tension-au-soudan-a-khartoum-les-pro-et-les-anti-militaires-dans-les-rues\/#article","isPartOf":{"@id":"https:\/\/guineediversite.com\/index.php\/2021\/10\/22\/tension-au-soudan-a-khartoum-les-pro-et-les-anti-militaires-dans-les-rues\/"},"author":{"name":"Guin\u00e9e Diversit\u00e9","@id":"https:\/\/guineediversite.com\/#\/schema\/person\/afa08fb34e7fc6e1feafc892612bc836"},"headline":"Tension au Soudan: \u00e0 Khartoum, les pro et les anti-militaires dans les rues","datePublished":"2021-10-21T22:19:20+00:00","dateModified":"2021-10-21T22:19:20+00:00","mainEntityOfPage":{"@id":"https:\/\/guineediversite.com\/index.php\/2021\/10\/22\/tension-au-soudan-a-khartoum-les-pro-et-les-anti-militaires-dans-les-rues\/"},"wordCount":337,"publisher":{"@id":"https:\/\/guineediversite.com\/#organization"},"image":{"@id":"https:\/\/guineediversite.com\/index.php\/2021\/10\/22\/tension-au-soudan-a-khartoum-les-pro-et-les-anti-militaires-dans-les-rues\/#primaryimage"},"thumbnailUrl":"https:\/\/guineediversite.com\/wp-content\/uploads\/2021\/10\/SOUDAN.jpg","articleSection":["International"],"inLanguage":"fr-FR"},{"@type":"WebPage","@id":"https:\/\/guineediversite.com\/index.php\/2021\/10\/22\/tension-au-soudan-a-khartoum-les-pro-et-les-anti-militaires-dans-les-rues\/","url":"https:\/\/guineediversite.com\/index.php\/2021\/10\/22\/tension-au-soudan-a-khartoum-les-pro-et-les-anti-militaires-dans-les-rues\/","name":"Tension au Soudan: \u00e0 Khartoum, les pro et les anti-militaires dans les rues | Guin\u00e9e Diversit\u00e9","isPartOf":{"@id":"https:\/\/guineediversite.com\/#website"},"primaryImageOfPage":{"@id":"https:\/\/guineediversite.com\/index.php\/2021\/10\/22\/tension-au-soudan-a-khartoum-les-pro-et-les-anti-militaires-dans-les-rues\/#primaryimage"},"image":{"@id":"https:\/\/guineediversite.com\/index.php\/2021\/10\/22\/tension-au-soudan-a-khartoum-les-pro-et-les-anti-militaires-dans-les-rues\/#primaryimage"},"thumbnailUrl":"https:\/\/guineediversite.com\/wp-content\/uploads\/2021\/10\/SOUDAN.jpg","datePublished":"2021-10-21T22:19:20+00:00","dateModified":"2021-10-21T22:19:20+00:00","breadcrumb":{"@id":"https:\/\/guineediversite.com\/index.php\/2021\/10\/22\/tension-au-soudan-a-khartoum-les-pro-et-les-anti-militaires-dans-les-rues\/#breadcrumb"},"inLanguage":"fr-FR","potentialAction":[{"@type":"ReadAction","target":["https:\/\/guineediversite.com\/index.php\/2021\/10\/22\/tension-au-soudan-a-khartoum-les-pro-et-les-anti-militaires-dans-les-rues\/"]}]},{"@type":"ImageObject","inLanguage":"fr-FR","@id":"https:\/\/guineediversite.com\/index.php\/2021\/10\/22\/tension-au-soudan-a-khartoum-les-pro-et-les-anti-militaires-dans-les-rues\/#primaryimage","url":"https:\/\/guineediversite.com\/wp-content\/uploads\/2021\/10\/SOUDAN.jpg","contentUrl":"https:\/\/guineediversite.com\/wp-content\/uploads\/2021\/10\/SOUDAN.jpg","width":1300,"height":828},{"@type":"BreadcrumbList","@id":"https:\/\/guineediversite.com\/index.php\/2021\/10\/22\/tension-au-soudan-a-khartoum-les-pro-et-les-anti-militaires-dans-les-rues\/#breadcrumb","itemListElement":[{"@type":"ListItem","position":1,"name":"Accueil","item":"https:\/\/guineediversite.com\/"},{"@type":"ListItem","position":2,"name":"Tension au Soudan: \u00e0 Khartoum, les pro et les anti-militaires dans les rues"}]},{"@type":"WebSite","@id":"https:\/\/guineediversite.com\/#website","url":"https:\/\/guineediversite.com\/","name":"Guin\u00e9e Diversit\u00e9","description":"L&#039;Info dans toute sa diversit\u00e9","publisher":{"@id":"https:\/\/guineediversite.com\/#organization"},"potentialAction":[{"@type":"SearchAction","target":{"@type":"EntryPoint","urlTemplate":"https:\/\/guineediversite.com\/?s={search_term_string}"},"query-input":{"@type":"PropertyValueSpecification","valueRequired":true,"valueName":"search_term_string"}}],"inLanguage":"fr-FR"},{"@type":"Organization","@id":"https:\/\/guineediversite.com\/#organization","name":"Guin\u00e9e Diversit\u00e9","url":"https:\/\/guineediversite.com\/","logo":{"@type":"ImageObject","inLanguage":"fr-FR","@id":"https:\/\/guineediversite.com\/#\/schema\/logo\/image\/","url":"https:\/\/guineediversite.com\/wp-content\/uploads\/2017\/04\/cropped-1jojlxEOMkX9Wyqfhe43D6kjPOGqBBKmx3EwWJqZ0cMrFF54yM49.png","contentUrl":"https:\/\/guineediversite.com\/wp-content\/uploads\/2017\/04\/cropped-1jojlxEOMkX9Wyqfhe43D6kjPOGqBBKmx3EwWJqZ0cMrFF54yM49.png","width":186,"height":112,"caption":"Guin\u00e9e Diversit\u00e9"},"image":{"@id":"https:\/\/guineediversite.com\/#\/schema\/logo\/image\/"},"sameAs":["https:\/\/www.facebook.com\/guineediversite\/","https:\/\/x.com\/GuineeDiversite","https:\/\/www.youtube.com\/channel\/UC8sUY16qelG5ge6_D5SB83g"]},{"@type":"Person","@id":"https:\/\/guineediversite.com\/#\/schema\/person\/afa08fb34e7fc6e1feafc892612bc836","name":"Guin\u00e9e Diversit\u00e9","image":{"@type":"ImageObject","inLanguage":"fr-FR","@id":"https:\/\/guineediversite.com\/#\/schema\/person\/image\/","url":"https:\/\/secure.gravatar.com\/avatar\/50d5eb5b390f8b65ac30ac6f898eb83a?s=96&d=mm&r=g","contentUrl":"https:\/\/secure.gravatar.com\/avatar\/50d5eb5b390f8b65ac30ac6f898eb83a?s=96&d=mm&r=g","caption":"Guin\u00e9e Diversit\u00e9"},"url":"https:\/\/guineediversite.com\/index.php\/author\/guineediversite\/"}]}},"_links":{"self":[{"href":"https:\/\/guineediversite.com\/index.php\/wp-json\/wp\/v2\/posts\/31760"}],"collection":[{"href":"https:\/\/guineediversite.com\/index.php\/wp-json\/wp\/v2\/posts"}],"about":[{"href":"https:\/\/guineediversite.com\/index.php\/wp-json\/wp\/v2\/types\/post"}],"author":[{"embeddable":true,"href":"https:\/\/guineediversite.com\/index.php\/wp-json\/wp\/v2\/users\/12"}],"replies":[{"embeddable":true,"href":"https:\/\/guineediversite.com\/index.php\/wp-json\/wp\/v2\/comments?post=31760"}],"version-history":[{"count":1,"href":"https:\/\/guineediversite.com\/index.php\/wp-json\/wp\/v2\/posts\/31760\/revisions"}],"predecessor-version":[{"id":31762,"href":"https:\/\/guineediversite.com\/index.php\/wp-json\/wp\/v2\/posts\/31760\/revisions\/31762"}],"wp:featuredmedia":[{"embeddable":true,"href":"https:\/\/guineediversite.com\/index.php\/wp-json\/wp\/v2\/media\/31761"}],"wp:attachment":[{"href":"https:\/\/guineediversite.com\/index.php\/wp-json\/wp\/v2\/media?parent=31760"}],"wp:term":[{"taxonomy":"category","embeddable":true,"href":"https:\/\/guineediversite.com\/index.php\/wp-json\/wp\/v2\/categories?post=31760"},{"taxonomy":"post_tag","embeddable":true,"href":"https:\/\/guineediversite.com\/index.php\/wp-json\/wp\/v2\/tags?post=31760"}],"curies":[{"name":"wp","href":"https:\/\/api.w.org\/{rel}","templated":true}]}}