{"id":31708,"date":"2021-10-08T00:54:18","date_gmt":"2021-10-07T22:54:18","guid":{"rendered":"https:\/\/guineediversite.com\/?p=31708"},"modified":"2021-10-08T00:54:18","modified_gmt":"2021-10-07T22:54:18","slug":"les-dates-douverture-des-classes-sont-desormais-connues","status":"publish","type":"post","link":"https:\/\/guineediversite.com\/index.php\/2021\/10\/08\/les-dates-douverture-des-classes-sont-desormais-connues\/","title":{"rendered":"Les dates d\u2019ouverture des classes sont d\u00e9sormais connues"},"content":{"rendered":"<p>Les minist\u00e8res en charge de l\u2019\u00e9ducation et de la formation professionnelle ont finalement donn\u00e9 les dates d\u2019ouverture des classes. C\u2019est un communiqu\u00e9 conjoint des deux d\u00e9partements rendus publique sur les ondes des m\u00e9dias d\u2019\u00c9tat ce jeudi 07 octobre 2021.<\/p>\n<p>La rentr\u00e9e scolaire 2021-2022 est pr\u00e9vue selon ce qui suit: pour les minist\u00e8res de l\u2019\u00c9ducation nationale et de l\u2019enseignement technique : le jeudi 21 octobre 2021 sur toute l\u2019\u00e9tendue du territoire national \u00e0 08 heures; pour le minist\u00e8re de l\u2019enseignement sup\u00e9rieur et de la recherche scientifique, le lundi 1er novembre 22021.<\/p>\n<p>Les autorit\u00e9s \u00e9ducatives du pays ont aussi instruit aux \u00e9coles priv\u00e9es qui avaient d\u00e9j\u00e0 ouvert de fermer et de se conformer \u00e0 ces dates.<\/p>\n","protected":false},"excerpt":{"rendered":"<p>Les minist\u00e8res en charge de l\u2019\u00e9ducation et de la formation professionnelle ont finalement donn\u00e9 les dates d\u2019ouverture des classes. C\u2019est un communiqu\u00e9 conjoint des deux d\u00e9partements rendus publique sur les ondes des m\u00e9dias d\u2019\u00c9tat ce jeudi 07 octobre 2021. La rentr\u00e9e scolaire 2021-2022 est pr\u00e9vue selon ce qui suit: pour les minist\u00e8res de l\u2019\u00c9ducation nationale [&hellip;]<\/p>\n","protected":false},"author":10,"featured_media":30291,"comment_status":"closed","ping_status":"open","sticky":false,"template":"","format":"standard","meta":{"_exactmetrics_skip_tracking":false,"_exactmetrics_sitenote_active":false,"_exactmetrics_sitenote_note":"","_exactmetrics_sitenote_category":0,"tdm_status":"","tdm_grid_status":"","footnotes":""},"categories":[16],"tags":[],"class_list":{"0":"post-31708","1":"post","2":"type-post","3":"status-publish","4":"format-standard","5":"has-post-thumbnail","7":"category-societe"},"yoast_head":"<!-- This site is optimized with the Yoast SEO plugin v24.2 - https:\/\/yoast.com\/wordpress\/plugins\/seo\/ -->\n<title>Les dates d\u2019ouverture des classes sont d\u00e9sormais connues | Guin\u00e9e Diversit\u00e9<\/title>\n<meta name=\"robots\" content=\"index, follow, max-snippet:-1, max-image-preview:large, max-video-preview:-1\" \/>\n<link rel=\"canonical\" href=\"https:\/\/guineediversite.com\/index.php\/2021\/10\/08\/les-dates-douverture-des-classes-sont-desormais-connues\/\" \/>\n<meta property=\"og:locale\" content=\"fr_FR\" \/>\n<meta property=\"og:type\" content=\"article\" \/>\n<meta property=\"og:title\" content=\"Les dates d\u2019ouverture des classes sont d\u00e9sormais connues | Guin\u00e9e Diversit\u00e9\" \/>\n<meta property=\"og:description\" content=\"Les minist\u00e8res en charge de l\u2019\u00e9ducation et de la formation professionnelle ont finalement donn\u00e9 les dates d\u2019ouverture des classes. C\u2019est un communiqu\u00e9 conjoint des deux d\u00e9partements rendus publique sur les ondes des m\u00e9dias d\u2019\u00c9tat ce jeudi 07 octobre 2021. La rentr\u00e9e scolaire 2021-2022 est pr\u00e9vue selon ce qui suit: pour les minist\u00e8res de l\u2019\u00c9ducation nationale [&hellip;]\" \/>\n<meta property=\"og:url\" content=\"https:\/\/guineediversite.com\/index.php\/2021\/10\/08\/les-dates-douverture-des-classes-sont-desormais-connues\/\" \/>\n<meta property=\"og:site_name\" content=\"Guin\u00e9e Diversit\u00e9\" \/>\n<meta property=\"article:publisher\" content=\"https:\/\/www.facebook.com\/guineediversite\/\" \/>\n<meta property=\"article:published_time\" content=\"2021-10-07T22:54:18+00:00\" \/>\n<meta property=\"og:image\" content=\"https:\/\/guineediversite.com\/wp-content\/uploads\/2020\/08\/LE-CENTRE-DE-LECOLE-PRIMAIRE-DE-LANSEBOUNDJI.jpg\" \/>\n\t<meta property=\"og:image:width\" content=\"1355\" \/>\n\t<meta property=\"og:image:height\" content=\"763\" \/>\n\t<meta property=\"og:image:type\" content=\"image\/jpeg\" \/>\n<meta name=\"author\" content=\"Morcire Camara\" \/>\n<meta name=\"twitter:card\" content=\"summary_large_image\" \/>\n<meta name=\"twitter:creator\" content=\"@GuineeDiversite\" \/>\n<meta name=\"twitter:site\" content=\"@GuineeDiversite\" \/>\n<meta name=\"twitter:label1\" content=\"\u00c9crit par\" \/>\n\t<meta name=\"twitter:data1\" content=\"Morcire Camara\" \/>\n\t<meta name=\"twitter:label2\" content=\"Dur\u00e9e de lecture estim\u00e9e\" \/>\n\t<meta name=\"twitter:data2\" content=\"1 minute\" \/>\n<script type=\"application\/ld+json\" class=\"yoast-schema-graph\">{\"@context\":\"https:\/\/schema.org\",\"@graph\":[{\"@type\":\"Article\",\"@id\":\"https:\/\/guineediversite.com\/index.php\/2021\/10\/08\/les-dates-douverture-des-classes-sont-desormais-connues\/#article\",\"isPartOf\":{\"@id\":\"https:\/\/guineediversite.com\/index.php\/2021\/10\/08\/les-dates-douverture-des-classes-sont-desormais-connues\/\"},\"author\":{\"name\":\"Morcire Camara\",\"@id\":\"https:\/\/guineediversite.com\/#\/schema\/person\/fa362494c47202ce4b3adf55abcc9d01\"},\"headline\":\"Les dates d\u2019ouverture des classes sont d\u00e9sormais connues\",\"datePublished\":\"2021-10-07T22:54:18+00:00\",\"dateModified\":\"2021-10-07T22:54:18+00:00\",\"mainEntityOfPage\":{\"@id\":\"https:\/\/guineediversite.com\/index.php\/2021\/10\/08\/les-dates-douverture-des-classes-sont-desormais-connues\/\"},\"wordCount\":134,\"publisher\":{\"@id\":\"https:\/\/guineediversite.com\/#organization\"},\"image\":{\"@id\":\"https:\/\/guineediversite.com\/index.php\/2021\/10\/08\/les-dates-douverture-des-classes-sont-desormais-connues\/#primaryimage\"},\"thumbnailUrl\":\"https:\/\/guineediversite.com\/wp-content\/uploads\/2020\/08\/LE-CENTRE-DE-LECOLE-PRIMAIRE-DE-LANSEBOUNDJI.jpg\",\"articleSection\":[\"Soci\u00e9t\u00e9\"],\"inLanguage\":\"fr-FR\"},{\"@type\":\"WebPage\",\"@id\":\"https:\/\/guineediversite.com\/index.php\/2021\/10\/08\/les-dates-douverture-des-classes-sont-desormais-connues\/\",\"url\":\"https:\/\/guineediversite.com\/index.php\/2021\/10\/08\/les-dates-douverture-des-classes-sont-desormais-connues\/\",\"name\":\"Les dates d\u2019ouverture des classes sont d\u00e9sormais connues | Guin\u00e9e Diversit\u00e9\",\"isPartOf\":{\"@id\":\"https:\/\/guineediversite.com\/#website\"},\"primaryImageOfPage\":{\"@id\":\"https:\/\/guineediversite.com\/index.php\/2021\/10\/08\/les-dates-douverture-des-classes-sont-desormais-connues\/#primaryimage\"},\"image\":{\"@id\":\"https:\/\/guineediversite.com\/index.php\/2021\/10\/08\/les-dates-douverture-des-classes-sont-desormais-connues\/#primaryimage\"},\"thumbnailUrl\":\"https:\/\/guineediversite.com\/wp-content\/uploads\/2020\/08\/LE-CENTRE-DE-LECOLE-PRIMAIRE-DE-LANSEBOUNDJI.jpg\",\"datePublished\":\"2021-10-07T22:54:18+00:00\",\"dateModified\":\"2021-10-07T22:54:18+00:00\",\"breadcrumb\":{\"@id\":\"https:\/\/guineediversite.com\/index.php\/2021\/10\/08\/les-dates-douverture-des-classes-sont-desormais-connues\/#breadcrumb\"},\"inLanguage\":\"fr-FR\",\"potentialAction\":[{\"@type\":\"ReadAction\",\"target\":[\"https:\/\/guineediversite.com\/index.php\/2021\/10\/08\/les-dates-douverture-des-classes-sont-desormais-connues\/\"]}]},{\"@type\":\"ImageObject\",\"inLanguage\":\"fr-FR\",\"@id\":\"https:\/\/guineediversite.com\/index.php\/2021\/10\/08\/les-dates-douverture-des-classes-sont-desormais-connues\/#primaryimage\",\"url\":\"https:\/\/guineediversite.com\/wp-content\/uploads\/2020\/08\/LE-CENTRE-DE-LECOLE-PRIMAIRE-DE-LANSEBOUNDJI.jpg\",\"contentUrl\":\"https:\/\/guineediversite.com\/wp-content\/uploads\/2020\/08\/LE-CENTRE-DE-LECOLE-PRIMAIRE-DE-LANSEBOUNDJI.jpg\",\"width\":1355,\"height\":763},{\"@type\":\"BreadcrumbList\",\"@id\":\"https:\/\/guineediversite.com\/index.php\/2021\/10\/08\/les-dates-douverture-des-classes-sont-desormais-connues\/#breadcrumb\",\"itemListElement\":[{\"@type\":\"ListItem\",\"position\":1,\"name\":\"Accueil\",\"item\":\"https:\/\/guineediversite.com\/\"},{\"@type\":\"ListItem\",\"position\":2,\"name\":\"Les dates d\u2019ouverture des classes sont d\u00e9sormais connues\"}]},{\"@type\":\"WebSite\",\"@id\":\"https:\/\/guineediversite.com\/#website\",\"url\":\"https:\/\/guineediversite.com\/\",\"name\":\"Guin\u00e9e Diversit\u00e9\",\"description\":\"L&#039;Info dans toute sa diversit\u00e9\",\"publisher\":{\"@id\":\"https:\/\/guineediversite.com\/#organization\"},\"potentialAction\":[{\"@type\":\"SearchAction\",\"target\":{\"@type\":\"EntryPoint\",\"urlTemplate\":\"https:\/\/guineediversite.com\/?s={search_term_string}\"},\"query-input\":{\"@type\":\"PropertyValueSpecification\",\"valueRequired\":true,\"valueName\":\"search_term_string\"}}],\"inLanguage\":\"fr-FR\"},{\"@type\":\"Organization\",\"@id\":\"https:\/\/guineediversite.com\/#organization\",\"name\":\"Guin\u00e9e Diversit\u00e9\",\"url\":\"https:\/\/guineediversite.com\/\",\"logo\":{\"@type\":\"ImageObject\",\"inLanguage\":\"fr-FR\",\"@id\":\"https:\/\/guineediversite.com\/#\/schema\/logo\/image\/\",\"url\":\"https:\/\/guineediversite.com\/wp-content\/uploads\/2017\/04\/cropped-1jojlxEOMkX9Wyqfhe43D6kjPOGqBBKmx3EwWJqZ0cMrFF54yM49.png\",\"contentUrl\":\"https:\/\/guineediversite.com\/wp-content\/uploads\/2017\/04\/cropped-1jojlxEOMkX9Wyqfhe43D6kjPOGqBBKmx3EwWJqZ0cMrFF54yM49.png\",\"width\":186,\"height\":112,\"caption\":\"Guin\u00e9e Diversit\u00e9\"},\"image\":{\"@id\":\"https:\/\/guineediversite.com\/#\/schema\/logo\/image\/\"},\"sameAs\":[\"https:\/\/www.facebook.com\/guineediversite\/\",\"https:\/\/x.com\/GuineeDiversite\",\"https:\/\/www.youtube.com\/channel\/UC8sUY16qelG5ge6_D5SB83g\"]},{\"@type\":\"Person\",\"@id\":\"https:\/\/guineediversite.com\/#\/schema\/person\/fa362494c47202ce4b3adf55abcc9d01\",\"name\":\"Morcire Camara\",\"image\":{\"@type\":\"ImageObject\",\"inLanguage\":\"fr-FR\",\"@id\":\"https:\/\/guineediversite.com\/#\/schema\/person\/image\/\",\"url\":\"https:\/\/secure.gravatar.com\/avatar\/3ec324f02295bbcebe03d99b39330ab4?s=96&d=mm&r=g\",\"contentUrl\":\"https:\/\/secure.gravatar.com\/avatar\/3ec324f02295bbcebe03d99b39330ab4?s=96&d=mm&r=g\",\"caption\":\"Morcire Camara\"},\"url\":\"https:\/\/guineediversite.com\/index.php\/author\/morcire\/\"}]}<\/script>\n<!-- \/ Yoast SEO plugin. -->","yoast_head_json":{"title":"Les dates d\u2019ouverture des classes sont d\u00e9sormais connues | Guin\u00e9e Diversit\u00e9","robots":{"index":"index","follow":"follow","max-snippet":"max-snippet:-1","max-image-preview":"max-image-preview:large","max-video-preview":"max-video-preview:-1"},"canonical":"https:\/\/guineediversite.com\/index.php\/2021\/10\/08\/les-dates-douverture-des-classes-sont-desormais-connues\/","og_locale":"fr_FR","og_type":"article","og_title":"Les dates d\u2019ouverture des classes sont d\u00e9sormais connues | Guin\u00e9e Diversit\u00e9","og_description":"Les minist\u00e8res en charge de l\u2019\u00e9ducation et de la formation professionnelle ont finalement donn\u00e9 les dates d\u2019ouverture des classes. C\u2019est un communiqu\u00e9 conjoint des deux d\u00e9partements rendus publique sur les ondes des m\u00e9dias d\u2019\u00c9tat ce jeudi 07 octobre 2021. La rentr\u00e9e scolaire 2021-2022 est pr\u00e9vue selon ce qui suit: pour les minist\u00e8res de l\u2019\u00c9ducation nationale [&hellip;]","og_url":"https:\/\/guineediversite.com\/index.php\/2021\/10\/08\/les-dates-douverture-des-classes-sont-desormais-connues\/","og_site_name":"Guin\u00e9e Diversit\u00e9","article_publisher":"https:\/\/www.facebook.com\/guineediversite\/","article_published_time":"2021-10-07T22:54:18+00:00","og_image":[{"width":1355,"height":763,"url":"https:\/\/guineediversite.com\/wp-content\/uploads\/2020\/08\/LE-CENTRE-DE-LECOLE-PRIMAIRE-DE-LANSEBOUNDJI.jpg","type":"image\/jpeg"}],"author":"Morcire Camara","twitter_card":"summary_large_image","twitter_creator":"@GuineeDiversite","twitter_site":"@GuineeDiversite","twitter_misc":{"\u00c9crit par":"Morcire Camara","Dur\u00e9e de lecture estim\u00e9e":"1 minute"},"schema":{"@context":"https:\/\/schema.org","@graph":[{"@type":"Article","@id":"https:\/\/guineediversite.com\/index.php\/2021\/10\/08\/les-dates-douverture-des-classes-sont-desormais-connues\/#article","isPartOf":{"@id":"https:\/\/guineediversite.com\/index.php\/2021\/10\/08\/les-dates-douverture-des-classes-sont-desormais-connues\/"},"author":{"name":"Morcire Camara","@id":"https:\/\/guineediversite.com\/#\/schema\/person\/fa362494c47202ce4b3adf55abcc9d01"},"headline":"Les dates d\u2019ouverture des classes sont d\u00e9sormais connues","datePublished":"2021-10-07T22:54:18+00:00","dateModified":"2021-10-07T22:54:18+00:00","mainEntityOfPage":{"@id":"https:\/\/guineediversite.com\/index.php\/2021\/10\/08\/les-dates-douverture-des-classes-sont-desormais-connues\/"},"wordCount":134,"publisher":{"@id":"https:\/\/guineediversite.com\/#organization"},"image":{"@id":"https:\/\/guineediversite.com\/index.php\/2021\/10\/08\/les-dates-douverture-des-classes-sont-desormais-connues\/#primaryimage"},"thumbnailUrl":"https:\/\/guineediversite.com\/wp-content\/uploads\/2020\/08\/LE-CENTRE-DE-LECOLE-PRIMAIRE-DE-LANSEBOUNDJI.jpg","articleSection":["Soci\u00e9t\u00e9"],"inLanguage":"fr-FR"},{"@type":"WebPage","@id":"https:\/\/guineediversite.com\/index.php\/2021\/10\/08\/les-dates-douverture-des-classes-sont-desormais-connues\/","url":"https:\/\/guineediversite.com\/index.php\/2021\/10\/08\/les-dates-douverture-des-classes-sont-desormais-connues\/","name":"Les dates d\u2019ouverture des classes sont d\u00e9sormais connues | Guin\u00e9e Diversit\u00e9","isPartOf":{"@id":"https:\/\/guineediversite.com\/#website"},"primaryImageOfPage":{"@id":"https:\/\/guineediversite.com\/index.php\/2021\/10\/08\/les-dates-douverture-des-classes-sont-desormais-connues\/#primaryimage"},"image":{"@id":"https:\/\/guineediversite.com\/index.php\/2021\/10\/08\/les-dates-douverture-des-classes-sont-desormais-connues\/#primaryimage"},"thumbnailUrl":"https:\/\/guineediversite.com\/wp-content\/uploads\/2020\/08\/LE-CENTRE-DE-LECOLE-PRIMAIRE-DE-LANSEBOUNDJI.jpg","datePublished":"2021-10-07T22:54:18+00:00","dateModified":"2021-10-07T22:54:18+00:00","breadcrumb":{"@id":"https:\/\/guineediversite.com\/index.php\/2021\/10\/08\/les-dates-douverture-des-classes-sont-desormais-connues\/#breadcrumb"},"inLanguage":"fr-FR","potentialAction":[{"@type":"ReadAction","target":["https:\/\/guineediversite.com\/index.php\/2021\/10\/08\/les-dates-douverture-des-classes-sont-desormais-connues\/"]}]},{"@type":"ImageObject","inLanguage":"fr-FR","@id":"https:\/\/guineediversite.com\/index.php\/2021\/10\/08\/les-dates-douverture-des-classes-sont-desormais-connues\/#primaryimage","url":"https:\/\/guineediversite.com\/wp-content\/uploads\/2020\/08\/LE-CENTRE-DE-LECOLE-PRIMAIRE-DE-LANSEBOUNDJI.jpg","contentUrl":"https:\/\/guineediversite.com\/wp-content\/uploads\/2020\/08\/LE-CENTRE-DE-LECOLE-PRIMAIRE-DE-LANSEBOUNDJI.jpg","width":1355,"height":763},{"@type":"BreadcrumbList","@id":"https:\/\/guineediversite.com\/index.php\/2021\/10\/08\/les-dates-douverture-des-classes-sont-desormais-connues\/#breadcrumb","itemListElement":[{"@type":"ListItem","position":1,"name":"Accueil","item":"https:\/\/guineediversite.com\/"},{"@type":"ListItem","position":2,"name":"Les dates d\u2019ouverture des classes sont d\u00e9sormais connues"}]},{"@type":"WebSite","@id":"https:\/\/guineediversite.com\/#website","url":"https:\/\/guineediversite.com\/","name":"Guin\u00e9e Diversit\u00e9","description":"L&#039;Info dans toute sa diversit\u00e9","publisher":{"@id":"https:\/\/guineediversite.com\/#organization"},"potentialAction":[{"@type":"SearchAction","target":{"@type":"EntryPoint","urlTemplate":"https:\/\/guineediversite.com\/?s={search_term_string}"},"query-input":{"@type":"PropertyValueSpecification","valueRequired":true,"valueName":"search_term_string"}}],"inLanguage":"fr-FR"},{"@type":"Organization","@id":"https:\/\/guineediversite.com\/#organization","name":"Guin\u00e9e Diversit\u00e9","url":"https:\/\/guineediversite.com\/","logo":{"@type":"ImageObject","inLanguage":"fr-FR","@id":"https:\/\/guineediversite.com\/#\/schema\/logo\/image\/","url":"https:\/\/guineediversite.com\/wp-content\/uploads\/2017\/04\/cropped-1jojlxEOMkX9Wyqfhe43D6kjPOGqBBKmx3EwWJqZ0cMrFF54yM49.png","contentUrl":"https:\/\/guineediversite.com\/wp-content\/uploads\/2017\/04\/cropped-1jojlxEOMkX9Wyqfhe43D6kjPOGqBBKmx3EwWJqZ0cMrFF54yM49.png","width":186,"height":112,"caption":"Guin\u00e9e Diversit\u00e9"},"image":{"@id":"https:\/\/guineediversite.com\/#\/schema\/logo\/image\/"},"sameAs":["https:\/\/www.facebook.com\/guineediversite\/","https:\/\/x.com\/GuineeDiversite","https:\/\/www.youtube.com\/channel\/UC8sUY16qelG5ge6_D5SB83g"]},{"@type":"Person","@id":"https:\/\/guineediversite.com\/#\/schema\/person\/fa362494c47202ce4b3adf55abcc9d01","name":"Morcire Camara","image":{"@type":"ImageObject","inLanguage":"fr-FR","@id":"https:\/\/guineediversite.com\/#\/schema\/person\/image\/","url":"https:\/\/secure.gravatar.com\/avatar\/3ec324f02295bbcebe03d99b39330ab4?s=96&d=mm&r=g","contentUrl":"https:\/\/secure.gravatar.com\/avatar\/3ec324f02295bbcebe03d99b39330ab4?s=96&d=mm&r=g","caption":"Morcire Camara"},"url":"https:\/\/guineediversite.com\/index.php\/author\/morcire\/"}]}},"_links":{"self":[{"href":"https:\/\/guineediversite.com\/index.php\/wp-json\/wp\/v2\/posts\/31708"}],"collection":[{"href":"https:\/\/guineediversite.com\/index.php\/wp-json\/wp\/v2\/posts"}],"about":[{"href":"https:\/\/guineediversite.com\/index.php\/wp-json\/wp\/v2\/types\/post"}],"author":[{"embeddable":true,"href":"https:\/\/guineediversite.com\/index.php\/wp-json\/wp\/v2\/users\/10"}],"replies":[{"embeddable":true,"href":"https:\/\/guineediversite.com\/index.php\/wp-json\/wp\/v2\/comments?post=31708"}],"version-history":[{"count":1,"href":"https:\/\/guineediversite.com\/index.php\/wp-json\/wp\/v2\/posts\/31708\/revisions"}],"predecessor-version":[{"id":31709,"href":"https:\/\/guineediversite.com\/index.php\/wp-json\/wp\/v2\/posts\/31708\/revisions\/31709"}],"wp:featuredmedia":[{"embeddable":true,"href":"https:\/\/guineediversite.com\/index.php\/wp-json\/wp\/v2\/media\/30291"}],"wp:attachment":[{"href":"https:\/\/guineediversite.com\/index.php\/wp-json\/wp\/v2\/media?parent=31708"}],"wp:term":[{"taxonomy":"category","embeddable":true,"href":"https:\/\/guineediversite.com\/index.php\/wp-json\/wp\/v2\/categories?post=31708"},{"taxonomy":"post_tag","embeddable":true,"href":"https:\/\/guineediversite.com\/index.php\/wp-json\/wp\/v2\/tags?post=31708"}],"curies":[{"name":"wp","href":"https:\/\/api.w.org\/{rel}","templated":true}]}}