{"id":31704,"date":"2021-10-07T21:49:25","date_gmt":"2021-10-07T19:49:25","guid":{"rendered":"https:\/\/guineediversite.com\/?p=31704"},"modified":"2021-10-07T21:54:58","modified_gmt":"2021-10-07T19:54:58","slug":"la-caf-a-organise-un-mini-championnat-pour-le-maroc-thierno-saidou-diakite","status":"publish","type":"post","link":"https:\/\/guineediversite.com\/index.php\/2021\/10\/07\/la-caf-a-organise-un-mini-championnat-pour-le-maroc-thierno-saidou-diakite\/","title":{"rendered":"\u00ab  La CAF a organis\u00e9 un mini championnat pour le Maroc \u2026 \u00bb Thierno Sa\u00efdou Diakit\u00e9"},"content":{"rendered":"<p><strong>Le consultant sportif Thierno Sa\u00efdou Diakit\u00e9 s\u2019est exprim\u00e9 sur le nul cons\u00e9cutif de l\u2019\u00e9quipe nationale guin\u00e9enne au compte des \u00e9liminatoires de la coupe du monde Qatar 2022. Dans l\u2019entretien qu\u2019il a accord\u00e9 \u00e0 notre r\u00e9daction ce jeudi 07 septembre, le consultant sportif a d\u00e9peint la vision qu\u2019il a du Syli et des encadreurs.<\/strong><\/p>\n<p>Pour ce qui est de la r\u00e9cente rencontre qui s\u2019est sold\u00e9e sur un score nul face \u00e0 l\u2019\u00e9quipe soudanaise, il souligne que \u00ab\u00a0<em>le r\u00e9sultat enregistr\u00e9 hier par le syli national contre le Soudan \u00e0 Marrakech au Maroc, confirme un peu les appr\u00e9hensions que nous nous sommes faites par rapport \u00e0 la comp\u00e9tence de l&rsquo;entra\u00eeneur Didier Six. Moi j&rsquo;\u00e9tais l&rsquo;une des premi\u00e8res personnes \u00e0 discuter le choix de six pour succ\u00e9der au Belge Paul Put apr\u00e8s notre humiliation \u00e0 la CAN 2019 organis\u00e9 en \u00c9gypte. On a fait match nul contre la Guin\u00e9e Bissau un pays qui ne figure pas sur la liste des 30 pays sur le continent africain. Au dernier classement de la FIFA publi\u00e9 le 12 septembre dernier, le Maroc est 4\u00e8me, la Guin\u00e9e est 14\u00e8me, la Guin\u00e9e Bissau 76\u00e8me, et le Soudan 105\u00e8me. En principe les deux \u00e9quipes ne doivent pas nous poser probl\u00e8me. Cela veut dire que les autres progressent et la Guin\u00e9e r\u00e9gresse. Si on regarde bien, la Guin\u00e9e dispose des joueurs talentueux. Malheureusement le sch\u00e9ma tactique propos\u00e9 par l&rsquo;entra\u00eeneur Didier Six nous p\u00e9nalise. Hier je pense que Martinez Kant\u00e9 et Amadou Diawara devraient commencer le match parce que lorsqu&rsquo;ils sont rentr\u00e9s l&rsquo;animation offensive a \u00e9t\u00e9 beaucoup plus agressive, il faut le reconna\u00eetre. L\u2019objectif assign\u00e9 avec le s\u00e9lectionneur c&rsquo;est la qualification \u00e0 la CAN (\u2026). Maintenant dans ce groupe avec le Maroc qui a 6 points, la Guin\u00e9e Bissau 4 points et la Guin\u00e9e 2 points. Le syli est dos au mur, contre le Soudan il faut que \u00e7a passe ou \u00e7a casse (\u2026<\/em>).<\/p>\n<p>Le consultant sportif, a tout aussi affich\u00e9 son sentiment pour l\u2019\u00e9quipe nationale de football. Il dira, \u00ab<em>je suis r\u00e9aliste, je suis patriote, je souhaite du bon pour la Guin\u00e9e\u00a0\u00bb<\/em>.<\/p>\n<p>Malgr\u00e9 cette affection il ne cache pas son d\u00e9sarroi pour ce qui est de la qualification de l\u2019\u00e9quipe de football guin\u00e9enne. \u00ab\u00a0<em>Il ne faut pas se voiler la face, on n&rsquo;a pas tellement de chance pour se qualifier pour le Qatar 2022. La Guin\u00e9e ne pourra pas se qualifier parce que la CAF a fait en sorte que tous les matchs de la Guin\u00e9e et la Guin\u00e9e Bissau se disputent au Maroc, on aurait pu jouer ailleurs pour que toutes les \u00e9quipes b\u00e9n\u00e9ficient les m\u00eames conditions. Mais le Maroc a des avantages c&rsquo;est un mini championnat que la CAF a organis\u00e9 en leur faveur au d\u00e9triment de la Guin\u00e9e, la Guin\u00e9e Bissau, le Soudan (\u2026)<\/em>\u00a0\u00bb, a-t-il pr\u00e9cis\u00e9.<\/p>\n<p><strong>Ibrahima Bah<\/strong><\/p>\n","protected":false},"excerpt":{"rendered":"<p>Le consultant sportif Thierno Sa\u00efdou Diakit\u00e9 s\u2019est exprim\u00e9 sur le nul cons\u00e9cutif de l\u2019\u00e9quipe nationale guin\u00e9enne au compte des \u00e9liminatoires de la coupe du monde Qatar 2022. Dans l\u2019entretien qu\u2019il a accord\u00e9 \u00e0 notre r\u00e9daction ce jeudi 07 septembre, le consultant sportif a d\u00e9peint la vision qu\u2019il a du Syli et des encadreurs. Pour ce [&hellip;]<\/p>\n","protected":false},"author":12,"featured_media":31707,"comment_status":"closed","ping_status":"open","sticky":false,"template":"","format":"standard","meta":{"_exactmetrics_skip_tracking":false,"_exactmetrics_sitenote_active":false,"_exactmetrics_sitenote_note":"","_exactmetrics_sitenote_category":0,"tdm_status":"","tdm_grid_status":"","footnotes":""},"categories":[18],"tags":[],"class_list":{"0":"post-31704","1":"post","2":"type-post","3":"status-publish","4":"format-standard","5":"has-post-thumbnail","7":"category-sport"},"yoast_head":"<!-- This site is optimized with the Yoast SEO plugin v24.2 - https:\/\/yoast.com\/wordpress\/plugins\/seo\/ -->\n<title>\u00ab La CAF a organis\u00e9 un mini championnat pour le Maroc \u2026 \u00bb Thierno Sa\u00efdou Diakit\u00e9 | Guin\u00e9e Diversit\u00e9<\/title>\n<meta name=\"robots\" content=\"index, follow, max-snippet:-1, max-image-preview:large, max-video-preview:-1\" \/>\n<link rel=\"canonical\" href=\"https:\/\/guineediversite.com\/index.php\/2021\/10\/07\/la-caf-a-organise-un-mini-championnat-pour-le-maroc-thierno-saidou-diakite\/\" \/>\n<meta property=\"og:locale\" content=\"fr_FR\" \/>\n<meta property=\"og:type\" content=\"article\" \/>\n<meta property=\"og:title\" content=\"\u00ab La CAF a organis\u00e9 un mini championnat pour le Maroc \u2026 \u00bb Thierno Sa\u00efdou Diakit\u00e9 | Guin\u00e9e Diversit\u00e9\" \/>\n<meta property=\"og:description\" content=\"Le consultant sportif Thierno Sa\u00efdou Diakit\u00e9 s\u2019est exprim\u00e9 sur le nul cons\u00e9cutif de l\u2019\u00e9quipe nationale guin\u00e9enne au compte des \u00e9liminatoires de la coupe du monde Qatar 2022. Dans l\u2019entretien qu\u2019il a accord\u00e9 \u00e0 notre r\u00e9daction ce jeudi 07 septembre, le consultant sportif a d\u00e9peint la vision qu\u2019il a du Syli et des encadreurs. Pour ce [&hellip;]\" \/>\n<meta property=\"og:url\" content=\"https:\/\/guineediversite.com\/index.php\/2021\/10\/07\/la-caf-a-organise-un-mini-championnat-pour-le-maroc-thierno-saidou-diakite\/\" \/>\n<meta property=\"og:site_name\" content=\"Guin\u00e9e Diversit\u00e9\" \/>\n<meta property=\"article:publisher\" content=\"https:\/\/www.facebook.com\/guineediversite\/\" \/>\n<meta property=\"article:published_time\" content=\"2021-10-07T19:49:25+00:00\" \/>\n<meta property=\"article:modified_time\" content=\"2021-10-07T19:54:58+00:00\" \/>\n<meta property=\"og:image\" content=\"https:\/\/guineediversite.com\/wp-content\/uploads\/2021\/10\/telechargement-6.jpg\" \/>\n\t<meta property=\"og:image:width\" content=\"1300\" \/>\n\t<meta property=\"og:image:height\" content=\"920\" \/>\n\t<meta property=\"og:image:type\" content=\"image\/jpeg\" \/>\n<meta name=\"author\" content=\"Guin\u00e9e Diversit\u00e9\" \/>\n<meta name=\"twitter:card\" content=\"summary_large_image\" \/>\n<meta name=\"twitter:creator\" content=\"@GuineeDiversite\" \/>\n<meta name=\"twitter:site\" content=\"@GuineeDiversite\" \/>\n<meta name=\"twitter:label1\" content=\"\u00c9crit par\" \/>\n\t<meta name=\"twitter:data1\" content=\"Guin\u00e9e Diversit\u00e9\" \/>\n\t<meta name=\"twitter:label2\" content=\"Dur\u00e9e de lecture estim\u00e9e\" \/>\n\t<meta name=\"twitter:data2\" content=\"2 minutes\" \/>\n<script type=\"application\/ld+json\" class=\"yoast-schema-graph\">{\"@context\":\"https:\/\/schema.org\",\"@graph\":[{\"@type\":\"Article\",\"@id\":\"https:\/\/guineediversite.com\/index.php\/2021\/10\/07\/la-caf-a-organise-un-mini-championnat-pour-le-maroc-thierno-saidou-diakite\/#article\",\"isPartOf\":{\"@id\":\"https:\/\/guineediversite.com\/index.php\/2021\/10\/07\/la-caf-a-organise-un-mini-championnat-pour-le-maroc-thierno-saidou-diakite\/\"},\"author\":{\"name\":\"Guin\u00e9e Diversit\u00e9\",\"@id\":\"https:\/\/guineediversite.com\/#\/schema\/person\/afa08fb34e7fc6e1feafc892612bc836\"},\"headline\":\"\u00ab La CAF a organis\u00e9 un mini championnat pour le Maroc \u2026 \u00bb Thierno Sa\u00efdou Diakit\u00e9\",\"datePublished\":\"2021-10-07T19:49:25+00:00\",\"dateModified\":\"2021-10-07T19:54:58+00:00\",\"mainEntityOfPage\":{\"@id\":\"https:\/\/guineediversite.com\/index.php\/2021\/10\/07\/la-caf-a-organise-un-mini-championnat-pour-le-maroc-thierno-saidou-diakite\/\"},\"wordCount\":517,\"publisher\":{\"@id\":\"https:\/\/guineediversite.com\/#organization\"},\"image\":{\"@id\":\"https:\/\/guineediversite.com\/index.php\/2021\/10\/07\/la-caf-a-organise-un-mini-championnat-pour-le-maroc-thierno-saidou-diakite\/#primaryimage\"},\"thumbnailUrl\":\"https:\/\/guineediversite.com\/wp-content\/uploads\/2021\/10\/telechargement-6.jpg\",\"articleSection\":[\"Sport\"],\"inLanguage\":\"fr-FR\"},{\"@type\":\"WebPage\",\"@id\":\"https:\/\/guineediversite.com\/index.php\/2021\/10\/07\/la-caf-a-organise-un-mini-championnat-pour-le-maroc-thierno-saidou-diakite\/\",\"url\":\"https:\/\/guineediversite.com\/index.php\/2021\/10\/07\/la-caf-a-organise-un-mini-championnat-pour-le-maroc-thierno-saidou-diakite\/\",\"name\":\"\u00ab La CAF a organis\u00e9 un mini championnat pour le Maroc \u2026 \u00bb Thierno Sa\u00efdou Diakit\u00e9 | Guin\u00e9e Diversit\u00e9\",\"isPartOf\":{\"@id\":\"https:\/\/guineediversite.com\/#website\"},\"primaryImageOfPage\":{\"@id\":\"https:\/\/guineediversite.com\/index.php\/2021\/10\/07\/la-caf-a-organise-un-mini-championnat-pour-le-maroc-thierno-saidou-diakite\/#primaryimage\"},\"image\":{\"@id\":\"https:\/\/guineediversite.com\/index.php\/2021\/10\/07\/la-caf-a-organise-un-mini-championnat-pour-le-maroc-thierno-saidou-diakite\/#primaryimage\"},\"thumbnailUrl\":\"https:\/\/guineediversite.com\/wp-content\/uploads\/2021\/10\/telechargement-6.jpg\",\"datePublished\":\"2021-10-07T19:49:25+00:00\",\"dateModified\":\"2021-10-07T19:54:58+00:00\",\"breadcrumb\":{\"@id\":\"https:\/\/guineediversite.com\/index.php\/2021\/10\/07\/la-caf-a-organise-un-mini-championnat-pour-le-maroc-thierno-saidou-diakite\/#breadcrumb\"},\"inLanguage\":\"fr-FR\",\"potentialAction\":[{\"@type\":\"ReadAction\",\"target\":[\"https:\/\/guineediversite.com\/index.php\/2021\/10\/07\/la-caf-a-organise-un-mini-championnat-pour-le-maroc-thierno-saidou-diakite\/\"]}]},{\"@type\":\"ImageObject\",\"inLanguage\":\"fr-FR\",\"@id\":\"https:\/\/guineediversite.com\/index.php\/2021\/10\/07\/la-caf-a-organise-un-mini-championnat-pour-le-maroc-thierno-saidou-diakite\/#primaryimage\",\"url\":\"https:\/\/guineediversite.com\/wp-content\/uploads\/2021\/10\/telechargement-6.jpg\",\"contentUrl\":\"https:\/\/guineediversite.com\/wp-content\/uploads\/2021\/10\/telechargement-6.jpg\",\"width\":1300,\"height\":920},{\"@type\":\"BreadcrumbList\",\"@id\":\"https:\/\/guineediversite.com\/index.php\/2021\/10\/07\/la-caf-a-organise-un-mini-championnat-pour-le-maroc-thierno-saidou-diakite\/#breadcrumb\",\"itemListElement\":[{\"@type\":\"ListItem\",\"position\":1,\"name\":\"Accueil\",\"item\":\"https:\/\/guineediversite.com\/\"},{\"@type\":\"ListItem\",\"position\":2,\"name\":\"\u00ab La CAF a organis\u00e9 un mini championnat pour le Maroc \u2026 \u00bb Thierno Sa\u00efdou Diakit\u00e9\"}]},{\"@type\":\"WebSite\",\"@id\":\"https:\/\/guineediversite.com\/#website\",\"url\":\"https:\/\/guineediversite.com\/\",\"name\":\"Guin\u00e9e Diversit\u00e9\",\"description\":\"L&#039;Info dans toute sa diversit\u00e9\",\"publisher\":{\"@id\":\"https:\/\/guineediversite.com\/#organization\"},\"potentialAction\":[{\"@type\":\"SearchAction\",\"target\":{\"@type\":\"EntryPoint\",\"urlTemplate\":\"https:\/\/guineediversite.com\/?s={search_term_string}\"},\"query-input\":{\"@type\":\"PropertyValueSpecification\",\"valueRequired\":true,\"valueName\":\"search_term_string\"}}],\"inLanguage\":\"fr-FR\"},{\"@type\":\"Organization\",\"@id\":\"https:\/\/guineediversite.com\/#organization\",\"name\":\"Guin\u00e9e Diversit\u00e9\",\"url\":\"https:\/\/guineediversite.com\/\",\"logo\":{\"@type\":\"ImageObject\",\"inLanguage\":\"fr-FR\",\"@id\":\"https:\/\/guineediversite.com\/#\/schema\/logo\/image\/\",\"url\":\"https:\/\/guineediversite.com\/wp-content\/uploads\/2017\/04\/cropped-1jojlxEOMkX9Wyqfhe43D6kjPOGqBBKmx3EwWJqZ0cMrFF54yM49.png\",\"contentUrl\":\"https:\/\/guineediversite.com\/wp-content\/uploads\/2017\/04\/cropped-1jojlxEOMkX9Wyqfhe43D6kjPOGqBBKmx3EwWJqZ0cMrFF54yM49.png\",\"width\":186,\"height\":112,\"caption\":\"Guin\u00e9e Diversit\u00e9\"},\"image\":{\"@id\":\"https:\/\/guineediversite.com\/#\/schema\/logo\/image\/\"},\"sameAs\":[\"https:\/\/www.facebook.com\/guineediversite\/\",\"https:\/\/x.com\/GuineeDiversite\",\"https:\/\/www.youtube.com\/channel\/UC8sUY16qelG5ge6_D5SB83g\"]},{\"@type\":\"Person\",\"@id\":\"https:\/\/guineediversite.com\/#\/schema\/person\/afa08fb34e7fc6e1feafc892612bc836\",\"name\":\"Guin\u00e9e Diversit\u00e9\",\"image\":{\"@type\":\"ImageObject\",\"inLanguage\":\"fr-FR\",\"@id\":\"https:\/\/guineediversite.com\/#\/schema\/person\/image\/\",\"url\":\"https:\/\/secure.gravatar.com\/avatar\/50d5eb5b390f8b65ac30ac6f898eb83a?s=96&d=mm&r=g\",\"contentUrl\":\"https:\/\/secure.gravatar.com\/avatar\/50d5eb5b390f8b65ac30ac6f898eb83a?s=96&d=mm&r=g\",\"caption\":\"Guin\u00e9e Diversit\u00e9\"},\"url\":\"https:\/\/guineediversite.com\/index.php\/author\/guineediversite\/\"}]}<\/script>\n<!-- \/ Yoast SEO plugin. -->","yoast_head_json":{"title":"\u00ab La CAF a organis\u00e9 un mini championnat pour le Maroc \u2026 \u00bb Thierno Sa\u00efdou Diakit\u00e9 | Guin\u00e9e Diversit\u00e9","robots":{"index":"index","follow":"follow","max-snippet":"max-snippet:-1","max-image-preview":"max-image-preview:large","max-video-preview":"max-video-preview:-1"},"canonical":"https:\/\/guineediversite.com\/index.php\/2021\/10\/07\/la-caf-a-organise-un-mini-championnat-pour-le-maroc-thierno-saidou-diakite\/","og_locale":"fr_FR","og_type":"article","og_title":"\u00ab La CAF a organis\u00e9 un mini championnat pour le Maroc \u2026 \u00bb Thierno Sa\u00efdou Diakit\u00e9 | Guin\u00e9e Diversit\u00e9","og_description":"Le consultant sportif Thierno Sa\u00efdou Diakit\u00e9 s\u2019est exprim\u00e9 sur le nul cons\u00e9cutif de l\u2019\u00e9quipe nationale guin\u00e9enne au compte des \u00e9liminatoires de la coupe du monde Qatar 2022. Dans l\u2019entretien qu\u2019il a accord\u00e9 \u00e0 notre r\u00e9daction ce jeudi 07 septembre, le consultant sportif a d\u00e9peint la vision qu\u2019il a du Syli et des encadreurs. Pour ce [&hellip;]","og_url":"https:\/\/guineediversite.com\/index.php\/2021\/10\/07\/la-caf-a-organise-un-mini-championnat-pour-le-maroc-thierno-saidou-diakite\/","og_site_name":"Guin\u00e9e Diversit\u00e9","article_publisher":"https:\/\/www.facebook.com\/guineediversite\/","article_published_time":"2021-10-07T19:49:25+00:00","article_modified_time":"2021-10-07T19:54:58+00:00","og_image":[{"width":1300,"height":920,"url":"https:\/\/guineediversite.com\/wp-content\/uploads\/2021\/10\/telechargement-6.jpg","type":"image\/jpeg"}],"author":"Guin\u00e9e Diversit\u00e9","twitter_card":"summary_large_image","twitter_creator":"@GuineeDiversite","twitter_site":"@GuineeDiversite","twitter_misc":{"\u00c9crit par":"Guin\u00e9e Diversit\u00e9","Dur\u00e9e de lecture estim\u00e9e":"2 minutes"},"schema":{"@context":"https:\/\/schema.org","@graph":[{"@type":"Article","@id":"https:\/\/guineediversite.com\/index.php\/2021\/10\/07\/la-caf-a-organise-un-mini-championnat-pour-le-maroc-thierno-saidou-diakite\/#article","isPartOf":{"@id":"https:\/\/guineediversite.com\/index.php\/2021\/10\/07\/la-caf-a-organise-un-mini-championnat-pour-le-maroc-thierno-saidou-diakite\/"},"author":{"name":"Guin\u00e9e Diversit\u00e9","@id":"https:\/\/guineediversite.com\/#\/schema\/person\/afa08fb34e7fc6e1feafc892612bc836"},"headline":"\u00ab La CAF a organis\u00e9 un mini championnat pour le Maroc \u2026 \u00bb Thierno Sa\u00efdou Diakit\u00e9","datePublished":"2021-10-07T19:49:25+00:00","dateModified":"2021-10-07T19:54:58+00:00","mainEntityOfPage":{"@id":"https:\/\/guineediversite.com\/index.php\/2021\/10\/07\/la-caf-a-organise-un-mini-championnat-pour-le-maroc-thierno-saidou-diakite\/"},"wordCount":517,"publisher":{"@id":"https:\/\/guineediversite.com\/#organization"},"image":{"@id":"https:\/\/guineediversite.com\/index.php\/2021\/10\/07\/la-caf-a-organise-un-mini-championnat-pour-le-maroc-thierno-saidou-diakite\/#primaryimage"},"thumbnailUrl":"https:\/\/guineediversite.com\/wp-content\/uploads\/2021\/10\/telechargement-6.jpg","articleSection":["Sport"],"inLanguage":"fr-FR"},{"@type":"WebPage","@id":"https:\/\/guineediversite.com\/index.php\/2021\/10\/07\/la-caf-a-organise-un-mini-championnat-pour-le-maroc-thierno-saidou-diakite\/","url":"https:\/\/guineediversite.com\/index.php\/2021\/10\/07\/la-caf-a-organise-un-mini-championnat-pour-le-maroc-thierno-saidou-diakite\/","name":"\u00ab La CAF a organis\u00e9 un mini championnat pour le Maroc \u2026 \u00bb Thierno Sa\u00efdou Diakit\u00e9 | Guin\u00e9e Diversit\u00e9","isPartOf":{"@id":"https:\/\/guineediversite.com\/#website"},"primaryImageOfPage":{"@id":"https:\/\/guineediversite.com\/index.php\/2021\/10\/07\/la-caf-a-organise-un-mini-championnat-pour-le-maroc-thierno-saidou-diakite\/#primaryimage"},"image":{"@id":"https:\/\/guineediversite.com\/index.php\/2021\/10\/07\/la-caf-a-organise-un-mini-championnat-pour-le-maroc-thierno-saidou-diakite\/#primaryimage"},"thumbnailUrl":"https:\/\/guineediversite.com\/wp-content\/uploads\/2021\/10\/telechargement-6.jpg","datePublished":"2021-10-07T19:49:25+00:00","dateModified":"2021-10-07T19:54:58+00:00","breadcrumb":{"@id":"https:\/\/guineediversite.com\/index.php\/2021\/10\/07\/la-caf-a-organise-un-mini-championnat-pour-le-maroc-thierno-saidou-diakite\/#breadcrumb"},"inLanguage":"fr-FR","potentialAction":[{"@type":"ReadAction","target":["https:\/\/guineediversite.com\/index.php\/2021\/10\/07\/la-caf-a-organise-un-mini-championnat-pour-le-maroc-thierno-saidou-diakite\/"]}]},{"@type":"ImageObject","inLanguage":"fr-FR","@id":"https:\/\/guineediversite.com\/index.php\/2021\/10\/07\/la-caf-a-organise-un-mini-championnat-pour-le-maroc-thierno-saidou-diakite\/#primaryimage","url":"https:\/\/guineediversite.com\/wp-content\/uploads\/2021\/10\/telechargement-6.jpg","contentUrl":"https:\/\/guineediversite.com\/wp-content\/uploads\/2021\/10\/telechargement-6.jpg","width":1300,"height":920},{"@type":"BreadcrumbList","@id":"https:\/\/guineediversite.com\/index.php\/2021\/10\/07\/la-caf-a-organise-un-mini-championnat-pour-le-maroc-thierno-saidou-diakite\/#breadcrumb","itemListElement":[{"@type":"ListItem","position":1,"name":"Accueil","item":"https:\/\/guineediversite.com\/"},{"@type":"ListItem","position":2,"name":"\u00ab La CAF a organis\u00e9 un mini championnat pour le Maroc \u2026 \u00bb Thierno Sa\u00efdou Diakit\u00e9"}]},{"@type":"WebSite","@id":"https:\/\/guineediversite.com\/#website","url":"https:\/\/guineediversite.com\/","name":"Guin\u00e9e Diversit\u00e9","description":"L&#039;Info dans toute sa diversit\u00e9","publisher":{"@id":"https:\/\/guineediversite.com\/#organization"},"potentialAction":[{"@type":"SearchAction","target":{"@type":"EntryPoint","urlTemplate":"https:\/\/guineediversite.com\/?s={search_term_string}"},"query-input":{"@type":"PropertyValueSpecification","valueRequired":true,"valueName":"search_term_string"}}],"inLanguage":"fr-FR"},{"@type":"Organization","@id":"https:\/\/guineediversite.com\/#organization","name":"Guin\u00e9e Diversit\u00e9","url":"https:\/\/guineediversite.com\/","logo":{"@type":"ImageObject","inLanguage":"fr-FR","@id":"https:\/\/guineediversite.com\/#\/schema\/logo\/image\/","url":"https:\/\/guineediversite.com\/wp-content\/uploads\/2017\/04\/cropped-1jojlxEOMkX9Wyqfhe43D6kjPOGqBBKmx3EwWJqZ0cMrFF54yM49.png","contentUrl":"https:\/\/guineediversite.com\/wp-content\/uploads\/2017\/04\/cropped-1jojlxEOMkX9Wyqfhe43D6kjPOGqBBKmx3EwWJqZ0cMrFF54yM49.png","width":186,"height":112,"caption":"Guin\u00e9e Diversit\u00e9"},"image":{"@id":"https:\/\/guineediversite.com\/#\/schema\/logo\/image\/"},"sameAs":["https:\/\/www.facebook.com\/guineediversite\/","https:\/\/x.com\/GuineeDiversite","https:\/\/www.youtube.com\/channel\/UC8sUY16qelG5ge6_D5SB83g"]},{"@type":"Person","@id":"https:\/\/guineediversite.com\/#\/schema\/person\/afa08fb34e7fc6e1feafc892612bc836","name":"Guin\u00e9e Diversit\u00e9","image":{"@type":"ImageObject","inLanguage":"fr-FR","@id":"https:\/\/guineediversite.com\/#\/schema\/person\/image\/","url":"https:\/\/secure.gravatar.com\/avatar\/50d5eb5b390f8b65ac30ac6f898eb83a?s=96&d=mm&r=g","contentUrl":"https:\/\/secure.gravatar.com\/avatar\/50d5eb5b390f8b65ac30ac6f898eb83a?s=96&d=mm&r=g","caption":"Guin\u00e9e Diversit\u00e9"},"url":"https:\/\/guineediversite.com\/index.php\/author\/guineediversite\/"}]}},"_links":{"self":[{"href":"https:\/\/guineediversite.com\/index.php\/wp-json\/wp\/v2\/posts\/31704"}],"collection":[{"href":"https:\/\/guineediversite.com\/index.php\/wp-json\/wp\/v2\/posts"}],"about":[{"href":"https:\/\/guineediversite.com\/index.php\/wp-json\/wp\/v2\/types\/post"}],"author":[{"embeddable":true,"href":"https:\/\/guineediversite.com\/index.php\/wp-json\/wp\/v2\/users\/12"}],"replies":[{"embeddable":true,"href":"https:\/\/guineediversite.com\/index.php\/wp-json\/wp\/v2\/comments?post=31704"}],"version-history":[{"count":1,"href":"https:\/\/guineediversite.com\/index.php\/wp-json\/wp\/v2\/posts\/31704\/revisions"}],"predecessor-version":[{"id":31706,"href":"https:\/\/guineediversite.com\/index.php\/wp-json\/wp\/v2\/posts\/31704\/revisions\/31706"}],"wp:featuredmedia":[{"embeddable":true,"href":"https:\/\/guineediversite.com\/index.php\/wp-json\/wp\/v2\/media\/31707"}],"wp:attachment":[{"href":"https:\/\/guineediversite.com\/index.php\/wp-json\/wp\/v2\/media?parent=31704"}],"wp:term":[{"taxonomy":"category","embeddable":true,"href":"https:\/\/guineediversite.com\/index.php\/wp-json\/wp\/v2\/categories?post=31704"},{"taxonomy":"post_tag","embeddable":true,"href":"https:\/\/guineediversite.com\/index.php\/wp-json\/wp\/v2\/tags?post=31704"}],"curies":[{"name":"wp","href":"https:\/\/api.w.org\/{rel}","templated":true}]}}