{"id":31685,"date":"2021-10-07T13:48:12","date_gmt":"2021-10-07T11:48:12","guid":{"rendered":"https:\/\/guineediversite.com\/?p=31685"},"modified":"2021-10-07T13:48:12","modified_gmt":"2021-10-07T11:48:12","slug":"le-nouveau-chef-du-palais-de-la-colombe-parle-du-colonel-mamadi-doumbouya","status":"publish","type":"post","link":"https:\/\/guineediversite.com\/index.php\/2021\/10\/07\/le-nouveau-chef-du-palais-de-la-colombe-parle-du-colonel-mamadi-doumbouya\/","title":{"rendered":"Le nouveau chef du palais de la colombe parle du colonel Mamadi Doumbouya"},"content":{"rendered":"<p>Quelques heures apr\u00e8s sa nomination au poste de Premier ministre de la transition, chef du gouvernement, le nouveau chef du palais de la colombe s\u2019est exprim\u00e9 mercredi chez nos de FIM FM au lendemain de sa nomination par le pr\u00e9sident de la transition Mamadi Doumbouya. Mohamed B\u00e9avogui a lors de cette interview \u00e9voqu\u00e9 sa d\u00e9termination \u00e0 accompagner les militaires pour une bonne transition.<\/p>\n<p>Il dira, \u00ab <em>J\u2019ai accueilli cette nomination avec beaucoup d\u2019\u00e9motion et beaucoup de reconnaissance au pr\u00e9sident du CNRD, pr\u00e9sident de la R\u00e9publique. C\u2019est un moment historique pour le pays. Comme vous le savez notre histoire est jalonn\u00e9e d\u2019\u00e9norme difficult\u00e9. Nous n\u2019avons pas pu construire encore la Guin\u00e9e normale que nous voulons. Nous avons une opportunit\u00e9 et la providence a voulu que je sois l\u00e0 aujourd\u2019hui pour y contribuer.\u00a0 Vous avez vu le 02 octobre, les accolades, l\u2019espoir et cet espoir l\u00e0 nous devons l\u2019incarner. C\u2019est une grande responsabilit\u00e9<\/em> \u00bb.<\/p>\n<p>Et de rassur\u00e9 le peuple avec ces propos, \u00ab <em>Beaucoup de gens ne connaissent pas qui est le colonel, vous aurez\u00a0 le temps de le d\u00e9couvrir. C\u2019est un patriote convaincu. C\u2019est quelqu\u2019un qui veut le bonheur de la Guin\u00e9e, qui s\u2019est sacrifi\u00e9 pour construire les bases d\u2019une Guin\u00e9e normale.\u00a0 (\u2026) Je suis pr\u00eat et je lui apportera tout mon soutien<\/em> \u00bb.<\/p>\n<p>Pour l\u2019heure, le peuple de Guin\u00e9e est impatient pour la mise en place du gouvernement de transition et le respect des promesses tenues par le pr\u00e9sident de la transition.<\/p>\n","protected":false},"excerpt":{"rendered":"<p>Quelques heures apr\u00e8s sa nomination au poste de Premier ministre de la transition, chef du gouvernement, le nouveau chef du palais de la colombe s\u2019est exprim\u00e9 mercredi chez nos de FIM FM au lendemain de sa nomination par le pr\u00e9sident de la transition Mamadi Doumbouya. Mohamed B\u00e9avogui a lors de cette interview \u00e9voqu\u00e9 sa d\u00e9termination [&hellip;]<\/p>\n","protected":false},"author":10,"featured_media":31686,"comment_status":"closed","ping_status":"open","sticky":false,"template":"","format":"standard","meta":{"_exactmetrics_skip_tracking":false,"_exactmetrics_sitenote_active":false,"_exactmetrics_sitenote_note":"","_exactmetrics_sitenote_category":0,"tdm_status":"","tdm_grid_status":"","footnotes":""},"categories":[14],"tags":[],"class_list":{"0":"post-31685","1":"post","2":"type-post","3":"status-publish","4":"format-standard","5":"has-post-thumbnail","7":"category-politique"},"yoast_head":"<!-- This site is optimized with the Yoast SEO plugin v24.2 - https:\/\/yoast.com\/wordpress\/plugins\/seo\/ -->\n<title>Le nouveau chef du palais de la colombe parle du colonel Mamadi Doumbouya | Guin\u00e9e Diversit\u00e9<\/title>\n<meta name=\"robots\" content=\"index, follow, max-snippet:-1, max-image-preview:large, max-video-preview:-1\" \/>\n<link rel=\"canonical\" href=\"https:\/\/guineediversite.com\/index.php\/2021\/10\/07\/le-nouveau-chef-du-palais-de-la-colombe-parle-du-colonel-mamadi-doumbouya\/\" \/>\n<meta property=\"og:locale\" content=\"fr_FR\" \/>\n<meta property=\"og:type\" content=\"article\" \/>\n<meta property=\"og:title\" content=\"Le nouveau chef du palais de la colombe parle du colonel Mamadi Doumbouya | Guin\u00e9e Diversit\u00e9\" \/>\n<meta property=\"og:description\" content=\"Quelques heures apr\u00e8s sa nomination au poste de Premier ministre de la transition, chef du gouvernement, le nouveau chef du palais de la colombe s\u2019est exprim\u00e9 mercredi chez nos de FIM FM au lendemain de sa nomination par le pr\u00e9sident de la transition Mamadi Doumbouya. Mohamed B\u00e9avogui a lors de cette interview \u00e9voqu\u00e9 sa d\u00e9termination [&hellip;]\" \/>\n<meta property=\"og:url\" content=\"https:\/\/guineediversite.com\/index.php\/2021\/10\/07\/le-nouveau-chef-du-palais-de-la-colombe-parle-du-colonel-mamadi-doumbouya\/\" \/>\n<meta property=\"og:site_name\" content=\"Guin\u00e9e Diversit\u00e9\" \/>\n<meta property=\"article:publisher\" content=\"https:\/\/www.facebook.com\/guineediversite\/\" \/>\n<meta property=\"article:published_time\" content=\"2021-10-07T11:48:12+00:00\" \/>\n<meta property=\"og:image\" content=\"https:\/\/guineediversite.com\/wp-content\/uploads\/2021\/10\/WhatsApp-Image-2021-10-07-at-11.31.06-1.jpeg\" \/>\n\t<meta property=\"og:image:width\" content=\"1300\" \/>\n\t<meta property=\"og:image:height\" content=\"780\" \/>\n\t<meta property=\"og:image:type\" content=\"image\/jpeg\" \/>\n<meta name=\"author\" content=\"Morcire Camara\" \/>\n<meta name=\"twitter:card\" content=\"summary_large_image\" \/>\n<meta name=\"twitter:creator\" content=\"@GuineeDiversite\" \/>\n<meta name=\"twitter:site\" content=\"@GuineeDiversite\" \/>\n<meta name=\"twitter:label1\" content=\"\u00c9crit par\" \/>\n\t<meta name=\"twitter:data1\" content=\"Morcire Camara\" \/>\n\t<meta name=\"twitter:label2\" content=\"Dur\u00e9e de lecture estim\u00e9e\" \/>\n\t<meta name=\"twitter:data2\" content=\"1 minute\" \/>\n<script type=\"application\/ld+json\" class=\"yoast-schema-graph\">{\"@context\":\"https:\/\/schema.org\",\"@graph\":[{\"@type\":\"Article\",\"@id\":\"https:\/\/guineediversite.com\/index.php\/2021\/10\/07\/le-nouveau-chef-du-palais-de-la-colombe-parle-du-colonel-mamadi-doumbouya\/#article\",\"isPartOf\":{\"@id\":\"https:\/\/guineediversite.com\/index.php\/2021\/10\/07\/le-nouveau-chef-du-palais-de-la-colombe-parle-du-colonel-mamadi-doumbouya\/\"},\"author\":{\"name\":\"Morcire Camara\",\"@id\":\"https:\/\/guineediversite.com\/#\/schema\/person\/fa362494c47202ce4b3adf55abcc9d01\"},\"headline\":\"Le nouveau chef du palais de la colombe parle du colonel Mamadi Doumbouya\",\"datePublished\":\"2021-10-07T11:48:12+00:00\",\"dateModified\":\"2021-10-07T11:48:12+00:00\",\"mainEntityOfPage\":{\"@id\":\"https:\/\/guineediversite.com\/index.php\/2021\/10\/07\/le-nouveau-chef-du-palais-de-la-colombe-parle-du-colonel-mamadi-doumbouya\/\"},\"wordCount\":279,\"publisher\":{\"@id\":\"https:\/\/guineediversite.com\/#organization\"},\"image\":{\"@id\":\"https:\/\/guineediversite.com\/index.php\/2021\/10\/07\/le-nouveau-chef-du-palais-de-la-colombe-parle-du-colonel-mamadi-doumbouya\/#primaryimage\"},\"thumbnailUrl\":\"https:\/\/guineediversite.com\/wp-content\/uploads\/2021\/10\/WhatsApp-Image-2021-10-07-at-11.31.06-1.jpeg\",\"articleSection\":[\"Politique\"],\"inLanguage\":\"fr-FR\"},{\"@type\":\"WebPage\",\"@id\":\"https:\/\/guineediversite.com\/index.php\/2021\/10\/07\/le-nouveau-chef-du-palais-de-la-colombe-parle-du-colonel-mamadi-doumbouya\/\",\"url\":\"https:\/\/guineediversite.com\/index.php\/2021\/10\/07\/le-nouveau-chef-du-palais-de-la-colombe-parle-du-colonel-mamadi-doumbouya\/\",\"name\":\"Le nouveau chef du palais de la colombe parle du colonel Mamadi Doumbouya | Guin\u00e9e Diversit\u00e9\",\"isPartOf\":{\"@id\":\"https:\/\/guineediversite.com\/#website\"},\"primaryImageOfPage\":{\"@id\":\"https:\/\/guineediversite.com\/index.php\/2021\/10\/07\/le-nouveau-chef-du-palais-de-la-colombe-parle-du-colonel-mamadi-doumbouya\/#primaryimage\"},\"image\":{\"@id\":\"https:\/\/guineediversite.com\/index.php\/2021\/10\/07\/le-nouveau-chef-du-palais-de-la-colombe-parle-du-colonel-mamadi-doumbouya\/#primaryimage\"},\"thumbnailUrl\":\"https:\/\/guineediversite.com\/wp-content\/uploads\/2021\/10\/WhatsApp-Image-2021-10-07-at-11.31.06-1.jpeg\",\"datePublished\":\"2021-10-07T11:48:12+00:00\",\"dateModified\":\"2021-10-07T11:48:12+00:00\",\"breadcrumb\":{\"@id\":\"https:\/\/guineediversite.com\/index.php\/2021\/10\/07\/le-nouveau-chef-du-palais-de-la-colombe-parle-du-colonel-mamadi-doumbouya\/#breadcrumb\"},\"inLanguage\":\"fr-FR\",\"potentialAction\":[{\"@type\":\"ReadAction\",\"target\":[\"https:\/\/guineediversite.com\/index.php\/2021\/10\/07\/le-nouveau-chef-du-palais-de-la-colombe-parle-du-colonel-mamadi-doumbouya\/\"]}]},{\"@type\":\"ImageObject\",\"inLanguage\":\"fr-FR\",\"@id\":\"https:\/\/guineediversite.com\/index.php\/2021\/10\/07\/le-nouveau-chef-du-palais-de-la-colombe-parle-du-colonel-mamadi-doumbouya\/#primaryimage\",\"url\":\"https:\/\/guineediversite.com\/wp-content\/uploads\/2021\/10\/WhatsApp-Image-2021-10-07-at-11.31.06-1.jpeg\",\"contentUrl\":\"https:\/\/guineediversite.com\/wp-content\/uploads\/2021\/10\/WhatsApp-Image-2021-10-07-at-11.31.06-1.jpeg\",\"width\":1300,\"height\":780},{\"@type\":\"BreadcrumbList\",\"@id\":\"https:\/\/guineediversite.com\/index.php\/2021\/10\/07\/le-nouveau-chef-du-palais-de-la-colombe-parle-du-colonel-mamadi-doumbouya\/#breadcrumb\",\"itemListElement\":[{\"@type\":\"ListItem\",\"position\":1,\"name\":\"Accueil\",\"item\":\"https:\/\/guineediversite.com\/\"},{\"@type\":\"ListItem\",\"position\":2,\"name\":\"Le nouveau chef du palais de la colombe parle du colonel Mamadi Doumbouya\"}]},{\"@type\":\"WebSite\",\"@id\":\"https:\/\/guineediversite.com\/#website\",\"url\":\"https:\/\/guineediversite.com\/\",\"name\":\"Guin\u00e9e Diversit\u00e9\",\"description\":\"L&#039;Info dans toute sa diversit\u00e9\",\"publisher\":{\"@id\":\"https:\/\/guineediversite.com\/#organization\"},\"potentialAction\":[{\"@type\":\"SearchAction\",\"target\":{\"@type\":\"EntryPoint\",\"urlTemplate\":\"https:\/\/guineediversite.com\/?s={search_term_string}\"},\"query-input\":{\"@type\":\"PropertyValueSpecification\",\"valueRequired\":true,\"valueName\":\"search_term_string\"}}],\"inLanguage\":\"fr-FR\"},{\"@type\":\"Organization\",\"@id\":\"https:\/\/guineediversite.com\/#organization\",\"name\":\"Guin\u00e9e Diversit\u00e9\",\"url\":\"https:\/\/guineediversite.com\/\",\"logo\":{\"@type\":\"ImageObject\",\"inLanguage\":\"fr-FR\",\"@id\":\"https:\/\/guineediversite.com\/#\/schema\/logo\/image\/\",\"url\":\"https:\/\/guineediversite.com\/wp-content\/uploads\/2017\/04\/cropped-1jojlxEOMkX9Wyqfhe43D6kjPOGqBBKmx3EwWJqZ0cMrFF54yM49.png\",\"contentUrl\":\"https:\/\/guineediversite.com\/wp-content\/uploads\/2017\/04\/cropped-1jojlxEOMkX9Wyqfhe43D6kjPOGqBBKmx3EwWJqZ0cMrFF54yM49.png\",\"width\":186,\"height\":112,\"caption\":\"Guin\u00e9e Diversit\u00e9\"},\"image\":{\"@id\":\"https:\/\/guineediversite.com\/#\/schema\/logo\/image\/\"},\"sameAs\":[\"https:\/\/www.facebook.com\/guineediversite\/\",\"https:\/\/x.com\/GuineeDiversite\",\"https:\/\/www.youtube.com\/channel\/UC8sUY16qelG5ge6_D5SB83g\"]},{\"@type\":\"Person\",\"@id\":\"https:\/\/guineediversite.com\/#\/schema\/person\/fa362494c47202ce4b3adf55abcc9d01\",\"name\":\"Morcire Camara\",\"image\":{\"@type\":\"ImageObject\",\"inLanguage\":\"fr-FR\",\"@id\":\"https:\/\/guineediversite.com\/#\/schema\/person\/image\/\",\"url\":\"https:\/\/secure.gravatar.com\/avatar\/3ec324f02295bbcebe03d99b39330ab4?s=96&d=mm&r=g\",\"contentUrl\":\"https:\/\/secure.gravatar.com\/avatar\/3ec324f02295bbcebe03d99b39330ab4?s=96&d=mm&r=g\",\"caption\":\"Morcire Camara\"},\"url\":\"https:\/\/guineediversite.com\/index.php\/author\/morcire\/\"}]}<\/script>\n<!-- \/ Yoast SEO plugin. -->","yoast_head_json":{"title":"Le nouveau chef du palais de la colombe parle du colonel Mamadi Doumbouya | Guin\u00e9e Diversit\u00e9","robots":{"index":"index","follow":"follow","max-snippet":"max-snippet:-1","max-image-preview":"max-image-preview:large","max-video-preview":"max-video-preview:-1"},"canonical":"https:\/\/guineediversite.com\/index.php\/2021\/10\/07\/le-nouveau-chef-du-palais-de-la-colombe-parle-du-colonel-mamadi-doumbouya\/","og_locale":"fr_FR","og_type":"article","og_title":"Le nouveau chef du palais de la colombe parle du colonel Mamadi Doumbouya | Guin\u00e9e Diversit\u00e9","og_description":"Quelques heures apr\u00e8s sa nomination au poste de Premier ministre de la transition, chef du gouvernement, le nouveau chef du palais de la colombe s\u2019est exprim\u00e9 mercredi chez nos de FIM FM au lendemain de sa nomination par le pr\u00e9sident de la transition Mamadi Doumbouya. Mohamed B\u00e9avogui a lors de cette interview \u00e9voqu\u00e9 sa d\u00e9termination [&hellip;]","og_url":"https:\/\/guineediversite.com\/index.php\/2021\/10\/07\/le-nouveau-chef-du-palais-de-la-colombe-parle-du-colonel-mamadi-doumbouya\/","og_site_name":"Guin\u00e9e Diversit\u00e9","article_publisher":"https:\/\/www.facebook.com\/guineediversite\/","article_published_time":"2021-10-07T11:48:12+00:00","og_image":[{"width":1300,"height":780,"url":"https:\/\/guineediversite.com\/wp-content\/uploads\/2021\/10\/WhatsApp-Image-2021-10-07-at-11.31.06-1.jpeg","type":"image\/jpeg"}],"author":"Morcire Camara","twitter_card":"summary_large_image","twitter_creator":"@GuineeDiversite","twitter_site":"@GuineeDiversite","twitter_misc":{"\u00c9crit par":"Morcire Camara","Dur\u00e9e de lecture estim\u00e9e":"1 minute"},"schema":{"@context":"https:\/\/schema.org","@graph":[{"@type":"Article","@id":"https:\/\/guineediversite.com\/index.php\/2021\/10\/07\/le-nouveau-chef-du-palais-de-la-colombe-parle-du-colonel-mamadi-doumbouya\/#article","isPartOf":{"@id":"https:\/\/guineediversite.com\/index.php\/2021\/10\/07\/le-nouveau-chef-du-palais-de-la-colombe-parle-du-colonel-mamadi-doumbouya\/"},"author":{"name":"Morcire Camara","@id":"https:\/\/guineediversite.com\/#\/schema\/person\/fa362494c47202ce4b3adf55abcc9d01"},"headline":"Le nouveau chef du palais de la colombe parle du colonel Mamadi Doumbouya","datePublished":"2021-10-07T11:48:12+00:00","dateModified":"2021-10-07T11:48:12+00:00","mainEntityOfPage":{"@id":"https:\/\/guineediversite.com\/index.php\/2021\/10\/07\/le-nouveau-chef-du-palais-de-la-colombe-parle-du-colonel-mamadi-doumbouya\/"},"wordCount":279,"publisher":{"@id":"https:\/\/guineediversite.com\/#organization"},"image":{"@id":"https:\/\/guineediversite.com\/index.php\/2021\/10\/07\/le-nouveau-chef-du-palais-de-la-colombe-parle-du-colonel-mamadi-doumbouya\/#primaryimage"},"thumbnailUrl":"https:\/\/guineediversite.com\/wp-content\/uploads\/2021\/10\/WhatsApp-Image-2021-10-07-at-11.31.06-1.jpeg","articleSection":["Politique"],"inLanguage":"fr-FR"},{"@type":"WebPage","@id":"https:\/\/guineediversite.com\/index.php\/2021\/10\/07\/le-nouveau-chef-du-palais-de-la-colombe-parle-du-colonel-mamadi-doumbouya\/","url":"https:\/\/guineediversite.com\/index.php\/2021\/10\/07\/le-nouveau-chef-du-palais-de-la-colombe-parle-du-colonel-mamadi-doumbouya\/","name":"Le nouveau chef du palais de la colombe parle du colonel Mamadi Doumbouya | Guin\u00e9e Diversit\u00e9","isPartOf":{"@id":"https:\/\/guineediversite.com\/#website"},"primaryImageOfPage":{"@id":"https:\/\/guineediversite.com\/index.php\/2021\/10\/07\/le-nouveau-chef-du-palais-de-la-colombe-parle-du-colonel-mamadi-doumbouya\/#primaryimage"},"image":{"@id":"https:\/\/guineediversite.com\/index.php\/2021\/10\/07\/le-nouveau-chef-du-palais-de-la-colombe-parle-du-colonel-mamadi-doumbouya\/#primaryimage"},"thumbnailUrl":"https:\/\/guineediversite.com\/wp-content\/uploads\/2021\/10\/WhatsApp-Image-2021-10-07-at-11.31.06-1.jpeg","datePublished":"2021-10-07T11:48:12+00:00","dateModified":"2021-10-07T11:48:12+00:00","breadcrumb":{"@id":"https:\/\/guineediversite.com\/index.php\/2021\/10\/07\/le-nouveau-chef-du-palais-de-la-colombe-parle-du-colonel-mamadi-doumbouya\/#breadcrumb"},"inLanguage":"fr-FR","potentialAction":[{"@type":"ReadAction","target":["https:\/\/guineediversite.com\/index.php\/2021\/10\/07\/le-nouveau-chef-du-palais-de-la-colombe-parle-du-colonel-mamadi-doumbouya\/"]}]},{"@type":"ImageObject","inLanguage":"fr-FR","@id":"https:\/\/guineediversite.com\/index.php\/2021\/10\/07\/le-nouveau-chef-du-palais-de-la-colombe-parle-du-colonel-mamadi-doumbouya\/#primaryimage","url":"https:\/\/guineediversite.com\/wp-content\/uploads\/2021\/10\/WhatsApp-Image-2021-10-07-at-11.31.06-1.jpeg","contentUrl":"https:\/\/guineediversite.com\/wp-content\/uploads\/2021\/10\/WhatsApp-Image-2021-10-07-at-11.31.06-1.jpeg","width":1300,"height":780},{"@type":"BreadcrumbList","@id":"https:\/\/guineediversite.com\/index.php\/2021\/10\/07\/le-nouveau-chef-du-palais-de-la-colombe-parle-du-colonel-mamadi-doumbouya\/#breadcrumb","itemListElement":[{"@type":"ListItem","position":1,"name":"Accueil","item":"https:\/\/guineediversite.com\/"},{"@type":"ListItem","position":2,"name":"Le nouveau chef du palais de la colombe parle du colonel Mamadi Doumbouya"}]},{"@type":"WebSite","@id":"https:\/\/guineediversite.com\/#website","url":"https:\/\/guineediversite.com\/","name":"Guin\u00e9e Diversit\u00e9","description":"L&#039;Info dans toute sa diversit\u00e9","publisher":{"@id":"https:\/\/guineediversite.com\/#organization"},"potentialAction":[{"@type":"SearchAction","target":{"@type":"EntryPoint","urlTemplate":"https:\/\/guineediversite.com\/?s={search_term_string}"},"query-input":{"@type":"PropertyValueSpecification","valueRequired":true,"valueName":"search_term_string"}}],"inLanguage":"fr-FR"},{"@type":"Organization","@id":"https:\/\/guineediversite.com\/#organization","name":"Guin\u00e9e Diversit\u00e9","url":"https:\/\/guineediversite.com\/","logo":{"@type":"ImageObject","inLanguage":"fr-FR","@id":"https:\/\/guineediversite.com\/#\/schema\/logo\/image\/","url":"https:\/\/guineediversite.com\/wp-content\/uploads\/2017\/04\/cropped-1jojlxEOMkX9Wyqfhe43D6kjPOGqBBKmx3EwWJqZ0cMrFF54yM49.png","contentUrl":"https:\/\/guineediversite.com\/wp-content\/uploads\/2017\/04\/cropped-1jojlxEOMkX9Wyqfhe43D6kjPOGqBBKmx3EwWJqZ0cMrFF54yM49.png","width":186,"height":112,"caption":"Guin\u00e9e Diversit\u00e9"},"image":{"@id":"https:\/\/guineediversite.com\/#\/schema\/logo\/image\/"},"sameAs":["https:\/\/www.facebook.com\/guineediversite\/","https:\/\/x.com\/GuineeDiversite","https:\/\/www.youtube.com\/channel\/UC8sUY16qelG5ge6_D5SB83g"]},{"@type":"Person","@id":"https:\/\/guineediversite.com\/#\/schema\/person\/fa362494c47202ce4b3adf55abcc9d01","name":"Morcire Camara","image":{"@type":"ImageObject","inLanguage":"fr-FR","@id":"https:\/\/guineediversite.com\/#\/schema\/person\/image\/","url":"https:\/\/secure.gravatar.com\/avatar\/3ec324f02295bbcebe03d99b39330ab4?s=96&d=mm&r=g","contentUrl":"https:\/\/secure.gravatar.com\/avatar\/3ec324f02295bbcebe03d99b39330ab4?s=96&d=mm&r=g","caption":"Morcire Camara"},"url":"https:\/\/guineediversite.com\/index.php\/author\/morcire\/"}]}},"_links":{"self":[{"href":"https:\/\/guineediversite.com\/index.php\/wp-json\/wp\/v2\/posts\/31685"}],"collection":[{"href":"https:\/\/guineediversite.com\/index.php\/wp-json\/wp\/v2\/posts"}],"about":[{"href":"https:\/\/guineediversite.com\/index.php\/wp-json\/wp\/v2\/types\/post"}],"author":[{"embeddable":true,"href":"https:\/\/guineediversite.com\/index.php\/wp-json\/wp\/v2\/users\/10"}],"replies":[{"embeddable":true,"href":"https:\/\/guineediversite.com\/index.php\/wp-json\/wp\/v2\/comments?post=31685"}],"version-history":[{"count":1,"href":"https:\/\/guineediversite.com\/index.php\/wp-json\/wp\/v2\/posts\/31685\/revisions"}],"predecessor-version":[{"id":31687,"href":"https:\/\/guineediversite.com\/index.php\/wp-json\/wp\/v2\/posts\/31685\/revisions\/31687"}],"wp:featuredmedia":[{"embeddable":true,"href":"https:\/\/guineediversite.com\/index.php\/wp-json\/wp\/v2\/media\/31686"}],"wp:attachment":[{"href":"https:\/\/guineediversite.com\/index.php\/wp-json\/wp\/v2\/media?parent=31685"}],"wp:term":[{"taxonomy":"category","embeddable":true,"href":"https:\/\/guineediversite.com\/index.php\/wp-json\/wp\/v2\/categories?post=31685"},{"taxonomy":"post_tag","embeddable":true,"href":"https:\/\/guineediversite.com\/index.php\/wp-json\/wp\/v2\/tags?post=31685"}],"curies":[{"name":"wp","href":"https:\/\/api.w.org\/{rel}","templated":true}]}}