{"id":31679,"date":"2021-10-06T23:33:54","date_gmt":"2021-10-06T21:33:54","guid":{"rendered":"https:\/\/guineediversite.com\/?p=31679"},"modified":"2021-10-06T23:33:54","modified_gmt":"2021-10-06T21:33:54","slug":"transition-en-guinee-mohamed-beavogui-nomme-premier-ministre","status":"publish","type":"post","link":"https:\/\/guineediversite.com\/index.php\/2021\/10\/06\/transition-en-guinee-mohamed-beavogui-nomme-premier-ministre\/","title":{"rendered":"Transition en Guin\u00e9e : Mohamed Beavogui nomm\u00e9 Premier ministre"},"content":{"rendered":"<p>Le chef de l\u2019\u00c9tat a dans un d\u00e9cret lu sur les ondes de m\u00e9dias d\u2019\u00c9tat ce mercredi 06 octobre, nomm\u00e9 Monsieur Mohamed Beavogui ancien sous secr\u00e9taire des Nations Unies au poste de premier ministre de la transition en Guin\u00e9e.<\/p>\n","protected":false},"excerpt":{"rendered":"<p>Le chef de l\u2019\u00c9tat a dans un d\u00e9cret lu sur les ondes de m\u00e9dias d\u2019\u00c9tat ce mercredi 06 octobre, nomm\u00e9 Monsieur Mohamed Beavogui ancien sous secr\u00e9taire des Nations Unies au poste de premier ministre de la transition en Guin\u00e9e.<\/p>\n","protected":false},"author":10,"featured_media":31611,"comment_status":"closed","ping_status":"open","sticky":false,"template":"","format":"standard","meta":{"_exactmetrics_skip_tracking":false,"_exactmetrics_sitenote_active":false,"_exactmetrics_sitenote_note":"","_exactmetrics_sitenote_category":0,"tdm_status":"","tdm_grid_status":"","footnotes":""},"categories":[254,14],"tags":[],"class_list":{"0":"post-31679","1":"post","2":"type-post","3":"status-publish","4":"format-standard","5":"has-post-thumbnail","7":"category-derniere-minute","8":"category-politique"},"yoast_head":"<!-- This site is optimized with the Yoast SEO plugin v24.2 - https:\/\/yoast.com\/wordpress\/plugins\/seo\/ -->\n<title>Transition en Guin\u00e9e : Mohamed Beavogui nomm\u00e9 Premier ministre | Guin\u00e9e Diversit\u00e9<\/title>\n<meta name=\"robots\" content=\"index, follow, max-snippet:-1, max-image-preview:large, max-video-preview:-1\" \/>\n<link rel=\"canonical\" href=\"https:\/\/guineediversite.com\/index.php\/2021\/10\/06\/transition-en-guinee-mohamed-beavogui-nomme-premier-ministre\/\" \/>\n<meta property=\"og:locale\" content=\"fr_FR\" \/>\n<meta property=\"og:type\" content=\"article\" \/>\n<meta property=\"og:title\" content=\"Transition en Guin\u00e9e : Mohamed Beavogui nomm\u00e9 Premier ministre | Guin\u00e9e Diversit\u00e9\" \/>\n<meta property=\"og:description\" content=\"Le chef de l\u2019\u00c9tat a dans un d\u00e9cret lu sur les ondes de m\u00e9dias d\u2019\u00c9tat ce mercredi 06 octobre, nomm\u00e9 Monsieur Mohamed Beavogui ancien sous secr\u00e9taire des Nations Unies au poste de premier ministre de la transition en Guin\u00e9e.\" \/>\n<meta property=\"og:url\" content=\"https:\/\/guineediversite.com\/index.php\/2021\/10\/06\/transition-en-guinee-mohamed-beavogui-nomme-premier-ministre\/\" \/>\n<meta property=\"og:site_name\" content=\"Guin\u00e9e Diversit\u00e9\" \/>\n<meta property=\"article:publisher\" content=\"https:\/\/www.facebook.com\/guineediversite\/\" \/>\n<meta property=\"article:published_time\" content=\"2021-10-06T21:33:54+00:00\" \/>\n<meta property=\"og:image\" content=\"https:\/\/guineediversite.com\/wp-content\/uploads\/2021\/09\/CNRD-4.jpg\" \/>\n\t<meta property=\"og:image:width\" content=\"1500\" \/>\n\t<meta property=\"og:image:height\" content=\"900\" \/>\n\t<meta property=\"og:image:type\" content=\"image\/jpeg\" \/>\n<meta name=\"author\" content=\"Morcire Camara\" \/>\n<meta name=\"twitter:card\" content=\"summary_large_image\" \/>\n<meta name=\"twitter:creator\" content=\"@GuineeDiversite\" \/>\n<meta name=\"twitter:site\" content=\"@GuineeDiversite\" \/>\n<meta name=\"twitter:label1\" content=\"\u00c9crit par\" \/>\n\t<meta name=\"twitter:data1\" content=\"Morcire Camara\" \/>\n<script type=\"application\/ld+json\" class=\"yoast-schema-graph\">{\"@context\":\"https:\/\/schema.org\",\"@graph\":[{\"@type\":\"Article\",\"@id\":\"https:\/\/guineediversite.com\/index.php\/2021\/10\/06\/transition-en-guinee-mohamed-beavogui-nomme-premier-ministre\/#article\",\"isPartOf\":{\"@id\":\"https:\/\/guineediversite.com\/index.php\/2021\/10\/06\/transition-en-guinee-mohamed-beavogui-nomme-premier-ministre\/\"},\"author\":{\"name\":\"Morcire Camara\",\"@id\":\"https:\/\/guineediversite.com\/#\/schema\/person\/fa362494c47202ce4b3adf55abcc9d01\"},\"headline\":\"Transition en Guin\u00e9e : Mohamed Beavogui nomm\u00e9 Premier ministre\",\"datePublished\":\"2021-10-06T21:33:54+00:00\",\"dateModified\":\"2021-10-06T21:33:54+00:00\",\"mainEntityOfPage\":{\"@id\":\"https:\/\/guineediversite.com\/index.php\/2021\/10\/06\/transition-en-guinee-mohamed-beavogui-nomme-premier-ministre\/\"},\"wordCount\":53,\"publisher\":{\"@id\":\"https:\/\/guineediversite.com\/#organization\"},\"image\":{\"@id\":\"https:\/\/guineediversite.com\/index.php\/2021\/10\/06\/transition-en-guinee-mohamed-beavogui-nomme-premier-ministre\/#primaryimage\"},\"thumbnailUrl\":\"https:\/\/guineediversite.com\/wp-content\/uploads\/2021\/09\/CNRD-4.jpg\",\"articleSection\":[\"Derni\u00e8re minute\",\"Politique\"],\"inLanguage\":\"fr-FR\"},{\"@type\":\"WebPage\",\"@id\":\"https:\/\/guineediversite.com\/index.php\/2021\/10\/06\/transition-en-guinee-mohamed-beavogui-nomme-premier-ministre\/\",\"url\":\"https:\/\/guineediversite.com\/index.php\/2021\/10\/06\/transition-en-guinee-mohamed-beavogui-nomme-premier-ministre\/\",\"name\":\"Transition en Guin\u00e9e : Mohamed Beavogui nomm\u00e9 Premier ministre | Guin\u00e9e Diversit\u00e9\",\"isPartOf\":{\"@id\":\"https:\/\/guineediversite.com\/#website\"},\"primaryImageOfPage\":{\"@id\":\"https:\/\/guineediversite.com\/index.php\/2021\/10\/06\/transition-en-guinee-mohamed-beavogui-nomme-premier-ministre\/#primaryimage\"},\"image\":{\"@id\":\"https:\/\/guineediversite.com\/index.php\/2021\/10\/06\/transition-en-guinee-mohamed-beavogui-nomme-premier-ministre\/#primaryimage\"},\"thumbnailUrl\":\"https:\/\/guineediversite.com\/wp-content\/uploads\/2021\/09\/CNRD-4.jpg\",\"datePublished\":\"2021-10-06T21:33:54+00:00\",\"dateModified\":\"2021-10-06T21:33:54+00:00\",\"breadcrumb\":{\"@id\":\"https:\/\/guineediversite.com\/index.php\/2021\/10\/06\/transition-en-guinee-mohamed-beavogui-nomme-premier-ministre\/#breadcrumb\"},\"inLanguage\":\"fr-FR\",\"potentialAction\":[{\"@type\":\"ReadAction\",\"target\":[\"https:\/\/guineediversite.com\/index.php\/2021\/10\/06\/transition-en-guinee-mohamed-beavogui-nomme-premier-ministre\/\"]}]},{\"@type\":\"ImageObject\",\"inLanguage\":\"fr-FR\",\"@id\":\"https:\/\/guineediversite.com\/index.php\/2021\/10\/06\/transition-en-guinee-mohamed-beavogui-nomme-premier-ministre\/#primaryimage\",\"url\":\"https:\/\/guineediversite.com\/wp-content\/uploads\/2021\/09\/CNRD-4.jpg\",\"contentUrl\":\"https:\/\/guineediversite.com\/wp-content\/uploads\/2021\/09\/CNRD-4.jpg\",\"width\":1500,\"height\":900},{\"@type\":\"BreadcrumbList\",\"@id\":\"https:\/\/guineediversite.com\/index.php\/2021\/10\/06\/transition-en-guinee-mohamed-beavogui-nomme-premier-ministre\/#breadcrumb\",\"itemListElement\":[{\"@type\":\"ListItem\",\"position\":1,\"name\":\"Accueil\",\"item\":\"https:\/\/guineediversite.com\/\"},{\"@type\":\"ListItem\",\"position\":2,\"name\":\"Transition en Guin\u00e9e : Mohamed Beavogui nomm\u00e9 Premier ministre\"}]},{\"@type\":\"WebSite\",\"@id\":\"https:\/\/guineediversite.com\/#website\",\"url\":\"https:\/\/guineediversite.com\/\",\"name\":\"Guin\u00e9e Diversit\u00e9\",\"description\":\"L&#039;Info dans toute sa diversit\u00e9\",\"publisher\":{\"@id\":\"https:\/\/guineediversite.com\/#organization\"},\"potentialAction\":[{\"@type\":\"SearchAction\",\"target\":{\"@type\":\"EntryPoint\",\"urlTemplate\":\"https:\/\/guineediversite.com\/?s={search_term_string}\"},\"query-input\":{\"@type\":\"PropertyValueSpecification\",\"valueRequired\":true,\"valueName\":\"search_term_string\"}}],\"inLanguage\":\"fr-FR\"},{\"@type\":\"Organization\",\"@id\":\"https:\/\/guineediversite.com\/#organization\",\"name\":\"Guin\u00e9e Diversit\u00e9\",\"url\":\"https:\/\/guineediversite.com\/\",\"logo\":{\"@type\":\"ImageObject\",\"inLanguage\":\"fr-FR\",\"@id\":\"https:\/\/guineediversite.com\/#\/schema\/logo\/image\/\",\"url\":\"https:\/\/guineediversite.com\/wp-content\/uploads\/2017\/04\/cropped-1jojlxEOMkX9Wyqfhe43D6kjPOGqBBKmx3EwWJqZ0cMrFF54yM49.png\",\"contentUrl\":\"https:\/\/guineediversite.com\/wp-content\/uploads\/2017\/04\/cropped-1jojlxEOMkX9Wyqfhe43D6kjPOGqBBKmx3EwWJqZ0cMrFF54yM49.png\",\"width\":186,\"height\":112,\"caption\":\"Guin\u00e9e Diversit\u00e9\"},\"image\":{\"@id\":\"https:\/\/guineediversite.com\/#\/schema\/logo\/image\/\"},\"sameAs\":[\"https:\/\/www.facebook.com\/guineediversite\/\",\"https:\/\/x.com\/GuineeDiversite\",\"https:\/\/www.youtube.com\/channel\/UC8sUY16qelG5ge6_D5SB83g\"]},{\"@type\":\"Person\",\"@id\":\"https:\/\/guineediversite.com\/#\/schema\/person\/fa362494c47202ce4b3adf55abcc9d01\",\"name\":\"Morcire Camara\",\"image\":{\"@type\":\"ImageObject\",\"inLanguage\":\"fr-FR\",\"@id\":\"https:\/\/guineediversite.com\/#\/schema\/person\/image\/\",\"url\":\"https:\/\/secure.gravatar.com\/avatar\/3ec324f02295bbcebe03d99b39330ab4?s=96&d=mm&r=g\",\"contentUrl\":\"https:\/\/secure.gravatar.com\/avatar\/3ec324f02295bbcebe03d99b39330ab4?s=96&d=mm&r=g\",\"caption\":\"Morcire Camara\"},\"url\":\"https:\/\/guineediversite.com\/index.php\/author\/morcire\/\"}]}<\/script>\n<!-- \/ Yoast SEO plugin. -->","yoast_head_json":{"title":"Transition en Guin\u00e9e : Mohamed Beavogui nomm\u00e9 Premier ministre | Guin\u00e9e Diversit\u00e9","robots":{"index":"index","follow":"follow","max-snippet":"max-snippet:-1","max-image-preview":"max-image-preview:large","max-video-preview":"max-video-preview:-1"},"canonical":"https:\/\/guineediversite.com\/index.php\/2021\/10\/06\/transition-en-guinee-mohamed-beavogui-nomme-premier-ministre\/","og_locale":"fr_FR","og_type":"article","og_title":"Transition en Guin\u00e9e : Mohamed Beavogui nomm\u00e9 Premier ministre | Guin\u00e9e Diversit\u00e9","og_description":"Le chef de l\u2019\u00c9tat a dans un d\u00e9cret lu sur les ondes de m\u00e9dias d\u2019\u00c9tat ce mercredi 06 octobre, nomm\u00e9 Monsieur Mohamed Beavogui ancien sous secr\u00e9taire des Nations Unies au poste de premier ministre de la transition en Guin\u00e9e.","og_url":"https:\/\/guineediversite.com\/index.php\/2021\/10\/06\/transition-en-guinee-mohamed-beavogui-nomme-premier-ministre\/","og_site_name":"Guin\u00e9e Diversit\u00e9","article_publisher":"https:\/\/www.facebook.com\/guineediversite\/","article_published_time":"2021-10-06T21:33:54+00:00","og_image":[{"width":1500,"height":900,"url":"https:\/\/guineediversite.com\/wp-content\/uploads\/2021\/09\/CNRD-4.jpg","type":"image\/jpeg"}],"author":"Morcire Camara","twitter_card":"summary_large_image","twitter_creator":"@GuineeDiversite","twitter_site":"@GuineeDiversite","twitter_misc":{"\u00c9crit par":"Morcire Camara"},"schema":{"@context":"https:\/\/schema.org","@graph":[{"@type":"Article","@id":"https:\/\/guineediversite.com\/index.php\/2021\/10\/06\/transition-en-guinee-mohamed-beavogui-nomme-premier-ministre\/#article","isPartOf":{"@id":"https:\/\/guineediversite.com\/index.php\/2021\/10\/06\/transition-en-guinee-mohamed-beavogui-nomme-premier-ministre\/"},"author":{"name":"Morcire Camara","@id":"https:\/\/guineediversite.com\/#\/schema\/person\/fa362494c47202ce4b3adf55abcc9d01"},"headline":"Transition en Guin\u00e9e : Mohamed Beavogui nomm\u00e9 Premier ministre","datePublished":"2021-10-06T21:33:54+00:00","dateModified":"2021-10-06T21:33:54+00:00","mainEntityOfPage":{"@id":"https:\/\/guineediversite.com\/index.php\/2021\/10\/06\/transition-en-guinee-mohamed-beavogui-nomme-premier-ministre\/"},"wordCount":53,"publisher":{"@id":"https:\/\/guineediversite.com\/#organization"},"image":{"@id":"https:\/\/guineediversite.com\/index.php\/2021\/10\/06\/transition-en-guinee-mohamed-beavogui-nomme-premier-ministre\/#primaryimage"},"thumbnailUrl":"https:\/\/guineediversite.com\/wp-content\/uploads\/2021\/09\/CNRD-4.jpg","articleSection":["Derni\u00e8re minute","Politique"],"inLanguage":"fr-FR"},{"@type":"WebPage","@id":"https:\/\/guineediversite.com\/index.php\/2021\/10\/06\/transition-en-guinee-mohamed-beavogui-nomme-premier-ministre\/","url":"https:\/\/guineediversite.com\/index.php\/2021\/10\/06\/transition-en-guinee-mohamed-beavogui-nomme-premier-ministre\/","name":"Transition en Guin\u00e9e : Mohamed Beavogui nomm\u00e9 Premier ministre | Guin\u00e9e Diversit\u00e9","isPartOf":{"@id":"https:\/\/guineediversite.com\/#website"},"primaryImageOfPage":{"@id":"https:\/\/guineediversite.com\/index.php\/2021\/10\/06\/transition-en-guinee-mohamed-beavogui-nomme-premier-ministre\/#primaryimage"},"image":{"@id":"https:\/\/guineediversite.com\/index.php\/2021\/10\/06\/transition-en-guinee-mohamed-beavogui-nomme-premier-ministre\/#primaryimage"},"thumbnailUrl":"https:\/\/guineediversite.com\/wp-content\/uploads\/2021\/09\/CNRD-4.jpg","datePublished":"2021-10-06T21:33:54+00:00","dateModified":"2021-10-06T21:33:54+00:00","breadcrumb":{"@id":"https:\/\/guineediversite.com\/index.php\/2021\/10\/06\/transition-en-guinee-mohamed-beavogui-nomme-premier-ministre\/#breadcrumb"},"inLanguage":"fr-FR","potentialAction":[{"@type":"ReadAction","target":["https:\/\/guineediversite.com\/index.php\/2021\/10\/06\/transition-en-guinee-mohamed-beavogui-nomme-premier-ministre\/"]}]},{"@type":"ImageObject","inLanguage":"fr-FR","@id":"https:\/\/guineediversite.com\/index.php\/2021\/10\/06\/transition-en-guinee-mohamed-beavogui-nomme-premier-ministre\/#primaryimage","url":"https:\/\/guineediversite.com\/wp-content\/uploads\/2021\/09\/CNRD-4.jpg","contentUrl":"https:\/\/guineediversite.com\/wp-content\/uploads\/2021\/09\/CNRD-4.jpg","width":1500,"height":900},{"@type":"BreadcrumbList","@id":"https:\/\/guineediversite.com\/index.php\/2021\/10\/06\/transition-en-guinee-mohamed-beavogui-nomme-premier-ministre\/#breadcrumb","itemListElement":[{"@type":"ListItem","position":1,"name":"Accueil","item":"https:\/\/guineediversite.com\/"},{"@type":"ListItem","position":2,"name":"Transition en Guin\u00e9e : Mohamed Beavogui nomm\u00e9 Premier ministre"}]},{"@type":"WebSite","@id":"https:\/\/guineediversite.com\/#website","url":"https:\/\/guineediversite.com\/","name":"Guin\u00e9e Diversit\u00e9","description":"L&#039;Info dans toute sa diversit\u00e9","publisher":{"@id":"https:\/\/guineediversite.com\/#organization"},"potentialAction":[{"@type":"SearchAction","target":{"@type":"EntryPoint","urlTemplate":"https:\/\/guineediversite.com\/?s={search_term_string}"},"query-input":{"@type":"PropertyValueSpecification","valueRequired":true,"valueName":"search_term_string"}}],"inLanguage":"fr-FR"},{"@type":"Organization","@id":"https:\/\/guineediversite.com\/#organization","name":"Guin\u00e9e Diversit\u00e9","url":"https:\/\/guineediversite.com\/","logo":{"@type":"ImageObject","inLanguage":"fr-FR","@id":"https:\/\/guineediversite.com\/#\/schema\/logo\/image\/","url":"https:\/\/guineediversite.com\/wp-content\/uploads\/2017\/04\/cropped-1jojlxEOMkX9Wyqfhe43D6kjPOGqBBKmx3EwWJqZ0cMrFF54yM49.png","contentUrl":"https:\/\/guineediversite.com\/wp-content\/uploads\/2017\/04\/cropped-1jojlxEOMkX9Wyqfhe43D6kjPOGqBBKmx3EwWJqZ0cMrFF54yM49.png","width":186,"height":112,"caption":"Guin\u00e9e Diversit\u00e9"},"image":{"@id":"https:\/\/guineediversite.com\/#\/schema\/logo\/image\/"},"sameAs":["https:\/\/www.facebook.com\/guineediversite\/","https:\/\/x.com\/GuineeDiversite","https:\/\/www.youtube.com\/channel\/UC8sUY16qelG5ge6_D5SB83g"]},{"@type":"Person","@id":"https:\/\/guineediversite.com\/#\/schema\/person\/fa362494c47202ce4b3adf55abcc9d01","name":"Morcire Camara","image":{"@type":"ImageObject","inLanguage":"fr-FR","@id":"https:\/\/guineediversite.com\/#\/schema\/person\/image\/","url":"https:\/\/secure.gravatar.com\/avatar\/3ec324f02295bbcebe03d99b39330ab4?s=96&d=mm&r=g","contentUrl":"https:\/\/secure.gravatar.com\/avatar\/3ec324f02295bbcebe03d99b39330ab4?s=96&d=mm&r=g","caption":"Morcire Camara"},"url":"https:\/\/guineediversite.com\/index.php\/author\/morcire\/"}]}},"_links":{"self":[{"href":"https:\/\/guineediversite.com\/index.php\/wp-json\/wp\/v2\/posts\/31679"}],"collection":[{"href":"https:\/\/guineediversite.com\/index.php\/wp-json\/wp\/v2\/posts"}],"about":[{"href":"https:\/\/guineediversite.com\/index.php\/wp-json\/wp\/v2\/types\/post"}],"author":[{"embeddable":true,"href":"https:\/\/guineediversite.com\/index.php\/wp-json\/wp\/v2\/users\/10"}],"replies":[{"embeddable":true,"href":"https:\/\/guineediversite.com\/index.php\/wp-json\/wp\/v2\/comments?post=31679"}],"version-history":[{"count":1,"href":"https:\/\/guineediversite.com\/index.php\/wp-json\/wp\/v2\/posts\/31679\/revisions"}],"predecessor-version":[{"id":31680,"href":"https:\/\/guineediversite.com\/index.php\/wp-json\/wp\/v2\/posts\/31679\/revisions\/31680"}],"wp:featuredmedia":[{"embeddable":true,"href":"https:\/\/guineediversite.com\/index.php\/wp-json\/wp\/v2\/media\/31611"}],"wp:attachment":[{"href":"https:\/\/guineediversite.com\/index.php\/wp-json\/wp\/v2\/media?parent=31679"}],"wp:term":[{"taxonomy":"category","embeddable":true,"href":"https:\/\/guineediversite.com\/index.php\/wp-json\/wp\/v2\/categories?post=31679"},{"taxonomy":"post_tag","embeddable":true,"href":"https:\/\/guineediversite.com\/index.php\/wp-json\/wp\/v2\/tags?post=31679"}],"curies":[{"name":"wp","href":"https:\/\/api.w.org\/{rel}","templated":true}]}}