{"id":31633,"date":"2021-09-30T20:01:33","date_gmt":"2021-09-30T18:01:33","guid":{"rendered":"https:\/\/guineediversite.com\/?p=31633"},"modified":"2021-09-30T20:01:33","modified_gmt":"2021-09-30T18:01:33","slug":"dakar-cherif-mohamed-abdallah-haidara-president-du-goha-sest-exprime-sur-la-reouverture-des-frontieres-guineennes-avec-le-senegal-et-la-guinee-bissau","status":"publish","type":"post","link":"https:\/\/guineediversite.com\/index.php\/2021\/09\/30\/dakar-cherif-mohamed-abdallah-haidara-president-du-goha-sest-exprime-sur-la-reouverture-des-frontieres-guineennes-avec-le-senegal-et-la-guinee-bissau\/","title":{"rendered":"Dakar:  Ch\u00e9rif Mohamed Abdallah Ha\u00efdara, pr\u00e9sident du GOHA s&rsquo;est exprim\u00e9 sur la r\u00e9ouverture des fronti\u00e8res guin\u00e9ennes avec le S\u00e9n\u00e9gal et la Guin\u00e9e Bissau"},"content":{"rendered":"<p>Le pr\u00e9sident du goha Ch\u00e9rif Mohamed Abdallah Ha\u00efdara a anim\u00e9 ce jeudi 30 septembre 2021, une conf\u00e9rence de presse \u00e0 la maison de presse du S\u00e9n\u00e9gal sur la situation g\u00e9n\u00e9rale de la Guin\u00e9e et la r\u00e9ouverture des fronti\u00e8res guin\u00e9ennes avec le S\u00e9n\u00e9gal et la Guin\u00e9e Bissau.<\/p>\n<p>Dans son introduction le pr\u00e9sident du goha Ch\u00e9rif Mohamed Abdallah Ha\u00efdara a remerci\u00e9 les autorit\u00e9s et le peuple S\u00e9n\u00e9galais pour leur hospitalit\u00e9 pendant la fermetures des fronti\u00e8res Guin\u00e9ennes impos\u00e9 par le dictateur Alpha Cond\u00e9 pour asphyxier les op\u00e9rateurs \u00e9conomiques les commer\u00e7ants et les transporteurs,un combat farouche dont le pr\u00e9sident du goha n&rsquo;a jamais baiss\u00e9 les bras pour d\u00e9fendre corps et \u00e2me les droits et int\u00e9r\u00eats des op\u00e9rateurs \u00e9conomiques et les commer\u00e7ants une lutte qui lui a valu la sympatie de tout le monde des jeunes chauffeurs de camions les commer\u00e7ants et les transporteurs bloqu\u00e9s \u00e0 la fronti\u00e8re en pleine brousse.<\/p>\n<p>Le pr\u00e9sident du goha a salu\u00e9 le coup d\u2019Etat militaire qu&rsquo;il qualifie d&rsquo;un coup de paix et non d&rsquo;un d\u2019Etat il a lanc\u00e9 un appel fort \u00e0 la Communaut\u00e9 Internationale de ne sanctionner Mr Mamady Doumbouya pr\u00e9sident du CNRD et son \u00e9quipe le Colonel Mamady Doumbouya a sauv\u00e9 les Guin\u00e9ens \u00e0 travers ce coup de paix la Guin\u00e9e retrouve de l&rsquo;espoir et aspire vivre dans l&rsquo;unit\u00e9 il faut soutenir Doumbouya dans cette optique il a pos\u00e9 des actes forts allant \u00e0 l&rsquo;apaisement et l&rsquo;unit\u00e9 nationale la lib\u00e9ration des prisonniers politiques la baisse du prix du carburant et la r\u00e9ouverture des fronti\u00e8res Guin\u00e9ennes avec le S\u00e9n\u00e9gal la Guin\u00e9e Bissau illustre parfaitement la bonne volont\u00e9 de rassembler tous les fils de la Guin\u00e9e.<\/p>\n<p>Le pr\u00e9sident du goha Ch\u00e9rif Mohamed Abdallah Ha\u00efdara se dit tr\u00e8s d\u00e9termin\u00e9 \u00e0 accompagner le colonel Doumbouya pr\u00e9sident du CNRD et de la r\u00e9publique de Guin\u00e9e \u00e0 r\u00e9ussir la transition pour cela il faut assurer la s\u00e9curit\u00e9 des op\u00e9rateurs \u00e9conomiques les commer\u00e7ants pour attirer les investisseurs.<\/p>\n<p>Pour le pr\u00e9sident du goha Ch\u00e9rif Mohamed Abdallah Ha\u00efdara: \u00a0\u00bb le S\u00e9n\u00e9gal est un pays fr\u00e8re et je serai d\u00e9sormais ambassadeur naturel entre la Guin\u00e9e et le S\u00e9n\u00e9gal avec la r\u00e9ouverture des fronti\u00e8res Guin\u00e9ennes avec le S\u00e9n\u00e9gal et la Guin\u00e9e Bissau\u00a0\u00bb, a-t-il lanc\u00e9.<\/p>\n<p>Depuis la fermeture des fronti\u00e8res Guin\u00e9ennes avec la crise sanitaire mondiale de covid-19 le pr\u00e9sident du goha Ch\u00e9rif Mohamed Abdallah Ha\u00efdara a beaucoup contribu\u00e9 \u00e0 apaiser le calvaire de la pand\u00e9mie du covid-19 en distribuant des kits sanitaire des masques et des vivres aux chauffeurs de camion et aux transporteurs ambassadeur naturel ne valait il pas mieux il a toujours pr\u00f4n\u00e9 l&rsquo;unit\u00e9 nationale action pour unir les Guin\u00e9ens pour gagner la bataille il a toujours conseill\u00e9 aux commer\u00e7ants et op\u00e9rateurs \u00e9conomiques de travailler la main dans la main seul dans l&rsquo;unit\u00e9 des c\u0153urs que la Guin\u00e9e pourra s&rsquo;\u00e9panouir<\/p>\n","protected":false},"excerpt":{"rendered":"<p>Le pr\u00e9sident du goha Ch\u00e9rif Mohamed Abdallah Ha\u00efdara a anim\u00e9 ce jeudi 30 septembre 2021, une conf\u00e9rence de presse \u00e0 la maison de presse du S\u00e9n\u00e9gal sur la situation g\u00e9n\u00e9rale de la Guin\u00e9e et la r\u00e9ouverture des fronti\u00e8res guin\u00e9ennes avec le S\u00e9n\u00e9gal et la Guin\u00e9e Bissau. Dans son introduction le pr\u00e9sident du goha Ch\u00e9rif Mohamed [&hellip;]<\/p>\n","protected":false},"author":10,"featured_media":31589,"comment_status":"closed","ping_status":"open","sticky":false,"template":"","format":"standard","meta":{"_exactmetrics_skip_tracking":false,"_exactmetrics_sitenote_active":false,"_exactmetrics_sitenote_note":"","_exactmetrics_sitenote_category":0,"tdm_status":"","tdm_grid_status":"","footnotes":""},"categories":[16],"tags":[],"class_list":{"0":"post-31633","1":"post","2":"type-post","3":"status-publish","4":"format-standard","5":"has-post-thumbnail","7":"category-societe"},"yoast_head":"<!-- This site is optimized with the Yoast SEO plugin v24.2 - https:\/\/yoast.com\/wordpress\/plugins\/seo\/ -->\n<title>Dakar: Ch\u00e9rif Mohamed Abdallah Ha\u00efdara, pr\u00e9sident du GOHA s&#039;est exprim\u00e9 sur la r\u00e9ouverture des fronti\u00e8res guin\u00e9ennes avec le S\u00e9n\u00e9gal et la Guin\u00e9e Bissau | Guin\u00e9e Diversit\u00e9<\/title>\n<meta name=\"robots\" content=\"index, follow, max-snippet:-1, max-image-preview:large, max-video-preview:-1\" \/>\n<link rel=\"canonical\" href=\"https:\/\/guineediversite.com\/index.php\/2021\/09\/30\/dakar-cherif-mohamed-abdallah-haidara-president-du-goha-sest-exprime-sur-la-reouverture-des-frontieres-guineennes-avec-le-senegal-et-la-guinee-bissau\/\" \/>\n<meta property=\"og:locale\" content=\"fr_FR\" \/>\n<meta property=\"og:type\" content=\"article\" \/>\n<meta property=\"og:title\" content=\"Dakar: Ch\u00e9rif Mohamed Abdallah Ha\u00efdara, pr\u00e9sident du GOHA s&#039;est exprim\u00e9 sur la r\u00e9ouverture des fronti\u00e8res guin\u00e9ennes avec le S\u00e9n\u00e9gal et la Guin\u00e9e Bissau | Guin\u00e9e Diversit\u00e9\" \/>\n<meta property=\"og:description\" content=\"Le pr\u00e9sident du goha Ch\u00e9rif Mohamed Abdallah Ha\u00efdara a anim\u00e9 ce jeudi 30 septembre 2021, une conf\u00e9rence de presse \u00e0 la maison de presse du S\u00e9n\u00e9gal sur la situation g\u00e9n\u00e9rale de la Guin\u00e9e et la r\u00e9ouverture des fronti\u00e8res guin\u00e9ennes avec le S\u00e9n\u00e9gal et la Guin\u00e9e Bissau. Dans son introduction le pr\u00e9sident du goha Ch\u00e9rif Mohamed [&hellip;]\" \/>\n<meta property=\"og:url\" content=\"https:\/\/guineediversite.com\/index.php\/2021\/09\/30\/dakar-cherif-mohamed-abdallah-haidara-president-du-goha-sest-exprime-sur-la-reouverture-des-frontieres-guineennes-avec-le-senegal-et-la-guinee-bissau\/\" \/>\n<meta property=\"og:site_name\" content=\"Guin\u00e9e Diversit\u00e9\" \/>\n<meta property=\"article:publisher\" content=\"https:\/\/www.facebook.com\/guineediversite\/\" \/>\n<meta property=\"article:published_time\" content=\"2021-09-30T18:01:33+00:00\" \/>\n<meta property=\"og:image\" content=\"https:\/\/guineediversite.com\/wp-content\/uploads\/2021\/09\/WhatsApp-Image-2021-09-27-at-14.01.36.jpeg\" \/>\n\t<meta property=\"og:image:width\" content=\"1031\" \/>\n\t<meta property=\"og:image:height\" content=\"1300\" \/>\n\t<meta property=\"og:image:type\" content=\"image\/jpeg\" \/>\n<meta name=\"author\" content=\"Morcire Camara\" \/>\n<meta name=\"twitter:card\" content=\"summary_large_image\" \/>\n<meta name=\"twitter:creator\" content=\"@GuineeDiversite\" \/>\n<meta name=\"twitter:site\" content=\"@GuineeDiversite\" \/>\n<meta name=\"twitter:label1\" content=\"\u00c9crit par\" \/>\n\t<meta name=\"twitter:data1\" content=\"Morcire Camara\" \/>\n\t<meta name=\"twitter:label2\" content=\"Dur\u00e9e de lecture estim\u00e9e\" \/>\n\t<meta name=\"twitter:data2\" content=\"3 minutes\" \/>\n<script type=\"application\/ld+json\" class=\"yoast-schema-graph\">{\"@context\":\"https:\/\/schema.org\",\"@graph\":[{\"@type\":\"Article\",\"@id\":\"https:\/\/guineediversite.com\/index.php\/2021\/09\/30\/dakar-cherif-mohamed-abdallah-haidara-president-du-goha-sest-exprime-sur-la-reouverture-des-frontieres-guineennes-avec-le-senegal-et-la-guinee-bissau\/#article\",\"isPartOf\":{\"@id\":\"https:\/\/guineediversite.com\/index.php\/2021\/09\/30\/dakar-cherif-mohamed-abdallah-haidara-president-du-goha-sest-exprime-sur-la-reouverture-des-frontieres-guineennes-avec-le-senegal-et-la-guinee-bissau\/\"},\"author\":{\"name\":\"Morcire Camara\",\"@id\":\"https:\/\/guineediversite.com\/#\/schema\/person\/fa362494c47202ce4b3adf55abcc9d01\"},\"headline\":\"Dakar: Ch\u00e9rif Mohamed Abdallah Ha\u00efdara, pr\u00e9sident du GOHA s&rsquo;est exprim\u00e9 sur la r\u00e9ouverture des fronti\u00e8res guin\u00e9ennes avec le S\u00e9n\u00e9gal et la Guin\u00e9e Bissau\",\"datePublished\":\"2021-09-30T18:01:33+00:00\",\"dateModified\":\"2021-09-30T18:01:33+00:00\",\"mainEntityOfPage\":{\"@id\":\"https:\/\/guineediversite.com\/index.php\/2021\/09\/30\/dakar-cherif-mohamed-abdallah-haidara-president-du-goha-sest-exprime-sur-la-reouverture-des-frontieres-guineennes-avec-le-senegal-et-la-guinee-bissau\/\"},\"wordCount\":576,\"publisher\":{\"@id\":\"https:\/\/guineediversite.com\/#organization\"},\"image\":{\"@id\":\"https:\/\/guineediversite.com\/index.php\/2021\/09\/30\/dakar-cherif-mohamed-abdallah-haidara-president-du-goha-sest-exprime-sur-la-reouverture-des-frontieres-guineennes-avec-le-senegal-et-la-guinee-bissau\/#primaryimage\"},\"thumbnailUrl\":\"https:\/\/guineediversite.com\/wp-content\/uploads\/2021\/09\/WhatsApp-Image-2021-09-27-at-14.01.36.jpeg\",\"articleSection\":[\"Soci\u00e9t\u00e9\"],\"inLanguage\":\"fr-FR\"},{\"@type\":\"WebPage\",\"@id\":\"https:\/\/guineediversite.com\/index.php\/2021\/09\/30\/dakar-cherif-mohamed-abdallah-haidara-president-du-goha-sest-exprime-sur-la-reouverture-des-frontieres-guineennes-avec-le-senegal-et-la-guinee-bissau\/\",\"url\":\"https:\/\/guineediversite.com\/index.php\/2021\/09\/30\/dakar-cherif-mohamed-abdallah-haidara-president-du-goha-sest-exprime-sur-la-reouverture-des-frontieres-guineennes-avec-le-senegal-et-la-guinee-bissau\/\",\"name\":\"Dakar: Ch\u00e9rif Mohamed Abdallah Ha\u00efdara, pr\u00e9sident du GOHA s'est exprim\u00e9 sur la r\u00e9ouverture des fronti\u00e8res guin\u00e9ennes avec le S\u00e9n\u00e9gal et la Guin\u00e9e Bissau | Guin\u00e9e Diversit\u00e9\",\"isPartOf\":{\"@id\":\"https:\/\/guineediversite.com\/#website\"},\"primaryImageOfPage\":{\"@id\":\"https:\/\/guineediversite.com\/index.php\/2021\/09\/30\/dakar-cherif-mohamed-abdallah-haidara-president-du-goha-sest-exprime-sur-la-reouverture-des-frontieres-guineennes-avec-le-senegal-et-la-guinee-bissau\/#primaryimage\"},\"image\":{\"@id\":\"https:\/\/guineediversite.com\/index.php\/2021\/09\/30\/dakar-cherif-mohamed-abdallah-haidara-president-du-goha-sest-exprime-sur-la-reouverture-des-frontieres-guineennes-avec-le-senegal-et-la-guinee-bissau\/#primaryimage\"},\"thumbnailUrl\":\"https:\/\/guineediversite.com\/wp-content\/uploads\/2021\/09\/WhatsApp-Image-2021-09-27-at-14.01.36.jpeg\",\"datePublished\":\"2021-09-30T18:01:33+00:00\",\"dateModified\":\"2021-09-30T18:01:33+00:00\",\"breadcrumb\":{\"@id\":\"https:\/\/guineediversite.com\/index.php\/2021\/09\/30\/dakar-cherif-mohamed-abdallah-haidara-president-du-goha-sest-exprime-sur-la-reouverture-des-frontieres-guineennes-avec-le-senegal-et-la-guinee-bissau\/#breadcrumb\"},\"inLanguage\":\"fr-FR\",\"potentialAction\":[{\"@type\":\"ReadAction\",\"target\":[\"https:\/\/guineediversite.com\/index.php\/2021\/09\/30\/dakar-cherif-mohamed-abdallah-haidara-president-du-goha-sest-exprime-sur-la-reouverture-des-frontieres-guineennes-avec-le-senegal-et-la-guinee-bissau\/\"]}]},{\"@type\":\"ImageObject\",\"inLanguage\":\"fr-FR\",\"@id\":\"https:\/\/guineediversite.com\/index.php\/2021\/09\/30\/dakar-cherif-mohamed-abdallah-haidara-president-du-goha-sest-exprime-sur-la-reouverture-des-frontieres-guineennes-avec-le-senegal-et-la-guinee-bissau\/#primaryimage\",\"url\":\"https:\/\/guineediversite.com\/wp-content\/uploads\/2021\/09\/WhatsApp-Image-2021-09-27-at-14.01.36.jpeg\",\"contentUrl\":\"https:\/\/guineediversite.com\/wp-content\/uploads\/2021\/09\/WhatsApp-Image-2021-09-27-at-14.01.36.jpeg\",\"width\":1031,\"height\":1300},{\"@type\":\"BreadcrumbList\",\"@id\":\"https:\/\/guineediversite.com\/index.php\/2021\/09\/30\/dakar-cherif-mohamed-abdallah-haidara-president-du-goha-sest-exprime-sur-la-reouverture-des-frontieres-guineennes-avec-le-senegal-et-la-guinee-bissau\/#breadcrumb\",\"itemListElement\":[{\"@type\":\"ListItem\",\"position\":1,\"name\":\"Accueil\",\"item\":\"https:\/\/guineediversite.com\/\"},{\"@type\":\"ListItem\",\"position\":2,\"name\":\"Dakar: Ch\u00e9rif Mohamed Abdallah Ha\u00efdara, pr\u00e9sident du GOHA s&rsquo;est exprim\u00e9 sur la r\u00e9ouverture des fronti\u00e8res guin\u00e9ennes avec le S\u00e9n\u00e9gal et la Guin\u00e9e Bissau\"}]},{\"@type\":\"WebSite\",\"@id\":\"https:\/\/guineediversite.com\/#website\",\"url\":\"https:\/\/guineediversite.com\/\",\"name\":\"Guin\u00e9e Diversit\u00e9\",\"description\":\"L&#039;Info dans toute sa diversit\u00e9\",\"publisher\":{\"@id\":\"https:\/\/guineediversite.com\/#organization\"},\"potentialAction\":[{\"@type\":\"SearchAction\",\"target\":{\"@type\":\"EntryPoint\",\"urlTemplate\":\"https:\/\/guineediversite.com\/?s={search_term_string}\"},\"query-input\":{\"@type\":\"PropertyValueSpecification\",\"valueRequired\":true,\"valueName\":\"search_term_string\"}}],\"inLanguage\":\"fr-FR\"},{\"@type\":\"Organization\",\"@id\":\"https:\/\/guineediversite.com\/#organization\",\"name\":\"Guin\u00e9e Diversit\u00e9\",\"url\":\"https:\/\/guineediversite.com\/\",\"logo\":{\"@type\":\"ImageObject\",\"inLanguage\":\"fr-FR\",\"@id\":\"https:\/\/guineediversite.com\/#\/schema\/logo\/image\/\",\"url\":\"https:\/\/guineediversite.com\/wp-content\/uploads\/2017\/04\/cropped-1jojlxEOMkX9Wyqfhe43D6kjPOGqBBKmx3EwWJqZ0cMrFF54yM49.png\",\"contentUrl\":\"https:\/\/guineediversite.com\/wp-content\/uploads\/2017\/04\/cropped-1jojlxEOMkX9Wyqfhe43D6kjPOGqBBKmx3EwWJqZ0cMrFF54yM49.png\",\"width\":186,\"height\":112,\"caption\":\"Guin\u00e9e Diversit\u00e9\"},\"image\":{\"@id\":\"https:\/\/guineediversite.com\/#\/schema\/logo\/image\/\"},\"sameAs\":[\"https:\/\/www.facebook.com\/guineediversite\/\",\"https:\/\/x.com\/GuineeDiversite\",\"https:\/\/www.youtube.com\/channel\/UC8sUY16qelG5ge6_D5SB83g\"]},{\"@type\":\"Person\",\"@id\":\"https:\/\/guineediversite.com\/#\/schema\/person\/fa362494c47202ce4b3adf55abcc9d01\",\"name\":\"Morcire Camara\",\"image\":{\"@type\":\"ImageObject\",\"inLanguage\":\"fr-FR\",\"@id\":\"https:\/\/guineediversite.com\/#\/schema\/person\/image\/\",\"url\":\"https:\/\/secure.gravatar.com\/avatar\/3ec324f02295bbcebe03d99b39330ab4?s=96&d=mm&r=g\",\"contentUrl\":\"https:\/\/secure.gravatar.com\/avatar\/3ec324f02295bbcebe03d99b39330ab4?s=96&d=mm&r=g\",\"caption\":\"Morcire Camara\"},\"url\":\"https:\/\/guineediversite.com\/index.php\/author\/morcire\/\"}]}<\/script>\n<!-- \/ Yoast SEO plugin. -->","yoast_head_json":{"title":"Dakar: Ch\u00e9rif Mohamed Abdallah Ha\u00efdara, pr\u00e9sident du GOHA s'est exprim\u00e9 sur la r\u00e9ouverture des fronti\u00e8res guin\u00e9ennes avec le S\u00e9n\u00e9gal et la Guin\u00e9e Bissau | Guin\u00e9e Diversit\u00e9","robots":{"index":"index","follow":"follow","max-snippet":"max-snippet:-1","max-image-preview":"max-image-preview:large","max-video-preview":"max-video-preview:-1"},"canonical":"https:\/\/guineediversite.com\/index.php\/2021\/09\/30\/dakar-cherif-mohamed-abdallah-haidara-president-du-goha-sest-exprime-sur-la-reouverture-des-frontieres-guineennes-avec-le-senegal-et-la-guinee-bissau\/","og_locale":"fr_FR","og_type":"article","og_title":"Dakar: Ch\u00e9rif Mohamed Abdallah Ha\u00efdara, pr\u00e9sident du GOHA s'est exprim\u00e9 sur la r\u00e9ouverture des fronti\u00e8res guin\u00e9ennes avec le S\u00e9n\u00e9gal et la Guin\u00e9e Bissau | Guin\u00e9e Diversit\u00e9","og_description":"Le pr\u00e9sident du goha Ch\u00e9rif Mohamed Abdallah Ha\u00efdara a anim\u00e9 ce jeudi 30 septembre 2021, une conf\u00e9rence de presse \u00e0 la maison de presse du S\u00e9n\u00e9gal sur la situation g\u00e9n\u00e9rale de la Guin\u00e9e et la r\u00e9ouverture des fronti\u00e8res guin\u00e9ennes avec le S\u00e9n\u00e9gal et la Guin\u00e9e Bissau. Dans son introduction le pr\u00e9sident du goha Ch\u00e9rif Mohamed [&hellip;]","og_url":"https:\/\/guineediversite.com\/index.php\/2021\/09\/30\/dakar-cherif-mohamed-abdallah-haidara-president-du-goha-sest-exprime-sur-la-reouverture-des-frontieres-guineennes-avec-le-senegal-et-la-guinee-bissau\/","og_site_name":"Guin\u00e9e Diversit\u00e9","article_publisher":"https:\/\/www.facebook.com\/guineediversite\/","article_published_time":"2021-09-30T18:01:33+00:00","og_image":[{"width":1031,"height":1300,"url":"https:\/\/guineediversite.com\/wp-content\/uploads\/2021\/09\/WhatsApp-Image-2021-09-27-at-14.01.36.jpeg","type":"image\/jpeg"}],"author":"Morcire Camara","twitter_card":"summary_large_image","twitter_creator":"@GuineeDiversite","twitter_site":"@GuineeDiversite","twitter_misc":{"\u00c9crit par":"Morcire Camara","Dur\u00e9e de lecture estim\u00e9e":"3 minutes"},"schema":{"@context":"https:\/\/schema.org","@graph":[{"@type":"Article","@id":"https:\/\/guineediversite.com\/index.php\/2021\/09\/30\/dakar-cherif-mohamed-abdallah-haidara-president-du-goha-sest-exprime-sur-la-reouverture-des-frontieres-guineennes-avec-le-senegal-et-la-guinee-bissau\/#article","isPartOf":{"@id":"https:\/\/guineediversite.com\/index.php\/2021\/09\/30\/dakar-cherif-mohamed-abdallah-haidara-president-du-goha-sest-exprime-sur-la-reouverture-des-frontieres-guineennes-avec-le-senegal-et-la-guinee-bissau\/"},"author":{"name":"Morcire Camara","@id":"https:\/\/guineediversite.com\/#\/schema\/person\/fa362494c47202ce4b3adf55abcc9d01"},"headline":"Dakar: Ch\u00e9rif Mohamed Abdallah Ha\u00efdara, pr\u00e9sident du GOHA s&rsquo;est exprim\u00e9 sur la r\u00e9ouverture des fronti\u00e8res guin\u00e9ennes avec le S\u00e9n\u00e9gal et la Guin\u00e9e Bissau","datePublished":"2021-09-30T18:01:33+00:00","dateModified":"2021-09-30T18:01:33+00:00","mainEntityOfPage":{"@id":"https:\/\/guineediversite.com\/index.php\/2021\/09\/30\/dakar-cherif-mohamed-abdallah-haidara-president-du-goha-sest-exprime-sur-la-reouverture-des-frontieres-guineennes-avec-le-senegal-et-la-guinee-bissau\/"},"wordCount":576,"publisher":{"@id":"https:\/\/guineediversite.com\/#organization"},"image":{"@id":"https:\/\/guineediversite.com\/index.php\/2021\/09\/30\/dakar-cherif-mohamed-abdallah-haidara-president-du-goha-sest-exprime-sur-la-reouverture-des-frontieres-guineennes-avec-le-senegal-et-la-guinee-bissau\/#primaryimage"},"thumbnailUrl":"https:\/\/guineediversite.com\/wp-content\/uploads\/2021\/09\/WhatsApp-Image-2021-09-27-at-14.01.36.jpeg","articleSection":["Soci\u00e9t\u00e9"],"inLanguage":"fr-FR"},{"@type":"WebPage","@id":"https:\/\/guineediversite.com\/index.php\/2021\/09\/30\/dakar-cherif-mohamed-abdallah-haidara-president-du-goha-sest-exprime-sur-la-reouverture-des-frontieres-guineennes-avec-le-senegal-et-la-guinee-bissau\/","url":"https:\/\/guineediversite.com\/index.php\/2021\/09\/30\/dakar-cherif-mohamed-abdallah-haidara-president-du-goha-sest-exprime-sur-la-reouverture-des-frontieres-guineennes-avec-le-senegal-et-la-guinee-bissau\/","name":"Dakar: Ch\u00e9rif Mohamed Abdallah Ha\u00efdara, pr\u00e9sident du GOHA s'est exprim\u00e9 sur la r\u00e9ouverture des fronti\u00e8res guin\u00e9ennes avec le S\u00e9n\u00e9gal et la Guin\u00e9e Bissau | Guin\u00e9e Diversit\u00e9","isPartOf":{"@id":"https:\/\/guineediversite.com\/#website"},"primaryImageOfPage":{"@id":"https:\/\/guineediversite.com\/index.php\/2021\/09\/30\/dakar-cherif-mohamed-abdallah-haidara-president-du-goha-sest-exprime-sur-la-reouverture-des-frontieres-guineennes-avec-le-senegal-et-la-guinee-bissau\/#primaryimage"},"image":{"@id":"https:\/\/guineediversite.com\/index.php\/2021\/09\/30\/dakar-cherif-mohamed-abdallah-haidara-president-du-goha-sest-exprime-sur-la-reouverture-des-frontieres-guineennes-avec-le-senegal-et-la-guinee-bissau\/#primaryimage"},"thumbnailUrl":"https:\/\/guineediversite.com\/wp-content\/uploads\/2021\/09\/WhatsApp-Image-2021-09-27-at-14.01.36.jpeg","datePublished":"2021-09-30T18:01:33+00:00","dateModified":"2021-09-30T18:01:33+00:00","breadcrumb":{"@id":"https:\/\/guineediversite.com\/index.php\/2021\/09\/30\/dakar-cherif-mohamed-abdallah-haidara-president-du-goha-sest-exprime-sur-la-reouverture-des-frontieres-guineennes-avec-le-senegal-et-la-guinee-bissau\/#breadcrumb"},"inLanguage":"fr-FR","potentialAction":[{"@type":"ReadAction","target":["https:\/\/guineediversite.com\/index.php\/2021\/09\/30\/dakar-cherif-mohamed-abdallah-haidara-president-du-goha-sest-exprime-sur-la-reouverture-des-frontieres-guineennes-avec-le-senegal-et-la-guinee-bissau\/"]}]},{"@type":"ImageObject","inLanguage":"fr-FR","@id":"https:\/\/guineediversite.com\/index.php\/2021\/09\/30\/dakar-cherif-mohamed-abdallah-haidara-president-du-goha-sest-exprime-sur-la-reouverture-des-frontieres-guineennes-avec-le-senegal-et-la-guinee-bissau\/#primaryimage","url":"https:\/\/guineediversite.com\/wp-content\/uploads\/2021\/09\/WhatsApp-Image-2021-09-27-at-14.01.36.jpeg","contentUrl":"https:\/\/guineediversite.com\/wp-content\/uploads\/2021\/09\/WhatsApp-Image-2021-09-27-at-14.01.36.jpeg","width":1031,"height":1300},{"@type":"BreadcrumbList","@id":"https:\/\/guineediversite.com\/index.php\/2021\/09\/30\/dakar-cherif-mohamed-abdallah-haidara-president-du-goha-sest-exprime-sur-la-reouverture-des-frontieres-guineennes-avec-le-senegal-et-la-guinee-bissau\/#breadcrumb","itemListElement":[{"@type":"ListItem","position":1,"name":"Accueil","item":"https:\/\/guineediversite.com\/"},{"@type":"ListItem","position":2,"name":"Dakar: Ch\u00e9rif Mohamed Abdallah Ha\u00efdara, pr\u00e9sident du GOHA s&rsquo;est exprim\u00e9 sur la r\u00e9ouverture des fronti\u00e8res guin\u00e9ennes avec le S\u00e9n\u00e9gal et la Guin\u00e9e Bissau"}]},{"@type":"WebSite","@id":"https:\/\/guineediversite.com\/#website","url":"https:\/\/guineediversite.com\/","name":"Guin\u00e9e Diversit\u00e9","description":"L&#039;Info dans toute sa diversit\u00e9","publisher":{"@id":"https:\/\/guineediversite.com\/#organization"},"potentialAction":[{"@type":"SearchAction","target":{"@type":"EntryPoint","urlTemplate":"https:\/\/guineediversite.com\/?s={search_term_string}"},"query-input":{"@type":"PropertyValueSpecification","valueRequired":true,"valueName":"search_term_string"}}],"inLanguage":"fr-FR"},{"@type":"Organization","@id":"https:\/\/guineediversite.com\/#organization","name":"Guin\u00e9e Diversit\u00e9","url":"https:\/\/guineediversite.com\/","logo":{"@type":"ImageObject","inLanguage":"fr-FR","@id":"https:\/\/guineediversite.com\/#\/schema\/logo\/image\/","url":"https:\/\/guineediversite.com\/wp-content\/uploads\/2017\/04\/cropped-1jojlxEOMkX9Wyqfhe43D6kjPOGqBBKmx3EwWJqZ0cMrFF54yM49.png","contentUrl":"https:\/\/guineediversite.com\/wp-content\/uploads\/2017\/04\/cropped-1jojlxEOMkX9Wyqfhe43D6kjPOGqBBKmx3EwWJqZ0cMrFF54yM49.png","width":186,"height":112,"caption":"Guin\u00e9e Diversit\u00e9"},"image":{"@id":"https:\/\/guineediversite.com\/#\/schema\/logo\/image\/"},"sameAs":["https:\/\/www.facebook.com\/guineediversite\/","https:\/\/x.com\/GuineeDiversite","https:\/\/www.youtube.com\/channel\/UC8sUY16qelG5ge6_D5SB83g"]},{"@type":"Person","@id":"https:\/\/guineediversite.com\/#\/schema\/person\/fa362494c47202ce4b3adf55abcc9d01","name":"Morcire Camara","image":{"@type":"ImageObject","inLanguage":"fr-FR","@id":"https:\/\/guineediversite.com\/#\/schema\/person\/image\/","url":"https:\/\/secure.gravatar.com\/avatar\/3ec324f02295bbcebe03d99b39330ab4?s=96&d=mm&r=g","contentUrl":"https:\/\/secure.gravatar.com\/avatar\/3ec324f02295bbcebe03d99b39330ab4?s=96&d=mm&r=g","caption":"Morcire Camara"},"url":"https:\/\/guineediversite.com\/index.php\/author\/morcire\/"}]}},"_links":{"self":[{"href":"https:\/\/guineediversite.com\/index.php\/wp-json\/wp\/v2\/posts\/31633"}],"collection":[{"href":"https:\/\/guineediversite.com\/index.php\/wp-json\/wp\/v2\/posts"}],"about":[{"href":"https:\/\/guineediversite.com\/index.php\/wp-json\/wp\/v2\/types\/post"}],"author":[{"embeddable":true,"href":"https:\/\/guineediversite.com\/index.php\/wp-json\/wp\/v2\/users\/10"}],"replies":[{"embeddable":true,"href":"https:\/\/guineediversite.com\/index.php\/wp-json\/wp\/v2\/comments?post=31633"}],"version-history":[{"count":1,"href":"https:\/\/guineediversite.com\/index.php\/wp-json\/wp\/v2\/posts\/31633\/revisions"}],"predecessor-version":[{"id":31634,"href":"https:\/\/guineediversite.com\/index.php\/wp-json\/wp\/v2\/posts\/31633\/revisions\/31634"}],"wp:featuredmedia":[{"embeddable":true,"href":"https:\/\/guineediversite.com\/index.php\/wp-json\/wp\/v2\/media\/31589"}],"wp:attachment":[{"href":"https:\/\/guineediversite.com\/index.php\/wp-json\/wp\/v2\/media?parent=31633"}],"wp:term":[{"taxonomy":"category","embeddable":true,"href":"https:\/\/guineediversite.com\/index.php\/wp-json\/wp\/v2\/categories?post=31633"},{"taxonomy":"post_tag","embeddable":true,"href":"https:\/\/guineediversite.com\/index.php\/wp-json\/wp\/v2\/tags?post=31633"}],"curies":[{"name":"wp","href":"https:\/\/api.w.org\/{rel}","templated":true}]}}