{"id":31583,"date":"2021-09-27T12:11:19","date_gmt":"2021-09-27T10:11:19","guid":{"rendered":"https:\/\/guineediversite.com\/?p=31583"},"modified":"2021-09-27T12:11:19","modified_gmt":"2021-09-27T10:11:19","slug":"mali-le-gouvernement-de-transition-evoque-la-possibilite-dun-report-des-elections","status":"publish","type":"post","link":"https:\/\/guineediversite.com\/index.php\/2021\/09\/27\/mali-le-gouvernement-de-transition-evoque-la-possibilite-dun-report-des-elections\/","title":{"rendered":"Mali: le gouvernement de transition \u00e9voque la possibilit\u00e9 d&rsquo;un report des \u00e9lections"},"content":{"rendered":"<p>Ce dimanche 26 septembre\u00a0se cl\u00f4turaient les concertations sur l\u2019\u00e9laboration d\u2019un organe unique de gestion des \u00e9lections et la pr\u00e9paration des Assises nationales de la refondation. L&rsquo;occasion pour les autorit\u00e9s de transition d&rsquo;exprimer la possibilit\u00e9 d&rsquo;un report des \u00e9lections pour avoir le temps de mener les r\u00e9formes n\u00e9cessaires.<\/p>\n<p>\u00ab<em> Mieux vaut des \u00e9lections report\u00e9es\u00a0que des \u00e9lections b\u00e2cl\u00e9es<\/em> \u00bb, voil\u00e0 en substance ce que confiait \u00e0 RFI le ministre de la Refondation de l\u2019\u00c9tat, Ibrahim Ikassa Ma\u00efga, en marge des concertations sur les assises nationales.<\/p>\n<p>\u00ab\u00a0<em>Les d\u00e9lais qui constituent des engagements sont connus. Nous travaillons activement \u00e0 tenir ces d\u00e9lais. Maintenant, la r\u00e9alit\u00e9 du terrain d\u00e9terminera tout le reste,<\/em> a-t-il assur\u00e9. <em>L&rsquo;envergure des r\u00e9formes \u00e0 faire d\u00e9terminera tout le reste plus que les questions de d\u00e9lais. Il s&rsquo;agit de l&rsquo;avenir du Mali.\u00a0<\/em>\u00bb<\/p>\n<p>Une d\u00e9cision de nature \u00e0 contrarier la communaut\u00e9 internationale qui avait fait du respect du calendrier de la transition, fix\u00e9e \u00e0 18 mois sa principale exigence apr\u00e8s le coup d\u2019\u00c9tat du 18 ao\u00fbt 2020.\u00a0 \u00ab\u00a0<em>Toute la\u00a0communaut\u00e9 internationale est l\u00e0 pour nous aider \u00e0 aller vers une stabilisation. Si le Mali n&rsquo;est pas stabilis\u00e9, je ne pense pas que ce soit honorable pour la communaut\u00e9 internationale et pour nous-m\u00eames<\/em>\u00a0\u00bb, a expliqu\u00e9 Ibrahim Ikassa Ma\u00efga.<\/p>\n<p>Une partie de la classe politique, qui a boycott\u00e9 les concertations, accuse quant \u00e0 elle les autorit\u00e9s d\u2019instrumentaliser l\u2019organisation des assises nationales \u00e0 des fins politiques. \u00ab <em>C&rsquo;est un gaspillage d&rsquo;\u00e9nergie et de moyens qui cache une volont\u00e9 claire de prolonger au forceps la transition et de se maintenir au pouvoir<\/em> \u00bb, nous a confi\u00e9\u00a0Yaya Sangar\u00e9, porte-parole de l\u2019Adema.<\/p>\n<p>Interrog\u00e9 par RFI dans un entretien \u00e0 venir sur votre antenne, le Premier ministre malien, lui, a assur\u00e9\u00a0que \u00ab\u00a0<em>l&rsquo;essentiel \u00e9tait moins de tenir des \u00e9lections le 27 f\u00e9vrier que de tenir des \u00e9lections qui ne seront pas contest\u00e9es<\/em>\u00a0\u00bb. Alors qu\u2019aucun calendrier n\u2019a \u00e9t\u00e9 d\u00e9voil\u00e9 pour la tenue des assises nationales, qui devront pr\u00e9c\u00e9der le scrutin, une prolongation de la transition\u00a0semble d\u00e9sormais in\u00e9vitable.<\/p>\n<p><strong>RFI<\/strong><\/p>\n","protected":false},"excerpt":{"rendered":"<p>Ce dimanche 26 septembre\u00a0se cl\u00f4turaient les concertations sur l\u2019\u00e9laboration d\u2019un organe unique de gestion des \u00e9lections et la pr\u00e9paration des Assises nationales de la refondation. L&rsquo;occasion pour les autorit\u00e9s de transition d&rsquo;exprimer la possibilit\u00e9 d&rsquo;un report des \u00e9lections pour avoir le temps de mener les r\u00e9formes n\u00e9cessaires. \u00ab Mieux vaut des \u00e9lections report\u00e9es\u00a0que des \u00e9lections [&hellip;]<\/p>\n","protected":false},"author":12,"featured_media":31584,"comment_status":"closed","ping_status":"open","sticky":false,"template":"","format":"standard","meta":{"_exactmetrics_skip_tracking":false,"_exactmetrics_sitenote_active":false,"_exactmetrics_sitenote_note":"","_exactmetrics_sitenote_category":0,"tdm_status":"","tdm_grid_status":"","footnotes":""},"categories":[21],"tags":[],"class_list":{"0":"post-31583","1":"post","2":"type-post","3":"status-publish","4":"format-standard","5":"has-post-thumbnail","7":"category-international"},"yoast_head":"<!-- This site is optimized with the Yoast SEO plugin v24.2 - https:\/\/yoast.com\/wordpress\/plugins\/seo\/ -->\n<title>Mali: le gouvernement de transition \u00e9voque la possibilit\u00e9 d&#039;un report des \u00e9lections | Guin\u00e9e Diversit\u00e9<\/title>\n<meta name=\"robots\" content=\"index, follow, max-snippet:-1, max-image-preview:large, max-video-preview:-1\" \/>\n<link rel=\"canonical\" href=\"https:\/\/guineediversite.com\/index.php\/2021\/09\/27\/mali-le-gouvernement-de-transition-evoque-la-possibilite-dun-report-des-elections\/\" \/>\n<meta property=\"og:locale\" content=\"fr_FR\" \/>\n<meta property=\"og:type\" content=\"article\" \/>\n<meta property=\"og:title\" content=\"Mali: le gouvernement de transition \u00e9voque la possibilit\u00e9 d&#039;un report des \u00e9lections | Guin\u00e9e Diversit\u00e9\" \/>\n<meta property=\"og:description\" content=\"Ce dimanche 26 septembre\u00a0se cl\u00f4turaient les concertations sur l\u2019\u00e9laboration d\u2019un organe unique de gestion des \u00e9lections et la pr\u00e9paration des Assises nationales de la refondation. L&rsquo;occasion pour les autorit\u00e9s de transition d&rsquo;exprimer la possibilit\u00e9 d&rsquo;un report des \u00e9lections pour avoir le temps de mener les r\u00e9formes n\u00e9cessaires. \u00ab Mieux vaut des \u00e9lections report\u00e9es\u00a0que des \u00e9lections [&hellip;]\" \/>\n<meta property=\"og:url\" content=\"https:\/\/guineediversite.com\/index.php\/2021\/09\/27\/mali-le-gouvernement-de-transition-evoque-la-possibilite-dun-report-des-elections\/\" \/>\n<meta property=\"og:site_name\" content=\"Guin\u00e9e Diversit\u00e9\" \/>\n<meta property=\"article:publisher\" content=\"https:\/\/www.facebook.com\/guineediversite\/\" \/>\n<meta property=\"article:published_time\" content=\"2021-09-27T10:11:19+00:00\" \/>\n<meta property=\"og:image\" content=\"https:\/\/guineediversite.com\/wp-content\/uploads\/2021\/09\/Le-ministre-malien-de-la-Refondation-de-lEtat-Ibrahim-Ikassa-Maiga.jpg\" \/>\n\t<meta property=\"og:image:width\" content=\"1300\" \/>\n\t<meta property=\"og:image:height\" content=\"974\" \/>\n\t<meta property=\"og:image:type\" content=\"image\/jpeg\" \/>\n<meta name=\"author\" content=\"Guin\u00e9e Diversit\u00e9\" \/>\n<meta name=\"twitter:card\" content=\"summary_large_image\" \/>\n<meta name=\"twitter:creator\" content=\"@GuineeDiversite\" \/>\n<meta name=\"twitter:site\" content=\"@GuineeDiversite\" \/>\n<meta name=\"twitter:label1\" content=\"\u00c9crit par\" \/>\n\t<meta name=\"twitter:data1\" content=\"Guin\u00e9e Diversit\u00e9\" \/>\n\t<meta name=\"twitter:label2\" content=\"Dur\u00e9e de lecture estim\u00e9e\" \/>\n\t<meta name=\"twitter:data2\" content=\"2 minutes\" \/>\n<script type=\"application\/ld+json\" class=\"yoast-schema-graph\">{\"@context\":\"https:\/\/schema.org\",\"@graph\":[{\"@type\":\"Article\",\"@id\":\"https:\/\/guineediversite.com\/index.php\/2021\/09\/27\/mali-le-gouvernement-de-transition-evoque-la-possibilite-dun-report-des-elections\/#article\",\"isPartOf\":{\"@id\":\"https:\/\/guineediversite.com\/index.php\/2021\/09\/27\/mali-le-gouvernement-de-transition-evoque-la-possibilite-dun-report-des-elections\/\"},\"author\":{\"name\":\"Guin\u00e9e Diversit\u00e9\",\"@id\":\"https:\/\/guineediversite.com\/#\/schema\/person\/afa08fb34e7fc6e1feafc892612bc836\"},\"headline\":\"Mali: le gouvernement de transition \u00e9voque la possibilit\u00e9 d&rsquo;un report des \u00e9lections\",\"datePublished\":\"2021-09-27T10:11:19+00:00\",\"dateModified\":\"2021-09-27T10:11:19+00:00\",\"mainEntityOfPage\":{\"@id\":\"https:\/\/guineediversite.com\/index.php\/2021\/09\/27\/mali-le-gouvernement-de-transition-evoque-la-possibilite-dun-report-des-elections\/\"},\"wordCount\":375,\"publisher\":{\"@id\":\"https:\/\/guineediversite.com\/#organization\"},\"image\":{\"@id\":\"https:\/\/guineediversite.com\/index.php\/2021\/09\/27\/mali-le-gouvernement-de-transition-evoque-la-possibilite-dun-report-des-elections\/#primaryimage\"},\"thumbnailUrl\":\"https:\/\/guineediversite.com\/wp-content\/uploads\/2021\/09\/Le-ministre-malien-de-la-Refondation-de-lEtat-Ibrahim-Ikassa-Maiga.jpg\",\"articleSection\":[\"International\"],\"inLanguage\":\"fr-FR\"},{\"@type\":\"WebPage\",\"@id\":\"https:\/\/guineediversite.com\/index.php\/2021\/09\/27\/mali-le-gouvernement-de-transition-evoque-la-possibilite-dun-report-des-elections\/\",\"url\":\"https:\/\/guineediversite.com\/index.php\/2021\/09\/27\/mali-le-gouvernement-de-transition-evoque-la-possibilite-dun-report-des-elections\/\",\"name\":\"Mali: le gouvernement de transition \u00e9voque la possibilit\u00e9 d'un report des \u00e9lections | Guin\u00e9e Diversit\u00e9\",\"isPartOf\":{\"@id\":\"https:\/\/guineediversite.com\/#website\"},\"primaryImageOfPage\":{\"@id\":\"https:\/\/guineediversite.com\/index.php\/2021\/09\/27\/mali-le-gouvernement-de-transition-evoque-la-possibilite-dun-report-des-elections\/#primaryimage\"},\"image\":{\"@id\":\"https:\/\/guineediversite.com\/index.php\/2021\/09\/27\/mali-le-gouvernement-de-transition-evoque-la-possibilite-dun-report-des-elections\/#primaryimage\"},\"thumbnailUrl\":\"https:\/\/guineediversite.com\/wp-content\/uploads\/2021\/09\/Le-ministre-malien-de-la-Refondation-de-lEtat-Ibrahim-Ikassa-Maiga.jpg\",\"datePublished\":\"2021-09-27T10:11:19+00:00\",\"dateModified\":\"2021-09-27T10:11:19+00:00\",\"breadcrumb\":{\"@id\":\"https:\/\/guineediversite.com\/index.php\/2021\/09\/27\/mali-le-gouvernement-de-transition-evoque-la-possibilite-dun-report-des-elections\/#breadcrumb\"},\"inLanguage\":\"fr-FR\",\"potentialAction\":[{\"@type\":\"ReadAction\",\"target\":[\"https:\/\/guineediversite.com\/index.php\/2021\/09\/27\/mali-le-gouvernement-de-transition-evoque-la-possibilite-dun-report-des-elections\/\"]}]},{\"@type\":\"ImageObject\",\"inLanguage\":\"fr-FR\",\"@id\":\"https:\/\/guineediversite.com\/index.php\/2021\/09\/27\/mali-le-gouvernement-de-transition-evoque-la-possibilite-dun-report-des-elections\/#primaryimage\",\"url\":\"https:\/\/guineediversite.com\/wp-content\/uploads\/2021\/09\/Le-ministre-malien-de-la-Refondation-de-lEtat-Ibrahim-Ikassa-Maiga.jpg\",\"contentUrl\":\"https:\/\/guineediversite.com\/wp-content\/uploads\/2021\/09\/Le-ministre-malien-de-la-Refondation-de-lEtat-Ibrahim-Ikassa-Maiga.jpg\",\"width\":1300,\"height\":974},{\"@type\":\"BreadcrumbList\",\"@id\":\"https:\/\/guineediversite.com\/index.php\/2021\/09\/27\/mali-le-gouvernement-de-transition-evoque-la-possibilite-dun-report-des-elections\/#breadcrumb\",\"itemListElement\":[{\"@type\":\"ListItem\",\"position\":1,\"name\":\"Accueil\",\"item\":\"https:\/\/guineediversite.com\/\"},{\"@type\":\"ListItem\",\"position\":2,\"name\":\"Mali: le gouvernement de transition \u00e9voque la possibilit\u00e9 d&rsquo;un report des \u00e9lections\"}]},{\"@type\":\"WebSite\",\"@id\":\"https:\/\/guineediversite.com\/#website\",\"url\":\"https:\/\/guineediversite.com\/\",\"name\":\"Guin\u00e9e Diversit\u00e9\",\"description\":\"L&#039;Info dans toute sa diversit\u00e9\",\"publisher\":{\"@id\":\"https:\/\/guineediversite.com\/#organization\"},\"potentialAction\":[{\"@type\":\"SearchAction\",\"target\":{\"@type\":\"EntryPoint\",\"urlTemplate\":\"https:\/\/guineediversite.com\/?s={search_term_string}\"},\"query-input\":{\"@type\":\"PropertyValueSpecification\",\"valueRequired\":true,\"valueName\":\"search_term_string\"}}],\"inLanguage\":\"fr-FR\"},{\"@type\":\"Organization\",\"@id\":\"https:\/\/guineediversite.com\/#organization\",\"name\":\"Guin\u00e9e Diversit\u00e9\",\"url\":\"https:\/\/guineediversite.com\/\",\"logo\":{\"@type\":\"ImageObject\",\"inLanguage\":\"fr-FR\",\"@id\":\"https:\/\/guineediversite.com\/#\/schema\/logo\/image\/\",\"url\":\"https:\/\/guineediversite.com\/wp-content\/uploads\/2017\/04\/cropped-1jojlxEOMkX9Wyqfhe43D6kjPOGqBBKmx3EwWJqZ0cMrFF54yM49.png\",\"contentUrl\":\"https:\/\/guineediversite.com\/wp-content\/uploads\/2017\/04\/cropped-1jojlxEOMkX9Wyqfhe43D6kjPOGqBBKmx3EwWJqZ0cMrFF54yM49.png\",\"width\":186,\"height\":112,\"caption\":\"Guin\u00e9e Diversit\u00e9\"},\"image\":{\"@id\":\"https:\/\/guineediversite.com\/#\/schema\/logo\/image\/\"},\"sameAs\":[\"https:\/\/www.facebook.com\/guineediversite\/\",\"https:\/\/x.com\/GuineeDiversite\",\"https:\/\/www.youtube.com\/channel\/UC8sUY16qelG5ge6_D5SB83g\"]},{\"@type\":\"Person\",\"@id\":\"https:\/\/guineediversite.com\/#\/schema\/person\/afa08fb34e7fc6e1feafc892612bc836\",\"name\":\"Guin\u00e9e Diversit\u00e9\",\"image\":{\"@type\":\"ImageObject\",\"inLanguage\":\"fr-FR\",\"@id\":\"https:\/\/guineediversite.com\/#\/schema\/person\/image\/\",\"url\":\"https:\/\/secure.gravatar.com\/avatar\/50d5eb5b390f8b65ac30ac6f898eb83a?s=96&d=mm&r=g\",\"contentUrl\":\"https:\/\/secure.gravatar.com\/avatar\/50d5eb5b390f8b65ac30ac6f898eb83a?s=96&d=mm&r=g\",\"caption\":\"Guin\u00e9e Diversit\u00e9\"},\"url\":\"https:\/\/guineediversite.com\/index.php\/author\/guineediversite\/\"}]}<\/script>\n<!-- \/ Yoast SEO plugin. -->","yoast_head_json":{"title":"Mali: le gouvernement de transition \u00e9voque la possibilit\u00e9 d'un report des \u00e9lections | Guin\u00e9e Diversit\u00e9","robots":{"index":"index","follow":"follow","max-snippet":"max-snippet:-1","max-image-preview":"max-image-preview:large","max-video-preview":"max-video-preview:-1"},"canonical":"https:\/\/guineediversite.com\/index.php\/2021\/09\/27\/mali-le-gouvernement-de-transition-evoque-la-possibilite-dun-report-des-elections\/","og_locale":"fr_FR","og_type":"article","og_title":"Mali: le gouvernement de transition \u00e9voque la possibilit\u00e9 d'un report des \u00e9lections | Guin\u00e9e Diversit\u00e9","og_description":"Ce dimanche 26 septembre\u00a0se cl\u00f4turaient les concertations sur l\u2019\u00e9laboration d\u2019un organe unique de gestion des \u00e9lections et la pr\u00e9paration des Assises nationales de la refondation. L&rsquo;occasion pour les autorit\u00e9s de transition d&rsquo;exprimer la possibilit\u00e9 d&rsquo;un report des \u00e9lections pour avoir le temps de mener les r\u00e9formes n\u00e9cessaires. \u00ab Mieux vaut des \u00e9lections report\u00e9es\u00a0que des \u00e9lections [&hellip;]","og_url":"https:\/\/guineediversite.com\/index.php\/2021\/09\/27\/mali-le-gouvernement-de-transition-evoque-la-possibilite-dun-report-des-elections\/","og_site_name":"Guin\u00e9e Diversit\u00e9","article_publisher":"https:\/\/www.facebook.com\/guineediversite\/","article_published_time":"2021-09-27T10:11:19+00:00","og_image":[{"width":1300,"height":974,"url":"https:\/\/guineediversite.com\/wp-content\/uploads\/2021\/09\/Le-ministre-malien-de-la-Refondation-de-lEtat-Ibrahim-Ikassa-Maiga.jpg","type":"image\/jpeg"}],"author":"Guin\u00e9e Diversit\u00e9","twitter_card":"summary_large_image","twitter_creator":"@GuineeDiversite","twitter_site":"@GuineeDiversite","twitter_misc":{"\u00c9crit par":"Guin\u00e9e Diversit\u00e9","Dur\u00e9e de lecture estim\u00e9e":"2 minutes"},"schema":{"@context":"https:\/\/schema.org","@graph":[{"@type":"Article","@id":"https:\/\/guineediversite.com\/index.php\/2021\/09\/27\/mali-le-gouvernement-de-transition-evoque-la-possibilite-dun-report-des-elections\/#article","isPartOf":{"@id":"https:\/\/guineediversite.com\/index.php\/2021\/09\/27\/mali-le-gouvernement-de-transition-evoque-la-possibilite-dun-report-des-elections\/"},"author":{"name":"Guin\u00e9e Diversit\u00e9","@id":"https:\/\/guineediversite.com\/#\/schema\/person\/afa08fb34e7fc6e1feafc892612bc836"},"headline":"Mali: le gouvernement de transition \u00e9voque la possibilit\u00e9 d&rsquo;un report des \u00e9lections","datePublished":"2021-09-27T10:11:19+00:00","dateModified":"2021-09-27T10:11:19+00:00","mainEntityOfPage":{"@id":"https:\/\/guineediversite.com\/index.php\/2021\/09\/27\/mali-le-gouvernement-de-transition-evoque-la-possibilite-dun-report-des-elections\/"},"wordCount":375,"publisher":{"@id":"https:\/\/guineediversite.com\/#organization"},"image":{"@id":"https:\/\/guineediversite.com\/index.php\/2021\/09\/27\/mali-le-gouvernement-de-transition-evoque-la-possibilite-dun-report-des-elections\/#primaryimage"},"thumbnailUrl":"https:\/\/guineediversite.com\/wp-content\/uploads\/2021\/09\/Le-ministre-malien-de-la-Refondation-de-lEtat-Ibrahim-Ikassa-Maiga.jpg","articleSection":["International"],"inLanguage":"fr-FR"},{"@type":"WebPage","@id":"https:\/\/guineediversite.com\/index.php\/2021\/09\/27\/mali-le-gouvernement-de-transition-evoque-la-possibilite-dun-report-des-elections\/","url":"https:\/\/guineediversite.com\/index.php\/2021\/09\/27\/mali-le-gouvernement-de-transition-evoque-la-possibilite-dun-report-des-elections\/","name":"Mali: le gouvernement de transition \u00e9voque la possibilit\u00e9 d'un report des \u00e9lections | Guin\u00e9e Diversit\u00e9","isPartOf":{"@id":"https:\/\/guineediversite.com\/#website"},"primaryImageOfPage":{"@id":"https:\/\/guineediversite.com\/index.php\/2021\/09\/27\/mali-le-gouvernement-de-transition-evoque-la-possibilite-dun-report-des-elections\/#primaryimage"},"image":{"@id":"https:\/\/guineediversite.com\/index.php\/2021\/09\/27\/mali-le-gouvernement-de-transition-evoque-la-possibilite-dun-report-des-elections\/#primaryimage"},"thumbnailUrl":"https:\/\/guineediversite.com\/wp-content\/uploads\/2021\/09\/Le-ministre-malien-de-la-Refondation-de-lEtat-Ibrahim-Ikassa-Maiga.jpg","datePublished":"2021-09-27T10:11:19+00:00","dateModified":"2021-09-27T10:11:19+00:00","breadcrumb":{"@id":"https:\/\/guineediversite.com\/index.php\/2021\/09\/27\/mali-le-gouvernement-de-transition-evoque-la-possibilite-dun-report-des-elections\/#breadcrumb"},"inLanguage":"fr-FR","potentialAction":[{"@type":"ReadAction","target":["https:\/\/guineediversite.com\/index.php\/2021\/09\/27\/mali-le-gouvernement-de-transition-evoque-la-possibilite-dun-report-des-elections\/"]}]},{"@type":"ImageObject","inLanguage":"fr-FR","@id":"https:\/\/guineediversite.com\/index.php\/2021\/09\/27\/mali-le-gouvernement-de-transition-evoque-la-possibilite-dun-report-des-elections\/#primaryimage","url":"https:\/\/guineediversite.com\/wp-content\/uploads\/2021\/09\/Le-ministre-malien-de-la-Refondation-de-lEtat-Ibrahim-Ikassa-Maiga.jpg","contentUrl":"https:\/\/guineediversite.com\/wp-content\/uploads\/2021\/09\/Le-ministre-malien-de-la-Refondation-de-lEtat-Ibrahim-Ikassa-Maiga.jpg","width":1300,"height":974},{"@type":"BreadcrumbList","@id":"https:\/\/guineediversite.com\/index.php\/2021\/09\/27\/mali-le-gouvernement-de-transition-evoque-la-possibilite-dun-report-des-elections\/#breadcrumb","itemListElement":[{"@type":"ListItem","position":1,"name":"Accueil","item":"https:\/\/guineediversite.com\/"},{"@type":"ListItem","position":2,"name":"Mali: le gouvernement de transition \u00e9voque la possibilit\u00e9 d&rsquo;un report des \u00e9lections"}]},{"@type":"WebSite","@id":"https:\/\/guineediversite.com\/#website","url":"https:\/\/guineediversite.com\/","name":"Guin\u00e9e Diversit\u00e9","description":"L&#039;Info dans toute sa diversit\u00e9","publisher":{"@id":"https:\/\/guineediversite.com\/#organization"},"potentialAction":[{"@type":"SearchAction","target":{"@type":"EntryPoint","urlTemplate":"https:\/\/guineediversite.com\/?s={search_term_string}"},"query-input":{"@type":"PropertyValueSpecification","valueRequired":true,"valueName":"search_term_string"}}],"inLanguage":"fr-FR"},{"@type":"Organization","@id":"https:\/\/guineediversite.com\/#organization","name":"Guin\u00e9e Diversit\u00e9","url":"https:\/\/guineediversite.com\/","logo":{"@type":"ImageObject","inLanguage":"fr-FR","@id":"https:\/\/guineediversite.com\/#\/schema\/logo\/image\/","url":"https:\/\/guineediversite.com\/wp-content\/uploads\/2017\/04\/cropped-1jojlxEOMkX9Wyqfhe43D6kjPOGqBBKmx3EwWJqZ0cMrFF54yM49.png","contentUrl":"https:\/\/guineediversite.com\/wp-content\/uploads\/2017\/04\/cropped-1jojlxEOMkX9Wyqfhe43D6kjPOGqBBKmx3EwWJqZ0cMrFF54yM49.png","width":186,"height":112,"caption":"Guin\u00e9e Diversit\u00e9"},"image":{"@id":"https:\/\/guineediversite.com\/#\/schema\/logo\/image\/"},"sameAs":["https:\/\/www.facebook.com\/guineediversite\/","https:\/\/x.com\/GuineeDiversite","https:\/\/www.youtube.com\/channel\/UC8sUY16qelG5ge6_D5SB83g"]},{"@type":"Person","@id":"https:\/\/guineediversite.com\/#\/schema\/person\/afa08fb34e7fc6e1feafc892612bc836","name":"Guin\u00e9e Diversit\u00e9","image":{"@type":"ImageObject","inLanguage":"fr-FR","@id":"https:\/\/guineediversite.com\/#\/schema\/person\/image\/","url":"https:\/\/secure.gravatar.com\/avatar\/50d5eb5b390f8b65ac30ac6f898eb83a?s=96&d=mm&r=g","contentUrl":"https:\/\/secure.gravatar.com\/avatar\/50d5eb5b390f8b65ac30ac6f898eb83a?s=96&d=mm&r=g","caption":"Guin\u00e9e Diversit\u00e9"},"url":"https:\/\/guineediversite.com\/index.php\/author\/guineediversite\/"}]}},"_links":{"self":[{"href":"https:\/\/guineediversite.com\/index.php\/wp-json\/wp\/v2\/posts\/31583"}],"collection":[{"href":"https:\/\/guineediversite.com\/index.php\/wp-json\/wp\/v2\/posts"}],"about":[{"href":"https:\/\/guineediversite.com\/index.php\/wp-json\/wp\/v2\/types\/post"}],"author":[{"embeddable":true,"href":"https:\/\/guineediversite.com\/index.php\/wp-json\/wp\/v2\/users\/12"}],"replies":[{"embeddable":true,"href":"https:\/\/guineediversite.com\/index.php\/wp-json\/wp\/v2\/comments?post=31583"}],"version-history":[{"count":1,"href":"https:\/\/guineediversite.com\/index.php\/wp-json\/wp\/v2\/posts\/31583\/revisions"}],"predecessor-version":[{"id":31585,"href":"https:\/\/guineediversite.com\/index.php\/wp-json\/wp\/v2\/posts\/31583\/revisions\/31585"}],"wp:featuredmedia":[{"embeddable":true,"href":"https:\/\/guineediversite.com\/index.php\/wp-json\/wp\/v2\/media\/31584"}],"wp:attachment":[{"href":"https:\/\/guineediversite.com\/index.php\/wp-json\/wp\/v2\/media?parent=31583"}],"wp:term":[{"taxonomy":"category","embeddable":true,"href":"https:\/\/guineediversite.com\/index.php\/wp-json\/wp\/v2\/categories?post=31583"},{"taxonomy":"post_tag","embeddable":true,"href":"https:\/\/guineediversite.com\/index.php\/wp-json\/wp\/v2\/tags?post=31583"}],"curies":[{"name":"wp","href":"https:\/\/api.w.org\/{rel}","templated":true}]}}