{"id":31560,"date":"2021-09-23T23:26:09","date_gmt":"2021-09-23T21:26:09","guid":{"rendered":"https:\/\/guineediversite.com\/?p=31560"},"modified":"2021-09-23T23:26:09","modified_gmt":"2021-09-23T21:26:09","slug":"conakry-des-organisations-des-personnes-handicapees-sollicitent-leur-participation-au-prochain-gouvernement","status":"publish","type":"post","link":"https:\/\/guineediversite.com\/index.php\/2021\/09\/23\/conakry-des-organisations-des-personnes-handicapees-sollicitent-leur-participation-au-prochain-gouvernement\/","title":{"rendered":"Conakry : des organisations des personnes handicap\u00e9es sollicitent leur participation au prochain gouvernement"},"content":{"rendered":"<p><strong>C\u2019est dans une d\u00e9claration rendue publique ce jeudi 23 septembre 2021 \u00e0 la maison de la presse, que l&rsquo;association des personnes handicap\u00e9es de Guin\u00e9e a invit\u00e9 les nouvelles autorit\u00e9s \u00e0 se pencher sur la prise en compte des pr\u00e9occupations des personnes handicap\u00e9es. <\/strong><\/p>\n<p>La structure compte jouer un r\u00f4le important dans la r\u00e9ussite de la transition. Elle ( les organisations des personnes handicap\u00e9s Ndlr) par le canal de son porte-parole, Ousmane Dian\u00e9 a tout d\u2019abord sollicit\u00e9 la participation des personnes handicap\u00e9es \u00e0 l\u2019\u00e9laboration des textes relatifs \u00e0 leurs droits.<\/p>\n<p>\u00ab <em>Les organisations des personnes handicap\u00e9es de Guin\u00e9e sollicitent la participation des personnes handicap\u00e9es dans l&rsquo;\u00e9laboration de tous les textes relatifs \u00e0 leurs droits et au poste de prises de d\u00e9cisions en vue de favoriser la prise en compte des pr\u00e9occupations de cette couche importante de la soci\u00e9t\u00e9. Comme le recommande implicitement la convention des Nations Unies relative aux personnes handicap\u00e9es qui est d\u00e9j\u00e0 ratifi\u00e9e par la Guin\u00e9e en la date du 18 Avril 2008<\/em>\u00a0\u00bb, a-t-il soulign\u00e9.<\/p>\n<p>La structure sollicite \u00e9galement qu\u2019elle soit associ\u00e9e aux organes de la transition, notamment le conseil national de la transition et le prochain gouvernement.<\/p>\n<p><strong>Hady MINTHE<\/strong><\/p>\n","protected":false},"excerpt":{"rendered":"<p>C\u2019est dans une d\u00e9claration rendue publique ce jeudi 23 septembre 2021 \u00e0 la maison de la presse, que l&rsquo;association des personnes handicap\u00e9es de Guin\u00e9e a invit\u00e9 les nouvelles autorit\u00e9s \u00e0 se pencher sur la prise en compte des pr\u00e9occupations des personnes handicap\u00e9es. La structure compte jouer un r\u00f4le important dans la r\u00e9ussite de la transition. [&hellip;]<\/p>\n","protected":false},"author":12,"featured_media":31561,"comment_status":"closed","ping_status":"open","sticky":false,"template":"","format":"standard","meta":{"_exactmetrics_skip_tracking":false,"_exactmetrics_sitenote_active":false,"_exactmetrics_sitenote_note":"","_exactmetrics_sitenote_category":0,"tdm_status":"","tdm_grid_status":"","footnotes":""},"categories":[16],"tags":[],"class_list":{"0":"post-31560","1":"post","2":"type-post","3":"status-publish","4":"format-standard","5":"has-post-thumbnail","7":"category-societe"},"yoast_head":"<!-- This site is optimized with the Yoast SEO plugin v24.2 - https:\/\/yoast.com\/wordpress\/plugins\/seo\/ -->\n<title>Conakry : des organisations des personnes handicap\u00e9es sollicitent leur participation au prochain gouvernement | Guin\u00e9e Diversit\u00e9<\/title>\n<meta name=\"robots\" content=\"index, follow, max-snippet:-1, max-image-preview:large, max-video-preview:-1\" \/>\n<link rel=\"canonical\" href=\"https:\/\/guineediversite.com\/index.php\/2021\/09\/23\/conakry-des-organisations-des-personnes-handicapees-sollicitent-leur-participation-au-prochain-gouvernement\/\" \/>\n<meta property=\"og:locale\" content=\"fr_FR\" \/>\n<meta property=\"og:type\" content=\"article\" \/>\n<meta property=\"og:title\" content=\"Conakry : des organisations des personnes handicap\u00e9es sollicitent leur participation au prochain gouvernement | Guin\u00e9e Diversit\u00e9\" \/>\n<meta property=\"og:description\" content=\"C\u2019est dans une d\u00e9claration rendue publique ce jeudi 23 septembre 2021 \u00e0 la maison de la presse, que l&rsquo;association des personnes handicap\u00e9es de Guin\u00e9e a invit\u00e9 les nouvelles autorit\u00e9s \u00e0 se pencher sur la prise en compte des pr\u00e9occupations des personnes handicap\u00e9es. La structure compte jouer un r\u00f4le important dans la r\u00e9ussite de la transition. [&hellip;]\" \/>\n<meta property=\"og:url\" content=\"https:\/\/guineediversite.com\/index.php\/2021\/09\/23\/conakry-des-organisations-des-personnes-handicapees-sollicitent-leur-participation-au-prochain-gouvernement\/\" \/>\n<meta property=\"og:site_name\" content=\"Guin\u00e9e Diversit\u00e9\" \/>\n<meta property=\"article:publisher\" content=\"https:\/\/www.facebook.com\/guineediversite\/\" \/>\n<meta property=\"article:published_time\" content=\"2021-09-23T21:26:09+00:00\" \/>\n<meta property=\"og:image\" content=\"https:\/\/guineediversite.com\/wp-content\/uploads\/2021\/09\/WhatsApp-Image-2021-09-23-at-21.20.19.jpeg\" \/>\n\t<meta property=\"og:image:width\" content=\"1300\" \/>\n\t<meta property=\"og:image:height\" content=\"615\" \/>\n\t<meta property=\"og:image:type\" content=\"image\/jpeg\" \/>\n<meta name=\"author\" content=\"Guin\u00e9e Diversit\u00e9\" \/>\n<meta name=\"twitter:card\" content=\"summary_large_image\" \/>\n<meta name=\"twitter:creator\" content=\"@GuineeDiversite\" \/>\n<meta name=\"twitter:site\" content=\"@GuineeDiversite\" \/>\n<meta name=\"twitter:label1\" content=\"\u00c9crit par\" \/>\n\t<meta name=\"twitter:data1\" content=\"Guin\u00e9e Diversit\u00e9\" \/>\n\t<meta name=\"twitter:label2\" content=\"Dur\u00e9e de lecture estim\u00e9e\" \/>\n\t<meta name=\"twitter:data2\" content=\"1 minute\" \/>\n<script type=\"application\/ld+json\" class=\"yoast-schema-graph\">{\"@context\":\"https:\/\/schema.org\",\"@graph\":[{\"@type\":\"Article\",\"@id\":\"https:\/\/guineediversite.com\/index.php\/2021\/09\/23\/conakry-des-organisations-des-personnes-handicapees-sollicitent-leur-participation-au-prochain-gouvernement\/#article\",\"isPartOf\":{\"@id\":\"https:\/\/guineediversite.com\/index.php\/2021\/09\/23\/conakry-des-organisations-des-personnes-handicapees-sollicitent-leur-participation-au-prochain-gouvernement\/\"},\"author\":{\"name\":\"Guin\u00e9e Diversit\u00e9\",\"@id\":\"https:\/\/guineediversite.com\/#\/schema\/person\/afa08fb34e7fc6e1feafc892612bc836\"},\"headline\":\"Conakry : des organisations des personnes handicap\u00e9es sollicitent leur participation au prochain gouvernement\",\"datePublished\":\"2021-09-23T21:26:09+00:00\",\"dateModified\":\"2021-09-23T21:26:09+00:00\",\"mainEntityOfPage\":{\"@id\":\"https:\/\/guineediversite.com\/index.php\/2021\/09\/23\/conakry-des-organisations-des-personnes-handicapees-sollicitent-leur-participation-au-prochain-gouvernement\/\"},\"wordCount\":219,\"publisher\":{\"@id\":\"https:\/\/guineediversite.com\/#organization\"},\"image\":{\"@id\":\"https:\/\/guineediversite.com\/index.php\/2021\/09\/23\/conakry-des-organisations-des-personnes-handicapees-sollicitent-leur-participation-au-prochain-gouvernement\/#primaryimage\"},\"thumbnailUrl\":\"https:\/\/guineediversite.com\/wp-content\/uploads\/2021\/09\/WhatsApp-Image-2021-09-23-at-21.20.19.jpeg\",\"articleSection\":[\"Soci\u00e9t\u00e9\"],\"inLanguage\":\"fr-FR\"},{\"@type\":\"WebPage\",\"@id\":\"https:\/\/guineediversite.com\/index.php\/2021\/09\/23\/conakry-des-organisations-des-personnes-handicapees-sollicitent-leur-participation-au-prochain-gouvernement\/\",\"url\":\"https:\/\/guineediversite.com\/index.php\/2021\/09\/23\/conakry-des-organisations-des-personnes-handicapees-sollicitent-leur-participation-au-prochain-gouvernement\/\",\"name\":\"Conakry : des organisations des personnes handicap\u00e9es sollicitent leur participation au prochain gouvernement | Guin\u00e9e Diversit\u00e9\",\"isPartOf\":{\"@id\":\"https:\/\/guineediversite.com\/#website\"},\"primaryImageOfPage\":{\"@id\":\"https:\/\/guineediversite.com\/index.php\/2021\/09\/23\/conakry-des-organisations-des-personnes-handicapees-sollicitent-leur-participation-au-prochain-gouvernement\/#primaryimage\"},\"image\":{\"@id\":\"https:\/\/guineediversite.com\/index.php\/2021\/09\/23\/conakry-des-organisations-des-personnes-handicapees-sollicitent-leur-participation-au-prochain-gouvernement\/#primaryimage\"},\"thumbnailUrl\":\"https:\/\/guineediversite.com\/wp-content\/uploads\/2021\/09\/WhatsApp-Image-2021-09-23-at-21.20.19.jpeg\",\"datePublished\":\"2021-09-23T21:26:09+00:00\",\"dateModified\":\"2021-09-23T21:26:09+00:00\",\"breadcrumb\":{\"@id\":\"https:\/\/guineediversite.com\/index.php\/2021\/09\/23\/conakry-des-organisations-des-personnes-handicapees-sollicitent-leur-participation-au-prochain-gouvernement\/#breadcrumb\"},\"inLanguage\":\"fr-FR\",\"potentialAction\":[{\"@type\":\"ReadAction\",\"target\":[\"https:\/\/guineediversite.com\/index.php\/2021\/09\/23\/conakry-des-organisations-des-personnes-handicapees-sollicitent-leur-participation-au-prochain-gouvernement\/\"]}]},{\"@type\":\"ImageObject\",\"inLanguage\":\"fr-FR\",\"@id\":\"https:\/\/guineediversite.com\/index.php\/2021\/09\/23\/conakry-des-organisations-des-personnes-handicapees-sollicitent-leur-participation-au-prochain-gouvernement\/#primaryimage\",\"url\":\"https:\/\/guineediversite.com\/wp-content\/uploads\/2021\/09\/WhatsApp-Image-2021-09-23-at-21.20.19.jpeg\",\"contentUrl\":\"https:\/\/guineediversite.com\/wp-content\/uploads\/2021\/09\/WhatsApp-Image-2021-09-23-at-21.20.19.jpeg\",\"width\":1300,\"height\":615},{\"@type\":\"BreadcrumbList\",\"@id\":\"https:\/\/guineediversite.com\/index.php\/2021\/09\/23\/conakry-des-organisations-des-personnes-handicapees-sollicitent-leur-participation-au-prochain-gouvernement\/#breadcrumb\",\"itemListElement\":[{\"@type\":\"ListItem\",\"position\":1,\"name\":\"Accueil\",\"item\":\"https:\/\/guineediversite.com\/\"},{\"@type\":\"ListItem\",\"position\":2,\"name\":\"Conakry : des organisations des personnes handicap\u00e9es sollicitent leur participation au prochain gouvernement\"}]},{\"@type\":\"WebSite\",\"@id\":\"https:\/\/guineediversite.com\/#website\",\"url\":\"https:\/\/guineediversite.com\/\",\"name\":\"Guin\u00e9e Diversit\u00e9\",\"description\":\"L&#039;Info dans toute sa diversit\u00e9\",\"publisher\":{\"@id\":\"https:\/\/guineediversite.com\/#organization\"},\"potentialAction\":[{\"@type\":\"SearchAction\",\"target\":{\"@type\":\"EntryPoint\",\"urlTemplate\":\"https:\/\/guineediversite.com\/?s={search_term_string}\"},\"query-input\":{\"@type\":\"PropertyValueSpecification\",\"valueRequired\":true,\"valueName\":\"search_term_string\"}}],\"inLanguage\":\"fr-FR\"},{\"@type\":\"Organization\",\"@id\":\"https:\/\/guineediversite.com\/#organization\",\"name\":\"Guin\u00e9e Diversit\u00e9\",\"url\":\"https:\/\/guineediversite.com\/\",\"logo\":{\"@type\":\"ImageObject\",\"inLanguage\":\"fr-FR\",\"@id\":\"https:\/\/guineediversite.com\/#\/schema\/logo\/image\/\",\"url\":\"https:\/\/guineediversite.com\/wp-content\/uploads\/2017\/04\/cropped-1jojlxEOMkX9Wyqfhe43D6kjPOGqBBKmx3EwWJqZ0cMrFF54yM49.png\",\"contentUrl\":\"https:\/\/guineediversite.com\/wp-content\/uploads\/2017\/04\/cropped-1jojlxEOMkX9Wyqfhe43D6kjPOGqBBKmx3EwWJqZ0cMrFF54yM49.png\",\"width\":186,\"height\":112,\"caption\":\"Guin\u00e9e Diversit\u00e9\"},\"image\":{\"@id\":\"https:\/\/guineediversite.com\/#\/schema\/logo\/image\/\"},\"sameAs\":[\"https:\/\/www.facebook.com\/guineediversite\/\",\"https:\/\/x.com\/GuineeDiversite\",\"https:\/\/www.youtube.com\/channel\/UC8sUY16qelG5ge6_D5SB83g\"]},{\"@type\":\"Person\",\"@id\":\"https:\/\/guineediversite.com\/#\/schema\/person\/afa08fb34e7fc6e1feafc892612bc836\",\"name\":\"Guin\u00e9e Diversit\u00e9\",\"image\":{\"@type\":\"ImageObject\",\"inLanguage\":\"fr-FR\",\"@id\":\"https:\/\/guineediversite.com\/#\/schema\/person\/image\/\",\"url\":\"https:\/\/secure.gravatar.com\/avatar\/50d5eb5b390f8b65ac30ac6f898eb83a?s=96&d=mm&r=g\",\"contentUrl\":\"https:\/\/secure.gravatar.com\/avatar\/50d5eb5b390f8b65ac30ac6f898eb83a?s=96&d=mm&r=g\",\"caption\":\"Guin\u00e9e Diversit\u00e9\"},\"url\":\"https:\/\/guineediversite.com\/index.php\/author\/guineediversite\/\"}]}<\/script>\n<!-- \/ Yoast SEO plugin. -->","yoast_head_json":{"title":"Conakry : des organisations des personnes handicap\u00e9es sollicitent leur participation au prochain gouvernement | Guin\u00e9e Diversit\u00e9","robots":{"index":"index","follow":"follow","max-snippet":"max-snippet:-1","max-image-preview":"max-image-preview:large","max-video-preview":"max-video-preview:-1"},"canonical":"https:\/\/guineediversite.com\/index.php\/2021\/09\/23\/conakry-des-organisations-des-personnes-handicapees-sollicitent-leur-participation-au-prochain-gouvernement\/","og_locale":"fr_FR","og_type":"article","og_title":"Conakry : des organisations des personnes handicap\u00e9es sollicitent leur participation au prochain gouvernement | Guin\u00e9e Diversit\u00e9","og_description":"C\u2019est dans une d\u00e9claration rendue publique ce jeudi 23 septembre 2021 \u00e0 la maison de la presse, que l&rsquo;association des personnes handicap\u00e9es de Guin\u00e9e a invit\u00e9 les nouvelles autorit\u00e9s \u00e0 se pencher sur la prise en compte des pr\u00e9occupations des personnes handicap\u00e9es. La structure compte jouer un r\u00f4le important dans la r\u00e9ussite de la transition. [&hellip;]","og_url":"https:\/\/guineediversite.com\/index.php\/2021\/09\/23\/conakry-des-organisations-des-personnes-handicapees-sollicitent-leur-participation-au-prochain-gouvernement\/","og_site_name":"Guin\u00e9e Diversit\u00e9","article_publisher":"https:\/\/www.facebook.com\/guineediversite\/","article_published_time":"2021-09-23T21:26:09+00:00","og_image":[{"width":1300,"height":615,"url":"https:\/\/guineediversite.com\/wp-content\/uploads\/2021\/09\/WhatsApp-Image-2021-09-23-at-21.20.19.jpeg","type":"image\/jpeg"}],"author":"Guin\u00e9e Diversit\u00e9","twitter_card":"summary_large_image","twitter_creator":"@GuineeDiversite","twitter_site":"@GuineeDiversite","twitter_misc":{"\u00c9crit par":"Guin\u00e9e Diversit\u00e9","Dur\u00e9e de lecture estim\u00e9e":"1 minute"},"schema":{"@context":"https:\/\/schema.org","@graph":[{"@type":"Article","@id":"https:\/\/guineediversite.com\/index.php\/2021\/09\/23\/conakry-des-organisations-des-personnes-handicapees-sollicitent-leur-participation-au-prochain-gouvernement\/#article","isPartOf":{"@id":"https:\/\/guineediversite.com\/index.php\/2021\/09\/23\/conakry-des-organisations-des-personnes-handicapees-sollicitent-leur-participation-au-prochain-gouvernement\/"},"author":{"name":"Guin\u00e9e Diversit\u00e9","@id":"https:\/\/guineediversite.com\/#\/schema\/person\/afa08fb34e7fc6e1feafc892612bc836"},"headline":"Conakry : des organisations des personnes handicap\u00e9es sollicitent leur participation au prochain gouvernement","datePublished":"2021-09-23T21:26:09+00:00","dateModified":"2021-09-23T21:26:09+00:00","mainEntityOfPage":{"@id":"https:\/\/guineediversite.com\/index.php\/2021\/09\/23\/conakry-des-organisations-des-personnes-handicapees-sollicitent-leur-participation-au-prochain-gouvernement\/"},"wordCount":219,"publisher":{"@id":"https:\/\/guineediversite.com\/#organization"},"image":{"@id":"https:\/\/guineediversite.com\/index.php\/2021\/09\/23\/conakry-des-organisations-des-personnes-handicapees-sollicitent-leur-participation-au-prochain-gouvernement\/#primaryimage"},"thumbnailUrl":"https:\/\/guineediversite.com\/wp-content\/uploads\/2021\/09\/WhatsApp-Image-2021-09-23-at-21.20.19.jpeg","articleSection":["Soci\u00e9t\u00e9"],"inLanguage":"fr-FR"},{"@type":"WebPage","@id":"https:\/\/guineediversite.com\/index.php\/2021\/09\/23\/conakry-des-organisations-des-personnes-handicapees-sollicitent-leur-participation-au-prochain-gouvernement\/","url":"https:\/\/guineediversite.com\/index.php\/2021\/09\/23\/conakry-des-organisations-des-personnes-handicapees-sollicitent-leur-participation-au-prochain-gouvernement\/","name":"Conakry : des organisations des personnes handicap\u00e9es sollicitent leur participation au prochain gouvernement | Guin\u00e9e Diversit\u00e9","isPartOf":{"@id":"https:\/\/guineediversite.com\/#website"},"primaryImageOfPage":{"@id":"https:\/\/guineediversite.com\/index.php\/2021\/09\/23\/conakry-des-organisations-des-personnes-handicapees-sollicitent-leur-participation-au-prochain-gouvernement\/#primaryimage"},"image":{"@id":"https:\/\/guineediversite.com\/index.php\/2021\/09\/23\/conakry-des-organisations-des-personnes-handicapees-sollicitent-leur-participation-au-prochain-gouvernement\/#primaryimage"},"thumbnailUrl":"https:\/\/guineediversite.com\/wp-content\/uploads\/2021\/09\/WhatsApp-Image-2021-09-23-at-21.20.19.jpeg","datePublished":"2021-09-23T21:26:09+00:00","dateModified":"2021-09-23T21:26:09+00:00","breadcrumb":{"@id":"https:\/\/guineediversite.com\/index.php\/2021\/09\/23\/conakry-des-organisations-des-personnes-handicapees-sollicitent-leur-participation-au-prochain-gouvernement\/#breadcrumb"},"inLanguage":"fr-FR","potentialAction":[{"@type":"ReadAction","target":["https:\/\/guineediversite.com\/index.php\/2021\/09\/23\/conakry-des-organisations-des-personnes-handicapees-sollicitent-leur-participation-au-prochain-gouvernement\/"]}]},{"@type":"ImageObject","inLanguage":"fr-FR","@id":"https:\/\/guineediversite.com\/index.php\/2021\/09\/23\/conakry-des-organisations-des-personnes-handicapees-sollicitent-leur-participation-au-prochain-gouvernement\/#primaryimage","url":"https:\/\/guineediversite.com\/wp-content\/uploads\/2021\/09\/WhatsApp-Image-2021-09-23-at-21.20.19.jpeg","contentUrl":"https:\/\/guineediversite.com\/wp-content\/uploads\/2021\/09\/WhatsApp-Image-2021-09-23-at-21.20.19.jpeg","width":1300,"height":615},{"@type":"BreadcrumbList","@id":"https:\/\/guineediversite.com\/index.php\/2021\/09\/23\/conakry-des-organisations-des-personnes-handicapees-sollicitent-leur-participation-au-prochain-gouvernement\/#breadcrumb","itemListElement":[{"@type":"ListItem","position":1,"name":"Accueil","item":"https:\/\/guineediversite.com\/"},{"@type":"ListItem","position":2,"name":"Conakry : des organisations des personnes handicap\u00e9es sollicitent leur participation au prochain gouvernement"}]},{"@type":"WebSite","@id":"https:\/\/guineediversite.com\/#website","url":"https:\/\/guineediversite.com\/","name":"Guin\u00e9e Diversit\u00e9","description":"L&#039;Info dans toute sa diversit\u00e9","publisher":{"@id":"https:\/\/guineediversite.com\/#organization"},"potentialAction":[{"@type":"SearchAction","target":{"@type":"EntryPoint","urlTemplate":"https:\/\/guineediversite.com\/?s={search_term_string}"},"query-input":{"@type":"PropertyValueSpecification","valueRequired":true,"valueName":"search_term_string"}}],"inLanguage":"fr-FR"},{"@type":"Organization","@id":"https:\/\/guineediversite.com\/#organization","name":"Guin\u00e9e Diversit\u00e9","url":"https:\/\/guineediversite.com\/","logo":{"@type":"ImageObject","inLanguage":"fr-FR","@id":"https:\/\/guineediversite.com\/#\/schema\/logo\/image\/","url":"https:\/\/guineediversite.com\/wp-content\/uploads\/2017\/04\/cropped-1jojlxEOMkX9Wyqfhe43D6kjPOGqBBKmx3EwWJqZ0cMrFF54yM49.png","contentUrl":"https:\/\/guineediversite.com\/wp-content\/uploads\/2017\/04\/cropped-1jojlxEOMkX9Wyqfhe43D6kjPOGqBBKmx3EwWJqZ0cMrFF54yM49.png","width":186,"height":112,"caption":"Guin\u00e9e Diversit\u00e9"},"image":{"@id":"https:\/\/guineediversite.com\/#\/schema\/logo\/image\/"},"sameAs":["https:\/\/www.facebook.com\/guineediversite\/","https:\/\/x.com\/GuineeDiversite","https:\/\/www.youtube.com\/channel\/UC8sUY16qelG5ge6_D5SB83g"]},{"@type":"Person","@id":"https:\/\/guineediversite.com\/#\/schema\/person\/afa08fb34e7fc6e1feafc892612bc836","name":"Guin\u00e9e Diversit\u00e9","image":{"@type":"ImageObject","inLanguage":"fr-FR","@id":"https:\/\/guineediversite.com\/#\/schema\/person\/image\/","url":"https:\/\/secure.gravatar.com\/avatar\/50d5eb5b390f8b65ac30ac6f898eb83a?s=96&d=mm&r=g","contentUrl":"https:\/\/secure.gravatar.com\/avatar\/50d5eb5b390f8b65ac30ac6f898eb83a?s=96&d=mm&r=g","caption":"Guin\u00e9e Diversit\u00e9"},"url":"https:\/\/guineediversite.com\/index.php\/author\/guineediversite\/"}]}},"_links":{"self":[{"href":"https:\/\/guineediversite.com\/index.php\/wp-json\/wp\/v2\/posts\/31560"}],"collection":[{"href":"https:\/\/guineediversite.com\/index.php\/wp-json\/wp\/v2\/posts"}],"about":[{"href":"https:\/\/guineediversite.com\/index.php\/wp-json\/wp\/v2\/types\/post"}],"author":[{"embeddable":true,"href":"https:\/\/guineediversite.com\/index.php\/wp-json\/wp\/v2\/users\/12"}],"replies":[{"embeddable":true,"href":"https:\/\/guineediversite.com\/index.php\/wp-json\/wp\/v2\/comments?post=31560"}],"version-history":[{"count":1,"href":"https:\/\/guineediversite.com\/index.php\/wp-json\/wp\/v2\/posts\/31560\/revisions"}],"predecessor-version":[{"id":31562,"href":"https:\/\/guineediversite.com\/index.php\/wp-json\/wp\/v2\/posts\/31560\/revisions\/31562"}],"wp:featuredmedia":[{"embeddable":true,"href":"https:\/\/guineediversite.com\/index.php\/wp-json\/wp\/v2\/media\/31561"}],"wp:attachment":[{"href":"https:\/\/guineediversite.com\/index.php\/wp-json\/wp\/v2\/media?parent=31560"}],"wp:term":[{"taxonomy":"category","embeddable":true,"href":"https:\/\/guineediversite.com\/index.php\/wp-json\/wp\/v2\/categories?post=31560"},{"taxonomy":"post_tag","embeddable":true,"href":"https:\/\/guineediversite.com\/index.php\/wp-json\/wp\/v2\/tags?post=31560"}],"curies":[{"name":"wp","href":"https:\/\/api.w.org\/{rel}","templated":true}]}}