{"id":31548,"date":"2021-09-23T10:00:02","date_gmt":"2021-09-23T08:00:02","guid":{"rendered":"https:\/\/guineediversite.com\/?p=31548"},"modified":"2021-09-23T10:00:02","modified_gmt":"2021-09-23T08:00:02","slug":"tunisie-le-president-kais-saied-etend-encore-ses-pouvoirs","status":"publish","type":"post","link":"https:\/\/guineediversite.com\/index.php\/2021\/09\/23\/tunisie-le-president-kais-saied-etend-encore-ses-pouvoirs\/","title":{"rendered":"Tunisie: le pr\u00e9sident Ka\u00efs Sa\u00efed \u00e9tend encore ses pouvoirs"},"content":{"rendered":"<p><strong>Deux jours apr\u00e8s le discours, lundi 20\u00a0septembre, de Ka\u00efs Sa\u00efed \u00e0 Sidi Bouzid, le berceau de la r\u00e9volution, la pr\u00e9sidence tunisienne a annonc\u00e9 ce mercredi 22 septembre\u00a0une batterie de mesures qui semblent asseoir encore plus le pouvoir de Carthage.<\/strong><\/p>\n<p>Cela faisait huit semaines que les Tunisiens attendaient la feuille de route de leur pr\u00e9sident. Le d\u00e9tail leur en a \u00e9t\u00e9 donn\u00e9, en partie, mercredi soir.<\/p>\n<p>Le Parlement tunisien reste gel\u00e9, l\u2019immunit\u00e9 des d\u00e9put\u00e9s aussi. \u00c0 cela s\u2019ajoute d\u00e9sormais la perte de leur salaire. Le ma\u00eetre de Carthage a d\u00e9cid\u00e9 de se substituer \u00e0 l&rsquo;Assembl\u00e9e, puisqu&rsquo;il l\u00e9gif\u00e9rera d\u00e9sormais par d\u00e9crets pour une dur\u00e9e qui n\u2019a pas \u00e9t\u00e9 pr\u00e9cis\u00e9e.<\/p>\n<p>Ce mercredi soir, plusieurs observateurs voient dans ces nouvelles mesures le signe que la Tunisie s&rsquo;achemine progressivement vers un r\u00e9gime pr\u00e9sidentiel. Certains utilisent m\u00eame le qualificatif de \u00ab\u00a0pr\u00e9sidentialiste\u00a0\u00bb.<\/p>\n<p>Les annonces du pr\u00e9sident\u00a0suscitent \u00e9galement l\u2019inqui\u00e9tude de juristes, mais aussi de membres de la soci\u00e9t\u00e9 civile tunisienne.<\/p>\n<p>C\u00f4t\u00e9 politique, le parti islamiste Ennahdha, jusqu\u2019ici premi\u00e8re force de l\u2019Assembl\u00e9e, a r\u00e9agi par la voix de son pr\u00e9sident Rached Ghannouchi et a annonc\u00e9 son refus de ces mesures pr\u00e9sidentielles qui \u00e9quivalent selon lui \u00e0 un abandon de la Constitution de 2014.<\/p>\n<p><strong>RFI<\/strong><\/p>\n","protected":false},"excerpt":{"rendered":"<p>Deux jours apr\u00e8s le discours, lundi 20\u00a0septembre, de Ka\u00efs Sa\u00efed \u00e0 Sidi Bouzid, le berceau de la r\u00e9volution, la pr\u00e9sidence tunisienne a annonc\u00e9 ce mercredi 22 septembre\u00a0une batterie de mesures qui semblent asseoir encore plus le pouvoir de Carthage. Cela faisait huit semaines que les Tunisiens attendaient la feuille de route de leur pr\u00e9sident. Le [&hellip;]<\/p>\n","protected":false},"author":12,"featured_media":31549,"comment_status":"closed","ping_status":"open","sticky":false,"template":"","format":"standard","meta":{"_exactmetrics_skip_tracking":false,"_exactmetrics_sitenote_active":false,"_exactmetrics_sitenote_note":"","_exactmetrics_sitenote_category":0,"tdm_status":"","tdm_grid_status":"","footnotes":""},"categories":[21],"tags":[],"class_list":{"0":"post-31548","1":"post","2":"type-post","3":"status-publish","4":"format-standard","5":"has-post-thumbnail","7":"category-international"},"yoast_head":"<!-- This site is optimized with the Yoast SEO plugin v24.2 - https:\/\/yoast.com\/wordpress\/plugins\/seo\/ -->\n<title>Tunisie: le pr\u00e9sident Ka\u00efs Sa\u00efed \u00e9tend encore ses pouvoirs | Guin\u00e9e Diversit\u00e9<\/title>\n<meta name=\"robots\" content=\"index, follow, max-snippet:-1, max-image-preview:large, max-video-preview:-1\" \/>\n<link rel=\"canonical\" href=\"https:\/\/guineediversite.com\/index.php\/2021\/09\/23\/tunisie-le-president-kais-saied-etend-encore-ses-pouvoirs\/\" \/>\n<meta property=\"og:locale\" content=\"fr_FR\" \/>\n<meta property=\"og:type\" content=\"article\" \/>\n<meta property=\"og:title\" content=\"Tunisie: le pr\u00e9sident Ka\u00efs Sa\u00efed \u00e9tend encore ses pouvoirs | Guin\u00e9e Diversit\u00e9\" \/>\n<meta property=\"og:description\" content=\"Deux jours apr\u00e8s le discours, lundi 20\u00a0septembre, de Ka\u00efs Sa\u00efed \u00e0 Sidi Bouzid, le berceau de la r\u00e9volution, la pr\u00e9sidence tunisienne a annonc\u00e9 ce mercredi 22 septembre\u00a0une batterie de mesures qui semblent asseoir encore plus le pouvoir de Carthage. Cela faisait huit semaines que les Tunisiens attendaient la feuille de route de leur pr\u00e9sident. Le [&hellip;]\" \/>\n<meta property=\"og:url\" content=\"https:\/\/guineediversite.com\/index.php\/2021\/09\/23\/tunisie-le-president-kais-saied-etend-encore-ses-pouvoirs\/\" \/>\n<meta property=\"og:site_name\" content=\"Guin\u00e9e Diversit\u00e9\" \/>\n<meta property=\"article:publisher\" content=\"https:\/\/www.facebook.com\/guineediversite\/\" \/>\n<meta property=\"article:published_time\" content=\"2021-09-23T08:00:02+00:00\" \/>\n<meta property=\"og:image\" content=\"https:\/\/guineediversite.com\/wp-content\/uploads\/2021\/09\/President-de-la-Tunisie.jpg\" \/>\n\t<meta property=\"og:image:width\" content=\"1300\" \/>\n\t<meta property=\"og:image:height\" content=\"828\" \/>\n\t<meta property=\"og:image:type\" content=\"image\/jpeg\" \/>\n<meta name=\"author\" content=\"Guin\u00e9e Diversit\u00e9\" \/>\n<meta name=\"twitter:card\" content=\"summary_large_image\" \/>\n<meta name=\"twitter:creator\" content=\"@GuineeDiversite\" \/>\n<meta name=\"twitter:site\" content=\"@GuineeDiversite\" \/>\n<meta name=\"twitter:label1\" content=\"\u00c9crit par\" \/>\n\t<meta name=\"twitter:data1\" content=\"Guin\u00e9e Diversit\u00e9\" \/>\n\t<meta name=\"twitter:label2\" content=\"Dur\u00e9e de lecture estim\u00e9e\" \/>\n\t<meta name=\"twitter:data2\" content=\"1 minute\" \/>\n<script type=\"application\/ld+json\" class=\"yoast-schema-graph\">{\"@context\":\"https:\/\/schema.org\",\"@graph\":[{\"@type\":\"Article\",\"@id\":\"https:\/\/guineediversite.com\/index.php\/2021\/09\/23\/tunisie-le-president-kais-saied-etend-encore-ses-pouvoirs\/#article\",\"isPartOf\":{\"@id\":\"https:\/\/guineediversite.com\/index.php\/2021\/09\/23\/tunisie-le-president-kais-saied-etend-encore-ses-pouvoirs\/\"},\"author\":{\"name\":\"Guin\u00e9e Diversit\u00e9\",\"@id\":\"https:\/\/guineediversite.com\/#\/schema\/person\/afa08fb34e7fc6e1feafc892612bc836\"},\"headline\":\"Tunisie: le pr\u00e9sident Ka\u00efs Sa\u00efed \u00e9tend encore ses pouvoirs\",\"datePublished\":\"2021-09-23T08:00:02+00:00\",\"dateModified\":\"2021-09-23T08:00:02+00:00\",\"mainEntityOfPage\":{\"@id\":\"https:\/\/guineediversite.com\/index.php\/2021\/09\/23\/tunisie-le-president-kais-saied-etend-encore-ses-pouvoirs\/\"},\"wordCount\":245,\"publisher\":{\"@id\":\"https:\/\/guineediversite.com\/#organization\"},\"image\":{\"@id\":\"https:\/\/guineediversite.com\/index.php\/2021\/09\/23\/tunisie-le-president-kais-saied-etend-encore-ses-pouvoirs\/#primaryimage\"},\"thumbnailUrl\":\"https:\/\/guineediversite.com\/wp-content\/uploads\/2021\/09\/President-de-la-Tunisie.jpg\",\"articleSection\":[\"International\"],\"inLanguage\":\"fr-FR\"},{\"@type\":\"WebPage\",\"@id\":\"https:\/\/guineediversite.com\/index.php\/2021\/09\/23\/tunisie-le-president-kais-saied-etend-encore-ses-pouvoirs\/\",\"url\":\"https:\/\/guineediversite.com\/index.php\/2021\/09\/23\/tunisie-le-president-kais-saied-etend-encore-ses-pouvoirs\/\",\"name\":\"Tunisie: le pr\u00e9sident Ka\u00efs Sa\u00efed \u00e9tend encore ses pouvoirs | Guin\u00e9e Diversit\u00e9\",\"isPartOf\":{\"@id\":\"https:\/\/guineediversite.com\/#website\"},\"primaryImageOfPage\":{\"@id\":\"https:\/\/guineediversite.com\/index.php\/2021\/09\/23\/tunisie-le-president-kais-saied-etend-encore-ses-pouvoirs\/#primaryimage\"},\"image\":{\"@id\":\"https:\/\/guineediversite.com\/index.php\/2021\/09\/23\/tunisie-le-president-kais-saied-etend-encore-ses-pouvoirs\/#primaryimage\"},\"thumbnailUrl\":\"https:\/\/guineediversite.com\/wp-content\/uploads\/2021\/09\/President-de-la-Tunisie.jpg\",\"datePublished\":\"2021-09-23T08:00:02+00:00\",\"dateModified\":\"2021-09-23T08:00:02+00:00\",\"breadcrumb\":{\"@id\":\"https:\/\/guineediversite.com\/index.php\/2021\/09\/23\/tunisie-le-president-kais-saied-etend-encore-ses-pouvoirs\/#breadcrumb\"},\"inLanguage\":\"fr-FR\",\"potentialAction\":[{\"@type\":\"ReadAction\",\"target\":[\"https:\/\/guineediversite.com\/index.php\/2021\/09\/23\/tunisie-le-president-kais-saied-etend-encore-ses-pouvoirs\/\"]}]},{\"@type\":\"ImageObject\",\"inLanguage\":\"fr-FR\",\"@id\":\"https:\/\/guineediversite.com\/index.php\/2021\/09\/23\/tunisie-le-president-kais-saied-etend-encore-ses-pouvoirs\/#primaryimage\",\"url\":\"https:\/\/guineediversite.com\/wp-content\/uploads\/2021\/09\/President-de-la-Tunisie.jpg\",\"contentUrl\":\"https:\/\/guineediversite.com\/wp-content\/uploads\/2021\/09\/President-de-la-Tunisie.jpg\",\"width\":1300,\"height\":828},{\"@type\":\"BreadcrumbList\",\"@id\":\"https:\/\/guineediversite.com\/index.php\/2021\/09\/23\/tunisie-le-president-kais-saied-etend-encore-ses-pouvoirs\/#breadcrumb\",\"itemListElement\":[{\"@type\":\"ListItem\",\"position\":1,\"name\":\"Accueil\",\"item\":\"https:\/\/guineediversite.com\/\"},{\"@type\":\"ListItem\",\"position\":2,\"name\":\"Tunisie: le pr\u00e9sident Ka\u00efs Sa\u00efed \u00e9tend encore ses pouvoirs\"}]},{\"@type\":\"WebSite\",\"@id\":\"https:\/\/guineediversite.com\/#website\",\"url\":\"https:\/\/guineediversite.com\/\",\"name\":\"Guin\u00e9e Diversit\u00e9\",\"description\":\"L&#039;Info dans toute sa diversit\u00e9\",\"publisher\":{\"@id\":\"https:\/\/guineediversite.com\/#organization\"},\"potentialAction\":[{\"@type\":\"SearchAction\",\"target\":{\"@type\":\"EntryPoint\",\"urlTemplate\":\"https:\/\/guineediversite.com\/?s={search_term_string}\"},\"query-input\":{\"@type\":\"PropertyValueSpecification\",\"valueRequired\":true,\"valueName\":\"search_term_string\"}}],\"inLanguage\":\"fr-FR\"},{\"@type\":\"Organization\",\"@id\":\"https:\/\/guineediversite.com\/#organization\",\"name\":\"Guin\u00e9e Diversit\u00e9\",\"url\":\"https:\/\/guineediversite.com\/\",\"logo\":{\"@type\":\"ImageObject\",\"inLanguage\":\"fr-FR\",\"@id\":\"https:\/\/guineediversite.com\/#\/schema\/logo\/image\/\",\"url\":\"https:\/\/guineediversite.com\/wp-content\/uploads\/2017\/04\/cropped-1jojlxEOMkX9Wyqfhe43D6kjPOGqBBKmx3EwWJqZ0cMrFF54yM49.png\",\"contentUrl\":\"https:\/\/guineediversite.com\/wp-content\/uploads\/2017\/04\/cropped-1jojlxEOMkX9Wyqfhe43D6kjPOGqBBKmx3EwWJqZ0cMrFF54yM49.png\",\"width\":186,\"height\":112,\"caption\":\"Guin\u00e9e Diversit\u00e9\"},\"image\":{\"@id\":\"https:\/\/guineediversite.com\/#\/schema\/logo\/image\/\"},\"sameAs\":[\"https:\/\/www.facebook.com\/guineediversite\/\",\"https:\/\/x.com\/GuineeDiversite\",\"https:\/\/www.youtube.com\/channel\/UC8sUY16qelG5ge6_D5SB83g\"]},{\"@type\":\"Person\",\"@id\":\"https:\/\/guineediversite.com\/#\/schema\/person\/afa08fb34e7fc6e1feafc892612bc836\",\"name\":\"Guin\u00e9e Diversit\u00e9\",\"image\":{\"@type\":\"ImageObject\",\"inLanguage\":\"fr-FR\",\"@id\":\"https:\/\/guineediversite.com\/#\/schema\/person\/image\/\",\"url\":\"https:\/\/secure.gravatar.com\/avatar\/50d5eb5b390f8b65ac30ac6f898eb83a?s=96&d=mm&r=g\",\"contentUrl\":\"https:\/\/secure.gravatar.com\/avatar\/50d5eb5b390f8b65ac30ac6f898eb83a?s=96&d=mm&r=g\",\"caption\":\"Guin\u00e9e Diversit\u00e9\"},\"url\":\"https:\/\/guineediversite.com\/index.php\/author\/guineediversite\/\"}]}<\/script>\n<!-- \/ Yoast SEO plugin. -->","yoast_head_json":{"title":"Tunisie: le pr\u00e9sident Ka\u00efs Sa\u00efed \u00e9tend encore ses pouvoirs | Guin\u00e9e Diversit\u00e9","robots":{"index":"index","follow":"follow","max-snippet":"max-snippet:-1","max-image-preview":"max-image-preview:large","max-video-preview":"max-video-preview:-1"},"canonical":"https:\/\/guineediversite.com\/index.php\/2021\/09\/23\/tunisie-le-president-kais-saied-etend-encore-ses-pouvoirs\/","og_locale":"fr_FR","og_type":"article","og_title":"Tunisie: le pr\u00e9sident Ka\u00efs Sa\u00efed \u00e9tend encore ses pouvoirs | Guin\u00e9e Diversit\u00e9","og_description":"Deux jours apr\u00e8s le discours, lundi 20\u00a0septembre, de Ka\u00efs Sa\u00efed \u00e0 Sidi Bouzid, le berceau de la r\u00e9volution, la pr\u00e9sidence tunisienne a annonc\u00e9 ce mercredi 22 septembre\u00a0une batterie de mesures qui semblent asseoir encore plus le pouvoir de Carthage. Cela faisait huit semaines que les Tunisiens attendaient la feuille de route de leur pr\u00e9sident. Le [&hellip;]","og_url":"https:\/\/guineediversite.com\/index.php\/2021\/09\/23\/tunisie-le-president-kais-saied-etend-encore-ses-pouvoirs\/","og_site_name":"Guin\u00e9e Diversit\u00e9","article_publisher":"https:\/\/www.facebook.com\/guineediversite\/","article_published_time":"2021-09-23T08:00:02+00:00","og_image":[{"width":1300,"height":828,"url":"https:\/\/guineediversite.com\/wp-content\/uploads\/2021\/09\/President-de-la-Tunisie.jpg","type":"image\/jpeg"}],"author":"Guin\u00e9e Diversit\u00e9","twitter_card":"summary_large_image","twitter_creator":"@GuineeDiversite","twitter_site":"@GuineeDiversite","twitter_misc":{"\u00c9crit par":"Guin\u00e9e Diversit\u00e9","Dur\u00e9e de lecture estim\u00e9e":"1 minute"},"schema":{"@context":"https:\/\/schema.org","@graph":[{"@type":"Article","@id":"https:\/\/guineediversite.com\/index.php\/2021\/09\/23\/tunisie-le-president-kais-saied-etend-encore-ses-pouvoirs\/#article","isPartOf":{"@id":"https:\/\/guineediversite.com\/index.php\/2021\/09\/23\/tunisie-le-president-kais-saied-etend-encore-ses-pouvoirs\/"},"author":{"name":"Guin\u00e9e Diversit\u00e9","@id":"https:\/\/guineediversite.com\/#\/schema\/person\/afa08fb34e7fc6e1feafc892612bc836"},"headline":"Tunisie: le pr\u00e9sident Ka\u00efs Sa\u00efed \u00e9tend encore ses pouvoirs","datePublished":"2021-09-23T08:00:02+00:00","dateModified":"2021-09-23T08:00:02+00:00","mainEntityOfPage":{"@id":"https:\/\/guineediversite.com\/index.php\/2021\/09\/23\/tunisie-le-president-kais-saied-etend-encore-ses-pouvoirs\/"},"wordCount":245,"publisher":{"@id":"https:\/\/guineediversite.com\/#organization"},"image":{"@id":"https:\/\/guineediversite.com\/index.php\/2021\/09\/23\/tunisie-le-president-kais-saied-etend-encore-ses-pouvoirs\/#primaryimage"},"thumbnailUrl":"https:\/\/guineediversite.com\/wp-content\/uploads\/2021\/09\/President-de-la-Tunisie.jpg","articleSection":["International"],"inLanguage":"fr-FR"},{"@type":"WebPage","@id":"https:\/\/guineediversite.com\/index.php\/2021\/09\/23\/tunisie-le-president-kais-saied-etend-encore-ses-pouvoirs\/","url":"https:\/\/guineediversite.com\/index.php\/2021\/09\/23\/tunisie-le-president-kais-saied-etend-encore-ses-pouvoirs\/","name":"Tunisie: le pr\u00e9sident Ka\u00efs Sa\u00efed \u00e9tend encore ses pouvoirs | Guin\u00e9e Diversit\u00e9","isPartOf":{"@id":"https:\/\/guineediversite.com\/#website"},"primaryImageOfPage":{"@id":"https:\/\/guineediversite.com\/index.php\/2021\/09\/23\/tunisie-le-president-kais-saied-etend-encore-ses-pouvoirs\/#primaryimage"},"image":{"@id":"https:\/\/guineediversite.com\/index.php\/2021\/09\/23\/tunisie-le-president-kais-saied-etend-encore-ses-pouvoirs\/#primaryimage"},"thumbnailUrl":"https:\/\/guineediversite.com\/wp-content\/uploads\/2021\/09\/President-de-la-Tunisie.jpg","datePublished":"2021-09-23T08:00:02+00:00","dateModified":"2021-09-23T08:00:02+00:00","breadcrumb":{"@id":"https:\/\/guineediversite.com\/index.php\/2021\/09\/23\/tunisie-le-president-kais-saied-etend-encore-ses-pouvoirs\/#breadcrumb"},"inLanguage":"fr-FR","potentialAction":[{"@type":"ReadAction","target":["https:\/\/guineediversite.com\/index.php\/2021\/09\/23\/tunisie-le-president-kais-saied-etend-encore-ses-pouvoirs\/"]}]},{"@type":"ImageObject","inLanguage":"fr-FR","@id":"https:\/\/guineediversite.com\/index.php\/2021\/09\/23\/tunisie-le-president-kais-saied-etend-encore-ses-pouvoirs\/#primaryimage","url":"https:\/\/guineediversite.com\/wp-content\/uploads\/2021\/09\/President-de-la-Tunisie.jpg","contentUrl":"https:\/\/guineediversite.com\/wp-content\/uploads\/2021\/09\/President-de-la-Tunisie.jpg","width":1300,"height":828},{"@type":"BreadcrumbList","@id":"https:\/\/guineediversite.com\/index.php\/2021\/09\/23\/tunisie-le-president-kais-saied-etend-encore-ses-pouvoirs\/#breadcrumb","itemListElement":[{"@type":"ListItem","position":1,"name":"Accueil","item":"https:\/\/guineediversite.com\/"},{"@type":"ListItem","position":2,"name":"Tunisie: le pr\u00e9sident Ka\u00efs Sa\u00efed \u00e9tend encore ses pouvoirs"}]},{"@type":"WebSite","@id":"https:\/\/guineediversite.com\/#website","url":"https:\/\/guineediversite.com\/","name":"Guin\u00e9e Diversit\u00e9","description":"L&#039;Info dans toute sa diversit\u00e9","publisher":{"@id":"https:\/\/guineediversite.com\/#organization"},"potentialAction":[{"@type":"SearchAction","target":{"@type":"EntryPoint","urlTemplate":"https:\/\/guineediversite.com\/?s={search_term_string}"},"query-input":{"@type":"PropertyValueSpecification","valueRequired":true,"valueName":"search_term_string"}}],"inLanguage":"fr-FR"},{"@type":"Organization","@id":"https:\/\/guineediversite.com\/#organization","name":"Guin\u00e9e Diversit\u00e9","url":"https:\/\/guineediversite.com\/","logo":{"@type":"ImageObject","inLanguage":"fr-FR","@id":"https:\/\/guineediversite.com\/#\/schema\/logo\/image\/","url":"https:\/\/guineediversite.com\/wp-content\/uploads\/2017\/04\/cropped-1jojlxEOMkX9Wyqfhe43D6kjPOGqBBKmx3EwWJqZ0cMrFF54yM49.png","contentUrl":"https:\/\/guineediversite.com\/wp-content\/uploads\/2017\/04\/cropped-1jojlxEOMkX9Wyqfhe43D6kjPOGqBBKmx3EwWJqZ0cMrFF54yM49.png","width":186,"height":112,"caption":"Guin\u00e9e Diversit\u00e9"},"image":{"@id":"https:\/\/guineediversite.com\/#\/schema\/logo\/image\/"},"sameAs":["https:\/\/www.facebook.com\/guineediversite\/","https:\/\/x.com\/GuineeDiversite","https:\/\/www.youtube.com\/channel\/UC8sUY16qelG5ge6_D5SB83g"]},{"@type":"Person","@id":"https:\/\/guineediversite.com\/#\/schema\/person\/afa08fb34e7fc6e1feafc892612bc836","name":"Guin\u00e9e Diversit\u00e9","image":{"@type":"ImageObject","inLanguage":"fr-FR","@id":"https:\/\/guineediversite.com\/#\/schema\/person\/image\/","url":"https:\/\/secure.gravatar.com\/avatar\/50d5eb5b390f8b65ac30ac6f898eb83a?s=96&d=mm&r=g","contentUrl":"https:\/\/secure.gravatar.com\/avatar\/50d5eb5b390f8b65ac30ac6f898eb83a?s=96&d=mm&r=g","caption":"Guin\u00e9e Diversit\u00e9"},"url":"https:\/\/guineediversite.com\/index.php\/author\/guineediversite\/"}]}},"_links":{"self":[{"href":"https:\/\/guineediversite.com\/index.php\/wp-json\/wp\/v2\/posts\/31548"}],"collection":[{"href":"https:\/\/guineediversite.com\/index.php\/wp-json\/wp\/v2\/posts"}],"about":[{"href":"https:\/\/guineediversite.com\/index.php\/wp-json\/wp\/v2\/types\/post"}],"author":[{"embeddable":true,"href":"https:\/\/guineediversite.com\/index.php\/wp-json\/wp\/v2\/users\/12"}],"replies":[{"embeddable":true,"href":"https:\/\/guineediversite.com\/index.php\/wp-json\/wp\/v2\/comments?post=31548"}],"version-history":[{"count":1,"href":"https:\/\/guineediversite.com\/index.php\/wp-json\/wp\/v2\/posts\/31548\/revisions"}],"predecessor-version":[{"id":31550,"href":"https:\/\/guineediversite.com\/index.php\/wp-json\/wp\/v2\/posts\/31548\/revisions\/31550"}],"wp:featuredmedia":[{"embeddable":true,"href":"https:\/\/guineediversite.com\/index.php\/wp-json\/wp\/v2\/media\/31549"}],"wp:attachment":[{"href":"https:\/\/guineediversite.com\/index.php\/wp-json\/wp\/v2\/media?parent=31548"}],"wp:term":[{"taxonomy":"category","embeddable":true,"href":"https:\/\/guineediversite.com\/index.php\/wp-json\/wp\/v2\/categories?post=31548"},{"taxonomy":"post_tag","embeddable":true,"href":"https:\/\/guineediversite.com\/index.php\/wp-json\/wp\/v2\/tags?post=31548"}],"curies":[{"name":"wp","href":"https:\/\/api.w.org\/{rel}","templated":true}]}}