{"id":31545,"date":"2021-09-23T09:48:02","date_gmt":"2021-09-23T07:48:02","guid":{"rendered":"https:\/\/guineediversite.com\/?p=31545"},"modified":"2021-09-23T09:48:02","modified_gmt":"2021-09-23T07:48:02","slug":"affaire-des-sous-marins-biden-et-macron-promettent-de-restaurer-la-confiance","status":"publish","type":"post","link":"https:\/\/guineediversite.com\/index.php\/2021\/09\/23\/affaire-des-sous-marins-biden-et-macron-promettent-de-restaurer-la-confiance\/","title":{"rendered":"Affaire des sous-marins: Biden et Macron promettent de restaurer \u00abla confiance\u00bb"},"content":{"rendered":"<p><strong>Emmanuel Macron et Joe Biden ont promis mercredi 22 septembre, lors d&rsquo;un appel t\u00e9l\u00e9phonique, de restaurer la confiance entre la France et les \u00c9tats-Unis apr\u00e8s la crise des sous-marins australiens, qui aurait pu \u00eatre \u00e9vit\u00e9e par \u00ab\u00a0<em>des consultations ouvertes\u00a0<\/em>\u00bb en amont, selon un communiqu\u00e9 commun de l&rsquo;\u00c9lys\u00e9e et de la Maison Blanche.<\/strong><\/p>\n<p>Ils se sont parl\u00e9s. Apr\u00e8s une semaine d\u2019expression r\u00e9it\u00e9r\u00e9e de la col\u00e8re fran\u00e7aise au sujet de l\u2019accord am\u00e9ricano-australo-britannique pour l&rsquo;Indo-Pacifique, Joe Biden et Emmanuel Macron ont \u00e9chang\u00e9 \u00e0 l\u2019occasion d\u2019un coup de t\u00e9l\u00e9phone, ce mercredi. R\u00e9sultat\u00a0: un communiqu\u00e9 commun, ce qui est notable, et une volont\u00e9 manifeste de faire baisser la tension.<\/p>\n<p>C\u2019\u00e9tait une conversation d\u2019une trentaine de minutes, qualifi\u00e9e d\u2019amicale \u00e0 la Maison Blanche, avec \u00e0 la fin\u00a0une liste de points d\u2019accords. Les journalistes ont m\u00eame re\u00e7u une photo prise pendant le coup de fil d\u2019un Joe Biden tout sourire devant son t\u00e9l\u00e9phone dans le Bureau ovale.<\/p>\n<p>Apr\u00e8s la semaine qui vient de s\u2019\u00e9couler, c\u2019est d\u00e9j\u00e0 quelque chose, analyse notre correspondant \u00e0 Washington,\u00a0<strong>Guillaume Naudin<\/strong>. L\u2019objectif pour le pr\u00e9sident am\u00e9ricain,\u00a0a fait savoir sa porte-parole, c\u2019\u00e9tait que les choses reviennent \u00e0 la normale apr\u00e8s une semaine de crise diplomatique et de col\u00e8re exprim\u00e9e plusieurs fois par les autorit\u00e9s fran\u00e7aises, mais pas par Emmanuel Macron, du moins pas publiquement.<\/p>\n<p>Quant au palais de l&rsquo;\u00c9lys\u00e9e, il avait pr\u00e9par\u00e9 le terrain, expliquant quelles \u00e9taient les attentes d&rsquo;Emmanuel Macron avant l&rsquo;entretien. Une mani\u00e8re, explique\u00a0<strong>Val\u00e9rie Gas<\/strong>, du service politique de RFI,\u00a0de permettre \u00e0 chacun de constater que le communiqu\u00e9 publi\u00e9 apr\u00e8s l&rsquo;\u00e9change reprenait point par point les demandes fran\u00e7aises.<\/p>\n<h2>Rencontre pr\u00e9vue\u00a0fin octobre<\/h2>\n<p>\u00ab\u00a0<em>Des consultations ouvertes entre alli\u00e9s sur les questions d&rsquo;int\u00e9r\u00eat strat\u00e9gique pour la France et les partenaires europ\u00e9ens auraient permis d&rsquo;\u00e9viter cette situation. Le pr\u00e9sident Biden a fait part de son engagement durable \u00e0 ce sujet<\/em>\u00a0\u00bb, indique le communiqu\u00e9.<\/p>\n<p>En cons\u00e9quence, les deux chefs d&rsquo;\u00c9tats am\u00e9ricain et fran\u00e7ais, qui se rencontreront \u00ab<em>\u00a0en Europe \u00e0 la fin du mois<\/em>\u00a0d&rsquo;octobre\u00a0\u00bb, ont \u00ab\u00a0<em>d\u00e9cid\u00e9 de lancer un processus de consultations approfondies visant \u00e0 mettre en place les conditions garantissant la confiance et \u00e0 proposer des mesures concr\u00e8tes pour atteindre des objectifs communs<\/em>\u00a0\u00bb.<\/p>\n<p>Mettre en place les conditions garantissant la confiance, sans plus de pr\u00e9cision. Ce n&rsquo;est peut-\u00eatre pas tr\u00e8s concret, mais ce qui l&rsquo;est plus, c\u2019est que l\u2019ambassade fran\u00e7aise aux Etats-Unis, Philippe Etienne,\u00a0va retourner \u00e0 Washington \u00ab\u00a0<em>la semaine prochaine<\/em>\u00a0\u00bb, comme l&rsquo;a d\u00e9cid\u00e9 Emmanuel Macron.<\/p>\n<p>Paris avait annonc\u00e9 vendredi le rappel des ambassadeurs aux \u00c9tats-Unis et en Australie pour consultation, une d\u00e9cision sans pr\u00e9c\u00e9dent vis-\u00e0-vis de deux alli\u00e9s historiques, apr\u00e8s le torpillage d&rsquo;un m\u00e9ga contrat de sous-marins fran\u00e7ais \u00e0 Canberra.<\/p>\n<h2>\u00ab\u00a0Une importance strat\u00e9gique\u00a0\u00bb<\/h2>\n<p>On ne sait pas encore dans quelles circonstances se rencontreront MM.\u00a0Biden et Macron,\u00a0mais on sait que le G20 aura lieu en Italie \u00e0 ce moment-l\u00e0. Un cadre qui permettra sans doute au pr\u00e9sident am\u00e9ricain de r\u00e9affirmer ce qu\u2019il r\u00e9p\u00e8te depuis l\u2019annonce de son accord avec l\u2019Australie et le Royaume-Uni, et une fois encore dans ce communiqu\u00e9\u00a0: la France et l\u2019UE\u00a0sont des partenaires primordiaux pour les \u00c9tats-Unis\u00a0dans la zone indo-pacifique et dans la s\u00e9curit\u00e9 transatlantique.<\/p>\n<p>Joe Biden a\u00a0affirm\u00e9 qu&rsquo;il \u00e9tait \u00ab\u00a0<em>n\u00e9cessaire que la d\u00e9fense europ\u00e9enne soit plus forte et plus performante<\/em>\u00a0\u00bb pour contribuer \u00e0 la s\u00e9curit\u00e9 transatlantique et compl\u00e9ter \u00ab\u00a0<em>le r\u00f4le de l&rsquo;Otan<\/em>\u00a0\u00bb.<\/p>\n<p>Les \u00c9tats-Unis \u00ab\u00a0<em>r\u00e9affirment que l&rsquo;engagement de la France et de l&rsquo;Union europ\u00e9enne dans la r\u00e9gion indo-pacifique rev\u00eat une importance strat\u00e9gique<\/em>\u00a0\u00bb, ajoute le communiqu\u00e9, publi\u00e9 six jours apr\u00e8s le\u00a0d\u00e9clenchement de la crise diplomatique\u00a0la plus grave entre les \u00c9tats-Unis et la France depuis le \u00ab\u00a0non\u00a0\u00bb fran\u00e7ais \u00e0 la guerre d&rsquo;Irak en 2003.<\/p>\n<p>&nbsp;<\/p>\n<p>C\u2019est ce que la France exprime depuis des mois, en tentant de convaincre ses partenaires europ\u00e9ens. D\u00e9sormais, le pr\u00e9sident des \u00c9tats-Unis le dit donc aussi, avec une nuance d\u2019importance manifestement partag\u00e9e\u00a0: ce sera en compl\u00e9ment du r\u00f4le de l&rsquo;Alliance atlantique.<\/p>\n<p>Peu apr\u00e8s, le haut diplomate europ\u00e9en Josep Borrell a appel\u00e9 \u00e0 une plus grande confiance entre l&rsquo;UE\u00a0et les \u00c9tats-Unis, lors d&rsquo;une\u00a0rencontre avec le secr\u00e9taire d&rsquo;\u00c9tat Antony Blinken. \u00ab\u00a0<em>Nous pouvons renforcer la confiance entre nous<\/em>\u00a0\u00bb, a d\u00e9clar\u00e9 M.\u00a0Borrell au chef de la diplomatie am\u00e9ricaine.<\/p>\n<h2>Prudence de mise \u00e0 Paris<\/h2>\n<p>Pas question pour autant de dire \u00e0 Paris que d\u00e9sormais tout va bien. \u00c0 l&rsquo;\u00c9lys\u00e9e, on se refuse \u00e0 donner des indications sur le niveau de cordialit\u00e9 de l&rsquo;entretien, et on explique que le communiqu\u00e9 donne \u00ab\u00a0<em>les voix du r\u00e9engagement de la relation bilat\u00e9rale<\/em>\u00a0\u00bb,\u00a0sans dire si elles seront \u00ab\u00a0<em>conclusives\u00a0<\/em>\u00bb.<\/p>\n<p>Traduction\u00a0: on attend de voir, notamment ce qui aura avanc\u00e9 d\u2019ici \u00e0 la fin du mois d&rsquo;octobre, quand Emmanuel Macron et Joe Biden feront le point lors d&rsquo;une rencontre en face-\u00e0-face. Le chef de l&rsquo;\u00c9tat fran\u00e7ais ne peut se contenter de promesses, s&rsquo;il ne veut pas pr\u00eater le flan aux critiques de l&rsquo;opposition nationale. Marine Le Pen et Jean-Luc M\u00e9lenchon en t\u00eate\u00a0ont d\u00e9j\u00e0 d\u00e9nonc\u00e9 la capitulation du pr\u00e9sident.<\/p>\n<p>Des discussions ont aussi eu lieu \u00e0 New York entre Jean-Yves Le Drian et Antony Blinken, ce mercredi. Un t\u00eate-\u00e0-t\u00eate est pr\u00e9vu jeudi entre\u00a0le ministre des Affaires \u00e9trang\u00e8res fran\u00e7ais et le secr\u00e9taire d&rsquo;\u00c9tat am\u00e9ricain.<\/p>\n<p><strong>RFI<\/strong><\/p>\n","protected":false},"excerpt":{"rendered":"<p>Emmanuel Macron et Joe Biden ont promis mercredi 22 septembre, lors d&rsquo;un appel t\u00e9l\u00e9phonique, de restaurer la confiance entre la France et les \u00c9tats-Unis apr\u00e8s la crise des sous-marins australiens, qui aurait pu \u00eatre \u00e9vit\u00e9e par \u00ab\u00a0des consultations ouvertes\u00a0\u00bb en amont, selon un communiqu\u00e9 commun de l&rsquo;\u00c9lys\u00e9e et de la Maison Blanche. Ils se sont [&hellip;]<\/p>\n","protected":false},"author":12,"featured_media":31546,"comment_status":"closed","ping_status":"open","sticky":false,"template":"","format":"standard","meta":{"_exactmetrics_skip_tracking":false,"_exactmetrics_sitenote_active":false,"_exactmetrics_sitenote_note":"","_exactmetrics_sitenote_category":0,"tdm_status":"","tdm_grid_status":"","footnotes":""},"categories":[21],"tags":[],"class_list":{"0":"post-31545","1":"post","2":"type-post","3":"status-publish","4":"format-standard","5":"has-post-thumbnail","7":"category-international"},"yoast_head":"<!-- This site is optimized with the Yoast SEO plugin v24.2 - https:\/\/yoast.com\/wordpress\/plugins\/seo\/ -->\n<title>Affaire des sous-marins: Biden et Macron promettent de restaurer \u00abla confiance\u00bb | Guin\u00e9e Diversit\u00e9<\/title>\n<meta name=\"robots\" content=\"index, follow, max-snippet:-1, max-image-preview:large, max-video-preview:-1\" \/>\n<link rel=\"canonical\" href=\"https:\/\/guineediversite.com\/index.php\/2021\/09\/23\/affaire-des-sous-marins-biden-et-macron-promettent-de-restaurer-la-confiance\/\" \/>\n<meta property=\"og:locale\" content=\"fr_FR\" \/>\n<meta property=\"og:type\" content=\"article\" \/>\n<meta property=\"og:title\" content=\"Affaire des sous-marins: Biden et Macron promettent de restaurer \u00abla confiance\u00bb | Guin\u00e9e Diversit\u00e9\" \/>\n<meta property=\"og:description\" content=\"Emmanuel Macron et Joe Biden ont promis mercredi 22 septembre, lors d&rsquo;un appel t\u00e9l\u00e9phonique, de restaurer la confiance entre la France et les \u00c9tats-Unis apr\u00e8s la crise des sous-marins australiens, qui aurait pu \u00eatre \u00e9vit\u00e9e par \u00ab\u00a0des consultations ouvertes\u00a0\u00bb en amont, selon un communiqu\u00e9 commun de l&rsquo;\u00c9lys\u00e9e et de la Maison Blanche. Ils se sont [&hellip;]\" \/>\n<meta property=\"og:url\" content=\"https:\/\/guineediversite.com\/index.php\/2021\/09\/23\/affaire-des-sous-marins-biden-et-macron-promettent-de-restaurer-la-confiance\/\" \/>\n<meta property=\"og:site_name\" content=\"Guin\u00e9e Diversit\u00e9\" \/>\n<meta property=\"article:publisher\" content=\"https:\/\/www.facebook.com\/guineediversite\/\" \/>\n<meta property=\"article:published_time\" content=\"2021-09-23T07:48:02+00:00\" \/>\n<meta property=\"og:image\" content=\"https:\/\/guineediversite.com\/wp-content\/uploads\/2021\/09\/FRANCE-ET-USA.jpg\" \/>\n\t<meta property=\"og:image:width\" content=\"1300\" \/>\n\t<meta property=\"og:image:height\" content=\"728\" \/>\n\t<meta property=\"og:image:type\" content=\"image\/jpeg\" \/>\n<meta name=\"author\" content=\"Guin\u00e9e Diversit\u00e9\" \/>\n<meta name=\"twitter:card\" content=\"summary_large_image\" \/>\n<meta name=\"twitter:creator\" content=\"@GuineeDiversite\" \/>\n<meta name=\"twitter:site\" content=\"@GuineeDiversite\" \/>\n<meta name=\"twitter:label1\" content=\"\u00c9crit par\" \/>\n\t<meta name=\"twitter:data1\" content=\"Guin\u00e9e Diversit\u00e9\" \/>\n\t<meta name=\"twitter:label2\" content=\"Dur\u00e9e de lecture estim\u00e9e\" \/>\n\t<meta name=\"twitter:data2\" content=\"5 minutes\" \/>\n<script type=\"application\/ld+json\" class=\"yoast-schema-graph\">{\"@context\":\"https:\/\/schema.org\",\"@graph\":[{\"@type\":\"Article\",\"@id\":\"https:\/\/guineediversite.com\/index.php\/2021\/09\/23\/affaire-des-sous-marins-biden-et-macron-promettent-de-restaurer-la-confiance\/#article\",\"isPartOf\":{\"@id\":\"https:\/\/guineediversite.com\/index.php\/2021\/09\/23\/affaire-des-sous-marins-biden-et-macron-promettent-de-restaurer-la-confiance\/\"},\"author\":{\"name\":\"Guin\u00e9e Diversit\u00e9\",\"@id\":\"https:\/\/guineediversite.com\/#\/schema\/person\/afa08fb34e7fc6e1feafc892612bc836\"},\"headline\":\"Affaire des sous-marins: Biden et Macron promettent de restaurer \u00abla confiance\u00bb\",\"datePublished\":\"2021-09-23T07:48:02+00:00\",\"dateModified\":\"2021-09-23T07:48:02+00:00\",\"mainEntityOfPage\":{\"@id\":\"https:\/\/guineediversite.com\/index.php\/2021\/09\/23\/affaire-des-sous-marins-biden-et-macron-promettent-de-restaurer-la-confiance\/\"},\"wordCount\":993,\"publisher\":{\"@id\":\"https:\/\/guineediversite.com\/#organization\"},\"image\":{\"@id\":\"https:\/\/guineediversite.com\/index.php\/2021\/09\/23\/affaire-des-sous-marins-biden-et-macron-promettent-de-restaurer-la-confiance\/#primaryimage\"},\"thumbnailUrl\":\"https:\/\/guineediversite.com\/wp-content\/uploads\/2021\/09\/FRANCE-ET-USA.jpg\",\"articleSection\":[\"International\"],\"inLanguage\":\"fr-FR\"},{\"@type\":\"WebPage\",\"@id\":\"https:\/\/guineediversite.com\/index.php\/2021\/09\/23\/affaire-des-sous-marins-biden-et-macron-promettent-de-restaurer-la-confiance\/\",\"url\":\"https:\/\/guineediversite.com\/index.php\/2021\/09\/23\/affaire-des-sous-marins-biden-et-macron-promettent-de-restaurer-la-confiance\/\",\"name\":\"Affaire des sous-marins: Biden et Macron promettent de restaurer \u00abla confiance\u00bb | Guin\u00e9e Diversit\u00e9\",\"isPartOf\":{\"@id\":\"https:\/\/guineediversite.com\/#website\"},\"primaryImageOfPage\":{\"@id\":\"https:\/\/guineediversite.com\/index.php\/2021\/09\/23\/affaire-des-sous-marins-biden-et-macron-promettent-de-restaurer-la-confiance\/#primaryimage\"},\"image\":{\"@id\":\"https:\/\/guineediversite.com\/index.php\/2021\/09\/23\/affaire-des-sous-marins-biden-et-macron-promettent-de-restaurer-la-confiance\/#primaryimage\"},\"thumbnailUrl\":\"https:\/\/guineediversite.com\/wp-content\/uploads\/2021\/09\/FRANCE-ET-USA.jpg\",\"datePublished\":\"2021-09-23T07:48:02+00:00\",\"dateModified\":\"2021-09-23T07:48:02+00:00\",\"breadcrumb\":{\"@id\":\"https:\/\/guineediversite.com\/index.php\/2021\/09\/23\/affaire-des-sous-marins-biden-et-macron-promettent-de-restaurer-la-confiance\/#breadcrumb\"},\"inLanguage\":\"fr-FR\",\"potentialAction\":[{\"@type\":\"ReadAction\",\"target\":[\"https:\/\/guineediversite.com\/index.php\/2021\/09\/23\/affaire-des-sous-marins-biden-et-macron-promettent-de-restaurer-la-confiance\/\"]}]},{\"@type\":\"ImageObject\",\"inLanguage\":\"fr-FR\",\"@id\":\"https:\/\/guineediversite.com\/index.php\/2021\/09\/23\/affaire-des-sous-marins-biden-et-macron-promettent-de-restaurer-la-confiance\/#primaryimage\",\"url\":\"https:\/\/guineediversite.com\/wp-content\/uploads\/2021\/09\/FRANCE-ET-USA.jpg\",\"contentUrl\":\"https:\/\/guineediversite.com\/wp-content\/uploads\/2021\/09\/FRANCE-ET-USA.jpg\",\"width\":1300,\"height\":728},{\"@type\":\"BreadcrumbList\",\"@id\":\"https:\/\/guineediversite.com\/index.php\/2021\/09\/23\/affaire-des-sous-marins-biden-et-macron-promettent-de-restaurer-la-confiance\/#breadcrumb\",\"itemListElement\":[{\"@type\":\"ListItem\",\"position\":1,\"name\":\"Accueil\",\"item\":\"https:\/\/guineediversite.com\/\"},{\"@type\":\"ListItem\",\"position\":2,\"name\":\"Affaire des sous-marins: Biden et Macron promettent de restaurer \u00abla confiance\u00bb\"}]},{\"@type\":\"WebSite\",\"@id\":\"https:\/\/guineediversite.com\/#website\",\"url\":\"https:\/\/guineediversite.com\/\",\"name\":\"Guin\u00e9e Diversit\u00e9\",\"description\":\"L&#039;Info dans toute sa diversit\u00e9\",\"publisher\":{\"@id\":\"https:\/\/guineediversite.com\/#organization\"},\"potentialAction\":[{\"@type\":\"SearchAction\",\"target\":{\"@type\":\"EntryPoint\",\"urlTemplate\":\"https:\/\/guineediversite.com\/?s={search_term_string}\"},\"query-input\":{\"@type\":\"PropertyValueSpecification\",\"valueRequired\":true,\"valueName\":\"search_term_string\"}}],\"inLanguage\":\"fr-FR\"},{\"@type\":\"Organization\",\"@id\":\"https:\/\/guineediversite.com\/#organization\",\"name\":\"Guin\u00e9e Diversit\u00e9\",\"url\":\"https:\/\/guineediversite.com\/\",\"logo\":{\"@type\":\"ImageObject\",\"inLanguage\":\"fr-FR\",\"@id\":\"https:\/\/guineediversite.com\/#\/schema\/logo\/image\/\",\"url\":\"https:\/\/guineediversite.com\/wp-content\/uploads\/2017\/04\/cropped-1jojlxEOMkX9Wyqfhe43D6kjPOGqBBKmx3EwWJqZ0cMrFF54yM49.png\",\"contentUrl\":\"https:\/\/guineediversite.com\/wp-content\/uploads\/2017\/04\/cropped-1jojlxEOMkX9Wyqfhe43D6kjPOGqBBKmx3EwWJqZ0cMrFF54yM49.png\",\"width\":186,\"height\":112,\"caption\":\"Guin\u00e9e Diversit\u00e9\"},\"image\":{\"@id\":\"https:\/\/guineediversite.com\/#\/schema\/logo\/image\/\"},\"sameAs\":[\"https:\/\/www.facebook.com\/guineediversite\/\",\"https:\/\/x.com\/GuineeDiversite\",\"https:\/\/www.youtube.com\/channel\/UC8sUY16qelG5ge6_D5SB83g\"]},{\"@type\":\"Person\",\"@id\":\"https:\/\/guineediversite.com\/#\/schema\/person\/afa08fb34e7fc6e1feafc892612bc836\",\"name\":\"Guin\u00e9e Diversit\u00e9\",\"image\":{\"@type\":\"ImageObject\",\"inLanguage\":\"fr-FR\",\"@id\":\"https:\/\/guineediversite.com\/#\/schema\/person\/image\/\",\"url\":\"https:\/\/secure.gravatar.com\/avatar\/50d5eb5b390f8b65ac30ac6f898eb83a?s=96&d=mm&r=g\",\"contentUrl\":\"https:\/\/secure.gravatar.com\/avatar\/50d5eb5b390f8b65ac30ac6f898eb83a?s=96&d=mm&r=g\",\"caption\":\"Guin\u00e9e Diversit\u00e9\"},\"url\":\"https:\/\/guineediversite.com\/index.php\/author\/guineediversite\/\"}]}<\/script>\n<!-- \/ Yoast SEO plugin. -->","yoast_head_json":{"title":"Affaire des sous-marins: Biden et Macron promettent de restaurer \u00abla confiance\u00bb | Guin\u00e9e Diversit\u00e9","robots":{"index":"index","follow":"follow","max-snippet":"max-snippet:-1","max-image-preview":"max-image-preview:large","max-video-preview":"max-video-preview:-1"},"canonical":"https:\/\/guineediversite.com\/index.php\/2021\/09\/23\/affaire-des-sous-marins-biden-et-macron-promettent-de-restaurer-la-confiance\/","og_locale":"fr_FR","og_type":"article","og_title":"Affaire des sous-marins: Biden et Macron promettent de restaurer \u00abla confiance\u00bb | Guin\u00e9e Diversit\u00e9","og_description":"Emmanuel Macron et Joe Biden ont promis mercredi 22 septembre, lors d&rsquo;un appel t\u00e9l\u00e9phonique, de restaurer la confiance entre la France et les \u00c9tats-Unis apr\u00e8s la crise des sous-marins australiens, qui aurait pu \u00eatre \u00e9vit\u00e9e par \u00ab\u00a0des consultations ouvertes\u00a0\u00bb en amont, selon un communiqu\u00e9 commun de l&rsquo;\u00c9lys\u00e9e et de la Maison Blanche. Ils se sont [&hellip;]","og_url":"https:\/\/guineediversite.com\/index.php\/2021\/09\/23\/affaire-des-sous-marins-biden-et-macron-promettent-de-restaurer-la-confiance\/","og_site_name":"Guin\u00e9e Diversit\u00e9","article_publisher":"https:\/\/www.facebook.com\/guineediversite\/","article_published_time":"2021-09-23T07:48:02+00:00","og_image":[{"width":1300,"height":728,"url":"https:\/\/guineediversite.com\/wp-content\/uploads\/2021\/09\/FRANCE-ET-USA.jpg","type":"image\/jpeg"}],"author":"Guin\u00e9e Diversit\u00e9","twitter_card":"summary_large_image","twitter_creator":"@GuineeDiversite","twitter_site":"@GuineeDiversite","twitter_misc":{"\u00c9crit par":"Guin\u00e9e Diversit\u00e9","Dur\u00e9e de lecture estim\u00e9e":"5 minutes"},"schema":{"@context":"https:\/\/schema.org","@graph":[{"@type":"Article","@id":"https:\/\/guineediversite.com\/index.php\/2021\/09\/23\/affaire-des-sous-marins-biden-et-macron-promettent-de-restaurer-la-confiance\/#article","isPartOf":{"@id":"https:\/\/guineediversite.com\/index.php\/2021\/09\/23\/affaire-des-sous-marins-biden-et-macron-promettent-de-restaurer-la-confiance\/"},"author":{"name":"Guin\u00e9e Diversit\u00e9","@id":"https:\/\/guineediversite.com\/#\/schema\/person\/afa08fb34e7fc6e1feafc892612bc836"},"headline":"Affaire des sous-marins: Biden et Macron promettent de restaurer \u00abla confiance\u00bb","datePublished":"2021-09-23T07:48:02+00:00","dateModified":"2021-09-23T07:48:02+00:00","mainEntityOfPage":{"@id":"https:\/\/guineediversite.com\/index.php\/2021\/09\/23\/affaire-des-sous-marins-biden-et-macron-promettent-de-restaurer-la-confiance\/"},"wordCount":993,"publisher":{"@id":"https:\/\/guineediversite.com\/#organization"},"image":{"@id":"https:\/\/guineediversite.com\/index.php\/2021\/09\/23\/affaire-des-sous-marins-biden-et-macron-promettent-de-restaurer-la-confiance\/#primaryimage"},"thumbnailUrl":"https:\/\/guineediversite.com\/wp-content\/uploads\/2021\/09\/FRANCE-ET-USA.jpg","articleSection":["International"],"inLanguage":"fr-FR"},{"@type":"WebPage","@id":"https:\/\/guineediversite.com\/index.php\/2021\/09\/23\/affaire-des-sous-marins-biden-et-macron-promettent-de-restaurer-la-confiance\/","url":"https:\/\/guineediversite.com\/index.php\/2021\/09\/23\/affaire-des-sous-marins-biden-et-macron-promettent-de-restaurer-la-confiance\/","name":"Affaire des sous-marins: Biden et Macron promettent de restaurer \u00abla confiance\u00bb | Guin\u00e9e Diversit\u00e9","isPartOf":{"@id":"https:\/\/guineediversite.com\/#website"},"primaryImageOfPage":{"@id":"https:\/\/guineediversite.com\/index.php\/2021\/09\/23\/affaire-des-sous-marins-biden-et-macron-promettent-de-restaurer-la-confiance\/#primaryimage"},"image":{"@id":"https:\/\/guineediversite.com\/index.php\/2021\/09\/23\/affaire-des-sous-marins-biden-et-macron-promettent-de-restaurer-la-confiance\/#primaryimage"},"thumbnailUrl":"https:\/\/guineediversite.com\/wp-content\/uploads\/2021\/09\/FRANCE-ET-USA.jpg","datePublished":"2021-09-23T07:48:02+00:00","dateModified":"2021-09-23T07:48:02+00:00","breadcrumb":{"@id":"https:\/\/guineediversite.com\/index.php\/2021\/09\/23\/affaire-des-sous-marins-biden-et-macron-promettent-de-restaurer-la-confiance\/#breadcrumb"},"inLanguage":"fr-FR","potentialAction":[{"@type":"ReadAction","target":["https:\/\/guineediversite.com\/index.php\/2021\/09\/23\/affaire-des-sous-marins-biden-et-macron-promettent-de-restaurer-la-confiance\/"]}]},{"@type":"ImageObject","inLanguage":"fr-FR","@id":"https:\/\/guineediversite.com\/index.php\/2021\/09\/23\/affaire-des-sous-marins-biden-et-macron-promettent-de-restaurer-la-confiance\/#primaryimage","url":"https:\/\/guineediversite.com\/wp-content\/uploads\/2021\/09\/FRANCE-ET-USA.jpg","contentUrl":"https:\/\/guineediversite.com\/wp-content\/uploads\/2021\/09\/FRANCE-ET-USA.jpg","width":1300,"height":728},{"@type":"BreadcrumbList","@id":"https:\/\/guineediversite.com\/index.php\/2021\/09\/23\/affaire-des-sous-marins-biden-et-macron-promettent-de-restaurer-la-confiance\/#breadcrumb","itemListElement":[{"@type":"ListItem","position":1,"name":"Accueil","item":"https:\/\/guineediversite.com\/"},{"@type":"ListItem","position":2,"name":"Affaire des sous-marins: Biden et Macron promettent de restaurer \u00abla confiance\u00bb"}]},{"@type":"WebSite","@id":"https:\/\/guineediversite.com\/#website","url":"https:\/\/guineediversite.com\/","name":"Guin\u00e9e Diversit\u00e9","description":"L&#039;Info dans toute sa diversit\u00e9","publisher":{"@id":"https:\/\/guineediversite.com\/#organization"},"potentialAction":[{"@type":"SearchAction","target":{"@type":"EntryPoint","urlTemplate":"https:\/\/guineediversite.com\/?s={search_term_string}"},"query-input":{"@type":"PropertyValueSpecification","valueRequired":true,"valueName":"search_term_string"}}],"inLanguage":"fr-FR"},{"@type":"Organization","@id":"https:\/\/guineediversite.com\/#organization","name":"Guin\u00e9e Diversit\u00e9","url":"https:\/\/guineediversite.com\/","logo":{"@type":"ImageObject","inLanguage":"fr-FR","@id":"https:\/\/guineediversite.com\/#\/schema\/logo\/image\/","url":"https:\/\/guineediversite.com\/wp-content\/uploads\/2017\/04\/cropped-1jojlxEOMkX9Wyqfhe43D6kjPOGqBBKmx3EwWJqZ0cMrFF54yM49.png","contentUrl":"https:\/\/guineediversite.com\/wp-content\/uploads\/2017\/04\/cropped-1jojlxEOMkX9Wyqfhe43D6kjPOGqBBKmx3EwWJqZ0cMrFF54yM49.png","width":186,"height":112,"caption":"Guin\u00e9e Diversit\u00e9"},"image":{"@id":"https:\/\/guineediversite.com\/#\/schema\/logo\/image\/"},"sameAs":["https:\/\/www.facebook.com\/guineediversite\/","https:\/\/x.com\/GuineeDiversite","https:\/\/www.youtube.com\/channel\/UC8sUY16qelG5ge6_D5SB83g"]},{"@type":"Person","@id":"https:\/\/guineediversite.com\/#\/schema\/person\/afa08fb34e7fc6e1feafc892612bc836","name":"Guin\u00e9e Diversit\u00e9","image":{"@type":"ImageObject","inLanguage":"fr-FR","@id":"https:\/\/guineediversite.com\/#\/schema\/person\/image\/","url":"https:\/\/secure.gravatar.com\/avatar\/50d5eb5b390f8b65ac30ac6f898eb83a?s=96&d=mm&r=g","contentUrl":"https:\/\/secure.gravatar.com\/avatar\/50d5eb5b390f8b65ac30ac6f898eb83a?s=96&d=mm&r=g","caption":"Guin\u00e9e Diversit\u00e9"},"url":"https:\/\/guineediversite.com\/index.php\/author\/guineediversite\/"}]}},"_links":{"self":[{"href":"https:\/\/guineediversite.com\/index.php\/wp-json\/wp\/v2\/posts\/31545"}],"collection":[{"href":"https:\/\/guineediversite.com\/index.php\/wp-json\/wp\/v2\/posts"}],"about":[{"href":"https:\/\/guineediversite.com\/index.php\/wp-json\/wp\/v2\/types\/post"}],"author":[{"embeddable":true,"href":"https:\/\/guineediversite.com\/index.php\/wp-json\/wp\/v2\/users\/12"}],"replies":[{"embeddable":true,"href":"https:\/\/guineediversite.com\/index.php\/wp-json\/wp\/v2\/comments?post=31545"}],"version-history":[{"count":1,"href":"https:\/\/guineediversite.com\/index.php\/wp-json\/wp\/v2\/posts\/31545\/revisions"}],"predecessor-version":[{"id":31547,"href":"https:\/\/guineediversite.com\/index.php\/wp-json\/wp\/v2\/posts\/31545\/revisions\/31547"}],"wp:featuredmedia":[{"embeddable":true,"href":"https:\/\/guineediversite.com\/index.php\/wp-json\/wp\/v2\/media\/31546"}],"wp:attachment":[{"href":"https:\/\/guineediversite.com\/index.php\/wp-json\/wp\/v2\/media?parent=31545"}],"wp:term":[{"taxonomy":"category","embeddable":true,"href":"https:\/\/guineediversite.com\/index.php\/wp-json\/wp\/v2\/categories?post=31545"},{"taxonomy":"post_tag","embeddable":true,"href":"https:\/\/guineediversite.com\/index.php\/wp-json\/wp\/v2\/tags?post=31545"}],"curies":[{"name":"wp","href":"https:\/\/api.w.org\/{rel}","templated":true}]}}