{"id":31539,"date":"2021-09-22T15:35:50","date_gmt":"2021-09-22T13:35:50","guid":{"rendered":"https:\/\/guineediversite.com\/?p=31539"},"modified":"2021-09-22T15:35:50","modified_gmt":"2021-09-22T13:35:50","slug":"concertations-nationales-les-fondateurs-decoles-demandent-une-direction-nationale","status":"publish","type":"post","link":"https:\/\/guineediversite.com\/index.php\/2021\/09\/22\/concertations-nationales-les-fondateurs-decoles-demandent-une-direction-nationale\/","title":{"rendered":"Concertations Nationales: les fondateurs d\u2019\u00e9coles demandent une direction nationale"},"content":{"rendered":"<p><strong>Ce mercredi 22 septembre 2021, le CNRD s\u2019est concert\u00e9 avec les fondateurs des \u00e9coles et universit\u00e9s priv\u00e9es de Guin\u00e9e. Dans la matin\u00e9e, les fondateurs des \u00e9coles et universit\u00e9s ont aussi eu le temps d\u2019\u00e9taler leur probl\u00e8me face aux nouvelles autorit\u00e9s du pays, afin de faire une transition inclusive et apais\u00e9e en Guin\u00e9e. <\/strong><\/p>\n<p>Roland Sossou, Charg\u00e9 de communication de l\u2019association des fondateurs d\u2019\u00e9coles priv\u00e9es de Guin\u00e9e, a d\u00e8s sa sortie de la salle revenu sur les moments forts de leur rencontre. Ils (fondateurs d\u2019\u00e9coles priv\u00e9es Ndlr) ont sollicit\u00e9 du CNRD une \u00ab <strong><em>direction nationale des \u00e9coles priv\u00e9es<\/em><\/strong> \u00bb.<\/p>\n<p>Il (Roland Sossou Ndlr) affirme, \u00ab\u00a0<em>Il faut saluer l\u2019initiative qu\u2019a prise le pr\u00e9sident du CNRD. Tout s\u2019est tr\u00e8s bien pass\u00e9. Il y a beaucoup de probl\u00e8mes que les \u00e9coles et universit\u00e9s priv\u00e9es rencontrent. C\u2019est ce que nous avons d\u00e9ball\u00e9 et le\u00a0 pr\u00e9sident a pris bonne note de tout ce que nous avons dit et il est pr\u00eat \u00e0 nous recevoir pour toute proposition, pour la qualification du syst\u00e8me \u00e9ducatif guin\u00e9en. Dans les premi\u00e8res demandes il y a la subvention mais le plus important c\u2019est la mise en place d\u2019un cadre de concertation et dialogue permanent avec l\u2019\u00c9tat et la mise en place d\u2019une direction nationale des \u00e9coles priv\u00e9es. Le pr\u00e9sident a donn\u00e9 une r\u00e9ponse positive et affirmative. Vraiment nous avons une lueur d\u2019espoir<\/em>\u00a0\u00bb.<\/p>\n<p>les concertations nationales des forces vives de la nation se poursuivent, cet apr\u00e8s midi les tenanciers des bars, restaurants, motels, hotels etc\u2026 seront aussi entendu par le pr\u00e9sident Mamady Doumbouyah.<\/p>\n<p><strong>Mohamed Kaba<\/strong><\/p>\n","protected":false},"excerpt":{"rendered":"<p>Ce mercredi 22 septembre 2021, le CNRD s\u2019est concert\u00e9 avec les fondateurs des \u00e9coles et universit\u00e9s priv\u00e9es de Guin\u00e9e. Dans la matin\u00e9e, les fondateurs des \u00e9coles et universit\u00e9s ont aussi eu le temps d\u2019\u00e9taler leur probl\u00e8me face aux nouvelles autorit\u00e9s du pays, afin de faire une transition inclusive et apais\u00e9e en Guin\u00e9e. Roland Sossou, Charg\u00e9 [&hellip;]<\/p>\n","protected":false},"author":12,"featured_media":31540,"comment_status":"closed","ping_status":"open","sticky":false,"template":"","format":"standard","meta":{"_exactmetrics_skip_tracking":false,"_exactmetrics_sitenote_active":false,"_exactmetrics_sitenote_note":"","_exactmetrics_sitenote_category":0,"tdm_status":"","tdm_grid_status":"","footnotes":""},"categories":[16],"tags":[],"class_list":{"0":"post-31539","1":"post","2":"type-post","3":"status-publish","4":"format-standard","5":"has-post-thumbnail","7":"category-societe"},"yoast_head":"<!-- This site is optimized with the Yoast SEO plugin v24.2 - https:\/\/yoast.com\/wordpress\/plugins\/seo\/ -->\n<title>Concertations Nationales: les fondateurs d\u2019\u00e9coles demandent une direction nationale | Guin\u00e9e Diversit\u00e9<\/title>\n<meta name=\"robots\" content=\"index, follow, max-snippet:-1, max-image-preview:large, max-video-preview:-1\" \/>\n<link rel=\"canonical\" href=\"https:\/\/guineediversite.com\/index.php\/2021\/09\/22\/concertations-nationales-les-fondateurs-decoles-demandent-une-direction-nationale\/\" \/>\n<meta property=\"og:locale\" content=\"fr_FR\" \/>\n<meta property=\"og:type\" content=\"article\" \/>\n<meta property=\"og:title\" content=\"Concertations Nationales: les fondateurs d\u2019\u00e9coles demandent une direction nationale | Guin\u00e9e Diversit\u00e9\" \/>\n<meta property=\"og:description\" content=\"Ce mercredi 22 septembre 2021, le CNRD s\u2019est concert\u00e9 avec les fondateurs des \u00e9coles et universit\u00e9s priv\u00e9es de Guin\u00e9e. Dans la matin\u00e9e, les fondateurs des \u00e9coles et universit\u00e9s ont aussi eu le temps d\u2019\u00e9taler leur probl\u00e8me face aux nouvelles autorit\u00e9s du pays, afin de faire une transition inclusive et apais\u00e9e en Guin\u00e9e. Roland Sossou, Charg\u00e9 [&hellip;]\" \/>\n<meta property=\"og:url\" content=\"https:\/\/guineediversite.com\/index.php\/2021\/09\/22\/concertations-nationales-les-fondateurs-decoles-demandent-une-direction-nationale\/\" \/>\n<meta property=\"og:site_name\" content=\"Guin\u00e9e Diversit\u00e9\" \/>\n<meta property=\"article:publisher\" content=\"https:\/\/www.facebook.com\/guineediversite\/\" \/>\n<meta property=\"article:published_time\" content=\"2021-09-22T13:35:50+00:00\" \/>\n<meta property=\"og:image\" content=\"https:\/\/guineediversite.com\/wp-content\/uploads\/2021\/09\/Roland-Sossou-Charge-de-communication-de-lassociation-des-fondateurs-decoles-privees-de-Guinee.jpeg\" \/>\n\t<meta property=\"og:image:width\" content=\"1300\" \/>\n\t<meta property=\"og:image:height\" content=\"780\" \/>\n\t<meta property=\"og:image:type\" content=\"image\/jpeg\" \/>\n<meta name=\"author\" content=\"Guin\u00e9e Diversit\u00e9\" \/>\n<meta name=\"twitter:card\" content=\"summary_large_image\" \/>\n<meta name=\"twitter:creator\" content=\"@GuineeDiversite\" \/>\n<meta name=\"twitter:site\" content=\"@GuineeDiversite\" \/>\n<meta name=\"twitter:label1\" content=\"\u00c9crit par\" \/>\n\t<meta name=\"twitter:data1\" content=\"Guin\u00e9e Diversit\u00e9\" \/>\n\t<meta name=\"twitter:label2\" content=\"Dur\u00e9e de lecture estim\u00e9e\" \/>\n\t<meta name=\"twitter:data2\" content=\"1 minute\" \/>\n<script type=\"application\/ld+json\" class=\"yoast-schema-graph\">{\"@context\":\"https:\/\/schema.org\",\"@graph\":[{\"@type\":\"Article\",\"@id\":\"https:\/\/guineediversite.com\/index.php\/2021\/09\/22\/concertations-nationales-les-fondateurs-decoles-demandent-une-direction-nationale\/#article\",\"isPartOf\":{\"@id\":\"https:\/\/guineediversite.com\/index.php\/2021\/09\/22\/concertations-nationales-les-fondateurs-decoles-demandent-une-direction-nationale\/\"},\"author\":{\"name\":\"Guin\u00e9e Diversit\u00e9\",\"@id\":\"https:\/\/guineediversite.com\/#\/schema\/person\/afa08fb34e7fc6e1feafc892612bc836\"},\"headline\":\"Concertations Nationales: les fondateurs d\u2019\u00e9coles demandent une direction nationale\",\"datePublished\":\"2021-09-22T13:35:50+00:00\",\"dateModified\":\"2021-09-22T13:35:50+00:00\",\"mainEntityOfPage\":{\"@id\":\"https:\/\/guineediversite.com\/index.php\/2021\/09\/22\/concertations-nationales-les-fondateurs-decoles-demandent-une-direction-nationale\/\"},\"wordCount\":301,\"publisher\":{\"@id\":\"https:\/\/guineediversite.com\/#organization\"},\"image\":{\"@id\":\"https:\/\/guineediversite.com\/index.php\/2021\/09\/22\/concertations-nationales-les-fondateurs-decoles-demandent-une-direction-nationale\/#primaryimage\"},\"thumbnailUrl\":\"https:\/\/guineediversite.com\/wp-content\/uploads\/2021\/09\/Roland-Sossou-Charge-de-communication-de-lassociation-des-fondateurs-decoles-privees-de-Guinee.jpeg\",\"articleSection\":[\"Soci\u00e9t\u00e9\"],\"inLanguage\":\"fr-FR\"},{\"@type\":\"WebPage\",\"@id\":\"https:\/\/guineediversite.com\/index.php\/2021\/09\/22\/concertations-nationales-les-fondateurs-decoles-demandent-une-direction-nationale\/\",\"url\":\"https:\/\/guineediversite.com\/index.php\/2021\/09\/22\/concertations-nationales-les-fondateurs-decoles-demandent-une-direction-nationale\/\",\"name\":\"Concertations Nationales: les fondateurs d\u2019\u00e9coles demandent une direction nationale | Guin\u00e9e Diversit\u00e9\",\"isPartOf\":{\"@id\":\"https:\/\/guineediversite.com\/#website\"},\"primaryImageOfPage\":{\"@id\":\"https:\/\/guineediversite.com\/index.php\/2021\/09\/22\/concertations-nationales-les-fondateurs-decoles-demandent-une-direction-nationale\/#primaryimage\"},\"image\":{\"@id\":\"https:\/\/guineediversite.com\/index.php\/2021\/09\/22\/concertations-nationales-les-fondateurs-decoles-demandent-une-direction-nationale\/#primaryimage\"},\"thumbnailUrl\":\"https:\/\/guineediversite.com\/wp-content\/uploads\/2021\/09\/Roland-Sossou-Charge-de-communication-de-lassociation-des-fondateurs-decoles-privees-de-Guinee.jpeg\",\"datePublished\":\"2021-09-22T13:35:50+00:00\",\"dateModified\":\"2021-09-22T13:35:50+00:00\",\"breadcrumb\":{\"@id\":\"https:\/\/guineediversite.com\/index.php\/2021\/09\/22\/concertations-nationales-les-fondateurs-decoles-demandent-une-direction-nationale\/#breadcrumb\"},\"inLanguage\":\"fr-FR\",\"potentialAction\":[{\"@type\":\"ReadAction\",\"target\":[\"https:\/\/guineediversite.com\/index.php\/2021\/09\/22\/concertations-nationales-les-fondateurs-decoles-demandent-une-direction-nationale\/\"]}]},{\"@type\":\"ImageObject\",\"inLanguage\":\"fr-FR\",\"@id\":\"https:\/\/guineediversite.com\/index.php\/2021\/09\/22\/concertations-nationales-les-fondateurs-decoles-demandent-une-direction-nationale\/#primaryimage\",\"url\":\"https:\/\/guineediversite.com\/wp-content\/uploads\/2021\/09\/Roland-Sossou-Charge-de-communication-de-lassociation-des-fondateurs-decoles-privees-de-Guinee.jpeg\",\"contentUrl\":\"https:\/\/guineediversite.com\/wp-content\/uploads\/2021\/09\/Roland-Sossou-Charge-de-communication-de-lassociation-des-fondateurs-decoles-privees-de-Guinee.jpeg\",\"width\":1300,\"height\":780},{\"@type\":\"BreadcrumbList\",\"@id\":\"https:\/\/guineediversite.com\/index.php\/2021\/09\/22\/concertations-nationales-les-fondateurs-decoles-demandent-une-direction-nationale\/#breadcrumb\",\"itemListElement\":[{\"@type\":\"ListItem\",\"position\":1,\"name\":\"Accueil\",\"item\":\"https:\/\/guineediversite.com\/\"},{\"@type\":\"ListItem\",\"position\":2,\"name\":\"Concertations Nationales: les fondateurs d\u2019\u00e9coles demandent une direction nationale\"}]},{\"@type\":\"WebSite\",\"@id\":\"https:\/\/guineediversite.com\/#website\",\"url\":\"https:\/\/guineediversite.com\/\",\"name\":\"Guin\u00e9e Diversit\u00e9\",\"description\":\"L&#039;Info dans toute sa diversit\u00e9\",\"publisher\":{\"@id\":\"https:\/\/guineediversite.com\/#organization\"},\"potentialAction\":[{\"@type\":\"SearchAction\",\"target\":{\"@type\":\"EntryPoint\",\"urlTemplate\":\"https:\/\/guineediversite.com\/?s={search_term_string}\"},\"query-input\":{\"@type\":\"PropertyValueSpecification\",\"valueRequired\":true,\"valueName\":\"search_term_string\"}}],\"inLanguage\":\"fr-FR\"},{\"@type\":\"Organization\",\"@id\":\"https:\/\/guineediversite.com\/#organization\",\"name\":\"Guin\u00e9e Diversit\u00e9\",\"url\":\"https:\/\/guineediversite.com\/\",\"logo\":{\"@type\":\"ImageObject\",\"inLanguage\":\"fr-FR\",\"@id\":\"https:\/\/guineediversite.com\/#\/schema\/logo\/image\/\",\"url\":\"https:\/\/guineediversite.com\/wp-content\/uploads\/2017\/04\/cropped-1jojlxEOMkX9Wyqfhe43D6kjPOGqBBKmx3EwWJqZ0cMrFF54yM49.png\",\"contentUrl\":\"https:\/\/guineediversite.com\/wp-content\/uploads\/2017\/04\/cropped-1jojlxEOMkX9Wyqfhe43D6kjPOGqBBKmx3EwWJqZ0cMrFF54yM49.png\",\"width\":186,\"height\":112,\"caption\":\"Guin\u00e9e Diversit\u00e9\"},\"image\":{\"@id\":\"https:\/\/guineediversite.com\/#\/schema\/logo\/image\/\"},\"sameAs\":[\"https:\/\/www.facebook.com\/guineediversite\/\",\"https:\/\/x.com\/GuineeDiversite\",\"https:\/\/www.youtube.com\/channel\/UC8sUY16qelG5ge6_D5SB83g\"]},{\"@type\":\"Person\",\"@id\":\"https:\/\/guineediversite.com\/#\/schema\/person\/afa08fb34e7fc6e1feafc892612bc836\",\"name\":\"Guin\u00e9e Diversit\u00e9\",\"image\":{\"@type\":\"ImageObject\",\"inLanguage\":\"fr-FR\",\"@id\":\"https:\/\/guineediversite.com\/#\/schema\/person\/image\/\",\"url\":\"https:\/\/secure.gravatar.com\/avatar\/50d5eb5b390f8b65ac30ac6f898eb83a?s=96&d=mm&r=g\",\"contentUrl\":\"https:\/\/secure.gravatar.com\/avatar\/50d5eb5b390f8b65ac30ac6f898eb83a?s=96&d=mm&r=g\",\"caption\":\"Guin\u00e9e Diversit\u00e9\"},\"url\":\"https:\/\/guineediversite.com\/index.php\/author\/guineediversite\/\"}]}<\/script>\n<!-- \/ Yoast SEO plugin. -->","yoast_head_json":{"title":"Concertations Nationales: les fondateurs d\u2019\u00e9coles demandent une direction nationale | Guin\u00e9e Diversit\u00e9","robots":{"index":"index","follow":"follow","max-snippet":"max-snippet:-1","max-image-preview":"max-image-preview:large","max-video-preview":"max-video-preview:-1"},"canonical":"https:\/\/guineediversite.com\/index.php\/2021\/09\/22\/concertations-nationales-les-fondateurs-decoles-demandent-une-direction-nationale\/","og_locale":"fr_FR","og_type":"article","og_title":"Concertations Nationales: les fondateurs d\u2019\u00e9coles demandent une direction nationale | Guin\u00e9e Diversit\u00e9","og_description":"Ce mercredi 22 septembre 2021, le CNRD s\u2019est concert\u00e9 avec les fondateurs des \u00e9coles et universit\u00e9s priv\u00e9es de Guin\u00e9e. Dans la matin\u00e9e, les fondateurs des \u00e9coles et universit\u00e9s ont aussi eu le temps d\u2019\u00e9taler leur probl\u00e8me face aux nouvelles autorit\u00e9s du pays, afin de faire une transition inclusive et apais\u00e9e en Guin\u00e9e. Roland Sossou, Charg\u00e9 [&hellip;]","og_url":"https:\/\/guineediversite.com\/index.php\/2021\/09\/22\/concertations-nationales-les-fondateurs-decoles-demandent-une-direction-nationale\/","og_site_name":"Guin\u00e9e Diversit\u00e9","article_publisher":"https:\/\/www.facebook.com\/guineediversite\/","article_published_time":"2021-09-22T13:35:50+00:00","og_image":[{"width":1300,"height":780,"url":"https:\/\/guineediversite.com\/wp-content\/uploads\/2021\/09\/Roland-Sossou-Charge-de-communication-de-lassociation-des-fondateurs-decoles-privees-de-Guinee.jpeg","type":"image\/jpeg"}],"author":"Guin\u00e9e Diversit\u00e9","twitter_card":"summary_large_image","twitter_creator":"@GuineeDiversite","twitter_site":"@GuineeDiversite","twitter_misc":{"\u00c9crit par":"Guin\u00e9e Diversit\u00e9","Dur\u00e9e de lecture estim\u00e9e":"1 minute"},"schema":{"@context":"https:\/\/schema.org","@graph":[{"@type":"Article","@id":"https:\/\/guineediversite.com\/index.php\/2021\/09\/22\/concertations-nationales-les-fondateurs-decoles-demandent-une-direction-nationale\/#article","isPartOf":{"@id":"https:\/\/guineediversite.com\/index.php\/2021\/09\/22\/concertations-nationales-les-fondateurs-decoles-demandent-une-direction-nationale\/"},"author":{"name":"Guin\u00e9e Diversit\u00e9","@id":"https:\/\/guineediversite.com\/#\/schema\/person\/afa08fb34e7fc6e1feafc892612bc836"},"headline":"Concertations Nationales: les fondateurs d\u2019\u00e9coles demandent une direction nationale","datePublished":"2021-09-22T13:35:50+00:00","dateModified":"2021-09-22T13:35:50+00:00","mainEntityOfPage":{"@id":"https:\/\/guineediversite.com\/index.php\/2021\/09\/22\/concertations-nationales-les-fondateurs-decoles-demandent-une-direction-nationale\/"},"wordCount":301,"publisher":{"@id":"https:\/\/guineediversite.com\/#organization"},"image":{"@id":"https:\/\/guineediversite.com\/index.php\/2021\/09\/22\/concertations-nationales-les-fondateurs-decoles-demandent-une-direction-nationale\/#primaryimage"},"thumbnailUrl":"https:\/\/guineediversite.com\/wp-content\/uploads\/2021\/09\/Roland-Sossou-Charge-de-communication-de-lassociation-des-fondateurs-decoles-privees-de-Guinee.jpeg","articleSection":["Soci\u00e9t\u00e9"],"inLanguage":"fr-FR"},{"@type":"WebPage","@id":"https:\/\/guineediversite.com\/index.php\/2021\/09\/22\/concertations-nationales-les-fondateurs-decoles-demandent-une-direction-nationale\/","url":"https:\/\/guineediversite.com\/index.php\/2021\/09\/22\/concertations-nationales-les-fondateurs-decoles-demandent-une-direction-nationale\/","name":"Concertations Nationales: les fondateurs d\u2019\u00e9coles demandent une direction nationale | Guin\u00e9e Diversit\u00e9","isPartOf":{"@id":"https:\/\/guineediversite.com\/#website"},"primaryImageOfPage":{"@id":"https:\/\/guineediversite.com\/index.php\/2021\/09\/22\/concertations-nationales-les-fondateurs-decoles-demandent-une-direction-nationale\/#primaryimage"},"image":{"@id":"https:\/\/guineediversite.com\/index.php\/2021\/09\/22\/concertations-nationales-les-fondateurs-decoles-demandent-une-direction-nationale\/#primaryimage"},"thumbnailUrl":"https:\/\/guineediversite.com\/wp-content\/uploads\/2021\/09\/Roland-Sossou-Charge-de-communication-de-lassociation-des-fondateurs-decoles-privees-de-Guinee.jpeg","datePublished":"2021-09-22T13:35:50+00:00","dateModified":"2021-09-22T13:35:50+00:00","breadcrumb":{"@id":"https:\/\/guineediversite.com\/index.php\/2021\/09\/22\/concertations-nationales-les-fondateurs-decoles-demandent-une-direction-nationale\/#breadcrumb"},"inLanguage":"fr-FR","potentialAction":[{"@type":"ReadAction","target":["https:\/\/guineediversite.com\/index.php\/2021\/09\/22\/concertations-nationales-les-fondateurs-decoles-demandent-une-direction-nationale\/"]}]},{"@type":"ImageObject","inLanguage":"fr-FR","@id":"https:\/\/guineediversite.com\/index.php\/2021\/09\/22\/concertations-nationales-les-fondateurs-decoles-demandent-une-direction-nationale\/#primaryimage","url":"https:\/\/guineediversite.com\/wp-content\/uploads\/2021\/09\/Roland-Sossou-Charge-de-communication-de-lassociation-des-fondateurs-decoles-privees-de-Guinee.jpeg","contentUrl":"https:\/\/guineediversite.com\/wp-content\/uploads\/2021\/09\/Roland-Sossou-Charge-de-communication-de-lassociation-des-fondateurs-decoles-privees-de-Guinee.jpeg","width":1300,"height":780},{"@type":"BreadcrumbList","@id":"https:\/\/guineediversite.com\/index.php\/2021\/09\/22\/concertations-nationales-les-fondateurs-decoles-demandent-une-direction-nationale\/#breadcrumb","itemListElement":[{"@type":"ListItem","position":1,"name":"Accueil","item":"https:\/\/guineediversite.com\/"},{"@type":"ListItem","position":2,"name":"Concertations Nationales: les fondateurs d\u2019\u00e9coles demandent une direction nationale"}]},{"@type":"WebSite","@id":"https:\/\/guineediversite.com\/#website","url":"https:\/\/guineediversite.com\/","name":"Guin\u00e9e Diversit\u00e9","description":"L&#039;Info dans toute sa diversit\u00e9","publisher":{"@id":"https:\/\/guineediversite.com\/#organization"},"potentialAction":[{"@type":"SearchAction","target":{"@type":"EntryPoint","urlTemplate":"https:\/\/guineediversite.com\/?s={search_term_string}"},"query-input":{"@type":"PropertyValueSpecification","valueRequired":true,"valueName":"search_term_string"}}],"inLanguage":"fr-FR"},{"@type":"Organization","@id":"https:\/\/guineediversite.com\/#organization","name":"Guin\u00e9e Diversit\u00e9","url":"https:\/\/guineediversite.com\/","logo":{"@type":"ImageObject","inLanguage":"fr-FR","@id":"https:\/\/guineediversite.com\/#\/schema\/logo\/image\/","url":"https:\/\/guineediversite.com\/wp-content\/uploads\/2017\/04\/cropped-1jojlxEOMkX9Wyqfhe43D6kjPOGqBBKmx3EwWJqZ0cMrFF54yM49.png","contentUrl":"https:\/\/guineediversite.com\/wp-content\/uploads\/2017\/04\/cropped-1jojlxEOMkX9Wyqfhe43D6kjPOGqBBKmx3EwWJqZ0cMrFF54yM49.png","width":186,"height":112,"caption":"Guin\u00e9e Diversit\u00e9"},"image":{"@id":"https:\/\/guineediversite.com\/#\/schema\/logo\/image\/"},"sameAs":["https:\/\/www.facebook.com\/guineediversite\/","https:\/\/x.com\/GuineeDiversite","https:\/\/www.youtube.com\/channel\/UC8sUY16qelG5ge6_D5SB83g"]},{"@type":"Person","@id":"https:\/\/guineediversite.com\/#\/schema\/person\/afa08fb34e7fc6e1feafc892612bc836","name":"Guin\u00e9e Diversit\u00e9","image":{"@type":"ImageObject","inLanguage":"fr-FR","@id":"https:\/\/guineediversite.com\/#\/schema\/person\/image\/","url":"https:\/\/secure.gravatar.com\/avatar\/50d5eb5b390f8b65ac30ac6f898eb83a?s=96&d=mm&r=g","contentUrl":"https:\/\/secure.gravatar.com\/avatar\/50d5eb5b390f8b65ac30ac6f898eb83a?s=96&d=mm&r=g","caption":"Guin\u00e9e Diversit\u00e9"},"url":"https:\/\/guineediversite.com\/index.php\/author\/guineediversite\/"}]}},"_links":{"self":[{"href":"https:\/\/guineediversite.com\/index.php\/wp-json\/wp\/v2\/posts\/31539"}],"collection":[{"href":"https:\/\/guineediversite.com\/index.php\/wp-json\/wp\/v2\/posts"}],"about":[{"href":"https:\/\/guineediversite.com\/index.php\/wp-json\/wp\/v2\/types\/post"}],"author":[{"embeddable":true,"href":"https:\/\/guineediversite.com\/index.php\/wp-json\/wp\/v2\/users\/12"}],"replies":[{"embeddable":true,"href":"https:\/\/guineediversite.com\/index.php\/wp-json\/wp\/v2\/comments?post=31539"}],"version-history":[{"count":1,"href":"https:\/\/guineediversite.com\/index.php\/wp-json\/wp\/v2\/posts\/31539\/revisions"}],"predecessor-version":[{"id":31541,"href":"https:\/\/guineediversite.com\/index.php\/wp-json\/wp\/v2\/posts\/31539\/revisions\/31541"}],"wp:featuredmedia":[{"embeddable":true,"href":"https:\/\/guineediversite.com\/index.php\/wp-json\/wp\/v2\/media\/31540"}],"wp:attachment":[{"href":"https:\/\/guineediversite.com\/index.php\/wp-json\/wp\/v2\/media?parent=31539"}],"wp:term":[{"taxonomy":"category","embeddable":true,"href":"https:\/\/guineediversite.com\/index.php\/wp-json\/wp\/v2\/categories?post=31539"},{"taxonomy":"post_tag","embeddable":true,"href":"https:\/\/guineediversite.com\/index.php\/wp-json\/wp\/v2\/tags?post=31539"}],"curies":[{"name":"wp","href":"https:\/\/api.w.org\/{rel}","templated":true}]}}