{"id":31522,"date":"2021-09-21T16:33:10","date_gmt":"2021-09-21T14:33:10","guid":{"rendered":"https:\/\/guineediversite.com\/?p=31522"},"modified":"2021-09-21T17:22:13","modified_gmt":"2021-09-21T15:22:13","slug":"le-repsfeco-lance-le-projet-de-campagne-regionale-des-organisations-feminines-pour-la-paix-au-sahel-et-en-guinee","status":"publish","type":"post","link":"https:\/\/guineediversite.com\/index.php\/2021\/09\/21\/le-repsfeco-lance-le-projet-de-campagne-regionale-des-organisations-feminines-pour-la-paix-au-sahel-et-en-guinee\/","title":{"rendered":"Le REPSFECO lance le projet de campagne r\u00e9gionale des organisations f\u00e9minines pour la paix au sahel et en Guin\u00e9e"},"content":{"rendered":"<p><strong>Le r\u00e9seau Paix et S\u00e9curit\u00e9 pour les Femmes de l\u2019espace CEDEAO (REPSFECO) a lanc\u00e9 ce mardi 21 septembre 2021 le projet d\u00e9nomm\u00e9 \u00ab <\/strong><strong><em>campagne r\u00e9gionale des organisations f\u00e9minines pour la paix au sahel et en Guin\u00e9e<\/em><\/strong><strong> \u00bb. Cette c\u00e9r\u00e9monie qui s\u2019est tenue \u00e0 la maison de la presse, a connu  la pr\u00e9sence  de Makal\u00e9 Camara la pr\u00e9sidente du parti Front pour l\u2019Alliance Nationale (FAN).<\/strong><\/p>\n<p>\u00c0 rappeler que, le 21 septembre de chaque ann\u00e9e est c\u00e9l\u00e9br\u00e9e la journ\u00e9e mondiale de la paix. L\u2019ancienne ministre des affaires \u00e9trang\u00e8res, a dans sa prise de parole soulign\u00e9 les motifs qui engendrent les conflits entre les citoyens du monde et particuli\u00e8rement ceux de la Guin\u00e9e.<\/p>\n<p>\u00ab <em>Les hommes sont ensemble, les hommes se font la guerre, les hommes s\u2019entred\u00e9chirent, quelques fois pour le pouvoir, quelques fois pour les int\u00e9r\u00eats \u00e9conomiques et voir m\u00eame religieux. Ce fond de consolidation qui existe en Guin\u00e9e depuis  2007 a investi cent quatre vingt millions sur les questions de plan prioritaires tels que la r\u00e9forme des services de s\u00e9curit\u00e9 et de d\u00e9fense mais aussi la r\u00e9conciliation nationale, jusqu\u2019\u00e0 la mise en place de la commission provisoire de r\u00e9conciliation avec mon seigneur Coulibaly et le grand Imam de la grande mosqu\u00e9e Fay\u00e7al Mamadou Saliou Camara . Ce programme de consolidation pour la Guin\u00e9e est termin\u00e9 parce qu\u2019on estime qu\u2019il a atteint son objectif. On estime que la Guin\u00e9e est un  pays de paix, et qu&rsquo;on peut l\u2019aider dans sa culture de paix et de ce qu\u2019elle sait faire de mieux <\/em>(\u2026) \u00bb, a fait savoir Makal\u00e9 Camara pr\u00e9sidente du parti FAN.<\/p>\n<p>Et de poursuivre : \u00ab <em>aujourd&rsquo;hui nous sommes face \u00e0 un nouveau pouvoir et c\u2019est \u00e0 cause des \u00e9lections. Parce que la constitution a \u00e9t\u00e9 tripatouill\u00e9e, parce que les \u00e9lections sont r\u00e9put\u00e9es non cr\u00e9dibles et non transparentes. Parce que les gens sont frustr\u00e9s et ne se retrouvent pas \u00e0 leur place (\u2026). Que toutes les manifestations qui se passent dans ce pays, aujourd\u2019hui journ\u00e9e de paix, soit la journ\u00e9e de grande manifestation pour que les Guin\u00e9ens se pardonnent, se donne la main, se regardent en face et se disent si nous ne nous tol\u00e9rons pas, si nous ne changeons pas de comportement ce pays ne changera jam<\/em>ais (\u2026) \u00bb.<\/p>\n<p>Elle rench\u00e9rit ces propos \u00e0 l\u2019\u00e9gard des nouvelles autorit\u00e9s en ces termes \u00ab <em>aujourd\u2019hui nous sommes face \u00e0 une nouvelle gouvernance \u00e0 laquelle nous avons tous applaudi. Nous sommes entrain d\u2019applaudir, que personne ne nous dise demain, je n\u2019\u00e9tais pas d\u2019accord (\u2026)<\/em> \u00bb, averti Makal\u00e9 Camara.<\/p>\n<p><img loading=\"lazy\" decoding=\"async\" class=\"alignnone size-medium wp-image-31524\" src=\"https:\/\/guineediversite.com.bwjx4292.odns.fr\/wp-content\/uploads\/2021\/09\/WhatsApp-Image-2021-09-21-at-14.23.58-300x200.jpeg\" alt=\"\" width=\"300\" height=\"200\" srcset=\"https:\/\/guineediversite.com\/wp-content\/uploads\/2021\/09\/WhatsApp-Image-2021-09-21-at-14.23.58-300x200.jpeg 300w, https:\/\/guineediversite.com\/wp-content\/uploads\/2021\/09\/WhatsApp-Image-2021-09-21-at-14.23.58-1024x682.jpeg 1024w, https:\/\/guineediversite.com\/wp-content\/uploads\/2021\/09\/WhatsApp-Image-2021-09-21-at-14.23.58-768x512.jpeg 768w, https:\/\/guineediversite.com\/wp-content\/uploads\/2021\/09\/WhatsApp-Image-2021-09-21-at-14.23.58-600x400.jpeg 600w, https:\/\/guineediversite.com\/wp-content\/uploads\/2021\/09\/WhatsApp-Image-2021-09-21-at-14.23.58-696x464.jpeg 696w, https:\/\/guineediversite.com\/wp-content\/uploads\/2021\/09\/WhatsApp-Image-2021-09-21-at-14.23.58-1068x712.jpeg 1068w, https:\/\/guineediversite.com\/wp-content\/uploads\/2021\/09\/WhatsApp-Image-2021-09-21-at-14.23.58-630x420.jpeg 630w, https:\/\/guineediversite.com\/wp-content\/uploads\/2021\/09\/WhatsApp-Image-2021-09-21-at-14.23.58.jpeg 1280w\" sizes=\"(max-width: 300px) 100vw, 300px\" \/><\/p>\n","protected":false},"excerpt":{"rendered":"<p>Le r\u00e9seau Paix et S\u00e9curit\u00e9 pour les Femmes de l\u2019espace CEDEAO (REPSFECO) a lanc\u00e9 ce mardi 21 septembre 2021 le projet d\u00e9nomm\u00e9 \u00ab campagne r\u00e9gionale des organisations f\u00e9minines pour la paix au sahel et en Guin\u00e9e \u00bb. Cette c\u00e9r\u00e9monie qui s\u2019est tenue \u00e0 la maison de la presse, a connu la pr\u00e9sence de Makal\u00e9 Camara [&hellip;]<\/p>\n","protected":false},"author":10,"featured_media":31523,"comment_status":"closed","ping_status":"open","sticky":false,"template":"","format":"standard","meta":{"_exactmetrics_skip_tracking":false,"_exactmetrics_sitenote_active":false,"_exactmetrics_sitenote_note":"","_exactmetrics_sitenote_category":0,"tdm_status":"","tdm_grid_status":"","footnotes":""},"categories":[14],"tags":[],"class_list":{"0":"post-31522","1":"post","2":"type-post","3":"status-publish","4":"format-standard","5":"has-post-thumbnail","7":"category-politique"},"yoast_head":"<!-- This site is optimized with the Yoast SEO plugin v24.2 - https:\/\/yoast.com\/wordpress\/plugins\/seo\/ -->\n<title>Le REPSFECO lance le projet de campagne r\u00e9gionale des organisations f\u00e9minines pour la paix au sahel et en Guin\u00e9e | Guin\u00e9e Diversit\u00e9<\/title>\n<meta name=\"robots\" content=\"index, follow, max-snippet:-1, max-image-preview:large, max-video-preview:-1\" \/>\n<link rel=\"canonical\" href=\"https:\/\/guineediversite.com\/index.php\/2021\/09\/21\/le-repsfeco-lance-le-projet-de-campagne-regionale-des-organisations-feminines-pour-la-paix-au-sahel-et-en-guinee\/\" \/>\n<meta property=\"og:locale\" content=\"fr_FR\" \/>\n<meta property=\"og:type\" content=\"article\" \/>\n<meta property=\"og:title\" content=\"Le REPSFECO lance le projet de campagne r\u00e9gionale des organisations f\u00e9minines pour la paix au sahel et en Guin\u00e9e | Guin\u00e9e Diversit\u00e9\" \/>\n<meta property=\"og:description\" content=\"Le r\u00e9seau Paix et S\u00e9curit\u00e9 pour les Femmes de l\u2019espace CEDEAO (REPSFECO) a lanc\u00e9 ce mardi 21 septembre 2021 le projet d\u00e9nomm\u00e9 \u00ab campagne r\u00e9gionale des organisations f\u00e9minines pour la paix au sahel et en Guin\u00e9e \u00bb. Cette c\u00e9r\u00e9monie qui s\u2019est tenue \u00e0 la maison de la presse, a connu la pr\u00e9sence de Makal\u00e9 Camara [&hellip;]\" \/>\n<meta property=\"og:url\" content=\"https:\/\/guineediversite.com\/index.php\/2021\/09\/21\/le-repsfeco-lance-le-projet-de-campagne-regionale-des-organisations-feminines-pour-la-paix-au-sahel-et-en-guinee\/\" \/>\n<meta property=\"og:site_name\" content=\"Guin\u00e9e Diversit\u00e9\" \/>\n<meta property=\"article:publisher\" content=\"https:\/\/www.facebook.com\/guineediversite\/\" \/>\n<meta property=\"article:published_time\" content=\"2021-09-21T14:33:10+00:00\" \/>\n<meta property=\"article:modified_time\" content=\"2021-09-21T15:22:13+00:00\" \/>\n<meta property=\"og:image\" content=\"https:\/\/guineediversite.com\/wp-content\/uploads\/2021\/09\/WhatsApp-Image-2021-09-21-at-14.23.44.jpeg\" \/>\n\t<meta property=\"og:image:width\" content=\"1280\" \/>\n\t<meta property=\"og:image:height\" content=\"853\" \/>\n\t<meta property=\"og:image:type\" content=\"image\/jpeg\" \/>\n<meta name=\"author\" content=\"Morcire Camara\" \/>\n<meta name=\"twitter:card\" content=\"summary_large_image\" \/>\n<meta name=\"twitter:creator\" content=\"@GuineeDiversite\" \/>\n<meta name=\"twitter:site\" content=\"@GuineeDiversite\" \/>\n<meta name=\"twitter:label1\" content=\"\u00c9crit par\" \/>\n\t<meta name=\"twitter:data1\" content=\"Morcire Camara\" \/>\n\t<meta name=\"twitter:label2\" content=\"Dur\u00e9e de lecture estim\u00e9e\" \/>\n\t<meta name=\"twitter:data2\" content=\"2 minutes\" \/>\n<script type=\"application\/ld+json\" class=\"yoast-schema-graph\">{\"@context\":\"https:\/\/schema.org\",\"@graph\":[{\"@type\":\"Article\",\"@id\":\"https:\/\/guineediversite.com\/index.php\/2021\/09\/21\/le-repsfeco-lance-le-projet-de-campagne-regionale-des-organisations-feminines-pour-la-paix-au-sahel-et-en-guinee\/#article\",\"isPartOf\":{\"@id\":\"https:\/\/guineediversite.com\/index.php\/2021\/09\/21\/le-repsfeco-lance-le-projet-de-campagne-regionale-des-organisations-feminines-pour-la-paix-au-sahel-et-en-guinee\/\"},\"author\":{\"name\":\"Morcire Camara\",\"@id\":\"https:\/\/guineediversite.com\/#\/schema\/person\/fa362494c47202ce4b3adf55abcc9d01\"},\"headline\":\"Le REPSFECO lance le projet de campagne r\u00e9gionale des organisations f\u00e9minines pour la paix au sahel et en Guin\u00e9e\",\"datePublished\":\"2021-09-21T14:33:10+00:00\",\"dateModified\":\"2021-09-21T15:22:13+00:00\",\"mainEntityOfPage\":{\"@id\":\"https:\/\/guineediversite.com\/index.php\/2021\/09\/21\/le-repsfeco-lance-le-projet-de-campagne-regionale-des-organisations-feminines-pour-la-paix-au-sahel-et-en-guinee\/\"},\"wordCount\":473,\"publisher\":{\"@id\":\"https:\/\/guineediversite.com\/#organization\"},\"image\":{\"@id\":\"https:\/\/guineediversite.com\/index.php\/2021\/09\/21\/le-repsfeco-lance-le-projet-de-campagne-regionale-des-organisations-feminines-pour-la-paix-au-sahel-et-en-guinee\/#primaryimage\"},\"thumbnailUrl\":\"https:\/\/guineediversite.com\/wp-content\/uploads\/2021\/09\/WhatsApp-Image-2021-09-21-at-14.23.44.jpeg\",\"articleSection\":[\"Politique\"],\"inLanguage\":\"fr-FR\"},{\"@type\":\"WebPage\",\"@id\":\"https:\/\/guineediversite.com\/index.php\/2021\/09\/21\/le-repsfeco-lance-le-projet-de-campagne-regionale-des-organisations-feminines-pour-la-paix-au-sahel-et-en-guinee\/\",\"url\":\"https:\/\/guineediversite.com\/index.php\/2021\/09\/21\/le-repsfeco-lance-le-projet-de-campagne-regionale-des-organisations-feminines-pour-la-paix-au-sahel-et-en-guinee\/\",\"name\":\"Le REPSFECO lance le projet de campagne r\u00e9gionale des organisations f\u00e9minines pour la paix au sahel et en Guin\u00e9e | Guin\u00e9e Diversit\u00e9\",\"isPartOf\":{\"@id\":\"https:\/\/guineediversite.com\/#website\"},\"primaryImageOfPage\":{\"@id\":\"https:\/\/guineediversite.com\/index.php\/2021\/09\/21\/le-repsfeco-lance-le-projet-de-campagne-regionale-des-organisations-feminines-pour-la-paix-au-sahel-et-en-guinee\/#primaryimage\"},\"image\":{\"@id\":\"https:\/\/guineediversite.com\/index.php\/2021\/09\/21\/le-repsfeco-lance-le-projet-de-campagne-regionale-des-organisations-feminines-pour-la-paix-au-sahel-et-en-guinee\/#primaryimage\"},\"thumbnailUrl\":\"https:\/\/guineediversite.com\/wp-content\/uploads\/2021\/09\/WhatsApp-Image-2021-09-21-at-14.23.44.jpeg\",\"datePublished\":\"2021-09-21T14:33:10+00:00\",\"dateModified\":\"2021-09-21T15:22:13+00:00\",\"breadcrumb\":{\"@id\":\"https:\/\/guineediversite.com\/index.php\/2021\/09\/21\/le-repsfeco-lance-le-projet-de-campagne-regionale-des-organisations-feminines-pour-la-paix-au-sahel-et-en-guinee\/#breadcrumb\"},\"inLanguage\":\"fr-FR\",\"potentialAction\":[{\"@type\":\"ReadAction\",\"target\":[\"https:\/\/guineediversite.com\/index.php\/2021\/09\/21\/le-repsfeco-lance-le-projet-de-campagne-regionale-des-organisations-feminines-pour-la-paix-au-sahel-et-en-guinee\/\"]}]},{\"@type\":\"ImageObject\",\"inLanguage\":\"fr-FR\",\"@id\":\"https:\/\/guineediversite.com\/index.php\/2021\/09\/21\/le-repsfeco-lance-le-projet-de-campagne-regionale-des-organisations-feminines-pour-la-paix-au-sahel-et-en-guinee\/#primaryimage\",\"url\":\"https:\/\/guineediversite.com\/wp-content\/uploads\/2021\/09\/WhatsApp-Image-2021-09-21-at-14.23.44.jpeg\",\"contentUrl\":\"https:\/\/guineediversite.com\/wp-content\/uploads\/2021\/09\/WhatsApp-Image-2021-09-21-at-14.23.44.jpeg\",\"width\":1280,\"height\":853},{\"@type\":\"BreadcrumbList\",\"@id\":\"https:\/\/guineediversite.com\/index.php\/2021\/09\/21\/le-repsfeco-lance-le-projet-de-campagne-regionale-des-organisations-feminines-pour-la-paix-au-sahel-et-en-guinee\/#breadcrumb\",\"itemListElement\":[{\"@type\":\"ListItem\",\"position\":1,\"name\":\"Accueil\",\"item\":\"https:\/\/guineediversite.com\/\"},{\"@type\":\"ListItem\",\"position\":2,\"name\":\"Le REPSFECO lance le projet de campagne r\u00e9gionale des organisations f\u00e9minines pour la paix au sahel et en Guin\u00e9e\"}]},{\"@type\":\"WebSite\",\"@id\":\"https:\/\/guineediversite.com\/#website\",\"url\":\"https:\/\/guineediversite.com\/\",\"name\":\"Guin\u00e9e Diversit\u00e9\",\"description\":\"L&#039;Info dans toute sa diversit\u00e9\",\"publisher\":{\"@id\":\"https:\/\/guineediversite.com\/#organization\"},\"potentialAction\":[{\"@type\":\"SearchAction\",\"target\":{\"@type\":\"EntryPoint\",\"urlTemplate\":\"https:\/\/guineediversite.com\/?s={search_term_string}\"},\"query-input\":{\"@type\":\"PropertyValueSpecification\",\"valueRequired\":true,\"valueName\":\"search_term_string\"}}],\"inLanguage\":\"fr-FR\"},{\"@type\":\"Organization\",\"@id\":\"https:\/\/guineediversite.com\/#organization\",\"name\":\"Guin\u00e9e Diversit\u00e9\",\"url\":\"https:\/\/guineediversite.com\/\",\"logo\":{\"@type\":\"ImageObject\",\"inLanguage\":\"fr-FR\",\"@id\":\"https:\/\/guineediversite.com\/#\/schema\/logo\/image\/\",\"url\":\"https:\/\/guineediversite.com\/wp-content\/uploads\/2017\/04\/cropped-1jojlxEOMkX9Wyqfhe43D6kjPOGqBBKmx3EwWJqZ0cMrFF54yM49.png\",\"contentUrl\":\"https:\/\/guineediversite.com\/wp-content\/uploads\/2017\/04\/cropped-1jojlxEOMkX9Wyqfhe43D6kjPOGqBBKmx3EwWJqZ0cMrFF54yM49.png\",\"width\":186,\"height\":112,\"caption\":\"Guin\u00e9e Diversit\u00e9\"},\"image\":{\"@id\":\"https:\/\/guineediversite.com\/#\/schema\/logo\/image\/\"},\"sameAs\":[\"https:\/\/www.facebook.com\/guineediversite\/\",\"https:\/\/x.com\/GuineeDiversite\",\"https:\/\/www.youtube.com\/channel\/UC8sUY16qelG5ge6_D5SB83g\"]},{\"@type\":\"Person\",\"@id\":\"https:\/\/guineediversite.com\/#\/schema\/person\/fa362494c47202ce4b3adf55abcc9d01\",\"name\":\"Morcire Camara\",\"image\":{\"@type\":\"ImageObject\",\"inLanguage\":\"fr-FR\",\"@id\":\"https:\/\/guineediversite.com\/#\/schema\/person\/image\/\",\"url\":\"https:\/\/secure.gravatar.com\/avatar\/3ec324f02295bbcebe03d99b39330ab4?s=96&d=mm&r=g\",\"contentUrl\":\"https:\/\/secure.gravatar.com\/avatar\/3ec324f02295bbcebe03d99b39330ab4?s=96&d=mm&r=g\",\"caption\":\"Morcire Camara\"},\"url\":\"https:\/\/guineediversite.com\/index.php\/author\/morcire\/\"}]}<\/script>\n<!-- \/ Yoast SEO plugin. -->","yoast_head_json":{"title":"Le REPSFECO lance le projet de campagne r\u00e9gionale des organisations f\u00e9minines pour la paix au sahel et en Guin\u00e9e | Guin\u00e9e Diversit\u00e9","robots":{"index":"index","follow":"follow","max-snippet":"max-snippet:-1","max-image-preview":"max-image-preview:large","max-video-preview":"max-video-preview:-1"},"canonical":"https:\/\/guineediversite.com\/index.php\/2021\/09\/21\/le-repsfeco-lance-le-projet-de-campagne-regionale-des-organisations-feminines-pour-la-paix-au-sahel-et-en-guinee\/","og_locale":"fr_FR","og_type":"article","og_title":"Le REPSFECO lance le projet de campagne r\u00e9gionale des organisations f\u00e9minines pour la paix au sahel et en Guin\u00e9e | Guin\u00e9e Diversit\u00e9","og_description":"Le r\u00e9seau Paix et S\u00e9curit\u00e9 pour les Femmes de l\u2019espace CEDEAO (REPSFECO) a lanc\u00e9 ce mardi 21 septembre 2021 le projet d\u00e9nomm\u00e9 \u00ab campagne r\u00e9gionale des organisations f\u00e9minines pour la paix au sahel et en Guin\u00e9e \u00bb. Cette c\u00e9r\u00e9monie qui s\u2019est tenue \u00e0 la maison de la presse, a connu la pr\u00e9sence de Makal\u00e9 Camara [&hellip;]","og_url":"https:\/\/guineediversite.com\/index.php\/2021\/09\/21\/le-repsfeco-lance-le-projet-de-campagne-regionale-des-organisations-feminines-pour-la-paix-au-sahel-et-en-guinee\/","og_site_name":"Guin\u00e9e Diversit\u00e9","article_publisher":"https:\/\/www.facebook.com\/guineediversite\/","article_published_time":"2021-09-21T14:33:10+00:00","article_modified_time":"2021-09-21T15:22:13+00:00","og_image":[{"width":1280,"height":853,"url":"https:\/\/guineediversite.com\/wp-content\/uploads\/2021\/09\/WhatsApp-Image-2021-09-21-at-14.23.44.jpeg","type":"image\/jpeg"}],"author":"Morcire Camara","twitter_card":"summary_large_image","twitter_creator":"@GuineeDiversite","twitter_site":"@GuineeDiversite","twitter_misc":{"\u00c9crit par":"Morcire Camara","Dur\u00e9e de lecture estim\u00e9e":"2 minutes"},"schema":{"@context":"https:\/\/schema.org","@graph":[{"@type":"Article","@id":"https:\/\/guineediversite.com\/index.php\/2021\/09\/21\/le-repsfeco-lance-le-projet-de-campagne-regionale-des-organisations-feminines-pour-la-paix-au-sahel-et-en-guinee\/#article","isPartOf":{"@id":"https:\/\/guineediversite.com\/index.php\/2021\/09\/21\/le-repsfeco-lance-le-projet-de-campagne-regionale-des-organisations-feminines-pour-la-paix-au-sahel-et-en-guinee\/"},"author":{"name":"Morcire Camara","@id":"https:\/\/guineediversite.com\/#\/schema\/person\/fa362494c47202ce4b3adf55abcc9d01"},"headline":"Le REPSFECO lance le projet de campagne r\u00e9gionale des organisations f\u00e9minines pour la paix au sahel et en Guin\u00e9e","datePublished":"2021-09-21T14:33:10+00:00","dateModified":"2021-09-21T15:22:13+00:00","mainEntityOfPage":{"@id":"https:\/\/guineediversite.com\/index.php\/2021\/09\/21\/le-repsfeco-lance-le-projet-de-campagne-regionale-des-organisations-feminines-pour-la-paix-au-sahel-et-en-guinee\/"},"wordCount":473,"publisher":{"@id":"https:\/\/guineediversite.com\/#organization"},"image":{"@id":"https:\/\/guineediversite.com\/index.php\/2021\/09\/21\/le-repsfeco-lance-le-projet-de-campagne-regionale-des-organisations-feminines-pour-la-paix-au-sahel-et-en-guinee\/#primaryimage"},"thumbnailUrl":"https:\/\/guineediversite.com\/wp-content\/uploads\/2021\/09\/WhatsApp-Image-2021-09-21-at-14.23.44.jpeg","articleSection":["Politique"],"inLanguage":"fr-FR"},{"@type":"WebPage","@id":"https:\/\/guineediversite.com\/index.php\/2021\/09\/21\/le-repsfeco-lance-le-projet-de-campagne-regionale-des-organisations-feminines-pour-la-paix-au-sahel-et-en-guinee\/","url":"https:\/\/guineediversite.com\/index.php\/2021\/09\/21\/le-repsfeco-lance-le-projet-de-campagne-regionale-des-organisations-feminines-pour-la-paix-au-sahel-et-en-guinee\/","name":"Le REPSFECO lance le projet de campagne r\u00e9gionale des organisations f\u00e9minines pour la paix au sahel et en Guin\u00e9e | Guin\u00e9e Diversit\u00e9","isPartOf":{"@id":"https:\/\/guineediversite.com\/#website"},"primaryImageOfPage":{"@id":"https:\/\/guineediversite.com\/index.php\/2021\/09\/21\/le-repsfeco-lance-le-projet-de-campagne-regionale-des-organisations-feminines-pour-la-paix-au-sahel-et-en-guinee\/#primaryimage"},"image":{"@id":"https:\/\/guineediversite.com\/index.php\/2021\/09\/21\/le-repsfeco-lance-le-projet-de-campagne-regionale-des-organisations-feminines-pour-la-paix-au-sahel-et-en-guinee\/#primaryimage"},"thumbnailUrl":"https:\/\/guineediversite.com\/wp-content\/uploads\/2021\/09\/WhatsApp-Image-2021-09-21-at-14.23.44.jpeg","datePublished":"2021-09-21T14:33:10+00:00","dateModified":"2021-09-21T15:22:13+00:00","breadcrumb":{"@id":"https:\/\/guineediversite.com\/index.php\/2021\/09\/21\/le-repsfeco-lance-le-projet-de-campagne-regionale-des-organisations-feminines-pour-la-paix-au-sahel-et-en-guinee\/#breadcrumb"},"inLanguage":"fr-FR","potentialAction":[{"@type":"ReadAction","target":["https:\/\/guineediversite.com\/index.php\/2021\/09\/21\/le-repsfeco-lance-le-projet-de-campagne-regionale-des-organisations-feminines-pour-la-paix-au-sahel-et-en-guinee\/"]}]},{"@type":"ImageObject","inLanguage":"fr-FR","@id":"https:\/\/guineediversite.com\/index.php\/2021\/09\/21\/le-repsfeco-lance-le-projet-de-campagne-regionale-des-organisations-feminines-pour-la-paix-au-sahel-et-en-guinee\/#primaryimage","url":"https:\/\/guineediversite.com\/wp-content\/uploads\/2021\/09\/WhatsApp-Image-2021-09-21-at-14.23.44.jpeg","contentUrl":"https:\/\/guineediversite.com\/wp-content\/uploads\/2021\/09\/WhatsApp-Image-2021-09-21-at-14.23.44.jpeg","width":1280,"height":853},{"@type":"BreadcrumbList","@id":"https:\/\/guineediversite.com\/index.php\/2021\/09\/21\/le-repsfeco-lance-le-projet-de-campagne-regionale-des-organisations-feminines-pour-la-paix-au-sahel-et-en-guinee\/#breadcrumb","itemListElement":[{"@type":"ListItem","position":1,"name":"Accueil","item":"https:\/\/guineediversite.com\/"},{"@type":"ListItem","position":2,"name":"Le REPSFECO lance le projet de campagne r\u00e9gionale des organisations f\u00e9minines pour la paix au sahel et en Guin\u00e9e"}]},{"@type":"WebSite","@id":"https:\/\/guineediversite.com\/#website","url":"https:\/\/guineediversite.com\/","name":"Guin\u00e9e Diversit\u00e9","description":"L&#039;Info dans toute sa diversit\u00e9","publisher":{"@id":"https:\/\/guineediversite.com\/#organization"},"potentialAction":[{"@type":"SearchAction","target":{"@type":"EntryPoint","urlTemplate":"https:\/\/guineediversite.com\/?s={search_term_string}"},"query-input":{"@type":"PropertyValueSpecification","valueRequired":true,"valueName":"search_term_string"}}],"inLanguage":"fr-FR"},{"@type":"Organization","@id":"https:\/\/guineediversite.com\/#organization","name":"Guin\u00e9e Diversit\u00e9","url":"https:\/\/guineediversite.com\/","logo":{"@type":"ImageObject","inLanguage":"fr-FR","@id":"https:\/\/guineediversite.com\/#\/schema\/logo\/image\/","url":"https:\/\/guineediversite.com\/wp-content\/uploads\/2017\/04\/cropped-1jojlxEOMkX9Wyqfhe43D6kjPOGqBBKmx3EwWJqZ0cMrFF54yM49.png","contentUrl":"https:\/\/guineediversite.com\/wp-content\/uploads\/2017\/04\/cropped-1jojlxEOMkX9Wyqfhe43D6kjPOGqBBKmx3EwWJqZ0cMrFF54yM49.png","width":186,"height":112,"caption":"Guin\u00e9e Diversit\u00e9"},"image":{"@id":"https:\/\/guineediversite.com\/#\/schema\/logo\/image\/"},"sameAs":["https:\/\/www.facebook.com\/guineediversite\/","https:\/\/x.com\/GuineeDiversite","https:\/\/www.youtube.com\/channel\/UC8sUY16qelG5ge6_D5SB83g"]},{"@type":"Person","@id":"https:\/\/guineediversite.com\/#\/schema\/person\/fa362494c47202ce4b3adf55abcc9d01","name":"Morcire Camara","image":{"@type":"ImageObject","inLanguage":"fr-FR","@id":"https:\/\/guineediversite.com\/#\/schema\/person\/image\/","url":"https:\/\/secure.gravatar.com\/avatar\/3ec324f02295bbcebe03d99b39330ab4?s=96&d=mm&r=g","contentUrl":"https:\/\/secure.gravatar.com\/avatar\/3ec324f02295bbcebe03d99b39330ab4?s=96&d=mm&r=g","caption":"Morcire Camara"},"url":"https:\/\/guineediversite.com\/index.php\/author\/morcire\/"}]}},"_links":{"self":[{"href":"https:\/\/guineediversite.com\/index.php\/wp-json\/wp\/v2\/posts\/31522"}],"collection":[{"href":"https:\/\/guineediversite.com\/index.php\/wp-json\/wp\/v2\/posts"}],"about":[{"href":"https:\/\/guineediversite.com\/index.php\/wp-json\/wp\/v2\/types\/post"}],"author":[{"embeddable":true,"href":"https:\/\/guineediversite.com\/index.php\/wp-json\/wp\/v2\/users\/10"}],"replies":[{"embeddable":true,"href":"https:\/\/guineediversite.com\/index.php\/wp-json\/wp\/v2\/comments?post=31522"}],"version-history":[{"count":2,"href":"https:\/\/guineediversite.com\/index.php\/wp-json\/wp\/v2\/posts\/31522\/revisions"}],"predecessor-version":[{"id":31526,"href":"https:\/\/guineediversite.com\/index.php\/wp-json\/wp\/v2\/posts\/31522\/revisions\/31526"}],"wp:featuredmedia":[{"embeddable":true,"href":"https:\/\/guineediversite.com\/index.php\/wp-json\/wp\/v2\/media\/31523"}],"wp:attachment":[{"href":"https:\/\/guineediversite.com\/index.php\/wp-json\/wp\/v2\/media?parent=31522"}],"wp:term":[{"taxonomy":"category","embeddable":true,"href":"https:\/\/guineediversite.com\/index.php\/wp-json\/wp\/v2\/categories?post=31522"},{"taxonomy":"post_tag","embeddable":true,"href":"https:\/\/guineediversite.com\/index.php\/wp-json\/wp\/v2\/tags?post=31522"}],"curies":[{"name":"wp","href":"https:\/\/api.w.org\/{rel}","templated":true}]}}